{"applied_filters":{"end_date":"","lang":"","language":"","network":"OCB","page":1,"per_page":20,"search":"","source":"","start_date":"","topic":"","type":""},"available_filters":{"language_choices":[{"label":"Choose Language","value":""},{"label":"English","value":"English"},{"label":"Espa\u00f1ol","value":"Espa\u00f1ol"}],"network_choices":[{"label":"All networks","value":""},{"label":"OCB","value":"OCB"}],"source_choices":[{"label":"All sources","value":""},{"label":"Manual Ocb Espanol","value":"manual_ocb_espanol"},{"label":"OCB \u00b7 Caf\u00e9 Digital","value":"ocb_spanish_audio_html_scrape"},{"label":"OCB \u00b7 Liberaci\u00f3n","value":"ocb_spanish_audio_html_scrape_1001"},{"label":"OCB \u00b7 Programas de Radio Nuestra Am\u00e9rica","value":"ocb_spanish_audio_html_scrape_1016"},{"label":"OCB \u00b7 Agenda hemisf\u00e9rica","value":"ocb_spanish_audio_html_scrape_1028"},{"label":"OCB \u00b7 El futuro es ya","value":"ocb_spanish_audio_html_scrape_1056"},{"label":"OCB \u00b7 Foro abierto","value":"ocb_spanish_audio_html_scrape_1061"},{"label":"OCB \u00b7 Nicaragua al d\u00eda","value":"ocb_spanish_audio_html_scrape_1077"},{"label":"OCB \u00b7 La bola nostra","value":"ocb_spanish_audio_html_scrape_1078"},{"label":"OCB \u00b7 Taller de prensa","value":"ocb_spanish_audio_html_scrape_1103"},{"label":"OCB \u00b7 Las noticias como son","value":"ocb_spanish_audio_html_scrape_142"},{"label":"OCB \u00b7 Abriendo Espacios","value":"ocb_spanish_audio_html_scrape_562"},{"label":"OCB \u00b7 Mart\u00ed Noticias A.M.","value":"ocb_spanish_audio_html_scrape_668"},{"label":"OCB Spanish Audio","value":"ocb_spanish_audio_scrape"},{"label":"OCB Spanish Video","value":"ocb_spanish_video_scrape"},{"label":"Radiotelevisionmarti","value":"radiotelevisionmarti_com_direct"},{"label":"Radiotelevisionmarti","value":"radiotelevisionmarti_com_rss"},{"label":"TV Mart\u00ed Noticias YouTube","value":"tv_marti_noticias_youtube_playlists"}],"sources":["manual_ocb_espanol","ocb_spanish_audio_html_scrape","ocb_spanish_audio_html_scrape_1001","ocb_spanish_audio_html_scrape_1016","ocb_spanish_audio_html_scrape_1028","ocb_spanish_audio_html_scrape_1056","ocb_spanish_audio_html_scrape_1061","ocb_spanish_audio_html_scrape_1077","ocb_spanish_audio_html_scrape_1078","ocb_spanish_audio_html_scrape_1103","ocb_spanish_audio_html_scrape_142","ocb_spanish_audio_html_scrape_562","ocb_spanish_audio_html_scrape_668","ocb_spanish_audio_scrape","ocb_spanish_video_scrape","radiotelevisionmarti_com_direct","radiotelevisionmarti_com_rss","tv_marti_noticias_youtube_playlists"],"topics":["Abriendo Espacios","Agenda hemisf\u00e9rica","Am\u00e9rica Latina, VENEZUELA, Maiquetia","Asuntos de Estado","Audiovisuales Mart\u00ed","Audiovisuales Mart\u00ed, Cuba turismo, crisis del turismo en Cuba","Audiovisuales Mart\u00ed, VENEZUELA, apagones","Barrio Adentro","Caf\u00e9 Digital","Como Come Cuba, cuba, Como Come Cuba","Cuba Habla","Cuba Habla, Cuba","Cuba al D\u00eda","Cuba al D\u00eda, Cuba","Cuba en la Memoria","De cara al sol","Derechos Humanos, cuba, exilio, c\u00e1ncer, Ram\u00f3n Sa\u00fal S\u00e1nchez","El futuro es ya","Especiales, Exilio cubano, Freedom tower, \"Libertad\", Torre de la Libertad de Miami, Exilio cubano en Miami","Especiales, jos\u00e9 mart\u00ed, Exilio cubano","Esperando un techo, cuba, crisis, vivienda, derrumbes, techo, paredes, EsperandounTecho","Foro abierto","Hablando claro","Info Mart\u00ed","Info Mart\u00ed , Brigada 2506","Info Mart\u00ed , Cuba","Info Mart\u00ed , Estados Unidos, Colombia","Info Mart\u00ed , Estados Unidos, VENEZUELA","Info Mart\u00ed , estados unidos, Venezuela","Info Mart\u00ed , presos politicos, torturas, VENEZUELA","Kentu-Cubano, cuba, cubanos, Kentucky, migrantes, KentoCubano","La libertad es una librer\u00eda","Las Noticias Como Son, Cuba","Las noticias como son","Lawton Libre","Liberaci\u00f3n","Mart\u00ed Noticias A.M.","Mart\u00ed Noticias AM","Mart\u00ed en el Mundial 2026","Nicaragua al d\u00eda","Noticiero Mart\u00ed Noticias","Noticiero Mart\u00ed Noticias, Cuba","Programas de Radio Nuestra Am\u00e9rica","Radio Mart\u00ed","Ser Madre en cuba, cuba, hambre, r\u00e9gimen, madre, negligencia, Testimonios, Crisis Econ\u00f3mica, madre cubana, Crisis Alimentaria","Ser viejo en Cuba, cuba, cubanos, crisis, alimentos, ancianos, viejos, vejez","Taller de prensa","adri%C3%A1n del sol mi padre est%C3%A1 muy d%C3%A9bil","atienden a mas de 50 personas en santiago de cuba por presunta intoxicacion alimentaria","auge en contagios de dengue en cuba","aumenta a 379 la cifra de desaparecidos por terremoto en colombia hay 285 fallecidos","banco mundial desembolsa millonaria ayuda para afectados por terremoto en colombia","casi 300 fallecidos almenos 4 000 heridos y 140 desaparecidos a 7 dias del terremoto en colombia","cifra de muertos por el terremoto en colombia supera las 200 personas seg%C3%BAn reporte","colombia declara estado de emergencia durante 30 dias por grave calamidad","colombia ingresa formalmente al escudo de las am%C3%A9ricas liderado por washington","convocan marcha pac%C3%ADfica por la libertad de todos los presos pol%C3%ADticos en venezuela","crece reclutamiento de ni%C3%B1os y ni%C3%B1as en colombia por parte de grupos ilegales seg%C3%BAn hrw","creo que el presidente trump ir%C3%A1 a la habana antes de que termine su mandato","eeuu cierra acuerdo petrolero que le dar%C3%A1 importante control de reservas venezolanas","eeuu ecuador y colombia se reunen para acordar lucha contra mafias del narcotr%C3%A1fico","eeuu sostiene operaciones militares junto a ecuador cerca de la frontera con colombia","el papel peri%C3%B3dico de la habana autores sociedad patri%C3%B3tica de la habana y sociedad econ%C3%B3mica de amigos del pa%C3","gobierno de colombia da por terminada conversaciones con otros tres grupos armados ilegales","informe pide mayor presencia militar en cuba","jeffrey bartos en la onu","joven con vih permanece encarcelado tras protesta por apagones en guanabacoa","la bola nostra","la ola de robos a la infraestructura publica y privada agrava la crisis en cuba","la periodista independiente yoanni limonta reporta una protesta frente al gobierno provincial de cienfuegos tras apagones de mas","las farmacias privadas abren en cuba entre criticas por sus altos precios y dudas medicas sobre sus controles","m%C3%A1s hoteles menos hospitales","oea aprueba convocatoria urgente de cancilleres para condenar a la dictadura de nicaragua","padre castor %C3%A1lvarez devesa","rechazo en cuba a los festejos estatales durante el colapso de los servicios basicos","sismo de 7 4 en colombia deja m%C3%A1s de 100 muertos 87 heridos y 61 edificios colapsados","trump asegura que eeuu y venezuela est%C3%A1n haciendo una fortuna con acuerdo petrolero","venezuela todav%C3%ADa no est%C3%A1 preparada para celebrar elecciones reafirma donaldtrump","y solo estamos en verano autora grethel delgado %C3%A1lvarez"],"types":[["","All types"],["article","Articles"],["audio","Audio"],["video","Videos"],["clips","Clips"],["media","Media"]]},"has_next":true,"has_prev":false,"items":[{"article_body_paragraphs":[],"audio_source_url":"https://ocb-audio-ns.akamaized.net/cu/2026/09/04/c9adf8be-0381-4355-7ca4-08def2b1c8fe.mp3","author":null,"available_dubs":[],"downloadable_assets":["https://ocb-audio-ns.akamaized.net/cu/2026/09/04/c9adf8be-0381-4355-7ca4-08def2b1c8fe.mp3"],"duration_display":"0:00","duration_seconds":null,"embed_url":null,"id":14812,"image_caption":null,"image_url":"https://gdb.martinoticias.com/3d4c6dde-23e8-4f4d-0e56-08dd4aae873c_w1200_h630.png","is_clip":false,"is_youtube_embed":false,"item_type":"audio","item_type_label":"Audio","language_label":"Espa\u00f1ol","media_credit":null,"micro_label":"Audio program","micro_label_kind":"audio","network_label":"OCB","network_logo_url":"/static/uploads/direct_network_logos/ocb_0888427dcb1d.svg","published_at":"2026-09-04T01:49:50","published_at_display":"4 Sep 2026, 01:49 GMT","sequence_badge_label":null,"sequence_count":null,"sequence_count_label":null,"sequence_frames":[],"sequence_kind":null,"source_name":"ocb_spanish_audio_scrape","source_name_label":"OCB Spanish Audio","source_type":"scrape","summary":"Un poemario de una gran destreza l\u00edrica, de una de las mayores poetas j\u00f3venes cubanas exiliadas. Una Astart\u00e9, otra, que nunca defrauda.","title":"Y solo estamos en verano. Autora: Grethel Delgado \u00c1lvarez","topic":"y solo estamos en verano autora grethel delgado %C3%A1lvarez","translation_language":"","url":"https://www.martinoticias.com/a/y-solo-estamos-en-verano-autora-grethel-delgado-%C3%A1lvarez/476969.html","video_url":null,"youtube_conversion_active":false,"youtube_conversion_error":"","youtube_conversion_status":""},{"article_body_paragraphs":[],"audio_source_url":"https://ocb-audio-ns.akamaized.net/cu/2026/09/04/20260904-000000-cu004-program.mp3","author":null,"available_dubs":[],"downloadable_assets":["https://ocb-audio-ns.akamaized.net/cu/2026/09/04/20260904-000000-cu004-program.mp3"],"duration_display":"0:00","duration_seconds":null,"embed_url":null,"id":14800,"image_caption":null,"image_url":"https://gdb.martinoticias.com/a960ff74-708e-4671-c10e-08de3cb98067_w1200_h630.png","is_clip":false,"is_youtube_embed":false,"item_type":"audio","item_type_label":"Audio","language_label":"Espa\u00f1ol","media_credit":null,"micro_label":"Audio program","micro_label_kind":"audio","network_label":"OCB","network_logo_url":"/static/uploads/direct_network_logos/ocb_0888427dcb1d.svg","published_at":"2026-09-04T00:00:00","published_at_display":"4 Sep 2026, 00:00 GMT","sequence_badge_label":null,"sequence_count":null,"sequence_count_label":null,"sequence_frames":[],"sequence_kind":null,"source_name":"ocb_spanish_audio_scrape","source_name_label":"OCB Spanish Audio","source_type":"scrape","summary":"Un resumen de las noticias m\u00e1s importantes de Cuba y el mundo.","title":"Noticiero de Radio Mart\u00ed 8:00 PM","topic":"Radio Mart\u00ed","translation_language":"","url":"https://www.martinoticias.com/a/475858.html","video_url":null,"youtube_conversion_active":false,"youtube_conversion_error":"","youtube_conversion_status":""},{"article_body_paragraphs":[],"audio_source_url":null,"author":"Redacci\u00f3n Mart\u00ed Noticias","available_dubs":[],"downloadable_assets":["https://gdb.martinoticias.com/61D72EFF-5ECD-43BA-9B92-9BB2233483EB_cx0_cy9_cw0_w1600_r1_n_s.jpg"],"duration_display":"0:00","duration_seconds":null,"embed_url":null,"id":14774,"image_caption":"ARCHIVO. Los gobernantes de Nicaragua, Daniel Ortega; de Venezuela, Nicol\u00e1s Maduro; de Bolivia, Evo Morales; y de Cuba, Ra\u00fal Castro, en la XIII Cumbre de la Alianza Bolivariana para los Pueblos de Nuestra Am\u00e9rica (ALBA) en La Habana, el 14 de diciembre de 2014.","image_url":"https://gdb.martinoticias.com/61D72EFF-5ECD-43BA-9B92-9BB2233483EB_cx0_cy9_cw0_w1600_r1_n_s.jpg","is_clip":false,"is_youtube_embed":false,"item_type":"article","item_type_label":"Article","language_label":"Espa\u00f1ol","media_credit":"Redacci\u00f3n Mart\u00ed Noticias","micro_label":"Photo","micro_label_kind":"gallery","network_label":"OCB","network_logo_url":"/static/uploads/direct_network_logos/ocb_0888427dcb1d.svg","published_at":"2026-09-03T22:32:01","published_at_display":"3 Sep 2026, 22:32 GMT","sequence_badge_label":null,"sequence_count":null,"sequence_count_label":null,"sequence_frames":[],"sequence_kind":null,"source_name":"radiotelevisionmarti_com_rss","source_name_label":"Radiotelevisionmarti","source_type":"rss","summary":"La subsecretaria de Estado para Diplomacia P\u00fablica y Asuntos P\u00fablicos de Estados Unidos, Sarah B. Rogers, pronunci\u00f3 este jueves una ponencia magistral en el V Encuentro Regional de Foro Madrid, celebrado en el Centro de Eventos San Carlos de Apoquindo, en Santiago de Chile. En la misma jornada intervinieron el presidente de Argentina, Javier Milei; el presidente de Chile, Jos\u00e9 Antonio Kast; y la primera designada presidencial de Honduras, Mar\u00eda Antonieta Mej\u00eda, entre otras autoridades de Iberoam\u00e9rica, Estados Unidos y Europa. El presidente de Argentina, Javier Milei, asiste a la ceremonia de apertura de la V Reuni\u00f3n Regional del Foro de Madrid, en Santiago de Chile, el 3 de septiembre de 2026. REUTERS/Pablo Sanhueza El foro, organizado por la Fundaci\u00f3n Disenso se desarrolla el 3 y 4 de septiembre bajo el lema \u201cUna nueva era para Iberoam\u00e9rica\u201d, re\u00fane a l\u00edderes, parlamentarios y centros de pensamiento en torno a cuatro ejes: democracia y libertad, econom\u00eda y prosperidad, seguridad y Estado de derecho, y defensa de Occidente. Rogers, quien asumi\u00f3 el cargo en octubre de 2025, public\u00f3 al t\u00e9rmino de su intervenci\u00f3n un mensaje en el que enmarc\u00f3 el encuentro en un cambio de \u00e9poca en el hemisferio. \u201cLas naciones del Nuevo Mundo fueron creadas como actos de voluntad dentro de la historia reciente, por fundadores que persiguieron fortuna m\u00e1s all\u00e1 del horizonte y construyeron algo nuevo\u201d, escribi\u00f3. A\u00f1adi\u00f3 que \u201cla peor tentaci\u00f3n pol\u00edtica de nuestro hemisferio ha sido el socialismo: una pol\u00edtica del rencor sembrada por adversarios estatales y no estatales que resiente la soberan\u00eda y el \u00e9xito de los pa\u00edses que funcionan\u201d. Seg\u00fan la funcionaria, los votantes \u201cest\u00e1n rechazando cada vez m\u00e1s esos llamados\u201d y Estados Unidos \u201cse mantiene con nuestros amigos en el hemisferio occidental en honor a nuestras ra\u00edces, valores, libertades y futuro occidentales\u201d. El d\u00eda anterior, en Santiago, Rogers hab\u00eda anticipado que su objetivo era impulsar las prioridades estadounidenses de colaboraci\u00f3n en el hemisferio occidental, en particular \u201cpromover socios seguros, fuertes y pr\u00f3speros\u201d en temas como el narcoterrorismo y la migraci\u00f3n. Tambi\u00e9n sostuvo una audiencia privada con Milei, prevista en la agenda del presidente argentino en Chile. Milei inaugur\u00f3 el encuentro con un discurso de tono confrontacional. Felicit\u00f3 a Kast por su llegada a La Moneda, reivindic\u00f3 el per\u00edodo posterior al derrocamiento de Salvador Allende como una etapa de \u201cestabilidad y crecimiento\u201d y afirm\u00f3 que Chile \u201ccay\u00f3 en la farsa del socialismo del siglo XXI\u201d.","title":"\"La peor tentaci\u00f3n pol\u00edtica de nuestro hemisferio ha sido el socialismo\", denuncia subsecretaria de Estado","topic":null,"translation_language":"","url":"https://www.martinoticias.com/a/la-peor-tentaci%c3%b3n-pol%c3%adtica-de-nuestro-hemisferio-ha-sido-el-socialismo-denuncia-subsecretaria-de-estado/476918.html","video_url":null,"youtube_conversion_active":false,"youtube_conversion_error":"","youtube_conversion_status":""},{"article_body_paragraphs":[],"audio_source_url":"https://ocb-audio-ns.akamaized.net/cu/2026/09/03/20260903-223000-cu004-program_hq.mp3","author":"Regis Iglesias","available_dubs":[],"downloadable_assets":["https://ocb-audio-ns.akamaized.net/cu/2026/09/03/20260903-223000-cu004-program_hq.mp3"],"duration_display":"29:59","duration_seconds":1799.0,"embed_url":null,"id":14787,"image_caption":null,"image_url":"https://gdb.martinoticias.com/096178d6-ac3e-454d-263c-08de274e8135_mw2048_mh2048_n.jpg","is_clip":false,"is_youtube_embed":false,"item_type":"audio","item_type_label":"Audio","language_label":"Espa\u00f1ol","media_credit":"OCB","micro_label":"Audio program","micro_label_kind":"audio","network_label":"OCB","network_logo_url":"/static/uploads/direct_network_logos/ocb_0888427dcb1d.svg","published_at":"2026-09-03T22:30:00","published_at_display":"3 Sep 2026, 22:30 GMT","sequence_badge_label":null,"sequence_count":null,"sequence_count_label":null,"sequence_frames":[],"sequence_kind":null,"source_name":"radiotelevisionmarti_com_direct","source_name_label":"Radiotelevisionmarti","source_type":"direct_api","summary":"Liberaci\u00f3n es un espacio radial con Regis Iglesias, portavoz del Movimiento Cristiano Liberaci\u00f3n, para abordar temas de actualidad y fomentar las voces e iniciativas que buscan transformar positivamente la sociedad cubana.","title":"Liberaci\u00f3n","topic":"Liberaci\u00f3n","translation_language":"","url":"https://ocb-audio-ns.akamaized.net/cu/2026/09/03/20260903-223000-cu004-program_hq.mp3","video_url":null,"youtube_conversion_active":false,"youtube_conversion_error":"","youtube_conversion_status":""},{"article_body_paragraphs":[],"audio_source_url":"https://ocb-audio-ns.akamaized.net/cu/2026/09/03/20260903-223000-cu004-program.mp3","author":null,"available_dubs":[],"downloadable_assets":["https://ocb-audio-ns.akamaized.net/cu/2026/09/03/20260903-223000-cu004-program.mp3"],"duration_display":"0:00","duration_seconds":null,"embed_url":null,"id":14782,"image_caption":null,"image_url":"https://gdb.martinoticias.com/096178d6-ac3e-454d-263c-08de274e8135_w1200_h630.jpg","is_clip":false,"is_youtube_embed":false,"item_type":"audio","item_type_label":"Audio","language_label":"Espa\u00f1ol","media_credit":null,"micro_label":"Audio program","micro_label_kind":"audio","network_label":"OCB","network_logo_url":"/static/uploads/direct_network_logos/ocb_0888427dcb1d.svg","published_at":"2026-09-03T22:30:00","published_at_display":"3 Sep 2026, 22:30 GMT","sequence_badge_label":null,"sequence_count":null,"sequence_count_label":null,"sequence_frames":[],"sequence_kind":null,"source_name":"ocb_spanish_audio_html_scrape_1001","source_name_label":"OCB \u00b7 Liberaci\u00f3n","source_type":"scrape","summary":"Liberaci\u00f3n es un espacio radial con Regis Iglesias, portavoz del Movimiento Cristiano Liberaci\u00f3n, para abordar temas de actualidad y fomentar las voces e iniciativas que buscan transformar positivamente la sociedad cubana.","title":"Liberaci\u00f3n","topic":"Liberaci\u00f3n","translation_language":"","url":"https://www.martinoticias.com/a/475852.html","video_url":null,"youtube_conversion_active":false,"youtube_conversion_error":"","youtube_conversion_status":""},{"article_body_paragraphs":[],"audio_source_url":null,"author":"Ariane Gonz\u00e1lez, Ricardo Espinosa","available_dubs":[],"downloadable_assets":["https://ocb-video-ns.akamaized.net/pangeavideo/2026/09/9/92/92aa98f0-595d-4d46-9681-d02ebdc35a64_1080p.mp4?cb=ee22be19a"],"duration_display":"29:59","duration_seconds":1799.0,"embed_url":null,"id":14760,"image_caption":null,"image_url":"https://gdb.martinoticias.com/92aa98f0-595d-4d46-9681-d02ebdc35a64_tv_w1080_h608.jpg","is_clip":false,"is_youtube_embed":false,"item_type":"video","item_type_label":"Video","language_label":"Espa\u00f1ol","media_credit":"Ariane Gonz\u00e1lez, Ricardo Espinosa","micro_label":"Video report","micro_label_kind":"video","network_label":"OCB","network_logo_url":"/static/uploads/direct_network_logos/ocb_0888427dcb1d.svg","published_at":"2026-09-03T21:46:02","published_at_display":"3 Sep 2026, 21:46 GMT","sequence_badge_label":null,"sequence_count":null,"sequence_count_label":null,"sequence_frames":[],"sequence_kind":null,"source_name":"ocb_spanish_video_scrape","source_name_label":"OCB Spanish Video","source_type":"scrape","summary":"Noticiero de Mart\u00ed Noticias presenta un resumen de las noticias m\u00e1s importantes de Cuba y el mundo.","title":"Noticiero Mart\u00ed Noticias","topic":"Noticiero Mart\u00ed Noticias, Cuba","translation_language":"","url":"https://www.martinoticias.com/a/noticiero-mart%C3%AD-noticias/476889.html","video_url":"https://ocb-video-ns.akamaized.net/pangeavideo/2026/09/9/92/92aa98f0-595d-4d46-9681-d02ebdc35a64_1080p.mp4?cb=ee22be19a","youtube_conversion_active":false,"youtube_conversion_error":"","youtube_conversion_status":""},{"article_body_paragraphs":[],"audio_source_url":"https://ocb-audio-ns.akamaized.net/cu/2026/09/03/20260903-210030-cu004-program.mp3","author":null,"available_dubs":[],"downloadable_assets":["https://ocb-audio-ns.akamaized.net/cu/2026/09/03/20260903-210030-cu004-program.mp3"],"duration_display":"0:00","duration_seconds":null,"embed_url":null,"id":14759,"image_caption":null,"image_url":"https://gdb.martinoticias.com/04370000-0aff-0242-9b67-08daa64028f2_w1200_h630.jpg","is_clip":false,"is_youtube_embed":false,"item_type":"audio","item_type_label":"Audio","language_label":"Espa\u00f1ol","media_credit":null,"micro_label":"Audio program","micro_label_kind":"audio","network_label":"OCB","network_logo_url":"/static/uploads/direct_network_logos/ocb_0888427dcb1d.svg","published_at":"2026-09-03T21:00:30","published_at_display":"3 Sep 2026, 21:00 GMT","sequence_badge_label":null,"sequence_count":null,"sequence_count_label":null,"sequence_frames":[],"sequence_kind":null,"source_name":"ocb_spanish_audio_scrape","source_name_label":"OCB Spanish Audio","source_type":"scrape","summary":"Noticiero Radio Mart\u00ed presenta los hechos que hacen noticia en Cuba y el mundo.","title":"Noticiero de Radio Mart\u00ed 5:00 PM","topic":"Radio Mart\u00ed","translation_language":"","url":"https://www.martinoticias.com/a/475846.html","video_url":null,"youtube_conversion_active":false,"youtube_conversion_error":"","youtube_conversion_status":""},{"article_body_paragraphs":[],"audio_source_url":null,"author":"Jorge Morej\u00f3n","available_dubs":[],"downloadable_assets":["https://gdb.martinoticias.com/01000000-0a00-0242-0f55-08dc01628393_w1600_r1_n_s.jpg"],"duration_display":"0:00","duration_seconds":null,"embed_url":null,"id":14722,"image_caption":"El peso completo cubano Frank S\u00e1nchez buscar\u00e1 la corona mundial de la FIB ante el criata Filip Hrgovic en fecha por determinarse.","image_url":"https://gdb.martinoticias.com/01000000-0a00-0242-0f55-08dc01628393_w1600_r1_n_s.jpg","is_clip":false,"is_youtube_embed":false,"item_type":"article","item_type_label":"Article","language_label":"Espa\u00f1ol","media_credit":"Jorge Morej\u00f3n","micro_label":"Photo","micro_label_kind":"gallery","network_label":"OCB","network_logo_url":"/static/uploads/direct_network_logos/ocb_0888427dcb1d.svg","published_at":"2026-09-03T20:41:01","published_at_display":"3 Sep 2026, 20:41 GMT","sequence_badge_label":null,"sequence_count":null,"sequence_count_label":null,"sequence_frames":[],"sequence_kind":null,"source_name":"radiotelevisionmarti_com_rss","source_name_label":"Radiotelevisionmarti","source_type":"rss","summary":"El boxeador cubano Frank S\u00e1nchez ya sabe qui\u00e9n deber\u00eda ser su pr\u00f3ximo rival. Ahora s\u00f3lo le falta la fecha. S\u00e1nchez, quien busca convertirse en el primer cubano campe\u00f3n mundial del peso supercompleto, se medir\u00e1 al croata Filip Hrgovic por la corona de la Federaci\u00f3n Internacional de Boxeo (FIB). El guantanamero hab\u00eda dado un paso al costado para permitir que Hrgovic y el brit\u00e1nico Moses Itauma pelearan por el cintur\u00f3n que qued\u00f3 vacante en la FIB tras el retiro del ucraniano Oleksandr Usyk, con el compromiso de que el ganador se medir\u00eda de manera obligatoria con \u00e9l. El fin de semana pasado, el croata se impuso por nocaut t\u00e9cnico a Itauma en nueve rounds, luego de que el brit\u00e1nico dominara los primeros asaltos. Pero Hrgovic result\u00f3 ser un muro de piedra, que resisti\u00f3 todos los golpes que su rival le lanz\u00f3, para contraatacar cuando el joven del Reino Unido acus\u00f3 cansancio por la intensidad de la pelea. Ya en el noveno round, Itauma no pod\u00eda levantar sus brazos y los golpes del croata entraban limpiamente a su anatom\u00eda, por el que el referee orden\u00f3 detener las acciones. Con r\u00e9cord de 26 victorias, 19 de ellas por nocaut, y una derrota, el guantanamero de 34 a\u00f1os, apodado The Flash, tendr\u00e1 que apelar a su mejor versi\u00f3n, para derrotar a una mole que ense\u00f1\u00f3 un poder de asimilaci\u00f3n pocas veces visto. S\u00e1nchez, quien se ha labrado un camino dentro de la \u00e9lite de la divisi\u00f3n m\u00e1xima, hab\u00eda ganado el derecho de disputar el cintur\u00f3n de la FIB ante Usyk, tras su \u00faltimo triunfo, el pasado mes de mayo sobre el estadounidense Richard Torrez, en Giza, Egipto. Pero el ucraniano, que pele\u00f3 en el mismo cartel, renunci\u00f3 a las coronas de la FIB, de la Asociaci\u00f3n Mundial de Boxeo (AMB) y el Consejo Mundial de Boxeo (CMB), luego de que se viera en aprietos para imponerse a Rico Verhoeven, de Pa\u00edses Bajos, en el que podr\u00eda haber sido su \u00faltimo combate. Ante su retiro, la FIB determin\u00f3 primero que para cubrir la vacante y orden\u00f3 pelear a Itauma y Hrgovic. S\u00e1nchez acept\u00f3 un acuerdo econ\u00f3mico por una cifra no revelada para ceder temporalmente su oportunidad de pelear por el t\u00edtulo y adem\u00e1s de la compensaci\u00f3n monetaria por dar un paso al lado, el cubano recibi\u00f3 una garant\u00eda de que su pr\u00f3ximo rival ser\u00e1 el que resulte entre Itauma y Hrgovic. Hrgovic tiene la misma edad que el cubano y ostenta r\u00e9cord de 21-1, con 16 KOs. Cuando se determine la fecha del combate, S\u00e1nchez se convertir\u00e1 en el quinto cubano que compita por un cintur\u00f3n en la divisi\u00f3n supercompleta del boxeo profesional. Cuba, que exhibe una larga lista de monarcas en el pugilismo rentado, nunca ha tenido uno en la divisi\u00f3n superpesada. Los cuatro que lo han intentado sin \u00e9xito son Jorge Luis Gonz\u00e1lez, Juan Carlos G\u00f3mez, Odlanier Sol\u00eds y Luis \"King Kong\" Ort\u00edz. Gonz\u00e1lez fue el primero en hacerlo, pero cay\u00f3 ante Riddick Bowe el 17 de junio de 1995. G\u00f3mez, en el 2009, y Sol\u00eds, en el 2011, perdieron ante el ucraniano Vitali Klitchsko por el cintur\u00f3n del CMB. Y \u201cKing Kong\u201d Ortiz tuvo no una, sino dos oportunidades y en ambas fue derrotado por Deontay Wilder, tambi\u00e9n por el t\u00edtulo del CMB en 2018 y 2019.","title":"Frank S\u00e1nchez ya sabe qui\u00e9n ser\u00e1 su pr\u00f3ximo rival; s\u00f3lo le falta la fecha","topic":null,"translation_language":"","url":"https://www.martinoticias.com/a/frank-sanchez-ya-sabe-quien-sere-su-proximo-rival-solo-le-falta-la-fecha/476914.html","video_url":null,"youtube_conversion_active":false,"youtube_conversion_error":"","youtube_conversion_status":""},{"article_body_paragraphs":[],"audio_source_url":null,"author":"Oficina de Pol\u00edticas","available_dubs":[],"downloadable_assets":["https://gdb.martinoticias.com/ee3b09ad-8118-4b11-bc8a-08def2b1d8dc_cx0_cy23_cw0_w1600_r1_n_s.jpg"],"duration_display":"0:00","duration_seconds":null,"embed_url":null,"id":14724,"image_caption":"La recompensa por \"Pel\u00f3n\" es de 25 millones de d\u00f3lares.","image_url":"https://gdb.martinoticias.com/ee3b09ad-8118-4b11-bc8a-08def2b1d8dc_cx0_cy23_cw0_w1600_r1_n_s.jpg","is_clip":false,"is_youtube_embed":false,"item_type":"article","item_type_label":"Article","language_label":"Espa\u00f1ol","media_credit":"Oficina de Pol\u00edticas","micro_label":"Photo","micro_label_kind":"gallery","network_label":"OCB","network_logo_url":"/static/uploads/direct_network_logos/ocb_0888427dcb1d.svg","published_at":"2026-09-03T20:18:41","published_at_display":"3 Sep 2026, 20:18 GMT","sequence_badge_label":null,"sequence_count":null,"sequence_count_label":null,"sequence_frames":[],"sequence_kind":null,"source_name":"radiotelevisionmarti_com_rss","source_name_label":"Radiotelevisionmarti","source_type":"rss","summary":"A continuaci\u00f3n, un aviso de servicio p\u00fablico internacional del Gobierno de los Estados Unidos. El gobierno de los Estados Unidos ofrece una recompensa de hasta 25 millones de d\u00f3lares por informaci\u00f3n sobre el nuevo l\u00edder de una de las organizaciones narcoterroristas m\u00e1s violentas y peligrosas del hemisferio occidental. Juan Carlos Valencia Gonz\u00e1lez, alias \"Pel\u00f3n\", asumi\u00f3 el liderazgo del C\u00e1rtel de Jalisco Nueva Generaci\u00f3n (CJNG) tras la muerte, en febrero de 2026, de su padrastro y fundador del grupo, Nemesio Rub\u00e9n Oseguera Cervantes, alias \"El Mencho\". Nacido en Santa Ana, California, en 1984, este narcoterrorista es ciudadano tanto de Estados Unidos como de M\u00e9xico y utiliza tambi\u00e9n los alias \"El R-3\", \"El JP\", \"Tricky Tres\" y \"O3\". Mide 5 pies y 9 pulgadas (aprox. 1,75 m) y pesa unas 170 libras (aprox. 77 kg). Tiene cabello casta\u00f1o y ojos marrones. El CJNG fue designado recientemente como organizaci\u00f3n terrorista extranjera por la administraci\u00f3n del presidente Donald Trump. El c\u00e1rtel envenena a las comunidades estadounidenses con fentanilo, coca\u00edna, hero\u00edna y metanfetamina il\u00edcitos. \"Son responsables del asesinato de cientos de miles de personas, incluidos ciudadanos estadounidenses\", declar\u00f3 Michael C. Gonzales, subsecretario adjunto de la Oficina de Asuntos Internacionales de Narc\u00f3ticos y Aplicaci\u00f3n de la Ley. La recompensa por \"Pel\u00f3n\" es de 25 millones de d\u00f3lares. El 8 de octubre de 2020, Valencia Gonz\u00e1lez fue acusado ante el Tribunal de Distrito de Estados Unidos para el Distrito de Columbia de conspiraci\u00f3n para distribuir una sustancia controlada con el fin de importarla ilegalmente a Estados Unidos y del uso de un arma de fuego durante una transacci\u00f3n de narc\u00f3ticos. El aumento de la recompensa fue anunciado por la Oficina de Asuntos Internacionales de Narc\u00f3ticos y Aplicaci\u00f3n de la Ley del Departamento de Estado de Estados Unidos, en el marco del Programa de Recompensas por Narc\u00f3ticos (NRP, por sus siglas en ingl\u00e9s). Si tiene informaci\u00f3n, comun\u00edquese con la DEA por tel\u00e9fono al 1-213-237-9990 (mensaje de texto/WhatsApp/Signal/Threema) o por correo electr\u00f3nico a CJNGtips@dea.gov. Si se encuentra fuera de Estados Unidos, comun\u00edquese con la embajada o el consulado de Estados Unidos m\u00e1s cercano. Si se encuentra en Estados Unidos, comun\u00edquese con la oficina local de la DEA en su ciudad. Todas las identidades se mantienen en estricta confidencialidad.","title":"EEUU ofrece 25 millones de d\u00f3lares por informaci\u00f3n sobre \"Pel\u00f3n\", l\u00edder del CJNG","topic":null,"translation_language":"","url":"https://www.martinoticias.com/a/eeuu-ofrece-25-millones-de-d%c3%b3lares-por-informaci%c3%b3n-sobre-pel%c3%b3n-l%c3%adder-del-cjng/476912.html","video_url":null,"youtube_conversion_active":false,"youtube_conversion_error":"","youtube_conversion_status":""},{"article_body_paragraphs":[],"audio_source_url":null,"author":"Jos\u00e9 L Ramos/Amado Gil","available_dubs":[],"downloadable_assets":["https://ocb-video-ns.akamaized.net/pangeavideo/2026/09/7/74/74d8f888-ea36-4707-bc89-08def2b1d8dc_720p.mp4?cb=ee22bc929"],"duration_display":"28:53","duration_seconds":1733.0,"embed_url":null,"id":14702,"image_caption":null,"image_url":"https://gdb.martinoticias.com/74d8f888-ea36-4707-bc89-08def2b1d8dc_tv_w1080_h608.jpg","is_clip":false,"is_youtube_embed":false,"item_type":"video","item_type_label":"Video","language_label":"Espa\u00f1ol","media_credit":"Jos\u00e9 L Ramos/Amado Gil","micro_label":"Video report","micro_label_kind":"video","network_label":"OCB","network_logo_url":"/static/uploads/direct_network_logos/ocb_0888427dcb1d.svg","published_at":"2026-09-03T20:00:21","published_at_display":"3 Sep 2026, 20:00 GMT","sequence_badge_label":null,"sequence_count":null,"sequence_count_label":null,"sequence_frames":[],"sequence_kind":null,"source_name":"ocb_spanish_video_scrape","source_name_label":"OCB Spanish Video","source_type":"scrape","summary":"Amado Gil y Jos\u00e9 Luis Ramos, en tertulia con Jos\u00e9 Daniel Ferrer abordan las p\u00e9simas condiciones y la manipulaci\u00f3n del gobierno cubano con el inicio del curso escolar. Tambi\u00e9n se nos une el periodista Alejandro Tur Valladares con m\u00e1s de la grave crisis econ\u00f3mica de la isla y los robos en aumento.","title":"Las noticias como son","topic":"Las Noticias Como Son, Cuba","translation_language":"","url":"https://www.martinoticias.com/a/las-noticias-como-son/476910.html","video_url":"https://ocb-video-ns.akamaized.net/pangeavideo/2026/09/7/74/74d8f888-ea36-4707-bc89-08def2b1d8dc_720p.mp4?cb=ee22bc929","youtube_conversion_active":false,"youtube_conversion_error":"","youtube_conversion_status":""},{"article_body_paragraphs":[],"audio_source_url":null,"author":"Jos\u00e9 Pernalete","available_dubs":[],"downloadable_assets":["https://ocb-video-ns.akamaized.net/pangeavideo/2026/09/6/6f/6f889c4c-3ced-4861-bc87-08def2b1d8dc_1080p.mp4?cb=ee22bbad4","https://gdb.martinoticias.com/8c54cfa7-518c-4464-5ab1-08decd6ea425_w1600_r1_n_s.jpg"],"duration_display":"0:00","duration_seconds":null,"embed_url":null,"id":14727,"image_caption":"L\u00edder opositora venezolana Mar\u00eda Corina Machado ofreci\u00f3 un mensaje este jueves sobre el acuerdo petrolero. (REUTERS)","image_url":"https://gdb.martinoticias.com/8c54cfa7-518c-4464-5ab1-08decd6ea425_w1600_r1_n_s.jpg","is_clip":true,"is_youtube_embed":false,"item_type":"video","item_type_label":"Video","language_label":"Espa\u00f1ol","media_credit":"Jos\u00e9 Pernalete","micro_label":"Video report","micro_label_kind":"video","network_label":"OCB","network_logo_url":"/static/uploads/direct_network_logos/ocb_0888427dcb1d.svg","published_at":"2026-09-03T19:50:34","published_at_display":"3 Sep 2026, 19:50 GMT","sequence_badge_label":null,"sequence_count":null,"sequence_count_label":null,"sequence_frames":[],"sequence_kind":null,"source_name":"radiotelevisionmarti_com_rss","source_name_label":"Radiotelevisionmarti","source_type":"rss","summary":"Mar\u00eda Corina Machado lanz\u00f3 una dura advertencia tras el anuncio de acuerdos petroleros entre Estados Unidos y Venezuela. La dirigente opositora afirm\u00f3 que \u201clos enemigos de Estados Unidos en Venezuela est\u00e1n hoy en Miraflores\u201d y cuestion\u00f3 la falta de informaci\u00f3n sobre el alcance de los convenios.","title":"Machado advierte: \u201clos enemigos de Estados Unidos est\u00e1n hoy en Miraflores\u201d","topic":null,"translation_language":"","url":"https://www.martinoticias.com/a/machado-exige-transparencia-en-acuerdo-petrolero-y-lanza-advertencia-sobre-miraflores-video/476903.html","video_url":"https://ocb-video-ns.akamaized.net/pangeavideo/2026/09/6/6f/6f889c4c-3ced-4861-bc87-08def2b1d8dc_1080p.mp4?cb=ee22bbad4","youtube_conversion_active":false,"youtube_conversion_error":"","youtube_conversion_status":""},{"article_body_paragraphs":[],"audio_source_url":null,"author":"Jos\u00e9 Pernalete","available_dubs":[],"downloadable_assets":["https://gdb.martinoticias.com/8c54cfa7-518c-4464-5ab1-08decd6ea425_w1600_r1_n_s.jpg"],"duration_display":"0:00","duration_seconds":null,"embed_url":null,"id":14726,"image_caption":"L\u00edder opositora venezolana Mar\u00eda Corina Machado ofreci\u00f3 un mensaje este jueves sobre el acuerdo petrolero. (REUTERS)","image_url":"https://gdb.martinoticias.com/8c54cfa7-518c-4464-5ab1-08decd6ea425_w1600_r1_n_s.jpg","is_clip":false,"is_youtube_embed":false,"item_type":"article","item_type_label":"Article","language_label":"Espa\u00f1ol","media_credit":"Jos\u00e9 Pernalete","micro_label":"Photo","micro_label_kind":"gallery","network_label":"OCB","network_logo_url":"/static/uploads/direct_network_logos/ocb_0888427dcb1d.svg","published_at":"2026-09-03T19:50:34","published_at_display":"3 Sep 2026, 19:50 GMT","sequence_badge_label":null,"sequence_count":null,"sequence_count_label":null,"sequence_frames":[],"sequence_kind":null,"source_name":"radiotelevisionmarti_com_rss","source_name_label":"Radiotelevisionmarti","source_type":"rss","summary":"Mar\u00eda Corina Machado fij\u00f3 posici\u00f3n este jueves sobre los acuerdos petroleros anunciados entre Estados Unidos y el gobierno de Delcy Rodr\u00edguez y lanz\u00f3 una de sus advertencias m\u00e1s directas sobre la relaci\u00f3n que Washington comienza a construir con Caracas en materia energ\u00e9tica. \u201cLos enemigos de los Estados Unidos en Venezuela est\u00e1n hoy en Miraflores\u201d, afirm\u00f3 la dirigente opositora, quien sostuvo que precisamente por esa raz\u00f3n cualquier asociaci\u00f3n entre ambos pa\u00edses debe desarrollarse bajo condiciones que garanticen transparencia, legalidad y estabilidad. \u201cPero precisamente por eso, porque esta asociaci\u00f3n entre Venezuela y Estados Unidos reviste un car\u00e1cter estrat\u00e9gico para ambos pa\u00edses, es que todos necesitamos que las cosas se hagan bien\u201d, se\u00f1al\u00f3 Machado. El presidente de Estados Unidos, Donald Trump, afirm\u00f3 el mi\u00e9rcoles que Venezuela todav\u00eda no est\u00e1 preparada para celebrar elecciones, pero espera que puedan realizarse \u201cpronto\u201d. Una vez m\u00e1s, el mandatario asegur\u00f3 que Washington mantiene una buena relaci\u00f3n con la presidenta interina Delcy Rodr\u00edguez y el actual gobierno venezolano. Machado advierte: \u201clos enemigos de Estados Unidos est\u00e1n hoy en Miraflores\u201d La Premio Nobel de la Paz dej\u00f3 claro que su cuestionamiento no est\u00e1 dirigido contra una alianza energ\u00e9tica entre Venezuela y Estados Unidos. Por el contrario, considera a Washington como el principal socio que necesita el pa\u00eds para desarrollar su potencial estrat\u00e9gico. \u201cEl patrimonio de nuestro suelo no le pertenece a un r\u00e9gimen ileg\u00edtimo, le pertenece al pueblo venezolano. Por supuesto que los Estados Unidos son el socio principal que Venezuela necesita para desarrollar a plenitud su valor estrat\u00e9gico\u201d, afirm\u00f3. A su juicio, cualquier recuperaci\u00f3n energ\u00e9tica debe estar acompa\u00f1ada por el funcionamiento de las cadenas de valor, suficiente generaci\u00f3n el\u00e9ctrica, capacidad operativa en los puertos, seguridad personal y garant\u00edas jur\u00eddicas para las inversiones. La dirigente opositora tambi\u00e9n cuestion\u00f3 la informaci\u00f3n disponible hasta ahora sobre los acuerdos y plante\u00f3 una serie de interrogantes sobre sus condiciones y los beneficios que representar\u00edan para el pa\u00eds. \u201cA\u00fan no se conoce el verdadero alcance de este acuerdo: qui\u00e9n firma, qu\u00e9 es lo que realmente se firma, qui\u00e9n pone el dinero, qui\u00e9n da las garant\u00edas, c\u00f3mo beneficia esto a los venezolanos\u201d, expres\u00f3. Machado asegur\u00f3 que las inversiones de largo plazo solo podr\u00e1n consolidarse con instituciones s\u00f3lidas y reglas claras. \u201cTodo esto requiere trabajar de forma sostenida bajo los principios innegociables de transparencia absoluta, legalidad y eficiencia. Y esto solo es posible con la legitimidad y la estabilidad que ofrece un gobierno serio y democr\u00e1tico\u201d, afirm\u00f3. Washington defiende las inversiones petroleras El gobierno de Estados Unidos, por su parte, ha presentado el acuerdo energ\u00e9tico como parte de una estrategia destinada a recuperar la econom\u00eda venezolana, incrementar sustancialmente la producci\u00f3n petrolera y favorecer las condiciones para una posterior transici\u00f3n democr\u00e1tica. La Casa Blanca ha se\u00f1alado que el proyecto contempla el desarrollo de 17 campos petroleros con aproximadamente 65.000 millones de barriles de reservas probadas y prev\u00e9 inversiones privadas que podr\u00edan alcanzar los 100.000 millones de d\u00f3lares. Washington tambi\u00e9n ha asegurado que existir\u00e1n mecanismos de control y auditor\u00eda sobre el manejo de los recursos vinculados al proyecto. El secretario de Energ\u00eda de Estados Unidos, Chris Wright, quien encabez\u00f3 esta semana una visita a Venezuela y particip\u00f3 en actividades relacionadas con los nuevos convenios energ\u00e9ticos, ha defendido la incorporaci\u00f3n de capital estadounidense e internacional como una v\u00eda para aumentar la producci\u00f3n, generar empleos y producir beneficios econ\u00f3micos tanto para venezolanos como para estadounidenses.","title":"Machado exige transparencia en acuerdo petrolero y lanza advertencia sobre Miraflores (VIDEO)","topic":null,"translation_language":"","url":"https://www.martinoticias.com/a/machado-exige-transparencia-en-acuerdo-petrolero-y-lanza-advertencia-sobre-miraflores-video/476903.html","video_url":null,"youtube_conversion_active":false,"youtube_conversion_error":"","youtube_conversion_status":""},{"article_body_paragraphs":[],"audio_source_url":null,"author":"Yolanda Huerga","available_dubs":[],"downloadable_assets":["https://gdb.martinoticias.com/bdfc1521-e362-4666-b370-4f6c4324b92e_w1600_r1_n_s.jpg"],"duration_display":"0:00","duration_seconds":null,"embed_url":null,"id":14677,"image_caption":"Un empleado atiende a un cliente en una tienda privada de materiales de construcci\u00f3n en La Habana. (Reuters/Alexandre Meneghini/Archivo)","image_url":"https://gdb.martinoticias.com/bdfc1521-e362-4666-b370-4f6c4324b92e_w1600_r1_n_s.jpg","is_clip":false,"is_youtube_embed":false,"item_type":"article","item_type_label":"Article","language_label":"Espa\u00f1ol","media_credit":"Yolanda Huerga","micro_label":"Photo","micro_label_kind":"gallery","network_label":"OCB","network_logo_url":"/static/uploads/direct_network_logos/ocb_0888427dcb1d.svg","published_at":"2026-09-03T19:40:33","published_at_display":"3 Sep 2026, 19:40 GMT","sequence_badge_label":null,"sequence_count":null,"sequence_count_label":null,"sequence_frames":[],"sequence_kind":null,"source_name":"radiotelevisionmarti_com_rss","source_name_label":"Radiotelevisionmarti","source_type":"rss","summary":"El gobierno cubano aprob\u00f3 un nuevo marco legal que permite a los cubanos que viven fuera de la isla ser propietarios de empresas privadas en Cuba. Aunque el decreto-ley 133 de 2026, supone el cambio m\u00e1s radical del tejido empresarial privado de la isla desde que se autorizaron las peque\u00f1as y medianas empresas en 2021, los expertos consultados por Mart\u00ed Noticias coinciden en que, si bien la legislaci\u00f3n elimina algunos escollos operativos se enfrentar\u00e1 a severos obst\u00e1culos pr\u00e1cticos. \u201cAlgo importante de todas estas transformaciones que est\u00e1 habiendo en este momento es que ellas estructuran claramente la naturaleza del bloqueo castrista a la productividad, al provecho, al trabajo mancomunado de la naci\u00f3n por generar riqueza, bienestar y prosperidad\u201d, indic\u00f3 el historiador Boris Gonz\u00e1lez Arenas, desde La Habana. \u201cO sea, cuando t\u00fa ves estas legislaciones que ahora est\u00e1n quitando algunas trabas, dices, \u00bfpero no pod\u00edan los cubanos tener empresas de 100 trabajadores? \u00bfPero no pod\u00edan los cubanos exportar sus beneficios? \u00bfPero no pod\u00edan los cubanos importar las materias primas y los enseres necesarios para producir y darle riqueza al pa\u00eds? pero \u00bfc\u00f3mo los cubanos del exilio, que son millones, que son pr\u00f3speros, que tienen un anhelo, un af\u00e1n de colaborar con su pa\u00eds y con sus familias dentro de Cuba para que prosperen y salgan adelante, no ten\u00edan ning\u00fan derecho a participar de la producci\u00f3n de la naci\u00f3n?, ironiz\u00f3. Gonz\u00e1lez Arenas concluy\u00f3 que el verdadero prop\u00f3sito de la apertura no es empoderar a la ciudadan\u00eda, sino atraer capital extranjero af\u00edn al aparato gubernamental. Al no ir acompa\u00f1adas de un marco institucional independiente, las medidas marginan los derechos econ\u00f3micos fundamentales de los cubanos y mantienen un f\u00e9rreo control administrativo sobre la producci\u00f3n. El economista artemise\u00f1o Germ\u00e1n Gonz\u00e1lez analiz\u00f3 que no hay salvaguardas pol\u00edticas ni contrapesos legales que impidan al Estado revertir las aperturas o confiar en la permanencia de la propiedad privada cuando lo estimen conveniente. \u201cHicieron una apertura en los a\u00f1os 90 y apenas apareci\u00f3 la petrochequera de [Hugo] Ch\u00e1vez, le dieron para atr\u00e1s a todo. Empezaron una t\u00edmida apertura cuando el deshielo de Obama y Obama todav\u00eda estaba despegando de Cuba en su Air Force One, cuando ellos estaban dando para atr\u00e1s a todas las disposiciones\u201d, recalc\u00f3. \u201cAhora no les queda m\u00e1s remedio, pero falta que alguien se atreva a invertir. No hay ninguna posibilidad de que las inversiones sean masivas, ni siquiera las imprescindibles para mantener el pa\u00eds funcionando\u201d. \u201c\u00bfQui\u00e9n invierte en Cuba? \u00bfQui\u00e9n arriesga su dinero en un pa\u00eds que no tiene electricidad, que tiene leyes coercitivas que impiden el libre comercio con Estados Unidos, que tiene una fuerza de trabajo cada vez m\u00e1s escasa y menos preparada porque los que se van son los m\u00e1s aptos?, cuestion\u00f3. Por su parte, el abogado cubano asentado en M\u00e9xico, Raudiel Pe\u00f1a, del centro de asesoramiento Cubalex, explic\u00f3 que las nuevas medidas para invertir en Cuba no funcionar\u00e1n. \u201cLo primero es que no hay plenas garant\u00edas jur\u00eddicas para invertir en Cuba, tanto para cubanos residentes en el exterior como para ciudadanos de otros pa\u00edses. La legislaci\u00f3n cubana sigue sin ajustarse a las mejores pr\u00e1cticas del derecho internacional en materia de inversiones, sigue faltando la necesaria independencia judicial que garantice y proteja los derechos de los inversionistas, sean cubanos o tengan otra ciudadan\u00eda\u201d. \u201cAl mismo tiempo est\u00e1 la cuesti\u00f3n de las garant\u00edas materiales, es decir, las condiciones econ\u00f3micas que existen en Cuba en la actualidad, son desastrosas, falta de servicios p\u00fablicos, apagones, escasez de agua potable, etc\u00e9tera\u201d. El mandatario Miguel D\u00edaz-Canel impuls\u00f3 estas directrices dentro de un plan de reformas que, seg\u00fan ha reiterado, resulta indispensable para preservar el modelo socialista de Cuba, rechazando de forma categ\u00f3rica que dichos cambios se califiquen como capitalistas. La flamante normativa permite tambi\u00e9n a las empresas privadas expandirse a nivel nacional, contratar a m\u00e1s de 100 empleados y comerciar exteriormente con autorizaci\u00f3n ministerial. Sin embargo, la opci\u00f3n de invertir en Cuba genera un fuerte recelo entre los cubanoamericanos debido a las crisis internas del pa\u00eds, marcadas por apagones constantes, devaluaci\u00f3n de la moneda, infraestructuras deficientes, falta de protecci\u00f3n jur\u00eddica, altos impuestos y un estricto control estatal. A esto podr\u00edan sum\u00e1rsele la inclusi\u00f3n de LA Habana en la lista de patrocinadores del terrorismo y el embargo estadounidense. Por otro lado, el r\u00e9gimen cubano mantiene un estricto control pol\u00edtico y excluye en la pr\u00e1ctica a los cubanos residentes en el exterior que antagonizan abiertamente con el sistema comunista. El investigador y m\u00e1ster en Democracia y Buen Gobierno, Jos\u00e9 Manuel Gonz\u00e1lez Rubines, residente en Espa\u00f1a, advirti\u00f3 que cualquier medida de inversi\u00f3n en Cuba choca frontalmente con la falta de garant\u00edas de su propio sistema pol\u00edtico. El experto detalla tres impedimentos insalvables: el irrespeto hist\u00f3rico a la propiedad privada, la inexistencia de un sistema judicial independiente capaz de resolver disputas empresariales, y el alto riesgo de inestabilidad jur\u00eddica, recordando que el r\u00e9gimen ya ha revertido en el pasado pol\u00edticas similares, lo que expone a los inversores al peligro de perder la totalidad de su capital. \u201cNo existe ning\u00fan tipo de estabilidad porque la estrategia pol\u00edtica y la estrategia econ\u00f3mica y la pol\u00edtica econ\u00f3mica est\u00e1n trazadas por un grupo de poder que lo hace a su antojo, que no es auditado por nadie. Tampoco existe un contrapeso parlamentario, ni grupos pol\u00edticos capaces de representar a un empresario. Entonces es un entorno absolutamente dudoso, opaco, corrupto y que adem\u00e1s no ofrece ning\u00fan tipo de garant\u00edas\u201d, subray\u00f3.","title":"Cuba autoriza a emigrados a tener empresas privadas, pero expertos dudan de las garant\u00edas para invertir","topic":null,"translation_language":"","url":"https://www.martinoticias.com/a/cuba-autoriza-a-emigrados-a-tener-empresas-privadas-pero-expertos-dudan-de-las-garant%c3%adas-para-invertir/476904.html","video_url":null,"youtube_conversion_active":false,"youtube_conversion_error":"","youtube_conversion_status":""},{"article_body_paragraphs":[],"audio_source_url":null,"author":"Rolando N\u00e1poles","available_dubs":[],"downloadable_assets":["https://ocb-video-ns.akamaized.net/pangeavideo/2026/09/1/12/12fc9dd0-0005-41ad-6925-08def2ff2efe_1080p.mp4?cb=ee22bc3ce"],"duration_display":"4:00","duration_seconds":240.0,"embed_url":null,"id":14693,"image_caption":null,"image_url":"https://gdb.martinoticias.com/12fc9dd0-0005-41ad-6925-08def2ff2efe_tv_w1080_h608.jpg","is_clip":true,"is_youtube_embed":false,"item_type":"video","item_type_label":"Video","language_label":"Espa\u00f1ol","media_credit":"Rolando N\u00e1poles","micro_label":"Video report","micro_label_kind":"video","network_label":"OCB","network_logo_url":"/static/uploads/direct_network_logos/ocb_0888427dcb1d.svg","published_at":"2026-09-03T19:38:54","published_at_display":"3 Sep 2026, 19:38 GMT","sequence_badge_label":null,"sequence_count":null,"sequence_count_label":null,"sequence_frames":[],"sequence_kind":null,"source_name":"ocb_spanish_video_scrape","source_name_label":"OCB Spanish Video","source_type":"scrape","summary":"Activistas y expertos aseguran en Miami que el fin del r\u00e9gimen es la \u00fanica v\u00eda para terminar con emergencia humanitaria en Cuba","title":"Cambio pol\u00edtico: \u00fanico camino para poner fin a crisis humanitaria en Cuba","topic":"Audiovisuales Mart\u00ed","translation_language":"","url":"https://www.martinoticias.com/a/cambio-pol%C3%ADtico-%C3%BAnico-camino-para-poner-fin-a-crisis-humanitaria-en-cuba/476906.html","video_url":"https://ocb-video-ns.akamaized.net/pangeavideo/2026/09/1/12/12fc9dd0-0005-41ad-6925-08def2ff2efe_1080p.mp4?cb=ee22bc3ce","youtube_conversion_active":false,"youtube_conversion_error":"","youtube_conversion_status":""},{"article_body_paragraphs":[],"audio_source_url":null,"author":"Edgardo Pinell Medina","available_dubs":[],"downloadable_assets":["https://gdb.martinoticias.com/6f648729-5088-492b-a05d-2be07a24df63_w1600_r1_n_s.jpg"],"duration_display":"0:00","duration_seconds":null,"embed_url":null,"id":14679,"image_caption":"Rosario Murillo y Daniel Ortega.","image_url":"https://gdb.martinoticias.com/6f648729-5088-492b-a05d-2be07a24df63_w1600_r1_n_s.jpg","is_clip":false,"is_youtube_embed":false,"item_type":"article","item_type_label":"Article","language_label":"Espa\u00f1ol","media_credit":"Edgardo Pinell Medina","micro_label":"Photo","micro_label_kind":"gallery","network_label":"OCB","network_logo_url":"/static/uploads/direct_network_logos/ocb_0888427dcb1d.svg","published_at":"2026-09-03T19:28:43","published_at_display":"3 Sep 2026, 19:28 GMT","sequence_badge_label":null,"sequence_count":null,"sequence_count_label":null,"sequence_frames":[],"sequence_kind":null,"source_name":"radiotelevisionmarti_com_rss","source_name_label":"Radiotelevisionmarti","source_type":"rss","summary":"La Asamblea Nacional de Nicaragua, bajo control total del sandinismo, aprob\u00f3 el martes una reforma constitucional que excluye a l\u00edderes opositores en el exilio de participar en las elecciones y extiende el mandato presidencial de Daniel Ortega y Rosario Murillo a siete a\u00f1os. \"Aprobadas de forma un\u00e1nime\", dijo el presidente de la Asamblea Nacional, el sandinista Gustavo Porras, tras la votaci\u00f3n general del articulado en una sesi\u00f3n especial celebrada frente a la catedral de Le\u00f3n, ubicada a unos 90 km al noroeste de Managua. El texto aprobado el martes a\u00fan deber\u00e1 ser ratificado en enero de 2027 dado que la ley exige hacerlo en dos per\u00edodos legislativos distintos. En un comunicado, el Departamento de Estado de EE.UU. denomin\u00f3 la reforma constitucional como una \u201cfarsa legislativa de la dictadura de Murillo-Ortega\u201d y se\u00f1al\u00f3 que \u201cla guerra de Murillo y Ortega contra la democracia amenaza la estabilidad y la prosperidad de nuestro hemisferio\u201d. \u201cLa Asamblea Nacional, controlada por Rosario Murillo y Daniel Ortega, socav\u00f3 lo que quedaba de la democracia nicarag\u00fcense, reescribiendo nuevamente la constituci\u00f3n del pa\u00eds para afianzar su dinast\u00eda ileg\u00edtima y privar indefinidamente a los nicarag\u00fcenses de elecciones libres y justas\u201d, se\u00f1al\u00f3 el comunicado. Por su parte, el secretario de Estado Marco Rubio indic\u00f3 en una publicaci\u00f3n en X que \u201cEstados Unidos implementar\u00e1 medidas en la pr\u00f3xima reuni\u00f3n de ministros de Relaciones Exteriores de la OEA para asegurar que nuestro hemisferio deje de hacer negocios como de costumbre con esta dictadura\u201d. Para el analista pol\u00edtico Eliseo N\u00fa\u00f1ez la reforma constitucional impulsada por el r\u00e9gimen sandinista responde a una l\u00f3gica de preservaci\u00f3n del poder: \u201cMi lectura es que Ortega busca consolidar un esquema pol\u00edtico dise\u00f1ado para sobrevivir al actual ciclo internacional y, particularmente, al per\u00edodo de la administraci\u00f3n Trump\u201d. Con respecto a la ampliaci\u00f3n del per\u00edodo presidencial a siete a\u00f1os y redefinir los per\u00edodos institucionales, N\u00fa\u00f1ez se\u00f1al\u00f3 a Mart\u00ed Noticias que \u201chay un c\u00e1lculo pol\u00edtico evidente ya que el r\u00e9gimen busca trabajar sobre hechos consumados\u201d. \u201cSi la comunidad internacional o los actores internos exigen condiciones electorales, la discusi\u00f3n ya no ser\u00eda sobre una elecci\u00f3n inmediata, sino sobre un proceso proyectado hacia 2028. Y si eventualmente se viera obligado a negociar, tendr\u00eda incentivos para prolongar cualquier negociaci\u00f3n el mayor tiempo posible, con la expectativa de que coincida con un cambio en el contexto pol\u00edtico internacional y, eventualmente, con el fin de la actual administraci\u00f3n estadounidense\u201d, explic\u00f3 N\u00fa\u00f1ez. El analista pol\u00edtico consider\u00f3 acertada la caracterizaci\u00f3n de \u201cfarsa legislativa\u201d utilizada por el Departamento de Estado porque \u201cen el fondo\u201d, indic\u00f3, \u201cel problema no es estrictamente jur\u00eddico\u201d. Explic\u00f3 que \u201clo que est\u00e1 ocurriendo en Nicaragua no es simplemente una discusi\u00f3n constitucional. La Constituci\u00f3n ha sido subordinada a un proyecto de permanencia en el poder. La ley dej\u00f3 de ser un l\u00edmite al ejercicio del poder pol\u00edtico y se ha convertido en un instrumento para justificar decisiones previamente tomadas por quienes gobiernan\u201d. Ortega no cuenta con una mayor\u00eda social demostrable Quien tambi\u00e9n fuera diputado nicarag\u00fcense entre los a\u00f1os 2012 y 2016, cuando fue expulsado de la Asamblea Nacional por el r\u00e9gimen sandinista, asegur\u00f3 que \u201cel r\u00e9gimen evita cualquier forma de competencia electoral real porque Ortega sabe que no cuenta con una mayor\u00eda social demostrable en elecciones libres\u201d. De acuerdo con N\u00fa\u00f1ez, \u201cincluso los procesos electorales controlados generan algo que el r\u00e9gimen considera peligroso: debate p\u00fablico, movilizaci\u00f3n ciudadana y circulaci\u00f3n de ideas alternativas. Esos espacios pueden producir fisuras, no solo en la oposici\u00f3n, sino tambi\u00e9n dentro de la propia coalici\u00f3n gobernante\u201d. El exlegislador y analista nicarag\u00fcense ahora en el exilio a\u00f1adi\u00f3 que \u201cOrtega tampoco ha mostrado convicci\u00f3n por el modelo de democracia liberal occidental\u201d y \u201cvarias de las reformas impulsadas desde 2024 reflejan esa aspiraci\u00f3n de sustituir la competencia pol\u00edtica por mecanismos permanentes de control institucional, social y econ\u00f3mico\u201d. Para N\u00fa\u00f1ez, la reforma constitucional en curso, m\u00e1s que una muestra de fuerza es un s\u00edntoma de debilidad porque \u201ccuando un gobierno concentra todo el poder y, aun as\u00ed, teme la competencia electoral, lo que demuestra no es confianza en su legitimidad, sino conciencia de sus propias debilidades\u201d. \u00bfQu\u00e9 alternativas quedan para revertir esta situaci\u00f3n? Seg\u00fan el an\u00e1lisis de N\u00fa\u00f1ez, \u201cmientras la coalici\u00f3n de poder que sostiene al r\u00e9gimen contin\u00fae percibiendo beneficios, la estabilidad del sistema seguir\u00e1 siendo relativamente alta. Por tanto, cualquier estrategia efectiva debe aumentar los costos de sostener al r\u00e9gimen y reducir los beneficios pol\u00edticos, econ\u00f3micos y personales que obtienen quienes lo respaldan\u201d. \u201cEn Nicaragua, a diferencia de Cuba, el r\u00e9gimen descansa sobre un ecosistema mucho m\u00e1s amplio de beneficiarios, intermediarios, operadores econ\u00f3micos y grupos de inter\u00e9s que viven de su cercan\u00eda al poder. No se trata \u00fanicamente del Estado; se trata de una red completa de incentivos construida alrededor del r\u00e9gimen\u201d, anot\u00f3. N\u00fa\u00f1ez subray\u00f3 que \u201cun aumento significativo de la presi\u00f3n econ\u00f3mica y financiera podr\u00eda tener efectos pol\u00edticos distintos a los observados en Cuba. Mientras en la isla muchas veces las sanciones operan como un nuevo apret\u00f3n de tuercas sobre una estructura acostumbrada al aislamiento, en Nicaragua podr\u00edan equivaler a quitarle s\u00fabitamente el aire a una red de intereses cuya viabilidad depende del acceso continuo a recursos, mercados y flujos financieros\u201d. En este sentido, N\u00fa\u00f1ez se\u00f1al\u00f3 que las declaraciones del secretario de Estado, Marco Rubio, \u201cparecen ir m\u00e1s all\u00e1 de la OEA ya que el mensaje es que Nicaragua no debe seguir siendo tratada como un pa\u00eds democr\u00e1tico normal cuando opera como una dictadura cerrada. Eso podr\u00eda traducirse en mayores restricciones pol\u00edticas, comerciales y financieras, as\u00ed como en esfuerzos para reducir los espacios de normalizaci\u00f3n regional del r\u00e9gimen. En ese sentido, mecanismos de integraci\u00f3n como el SICA, el Protocolo de Tegucigalpa y otros instrumentos regionales podr\u00edan convertirse en escenarios de presi\u00f3n m\u00e1s efectivos de lo que han sido hasta ahora\u201d.","title":"Nicaragua aprueba reforma que excluye a opositores; EEUU denuncia \u201cfarsa legislativa\u201d","topic":null,"translation_language":"","url":"https://www.martinoticias.com/a/nicaragua-aprueba-reforma-que-excluye-a-opositores-eeuu-denuncia-farsa-legislativa/476894.html","video_url":null,"youtube_conversion_active":false,"youtube_conversion_error":"","youtube_conversion_status":""},{"article_body_paragraphs":[],"audio_source_url":"https://ocb-audio-ns.akamaized.net/cu/2026/09/03/6441fdbb-b893-4b19-042e-08decd63a0c8.mp3","author":null,"available_dubs":[],"downloadable_assets":["https://ocb-audio-ns.akamaized.net/cu/2026/09/03/6441fdbb-b893-4b19-042e-08decd63a0c8.mp3"],"duration_display":"0:00","duration_seconds":null,"embed_url":null,"id":14692,"image_caption":null,"image_url":"https://gdb.martinoticias.com/f3ee4289-ef79-468e-6924-08def2ff2efe_w1200_h630.jpg","is_clip":false,"is_youtube_embed":false,"item_type":"audio","item_type_label":"Audio","language_label":"Espa\u00f1ol","media_credit":null,"micro_label":"Audio program","micro_label_kind":"audio","network_label":"OCB","network_logo_url":"/static/uploads/direct_network_logos/ocb_0888427dcb1d.svg","published_at":"2026-09-03T19:23:26","published_at_display":"3 Sep 2026, 19:23 GMT","sequence_badge_label":null,"sequence_count":null,"sequence_count_label":null,"sequence_frames":[],"sequence_kind":null,"source_name":"ocb_spanish_audio_html_scrape_142","source_name_label":"OCB \u00b7 Las noticias como son","source_type":"scrape","summary":"Amado Gil y Jos\u00e9 Luis Ramos, en tertulia con Jos\u00e9 Daniel Ferrer abordan las p\u00e9simas condiciones y la manipulaci\u00f3n del gobierno cubano con el inicio del curso escolar. Tambi\u00e9n se nos une el periodista Alejandro Tur Valladares con m\u00e1s de la grave crisis econ\u00f3mica de la isla y los robos en aumento.","title":"Las noticias como son","topic":"Las noticias como son","translation_language":"","url":"https://www.martinoticias.com/a/476905.html","video_url":null,"youtube_conversion_active":false,"youtube_conversion_error":"","youtube_conversion_status":""},{"article_body_paragraphs":[],"audio_source_url":null,"author":"Jos\u00e9 Pernalete","available_dubs":[],"downloadable_assets":["https://ocb-video-ns.akamaized.net/pangeavideo/2026/09/6/6f/6f889c4c-3ced-4861-bc87-08def2b1d8dc_1080p.mp4?cb=ee22bbad4"],"duration_display":"2:49","duration_seconds":169.0,"embed_url":null,"id":14694,"image_caption":null,"image_url":"https://gdb.martinoticias.com/6f889c4c-3ced-4861-bc87-08def2b1d8dc_tv_w1080_h608.jpg","is_clip":true,"is_youtube_embed":false,"item_type":"video","item_type_label":"Video","language_label":"Espa\u00f1ol","media_credit":"Jos\u00e9 Pernalete","micro_label":"Video report","micro_label_kind":"video","network_label":"OCB","network_logo_url":"/static/uploads/direct_network_logos/ocb_0888427dcb1d.svg","published_at":"2026-09-03T19:00:36","published_at_display":"3 Sep 2026, 19:00 GMT","sequence_badge_label":null,"sequence_count":null,"sequence_count_label":null,"sequence_frames":[],"sequence_kind":null,"source_name":"ocb_spanish_video_scrape","source_name_label":"OCB Spanish Video","source_type":"scrape","summary":"Mar\u00eda Corina Machado lanz\u00f3 una dura advertencia tras el anuncio de acuerdos petroleros entre Estados Unidos y Venezuela. La dirigente opositora afirm\u00f3 que \u201clos enemigos de Estados Unidos en Venezuela est\u00e1n hoy en Miraflores\u201d y cuestion\u00f3 la falta de informaci\u00f3n sobre el alcance de los convenios.","title":"Machado advierte: \u201clos enemigos de Estados Unidos est\u00e1n hoy en Miraflores\u201d","topic":"Info Mart\u00ed , Estados Unidos, VENEZUELA","translation_language":"","url":"https://www.martinoticias.com/a/machado-advierte-los-enemigos-de-estados-unidos-est%C3%A1n-hoy-en-miraflores/476902.html","video_url":"https://ocb-video-ns.akamaized.net/pangeavideo/2026/09/6/6f/6f889c4c-3ced-4861-bc87-08def2b1d8dc_1080p.mp4?cb=ee22bbad4","youtube_conversion_active":false,"youtube_conversion_error":"","youtube_conversion_status":""},{"article_body_paragraphs":[],"audio_source_url":"https://ocb-audio-ns.akamaized.net/cu/2026/09/03/8b38548e-fe0c-42d0-7ca0-08def2b1c8fe.mp3","author":null,"available_dubs":[],"downloadable_assets":["https://ocb-audio-ns.akamaized.net/cu/2026/09/03/8b38548e-fe0c-42d0-7ca0-08def2b1c8fe.mp3"],"duration_display":"0:00","duration_seconds":null,"embed_url":null,"id":14655,"image_caption":null,"image_url":"https://gdb.martinoticias.com/f3258f28-d509-4599-a709-51bb67444237_w1200_h630.jpg","is_clip":false,"is_youtube_embed":false,"item_type":"audio","item_type_label":"Audio","language_label":"Espa\u00f1ol","media_credit":null,"micro_label":"Audio program","micro_label_kind":"audio","network_label":"OCB","network_logo_url":"/static/uploads/direct_network_logos/ocb_0888427dcb1d.svg","published_at":"2026-09-03T18:54:18","published_at_display":"3 Sep 2026, 18:54 GMT","sequence_badge_label":null,"sequence_count":null,"sequence_count_label":null,"sequence_frames":[],"sequence_kind":null,"source_name":"ocb_spanish_audio_html_scrape_1016","source_name_label":"OCB \u00b7 Programas de Radio Nuestra Am\u00e9rica","source_type":"scrape","summary":"A un mes de las elecciones presidenciales en Brasil se reduce la ventaja entre Lula y Bolsonaro, en un panorama pol\u00edtico marcado por la polarizaci\u00f3n y recientes esc\u00e1ndalos...La calidad del b\u00e9isbol en manos del r\u00e9gimen cubano no puede ocultar su imparable declive, mientras suben otros mercados.","title":"A un mes de las elecciones en Brasil se reduce ventaja entre Lula y Bolsonaro","topic":"Programas de Radio Nuestra Am\u00e9rica","translation_language":"","url":"https://www.martinoticias.com/a/476900.html","video_url":null,"youtube_conversion_active":false,"youtube_conversion_error":"","youtube_conversion_status":""},{"article_body_paragraphs":[],"audio_source_url":null,"author":"Oficina de Pol\u00edticas","available_dubs":[],"downloadable_assets":["https://gdb.martinoticias.com/e4f78466-6070-48eb-832d-d20c4c2f4993_w1600_r1_n_s.jpg"],"duration_display":"0:00","duration_seconds":null,"embed_url":null,"id":14633,"image_caption":"Familiares de las v\u00edctimas de un ataque perpetrado por una banda armada el 23 de agosto de 2026 sostienen sus fotograf\u00edas durante funeral celebrado en Kenscoff, Hait\u00ed. REUTERS/Patrice Noel","image_url":"https://gdb.martinoticias.com/e4f78466-6070-48eb-832d-d20c4c2f4993_w1600_r1_n_s.jpg","is_clip":false,"is_youtube_embed":false,"item_type":"article","item_type_label":"Article","language_label":"Espa\u00f1ol","media_credit":"Oficina de Pol\u00edticas","micro_label":"Photo","micro_label_kind":"gallery","network_label":"OCB","network_logo_url":"/static/uploads/direct_network_logos/ocb_0888427dcb1d.svg","published_at":"2026-09-03T18:42:57","published_at_display":"3 Sep 2026, 18:42 GMT","sequence_badge_label":null,"sequence_count":null,"sequence_count_label":null,"sequence_frames":[],"sequence_kind":null,"source_name":"radiotelevisionmarti_com_rss","source_name_label":"Radiotelevisionmarti","source_type":"rss","summary":"A continuaci\u00f3n, un editorial que refleja la postura del Gobierno de los Estados Unidos: Al menos 47 personas murieron y m\u00e1s de 50 fueron secuestradas durante un brutal ataque de bandas en Kenscoff, Hait\u00ed, el 23 de agosto. Estados Unidos condena en los t\u00e9rminos m\u00e1s en\u00e9rgicos la salvaje ofensiva de estas bandas terroristas. \"Este ataque, que se produce tras meses de continua violencia letal, es otro recordatorio de la grave situaci\u00f3n de la crisis de seguridad en Hait\u00ed\", declar\u00f3 la embajadora Jennifer Locetta, representante alterna de Estados Unidos para Asuntos Pol\u00edticos Especiales ante las Naciones Unidas. Durante meses, las bandas terroristas han asesinado a civiles, aterrorizado a comunidades, incendiado hogares y destruido familias. Estas bandas han admitido p\u00fablicamente que su objetivo es impedir que los votantes haitianos ejerzan su derecho al voto en futuras elecciones. \"Los terroristas no pueden tomar la democracia como reh\u00e9n para sus propios fines ego\u00edstas y violentos\", declar\u00f3 la embajadora Locetta. \"No pueden sembrar el terror a punta de fusil y desde la comodidad de los puestos de peaje, mientras privan a Hait\u00ed de su futuro\". \"Debemos proteger a los civiles frente a estos actos atroces\". Estados Unidos respalda a las autoridades haitianas que buscan hacer rendir cuentas a los responsables, poner fin a la impunidad de las bandas, restaurar la autoridad del Estado y permitir que el pueblo haitiano elija por s\u00ed mismo a sus l\u00edderes gubernamentales. Estados Unidos mantiene su compromiso de apoyar los esfuerzos de seguridad liderados por Hait\u00ed para acabar con el terror impuesto por las bandas. \"Este ataque es precisamente la raz\u00f3n por la que la misi\u00f3n y el mandato de la Fuerza de Supresi\u00f3n de Bandas (GSF, por sus siglas en ingl\u00e9s), autorizada por la ONU, son tan importantes\", dijo la embajadora Locetta. \"La GSF no se cre\u00f3 para emitir declaraciones desde el interior de un recinto amurallado ni para gastar nuestro dinero mientras Hait\u00ed sufre. Con la ayuda de este Consejo [de Seguridad] y de tantos otros pa\u00edses donantes, se trata de un nuevo tipo de misi\u00f3n, una misi\u00f3n con el mandato de detener realmente a los delincuentes y poner fin al derramamiento de sangre\". Deben limpiar las calles, neutralizar la amenaza y devolver Hait\u00ed a su pueblo\", inst\u00f3 la embajadora Locetta. \"Los Estados miembros de la ONU pueden apoyar esta importante labor de estabilizaci\u00f3n regional facilitando el despliegue \u2014lo antes posible\u2014 de las tropas y fuerzas policiales que los pa\u00edses aportan a la Fuerza de Apoyo a la Seguridad (GSF, por sus siglas en ingl\u00e9s), as\u00ed como contribuyendo al Fondo Fiduciario de la ONU para dicha fuerza\". La embajadora Locetta alent\u00f3 a los Estados miembros a aportar el equipo, los recursos y la voluntad pol\u00edtica tan necesarios para culminar la tarea. \"No podemos lograr la estabilidad \u00fanicamente mediante fuerzas de seguridad\u00bb, advirti\u00f3 la embajadora Locetta. \"Debemos romper este ciclo de violencia combinando v\u00edas de salida cre\u00edbles con oportunidades reales impulsadas por una gobernanza responsable\". \"Hacemos un llamamiento a la comunidad internacional para que ayude a Hait\u00ed a consolidar la paz a largo plazo\", declar\u00f3 la embajadora Locetta. \"Mediante inversiones muy necesarias en capital, infraestructura y creaci\u00f3n de empleo, podemos ofrecer oportunidades a la pr\u00f3xima generaci\u00f3n de l\u00edderes haitianos y brindar alternativas a la senda mortal de la violencia de las pandillas\". Estados Unidos respalda a Hait\u00ed y seguir\u00e1 colaborando con los haitianos y con sus socios internacionales para poner fin a esta crisis y restablecer la estabilidad del pa\u00eds.","title":"Los haitianos merecen la paz y seguridad","topic":null,"translation_language":"","url":"https://www.martinoticias.com/a/los-haitianos-merecen-la-paz-y-seguridad/476901.html","video_url":null,"youtube_conversion_active":false,"youtube_conversion_error":"","youtube_conversion_status":""},{"article_body_paragraphs":[],"audio_source_url":"https://ocb-audio-ns.akamaized.net/cu/2026/09/03/55875a21-2263-47b2-6923-08def2ff2efe_hq.mp3","author":"Ariane Gonz\u00e1lez","available_dubs":[],"downloadable_assets":["https://ocb-audio-ns.akamaized.net/cu/2026/09/03/55875a21-2263-47b2-6923-08def2ff2efe_hq.mp3","https://gdb.martinoticias.com/669a7819-8cdc-4bf2-042c-08decd63a0c8_cx0_cy14_cw0_w1600_r1_n_s.jpeg"],"duration_display":"0:50","duration_seconds":50.0,"embed_url":null,"id":14636,"image_caption":"Sady R. Companioni, residente en Lawton.","image_url":"https://gdb.martinoticias.com/669a7819-8cdc-4bf2-042c-08decd63a0c8_cx0_cy14_cw0_w1600_r1_n_s.jpeg","is_clip":false,"is_youtube_embed":false,"item_type":"audio","item_type_label":"Audio","language_label":"Espa\u00f1ol","media_credit":"Ariane Gonz\u00e1lez","micro_label":"Audio program","micro_label_kind":"audio","network_label":"OCB","network_logo_url":"/static/uploads/direct_network_logos/ocb_0888427dcb1d.svg","published_at":"2026-09-03T18:25:41","published_at_display":"3 Sep 2026, 18:25 GMT","sequence_badge_label":null,"sequence_count":null,"sequence_count_label":null,"sequence_frames":[],"sequence_kind":null,"source_name":"radiotelevisionmarti_com_rss","source_name_label":"Radiotelevisionmarti","source_type":"rss","summary":"Tras permanecer detenida desde finales de agosto, Sady Reynaldo Companioni fue liberada el mi\u00e9rcoles bajo la medida de obligaci\u00f3n contra\u00edda en acta. La residente de Lawton explic\u00f3 a Mart\u00ed Noticias las condiciones impuestas por las autoridades y agradeci\u00f3 el respaldo recibido durante su arresto.","title":"Sady Reynaldo Companioni regresa a casa tras permanecer detenida desde el 28 de agosto","topic":null,"translation_language":"","url":"https://www.martinoticias.com/a/liberan-bajo-restricciones-a-madre-cubana-detenida-por-denunciar-la-falta-de-agua/476893.html","video_url":null,"youtube_conversion_active":false,"youtube_conversion_error":"","youtube_conversion_status":""}],"next_num":2,"page":1,"pages":28,"per_page":20,"prev_num":null,"total":548}
