{"applied_filters":{"end_date":"","lang":"","language":"","network":"Mart\u00ed Noticias","page":1,"per_page":20,"search":"","source":"","start_date":"","topic":"","type":""},"available_filters":{"language_choices":[{"label":"Choose Language","value":""},{"label":"English","value":"English"},{"label":"Espa\u00f1ol","value":"Espa\u00f1ol"}],"network_choices":[{"label":"All networks","value":""},{"label":"Mart\u00ed Noticias","value":"Mart\u00ed Noticias"}],"source_choices":[{"label":"All sources","value":""},{"label":"Manual Ocb Espanol","value":"manual_ocb_espanol"},{"label":"Mart\u00ed Noticias \u00b7 Caf\u00e9 Digital","value":"ocb_spanish_audio_html_scrape"},{"label":"Mart\u00ed Noticias \u00b7 Liberaci\u00f3n","value":"ocb_spanish_audio_html_scrape_1001"},{"label":"Mart\u00ed Noticias \u00b7 Programas de Radio Nuestra Am\u00e9rica","value":"ocb_spanish_audio_html_scrape_1016"},{"label":"Mart\u00ed Noticias \u00b7 Agenda hemisf\u00e9rica","value":"ocb_spanish_audio_html_scrape_1028"},{"label":"Mart\u00ed Noticias \u00b7 El futuro es ya","value":"ocb_spanish_audio_html_scrape_1056"},{"label":"Mart\u00ed Noticias \u00b7 Foro abierto","value":"ocb_spanish_audio_html_scrape_1061"},{"label":"Mart\u00ed Noticias \u00b7 Nicaragua al d\u00eda","value":"ocb_spanish_audio_html_scrape_1077"},{"label":"Mart\u00ed Noticias \u00b7 La bola nostra","value":"ocb_spanish_audio_html_scrape_1078"},{"label":"Mart\u00ed Noticias \u00b7 Taller de prensa","value":"ocb_spanish_audio_html_scrape_1103"},{"label":"Mart\u00ed Noticias \u00b7 Las noticias como son","value":"ocb_spanish_audio_html_scrape_142"},{"label":"Mart\u00ed Noticias \u00b7 Abriendo Espacios","value":"ocb_spanish_audio_html_scrape_562"},{"label":"Mart\u00ed Noticias \u00b7 Mart\u00ed Noticias A.M.","value":"ocb_spanish_audio_html_scrape_668"},{"label":"Mart\u00ed Noticias Audio","value":"ocb_spanish_audio_scrape"},{"label":"Mart\u00ed Noticias Video","value":"ocb_spanish_video_scrape"},{"label":"Mart\u00ed Noticias Direct","value":"radiotelevisionmarti_com_direct"},{"label":"Mart\u00ed Noticias RSS","value":"radiotelevisionmarti_com_rss"},{"label":"TV Mart\u00ed Noticias YouTube","value":"tv_marti_noticias_youtube_playlists"}],"sources":["manual_ocb_espanol","ocb_spanish_audio_html_scrape","ocb_spanish_audio_html_scrape_1001","ocb_spanish_audio_html_scrape_1016","ocb_spanish_audio_html_scrape_1028","ocb_spanish_audio_html_scrape_1056","ocb_spanish_audio_html_scrape_1061","ocb_spanish_audio_html_scrape_1077","ocb_spanish_audio_html_scrape_1078","ocb_spanish_audio_html_scrape_1103","ocb_spanish_audio_html_scrape_142","ocb_spanish_audio_html_scrape_562","ocb_spanish_audio_html_scrape_668","ocb_spanish_audio_scrape","ocb_spanish_video_scrape","radiotelevisionmarti_com_direct","radiotelevisionmarti_com_rss","tv_marti_noticias_youtube_playlists"],"topics":["Abriendo Espacios","Agenda hemisf\u00e9rica","Am\u00e9rica Latina, VENEZUELA, Maiquetia","Asuntos de Estado","Audiovisuales Mart\u00ed","Audiovisuales Mart\u00ed, Cuba turismo, crisis del turismo en Cuba","Audiovisuales Mart\u00ed, VENEZUELA, apagones","Barrio Adentro","Caf\u00e9 Digital","Como Come Cuba, cuba, Como Come Cuba","Cuba Habla","Cuba Habla, Cuba","Cuba al D\u00eda","Cuba al D\u00eda, Cuba","Cuba en la Memoria","De cara al sol","Derechos Humanos, cuba, exilio, c\u00e1ncer, Ram\u00f3n Sa\u00fal S\u00e1nchez","El futuro es ya","Especiales, Exilio cubano, Freedom tower, \"Libertad\", Torre de la Libertad de Miami, Exilio cubano en Miami","Especiales, jos\u00e9 mart\u00ed, Exilio cubano","Esperando un techo, cuba, crisis, vivienda, derrumbes, techo, paredes, EsperandounTecho","Foro abierto","Hablando claro","Info Mart\u00ed","Info Mart\u00ed , Brigada 2506","Info Mart\u00ed , Cuba","Info Mart\u00ed , Estados Unidos, Colombia","Info Mart\u00ed , Estados Unidos, VENEZUELA","Info Mart\u00ed , estados unidos, Venezuela","Info Mart\u00ed , presos politicos, torturas, VENEZUELA","Kentu-Cubano, cuba, cubanos, Kentucky, migrantes, KentoCubano","La libertad es una librer\u00eda","Las Noticias Como Son, Cuba","Las noticias como son","Lawton Libre","Liberaci\u00f3n","Mart\u00ed Noticias A.M.","Mart\u00ed Noticias AM","Mart\u00ed en el Mundial 2026","Nicaragua al d\u00eda","Noticiero Mart\u00ed Noticias","Noticiero Mart\u00ed Noticias, Cuba","Programas de Radio Nuestra Am\u00e9rica","Radio Mart\u00ed","Ser Madre en cuba, cuba, hambre, r\u00e9gimen, madre, negligencia, Testimonios, Crisis Econ\u00f3mica, madre cubana, Crisis Alimentaria","Ser viejo en Cuba, cuba, cubanos, crisis, alimentos, ancianos, viejos, vejez","Taller de prensa","adri%C3%A1n del sol mi padre est%C3%A1 muy d%C3%A9bil","atienden a mas de 50 personas en santiago de cuba por presunta intoxicacion alimentaria","auge en contagios de dengue en cuba","aumenta a 379 la cifra de desaparecidos por terremoto en colombia hay 285 fallecidos","banco mundial desembolsa millonaria ayuda para afectados por terremoto en colombia","brote de enfermedades diarreicas se extiende en cuba","casi 300 fallecidos almenos 4 000 heridos y 140 desaparecidos a 7 dias del terremoto en colombia","cifra de muertos por el terremoto en colombia supera las 200 personas seg%C3%BAn reporte","colombia declara estado de emergencia durante 30 dias por grave calamidad","colombia ingresa formalmente al escudo de las am%C3%A9ricas liderado por washington","convocan marcha pac%C3%ADfica por la libertad de todos los presos pol%C3%ADticos en venezuela","crece reclutamiento de ni%C3%B1os y ni%C3%B1as en colombia por parte de grupos ilegales seg%C3%BAn hrw","creo que el presidente trump ir%C3%A1 a la habana antes de que termine su mandato","eeuu cierra acuerdo petrolero que le dar%C3%A1 importante control de reservas venezolanas","eeuu ecuador y colombia se reunen para acordar lucha contra mafias del narcotr%C3%A1fico","eeuu sostiene operaciones militares junto a ecuador cerca de la frontera con colombia","el papel peri%C3%B3dico de la habana autores sociedad patri%C3%B3tica de la habana y sociedad econ%C3%B3mica de amigos del pa%C3","el socialismo es la peor tentaci%C3%B3n pol%C3%ADtica de nuestro hemisferio sara b rogers","gobierno de colombia da por terminada conversaciones con otros tres grupos armados ilegales","informe pide mayor presencia militar en cuba","jeffrey bartos en la onu","joven con vih permanece encarcelado tras protesta por apagones en guanabacoa","la bola nostra","la ola de robos a la infraestructura publica y privada agrava la crisis en cuba","la periodista independiente yoanni limonta reporta una protesta frente al gobierno provincial de cienfuegos tras apagones de mas","las farmacias privadas abren en cuba entre criticas por sus altos precios y dudas medicas sobre sus controles","m%C3%A1s hoteles menos hospitales","oea aprueba convocatoria urgente de cancilleres para condenar a la dictadura de nicaragua","padre castor %C3%A1lvarez devesa","rechazo en cuba a los festejos estatales durante el colapso de los servicios basicos","sismo de 7 4 en colombia deja m%C3%A1s de 100 muertos 87 heridos y 61 edificios colapsados","trump asegura que eeuu y venezuela est%C3%A1n haciendo una fortuna con acuerdo petrolero","venezuela todav%C3%ADa no est%C3%A1 preparada para celebrar elecciones reafirma donaldtrump","y solo estamos en verano autora grethel delgado %C3%A1lvarez"],"types":[["","All types"],["article","Articles"],["audio","Audio"],["video","Videos"],["clips","Clips"],["media","Media"]]},"has_next":true,"has_prev":false,"items":[{"article_body_paragraphs":[],"audio_source_url":"https://ocb-audio-ns.akamaized.net/cu/2026/09/05/20260905-000000-cu004-program.mp3","author":null,"available_dubs":[],"downloadable_assets":["https://ocb-audio-ns.akamaized.net/cu/2026/09/05/20260905-000000-cu004-program.mp3"],"duration_display":"29:59","duration_seconds":1799.0,"embed_url":null,"id":15730,"image_caption":null,"image_url":"https://gdb.martinoticias.com/a960ff74-708e-4671-c10e-08de3cb98067_w1200_h630.png","is_clip":false,"is_youtube_embed":false,"item_type":"audio","item_type_label":"Audio","language_label":"Espa\u00f1ol","media_credit":null,"micro_label":"Audio program","micro_label_kind":"audio","network_label":"Mart\u00ed Noticias","network_logo_url":"/static/uploads/direct_network_logos/ocb_0888427dcb1d.svg","published_at":"2026-09-05T00:00:00","published_at_display":"5 Sep 2026, 00:00 GMT","sequence_badge_label":null,"sequence_count":null,"sequence_count_label":null,"sequence_frames":[],"sequence_kind":null,"source_name":"ocb_spanish_audio_scrape","source_name_label":"Mart\u00ed Noticias Audio","source_type":"scrape","summary":"Un resumen de las noticias m\u00e1s importantes de Cuba y el mundo.","title":"Noticiero de Radio Mart\u00ed 8:00 PM","topic":"Radio Mart\u00ed","translation_language":"","url":"https://www.martinoticias.com/a/475942.html","video_url":null,"youtube_conversion_active":false,"youtube_conversion_error":"","youtube_conversion_status":""},{"article_body_paragraphs":[],"audio_source_url":null,"author":"Jany Gonz\u00e1lez","available_dubs":[],"downloadable_assets":["https://ocb-video-ns.akamaized.net/pangeavideo/2026/09/7/7c/7c6ab94a-1786-4e71-7cac-08def2b1c8fe_1080p.mp4?cb=ee22d36ff"],"duration_display":"5:10","duration_seconds":310.0,"embed_url":null,"id":15700,"image_caption":null,"image_url":"https://gdb.martinoticias.com/7c6ab94a-1786-4e71-7cac-08def2b1c8fe_tv_w1080_h608.jpg","is_clip":false,"is_youtube_embed":false,"item_type":"video","item_type_label":"Video","language_label":"Espa\u00f1ol","media_credit":"Jany Gonz\u00e1lez","micro_label":"Video report","micro_label_kind":"video","network_label":"Mart\u00ed Noticias","network_logo_url":"/static/uploads/direct_network_logos/ocb_0888427dcb1d.svg","published_at":"2026-09-04T22:02:39","published_at_display":"4 Sep 2026, 22:02 GMT","sequence_badge_label":null,"sequence_count":null,"sequence_count_label":null,"sequence_frames":[],"sequence_kind":null,"source_name":"ocb_spanish_video_scrape","source_name_label":"Mart\u00ed Noticias Video","source_type":"scrape","summary":"Tres espacios de la Oficina de Transmisiones a Cuba llevar\u00e1n los nombres de Enrique Ros, Pedro Roig y la Brigada 2506, en reconocimiento a sus aportes a la historia del exilio y a la lucha por la libertad de Cuba. Un homenaje para preservar su legado y transmitirlo a las nuevas generaciones.","title":"OCB rinde homenaje a Enrique Ros, Pedro Roig y la Brigada 2506","topic":"Info Mart\u00ed","translation_language":"","url":"https://www.martinoticias.com/a/ocb-rinde-homenaje-a-enrique-ros-pedro-roig-y-la-brigada-2506/476997.html","video_url":"https://ocb-video-ns.akamaized.net/pangeavideo/2026/09/7/7c/7c6ab94a-1786-4e71-7cac-08def2b1c8fe_1080p.mp4?cb=ee22d36ff","youtube_conversion_active":false,"youtube_conversion_error":"","youtube_conversion_status":""},{"article_body_paragraphs":[],"audio_source_url":"https://ocb-audio-ns.akamaized.net/cu/2026/09/04/9f8ce40b-fa00-4bd4-cffc-08decd5b38e4_hq.mp3","author":"Ivette Pacheco","available_dubs":[],"downloadable_assets":["https://ocb-audio-ns.akamaized.net/cu/2026/09/04/9f8ce40b-fa00-4bd4-cffc-08decd5b38e4_hq.mp3","https://gdb.martinoticias.com/fc316f43-cb89-42f0-8087-6fffee2eecdd_w1600_r1_n_s.jpg"],"duration_display":"2:59","duration_seconds":179.0,"embed_url":null,"id":15677,"image_caption":"Residentes en Matanzas cargando agua","image_url":"https://gdb.martinoticias.com/fc316f43-cb89-42f0-8087-6fffee2eecdd_w1600_r1_n_s.jpg","is_clip":false,"is_youtube_embed":false,"item_type":"audio","item_type_label":"Audio","language_label":"Espa\u00f1ol","media_credit":"Ivette Pacheco","micro_label":"Audio program","micro_label_kind":"audio","network_label":"Mart\u00ed Noticias","network_logo_url":"/static/uploads/direct_network_logos/ocb_0888427dcb1d.svg","published_at":"2026-09-04T21:38:48","published_at_display":"4 Sep 2026, 21:38 GMT","sequence_badge_label":null,"sequence_count":null,"sequence_count_label":null,"sequence_frames":[],"sequence_kind":null,"source_name":"radiotelevisionmarti_com_rss","source_name_label":"Mart\u00ed Noticias RSS","source_type":"rss","summary":"Cubanos confirman la extensi\u00f3n de brotes diarreicos en la isla sin acceso a atenci\u00f3n m\u00e9dica ni hidrataci\u00f3n adecuada.","title":"Brote de enfermedades diarreicas se extiende en Cuba","topic":null,"translation_language":"","url":"https://www.martinoticias.com/a/cuba-enfrenta-brote-de-enfermedades-gastrointestinales-agravado-por-la-calidad-del-agua-y-los-apagones/476993.html","video_url":null,"youtube_conversion_active":false,"youtube_conversion_error":"","youtube_conversion_status":""},{"article_body_paragraphs":[],"audio_source_url":null,"author":"Ivette Pacheco","available_dubs":[],"downloadable_assets":["https://gdb.martinoticias.com/fc316f43-cb89-42f0-8087-6fffee2eecdd_w1600_r1_n_s.jpg"],"duration_display":"0:00","duration_seconds":null,"embed_url":null,"id":15676,"image_caption":"Residentes en Matanzas cargando agua","image_url":"https://gdb.martinoticias.com/fc316f43-cb89-42f0-8087-6fffee2eecdd_w1600_r1_n_s.jpg","is_clip":false,"is_youtube_embed":false,"item_type":"article","item_type_label":"Article","language_label":"Espa\u00f1ol","media_credit":"Ivette Pacheco","micro_label":"Photo","micro_label_kind":"gallery","network_label":"Mart\u00ed Noticias","network_logo_url":"/static/uploads/direct_network_logos/ocb_0888427dcb1d.svg","published_at":"2026-09-04T21:38:48","published_at_display":"4 Sep 2026, 21:38 GMT","sequence_badge_label":null,"sequence_count":null,"sequence_count_label":null,"sequence_frames":[],"sequence_kind":null,"source_name":"radiotelevisionmarti_com_rss","source_name_label":"Mart\u00ed Noticias RSS","source_type":"rss","summary":"Un brote de infecciones gastrointestinales caracterizado por severos episodios de diarreas, v\u00f3mitos y deshidrataci\u00f3n afecta a residentes de varias provincias en Cuba, en medio de la escasez de medicamentos y deficiencias en la atenci\u00f3n m\u00e9dica. Griselda Pantoja, vecina del barrio La G\u00fcinera en La Habana, explic\u00f3 que la situaci\u00f3n es \"p\u00e9sima\" y que tras llegar deshidratada a un centro de salud solo le pudieron administrar \"un suero y otro medicamento oral\", por lo que en su hogar han recurrido a infusiones de hierbas y f\u00e1rmacos importados. \"Te da diarrea, v\u00f3mitos, dolor de cabeza y te quita el apetito\", detall\u00f3 Pantoja, a\u00f1adiendo que \"sin luz no se puede hervir agua\" y tampoco disponen de pastillas para clorarla. La Embajada de Estados Unidos en Cuba emiti\u00f3 este viernes una alerta sanitaria por el aumento significativo de estas enfermedades en la isla. La sede diplom\u00e1tica atribuy\u00f3 la problem\u00e1tica al deterioro de las infraestructuras h\u00eddrica y energ\u00e9tica, lo que impacta la calidad del agua y la conservaci\u00f3n de alimentos tras detectarse agentes pat\u00f3genos como Escherichia coli, norovirus y Shigella. La contaminaci\u00f3n del suministro figura como el detonante principal seg\u00fan testimonios recopilados por Mart\u00ed Noticias. En Centro Habana, una residente que solicit\u00f3 el anonimato indic\u00f3 que el servicio llega con un fuerte olor a amon\u00edaco por mezclarse con aguas alba\u00f1ales, cuadro agravado por la acumulaci\u00f3n de basureros y la proliferaci\u00f3n de roedores. \"El virus este de la diarrea y los v\u00f3mitos est\u00e1 nivel Dios\", afirm\u00f3 la entrevistada, quien denunci\u00f3 adem\u00e1s la desprotecci\u00f3n de los adultos mayores: \"Una vecina m\u00eda falleci\u00f3 sola en su casa, ni un trabajador social existe ya en este pa\u00eds, ni un m\u00e9dico de la familia\". El brote se extiende al resto de las provincias y abarca otras patolog\u00edas. En Media Luna, Granma, el activista Yurisnel Domenech relat\u00f3 que el agua tan llega \"negra\", lo que ha provocado malestares estomacales a quienes no la hierven. Desde el reparto Mantilla, en Arroyo Naranjo, el activista Osmany Poveda denunci\u00f3 que a los casos diarreicos se suman reportes de dengue y hepatitis, alertando sobre las p\u00e9simas condiciones en los edificios de su localidad. \"Hay tremenda cantidad de brotes... hay personas con 80 a\u00f1os, ni\u00f1os que est\u00e1n tomando el agua en extremadamente malas condiciones\", agreg\u00f3.","title":"Cuba enfrenta brote de enfermedades gastrointestinales agravado por la calidad del agua y los apagones","topic":null,"translation_language":"","url":"https://www.martinoticias.com/a/cuba-enfrenta-brote-de-enfermedades-gastrointestinales-agravado-por-la-calidad-del-agua-y-los-apagones/476993.html","video_url":null,"youtube_conversion_active":false,"youtube_conversion_error":"","youtube_conversion_status":""},{"article_body_paragraphs":[],"audio_source_url":"https://ocb-audio-ns.akamaized.net/cu/2026/09/04/20260904-210030-cu004-program.mp3","author":null,"available_dubs":[],"downloadable_assets":["https://ocb-audio-ns.akamaized.net/cu/2026/09/04/20260904-210030-cu004-program.mp3"],"duration_display":"29:29","duration_seconds":1769.0,"embed_url":null,"id":15694,"image_caption":null,"image_url":"https://gdb.martinoticias.com/04370000-0aff-0242-9b67-08daa64028f2_w1200_h630.jpg","is_clip":false,"is_youtube_embed":false,"item_type":"audio","item_type_label":"Audio","language_label":"Espa\u00f1ol","media_credit":null,"micro_label":"Audio program","micro_label_kind":"audio","network_label":"Mart\u00ed Noticias","network_logo_url":"/static/uploads/direct_network_logos/ocb_0888427dcb1d.svg","published_at":"2026-09-04T21:00:30","published_at_display":"4 Sep 2026, 21:00 GMT","sequence_badge_label":null,"sequence_count":null,"sequence_count_label":null,"sequence_frames":[],"sequence_kind":null,"source_name":"ocb_spanish_audio_scrape","source_name_label":"Mart\u00ed Noticias Audio","source_type":"scrape","summary":"Noticiero Radio Mart\u00ed presenta los hechos que hacen noticia en Cuba y el mundo.","title":"Noticiero de Radio Mart\u00ed 5:00 PM","topic":"Radio Mart\u00ed","translation_language":"","url":"https://www.martinoticias.com/a/475937.html","video_url":null,"youtube_conversion_active":false,"youtube_conversion_error":"","youtube_conversion_status":""},{"article_body_paragraphs":[],"audio_source_url":null,"author":"Laura Artal","available_dubs":[],"downloadable_assets":["https://ocb-video-ns.akamaized.net/pangeavideo/2026/09/2/23/2307457a-311d-4b63-cffb-08decd5b38e4_1080p.mp4?cb=ee22d1043","https://gdb.martinoticias.com/01000000-0aff-0242-b13d-08db1f698f8d_w1600_r1_n_s.jpg"],"duration_display":"0:00","duration_seconds":null,"embed_url":null,"id":15645,"image_caption":"ARCHIVO: Un miembro herido de los medios es llevado durante una manifestaci\u00f3n en Venezuela Foto: Manaure Quintero.","image_url":"https://gdb.martinoticias.com/01000000-0aff-0242-b13d-08db1f698f8d_w1600_r1_n_s.jpg","is_clip":true,"is_youtube_embed":false,"item_type":"video","item_type_label":"Video","language_label":"Espa\u00f1ol","media_credit":"Laura Artal","micro_label":"Video report","micro_label_kind":"video","network_label":"Mart\u00ed Noticias","network_logo_url":"/static/uploads/direct_network_logos/ocb_0888427dcb1d.svg","published_at":"2026-09-04T20:38:39","published_at_display":"4 Sep 2026, 20:38 GMT","sequence_badge_label":null,"sequence_count":null,"sequence_count_label":null,"sequence_frames":[],"sequence_kind":null,"source_name":"radiotelevisionmarti_com_rss","source_name_label":"Mart\u00ed Noticias RSS","source_type":"rss","summary":"Representantes de medios nacionales y regionales entregaron a la Comisi\u00f3n de Transici\u00f3n encabezada por Dinorah Figuera una propuesta que incluye el desbloqueo de portales informativos, el cierre de causas contra periodistas y cambios en las normas utilizadas para sancionar a medios.","title":"Medios venezolanos presentan cinco garant\u00edas para recuperar la libertad de expresi\u00f3n","topic":null,"translation_language":"","url":"https://www.martinoticias.com/a/medios-venezolanos-presentan-cinco-medidas-urgentes-para-garantizar-la-libertad-de-expresi%c3%b3n/476986.html","video_url":"https://ocb-video-ns.akamaized.net/pangeavideo/2026/09/2/23/2307457a-311d-4b63-cffb-08decd5b38e4_1080p.mp4?cb=ee22d1043","youtube_conversion_active":false,"youtube_conversion_error":"","youtube_conversion_status":""},{"article_body_paragraphs":[],"audio_source_url":null,"author":"Laura Artal","available_dubs":[],"downloadable_assets":["https://gdb.martinoticias.com/01000000-0aff-0242-b13d-08db1f698f8d_w1600_r1_n_s.jpg"],"duration_display":"0:00","duration_seconds":null,"embed_url":null,"id":15644,"image_caption":"ARCHIVO: Un miembro herido de los medios es llevado durante una manifestaci\u00f3n en Venezuela Foto: Manaure Quintero.","image_url":"https://gdb.martinoticias.com/01000000-0aff-0242-b13d-08db1f698f8d_w1600_r1_n_s.jpg","is_clip":false,"is_youtube_embed":false,"item_type":"article","item_type_label":"Article","language_label":"Espa\u00f1ol","media_credit":"Laura Artal","micro_label":"Photo","micro_label_kind":"gallery","network_label":"Mart\u00ed Noticias","network_logo_url":"/static/uploads/direct_network_logos/ocb_0888427dcb1d.svg","published_at":"2026-09-04T20:38:39","published_at_display":"4 Sep 2026, 20:38 GMT","sequence_badge_label":null,"sequence_count":null,"sequence_count_label":null,"sequence_frames":[],"sequence_kind":null,"source_name":"radiotelevisionmarti_com_rss","source_name_label":"Mart\u00ed Noticias RSS","source_type":"rss","summary":"Representantes de medios de comunicaci\u00f3n venezolanos presentaron ante la Comisi\u00f3n de Transici\u00f3n una propuesta con cinco medidas que consideran urgentes para garantizar la libertad de expresi\u00f3n y de prensa en Venezuela. El documento fue entregado durante una mesa de trabajo encabezada por Dinorah Figuera, presidenta de la Asamblea Nacional electa en 2015, junto a los diputados Marianela Fern\u00e1ndez, Alfonso Marquina, Marco Aurelio Qui\u00f1\u00f3nez, Juan Miguel Matheus y Julio C\u00e9sar Moreno, adem\u00e1s del secretario Marco Bozo. En representaci\u00f3n del sector informativo participaron periodistas y directivos de medios nacionales y regionales, entre ellos La Patilla, Monitoreamos, El Nacional, VPItv, El Diario, El Impulso, La Naci\u00f3n, El Carabobe\u00f1o, Correo del Caron\u00ed, La Ma\u00f1ana, El Tiempo de Anzo\u00e1tegui y Diario de Los Andes, adem\u00e1s de la C\u00e1mara Venezolana de la Industria de la Radiodifusi\u00f3n. Medios venezolanos presentan cinco garant\u00edas para recuperar la libertad de expresi\u00f3n Cinco medidas para la libertad de expresi\u00f3n La propuesta plantea, en primer lugar, el levantamiento de los bloqueos a portales informativos y que las restricciones de acceso puedan ser verificadas mediante mediciones t\u00e9cnicas independientes. Tambi\u00e9n solicita la aplicaci\u00f3n uniforme de la Ley de Amnist\u00eda en los casos que involucren a periodistas, incluyendo el cierre de causas judiciales, el levantamiento de medidas cautelares y la excarcelaci\u00f3n de quienes permanezcan privados de libertad bajo los supuestos contemplados por esa legislaci\u00f3n. Un tercer punto propone modificar el marco legal que regula a los medios y eliminar disposiciones punitivas de la Ley de Responsabilidad Social en Radio, Televisi\u00f3n y Medios Electr\u00f3nicos y otras normas que, seg\u00fan los representantes del sector, han permitido bloqueos y sanciones. El documento reclama adem\u00e1s reglas claras y p\u00fablicas para las concesiones de radio y televisi\u00f3n, as\u00ed como l\u00edmites al uso de cadenas oficiales. La quinta medida est\u00e1 dirigida a establecer mayor transparencia en las fiscalizaciones y en la distribuci\u00f3n de publicidad estatal, revisar clausuras y garantizar condiciones para el acceso a insumos necesarios para los medios impresos. VPItv presenta su caso ante la Comisi\u00f3n Durante el encuentro, Leonardo Trechi, presidente y socio de VPItv, present\u00f3 el caso del medio, sobre el cual contin\u00faa abierto un procedimiento administrativo sancionatorio por una presunta infracci\u00f3n del art\u00edculo 27 de la Ley de Responsabilidad Social en Radio, Televisi\u00f3n y Medios Electr\u00f3nicos. Trechi record\u00f3 que dentro del procedimiento tambi\u00e9n fue invocada la denominada Ley Constitucional contra el Odio y se\u00f1al\u00f3 el caso como un ejemplo de los instrumentos legales y administrativos que han afectado el ejercicio del periodismo y el acceso a informaci\u00f3n independiente. El directivo sostuvo que la libertad de expresi\u00f3n debe formar parte de las bases de cualquier proceso de transformaci\u00f3n institucional y que las garant\u00edas para periodistas y ciudadanos no deber\u00edan depender de qui\u00e9n ejerza el poder. Periodistas relatan a\u00f1os de presi\u00f3n y persecuci\u00f3n Rory Branker, director de La Patilla y expreso pol\u00edtico liberado en febrero, describi\u00f3 la reuni\u00f3n como un \u201cencuentro honesto entre perseguidos\u201d. \u201cFue un encuentro honesto entre perseguidos. La clave de entendimiento verdadera fue que tanto los diputados como los periodistas hemos sido perseguidos, presionados y acosados por el mismo terrorismo de Estado\u201d, afirm\u00f3. Gabriel Bastidas, director de Monitoreamos, se\u00f1al\u00f3 que la posibilidad de que los venezolanos puedan expresarse libremente constituye un elemento fundamental para el restablecimiento de la democracia. Rub\u00e9n Rams\u00e9s Mart\u00ednez, gerente de operaciones de El Diario, destac\u00f3 por su parte que la libertad de prensa debe convertirse en una garant\u00eda institucional permanente y no depender de circunstancias pol\u00edticas o de qui\u00e9n gobierne. La entrega del documento incorpora as\u00ed la libertad de expresi\u00f3n y las condiciones para el ejercicio del periodismo entre los asuntos planteados ante la Comisi\u00f3n de Transici\u00f3n, con medidas espec\u00edficas dirigidas no solo a eliminar restricciones existentes, sino tambi\u00e9n a impedir que puedan repetirse mediante mecanismos legales, administrativos o econ\u00f3micos.","title":"Medios venezolanos presentan cinco medidas urgentes para garantizar la libertad de expresi\u00f3n","topic":null,"translation_language":"","url":"https://www.martinoticias.com/a/medios-venezolanos-presentan-cinco-medidas-urgentes-para-garantizar-la-libertad-de-expresi%c3%b3n/476986.html","video_url":null,"youtube_conversion_active":false,"youtube_conversion_error":"","youtube_conversion_status":""},{"article_body_paragraphs":[],"audio_source_url":null,"author":"Oficina de Pol\u00edticas","available_dubs":[],"downloadable_assets":["https://gdb.martinoticias.com/cb6f422f-f597-41ca-a40a-bcd8e320c90f_cx0_cy6_cw0_w1600_r1_n_s.jpg"],"duration_display":"0:00","duration_seconds":null,"embed_url":null,"id":15647,"image_caption":"Subsecretario de Estado de EEUU Christopher Landau. Foto: REUTERS/Enea Lebrun","image_url":"https://gdb.martinoticias.com/cb6f422f-f597-41ca-a40a-bcd8e320c90f_cx0_cy6_cw0_w1600_r1_n_s.jpg","is_clip":false,"is_youtube_embed":false,"item_type":"article","item_type_label":"Article","language_label":"Espa\u00f1ol","media_credit":"Oficina de Pol\u00edticas","micro_label":"Photo","micro_label_kind":"gallery","network_label":"Mart\u00ed Noticias","network_logo_url":"/static/uploads/direct_network_logos/ocb_0888427dcb1d.svg","published_at":"2026-09-04T20:37:19","published_at_display":"4 Sep 2026, 20:37 GMT","sequence_badge_label":null,"sequence_count":null,"sequence_count_label":null,"sequence_frames":[],"sequence_kind":null,"source_name":"radiotelevisionmarti_com_rss","source_name_label":"Mart\u00ed Noticias RSS","source_type":"rss","summary":"A continuaci\u00f3n, un editorial que refleja la postura del Gobierno de los Estados Unidos En el Di\u00e1logo de Socios del Foro de las Islas del Pac\u00edfico celebrado en Palaos el 1 de septiembre, el subsecretario Christopher Landau anunci\u00f3 m\u00e1s de 150 millones de d\u00f3lares en apoyo de Estados Unidos a las islas del Pac\u00edfico. El subsecretario Landau transmiti\u00f3 este mensaje directamente a los socios de Estados Unidos, dialogando con l\u00edderes y ministros de las islas del Pac\u00edfico para reforzar la solidez y durabilidad de las asociaciones estadounidenses en la regi\u00f3n, y anunciando nuevos proyectos e inversiones financiados por Estados Unidos en las islas del Pac\u00edfico, destinados a generar prosperidad econ\u00f3mica y seguridad tanto para los estadounidenses como para los habitantes de dichas islas. \"La participaci\u00f3n continua de Estados Unidos en el Foro de las Islas del Pac\u00edfico refleja la importancia que otorgamos a estas islas como parte vital de la regi\u00f3n del indopac\u00edfico\", anunci\u00f3 el Departamento de Estado en un comunicado de prensa. \"Cuando las islas del Pac\u00edfico son estables, seguras y pr\u00f3speras, Estados Unidos tambi\u00e9n lo es\". En colaboraci\u00f3n con el Congreso, el Departamento de Estado tiene previsto destinar 60 millones de d\u00f3lares para ayudar a los pa\u00edses de las islas del Pac\u00edfico a afrontar la actual crisis energ\u00e9tica mundial, lo que incluye ampliar la capacidad de almacenamiento de combustible y apoyar la estabilidad de la red el\u00e9ctrica. La Agencia de Comercio y Desarrollo de Estados Unidos (USTDA), con financiaci\u00f3n del Departamento de Estado, reforzar\u00e1 la fiabilidad del suministro de combustible y la seguridad energ\u00e9tica mediante un estudio de viabilidad para modernizar las instalaciones portuarias, la capacidad de almacenamiento de combustible, la infraestructura de oleoductos y las pr\u00e1cticas regulatorias orientadas al mercado en Tonga. Estados Unidos, Australia, Jap\u00f3n, Nueva Zelanda y la Rep\u00fablica de Corea, junto con Taiw\u00e1n como socio clave de Palaos, apoyar\u00e1n el desarrollo y la puesta en marcha de un nuevo y moderno hospital. Estados Unidos tiene la intenci\u00f3n de modernizar el puerto de Penrhyn (Omoka) y fortalecer las conexiones de transporte en las Islas Marshall. Asimismo, la USTDA, con financiaci\u00f3n del Departamento de Estado, est\u00e1 apoyando un estudio de viabilidad para modernizar el centro nacional de datos y la red de Tonga; permitiendo un alojamiento seguro y resiliente para los sistemas gubernamentales y los servicios p\u00fablicos. El estudio impulsa un esfuerzo m\u00e1s amplio de Estados Unidos para desarrollar la infraestructura digital de Tonga bas\u00e1ndose en tecnolog\u00eda estadounidense de confianza, complementado por el apoyo del Departamento de Estado para una migraci\u00f3n segura a la nube. Estados Unidos y Palaos copresidir\u00e1n la conferencia inaugural de ministros de polic\u00eda de Estados Unidos y las Islas del Pac\u00edfico (COPMIN). La COPMIN se centrar\u00e1 en la seguridad mar\u00edtima, el tr\u00e1fico de drogas, la ciberdelincuencia y las finanzas il\u00edcitas. El Departamento de Estado de EEUU, en colaboraci\u00f3n con el Congreso, tiene previsto destinar 17 millones de d\u00f3lares para combatir la pesca ilegal, no declarada y no reglamentada (INDNR) en las islas del Pac\u00edfico. Los fondos se centrar\u00e1n en brindar apoyo jur\u00eddico para actualizar las leyes, pol\u00edticas y normativas nacionales a fin de alinearlas con los objetivos estrat\u00e9gicos regionales contra la pesca INDNR, desarrollar la capacidad de los agentes de cumplimiento mediante programas de capacitaci\u00f3n certificados e implementar nuevas tecnolog\u00edas para aumentar la capacidad de monitoreo automatizado. El compromiso de Estados Unidos con la seguridad y la prosperidad de las islas del Pac\u00edfico es firme y duradero, y constituye un pilar fundamental de su pol\u00edtica exterior de \"Estados Unidos primero\".","title":"EEUU anuncia m\u00e1s de 150 millones de d\u00f3lares para apoyar a las islas del Pac\u00edfico","topic":null,"translation_language":"","url":"https://www.martinoticias.com/a/eeuu-anuncia-m%c3%a1s-de-150-millones-de-d%c3%b3lares-para-apoyar-a-las-islas-del-pac%c3%adfico/476992.html","video_url":null,"youtube_conversion_active":false,"youtube_conversion_error":"","youtube_conversion_status":""},{"article_body_paragraphs":[],"audio_source_url":null,"author":"Jos\u00e9 L Ramos/Amado Gil","available_dubs":[],"downloadable_assets":["https://ocb-video-ns.akamaized.net/pangeavideo/2026/09/9/93/93f7bb5a-9131-4b00-bc91-08def2b1d8dc_720p.mp4?cb=ee22d1b9a"],"duration_display":"28:45","duration_seconds":1725.0,"embed_url":null,"id":15635,"image_caption":null,"image_url":"https://gdb.martinoticias.com/93f7bb5a-9131-4b00-bc91-08def2b1d8dc_tv_w1080_h608.jpg","is_clip":false,"is_youtube_embed":false,"item_type":"video","item_type_label":"Video","language_label":"Espa\u00f1ol","media_credit":"Jos\u00e9 L Ramos/Amado Gil","micro_label":"Video report","micro_label_kind":"video","network_label":"Mart\u00ed Noticias","network_logo_url":"/static/uploads/direct_network_logos/ocb_0888427dcb1d.svg","published_at":"2026-09-04T20:00:00","published_at_display":"4 Sep 2026, 20:00 GMT","sequence_badge_label":null,"sequence_count":null,"sequence_count_label":null,"sequence_frames":[],"sequence_kind":null,"source_name":"ocb_spanish_video_scrape","source_name_label":"Mart\u00ed Noticias Video","source_type":"scrape","summary":"Amado Gil y Jos\u00e9 Luis Ramos, en tertulia con Emilio Almaguer y Jos\u00e9 Luis Tan Estrada, comentan sobre el regreso de las operaciones de la naviera francesa CMA CGM. Embajada EEUU en Cuba emite alerta sanitaria en Cuba y agosto fue un me violento con robos y asesinatos en la isla.","title":"Las noticias como son","topic":"Las Noticias Como Son, Cuba","translation_language":"","url":"https://www.martinoticias.com/a/las-noticias-como-son/476991.html","video_url":"https://ocb-video-ns.akamaized.net/pangeavideo/2026/09/9/93/93f7bb5a-9131-4b00-bc91-08def2b1d8dc_720p.mp4?cb=ee22d1b9a","youtube_conversion_active":false,"youtube_conversion_error":"","youtube_conversion_status":""},{"article_body_paragraphs":[],"audio_source_url":"https://ocb-audio-ns.akamaized.net/cu/2026/09/04/9f8ce40b-fa00-4bd4-cffc-08decd5b38e4.mp3","author":null,"available_dubs":[],"downloadable_assets":["https://ocb-audio-ns.akamaized.net/cu/2026/09/04/9f8ce40b-fa00-4bd4-cffc-08decd5b38e4.mp3"],"duration_display":"2:58","duration_seconds":178.0,"embed_url":null,"id":15626,"image_caption":null,"image_url":"https://gdb.martinoticias.com/F6831154-9914-4933-B10E-8210DBB99D8A_w1200_h630.jpg","is_clip":false,"is_youtube_embed":false,"item_type":"audio","item_type_label":"Audio","language_label":"Espa\u00f1ol","media_credit":null,"micro_label":"Audio program","micro_label_kind":"audio","network_label":"Mart\u00ed Noticias","network_logo_url":"/static/uploads/direct_network_logos/ocb_0888427dcb1d.svg","published_at":"2026-09-04T19:32:03","published_at_display":"4 Sep 2026, 19:32 GMT","sequence_badge_label":null,"sequence_count":null,"sequence_count_label":null,"sequence_frames":[],"sequence_kind":null,"source_name":"ocb_spanish_audio_scrape","source_name_label":"Mart\u00ed Noticias Audio","source_type":"scrape","summary":"Cubanos confirman la extensi\u00f3n de brotes diarreicos en la isla sin acceso a atenci\u00f3n m\u00e9dica ni hidrataci\u00f3n adecuada.","title":"Brote de enfermedades diarreicas se extiende en Cuba","topic":"brote de enfermedades diarreicas se extiende en cuba","translation_language":"","url":"https://www.martinoticias.com/a/brote-de-enfermedades-diarreicas-se-extiende-en-cuba/476990.html","video_url":null,"youtube_conversion_active":false,"youtube_conversion_error":"","youtube_conversion_status":""},{"article_body_paragraphs":[],"audio_source_url":"https://ocb-audio-ns.akamaized.net/cu/2026/09/04/38cc5da0-1c7c-49c2-7ca8-08def2b1c8fe.mp3","author":null,"available_dubs":[],"downloadable_assets":["https://ocb-audio-ns.akamaized.net/cu/2026/09/04/38cc5da0-1c7c-49c2-7ca8-08def2b1c8fe.mp3"],"duration_display":"28:24","duration_seconds":1704.0,"embed_url":null,"id":15586,"image_caption":null,"image_url":"https://gdb.martinoticias.com/7c15527f-0562-4f87-bc90-08def2b1d8dc_w1200_h630.jpg","is_clip":false,"is_youtube_embed":false,"item_type":"audio","item_type_label":"Audio","language_label":"Espa\u00f1ol","media_credit":null,"micro_label":"Audio program","micro_label_kind":"audio","network_label":"Mart\u00ed Noticias","network_logo_url":"/static/uploads/direct_network_logos/ocb_0888427dcb1d.svg","published_at":"2026-09-04T19:02:28","published_at_display":"4 Sep 2026, 19:02 GMT","sequence_badge_label":null,"sequence_count":null,"sequence_count_label":null,"sequence_frames":[],"sequence_kind":null,"source_name":"ocb_spanish_audio_html_scrape_142","source_name_label":"Mart\u00ed Noticias \u00b7 Las noticias como son","source_type":"scrape","summary":"Amado Gil y Jos\u00e9 Luis Ramos, en tertulia con Emilio Almaguer y Jos\u00e9 Luis Tan Estrada, comentan sobre el regreso de las operaciones de la naviera francesa CMA CGM. Embajada EEUU en Cuba emite alerta sanitaria en Cuba y agosto fue un me violento con robos y asesinatos en la isla.","title":"Las noticias como son","topic":"Las noticias como son","translation_language":"","url":"https://www.martinoticias.com/a/476987.html","video_url":null,"youtube_conversion_active":false,"youtube_conversion_error":"","youtube_conversion_status":""},{"article_body_paragraphs":[],"audio_source_url":null,"author":"Jany Gonz\u00e1lez","available_dubs":[],"downloadable_assets":["https://ocb-video-ns.akamaized.net/pangeavideo/2026/09/7/7c/7c6ab94a-1786-4e71-7cac-08def2b1c8fe_1080p.mp4?cb=ee22d36ff","https://gdb.martinoticias.com/c09cebac-1086-41d6-0431-08decd63a0c8_cx5_cy9_cw83_w1600_r1_n_s.jpg"],"duration_display":"0:00","duration_seconds":null,"embed_url":null,"id":15703,"image_caption":"\u201cQue hayan nombrado la biblioteca con el nombre de mi padre es un honor excepcional\", dijo su hija, la excongresista Ileana Ros-Lehtinen, en el homenaje de Radio y Televisi\u00f3n Mart\u00ed a la memoria del historiador Enrique Ros.","image_url":"https://gdb.martinoticias.com/c09cebac-1086-41d6-0431-08decd63a0c8_cx5_cy9_cw83_w1600_r1_n_s.jpg","is_clip":true,"is_youtube_embed":false,"item_type":"video","item_type_label":"Video","language_label":"Espa\u00f1ol","media_credit":"Jany Gonz\u00e1lez","micro_label":"Video report","micro_label_kind":"video","network_label":"Mart\u00ed Noticias","network_logo_url":"/static/uploads/direct_network_logos/ocb_0888427dcb1d.svg","published_at":"2026-09-04T18:27:05","published_at_display":"4 Sep 2026, 18:27 GMT","sequence_badge_label":null,"sequence_count":null,"sequence_count_label":null,"sequence_frames":[],"sequence_kind":null,"source_name":"radiotelevisionmarti_com_rss","source_name_label":"Mart\u00ed Noticias RSS","source_type":"rss","summary":"Tres espacios de la Oficina de Transmisiones a Cuba llevar\u00e1n los nombres de Enrique Ros, Pedro Roig y la Brigada 2506, en reconocimiento a sus aportes a la historia del exilio y a la lucha por la libertad de Cuba. Un homenaje para preservar su legado y transmitirlo a las nuevas generaciones.","title":"OCB rinde homenaje a Enrique Ros, Pedro Roig y la Brigada 2506","topic":null,"translation_language":"","url":"https://www.martinoticias.com/a/ustedes-han-sido-un-faro-toda-la-vida-ocb-honra-tres-legados-del-exilio-cubano/476985.html","video_url":"https://ocb-video-ns.akamaized.net/pangeavideo/2026/09/7/7c/7c6ab94a-1786-4e71-7cac-08def2b1c8fe_1080p.mp4?cb=ee22d36ff","youtube_conversion_active":false,"youtube_conversion_error":"","youtube_conversion_status":""},{"article_body_paragraphs":[],"audio_source_url":null,"author":"Jany Gonz\u00e1lez","available_dubs":[],"downloadable_assets":["https://gdb.martinoticias.com/c09cebac-1086-41d6-0431-08decd63a0c8_cx5_cy9_cw83_w1600_r1_n_s.jpg"],"duration_display":"0:00","duration_seconds":null,"embed_url":null,"id":15548,"image_caption":"\u201cQue hayan nombrado la biblioteca con el nombre de mi padre es un honor excepcional\", dijo su hija, la excongresista Ileana Ros-Lehtinen, en el homenaje de Radio y Televisi\u00f3n Mart\u00ed a la memoria del historiador Enrique Ros.","image_url":"https://gdb.martinoticias.com/c09cebac-1086-41d6-0431-08decd63a0c8_cx5_cy9_cw83_w1600_r1_n_s.jpg","is_clip":false,"is_youtube_embed":false,"item_type":"article","item_type_label":"Article","language_label":"Espa\u00f1ol","media_credit":"Jany Gonz\u00e1lez","micro_label":"Photo","micro_label_kind":"gallery","network_label":"Mart\u00ed Noticias","network_logo_url":"/static/uploads/direct_network_logos/ocb_0888427dcb1d.svg","published_at":"2026-09-04T18:27:05","published_at_display":"4 Sep 2026, 18:27 GMT","sequence_badge_label":null,"sequence_count":null,"sequence_count_label":null,"sequence_frames":[],"sequence_kind":null,"source_name":"radiotelevisionmarti_com_rss","source_name_label":"Mart\u00ed Noticias RSS","source_type":"rss","summary":"Los nombres de Enrique Ros, Pedro Roig y la Brigada de Asalto 2506 quedaron inscritos en tres espacios de la Oficina de Transmisiones a Cuba, una instituci\u00f3n cuya historia tambi\u00e9n se encuentra estrechamente vinculada con las luchas pol\u00edticas, los testimonios y las aspiraciones de varias generaciones del exilio cubano. La biblioteca de OCB, el Estudio Multimedia C de Radio Mart\u00ed y el Estudio A de TV Mart\u00ed fueron designados en honor a esas figuras e instituciones durante una ceremonia celebrada en la sede de Mart\u00ed Noticias, en Miami. El homenaje busc\u00f3 preservar tres legados diferentes, pero unidos por un prop\u00f3sito com\u00fan: documentar la historia de Cuba, llevar informaci\u00f3n independiente a la isla y mantener viva la aspiraci\u00f3n de un pa\u00eds libre. \u201cEste edificio lleva el nombre de Jorge Mas Canosa hace m\u00e1s de 20 a\u00f1os, y qu\u00e9 mejor que honrar a quienes han contribuido a la lucha del exilio\u201d, dijo \u00c1lvaro Alba, subdirector de OCB. Alba record\u00f3 que Pedro Roig fue miembro de la Brigada 2506 y posteriormente dirigi\u00f3 Radio y Televisi\u00f3n Mart\u00ed. Enrique Ros, por su parte, particip\u00f3 en la lucha clandestina dentro de Cuba durante la \u00e9poca del desembarco de Bah\u00eda de Cochinos y dedic\u00f3 buena parte de su vida a investigar y escribir sobre la historia cubana. Las designaciones convierten los espacios cotidianos de la organizaci\u00f3n, en lugares de memoria. Los nombres elegidos representan distintas etapas de la historia contempor\u00e1nea de Cuba: la oposici\u00f3n clandestina, el desembarco de abril de 1961, la consolidaci\u00f3n del exilio y la creaci\u00f3n de medios dirigidos a romper el monopolio informativo del r\u00e9gimen cubano. \u201cQu\u00e9 mejor que honrar a quienes han contribuido a la lucha del exilio\u201d, dijo \u00c1lvaro Alba, subdirector de OCB en el acto conmemorativo. Una biblioteca para preservar la historia La biblioteca de OCB recibi\u00f3 el nombre de Enrique Ros, escritor, historiador y activista que consagr\u00f3 gran parte de su vida a recopilar documentos y narrar episodios de la historia pol\u00edtica cubana. Ros escribi\u00f3 cerca de 20 libros sobre Cuba y mantuvo durante a\u00f1os una relaci\u00f3n estrecha con Radio Mart\u00ed, donde tuvo un programa semanal. Su obra abord\u00f3 figuras, acontecimientos y movimientos pol\u00edticos que marcaron a la isla y a su comunidad exiliada. A la ceremonia asistieron su hija, la excongresista federal Ileana Ros-Lehtinen, y otros integrantes de la familia Ros-Lehtinen. Para la exlegisladora, regresar a la sede de la organizaci\u00f3n signific\u00f3 volver a un lugar que form\u00f3 parte de la vida profesional e intelectual de su padre. \u201cMe siento muy honrada de regresar a mi segundo hogar, porque Radio y TV Mart\u00ed siempre han tenido un espacio muy especial en mi coraz\u00f3n y en mi mente\u201d, expres\u00f3. Ros-Lehtinen asegur\u00f3 que la designaci\u00f3n representa un reconocimiento que trasciende el v\u00ednculo familiar. \u201cQue hayan nombrado la biblioteca con el nombre de mi padre es un honor excepcional, porque mi padre era historiador sobre Cuba, escribi\u00f3 casi 20 libros sobre Cuba y ten\u00eda un programa aqu\u00ed en Radio Mart\u00ed todas las semanas. \u00c9l formaba parte de la familia de Radio y TV Mart\u00ed\u201d. La selecci\u00f3n de una biblioteca para recordar a Enrique Ros guarda una relaci\u00f3n directa con el trabajo al que dedic\u00f3 gran parte de su vida: conservar la memoria escrita de Cuba. En un pa\u00eds donde el relato hist\u00f3rico ha permanecido durante d\u00e9cadas bajo el control del Estado, su obra busc\u00f3 documentar acontecimientos y protagonistas que quedaron fuera de la versi\u00f3n oficial. El homenaje tambi\u00e9n subray\u00f3 el papel del exilio como depositario de archivos, testimonios y experiencias que dif\u00edcilmente habr\u00edan encontrado espacio dentro de las instituciones controladas por el r\u00e9gimen cubano. \u201cSu vida era Radio Mart\u00ed\u201d El Estudio Multimedia C de Radio Mart\u00ed fue dedicado a Pedro Roig, abogado, historiador, veterano de la Brigada 2506 y exdirector de Radio y Televisi\u00f3n Mart\u00ed. Roig dedic\u00f3 d\u00e9cadas a promover el acceso de los cubanos a informaci\u00f3n independiente y sin censura. Su trayectoria combin\u00f3 la experiencia directa de la lucha contra el r\u00e9gimen cubano con el trabajo intelectual y la direcci\u00f3n de medios de comunicaci\u00f3n. Conmemoran en Radio y Televisi\u00f3n Mart\u00ed (OCB) la memoria del director Pedro Roig. El reconocimiento ocurri\u00f3 poco m\u00e1s de dos meses despu\u00e9s de su fallecimiento, por lo que la ceremonia tuvo un significado particularmente emotivo para su familia. Su compa\u00f1era de vida, Alina Roig, asisti\u00f3 al acto a pesar del dolor reciente por su p\u00e9rdida. \u201c\u00c9l falleci\u00f3 hace dos meses y pico y todav\u00eda estoy muy afectada, pero no me quer\u00eda perder este acto porque su vida era Radio Mart\u00ed\u201d, dijo. En esa frase, breve y personal, qued\u00f3 resumida una trayectoria estrechamente vinculada con la misi\u00f3n de la organizaci\u00f3n. Para Roig, Radio Mart\u00ed no fue \u00fanicamente un lugar de trabajo. Fue una extensi\u00f3n de una causa pol\u00edtica y personal que comenz\u00f3 mucho antes de su llegada a la instituci\u00f3n. Su hijo, Gustavo Roig, agradeci\u00f3 que el nombre de su padre quedara unido a uno de los estudios desde los cuales se producen y transmiten contenidos para Cuba. \u201cEs un gran honor poder estar aqu\u00ed y que todo el mundo reconozca la labor que hizo durante toda su vida por una Cuba libre\u201d, expres\u00f3. La designaci\u00f3n permitir\u00e1 que periodistas, productores y t\u00e9cnicos recuerden diariamente la trayectoria de Roig mientras trabajan en el estudio que ahora lleva su nombre. Es tambi\u00e9n una forma de enlazar a las nuevas generaciones de comunicadores con quienes ocuparon esos espacios en otros momentos de la historia de la instituci\u00f3n. Un estudio dedicado a la Brigada 2506 El tercer reconocimiento fue para la Brigada de Asalto 2506, integrada por cubanos que participaron en el desembarco de Bah\u00eda de Cochinos en abril de 1961. El Estudio A de TV Mart\u00ed llevar\u00e1 desde ahora el nombre de la Brigada 2506, uno de los s\u00edmbolos m\u00e1s reconocidos de la oposici\u00f3n armada al r\u00e9gimen de Fidel Castro durante los primeros a\u00f1os de la revoluci\u00f3n. Conmemoran en Radio y Televisi\u00f3n Mart\u00ed (OCB) la memoria de la Brigada 2506. Eduardo Zayas-Baz\u00e1n se sinti\u00f3 honrado por el reconocimiento. M\u00e1s de seis d\u00e9cadas despu\u00e9s de aquellos acontecimientos, el desembarco contin\u00faa ocupando un lugar central en la memoria pol\u00edtica del exilio cubano. Para sus veteranos y familiares, el episodio representa no solo una operaci\u00f3n militar fallida, sino tambi\u00e9n el sacrificio de quienes intentaron cambiar el rumbo pol\u00edtico de la isla. Eduardo Zayas-Baz\u00e1n, presidente de la organizaci\u00f3n de veteranos de la Brigada 2506, agradeci\u00f3 que el reconocimiento procediera precisamente de Radio y Televisi\u00f3n Mart\u00ed. \u201cMuy honrado, sobre todo porque es Radio y TV Mart\u00ed la que est\u00e1 honrando a la Brigada\u201d, se\u00f1al\u00f3. El veterano Carlos Le\u00f3n Acosta describi\u00f3 la relaci\u00f3n de Mart\u00ed Noticias con los cubanos dentro y fuera de la isla mediante una imagen que se repiti\u00f3 como una de las ideas centrales de la ceremonia. \u201cLa admiraci\u00f3n es inmensa porque ustedes son y han sido un faro toda la vida\u201d, afirm\u00f3. La palabra \u201cfaro\u201d adquiri\u00f3 una relevancia especial durante el acto. Para los participantes, describi\u00f3 la funci\u00f3n de un medio que intenta llegar a una audiencia sometida a censura y restricciones informativas, pero tambi\u00e9n represent\u00f3 la continuidad de una causa transmitida entre generaciones. La informaci\u00f3n como forma de libertad Jennifer DeMaster, asesora legal especial de la Agencia de Estados Unidos para los Medios Globales, particip\u00f3 en la ceremonia en representaci\u00f3n de USAGM, la entidad federal a la que pertenece OCB. DeMaster destac\u00f3 el trabajo de quienes han defendido durante a\u00f1os la posibilidad de que los cubanos tengan acceso a informaci\u00f3n e ideas que el Gobierno de la isla limita o censura. \u201cHa sido un evento maravilloso para ver a tanta gente que ha luchado duro para que la voz del pueblo cubano sea escuchada y para que pueda acceder a la informaci\u00f3n, a las ideas y a todo lo que representa la libertad que el r\u00e9gimen cubano no le permite tener\u201d, expres\u00f3 la funcionaria. Sus palabras situaron el homenaje m\u00e1s all\u00e1 del recuerdo individual de los tres nombres seleccionados. La ceremonia tambi\u00e9n sirvi\u00f3 para reafirmar el papel de Mart\u00ed Noticias como un medio creado para informar a una audiencia que no dispone de una prensa libre dentro de su pa\u00eds. A lo largo de los a\u00f1os, las v\u00edas utilizadas para llegar a Cuba han cambiado. Las transmisiones tradicionales de radio y televisi\u00f3n han tenido que convivir con p\u00e1ginas digitales, videos, redes sociales y otras plataformas dise\u00f1adas para responder tanto a los avances tecnol\u00f3gicos como a los obst\u00e1culos impuestos por el r\u00e9gimen cubano. Tambi\u00e9n han cambiado los h\u00e1bitos de la audiencia y las formas de censura. Pero los directivos de la organizaci\u00f3n insistieron en que el principio fundamental contin\u00faa siendo el mismo: que los cubanos puedan contrastar versiones, conocer hechos silenciados por los medios oficiales y formarse sus propias opiniones. Una advertencia para las nuevas generaciones El acto no estuvo dedicado exclusivamente al pasado. Varios de los asistentes presentaron la preservaci\u00f3n de la memoria hist\u00f3rica como una responsabilidad frente a las nuevas generaciones. La senadora estatal de Florida Ana Mar\u00eda Rodr\u00edguez llam\u00f3 la atenci\u00f3n sobre la necesidad de que los ni\u00f1os y j\u00f3venes conozcan las consecuencias de los sistemas comunistas. \u201cCon respecto a la educaci\u00f3n de nuestros hijos aqu\u00ed en la Florida, es importante que aprendan los peligros del comunismo\u201d, afirm\u00f3. \u201cTenemos el socialismo toc\u00e1ndonos la puerta aqu\u00ed en Estados Unidos y no podemos permitir que esto venga a nuestro pa\u00eds\u201d. Dariel Fern\u00e1ndez, recaudador de impuestos de Miami-Dade, tambi\u00e9n describi\u00f3 la ceremonia como un mensaje dirigido a quienes no vivieron personalmente los acontecimientos que obligaron a miles de cubanos a abandonar la isla. \u201cSignifica, sobre todas las cosas, un mensaje para las nuevas generaciones: que no podemos olvidar nuestras ra\u00edces, pero tampoco podemos olvidar lo que el comunismo y el socialismo han hecho, en especial en la isla de Cuba\u201d, dijo. El paso del tiempo se ha convertido en uno de los principales desaf\u00edos para las organizaciones hist\u00f3ricas del exilio. Muchos de los protagonistas de sus primeros a\u00f1os han fallecido y una parte considerable de los cubanos que viven hoy en Estados Unidos naci\u00f3 despu\u00e9s de 1959 o fuera de la isla. \u201cBenditos los pies de aquellos que traen la buena nueva\u201d La ceremonia incluy\u00f3 una invocaci\u00f3n del padre Jos\u00e9 Joaqu\u00edn Espino, p\u00e1rroco de la Ermita de la Caridad, uno de los principales centros religiosos y simb\u00f3licos de la comunidad cubana en Miami. El sacerdote recurri\u00f3 a una frase de un salmo para reconocer a quienes llevan mensajes de esperanza. \u201cRecord\u00e9 una frase: \u2018Benditos los pies de aquellos que traen la buena nueva\u2019\u201d, explic\u00f3. La referencia religiosa vincul\u00f3 la misi\u00f3n informativa de Mart\u00ed Noticias con una idea que ha acompa\u00f1ado a buena parte del exilio: la esperanza de regresar alg\u00fan d\u00eda a una Cuba libre o, al menos, de contribuir desde fuera a su transformaci\u00f3n. Para numerosas familias cubanas, las transmisiones hacia la isla han significado durante d\u00e9cadas una conexi\u00f3n con informaci\u00f3n que no aparece en los medios estatales. En otros casos, han servido para visibilizar a presos pol\u00edticos, activistas, familiares de detenidos y ciudadanos que denuncian las condiciones dentro del pa\u00eds. Un mensaje para Cuba Al concluir su participaci\u00f3n, Ileana Ros-Lehtinen dirigi\u00f3 un mensaje a los cubanos dentro de la isla. La excongresista reconoci\u00f3 la gravedad de la situaci\u00f3n que enfrenta el pa\u00eds, pero sostuvo que la lucha por sus derechos contin\u00faa tanto dentro como fuera de Cuba. \u201cAunque sean momentos sumamente dif\u00edciles, de los peores que ha pasado nuestra patria, vienen momentos de alegr\u00eda y de celebraci\u00f3n\u201d, afirm\u00f3. Ros-Lehtinen dijo que las transmisiones de Radio y Televisi\u00f3n Mart\u00ed llevan \u201cun mensaje de esperanza y optimismo\u201d y permiten que la poblaci\u00f3n conozca la verdad sobre lo que ocurre en Cuba y en el resto del mundo. La exlegisladora reclam\u00f3 justicia para el pueblo cubano, libertad para los presos pol\u00edticos, pluralidad partidista y libre expresi\u00f3n de ideas. \u201c\u00bfPor qu\u00e9 el pueblo cubano no merece esas libertades b\u00e1sicas?\u201d, cuestion\u00f3. La pregunta qued\u00f3 como una s\u00edntesis del significado pol\u00edtico que los organizadores atribuyeron al homenaje. Los nombres de Enrique Ros, Pedro Roig y la Brigada 2506 no fueron presentados \u00fanicamente como recuerdos de una historia terminada, sino como s\u00edmbolos de una causa que sus familiares y compa\u00f1eros consideran todav\u00eda inconclusa. OCB rinde homenaje a Enrique Ros, Pedro Roig y la Brigada 2506","title":"\u201cUstedes han sido un faro toda la vida\u201d: OCB honra tres legados del exilio cubano","topic":null,"translation_language":"","url":"https://www.martinoticias.com/a/ustedes-han-sido-un-faro-toda-la-vida-ocb-honra-tres-legados-del-exilio-cubano/476985.html","video_url":null,"youtube_conversion_active":false,"youtube_conversion_error":"","youtube_conversion_status":""},{"article_body_paragraphs":[],"audio_source_url":"https://ocb-audio-ns.akamaized.net/cu/2026/09/04/20260904-180000-cu004-program_hq.mp3","author":"Mario J. Pent\u00f3n","available_dubs":[],"downloadable_assets":["https://ocb-audio-ns.akamaized.net/cu/2026/09/04/20260904-180000-cu004-program_hq.mp3"],"duration_display":"29:59","duration_seconds":1799.0,"embed_url":null,"id":15538,"image_caption":null,"image_url":"https://gdb.martinoticias.com/cb75a074-a814-4e7a-df7e-08de31a8b205_mw2048_mh2048_n.jpg","is_clip":false,"is_youtube_embed":false,"item_type":"audio","item_type_label":"Audio","language_label":"Espa\u00f1ol","media_credit":"OCB","micro_label":"Audio program","micro_label_kind":"audio","network_label":"Mart\u00ed Noticias","network_logo_url":"/static/uploads/direct_network_logos/ocb_0888427dcb1d.svg","published_at":"2026-09-04T18:00:00","published_at_display":"4 Sep 2026, 18:00 GMT","sequence_badge_label":null,"sequence_count":null,"sequence_count_label":null,"sequence_frames":[],"sequence_kind":null,"source_name":"radiotelevisionmarti_com_direct","source_name_label":"Mart\u00ed Noticias Direct","source_type":"direct_api","summary":null,"title":"Cuba al D\u00eda","topic":"Cuba al D\u00eda","translation_language":"","url":"https://ocb-audio-ns.akamaized.net/cu/2026/09/04/20260904-180000-cu004-program_hq.mp3","video_url":null,"youtube_conversion_active":false,"youtube_conversion_error":"","youtube_conversion_status":""},{"article_body_paragraphs":[],"audio_source_url":null,"author":"Redacci\u00f3n Mart\u00ed Noticias","available_dubs":[],"downloadable_assets":["https://gdb.martinoticias.com/0e756bb1-ccb7-499b-af6b-33dae316d5b8_cx0_cy10_cw0_w1600_r1_n_s.jpg"],"duration_display":"0:00","duration_seconds":null,"embed_url":null,"id":15528,"image_caption":"Fidel Ernesto Castro Calis, nieto de Ra\u00fal Castro e hijo de Alejandro Castro Esp\u00edn fue incluido en la Lista de Nacionales Especialmente Designados la OFAC. (Foto de Adalberto ROQUE / AFP)","image_url":"https://gdb.martinoticias.com/0e756bb1-ccb7-499b-af6b-33dae316d5b8_cx0_cy10_cw0_w1600_r1_n_s.jpg","is_clip":false,"is_youtube_embed":false,"item_type":"article","item_type_label":"Article","language_label":"Espa\u00f1ol","media_credit":"Redacci\u00f3n Mart\u00ed Noticias","micro_label":"Photo","micro_label_kind":"gallery","network_label":"Mart\u00ed Noticias","network_logo_url":"/static/uploads/direct_network_logos/ocb_0888427dcb1d.svg","published_at":"2026-09-04T17:49:08","published_at_display":"4 Sep 2026, 17:49 GMT","sequence_badge_label":null,"sequence_count":null,"sequence_count_label":null,"sequence_frames":[],"sequence_kind":null,"source_name":"radiotelevisionmarti_com_rss","source_name_label":"Mart\u00ed Noticias RSS","source_type":"rss","summary":"Las nuevas sanciones de Estados Unidos contra integrantes y fuentes de financiamiento del r\u00e9gimen cubano anunciadas este jueves han desatado reacciones dentro y fuera de la isla, con llamados a aumentar la presi\u00f3n sobre las estructuras econ\u00f3micas vinculadas al poder. Las medidas, anunciadas por la Oficina de Control de Activos Extranjeros (OFAC), incluyen a Fidel Ernesto Castro Calis, nieto de Ra\u00fal Castro e hijo de Alejandro Castro Esp\u00edn, en la Lista de Nacionales Especialmente Designados. EEUU con m\u00e1s sanciones a la \u00e9lite de Castro y sus v\u00edas de financiamiento \u201cEst\u00e1 muy bien que se sancione a los principales ladrones, a los causantes precisamente de ese terrible drama, de ese profundo sufrimiento que vive el pueblo cubano. Las sanciones son muy acertadas, muy necesarias\u201d, dijo Jos\u00e9 Daniel Ferrer, Coordinador General de la UNPACU, a Mart\u00ed Noticias. El senador republicano por Florida, Rick Scott, calific\u00f3 el anuncio como \u201cuna excelente noticia\u201d y dijo que durante a\u00f1os ha pedido responsabilizar a las \u00e9lites y redes financieras del r\u00e9gimen por enriquecerse mientras la poblaci\u00f3n enfrenta privaciones. \u201cLa maldad de este r\u00e9gimen no comenz\u00f3 y termin\u00f3 con Fidel Castro; perdura a trav\u00e9s de su familia y de los funcionarios corruptos y allegados al r\u00e9gimen que contin\u00faan sosteniendo esta dictadura comunista asesina\", dijo el legislador. Por su parte, el congresista cubanoamericano Carlos Gim\u00e9nez sostuvo que \"toda la familia Castro en Cuba debe enfrentar la justicia\" por lo que describi\u00f3 como innumerables cr\u00edmenes contra la humanidad. Las sanciones incluyen a cinco entidades estatales vinculadas con los sectores financiero, petrolero y minero: el Banco Exterior de Cuba, CUPET, Nicarotec, ABAPET y CEXNI. La inclusi\u00f3n en la lista de OFAC implica que los bienes e intereses de los designados sujetos a jurisdicci\u00f3n estadounidense quedan bloqueados. Como regla general, ciudadanos y empresas de Estados Unidos tampoco pueden realizar transacciones con ellos. \u201cDurante alg\u00fan tiempo el \u00fanico sector que se ve\u00eda con cierta actividad eran las mipymes y lo que estamos observamos es que las mipymes est\u00e1n mostrando gran nivel de desabastecimiento y muchas veces escasean productos que en el pasado eran muy comunes y ahora mismo no se pueden encontrar\u201d, dijo a Mart\u00ed Noticias Alejandro Tur Valladares. El periodista independiente de Cienfuegos valor\u00f3 que esta nueva ronda de sanciones impacta directamente a \u201centidades clave de la econom\u00eda del r\u00e9gimen\u201d. Rubio sobre nuevas sanciones al r\u00e9gimen de Cuba: mientras el pueblo sufre la c\u00fapula acapara los recursos El secretario de Estado, Marco Rubio, afirm\u00f3 que las designaciones buscan afectar las redes financieras y estructuras utilizadas por la \u00e9lite del r\u00e9gimen cubano para controlar los recursos del pa\u00eds. \"Mientras el pueblo cubano sufre, la familia Castro y sus allegados acaparan los recursos y contin\u00faan perpetuando su control total sobre la econom\u00eda de la isla\", se\u00f1al\u00f3 Rubio . El jefe de la diplomacia estadounidense asegur\u00f3 que las acciones reflejan el compromiso de la administraci\u00f3n Trump de desmantelar las redes financieras il\u00edcitas y los aparatos represivos vinculados al r\u00e9gimen. En contraste, el canciller cubano Bruno Rodr\u00edguez Parrila, dijo que \u201cno ser\u00eda serio creer que una isla de estas dimensiones pueda constituir una amenaza para la mayor potencia militar del mundo\u201d. Las designaciones se amparan en la Orden Ejecutiva 144404, firmada por Donald Trump en mayo de este a\u00f1o para autorizar sanciones contra personas y entidades vinculadas con la represi\u00f3n en Cuba y con amenazas a la seguridad nacional y la pol\u00edtica exterior de Estados Unidos. En junio, Washington sancion\u00f3 a Miguel D\u00edaz-Canel, su esposa Lis Cuesta, su hijastro Manuel Anido; Alejandro Castro Esp\u00edn y Ra\u00fal Alejandro Castro Calis (padre y hermano de Fidel Ernesto Castro Calis), adem\u00e1s de varias insituciones y empresas estatales. Nuevas sanciones de EEUU quiebran l\u00edneas de financiamiento del r\u00e9gimen y el c\u00edrculo cerrado del castrismo Ese mismo mes, otra ronda alcanz\u00f3 a Lilliam Rueda Cardero, esposa de Castro Esp\u00edn, y a cinco entidades vinculadas con GAESA y los sectores financiero, sider\u00fargico y minero. Las medidas del jueves extienden ahora las sanciones a otro descendiente de Ra\u00fal Castro y a nuevas estructuras relacionadas con la banca y la explotaci\u00f3n de recursos energ\u00e9ticos y minerales.","title":"Reacciones dentro y fuera de Cuba tras sanciones de EEUU a la \u00e9lite de Castro","topic":null,"translation_language":"","url":"https://www.martinoticias.com/a/reacciones-dentro-y-fuera-de-cuba-tras-sanciones-de-eeuu-a-la-%c3%a9lite-de-castro/476974.html","video_url":null,"youtube_conversion_active":false,"youtube_conversion_error":"","youtube_conversion_status":""},{"article_body_paragraphs":[],"audio_source_url":"https://ocb-audio-ns.akamaized.net/cu/2026/09/04/13057e7c-a6ba-4a04-bc8d-08def2b1d8dc_hq.mp3","author":"Ariane Gonz\u00e1lez","available_dubs":[],"downloadable_assets":["https://ocb-audio-ns.akamaized.net/cu/2026/09/04/13057e7c-a6ba-4a04-bc8d-08def2b1d8dc_hq.mp3","https://gdb.martinoticias.com/322dcb19-b805-4361-cff9-08decd5b38e4_cx5_cy5_cw83_w1600_r1_n_s.jpeg"],"duration_display":"1:06","duration_seconds":66.0,"embed_url":null,"id":15531,"image_caption":"La Federaci\u00f3n Latinoamericana de Mujeres Rurales (FLAMUR) entreg\u00f3 materiales escolares, ropa, calzado y medicamentos en Cuba","image_url":"https://gdb.martinoticias.com/322dcb19-b805-4361-cff9-08decd5b38e4_cx5_cy5_cw83_w1600_r1_n_s.jpeg","is_clip":false,"is_youtube_embed":false,"item_type":"audio","item_type_label":"Audio","language_label":"Espa\u00f1ol","media_credit":"Ariane Gonz\u00e1lez","micro_label":"Audio program","micro_label_kind":"audio","network_label":"Mart\u00ed Noticias","network_logo_url":"/static/uploads/direct_network_logos/ocb_0888427dcb1d.svg","published_at":"2026-09-04T17:49:04","published_at_display":"4 Sep 2026, 17:49 GMT","sequence_badge_label":null,"sequence_count":null,"sequence_count_label":null,"sequence_frames":[],"sequence_kind":null,"source_name":"radiotelevisionmarti_com_rss","source_name_label":"Mart\u00ed Noticias RSS","source_type":"rss","summary":"FLAMUR entreg\u00f3 materiales escolares, ropa, calzado y medicamentos en diez provincias de Cuba para apoyar a los ni\u00f1os ante el inicio del curso escolar, inform\u00f3 a Mart\u00ed Noticias su directora ejecutiva, Magdelivia Hidalgo.","title":"\u00datiles escolares, ropa y medicamentos: FLAMUR auxilia a la ni\u00f1ez cubana","topic":null,"translation_language":"","url":"https://www.martinoticias.com/a/flamur-entrega-%c3%batiles-escolares-ropa-y-medicamentos-a-ni%c3%b1os-cubanos/476981.html","video_url":null,"youtube_conversion_active":false,"youtube_conversion_error":"","youtube_conversion_status":""},{"article_body_paragraphs":[],"audio_source_url":null,"author":"Ariane Gonz\u00e1lez","available_dubs":[],"downloadable_assets":["https://gdb.martinoticias.com/322dcb19-b805-4361-cff9-08decd5b38e4_cx5_cy5_cw83_w1600_r1_n_s.jpeg"],"duration_display":"0:00","duration_seconds":null,"embed_url":null,"id":15530,"image_caption":"La Federaci\u00f3n Latinoamericana de Mujeres Rurales (FLAMUR) entreg\u00f3 materiales escolares, ropa, calzado y medicamentos en Cuba","image_url":"https://gdb.martinoticias.com/322dcb19-b805-4361-cff9-08decd5b38e4_cx5_cy5_cw83_w1600_r1_n_s.jpeg","is_clip":false,"is_youtube_embed":false,"item_type":"article","item_type_label":"Article","language_label":"Espa\u00f1ol","media_credit":"Ariane Gonz\u00e1lez","micro_label":"Photo","micro_label_kind":"gallery","network_label":"Mart\u00ed Noticias","network_logo_url":"/static/uploads/direct_network_logos/ocb_0888427dcb1d.svg","published_at":"2026-09-04T17:49:04","published_at_display":"4 Sep 2026, 17:49 GMT","sequence_badge_label":null,"sequence_count":null,"sequence_count_label":null,"sequence_frames":[],"sequence_kind":null,"source_name":"radiotelevisionmarti_com_rss","source_name_label":"Mart\u00ed Noticias RSS","source_type":"rss","summary":"La Federaci\u00f3n Latinoamericana de Mujeres Rurales (FLAMUR) entreg\u00f3 materiales escolares, ropa, calzado y medicamentos en diez provincias de Cuba para ayudar a familias afectadas por la crisis y, de manera especial, a los ni\u00f1os que comienzan un nuevo curso escolar en medio de numerosas carencias. Magdelivia Hidalgo, directora ejecutiva de FLAMUR, explic\u00f3 a Mart\u00ed Noticias que la organizaci\u00f3n desarrolla esta iniciativa desde hace varios a\u00f1os con el prop\u00f3sito de acompa\u00f1ar a los sectores m\u00e1s vulnerables de la poblaci\u00f3n. La Federaci\u00f3n Latinoamericana de Mujeres Rurales (FLAMUR) entreg\u00f3 materiales escolares, ropa, calzado y medicamentos en Cuba \u201cLa Federaci\u00f3n Latinoamericana de Mujeres Rurales ha decidido sembrar esperanza en la ni\u00f1ez cubana. Esto lo llevamos haciendo por muchos a\u00f1os\u201d, afirm\u00f3 Hidalgo. La activista se\u00f1al\u00f3 que la ayuda busca aliviar las necesidades materiales de los menores ante el comienzo de un per\u00edodo escolar marcado por la escasez. \u201cHemos entregado materiales escolares, ropa, calzado y medicamentos en diez provincias, con el prop\u00f3sito de aliviar la dif\u00edcil situaci\u00f3n que enfrenta nuestro pueblo y apoyar especialmente a los ni\u00f1os ante el inicio de un nuevo curso lleno de dolor, tristeza y carencias\u201d, declar\u00f3. La iniciativa fue coordinada mediante la red de 12 centros c\u00edvicos que FLAMUR mantiene en igual n\u00famero de provincias. Hidalgo destac\u00f3 la participaci\u00f3n de las mujeres que trabajan en esos espacios y contin\u00faan desarrollando acciones comunitarias pese a las dificultades que enfrentan. \u201cEsta labor fue posible gracias a nuestro esfuerzo en los 12 centros c\u00edvicos y al compromiso de mujeres valientes que, aun en medio de grandes dificultades, contin\u00faan sembrando amor, solidaridad y esperanza\u201d, expres\u00f3. La Federaci\u00f3n Latinoamericana de Mujeres Rurales (FLAMUR) entreg\u00f3 materiales escolares, ropa, calzado y medicamentos en Cuba FLAMUR indic\u00f3 en una publicaci\u00f3n en Facebook que cada art\u00edculo distribuido tiene un significado que trasciende su valor material, pues representa un mensaje de respaldo a los menores y sus familias. \u201cCada cuaderno, cada par de zapatos y cada medicamento entregado representan mucho m\u00e1s que una ayuda material. Son la demostraci\u00f3n de que nuestros ni\u00f1os no est\u00e1n solos\u201d, subray\u00f3 Hidalgo. La directora ejecutiva de la organizaci\u00f3n afirm\u00f3 que estas acciones tambi\u00e9n reflejan su aspiraci\u00f3n de construir un pa\u00eds en el que los ni\u00f1os puedan estudiar y desarrollarse en condiciones dignas. \u201cFLAMUR cree firmemente en una rep\u00fablica mejor y sabemos que eso es posible: una Cuba libre, justa y pr\u00f3spera, donde cada ni\u00f1o pueda estudiar, crecer con dignidad y construir su futuro\u201d, concluy\u00f3.","title":"FLAMUR entrega \u00fatiles escolares, ropa y medicamentos a ni\u00f1os en Cuba","topic":null,"translation_language":"","url":"https://www.martinoticias.com/a/flamur-entrega-%c3%batiles-escolares-ropa-y-medicamentos-a-ni%c3%b1os-cubanos/476981.html","video_url":null,"youtube_conversion_active":false,"youtube_conversion_error":"","youtube_conversion_status":""},{"article_body_paragraphs":[],"audio_source_url":"https://ocb-audio-ns.akamaized.net/cu/2026/09/04/b2a6ea77-3a65-40f9-bc8e-08def2b1d8dc.mp3","author":null,"available_dubs":[],"downloadable_assets":["https://ocb-audio-ns.akamaized.net/cu/2026/09/04/b2a6ea77-3a65-40f9-bc8e-08def2b1d8dc.mp3"],"duration_display":"3:00","duration_seconds":180.0,"embed_url":null,"id":15525,"image_caption":null,"image_url":"https://gdb.martinoticias.com/7e4343d1-5fe0-4870-a75b-e6d0d770c30b_w1200_h630.jpg","is_clip":false,"is_youtube_embed":false,"item_type":"audio","item_type_label":"Audio","language_label":"Espa\u00f1ol","media_credit":null,"micro_label":"Audio program","micro_label_kind":"audio","network_label":"Mart\u00ed Noticias","network_logo_url":"/static/uploads/direct_network_logos/ocb_0888427dcb1d.svg","published_at":"2026-09-04T17:13:19","published_at_display":"4 Sep 2026, 17:13 GMT","sequence_badge_label":null,"sequence_count":null,"sequence_count_label":null,"sequence_frames":[],"sequence_kind":null,"source_name":"ocb_spanish_audio_scrape","source_name_label":"Mart\u00ed Noticias Audio","source_type":"scrape","summary":"Concluye en Chile el V Foro Madrid contra la izquierda, organizado por Vox y la Fundaci\u00f3n Disenso. La Subsecretaria de Estado para la diplomacia p\u00fablica de EEUU, Sara B Rogers, afirma que \"la peor tentaci\u00f3n pol\u00edtica de nuestro hemisferio ha sido el socialismo\".","title":"\"El socialismo es la peor tentaci\u00f3n pol\u00edtica de nuestro hemisferio\" : Sara B. Rogers","topic":"el socialismo es la peor tentaci%C3%B3n pol%C3%ADtica de nuestro hemisferio sara b rogers","translation_language":"","url":"https://www.martinoticias.com/a/el-socialismo-es-la-peor-tentaci%C3%B3n-pol%C3%ADtica-de-nuestro-hemisferio-sara-b-rogers/476980.html","video_url":null,"youtube_conversion_active":false,"youtube_conversion_error":"","youtube_conversion_status":""},{"article_body_paragraphs":[],"audio_source_url":null,"author":"Iv\u00e1n Kasanzew","available_dubs":[],"downloadable_assets":["https://gdb.martinoticias.com/4e38cbd8-f499-40ef-cff8-08decd5b38e4_w1600_r1_n_s.png"],"duration_display":"0:00","duration_seconds":null,"embed_url":null,"id":15492,"image_caption":"Milei endureci\u00f3 el reclamo por Malvinas con sanciones a petroleras, una base naval y un llamado a la unidad.","image_url":"https://gdb.martinoticias.com/4e38cbd8-f499-40ef-cff8-08decd5b38e4_w1600_r1_n_s.png","is_clip":false,"is_youtube_embed":false,"item_type":"article","item_type_label":"Article","language_label":"Espa\u00f1ol","media_credit":"Iv\u00e1n Kasanzew","micro_label":"Photo","micro_label_kind":"gallery","network_label":"Mart\u00ed Noticias","network_logo_url":"/static/uploads/direct_network_logos/ocb_0888427dcb1d.svg","published_at":"2026-09-04T16:59:15","published_at_display":"4 Sep 2026, 16:59 GMT","sequence_badge_label":null,"sequence_count":null,"sequence_count_label":null,"sequence_frames":[],"sequence_kind":null,"source_name":"radiotelevisionmarti_com_rss","source_name_label":"Mart\u00ed Noticias RSS","source_type":"rss","summary":"El presidente Javier Milei anunci\u00f3 sanciones contra empresas vinculadas a la explotaci\u00f3n petrolera en las islas Malvinas, la firma de un Decreto de Necesidad y Urgencia (DNU) para construir una Base Naval Integrada en Tierra del Fuego y el env\u00edo urgente al Congreso de un proyecto de Ley de Defensa de la Soberan\u00eda Nacional. Lo hizo el jueves en un discurso pregrabado por cadena nacional, desde el Sal\u00f3n Blanco de la Casa Rosada y acompa\u00f1ado por todo su gabinete. \u201cLas Malvinas son argentinas, por historia y por derecho. No hay discusi\u00f3n al respecto\u201d, dijo al inicio. Sostuvo que el archipi\u00e9lago integra el territorio nacional desde el nacimiento de la patria y denunci\u00f3 la ocupaci\u00f3n brit\u00e1nica de 1833, cuando \u2014afirm\u00f3\u2014 se expuls\u00f3 a las autoridades locales para imponer una \u201csituaci\u00f3n colonial\u201d que se extiende hasta hoy. Asegur\u00f3 que los isle\u00f1os no tienen derecho leg\u00edtimo a la autodeterminaci\u00f3n por tratarse de una \u201cpoblaci\u00f3n implantada en un territorio usurpado\u201d y rest\u00f3 validez a cualquier refer\u00e9ndum local. Con base en la primera cl\u00e1usula transitoria de la Constituci\u00f3n, reafirm\u00f3 que recuperar la soberan\u00eda es un objetivo \u201cpermanente e irrenunciable\u201d, \u201crespetando el modo de vida de sus habitantes y conforme a los principios del derecho internacional\u201d. Acus\u00f3 al Reino Unido de violar resoluciones de la ONU con acciones unilaterales. Advirti\u00f3 que el proyecto petrolero offshore Sea Lion \u2014desarrollado por Navitas Petroleum y Rockhopper Exploration\u2014 representa un peligro inmediato de apropiaci\u00f3n de recursos marinos y asegur\u00f3 que la Argentina no se quedar\u00e1 de brazos cruzados. Anunci\u00f3 medidas punitivas contra quienes participen en la extracci\u00f3n de petr\u00f3leo \u201cen territorio argentino bajo ocupaci\u00f3n brit\u00e1nica\u201d. Las empresas involucradas de forma directa o indirecta \u2014incluidos directores, accionistas y proveedores\u2014 quedar\u00e1n inhabilitadas para operar en el pa\u00eds. \u201cQuienes operan en nuestras islas a espaldas del gobierno argentino tendr\u00e1n que elegir. No se pueden hacer las dos cosas\u201d, sentenci\u00f3. Inform\u00f3 que la Canciller\u00eda ya emiti\u00f3 unas 180 notas de desaliento a corporaciones y a m\u00e1s de 29 pa\u00edses. El jefe de Estado anunci\u00f3 un Decreto de Necesidad y Urgencia para ampliar el presupuesto de Defensa y construir una Base Naval Integrada en Tierra del Fuego, con un fuerte desarrollo en telecomunicaciones. \u201cEsta base nos convertir\u00e1 en el polo log\u00edstico m\u00e1s importante del Atl\u00e1ntico Sur y ser\u00e1 fundamental para la proyecci\u00f3n geopol\u00edtica de la Argentina\u201d, afirm\u00f3. En paralelo, adelant\u00f3 un proyecto de ley para endurecer las penas por explotaci\u00f3n ilegal de recursos, ampliar las sanciones a actividades que afecten el ecosistema mar\u00edtimo y crear un Consejo de Seguridad Nacional. La respuesta oficial de Londres El viernes, el ministro de Defensa brit\u00e1nico, Wes Streeting, respondi\u00f3 en X: \u201cLa declaraci\u00f3n de Milei durante la noche nos dice m\u00e1s sobre la pol\u00edtica interna en Argentina que sobre las Islas Malvinas. Las Falklands son brit\u00e1nicas porque los isle\u00f1os de las Falklands eligen ser brit\u00e1nicos. Nuestro compromiso con las Falklands es absoluto e inquebrantable\u201d. El secretario de Asuntos Exteriores, Ed Miliband, coincidi\u00f3: \u201cLas islas son y seguir\u00e1n siendo brit\u00e1nicas, ya que esa es la voluntad abrumadora de sus habitantes. Su derecho a la autodeterminaci\u00f3n es primordial, est\u00e1 respaldado por el derecho internacional y lo defenderemos con firmeza\u201d. Seg\u00fan la BBC, Downing Street afirm\u00f3 que el Reino Unido apoya el deseo de los isle\u00f1os de mantener su estatus como Territorio Brit\u00e1nico de Ultramar, que las Fuerzas Armadas permanecen en alerta para protegerlos y que el principio de autodeterminaci\u00f3n incluye el derecho a explotar los recursos naturales.","title":"Milei: \"Las Malvinas son argentinas, por historia y por derecho. No hay discusi\u00f3n al respecto\"","topic":null,"translation_language":"","url":"https://www.martinoticias.com/a/milei-las-malvinas-son-argentinas-por-historia-y-por-derecho-no-hay-discusi%c3%b3n-al-respecto/476978.html","video_url":null,"youtube_conversion_active":false,"youtube_conversion_error":"","youtube_conversion_status":""},{"article_body_paragraphs":[],"audio_source_url":"https://ocb-audio-ns.akamaized.net/cu/2026/09/04/20260904-160000-cu004-program.mp3","author":null,"available_dubs":[],"downloadable_assets":["https://ocb-audio-ns.akamaized.net/cu/2026/09/04/20260904-160000-cu004-program.mp3"],"duration_display":"29:59","duration_seconds":1799.0,"embed_url":null,"id":15498,"image_caption":null,"image_url":"https://gdb.martinoticias.com/04340000-0aff-0242-9ff1-08daa6403056_w1200_h630.jpg","is_clip":false,"is_youtube_embed":false,"item_type":"audio","item_type_label":"Audio","language_label":"Espa\u00f1ol","media_credit":null,"micro_label":"Audio program","micro_label_kind":"audio","network_label":"Mart\u00ed Noticias","network_logo_url":"/static/uploads/direct_network_logos/ocb_0888427dcb1d.svg","published_at":"2026-09-04T16:00:00","published_at_display":"4 Sep 2026, 16:00 GMT","sequence_badge_label":null,"sequence_count":null,"sequence_count_label":null,"sequence_frames":[],"sequence_kind":null,"source_name":"ocb_spanish_audio_scrape","source_name_label":"Mart\u00ed Noticias Audio","source_type":"scrape","summary":"Noticiero Radio Mart\u00ed presenta los hechos que hacen noticia en Cuba y el mundo.","title":"Noticiero de Radio Mart\u00ed 12:00 PM","topic":"Radio Mart\u00ed","translation_language":"","url":"https://www.martinoticias.com/a/475913.html","video_url":null,"youtube_conversion_active":false,"youtube_conversion_error":"","youtube_conversion_status":""}],"next_num":2,"page":1,"pages":29,"per_page":20,"prev_num":null,"total":576}
