{"applied_filters":{"end_date":"","lang":"","language":"","network":"Mart\u00ed Noticias","page":1,"per_page":20,"search":"","source":"","start_date":"","topic":"","type":"article"},"available_filters":{"language_choices":[{"label":"Choose Language","value":""},{"label":"English","value":"English"},{"label":"Espa\u00f1ol","value":"Espa\u00f1ol"}],"network_choices":[{"label":"All networks","value":""},{"label":"Mart\u00ed Noticias","value":"Mart\u00ed Noticias"}],"source_choices":[{"label":"All sources","value":""},{"label":"Mart\u00ed Noticias RSS","value":"radiotelevisionmarti_com_rss"}],"sources":["radiotelevisionmarti_com_rss"],"topics":[],"types":[["","All types"],["article","Articles"],["audio","Audio"],["video","Videos"],["clips","Clips"],["media","Media"]]},"has_next":true,"has_prev":false,"items":[{"article_body_paragraphs":[],"audio_source_url":null,"author":"Ivette Pacheco","available_dubs":[],"downloadable_assets":["https://gdb.martinoticias.com/fc316f43-cb89-42f0-8087-6fffee2eecdd_w1600_r1_n_s.jpg"],"duration_display":"0:00","duration_seconds":null,"embed_url":null,"id":15676,"image_caption":"Residentes en Matanzas cargando agua","image_url":"https://gdb.martinoticias.com/fc316f43-cb89-42f0-8087-6fffee2eecdd_w1600_r1_n_s.jpg","is_clip":false,"is_youtube_embed":false,"item_type":"article","item_type_label":"Article","language_label":"Espa\u00f1ol","media_credit":"Ivette Pacheco","micro_label":"Photo","micro_label_kind":"gallery","network_label":"Mart\u00ed Noticias","network_logo_url":"/static/uploads/direct_network_logos/ocb_0888427dcb1d.svg","published_at":"2026-09-04T21:38:48","published_at_display":"4 Sep 2026, 21:38 GMT","sequence_badge_label":null,"sequence_count":null,"sequence_count_label":null,"sequence_frames":[],"sequence_kind":null,"source_name":"radiotelevisionmarti_com_rss","source_name_label":"Mart\u00ed Noticias RSS","source_type":"rss","summary":"Un brote de infecciones gastrointestinales caracterizado por severos episodios de diarreas, v\u00f3mitos y deshidrataci\u00f3n afecta a residentes de varias provincias en Cuba, en medio de la escasez de medicamentos y deficiencias en la atenci\u00f3n m\u00e9dica. Griselda Pantoja, vecina del barrio La G\u00fcinera en La Habana, explic\u00f3 que la situaci\u00f3n es \"p\u00e9sima\" y que tras llegar deshidratada a un centro de salud solo le pudieron administrar \"un suero y otro medicamento oral\", por lo que en su hogar han recurrido a infusiones de hierbas y f\u00e1rmacos importados. \"Te da diarrea, v\u00f3mitos, dolor de cabeza y te quita el apetito\", detall\u00f3 Pantoja, a\u00f1adiendo que \"sin luz no se puede hervir agua\" y tampoco disponen de pastillas para clorarla. La Embajada de Estados Unidos en Cuba emiti\u00f3 este viernes una alerta sanitaria por el aumento significativo de estas enfermedades en la isla. La sede diplom\u00e1tica atribuy\u00f3 la problem\u00e1tica al deterioro de las infraestructuras h\u00eddrica y energ\u00e9tica, lo que impacta la calidad del agua y la conservaci\u00f3n de alimentos tras detectarse agentes pat\u00f3genos como Escherichia coli, norovirus y Shigella. La contaminaci\u00f3n del suministro figura como el detonante principal seg\u00fan testimonios recopilados por Mart\u00ed Noticias. En Centro Habana, una residente que solicit\u00f3 el anonimato indic\u00f3 que el servicio llega con un fuerte olor a amon\u00edaco por mezclarse con aguas alba\u00f1ales, cuadro agravado por la acumulaci\u00f3n de basureros y la proliferaci\u00f3n de roedores. \"El virus este de la diarrea y los v\u00f3mitos est\u00e1 nivel Dios\", afirm\u00f3 la entrevistada, quien denunci\u00f3 adem\u00e1s la desprotecci\u00f3n de los adultos mayores: \"Una vecina m\u00eda falleci\u00f3 sola en su casa, ni un trabajador social existe ya en este pa\u00eds, ni un m\u00e9dico de la familia\". El brote se extiende al resto de las provincias y abarca otras patolog\u00edas. En Media Luna, Granma, el activista Yurisnel Domenech relat\u00f3 que el agua tan llega \"negra\", lo que ha provocado malestares estomacales a quienes no la hierven. Desde el reparto Mantilla, en Arroyo Naranjo, el activista Osmany Poveda denunci\u00f3 que a los casos diarreicos se suman reportes de dengue y hepatitis, alertando sobre las p\u00e9simas condiciones en los edificios de su localidad. \"Hay tremenda cantidad de brotes... hay personas con 80 a\u00f1os, ni\u00f1os que est\u00e1n tomando el agua en extremadamente malas condiciones\", agreg\u00f3.","title":"Cuba enfrenta brote de enfermedades gastrointestinales agravado por la calidad del agua y los apagones","topic":null,"translation_language":"","url":"https://www.martinoticias.com/a/cuba-enfrenta-brote-de-enfermedades-gastrointestinales-agravado-por-la-calidad-del-agua-y-los-apagones/476993.html","video_url":null,"youtube_conversion_active":false,"youtube_conversion_error":"","youtube_conversion_status":""},{"article_body_paragraphs":[],"audio_source_url":null,"author":"Laura Artal","available_dubs":[],"downloadable_assets":["https://gdb.martinoticias.com/01000000-0aff-0242-b13d-08db1f698f8d_w1600_r1_n_s.jpg"],"duration_display":"0:00","duration_seconds":null,"embed_url":null,"id":15644,"image_caption":"ARCHIVO: Un miembro herido de los medios es llevado durante una manifestaci\u00f3n en Venezuela Foto: Manaure Quintero.","image_url":"https://gdb.martinoticias.com/01000000-0aff-0242-b13d-08db1f698f8d_w1600_r1_n_s.jpg","is_clip":false,"is_youtube_embed":false,"item_type":"article","item_type_label":"Article","language_label":"Espa\u00f1ol","media_credit":"Laura Artal","micro_label":"Photo","micro_label_kind":"gallery","network_label":"Mart\u00ed Noticias","network_logo_url":"/static/uploads/direct_network_logos/ocb_0888427dcb1d.svg","published_at":"2026-09-04T20:38:39","published_at_display":"4 Sep 2026, 20:38 GMT","sequence_badge_label":null,"sequence_count":null,"sequence_count_label":null,"sequence_frames":[],"sequence_kind":null,"source_name":"radiotelevisionmarti_com_rss","source_name_label":"Mart\u00ed Noticias RSS","source_type":"rss","summary":"Representantes de medios de comunicaci\u00f3n venezolanos presentaron ante la Comisi\u00f3n de Transici\u00f3n una propuesta con cinco medidas que consideran urgentes para garantizar la libertad de expresi\u00f3n y de prensa en Venezuela. El documento fue entregado durante una mesa de trabajo encabezada por Dinorah Figuera, presidenta de la Asamblea Nacional electa en 2015, junto a los diputados Marianela Fern\u00e1ndez, Alfonso Marquina, Marco Aurelio Qui\u00f1\u00f3nez, Juan Miguel Matheus y Julio C\u00e9sar Moreno, adem\u00e1s del secretario Marco Bozo. En representaci\u00f3n del sector informativo participaron periodistas y directivos de medios nacionales y regionales, entre ellos La Patilla, Monitoreamos, El Nacional, VPItv, El Diario, El Impulso, La Naci\u00f3n, El Carabobe\u00f1o, Correo del Caron\u00ed, La Ma\u00f1ana, El Tiempo de Anzo\u00e1tegui y Diario de Los Andes, adem\u00e1s de la C\u00e1mara Venezolana de la Industria de la Radiodifusi\u00f3n. Medios venezolanos presentan cinco garant\u00edas para recuperar la libertad de expresi\u00f3n Cinco medidas para la libertad de expresi\u00f3n La propuesta plantea, en primer lugar, el levantamiento de los bloqueos a portales informativos y que las restricciones de acceso puedan ser verificadas mediante mediciones t\u00e9cnicas independientes. Tambi\u00e9n solicita la aplicaci\u00f3n uniforme de la Ley de Amnist\u00eda en los casos que involucren a periodistas, incluyendo el cierre de causas judiciales, el levantamiento de medidas cautelares y la excarcelaci\u00f3n de quienes permanezcan privados de libertad bajo los supuestos contemplados por esa legislaci\u00f3n. Un tercer punto propone modificar el marco legal que regula a los medios y eliminar disposiciones punitivas de la Ley de Responsabilidad Social en Radio, Televisi\u00f3n y Medios Electr\u00f3nicos y otras normas que, seg\u00fan los representantes del sector, han permitido bloqueos y sanciones. El documento reclama adem\u00e1s reglas claras y p\u00fablicas para las concesiones de radio y televisi\u00f3n, as\u00ed como l\u00edmites al uso de cadenas oficiales. La quinta medida est\u00e1 dirigida a establecer mayor transparencia en las fiscalizaciones y en la distribuci\u00f3n de publicidad estatal, revisar clausuras y garantizar condiciones para el acceso a insumos necesarios para los medios impresos. VPItv presenta su caso ante la Comisi\u00f3n Durante el encuentro, Leonardo Trechi, presidente y socio de VPItv, present\u00f3 el caso del medio, sobre el cual contin\u00faa abierto un procedimiento administrativo sancionatorio por una presunta infracci\u00f3n del art\u00edculo 27 de la Ley de Responsabilidad Social en Radio, Televisi\u00f3n y Medios Electr\u00f3nicos. Trechi record\u00f3 que dentro del procedimiento tambi\u00e9n fue invocada la denominada Ley Constitucional contra el Odio y se\u00f1al\u00f3 el caso como un ejemplo de los instrumentos legales y administrativos que han afectado el ejercicio del periodismo y el acceso a informaci\u00f3n independiente. El directivo sostuvo que la libertad de expresi\u00f3n debe formar parte de las bases de cualquier proceso de transformaci\u00f3n institucional y que las garant\u00edas para periodistas y ciudadanos no deber\u00edan depender de qui\u00e9n ejerza el poder. Periodistas relatan a\u00f1os de presi\u00f3n y persecuci\u00f3n Rory Branker, director de La Patilla y expreso pol\u00edtico liberado en febrero, describi\u00f3 la reuni\u00f3n como un \u201cencuentro honesto entre perseguidos\u201d. \u201cFue un encuentro honesto entre perseguidos. La clave de entendimiento verdadera fue que tanto los diputados como los periodistas hemos sido perseguidos, presionados y acosados por el mismo terrorismo de Estado\u201d, afirm\u00f3. Gabriel Bastidas, director de Monitoreamos, se\u00f1al\u00f3 que la posibilidad de que los venezolanos puedan expresarse libremente constituye un elemento fundamental para el restablecimiento de la democracia. Rub\u00e9n Rams\u00e9s Mart\u00ednez, gerente de operaciones de El Diario, destac\u00f3 por su parte que la libertad de prensa debe convertirse en una garant\u00eda institucional permanente y no depender de circunstancias pol\u00edticas o de qui\u00e9n gobierne. La entrega del documento incorpora as\u00ed la libertad de expresi\u00f3n y las condiciones para el ejercicio del periodismo entre los asuntos planteados ante la Comisi\u00f3n de Transici\u00f3n, con medidas espec\u00edficas dirigidas no solo a eliminar restricciones existentes, sino tambi\u00e9n a impedir que puedan repetirse mediante mecanismos legales, administrativos o econ\u00f3micos.","title":"Medios venezolanos presentan cinco medidas urgentes para garantizar la libertad de expresi\u00f3n","topic":null,"translation_language":"","url":"https://www.martinoticias.com/a/medios-venezolanos-presentan-cinco-medidas-urgentes-para-garantizar-la-libertad-de-expresi%c3%b3n/476986.html","video_url":null,"youtube_conversion_active":false,"youtube_conversion_error":"","youtube_conversion_status":""},{"article_body_paragraphs":[],"audio_source_url":null,"author":"Oficina de Pol\u00edticas","available_dubs":[],"downloadable_assets":["https://gdb.martinoticias.com/cb6f422f-f597-41ca-a40a-bcd8e320c90f_cx0_cy6_cw0_w1600_r1_n_s.jpg"],"duration_display":"0:00","duration_seconds":null,"embed_url":null,"id":15647,"image_caption":"Subsecretario de Estado de EEUU Christopher Landau. Foto: REUTERS/Enea Lebrun","image_url":"https://gdb.martinoticias.com/cb6f422f-f597-41ca-a40a-bcd8e320c90f_cx0_cy6_cw0_w1600_r1_n_s.jpg","is_clip":false,"is_youtube_embed":false,"item_type":"article","item_type_label":"Article","language_label":"Espa\u00f1ol","media_credit":"Oficina de Pol\u00edticas","micro_label":"Photo","micro_label_kind":"gallery","network_label":"Mart\u00ed Noticias","network_logo_url":"/static/uploads/direct_network_logos/ocb_0888427dcb1d.svg","published_at":"2026-09-04T20:37:19","published_at_display":"4 Sep 2026, 20:37 GMT","sequence_badge_label":null,"sequence_count":null,"sequence_count_label":null,"sequence_frames":[],"sequence_kind":null,"source_name":"radiotelevisionmarti_com_rss","source_name_label":"Mart\u00ed Noticias RSS","source_type":"rss","summary":"A continuaci\u00f3n, un editorial que refleja la postura del Gobierno de los Estados Unidos En el Di\u00e1logo de Socios del Foro de las Islas del Pac\u00edfico celebrado en Palaos el 1 de septiembre, el subsecretario Christopher Landau anunci\u00f3 m\u00e1s de 150 millones de d\u00f3lares en apoyo de Estados Unidos a las islas del Pac\u00edfico. El subsecretario Landau transmiti\u00f3 este mensaje directamente a los socios de Estados Unidos, dialogando con l\u00edderes y ministros de las islas del Pac\u00edfico para reforzar la solidez y durabilidad de las asociaciones estadounidenses en la regi\u00f3n, y anunciando nuevos proyectos e inversiones financiados por Estados Unidos en las islas del Pac\u00edfico, destinados a generar prosperidad econ\u00f3mica y seguridad tanto para los estadounidenses como para los habitantes de dichas islas. \"La participaci\u00f3n continua de Estados Unidos en el Foro de las Islas del Pac\u00edfico refleja la importancia que otorgamos a estas islas como parte vital de la regi\u00f3n del indopac\u00edfico\", anunci\u00f3 el Departamento de Estado en un comunicado de prensa. \"Cuando las islas del Pac\u00edfico son estables, seguras y pr\u00f3speras, Estados Unidos tambi\u00e9n lo es\". En colaboraci\u00f3n con el Congreso, el Departamento de Estado tiene previsto destinar 60 millones de d\u00f3lares para ayudar a los pa\u00edses de las islas del Pac\u00edfico a afrontar la actual crisis energ\u00e9tica mundial, lo que incluye ampliar la capacidad de almacenamiento de combustible y apoyar la estabilidad de la red el\u00e9ctrica. La Agencia de Comercio y Desarrollo de Estados Unidos (USTDA), con financiaci\u00f3n del Departamento de Estado, reforzar\u00e1 la fiabilidad del suministro de combustible y la seguridad energ\u00e9tica mediante un estudio de viabilidad para modernizar las instalaciones portuarias, la capacidad de almacenamiento de combustible, la infraestructura de oleoductos y las pr\u00e1cticas regulatorias orientadas al mercado en Tonga. Estados Unidos, Australia, Jap\u00f3n, Nueva Zelanda y la Rep\u00fablica de Corea, junto con Taiw\u00e1n como socio clave de Palaos, apoyar\u00e1n el desarrollo y la puesta en marcha de un nuevo y moderno hospital. Estados Unidos tiene la intenci\u00f3n de modernizar el puerto de Penrhyn (Omoka) y fortalecer las conexiones de transporte en las Islas Marshall. Asimismo, la USTDA, con financiaci\u00f3n del Departamento de Estado, est\u00e1 apoyando un estudio de viabilidad para modernizar el centro nacional de datos y la red de Tonga; permitiendo un alojamiento seguro y resiliente para los sistemas gubernamentales y los servicios p\u00fablicos. El estudio impulsa un esfuerzo m\u00e1s amplio de Estados Unidos para desarrollar la infraestructura digital de Tonga bas\u00e1ndose en tecnolog\u00eda estadounidense de confianza, complementado por el apoyo del Departamento de Estado para una migraci\u00f3n segura a la nube. Estados Unidos y Palaos copresidir\u00e1n la conferencia inaugural de ministros de polic\u00eda de Estados Unidos y las Islas del Pac\u00edfico (COPMIN). La COPMIN se centrar\u00e1 en la seguridad mar\u00edtima, el tr\u00e1fico de drogas, la ciberdelincuencia y las finanzas il\u00edcitas. El Departamento de Estado de EEUU, en colaboraci\u00f3n con el Congreso, tiene previsto destinar 17 millones de d\u00f3lares para combatir la pesca ilegal, no declarada y no reglamentada (INDNR) en las islas del Pac\u00edfico. Los fondos se centrar\u00e1n en brindar apoyo jur\u00eddico para actualizar las leyes, pol\u00edticas y normativas nacionales a fin de alinearlas con los objetivos estrat\u00e9gicos regionales contra la pesca INDNR, desarrollar la capacidad de los agentes de cumplimiento mediante programas de capacitaci\u00f3n certificados e implementar nuevas tecnolog\u00edas para aumentar la capacidad de monitoreo automatizado. El compromiso de Estados Unidos con la seguridad y la prosperidad de las islas del Pac\u00edfico es firme y duradero, y constituye un pilar fundamental de su pol\u00edtica exterior de \"Estados Unidos primero\".","title":"EEUU anuncia m\u00e1s de 150 millones de d\u00f3lares para apoyar a las islas del Pac\u00edfico","topic":null,"translation_language":"","url":"https://www.martinoticias.com/a/eeuu-anuncia-m%c3%a1s-de-150-millones-de-d%c3%b3lares-para-apoyar-a-las-islas-del-pac%c3%adfico/476992.html","video_url":null,"youtube_conversion_active":false,"youtube_conversion_error":"","youtube_conversion_status":""},{"article_body_paragraphs":[],"audio_source_url":null,"author":"Jany Gonz\u00e1lez","available_dubs":[],"downloadable_assets":["https://gdb.martinoticias.com/c09cebac-1086-41d6-0431-08decd63a0c8_cx5_cy9_cw83_w1600_r1_n_s.jpg"],"duration_display":"0:00","duration_seconds":null,"embed_url":null,"id":15548,"image_caption":"\u201cQue hayan nombrado la biblioteca con el nombre de mi padre es un honor excepcional\", dijo su hija, la excongresista Ileana Ros-Lehtinen, en el homenaje de Radio y Televisi\u00f3n Mart\u00ed a la memoria del historiador Enrique Ros.","image_url":"https://gdb.martinoticias.com/c09cebac-1086-41d6-0431-08decd63a0c8_cx5_cy9_cw83_w1600_r1_n_s.jpg","is_clip":false,"is_youtube_embed":false,"item_type":"article","item_type_label":"Article","language_label":"Espa\u00f1ol","media_credit":"Jany Gonz\u00e1lez","micro_label":"Photo","micro_label_kind":"gallery","network_label":"Mart\u00ed Noticias","network_logo_url":"/static/uploads/direct_network_logos/ocb_0888427dcb1d.svg","published_at":"2026-09-04T18:27:05","published_at_display":"4 Sep 2026, 18:27 GMT","sequence_badge_label":null,"sequence_count":null,"sequence_count_label":null,"sequence_frames":[],"sequence_kind":null,"source_name":"radiotelevisionmarti_com_rss","source_name_label":"Mart\u00ed Noticias RSS","source_type":"rss","summary":"Los nombres de Enrique Ros, Pedro Roig y la Brigada de Asalto 2506 quedaron inscritos en tres espacios de la Oficina de Transmisiones a Cuba, una instituci\u00f3n cuya historia tambi\u00e9n se encuentra estrechamente vinculada con las luchas pol\u00edticas, los testimonios y las aspiraciones de varias generaciones del exilio cubano. La biblioteca de OCB, el Estudio Multimedia C de Radio Mart\u00ed y el Estudio A de TV Mart\u00ed fueron designados en honor a esas figuras e instituciones durante una ceremonia celebrada en la sede de Mart\u00ed Noticias, en Miami. El homenaje busc\u00f3 preservar tres legados diferentes, pero unidos por un prop\u00f3sito com\u00fan: documentar la historia de Cuba, llevar informaci\u00f3n independiente a la isla y mantener viva la aspiraci\u00f3n de un pa\u00eds libre. \u201cEste edificio lleva el nombre de Jorge Mas Canosa hace m\u00e1s de 20 a\u00f1os, y qu\u00e9 mejor que honrar a quienes han contribuido a la lucha del exilio\u201d, dijo \u00c1lvaro Alba, subdirector de OCB. Alba record\u00f3 que Pedro Roig fue miembro de la Brigada 2506 y posteriormente dirigi\u00f3 Radio y Televisi\u00f3n Mart\u00ed. Enrique Ros, por su parte, particip\u00f3 en la lucha clandestina dentro de Cuba durante la \u00e9poca del desembarco de Bah\u00eda de Cochinos y dedic\u00f3 buena parte de su vida a investigar y escribir sobre la historia cubana. Las designaciones convierten los espacios cotidianos de la organizaci\u00f3n, en lugares de memoria. Los nombres elegidos representan distintas etapas de la historia contempor\u00e1nea de Cuba: la oposici\u00f3n clandestina, el desembarco de abril de 1961, la consolidaci\u00f3n del exilio y la creaci\u00f3n de medios dirigidos a romper el monopolio informativo del r\u00e9gimen cubano. \u201cQu\u00e9 mejor que honrar a quienes han contribuido a la lucha del exilio\u201d, dijo \u00c1lvaro Alba, subdirector de OCB en el acto conmemorativo. Una biblioteca para preservar la historia La biblioteca de OCB recibi\u00f3 el nombre de Enrique Ros, escritor, historiador y activista que consagr\u00f3 gran parte de su vida a recopilar documentos y narrar episodios de la historia pol\u00edtica cubana. Ros escribi\u00f3 cerca de 20 libros sobre Cuba y mantuvo durante a\u00f1os una relaci\u00f3n estrecha con Radio Mart\u00ed, donde tuvo un programa semanal. Su obra abord\u00f3 figuras, acontecimientos y movimientos pol\u00edticos que marcaron a la isla y a su comunidad exiliada. A la ceremonia asistieron su hija, la excongresista federal Ileana Ros-Lehtinen, y otros integrantes de la familia Ros-Lehtinen. Para la exlegisladora, regresar a la sede de la organizaci\u00f3n signific\u00f3 volver a un lugar que form\u00f3 parte de la vida profesional e intelectual de su padre. \u201cMe siento muy honrada de regresar a mi segundo hogar, porque Radio y TV Mart\u00ed siempre han tenido un espacio muy especial en mi coraz\u00f3n y en mi mente\u201d, expres\u00f3. Ros-Lehtinen asegur\u00f3 que la designaci\u00f3n representa un reconocimiento que trasciende el v\u00ednculo familiar. \u201cQue hayan nombrado la biblioteca con el nombre de mi padre es un honor excepcional, porque mi padre era historiador sobre Cuba, escribi\u00f3 casi 20 libros sobre Cuba y ten\u00eda un programa aqu\u00ed en Radio Mart\u00ed todas las semanas. \u00c9l formaba parte de la familia de Radio y TV Mart\u00ed\u201d. La selecci\u00f3n de una biblioteca para recordar a Enrique Ros guarda una relaci\u00f3n directa con el trabajo al que dedic\u00f3 gran parte de su vida: conservar la memoria escrita de Cuba. En un pa\u00eds donde el relato hist\u00f3rico ha permanecido durante d\u00e9cadas bajo el control del Estado, su obra busc\u00f3 documentar acontecimientos y protagonistas que quedaron fuera de la versi\u00f3n oficial. El homenaje tambi\u00e9n subray\u00f3 el papel del exilio como depositario de archivos, testimonios y experiencias que dif\u00edcilmente habr\u00edan encontrado espacio dentro de las instituciones controladas por el r\u00e9gimen cubano. \u201cSu vida era Radio Mart\u00ed\u201d El Estudio Multimedia C de Radio Mart\u00ed fue dedicado a Pedro Roig, abogado, historiador, veterano de la Brigada 2506 y exdirector de Radio y Televisi\u00f3n Mart\u00ed. Roig dedic\u00f3 d\u00e9cadas a promover el acceso de los cubanos a informaci\u00f3n independiente y sin censura. Su trayectoria combin\u00f3 la experiencia directa de la lucha contra el r\u00e9gimen cubano con el trabajo intelectual y la direcci\u00f3n de medios de comunicaci\u00f3n. Conmemoran en Radio y Televisi\u00f3n Mart\u00ed (OCB) la memoria del director Pedro Roig. El reconocimiento ocurri\u00f3 poco m\u00e1s de dos meses despu\u00e9s de su fallecimiento, por lo que la ceremonia tuvo un significado particularmente emotivo para su familia. Su compa\u00f1era de vida, Alina Roig, asisti\u00f3 al acto a pesar del dolor reciente por su p\u00e9rdida. \u201c\u00c9l falleci\u00f3 hace dos meses y pico y todav\u00eda estoy muy afectada, pero no me quer\u00eda perder este acto porque su vida era Radio Mart\u00ed\u201d, dijo. En esa frase, breve y personal, qued\u00f3 resumida una trayectoria estrechamente vinculada con la misi\u00f3n de la organizaci\u00f3n. Para Roig, Radio Mart\u00ed no fue \u00fanicamente un lugar de trabajo. Fue una extensi\u00f3n de una causa pol\u00edtica y personal que comenz\u00f3 mucho antes de su llegada a la instituci\u00f3n. Su hijo, Gustavo Roig, agradeci\u00f3 que el nombre de su padre quedara unido a uno de los estudios desde los cuales se producen y transmiten contenidos para Cuba. \u201cEs un gran honor poder estar aqu\u00ed y que todo el mundo reconozca la labor que hizo durante toda su vida por una Cuba libre\u201d, expres\u00f3. La designaci\u00f3n permitir\u00e1 que periodistas, productores y t\u00e9cnicos recuerden diariamente la trayectoria de Roig mientras trabajan en el estudio que ahora lleva su nombre. Es tambi\u00e9n una forma de enlazar a las nuevas generaciones de comunicadores con quienes ocuparon esos espacios en otros momentos de la historia de la instituci\u00f3n. Un estudio dedicado a la Brigada 2506 El tercer reconocimiento fue para la Brigada de Asalto 2506, integrada por cubanos que participaron en el desembarco de Bah\u00eda de Cochinos en abril de 1961. El Estudio A de TV Mart\u00ed llevar\u00e1 desde ahora el nombre de la Brigada 2506, uno de los s\u00edmbolos m\u00e1s reconocidos de la oposici\u00f3n armada al r\u00e9gimen de Fidel Castro durante los primeros a\u00f1os de la revoluci\u00f3n. Conmemoran en Radio y Televisi\u00f3n Mart\u00ed (OCB) la memoria de la Brigada 2506. Eduardo Zayas-Baz\u00e1n se sinti\u00f3 honrado por el reconocimiento. M\u00e1s de seis d\u00e9cadas despu\u00e9s de aquellos acontecimientos, el desembarco contin\u00faa ocupando un lugar central en la memoria pol\u00edtica del exilio cubano. Para sus veteranos y familiares, el episodio representa no solo una operaci\u00f3n militar fallida, sino tambi\u00e9n el sacrificio de quienes intentaron cambiar el rumbo pol\u00edtico de la isla. Eduardo Zayas-Baz\u00e1n, presidente de la organizaci\u00f3n de veteranos de la Brigada 2506, agradeci\u00f3 que el reconocimiento procediera precisamente de Radio y Televisi\u00f3n Mart\u00ed. \u201cMuy honrado, sobre todo porque es Radio y TV Mart\u00ed la que est\u00e1 honrando a la Brigada\u201d, se\u00f1al\u00f3. El veterano Carlos Le\u00f3n Acosta describi\u00f3 la relaci\u00f3n de Mart\u00ed Noticias con los cubanos dentro y fuera de la isla mediante una imagen que se repiti\u00f3 como una de las ideas centrales de la ceremonia. \u201cLa admiraci\u00f3n es inmensa porque ustedes son y han sido un faro toda la vida\u201d, afirm\u00f3. La palabra \u201cfaro\u201d adquiri\u00f3 una relevancia especial durante el acto. Para los participantes, describi\u00f3 la funci\u00f3n de un medio que intenta llegar a una audiencia sometida a censura y restricciones informativas, pero tambi\u00e9n represent\u00f3 la continuidad de una causa transmitida entre generaciones. La informaci\u00f3n como forma de libertad Jennifer DeMaster, asesora legal especial de la Agencia de Estados Unidos para los Medios Globales, particip\u00f3 en la ceremonia en representaci\u00f3n de USAGM, la entidad federal a la que pertenece OCB. DeMaster destac\u00f3 el trabajo de quienes han defendido durante a\u00f1os la posibilidad de que los cubanos tengan acceso a informaci\u00f3n e ideas que el Gobierno de la isla limita o censura. \u201cHa sido un evento maravilloso para ver a tanta gente que ha luchado duro para que la voz del pueblo cubano sea escuchada y para que pueda acceder a la informaci\u00f3n, a las ideas y a todo lo que representa la libertad que el r\u00e9gimen cubano no le permite tener\u201d, expres\u00f3 la funcionaria. Sus palabras situaron el homenaje m\u00e1s all\u00e1 del recuerdo individual de los tres nombres seleccionados. La ceremonia tambi\u00e9n sirvi\u00f3 para reafirmar el papel de Mart\u00ed Noticias como un medio creado para informar a una audiencia que no dispone de una prensa libre dentro de su pa\u00eds. A lo largo de los a\u00f1os, las v\u00edas utilizadas para llegar a Cuba han cambiado. Las transmisiones tradicionales de radio y televisi\u00f3n han tenido que convivir con p\u00e1ginas digitales, videos, redes sociales y otras plataformas dise\u00f1adas para responder tanto a los avances tecnol\u00f3gicos como a los obst\u00e1culos impuestos por el r\u00e9gimen cubano. Tambi\u00e9n han cambiado los h\u00e1bitos de la audiencia y las formas de censura. Pero los directivos de la organizaci\u00f3n insistieron en que el principio fundamental contin\u00faa siendo el mismo: que los cubanos puedan contrastar versiones, conocer hechos silenciados por los medios oficiales y formarse sus propias opiniones. Una advertencia para las nuevas generaciones El acto no estuvo dedicado exclusivamente al pasado. Varios de los asistentes presentaron la preservaci\u00f3n de la memoria hist\u00f3rica como una responsabilidad frente a las nuevas generaciones. La senadora estatal de Florida Ana Mar\u00eda Rodr\u00edguez llam\u00f3 la atenci\u00f3n sobre la necesidad de que los ni\u00f1os y j\u00f3venes conozcan las consecuencias de los sistemas comunistas. \u201cCon respecto a la educaci\u00f3n de nuestros hijos aqu\u00ed en la Florida, es importante que aprendan los peligros del comunismo\u201d, afirm\u00f3. \u201cTenemos el socialismo toc\u00e1ndonos la puerta aqu\u00ed en Estados Unidos y no podemos permitir que esto venga a nuestro pa\u00eds\u201d. Dariel Fern\u00e1ndez, recaudador de impuestos de Miami-Dade, tambi\u00e9n describi\u00f3 la ceremonia como un mensaje dirigido a quienes no vivieron personalmente los acontecimientos que obligaron a miles de cubanos a abandonar la isla. \u201cSignifica, sobre todas las cosas, un mensaje para las nuevas generaciones: que no podemos olvidar nuestras ra\u00edces, pero tampoco podemos olvidar lo que el comunismo y el socialismo han hecho, en especial en la isla de Cuba\u201d, dijo. El paso del tiempo se ha convertido en uno de los principales desaf\u00edos para las organizaciones hist\u00f3ricas del exilio. Muchos de los protagonistas de sus primeros a\u00f1os han fallecido y una parte considerable de los cubanos que viven hoy en Estados Unidos naci\u00f3 despu\u00e9s de 1959 o fuera de la isla. \u201cBenditos los pies de aquellos que traen la buena nueva\u201d La ceremonia incluy\u00f3 una invocaci\u00f3n del padre Jos\u00e9 Joaqu\u00edn Espino, p\u00e1rroco de la Ermita de la Caridad, uno de los principales centros religiosos y simb\u00f3licos de la comunidad cubana en Miami. El sacerdote recurri\u00f3 a una frase de un salmo para reconocer a quienes llevan mensajes de esperanza. \u201cRecord\u00e9 una frase: \u2018Benditos los pies de aquellos que traen la buena nueva\u2019\u201d, explic\u00f3. La referencia religiosa vincul\u00f3 la misi\u00f3n informativa de Mart\u00ed Noticias con una idea que ha acompa\u00f1ado a buena parte del exilio: la esperanza de regresar alg\u00fan d\u00eda a una Cuba libre o, al menos, de contribuir desde fuera a su transformaci\u00f3n. Para numerosas familias cubanas, las transmisiones hacia la isla han significado durante d\u00e9cadas una conexi\u00f3n con informaci\u00f3n que no aparece en los medios estatales. En otros casos, han servido para visibilizar a presos pol\u00edticos, activistas, familiares de detenidos y ciudadanos que denuncian las condiciones dentro del pa\u00eds. Un mensaje para Cuba Al concluir su participaci\u00f3n, Ileana Ros-Lehtinen dirigi\u00f3 un mensaje a los cubanos dentro de la isla. La excongresista reconoci\u00f3 la gravedad de la situaci\u00f3n que enfrenta el pa\u00eds, pero sostuvo que la lucha por sus derechos contin\u00faa tanto dentro como fuera de Cuba. \u201cAunque sean momentos sumamente dif\u00edciles, de los peores que ha pasado nuestra patria, vienen momentos de alegr\u00eda y de celebraci\u00f3n\u201d, afirm\u00f3. Ros-Lehtinen dijo que las transmisiones de Radio y Televisi\u00f3n Mart\u00ed llevan \u201cun mensaje de esperanza y optimismo\u201d y permiten que la poblaci\u00f3n conozca la verdad sobre lo que ocurre en Cuba y en el resto del mundo. La exlegisladora reclam\u00f3 justicia para el pueblo cubano, libertad para los presos pol\u00edticos, pluralidad partidista y libre expresi\u00f3n de ideas. \u201c\u00bfPor qu\u00e9 el pueblo cubano no merece esas libertades b\u00e1sicas?\u201d, cuestion\u00f3. La pregunta qued\u00f3 como una s\u00edntesis del significado pol\u00edtico que los organizadores atribuyeron al homenaje. Los nombres de Enrique Ros, Pedro Roig y la Brigada 2506 no fueron presentados \u00fanicamente como recuerdos de una historia terminada, sino como s\u00edmbolos de una causa que sus familiares y compa\u00f1eros consideran todav\u00eda inconclusa. OCB rinde homenaje a Enrique Ros, Pedro Roig y la Brigada 2506","title":"\u201cUstedes han sido un faro toda la vida\u201d: OCB honra tres legados del exilio cubano","topic":null,"translation_language":"","url":"https://www.martinoticias.com/a/ustedes-han-sido-un-faro-toda-la-vida-ocb-honra-tres-legados-del-exilio-cubano/476985.html","video_url":null,"youtube_conversion_active":false,"youtube_conversion_error":"","youtube_conversion_status":""},{"article_body_paragraphs":[],"audio_source_url":null,"author":"Redacci\u00f3n Mart\u00ed Noticias","available_dubs":[],"downloadable_assets":["https://gdb.martinoticias.com/0e756bb1-ccb7-499b-af6b-33dae316d5b8_cx0_cy10_cw0_w1600_r1_n_s.jpg"],"duration_display":"0:00","duration_seconds":null,"embed_url":null,"id":15528,"image_caption":"Fidel Ernesto Castro Calis, nieto de Ra\u00fal Castro e hijo de Alejandro Castro Esp\u00edn fue incluido en la Lista de Nacionales Especialmente Designados la OFAC. (Foto de Adalberto ROQUE / AFP)","image_url":"https://gdb.martinoticias.com/0e756bb1-ccb7-499b-af6b-33dae316d5b8_cx0_cy10_cw0_w1600_r1_n_s.jpg","is_clip":false,"is_youtube_embed":false,"item_type":"article","item_type_label":"Article","language_label":"Espa\u00f1ol","media_credit":"Redacci\u00f3n Mart\u00ed Noticias","micro_label":"Photo","micro_label_kind":"gallery","network_label":"Mart\u00ed Noticias","network_logo_url":"/static/uploads/direct_network_logos/ocb_0888427dcb1d.svg","published_at":"2026-09-04T17:49:08","published_at_display":"4 Sep 2026, 17:49 GMT","sequence_badge_label":null,"sequence_count":null,"sequence_count_label":null,"sequence_frames":[],"sequence_kind":null,"source_name":"radiotelevisionmarti_com_rss","source_name_label":"Mart\u00ed Noticias RSS","source_type":"rss","summary":"Las nuevas sanciones de Estados Unidos contra integrantes y fuentes de financiamiento del r\u00e9gimen cubano anunciadas este jueves han desatado reacciones dentro y fuera de la isla, con llamados a aumentar la presi\u00f3n sobre las estructuras econ\u00f3micas vinculadas al poder. Las medidas, anunciadas por la Oficina de Control de Activos Extranjeros (OFAC), incluyen a Fidel Ernesto Castro Calis, nieto de Ra\u00fal Castro e hijo de Alejandro Castro Esp\u00edn, en la Lista de Nacionales Especialmente Designados. EEUU con m\u00e1s sanciones a la \u00e9lite de Castro y sus v\u00edas de financiamiento \u201cEst\u00e1 muy bien que se sancione a los principales ladrones, a los causantes precisamente de ese terrible drama, de ese profundo sufrimiento que vive el pueblo cubano. Las sanciones son muy acertadas, muy necesarias\u201d, dijo Jos\u00e9 Daniel Ferrer, Coordinador General de la UNPACU, a Mart\u00ed Noticias. El senador republicano por Florida, Rick Scott, calific\u00f3 el anuncio como \u201cuna excelente noticia\u201d y dijo que durante a\u00f1os ha pedido responsabilizar a las \u00e9lites y redes financieras del r\u00e9gimen por enriquecerse mientras la poblaci\u00f3n enfrenta privaciones. \u201cLa maldad de este r\u00e9gimen no comenz\u00f3 y termin\u00f3 con Fidel Castro; perdura a trav\u00e9s de su familia y de los funcionarios corruptos y allegados al r\u00e9gimen que contin\u00faan sosteniendo esta dictadura comunista asesina\", dijo el legislador. Por su parte, el congresista cubanoamericano Carlos Gim\u00e9nez sostuvo que \"toda la familia Castro en Cuba debe enfrentar la justicia\" por lo que describi\u00f3 como innumerables cr\u00edmenes contra la humanidad. Las sanciones incluyen a cinco entidades estatales vinculadas con los sectores financiero, petrolero y minero: el Banco Exterior de Cuba, CUPET, Nicarotec, ABAPET y CEXNI. La inclusi\u00f3n en la lista de OFAC implica que los bienes e intereses de los designados sujetos a jurisdicci\u00f3n estadounidense quedan bloqueados. Como regla general, ciudadanos y empresas de Estados Unidos tampoco pueden realizar transacciones con ellos. \u201cDurante alg\u00fan tiempo el \u00fanico sector que se ve\u00eda con cierta actividad eran las mipymes y lo que estamos observamos es que las mipymes est\u00e1n mostrando gran nivel de desabastecimiento y muchas veces escasean productos que en el pasado eran muy comunes y ahora mismo no se pueden encontrar\u201d, dijo a Mart\u00ed Noticias Alejandro Tur Valladares. El periodista independiente de Cienfuegos valor\u00f3 que esta nueva ronda de sanciones impacta directamente a \u201centidades clave de la econom\u00eda del r\u00e9gimen\u201d. Rubio sobre nuevas sanciones al r\u00e9gimen de Cuba: mientras el pueblo sufre la c\u00fapula acapara los recursos El secretario de Estado, Marco Rubio, afirm\u00f3 que las designaciones buscan afectar las redes financieras y estructuras utilizadas por la \u00e9lite del r\u00e9gimen cubano para controlar los recursos del pa\u00eds. \"Mientras el pueblo cubano sufre, la familia Castro y sus allegados acaparan los recursos y contin\u00faan perpetuando su control total sobre la econom\u00eda de la isla\", se\u00f1al\u00f3 Rubio . El jefe de la diplomacia estadounidense asegur\u00f3 que las acciones reflejan el compromiso de la administraci\u00f3n Trump de desmantelar las redes financieras il\u00edcitas y los aparatos represivos vinculados al r\u00e9gimen. En contraste, el canciller cubano Bruno Rodr\u00edguez Parrila, dijo que \u201cno ser\u00eda serio creer que una isla de estas dimensiones pueda constituir una amenaza para la mayor potencia militar del mundo\u201d. Las designaciones se amparan en la Orden Ejecutiva 144404, firmada por Donald Trump en mayo de este a\u00f1o para autorizar sanciones contra personas y entidades vinculadas con la represi\u00f3n en Cuba y con amenazas a la seguridad nacional y la pol\u00edtica exterior de Estados Unidos. En junio, Washington sancion\u00f3 a Miguel D\u00edaz-Canel, su esposa Lis Cuesta, su hijastro Manuel Anido; Alejandro Castro Esp\u00edn y Ra\u00fal Alejandro Castro Calis (padre y hermano de Fidel Ernesto Castro Calis), adem\u00e1s de varias insituciones y empresas estatales. Nuevas sanciones de EEUU quiebran l\u00edneas de financiamiento del r\u00e9gimen y el c\u00edrculo cerrado del castrismo Ese mismo mes, otra ronda alcanz\u00f3 a Lilliam Rueda Cardero, esposa de Castro Esp\u00edn, y a cinco entidades vinculadas con GAESA y los sectores financiero, sider\u00fargico y minero. Las medidas del jueves extienden ahora las sanciones a otro descendiente de Ra\u00fal Castro y a nuevas estructuras relacionadas con la banca y la explotaci\u00f3n de recursos energ\u00e9ticos y minerales.","title":"Reacciones dentro y fuera de Cuba tras sanciones de EEUU a la \u00e9lite de Castro","topic":null,"translation_language":"","url":"https://www.martinoticias.com/a/reacciones-dentro-y-fuera-de-cuba-tras-sanciones-de-eeuu-a-la-%c3%a9lite-de-castro/476974.html","video_url":null,"youtube_conversion_active":false,"youtube_conversion_error":"","youtube_conversion_status":""},{"article_body_paragraphs":[],"audio_source_url":null,"author":"Ariane Gonz\u00e1lez","available_dubs":[],"downloadable_assets":["https://gdb.martinoticias.com/322dcb19-b805-4361-cff9-08decd5b38e4_cx5_cy5_cw83_w1600_r1_n_s.jpeg"],"duration_display":"0:00","duration_seconds":null,"embed_url":null,"id":15530,"image_caption":"La Federaci\u00f3n Latinoamericana de Mujeres Rurales (FLAMUR) entreg\u00f3 materiales escolares, ropa, calzado y medicamentos en Cuba","image_url":"https://gdb.martinoticias.com/322dcb19-b805-4361-cff9-08decd5b38e4_cx5_cy5_cw83_w1600_r1_n_s.jpeg","is_clip":false,"is_youtube_embed":false,"item_type":"article","item_type_label":"Article","language_label":"Espa\u00f1ol","media_credit":"Ariane Gonz\u00e1lez","micro_label":"Photo","micro_label_kind":"gallery","network_label":"Mart\u00ed Noticias","network_logo_url":"/static/uploads/direct_network_logos/ocb_0888427dcb1d.svg","published_at":"2026-09-04T17:49:04","published_at_display":"4 Sep 2026, 17:49 GMT","sequence_badge_label":null,"sequence_count":null,"sequence_count_label":null,"sequence_frames":[],"sequence_kind":null,"source_name":"radiotelevisionmarti_com_rss","source_name_label":"Mart\u00ed Noticias RSS","source_type":"rss","summary":"La Federaci\u00f3n Latinoamericana de Mujeres Rurales (FLAMUR) entreg\u00f3 materiales escolares, ropa, calzado y medicamentos en diez provincias de Cuba para ayudar a familias afectadas por la crisis y, de manera especial, a los ni\u00f1os que comienzan un nuevo curso escolar en medio de numerosas carencias. Magdelivia Hidalgo, directora ejecutiva de FLAMUR, explic\u00f3 a Mart\u00ed Noticias que la organizaci\u00f3n desarrolla esta iniciativa desde hace varios a\u00f1os con el prop\u00f3sito de acompa\u00f1ar a los sectores m\u00e1s vulnerables de la poblaci\u00f3n. La Federaci\u00f3n Latinoamericana de Mujeres Rurales (FLAMUR) entreg\u00f3 materiales escolares, ropa, calzado y medicamentos en Cuba \u201cLa Federaci\u00f3n Latinoamericana de Mujeres Rurales ha decidido sembrar esperanza en la ni\u00f1ez cubana. Esto lo llevamos haciendo por muchos a\u00f1os\u201d, afirm\u00f3 Hidalgo. La activista se\u00f1al\u00f3 que la ayuda busca aliviar las necesidades materiales de los menores ante el comienzo de un per\u00edodo escolar marcado por la escasez. \u201cHemos entregado materiales escolares, ropa, calzado y medicamentos en diez provincias, con el prop\u00f3sito de aliviar la dif\u00edcil situaci\u00f3n que enfrenta nuestro pueblo y apoyar especialmente a los ni\u00f1os ante el inicio de un nuevo curso lleno de dolor, tristeza y carencias\u201d, declar\u00f3. La iniciativa fue coordinada mediante la red de 12 centros c\u00edvicos que FLAMUR mantiene en igual n\u00famero de provincias. Hidalgo destac\u00f3 la participaci\u00f3n de las mujeres que trabajan en esos espacios y contin\u00faan desarrollando acciones comunitarias pese a las dificultades que enfrentan. \u201cEsta labor fue posible gracias a nuestro esfuerzo en los 12 centros c\u00edvicos y al compromiso de mujeres valientes que, aun en medio de grandes dificultades, contin\u00faan sembrando amor, solidaridad y esperanza\u201d, expres\u00f3. La Federaci\u00f3n Latinoamericana de Mujeres Rurales (FLAMUR) entreg\u00f3 materiales escolares, ropa, calzado y medicamentos en Cuba FLAMUR indic\u00f3 en una publicaci\u00f3n en Facebook que cada art\u00edculo distribuido tiene un significado que trasciende su valor material, pues representa un mensaje de respaldo a los menores y sus familias. \u201cCada cuaderno, cada par de zapatos y cada medicamento entregado representan mucho m\u00e1s que una ayuda material. Son la demostraci\u00f3n de que nuestros ni\u00f1os no est\u00e1n solos\u201d, subray\u00f3 Hidalgo. La directora ejecutiva de la organizaci\u00f3n afirm\u00f3 que estas acciones tambi\u00e9n reflejan su aspiraci\u00f3n de construir un pa\u00eds en el que los ni\u00f1os puedan estudiar y desarrollarse en condiciones dignas. \u201cFLAMUR cree firmemente en una rep\u00fablica mejor y sabemos que eso es posible: una Cuba libre, justa y pr\u00f3spera, donde cada ni\u00f1o pueda estudiar, crecer con dignidad y construir su futuro\u201d, concluy\u00f3.","title":"FLAMUR entrega \u00fatiles escolares, ropa y medicamentos a ni\u00f1os en Cuba","topic":null,"translation_language":"","url":"https://www.martinoticias.com/a/flamur-entrega-%c3%batiles-escolares-ropa-y-medicamentos-a-ni%c3%b1os-cubanos/476981.html","video_url":null,"youtube_conversion_active":false,"youtube_conversion_error":"","youtube_conversion_status":""},{"article_body_paragraphs":[],"audio_source_url":null,"author":"Iv\u00e1n Kasanzew","available_dubs":[],"downloadable_assets":["https://gdb.martinoticias.com/4e38cbd8-f499-40ef-cff8-08decd5b38e4_w1600_r1_n_s.png"],"duration_display":"0:00","duration_seconds":null,"embed_url":null,"id":15492,"image_caption":"Milei endureci\u00f3 el reclamo por Malvinas con sanciones a petroleras, una base naval y un llamado a la unidad.","image_url":"https://gdb.martinoticias.com/4e38cbd8-f499-40ef-cff8-08decd5b38e4_w1600_r1_n_s.png","is_clip":false,"is_youtube_embed":false,"item_type":"article","item_type_label":"Article","language_label":"Espa\u00f1ol","media_credit":"Iv\u00e1n Kasanzew","micro_label":"Photo","micro_label_kind":"gallery","network_label":"Mart\u00ed Noticias","network_logo_url":"/static/uploads/direct_network_logos/ocb_0888427dcb1d.svg","published_at":"2026-09-04T16:59:15","published_at_display":"4 Sep 2026, 16:59 GMT","sequence_badge_label":null,"sequence_count":null,"sequence_count_label":null,"sequence_frames":[],"sequence_kind":null,"source_name":"radiotelevisionmarti_com_rss","source_name_label":"Mart\u00ed Noticias RSS","source_type":"rss","summary":"El presidente Javier Milei anunci\u00f3 sanciones contra empresas vinculadas a la explotaci\u00f3n petrolera en las islas Malvinas, la firma de un Decreto de Necesidad y Urgencia (DNU) para construir una Base Naval Integrada en Tierra del Fuego y el env\u00edo urgente al Congreso de un proyecto de Ley de Defensa de la Soberan\u00eda Nacional. Lo hizo el jueves en un discurso pregrabado por cadena nacional, desde el Sal\u00f3n Blanco de la Casa Rosada y acompa\u00f1ado por todo su gabinete. \u201cLas Malvinas son argentinas, por historia y por derecho. No hay discusi\u00f3n al respecto\u201d, dijo al inicio. Sostuvo que el archipi\u00e9lago integra el territorio nacional desde el nacimiento de la patria y denunci\u00f3 la ocupaci\u00f3n brit\u00e1nica de 1833, cuando \u2014afirm\u00f3\u2014 se expuls\u00f3 a las autoridades locales para imponer una \u201csituaci\u00f3n colonial\u201d que se extiende hasta hoy. Asegur\u00f3 que los isle\u00f1os no tienen derecho leg\u00edtimo a la autodeterminaci\u00f3n por tratarse de una \u201cpoblaci\u00f3n implantada en un territorio usurpado\u201d y rest\u00f3 validez a cualquier refer\u00e9ndum local. Con base en la primera cl\u00e1usula transitoria de la Constituci\u00f3n, reafirm\u00f3 que recuperar la soberan\u00eda es un objetivo \u201cpermanente e irrenunciable\u201d, \u201crespetando el modo de vida de sus habitantes y conforme a los principios del derecho internacional\u201d. Acus\u00f3 al Reino Unido de violar resoluciones de la ONU con acciones unilaterales. Advirti\u00f3 que el proyecto petrolero offshore Sea Lion \u2014desarrollado por Navitas Petroleum y Rockhopper Exploration\u2014 representa un peligro inmediato de apropiaci\u00f3n de recursos marinos y asegur\u00f3 que la Argentina no se quedar\u00e1 de brazos cruzados. Anunci\u00f3 medidas punitivas contra quienes participen en la extracci\u00f3n de petr\u00f3leo \u201cen territorio argentino bajo ocupaci\u00f3n brit\u00e1nica\u201d. Las empresas involucradas de forma directa o indirecta \u2014incluidos directores, accionistas y proveedores\u2014 quedar\u00e1n inhabilitadas para operar en el pa\u00eds. \u201cQuienes operan en nuestras islas a espaldas del gobierno argentino tendr\u00e1n que elegir. No se pueden hacer las dos cosas\u201d, sentenci\u00f3. Inform\u00f3 que la Canciller\u00eda ya emiti\u00f3 unas 180 notas de desaliento a corporaciones y a m\u00e1s de 29 pa\u00edses. El jefe de Estado anunci\u00f3 un Decreto de Necesidad y Urgencia para ampliar el presupuesto de Defensa y construir una Base Naval Integrada en Tierra del Fuego, con un fuerte desarrollo en telecomunicaciones. \u201cEsta base nos convertir\u00e1 en el polo log\u00edstico m\u00e1s importante del Atl\u00e1ntico Sur y ser\u00e1 fundamental para la proyecci\u00f3n geopol\u00edtica de la Argentina\u201d, afirm\u00f3. En paralelo, adelant\u00f3 un proyecto de ley para endurecer las penas por explotaci\u00f3n ilegal de recursos, ampliar las sanciones a actividades que afecten el ecosistema mar\u00edtimo y crear un Consejo de Seguridad Nacional. La respuesta oficial de Londres El viernes, el ministro de Defensa brit\u00e1nico, Wes Streeting, respondi\u00f3 en X: \u201cLa declaraci\u00f3n de Milei durante la noche nos dice m\u00e1s sobre la pol\u00edtica interna en Argentina que sobre las Islas Malvinas. Las Falklands son brit\u00e1nicas porque los isle\u00f1os de las Falklands eligen ser brit\u00e1nicos. Nuestro compromiso con las Falklands es absoluto e inquebrantable\u201d. El secretario de Asuntos Exteriores, Ed Miliband, coincidi\u00f3: \u201cLas islas son y seguir\u00e1n siendo brit\u00e1nicas, ya que esa es la voluntad abrumadora de sus habitantes. Su derecho a la autodeterminaci\u00f3n es primordial, est\u00e1 respaldado por el derecho internacional y lo defenderemos con firmeza\u201d. Seg\u00fan la BBC, Downing Street afirm\u00f3 que el Reino Unido apoya el deseo de los isle\u00f1os de mantener su estatus como Territorio Brit\u00e1nico de Ultramar, que las Fuerzas Armadas permanecen en alerta para protegerlos y que el principio de autodeterminaci\u00f3n incluye el derecho a explotar los recursos naturales.","title":"Milei: \"Las Malvinas son argentinas, por historia y por derecho. No hay discusi\u00f3n al respecto\"","topic":null,"translation_language":"","url":"https://www.martinoticias.com/a/milei-las-malvinas-son-argentinas-por-historia-y-por-derecho-no-hay-discusi%c3%b3n-al-respecto/476978.html","video_url":null,"youtube_conversion_active":false,"youtube_conversion_error":"","youtube_conversion_status":""},{"article_body_paragraphs":[],"audio_source_url":null,"author":"Redacci\u00f3n Mart\u00ed Noticias","available_dubs":[],"downloadable_assets":["https://gdb.martinoticias.com/e50f9946-8430-4f54-7d5f-08debb5a54fb_cx0_cy4_cw0_w1600_r1_n_s.jpg"],"duration_display":"0:00","duration_seconds":null,"embed_url":null,"id":15463,"image_caption":"Personas transportan recipientes con agua en La Habana, el 3 de junio de 2026. (Foto AP/Ramon Espinosa)","image_url":"https://gdb.martinoticias.com/e50f9946-8430-4f54-7d5f-08debb5a54fb_cx0_cy4_cw0_w1600_r1_n_s.jpg","is_clip":false,"is_youtube_embed":false,"item_type":"article","item_type_label":"Article","language_label":"Espa\u00f1ol","media_credit":"Redacci\u00f3n Mart\u00ed Noticias","micro_label":"Photo","micro_label_kind":"gallery","network_label":"Mart\u00ed Noticias","network_logo_url":"/static/uploads/direct_network_logos/ocb_0888427dcb1d.svg","published_at":"2026-09-04T15:59:42","published_at_display":"4 Sep 2026, 15:59 GMT","sequence_badge_label":null,"sequence_count":null,"sequence_count_label":null,"sequence_frames":[],"sequence_kind":null,"source_name":"radiotelevisionmarti_com_rss","source_name_label":"Mart\u00ed Noticias RSS","source_type":"rss","summary":"En lo que va de 2026, la Embajada de los Estados Unidos en La Habana ha emitido varias alertas y mensajes dirigidos principalmente a ciudadanos estadounidenses en Cuba o con planes de viajar a la isla, la que publica este 4 de septiembre informa de un aumento significativo de enfermedades diarreicas en todo el pa\u00eds. La alerta indica que esto est\u00e1 asociado al deterioro de la infraestructura de agua y energ\u00eda, que afecta el suministro de agua y el almacenamiento y control de temperatura de los alimentos. Entre los pat\u00f3genos detectados figuran E. coli, norovirus, Shigella y otros agentes gastrointestinales. La sede diplom\u00e1tica recomienda precauci\u00f3n con carnes, aves, mariscos, huevos, l\u00e1cteos y dem\u00e1s alimentos perecederos que puedan haber sido mal almacenados, evitar alimentos expuestos a temperatura ambiente durante periodos prolongados, no consumir verduras crudas o mal lavadas y tener cuidado con comidas cocinadas que luego se enfr\u00edan, almacenan o recalientan. La advertencia sugiere lavarse las manos con agua y jab\u00f3n antes de comer y despu\u00e9s de usar el ba\u00f1o, ya que el desinfectante de manos puede ser menos eficaz contra ciertos pat\u00f3genos como el norovirus. En cuanto al agua, pide usar \u00fanicamente agua segura para beber, cepillarse los dientes, preparar hielo y cocinar, consumir agua embotellada o tratada con sellos intactos, evitar el hielo de origen desconocido y no emplear agua del grifo sin tratar, advirtiendo adem\u00e1s que la contaminaci\u00f3n puede ocurrir al lavar alimentos, utensilios o superficies. Para quienes enfermen, la alerta recomienda hidratarse especialmente ante diarrea o v\u00f3mitos frecuentes y buscar atenci\u00f3n m\u00e9dica ante diarrea persistente o grave, heces con sangre, fiebre alta, dolor abdominal intenso, v\u00f3mitos repetidos, signos de deshidrataci\u00f3n o s\u00edntomas que no mejoran; tambi\u00e9n recuerda que medicamentos comunes como paracetamol, ibuprofeno o antibi\u00f3ticos suelen escasear en Cuba y conviene llevar un suministro propio. Antes de esta alerta, el 1 de septiembre de 2026 la Embajada emiti\u00f3 una alerta de seguridad por un aumento notable de hurtos y robos de veh\u00edculos en La Habana, que incluyen sustracci\u00f3n de objetos del interior, robo de piezas como espejos retrovisores y limpiaparabrisas e incluso intentos de llevarse el autom\u00f3vil completo, en un contexto de deterioro econ\u00f3mico y mayor delincuencia. El 28 de agosto de 2026 public\u00f3 otra alerta sanitaria sobre la creciente inestabilidad del suministro de agua, barrios sin servicio durante periodos prolongados, sequ\u00eda y cortes de energ\u00eda que interrumpen la cadena de fr\u00edo, con riesgos para la salud y la seguridad. El 12 de agosto de 2026 difundi\u00f3 una alerta meteorol\u00f3gica sobre la temporada de huracanes del Atl\u00e1ntico 2026, que se extiende hasta el 30 de noviembre y para la cual NOAA prev\u00e9 entre 8 y 14 tormentas nombradas, 3 a 6 huracanes y 1 a 3 de gran intensidad, recordando que la red el\u00e9ctrica cubana es inestable. El 3 de agosto de 2026 y el 6 de julio de 2026 emiti\u00f3 alertas de seguridad por apagones totales debidos al colapso de la red el\u00e9ctrica, con cortes de telefon\u00eda e internet.","title":"Embajada de EEUU alerta sobre enfermedades diarreicas en todo el pa\u00eds","topic":null,"translation_language":"","url":"https://www.martinoticias.com/a/embajada-de-eeuu-alerta-sobre-enfermedades-diarreicas-en-todo-el-pa%c3%ads/476976.html","video_url":null,"youtube_conversion_active":false,"youtube_conversion_error":"","youtube_conversion_status":""},{"article_body_paragraphs":[],"audio_source_url":null,"author":"Iv\u00e1n Kasanzew","available_dubs":[],"downloadable_assets":["https://gdb.martinoticias.com/36ed012f-4369-49c6-87e4-81fcdf3a4719_w1600_r1_n_s.jpg"],"duration_display":"0:00","duration_seconds":null,"embed_url":null,"id":15368,"image_caption":"Marco Rubio realiza declaraciones a los medios luego de reunirse con el presidente de Paraguay el 4 de agosto de 2026.","image_url":"https://gdb.martinoticias.com/36ed012f-4369-49c6-87e4-81fcdf3a4719_w1600_r1_n_s.jpg","is_clip":false,"is_youtube_embed":false,"item_type":"article","item_type_label":"Article","language_label":"Espa\u00f1ol","media_credit":"Iv\u00e1n Kasanzew","micro_label":"Photo","micro_label_kind":"gallery","network_label":"Mart\u00ed Noticias","network_logo_url":"/static/uploads/direct_network_logos/ocb_0888427dcb1d.svg","published_at":"2026-09-04T14:46:46","published_at_display":"4 Sep 2026, 14:46 GMT","sequence_badge_label":null,"sequence_count":null,"sequence_count_label":null,"sequence_frames":[],"sequence_kind":null,"source_name":"radiotelevisionmarti_com_rss","source_name_label":"Mart\u00ed Noticias RSS","source_type":"rss","summary":"El secretario de Estado, Marco Rubio, realizar\u00e1 una gira oficial por Colombia, Ecuador y Per\u00fa del 8 al 10 de septiembre de 2026, seg\u00fan confirm\u00f3 el Departamento de Estado a trav\u00e9s de un comunicado oficial. Este viaje estrat\u00e9gico busca consolidar las alianzas pol\u00edticas, comerciales y de seguridad de Washington en la regi\u00f3n. La gira coincide con la reciente llegada al poder de nuevos gobiernos alineados ideol\u00f3gicamente con la administraci\u00f3n de Donald Trump. Durante el viaje, Rubio se reunir\u00e1 con el nuevo gobierno de Abelardo de la Espriella en Colombia, con el presidente Daniel Noboa en Ecuador y con el nuevo gobierno de Keiko Fujimori en Per\u00fa. Los temas previstos incluyen el apoyo estadounidense a la respuesta de Colombia ante el terremoto, una mayor cooperaci\u00f3n contra el \u201cnarcoterrorismo\u201d que, seg\u00fan Washington, amenaza al hemisferio, y los beneficios de relaciones comerciales m\u00e1s profundas entre los pa\u00edses. El secretario de Estado de EE. UU., Marco Rubio, se reunir\u00e1 con funcionarios gubernamentales para coordinar el apoyo a Colombia tras el reciente terremoto, seg\u00fan inform\u00f3 el portavoz adjunto principal del Departamento de Estado, Tommy Pigott. En tanto, el subsecretario de Estado para Asuntos del Hemisferio Occidental, Juan Pablo Segura, confirm\u00f3 que el secretario Marco Rubio realizar\u00e1 este viaje con el objetivo de fortalecer las alianzas estrat\u00e9gicas y promover una regi\u00f3n m\u00e1s segura, pr\u00f3spera y democr\u00e1tica. Esta visita ser\u00e1 la primera de Rubio a Colombia y Per\u00fa como jefe de la diplomacia estadounidense. En cambio, en Ecuador ya se hab\u00eda reunido con el presidente Daniel Noboa durante un viaje en septiembre de 2025. Este itinerario responde a la pol\u00edtica de Washington que, desde el segundo mandato de Donald Trump, prioriza el hemisferio occidental, el combate a los c\u00e1rteles y la cooperaci\u00f3n con gobiernos alineados a su agenda. La gira busca la consolidaci\u00f3n del \"Escudo de las Am\u00e9ricas\", la alianza antinarc\u00f3ticos lanzada oficialmente por la Casa Blanca en marzo de 2026. En marzo pasado, Rubio describio el \"Escudo de las Am\u00e9ricas\" como \"un \"compromiso compartido para combatir las fuerzas desestabilizadoras de las organizaciones criminales transnacionales y los narcoterroristas en nuestra regi\u00f3n\".","title":"Rubio realizar\u00e1 gira andina centrada en seguridad, comercio y crisis clim\u00e1tica","topic":null,"translation_language":"","url":"https://www.martinoticias.com/a/rubio-realizara-gira-andina-centrada-en-seguridad-comercio-y-crisis-climatica/476973.html","video_url":null,"youtube_conversion_active":false,"youtube_conversion_error":"","youtube_conversion_status":""},{"article_body_paragraphs":[],"audio_source_url":null,"author":"Yolanda Huerga","available_dubs":[],"downloadable_assets":["https://gdb.martinoticias.com/c24823be-708a-4458-042f-08decd63a0c8_w1600_r1_n_s.jpg"],"duration_display":"0:00","duration_seconds":null,"embed_url":null,"id":15228,"image_caption":"El humorista Eduardo Ceballos P\u00e9rez fue arrestado tras grabar uno de sus programas, que parodian los documentales de Discovery Channel, en un lugar con armamentos obsoletos. El r\u00e9gimen cubano lo mantiene detenido en la prisi\u00f3n de alta seguridad Combinado del Este en La Habana.","image_url":"https://gdb.martinoticias.com/c24823be-708a-4458-042f-08decd63a0c8_w1600_r1_n_s.jpg","is_clip":false,"is_youtube_embed":false,"item_type":"article","item_type_label":"Article","language_label":"Espa\u00f1ol","media_credit":"Yolanda Huerga","micro_label":"Photo","micro_label_kind":"gallery","network_label":"Mart\u00ed Noticias","network_logo_url":"/static/uploads/direct_network_logos/ocb_0888427dcb1d.svg","published_at":"2026-09-04T12:30:00","published_at_display":"4 Sep 2026, 12:30 GMT","sequence_badge_label":null,"sequence_count":null,"sequence_count_label":null,"sequence_frames":[],"sequence_kind":null,"source_name":"radiotelevisionmarti_com_rss","source_name_label":"Mart\u00ed Noticias RSS","source_type":"rss","summary":"La madre del creador de Despingovery Channel asegur\u00f3 a Mart\u00ed Noticias que el encarcelamiento ha trastocado por completo la vida familiar y denuncia que, tras el rechazo de varios recursos legales, preparan una nueva acci\u00f3n ante el Tribunal Militar. El humorista y creador de contenido cubano Eduardo \u201cEddy\u201d Ceballos, conocido por retratar con s\u00e1tira el deterioro urbano, econ\u00f3mico y social de Cuba a trav\u00e9s de su programa Despingovery Channel , permanece en prisi\u00f3n preventiva en el Combinado del Este, despu\u00e9s de m\u00e1s de tres meses detenido, mientras su familia asegura vivir entre la incertidumbre, el desgaste emocional y el recelo frente a posibles represalias. Arrestado el 1\u00ba. de junio, en la capital cubana, tras publicar un video grabado en una instalaci\u00f3n militar abandonada, en la que aparec\u00edan antiguos misiles sovi\u00e9ticos, sistemas de radar, b\u00fankeres deteriorados y otros restos de equipamiento militar, fue enviado bajo \"prisi\u00f3n preventiva\" a la c\u00e1rcel de m\u00e1xima seguridad de La Habana, tras concluir un acelerado proceso de investigaci\u00f3n penal. Su madre, Marieta P\u00e9rez, detall\u00f3 que el proceso penal contin\u00faa abierto. Ceballos est\u00e1 acusado de espionaje y de revelaci\u00f3n de secretos concernientes a la seguridad del Estado, y la investigaci\u00f3n se tramita bajo jurisdicci\u00f3n militar. La defensa ha intentado sin \u00e9xito conseguir su excarcelaci\u00f3n. Primero fue rechazado un cambio de medida cautelar y posteriormente fue denegado un recurso de queja presentado ante una instancia superior de la Fiscal\u00eda. La familia prepara ahora una nueva acci\u00f3n legal. \u201cAhora vamos a presentar un control judicial ante el Tribunal Militar\u201d, indic\u00f3 P\u00e9rez. En el sistema jur\u00eddico cubano, el control judicial es el mecanismo mediante el cual los tribunales revisan, supervisan y determinan la legalidad de los actos, decisiones y medidas cautelares adoptadas por la Fiscal\u00eda o las autoridades de investigaci\u00f3n durante el proceso penal. Pero m\u00e1s all\u00e1 del proceso judicial, P\u00e9rez destac\u00f3 las consecuencias que la detenci\u00f3n est\u00e1 teniendo sobre el entorno m\u00e1s cercano de Ceballos. El n\u00facleo familiar, describi\u00f3, vive pr\u00e1cticamente en funci\u00f3n de las necesidades del detenido y de las gestiones relacionadas con su caso. \u201cTodos lo estamos pasando mal\u201d, lament\u00f3. La situaci\u00f3n tambi\u00e9n ha transformado la econom\u00eda dom\u00e9stica. Ceballos era el principal proveedor de su esposa y de su hija, por lo que su encarcelamiento dej\u00f3 a ambas sin esa fuente de sustento. A ello se suma la carga cotidiana que antes asum\u00eda el humorista. Desde tareas tan b\u00e1sicas como cargar agua durante los per\u00edodos de desabastecimiento hasta las responsabilidades dom\u00e9sticas, su ausencia se hace sentir diariamente. Mientras tanto, el resto de la familia dedica buena parte de su tiempo a conseguir productos para llevarle a prisi\u00f3n, conversar con abogados, realizar tr\u00e1mites y atender las gestiones relacionadas con el proceso. \u201cToda la rutina de la familia est\u00e1 en funci\u00f3n de eso desde que comenzamos el proceso en el mes de junio\u201d, resumi\u00f3 P\u00e9rez. Uno de los aspectos m\u00e1s dif\u00edciles de la detenci\u00f3n es el impacto sobre la hija de Ceballos, de apenas cinco a\u00f1os. La familia ha tratado de protegerla de una realidad que todav\u00eda resulta dif\u00edcil de comprender a su edad. A la menor le han dicho que su padre se encuentra trabajando en una escuela, ense\u00f1ando a otras personas lo que sabe hacer. No obstante, la ni\u00f1a comienza a percibir la ausencia: \u201cMi pap\u00e1, \u00bfpor qu\u00e9 est\u00e1 trabajando tanto? Que no trabaje tanto ya, que regrese, que yo lo extra\u00f1o\u201d, relat\u00f3 su abuela. La peque\u00f1a ha acompa\u00f1ado a la familia durante las tres visitas m\u00e1s recientes a Ceballos. Cuando las autoridades permiten introducir papel y crayolas, pasa parte del encuentro dibujando corazones y flores para su padre y otras personas. P\u00e9rez explic\u00f3 que en ocasiones ni siquiera permiten introducir esos materiales debido a las restricciones impuestas dentro de la prisi\u00f3n. Las comunicaciones constituyen otro obst\u00e1culo. Seg\u00fan P\u00e9rez, Ceballos dispone de poco tiempo para realizar llamadas y generalmente prioriza conversar con su esposa y su hija. A esas limitaciones se a\u00f1ade el mal estado de los tel\u00e9fonos del penal. \u201cLos tel\u00e9fonos del lugar est\u00e1n rotos. Son tel\u00e9fonos fijos y todas las comunicaciones, en general, est\u00e1n funcionando mal. All\u00ed casi no hay tel\u00e9fonos disponibles\u201d, recalc\u00f3. Desde prisi\u00f3n, Ceballos envi\u00f3 anteriormente una carta, en la que rechaz\u00f3 las acusaciones en su contra y se defini\u00f3 como \u201cun artista, no un esp\u00eda\u201d. Adem\u00e1s denunci\u00f3 la mala provisi\u00f3n de alimentos y agua a los reclusos. P\u00e9rez reconoce que la repercusi\u00f3n p\u00fablica del encarcelamiento del artista ha sido importante para que la familia no se sienta sola, si bien considera que esa visibilidad tiene una doble dimensi\u00f3n. Por un lado, las muestras de solidaridad, especialmente desde la di\u00e1spora cubana, han representado un respaldo importante. \u201cUno siente que est\u00e1 apoyado, y efectivamente lo estamos. Las personas se preocupan, mucho m\u00e1s quienes viven fuera, porque pueden expresarse con mayor libertad\u201d, enfatiz\u00f3. Sin embargo, esa misma exposici\u00f3n incrementa, de acuerdo a P\u00e9rez, la tensi\u00f3n que experimenta la familia dentro de Cuba. \u201cEleva la tensi\u00f3n en el \u00e1mbito interno, porque es algo que est\u00e1 fiscalizado, controlado y atendido muy especialmente por las personas que ejercen el poder\u201d, afirm\u00f3. La madre de Ceballos manifest\u00f3 que la familia teme posibles castigos. Aunque hasta ahora no se ha producido un enfrentamiento directo contra ellos, han sentido \u201calgunos peque\u00f1os indicios\u201d que mantienen viva esa preocupaci\u00f3n. P\u00e9rez agreg\u00f3 que el miedo se refleja, del mismo modo, en algunas personas cercanas al entorno familiar. Mientras vecinos y conocidos se interesan por Ceballos y algunos colaboran con alimentos, leche, cigarros u otros productos dentro de sus limitadas posibilidades, otros prefieren mantenerse al margen. \u201cVeo personas que, incluso siendo amigas, no quieren comprometerse. Tienen una opini\u00f3n, pero no la hacen p\u00fablica en las redes porque no quieren involucrarse, precisamente por temor\u201d. A m\u00e1s de tres meses del arresto, la familia contin\u00faa reclamando la libertad de Ceballos y cuestionando las pruebas que sustentan el proceso. Mientras esperan el pr\u00f3ximo paso, su vida cotidiana contin\u00faa condicionada por una detenci\u00f3n cuyo desenlace sigue siendo incierto.","title":"Creador de Despingovery lleva m\u00e1s de tres meses en prisi\u00f3n; su familia intenta nueva acci\u00f3n legal","topic":null,"translation_language":"","url":"https://www.martinoticias.com/a/familia-de-eddy-ceballos-teme-represalias-mientras-el-humorista-cumple-tres-meses-en-prisi%c3%b3n-preventiva/476911.html","video_url":null,"youtube_conversion_active":false,"youtube_conversion_error":"","youtube_conversion_status":""},{"article_body_paragraphs":[],"audio_source_url":null,"author":"Mario J. Pent\u00f3n","available_dubs":[],"downloadable_assets":["https://gdb.martinoticias.com/31cc4bfb-c7cb-4d01-7d45-08debb5a54fb_cx0_cy40_cw0_w1600_r1_n_s.jpg"],"duration_display":"0:00","duration_seconds":null,"embed_url":null,"id":15230,"image_caption":"Ra\u00fal Guillermo Rodr\u00edguez Castro, nieto del general Ra\u00fal Castro, ha sido una figura clave en las conversaciones entre Cuba y Estados Unidos.","image_url":"https://gdb.martinoticias.com/31cc4bfb-c7cb-4d01-7d45-08debb5a54fb_cx0_cy40_cw0_w1600_r1_n_s.jpg","is_clip":false,"is_youtube_embed":false,"item_type":"article","item_type_label":"Article","language_label":"Espa\u00f1ol","media_credit":"Mario J. Pent\u00f3n","micro_label":"Photo","micro_label_kind":"gallery","network_label":"Mart\u00ed Noticias","network_logo_url":"/static/uploads/direct_network_logos/ocb_0888427dcb1d.svg","published_at":"2026-09-04T12:07:15","published_at_display":"4 Sep 2026, 12:07 GMT","sequence_badge_label":null,"sequence_count":null,"sequence_count_label":null,"sequence_frames":[],"sequence_kind":null,"source_name":"radiotelevisionmarti_com_rss","source_name_label":"Mart\u00ed Noticias RSS","source_type":"rss","summary":"Ra\u00fal Guillermo Rodr\u00edguez Castro, nieto del general Ra\u00fal Castro y figura clave en las conversaciones entre Cuba y Estados Unidos, maniobr\u00f3 en las comunicaciones con el equipo negociador estadounidense despu\u00e9s de que agentes del Bur\u00f3 Federal de Investigaciones visitaran a dos familiares suyos residentes en Miami, seg\u00fan dijeron fuentes cercanas al proceso a Mart\u00ed Noticias. Los j\u00f3venes visitados por los agentes fueron Carlos Ernesto y Camilo P\u00e9rez-Oliva, hijos de \u00d3scar P\u00e9rez-Oliva Fraga, actual viceprimer ministro y ministro del Comercio Exterior y la Inversi\u00f3n Extranjera y sobrino nieto de Fidel y Ra\u00fal Castro, dictadores de Cuba. \u201cEstaba furioso. Les dijo a los estadounidenses que esa actuaci\u00f3n contra los hijos de \u00d3scar era inaceptable y que minaba cualquier posibilidad de di\u00e1logo\u201d, asegur\u00f3 una de las fuentes, que ha desempe\u00f1ado un papel importante en la mediaci\u00f3n entre la Administraci\u00f3n del presidente Donald Trump y el r\u00e9gimen cubano. Carlos Ernesto y Camilo P\u00e9rez-Oliva, hijos de \u00d3scar P\u00e9rez-Oliva Fraga Una fuente del Departamento de Estado dijo a Mart\u00ed Noticias que \u201cen ning\u00fan momento las negociaciones estuvieron en peligro\u201d, matizando la declaraci\u00f3n de una fuente oficial cubana que dio por roto el di\u00e1logo entre el gobierno de Trump y el r\u00e9gimen. \u201cEn realidad, las conversaciones contin\u00faan y, hasta ahora, el r\u00e9gimen no ha estado dispuesto a aceptar nada que pueda ayudar al pueblo cubano y que, en \u00faltima instancia, amenace su control total\u201d, declar\u00f3 a Mart\u00ed Noticias un portavoz del Departamento de Estado. Aunque el Departamento de Estado evit\u00f3 dar comentarios sobre esta historia, un funcionario al que se le concedi\u00f3 el anonimato para hablar de temas sensibles confirm\u00f3 la comunicaci\u00f3n entre Ra\u00fal Guillermo y el equipo negociador para interceder por los hijos del viceministro, pariente de la familia Castro. Mart\u00ed Noticias no ha podido determinar por qu\u00e9 los agentes federales visitaron a los hermanos, en qu\u00e9 condici\u00f3n fueron contactados ni si la actuaci\u00f3n estaba relacionada con alguna investigaci\u00f3n. Frank Quintero, experto en Derecho Criminal, dijo a Mart\u00ed Noticias que una visita del FBI \u201cno significa, por s\u00ed sola, que una persona sea sospechosa de alg\u00fan delito\u201d. \u201cLa persona puede tener alg\u00fan tipo de conocimiento o informaci\u00f3n y el FBI puede hacerle una entrevista para obtener informaci\u00f3n\u201d, dijo. Las fuentes indicaron que los investigadores pidieron a los hijos de P\u00e9rez Oliva-Fraga el n\u00famero celular de su padre, pero los j\u00f3venes se negaron a entregarlo. Los agentes tambi\u00e9n indicaron a los hermanos que las autoridades norteamericanas quer\u00edan tener un acercamiento con P\u00e9rez-Oliva Fraga, indic\u00f3 la fuente de Mart\u00ed Noticias. Los j\u00f3venes se lo hicieron saber a su padre, que a su vez lo transmiti\u00f3 a El Cangrejo. El contacto con funcionarios extranjeros sin autorizaci\u00f3n est\u00e1 severamente castigado en la legislaci\u00f3n cubana. El exministro de econom\u00eda cubano, Alejandro Gil, purga una condena de cadena perpetua por espionaje y, seg\u00fan la informaci\u00f3n recibida por Mart\u00ed Noticias, una pieza clave en su juicio fue el acercamiento de un funcionario extranjero con el que, seg\u00fan la fiscal\u00eda del r\u00e9gimen, tuvo comunicaci\u00f3n. El FBI no respondi\u00f3 de inmediato a una solicitud de comentarios de Mart\u00ed Noticias. Los hijos del viceprimer ministro cubano en Miami Carlos Ernesto y Camilo P\u00e9rez-Oliva Gonz\u00e1lez llegaron a EEUU siendo menores de edad, junto a su madre, a trav\u00e9s de la frontera sur. Estudiaron en la Universidad Internacional de la Florida y actualmente residen en el Estado, donde mantienen negocios de bajo perfil y no vinculados con Cuba, seg\u00fan sus propias declaraciones. Su padre, \u00d3scar P\u00e9rez-Oliva Fraga, ocupa uno de los cargos m\u00e1s importantes dentro del Gobierno cubano. Adem\u00e1s de ministro del Comercio Exterior y la Inversi\u00f3n Extranjera, se desempe\u00f1a como viceprimer ministro. Analistas han visto en \u00e9l un posible delf\u00edn de la familia Castro para suceder al impopular Miguel D\u00edaz-Canel. Oscar Perez-Oliva Fraga, ministro del comercio exterior y sobrino nieto de Ra\u00fal y Fidel Castro. P\u00e9rez-Oliva Fraga es nieto de \u00c1ngela Castro, hermana de Fidel y Ra\u00fal Castro. Sus hijos pertenecen, por tanto, a una generaci\u00f3n posterior de esa familia. Los hijos de P\u00e9rez-Oliva Fraga no respondieron a una solicitud de comentarios. Camilo P\u00e9rez-Oliva respondi\u00f3 p\u00fablicamente a cuestionamientos sobre su llegada a Estados Unidos, sus estudios, sus negocios y sus v\u00ednculos con el poder cubano. \u201cDecidimos irnos de Cuba por las mismas razones que la gran mayor\u00eda de los cubanos: la falta de libertades, el descontento con el sistema pol\u00edtico y las aspiraciones de un futuro mejor\u201d, escribi\u00f3. Niegan haber recibido dinero de Cuba y rechazan al r\u00e9gimen Camilo tambi\u00e9n rechaz\u00f3 que el r\u00e9gimen cubano o su padre financiaran sus estudios y negocios. El joven neg\u00f3 adem\u00e1s las acusaciones de apoyar al r\u00e9gimen cubano y asegur\u00f3 que ha denunciado p\u00fablicamente la situaci\u00f3n de la isla. Tambi\u00e9n dijo haber participado en una manifestaci\u00f3n en Miami durante las protestas del 11 de julio de 2021 y afirm\u00f3 que sigue de cerca el trabajo de los activistas que documentan la represi\u00f3n dentro de Cuba. Camilo reconoci\u00f3, sin embargo, una diferencia pol\u00edtica profunda con su padre. \u201cAunque lo admiro como hombre y como padre, jam\u00e1s quisiera que tuviera ese cargo ni ninguno dentro del Gobierno cubano\u201d, escribi\u00f3. \u201cConsciente o inconscientemente, apoya a la dictadura, y yo recibo ataques injustos por decisiones en las que no tengo participaci\u00f3n ni respaldo\u201d, agreg\u00f3.","title":"El Cangrejo maniobr\u00f3 en el di\u00e1logo con EEUU para proteger a dos familiares de los Castro en Miami","topic":null,"translation_language":"","url":"https://www.martinoticias.com/a/el-cangrejo-maniobr%c3%b3-en-el-di%c3%a1logo-con-eeuu-para-proteger-a-dos-familiares-de-los-castro-en-miami/476884.html","video_url":null,"youtube_conversion_active":false,"youtube_conversion_error":"","youtube_conversion_status":""},{"article_body_paragraphs":[],"audio_source_url":null,"author":"Redacci\u00f3n Mart\u00ed Noticias","available_dubs":[],"downloadable_assets":["https://gdb.martinoticias.com/61D72EFF-5ECD-43BA-9B92-9BB2233483EB_cx0_cy9_cw0_w1600_r1_n_s.jpg"],"duration_display":"0:00","duration_seconds":null,"embed_url":null,"id":14774,"image_caption":"ARCHIVO. Los gobernantes de Nicaragua, Daniel Ortega; de Venezuela, Nicol\u00e1s Maduro; de Bolivia, Evo Morales; y de Cuba, Ra\u00fal Castro, en la XIII Cumbre de la Alianza Bolivariana para los Pueblos de Nuestra Am\u00e9rica (ALBA) en La Habana, el 14 de diciembre de 2014.","image_url":"https://gdb.martinoticias.com/61D72EFF-5ECD-43BA-9B92-9BB2233483EB_cx0_cy9_cw0_w1600_r1_n_s.jpg","is_clip":false,"is_youtube_embed":false,"item_type":"article","item_type_label":"Article","language_label":"Espa\u00f1ol","media_credit":"Redacci\u00f3n Mart\u00ed Noticias","micro_label":"Photo","micro_label_kind":"gallery","network_label":"Mart\u00ed Noticias","network_logo_url":"/static/uploads/direct_network_logos/ocb_0888427dcb1d.svg","published_at":"2026-09-03T22:32:01","published_at_display":"3 Sep 2026, 22:32 GMT","sequence_badge_label":null,"sequence_count":null,"sequence_count_label":null,"sequence_frames":[],"sequence_kind":null,"source_name":"radiotelevisionmarti_com_rss","source_name_label":"Mart\u00ed Noticias RSS","source_type":"rss","summary":"La subsecretaria de Estado para Diplomacia P\u00fablica y Asuntos P\u00fablicos de Estados Unidos, Sarah B. Rogers, pronunci\u00f3 este jueves una ponencia magistral en el V Encuentro Regional de Foro Madrid, celebrado en el Centro de Eventos San Carlos de Apoquindo, en Santiago de Chile. En la misma jornada intervinieron el presidente de Argentina, Javier Milei; el presidente de Chile, Jos\u00e9 Antonio Kast; y la primera designada presidencial de Honduras, Mar\u00eda Antonieta Mej\u00eda, entre otras autoridades de Iberoam\u00e9rica, Estados Unidos y Europa. El presidente de Argentina, Javier Milei, asiste a la ceremonia de apertura de la V Reuni\u00f3n Regional del Foro de Madrid, en Santiago de Chile, el 3 de septiembre de 2026. REUTERS/Pablo Sanhueza El foro, organizado por la Fundaci\u00f3n Disenso se desarrolla el 3 y 4 de septiembre bajo el lema \u201cUna nueva era para Iberoam\u00e9rica\u201d, re\u00fane a l\u00edderes, parlamentarios y centros de pensamiento en torno a cuatro ejes: democracia y libertad, econom\u00eda y prosperidad, seguridad y Estado de derecho, y defensa de Occidente. Rogers, quien asumi\u00f3 el cargo en octubre de 2025, public\u00f3 al t\u00e9rmino de su intervenci\u00f3n un mensaje en el que enmarc\u00f3 el encuentro en un cambio de \u00e9poca en el hemisferio. \u201cLas naciones del Nuevo Mundo fueron creadas como actos de voluntad dentro de la historia reciente, por fundadores que persiguieron fortuna m\u00e1s all\u00e1 del horizonte y construyeron algo nuevo\u201d, escribi\u00f3. A\u00f1adi\u00f3 que \u201cla peor tentaci\u00f3n pol\u00edtica de nuestro hemisferio ha sido el socialismo: una pol\u00edtica del rencor sembrada por adversarios estatales y no estatales que resiente la soberan\u00eda y el \u00e9xito de los pa\u00edses que funcionan\u201d. Seg\u00fan la funcionaria, los votantes \u201cest\u00e1n rechazando cada vez m\u00e1s esos llamados\u201d y Estados Unidos \u201cse mantiene con nuestros amigos en el hemisferio occidental en honor a nuestras ra\u00edces, valores, libertades y futuro occidentales\u201d. El d\u00eda anterior, en Santiago, Rogers hab\u00eda anticipado que su objetivo era impulsar las prioridades estadounidenses de colaboraci\u00f3n en el hemisferio occidental, en particular \u201cpromover socios seguros, fuertes y pr\u00f3speros\u201d en temas como el narcoterrorismo y la migraci\u00f3n. Tambi\u00e9n sostuvo una audiencia privada con Milei, prevista en la agenda del presidente argentino en Chile. Milei inaugur\u00f3 el encuentro con un discurso de tono confrontacional. Felicit\u00f3 a Kast por su llegada a La Moneda, reivindic\u00f3 el per\u00edodo posterior al derrocamiento de Salvador Allende como una etapa de \u201cestabilidad y crecimiento\u201d y afirm\u00f3 que Chile \u201ccay\u00f3 en la farsa del socialismo del siglo XXI\u201d.","title":"\"La peor tentaci\u00f3n pol\u00edtica de nuestro hemisferio ha sido el socialismo\", denuncia subsecretaria de Estado","topic":null,"translation_language":"","url":"https://www.martinoticias.com/a/la-peor-tentaci%c3%b3n-pol%c3%adtica-de-nuestro-hemisferio-ha-sido-el-socialismo-denuncia-subsecretaria-de-estado/476918.html","video_url":null,"youtube_conversion_active":false,"youtube_conversion_error":"","youtube_conversion_status":""},{"article_body_paragraphs":[],"audio_source_url":null,"author":"Jorge Morej\u00f3n","available_dubs":[],"downloadable_assets":["https://gdb.martinoticias.com/01000000-0a00-0242-0f55-08dc01628393_w1600_r1_n_s.jpg"],"duration_display":"0:00","duration_seconds":null,"embed_url":null,"id":14722,"image_caption":"El peso completo cubano Frank S\u00e1nchez buscar\u00e1 la corona mundial de la FIB ante el criata Filip Hrgovic en fecha por determinarse.","image_url":"https://gdb.martinoticias.com/01000000-0a00-0242-0f55-08dc01628393_w1600_r1_n_s.jpg","is_clip":false,"is_youtube_embed":false,"item_type":"article","item_type_label":"Article","language_label":"Espa\u00f1ol","media_credit":"Jorge Morej\u00f3n","micro_label":"Photo","micro_label_kind":"gallery","network_label":"Mart\u00ed Noticias","network_logo_url":"/static/uploads/direct_network_logos/ocb_0888427dcb1d.svg","published_at":"2026-09-03T20:41:01","published_at_display":"3 Sep 2026, 20:41 GMT","sequence_badge_label":null,"sequence_count":null,"sequence_count_label":null,"sequence_frames":[],"sequence_kind":null,"source_name":"radiotelevisionmarti_com_rss","source_name_label":"Mart\u00ed Noticias RSS","source_type":"rss","summary":"El boxeador cubano Frank S\u00e1nchez ya sabe qui\u00e9n deber\u00eda ser su pr\u00f3ximo rival. Ahora s\u00f3lo le falta la fecha. S\u00e1nchez, quien busca convertirse en el primer cubano campe\u00f3n mundial del peso supercompleto, se medir\u00e1 al croata Filip Hrgovic por la corona de la Federaci\u00f3n Internacional de Boxeo (FIB). El guantanamero hab\u00eda dado un paso al costado para permitir que Hrgovic y el brit\u00e1nico Moses Itauma pelearan por el cintur\u00f3n que qued\u00f3 vacante en la FIB tras el retiro del ucraniano Oleksandr Usyk, con el compromiso de que el ganador se medir\u00eda de manera obligatoria con \u00e9l. El fin de semana pasado, el croata se impuso por nocaut t\u00e9cnico a Itauma en nueve rounds, luego de que el brit\u00e1nico dominara los primeros asaltos. Pero Hrgovic result\u00f3 ser un muro de piedra, que resisti\u00f3 todos los golpes que su rival le lanz\u00f3, para contraatacar cuando el joven del Reino Unido acus\u00f3 cansancio por la intensidad de la pelea. Ya en el noveno round, Itauma no pod\u00eda levantar sus brazos y los golpes del croata entraban limpiamente a su anatom\u00eda, por el que el referee orden\u00f3 detener las acciones. Con r\u00e9cord de 26 victorias, 19 de ellas por nocaut, y una derrota, el guantanamero de 34 a\u00f1os, apodado The Flash, tendr\u00e1 que apelar a su mejor versi\u00f3n, para derrotar a una mole que ense\u00f1\u00f3 un poder de asimilaci\u00f3n pocas veces visto. S\u00e1nchez, quien se ha labrado un camino dentro de la \u00e9lite de la divisi\u00f3n m\u00e1xima, hab\u00eda ganado el derecho de disputar el cintur\u00f3n de la FIB ante Usyk, tras su \u00faltimo triunfo, el pasado mes de mayo sobre el estadounidense Richard Torrez, en Giza, Egipto. Pero el ucraniano, que pele\u00f3 en el mismo cartel, renunci\u00f3 a las coronas de la FIB, de la Asociaci\u00f3n Mundial de Boxeo (AMB) y el Consejo Mundial de Boxeo (CMB), luego de que se viera en aprietos para imponerse a Rico Verhoeven, de Pa\u00edses Bajos, en el que podr\u00eda haber sido su \u00faltimo combate. Ante su retiro, la FIB determin\u00f3 primero que para cubrir la vacante y orden\u00f3 pelear a Itauma y Hrgovic. S\u00e1nchez acept\u00f3 un acuerdo econ\u00f3mico por una cifra no revelada para ceder temporalmente su oportunidad de pelear por el t\u00edtulo y adem\u00e1s de la compensaci\u00f3n monetaria por dar un paso al lado, el cubano recibi\u00f3 una garant\u00eda de que su pr\u00f3ximo rival ser\u00e1 el que resulte entre Itauma y Hrgovic. Hrgovic tiene la misma edad que el cubano y ostenta r\u00e9cord de 21-1, con 16 KOs. Cuando se determine la fecha del combate, S\u00e1nchez se convertir\u00e1 en el quinto cubano que compita por un cintur\u00f3n en la divisi\u00f3n supercompleta del boxeo profesional. Cuba, que exhibe una larga lista de monarcas en el pugilismo rentado, nunca ha tenido uno en la divisi\u00f3n superpesada. Los cuatro que lo han intentado sin \u00e9xito son Jorge Luis Gonz\u00e1lez, Juan Carlos G\u00f3mez, Odlanier Sol\u00eds y Luis \"King Kong\" Ort\u00edz. Gonz\u00e1lez fue el primero en hacerlo, pero cay\u00f3 ante Riddick Bowe el 17 de junio de 1995. G\u00f3mez, en el 2009, y Sol\u00eds, en el 2011, perdieron ante el ucraniano Vitali Klitchsko por el cintur\u00f3n del CMB. Y \u201cKing Kong\u201d Ortiz tuvo no una, sino dos oportunidades y en ambas fue derrotado por Deontay Wilder, tambi\u00e9n por el t\u00edtulo del CMB en 2018 y 2019.","title":"Frank S\u00e1nchez ya sabe qui\u00e9n ser\u00e1 su pr\u00f3ximo rival; s\u00f3lo le falta la fecha","topic":null,"translation_language":"","url":"https://www.martinoticias.com/a/frank-sanchez-ya-sabe-quien-sere-su-proximo-rival-solo-le-falta-la-fecha/476914.html","video_url":null,"youtube_conversion_active":false,"youtube_conversion_error":"","youtube_conversion_status":""},{"article_body_paragraphs":[],"audio_source_url":null,"author":"Oficina de Pol\u00edticas","available_dubs":[],"downloadable_assets":["https://gdb.martinoticias.com/ee3b09ad-8118-4b11-bc8a-08def2b1d8dc_cx0_cy23_cw0_w1600_r1_n_s.jpg"],"duration_display":"0:00","duration_seconds":null,"embed_url":null,"id":14724,"image_caption":"La recompensa por \"Pel\u00f3n\" es de 25 millones de d\u00f3lares.","image_url":"https://gdb.martinoticias.com/ee3b09ad-8118-4b11-bc8a-08def2b1d8dc_cx0_cy23_cw0_w1600_r1_n_s.jpg","is_clip":false,"is_youtube_embed":false,"item_type":"article","item_type_label":"Article","language_label":"Espa\u00f1ol","media_credit":"Oficina de Pol\u00edticas","micro_label":"Photo","micro_label_kind":"gallery","network_label":"Mart\u00ed Noticias","network_logo_url":"/static/uploads/direct_network_logos/ocb_0888427dcb1d.svg","published_at":"2026-09-03T20:18:41","published_at_display":"3 Sep 2026, 20:18 GMT","sequence_badge_label":null,"sequence_count":null,"sequence_count_label":null,"sequence_frames":[],"sequence_kind":null,"source_name":"radiotelevisionmarti_com_rss","source_name_label":"Mart\u00ed Noticias RSS","source_type":"rss","summary":"A continuaci\u00f3n, un aviso de servicio p\u00fablico internacional del Gobierno de los Estados Unidos. El gobierno de los Estados Unidos ofrece una recompensa de hasta 25 millones de d\u00f3lares por informaci\u00f3n sobre el nuevo l\u00edder de una de las organizaciones narcoterroristas m\u00e1s violentas y peligrosas del hemisferio occidental. Juan Carlos Valencia Gonz\u00e1lez, alias \"Pel\u00f3n\", asumi\u00f3 el liderazgo del C\u00e1rtel de Jalisco Nueva Generaci\u00f3n (CJNG) tras la muerte, en febrero de 2026, de su padrastro y fundador del grupo, Nemesio Rub\u00e9n Oseguera Cervantes, alias \"El Mencho\". Nacido en Santa Ana, California, en 1984, este narcoterrorista es ciudadano tanto de Estados Unidos como de M\u00e9xico y utiliza tambi\u00e9n los alias \"El R-3\", \"El JP\", \"Tricky Tres\" y \"O3\". Mide 5 pies y 9 pulgadas (aprox. 1,75 m) y pesa unas 170 libras (aprox. 77 kg). Tiene cabello casta\u00f1o y ojos marrones. El CJNG fue designado recientemente como organizaci\u00f3n terrorista extranjera por la administraci\u00f3n del presidente Donald Trump. El c\u00e1rtel envenena a las comunidades estadounidenses con fentanilo, coca\u00edna, hero\u00edna y metanfetamina il\u00edcitos. \"Son responsables del asesinato de cientos de miles de personas, incluidos ciudadanos estadounidenses\", declar\u00f3 Michael C. Gonzales, subsecretario adjunto de la Oficina de Asuntos Internacionales de Narc\u00f3ticos y Aplicaci\u00f3n de la Ley. La recompensa por \"Pel\u00f3n\" es de 25 millones de d\u00f3lares. El 8 de octubre de 2020, Valencia Gonz\u00e1lez fue acusado ante el Tribunal de Distrito de Estados Unidos para el Distrito de Columbia de conspiraci\u00f3n para distribuir una sustancia controlada con el fin de importarla ilegalmente a Estados Unidos y del uso de un arma de fuego durante una transacci\u00f3n de narc\u00f3ticos. El aumento de la recompensa fue anunciado por la Oficina de Asuntos Internacionales de Narc\u00f3ticos y Aplicaci\u00f3n de la Ley del Departamento de Estado de Estados Unidos, en el marco del Programa de Recompensas por Narc\u00f3ticos (NRP, por sus siglas en ingl\u00e9s). Si tiene informaci\u00f3n, comun\u00edquese con la DEA por tel\u00e9fono al 1-213-237-9990 (mensaje de texto/WhatsApp/Signal/Threema) o por correo electr\u00f3nico a CJNGtips@dea.gov. Si se encuentra fuera de Estados Unidos, comun\u00edquese con la embajada o el consulado de Estados Unidos m\u00e1s cercano. Si se encuentra en Estados Unidos, comun\u00edquese con la oficina local de la DEA en su ciudad. Todas las identidades se mantienen en estricta confidencialidad.","title":"EEUU ofrece 25 millones de d\u00f3lares por informaci\u00f3n sobre \"Pel\u00f3n\", l\u00edder del CJNG","topic":null,"translation_language":"","url":"https://www.martinoticias.com/a/eeuu-ofrece-25-millones-de-d%c3%b3lares-por-informaci%c3%b3n-sobre-pel%c3%b3n-l%c3%adder-del-cjng/476912.html","video_url":null,"youtube_conversion_active":false,"youtube_conversion_error":"","youtube_conversion_status":""},{"article_body_paragraphs":[],"audio_source_url":null,"author":"Jos\u00e9 Pernalete","available_dubs":[],"downloadable_assets":["https://gdb.martinoticias.com/8c54cfa7-518c-4464-5ab1-08decd6ea425_w1600_r1_n_s.jpg"],"duration_display":"0:00","duration_seconds":null,"embed_url":null,"id":14726,"image_caption":"L\u00edder opositora venezolana Mar\u00eda Corina Machado ofreci\u00f3 un mensaje este jueves sobre el acuerdo petrolero. (REUTERS)","image_url":"https://gdb.martinoticias.com/8c54cfa7-518c-4464-5ab1-08decd6ea425_w1600_r1_n_s.jpg","is_clip":false,"is_youtube_embed":false,"item_type":"article","item_type_label":"Article","language_label":"Espa\u00f1ol","media_credit":"Jos\u00e9 Pernalete","micro_label":"Photo","micro_label_kind":"gallery","network_label":"Mart\u00ed Noticias","network_logo_url":"/static/uploads/direct_network_logos/ocb_0888427dcb1d.svg","published_at":"2026-09-03T19:50:34","published_at_display":"3 Sep 2026, 19:50 GMT","sequence_badge_label":null,"sequence_count":null,"sequence_count_label":null,"sequence_frames":[],"sequence_kind":null,"source_name":"radiotelevisionmarti_com_rss","source_name_label":"Mart\u00ed Noticias RSS","source_type":"rss","summary":"Mar\u00eda Corina Machado fij\u00f3 posici\u00f3n este jueves sobre los acuerdos petroleros anunciados entre Estados Unidos y el gobierno de Delcy Rodr\u00edguez y lanz\u00f3 una de sus advertencias m\u00e1s directas sobre la relaci\u00f3n que Washington comienza a construir con Caracas en materia energ\u00e9tica. \u201cLos enemigos de los Estados Unidos en Venezuela est\u00e1n hoy en Miraflores\u201d, afirm\u00f3 la dirigente opositora, quien sostuvo que precisamente por esa raz\u00f3n cualquier asociaci\u00f3n entre ambos pa\u00edses debe desarrollarse bajo condiciones que garanticen transparencia, legalidad y estabilidad. \u201cPero precisamente por eso, porque esta asociaci\u00f3n entre Venezuela y Estados Unidos reviste un car\u00e1cter estrat\u00e9gico para ambos pa\u00edses, es que todos necesitamos que las cosas se hagan bien\u201d, se\u00f1al\u00f3 Machado. El presidente de Estados Unidos, Donald Trump, afirm\u00f3 el mi\u00e9rcoles que Venezuela todav\u00eda no est\u00e1 preparada para celebrar elecciones, pero espera que puedan realizarse \u201cpronto\u201d. Una vez m\u00e1s, el mandatario asegur\u00f3 que Washington mantiene una buena relaci\u00f3n con la presidenta interina Delcy Rodr\u00edguez y el actual gobierno venezolano. Machado advierte: \u201clos enemigos de Estados Unidos est\u00e1n hoy en Miraflores\u201d La Premio Nobel de la Paz dej\u00f3 claro que su cuestionamiento no est\u00e1 dirigido contra una alianza energ\u00e9tica entre Venezuela y Estados Unidos. Por el contrario, considera a Washington como el principal socio que necesita el pa\u00eds para desarrollar su potencial estrat\u00e9gico. \u201cEl patrimonio de nuestro suelo no le pertenece a un r\u00e9gimen ileg\u00edtimo, le pertenece al pueblo venezolano. Por supuesto que los Estados Unidos son el socio principal que Venezuela necesita para desarrollar a plenitud su valor estrat\u00e9gico\u201d, afirm\u00f3. A su juicio, cualquier recuperaci\u00f3n energ\u00e9tica debe estar acompa\u00f1ada por el funcionamiento de las cadenas de valor, suficiente generaci\u00f3n el\u00e9ctrica, capacidad operativa en los puertos, seguridad personal y garant\u00edas jur\u00eddicas para las inversiones. La dirigente opositora tambi\u00e9n cuestion\u00f3 la informaci\u00f3n disponible hasta ahora sobre los acuerdos y plante\u00f3 una serie de interrogantes sobre sus condiciones y los beneficios que representar\u00edan para el pa\u00eds. \u201cA\u00fan no se conoce el verdadero alcance de este acuerdo: qui\u00e9n firma, qu\u00e9 es lo que realmente se firma, qui\u00e9n pone el dinero, qui\u00e9n da las garant\u00edas, c\u00f3mo beneficia esto a los venezolanos\u201d, expres\u00f3. Machado asegur\u00f3 que las inversiones de largo plazo solo podr\u00e1n consolidarse con instituciones s\u00f3lidas y reglas claras. \u201cTodo esto requiere trabajar de forma sostenida bajo los principios innegociables de transparencia absoluta, legalidad y eficiencia. Y esto solo es posible con la legitimidad y la estabilidad que ofrece un gobierno serio y democr\u00e1tico\u201d, afirm\u00f3. Washington defiende las inversiones petroleras El gobierno de Estados Unidos, por su parte, ha presentado el acuerdo energ\u00e9tico como parte de una estrategia destinada a recuperar la econom\u00eda venezolana, incrementar sustancialmente la producci\u00f3n petrolera y favorecer las condiciones para una posterior transici\u00f3n democr\u00e1tica. La Casa Blanca ha se\u00f1alado que el proyecto contempla el desarrollo de 17 campos petroleros con aproximadamente 65.000 millones de barriles de reservas probadas y prev\u00e9 inversiones privadas que podr\u00edan alcanzar los 100.000 millones de d\u00f3lares. Washington tambi\u00e9n ha asegurado que existir\u00e1n mecanismos de control y auditor\u00eda sobre el manejo de los recursos vinculados al proyecto. El secretario de Energ\u00eda de Estados Unidos, Chris Wright, quien encabez\u00f3 esta semana una visita a Venezuela y particip\u00f3 en actividades relacionadas con los nuevos convenios energ\u00e9ticos, ha defendido la incorporaci\u00f3n de capital estadounidense e internacional como una v\u00eda para aumentar la producci\u00f3n, generar empleos y producir beneficios econ\u00f3micos tanto para venezolanos como para estadounidenses.","title":"Machado exige transparencia en acuerdo petrolero y lanza advertencia sobre Miraflores (VIDEO)","topic":null,"translation_language":"","url":"https://www.martinoticias.com/a/machado-exige-transparencia-en-acuerdo-petrolero-y-lanza-advertencia-sobre-miraflores-video/476903.html","video_url":null,"youtube_conversion_active":false,"youtube_conversion_error":"","youtube_conversion_status":""},{"article_body_paragraphs":[],"audio_source_url":null,"author":"Yolanda Huerga","available_dubs":[],"downloadable_assets":["https://gdb.martinoticias.com/bdfc1521-e362-4666-b370-4f6c4324b92e_w1600_r1_n_s.jpg"],"duration_display":"0:00","duration_seconds":null,"embed_url":null,"id":14677,"image_caption":"Un empleado atiende a un cliente en una tienda privada de materiales de construcci\u00f3n en La Habana. (Reuters/Alexandre Meneghini/Archivo)","image_url":"https://gdb.martinoticias.com/bdfc1521-e362-4666-b370-4f6c4324b92e_w1600_r1_n_s.jpg","is_clip":false,"is_youtube_embed":false,"item_type":"article","item_type_label":"Article","language_label":"Espa\u00f1ol","media_credit":"Yolanda Huerga","micro_label":"Photo","micro_label_kind":"gallery","network_label":"Mart\u00ed Noticias","network_logo_url":"/static/uploads/direct_network_logos/ocb_0888427dcb1d.svg","published_at":"2026-09-03T19:40:33","published_at_display":"3 Sep 2026, 19:40 GMT","sequence_badge_label":null,"sequence_count":null,"sequence_count_label":null,"sequence_frames":[],"sequence_kind":null,"source_name":"radiotelevisionmarti_com_rss","source_name_label":"Mart\u00ed Noticias RSS","source_type":"rss","summary":"El gobierno cubano aprob\u00f3 un nuevo marco legal que permite a los cubanos que viven fuera de la isla ser propietarios de empresas privadas en Cuba. Aunque el decreto-ley 133 de 2026, supone el cambio m\u00e1s radical del tejido empresarial privado de la isla desde que se autorizaron las peque\u00f1as y medianas empresas en 2021, los expertos consultados por Mart\u00ed Noticias coinciden en que, si bien la legislaci\u00f3n elimina algunos escollos operativos se enfrentar\u00e1 a severos obst\u00e1culos pr\u00e1cticos. \u201cAlgo importante de todas estas transformaciones que est\u00e1 habiendo en este momento es que ellas estructuran claramente la naturaleza del bloqueo castrista a la productividad, al provecho, al trabajo mancomunado de la naci\u00f3n por generar riqueza, bienestar y prosperidad\u201d, indic\u00f3 el historiador Boris Gonz\u00e1lez Arenas, desde La Habana. \u201cO sea, cuando t\u00fa ves estas legislaciones que ahora est\u00e1n quitando algunas trabas, dices, \u00bfpero no pod\u00edan los cubanos tener empresas de 100 trabajadores? \u00bfPero no pod\u00edan los cubanos exportar sus beneficios? \u00bfPero no pod\u00edan los cubanos importar las materias primas y los enseres necesarios para producir y darle riqueza al pa\u00eds? pero \u00bfc\u00f3mo los cubanos del exilio, que son millones, que son pr\u00f3speros, que tienen un anhelo, un af\u00e1n de colaborar con su pa\u00eds y con sus familias dentro de Cuba para que prosperen y salgan adelante, no ten\u00edan ning\u00fan derecho a participar de la producci\u00f3n de la naci\u00f3n?, ironiz\u00f3. Gonz\u00e1lez Arenas concluy\u00f3 que el verdadero prop\u00f3sito de la apertura no es empoderar a la ciudadan\u00eda, sino atraer capital extranjero af\u00edn al aparato gubernamental. Al no ir acompa\u00f1adas de un marco institucional independiente, las medidas marginan los derechos econ\u00f3micos fundamentales de los cubanos y mantienen un f\u00e9rreo control administrativo sobre la producci\u00f3n. El economista artemise\u00f1o Germ\u00e1n Gonz\u00e1lez analiz\u00f3 que no hay salvaguardas pol\u00edticas ni contrapesos legales que impidan al Estado revertir las aperturas o confiar en la permanencia de la propiedad privada cuando lo estimen conveniente. \u201cHicieron una apertura en los a\u00f1os 90 y apenas apareci\u00f3 la petrochequera de [Hugo] Ch\u00e1vez, le dieron para atr\u00e1s a todo. Empezaron una t\u00edmida apertura cuando el deshielo de Obama y Obama todav\u00eda estaba despegando de Cuba en su Air Force One, cuando ellos estaban dando para atr\u00e1s a todas las disposiciones\u201d, recalc\u00f3. \u201cAhora no les queda m\u00e1s remedio, pero falta que alguien se atreva a invertir. No hay ninguna posibilidad de que las inversiones sean masivas, ni siquiera las imprescindibles para mantener el pa\u00eds funcionando\u201d. \u201c\u00bfQui\u00e9n invierte en Cuba? \u00bfQui\u00e9n arriesga su dinero en un pa\u00eds que no tiene electricidad, que tiene leyes coercitivas que impiden el libre comercio con Estados Unidos, que tiene una fuerza de trabajo cada vez m\u00e1s escasa y menos preparada porque los que se van son los m\u00e1s aptos?, cuestion\u00f3. Por su parte, el abogado cubano asentado en M\u00e9xico, Raudiel Pe\u00f1a, del centro de asesoramiento Cubalex, explic\u00f3 que las nuevas medidas para invertir en Cuba no funcionar\u00e1n. \u201cLo primero es que no hay plenas garant\u00edas jur\u00eddicas para invertir en Cuba, tanto para cubanos residentes en el exterior como para ciudadanos de otros pa\u00edses. La legislaci\u00f3n cubana sigue sin ajustarse a las mejores pr\u00e1cticas del derecho internacional en materia de inversiones, sigue faltando la necesaria independencia judicial que garantice y proteja los derechos de los inversionistas, sean cubanos o tengan otra ciudadan\u00eda\u201d. \u201cAl mismo tiempo est\u00e1 la cuesti\u00f3n de las garant\u00edas materiales, es decir, las condiciones econ\u00f3micas que existen en Cuba en la actualidad, son desastrosas, falta de servicios p\u00fablicos, apagones, escasez de agua potable, etc\u00e9tera\u201d. El mandatario Miguel D\u00edaz-Canel impuls\u00f3 estas directrices dentro de un plan de reformas que, seg\u00fan ha reiterado, resulta indispensable para preservar el modelo socialista de Cuba, rechazando de forma categ\u00f3rica que dichos cambios se califiquen como capitalistas. La flamante normativa permite tambi\u00e9n a las empresas privadas expandirse a nivel nacional, contratar a m\u00e1s de 100 empleados y comerciar exteriormente con autorizaci\u00f3n ministerial. Sin embargo, la opci\u00f3n de invertir en Cuba genera un fuerte recelo entre los cubanoamericanos debido a las crisis internas del pa\u00eds, marcadas por apagones constantes, devaluaci\u00f3n de la moneda, infraestructuras deficientes, falta de protecci\u00f3n jur\u00eddica, altos impuestos y un estricto control estatal. A esto podr\u00edan sum\u00e1rsele la inclusi\u00f3n de LA Habana en la lista de patrocinadores del terrorismo y el embargo estadounidense. Por otro lado, el r\u00e9gimen cubano mantiene un estricto control pol\u00edtico y excluye en la pr\u00e1ctica a los cubanos residentes en el exterior que antagonizan abiertamente con el sistema comunista. El investigador y m\u00e1ster en Democracia y Buen Gobierno, Jos\u00e9 Manuel Gonz\u00e1lez Rubines, residente en Espa\u00f1a, advirti\u00f3 que cualquier medida de inversi\u00f3n en Cuba choca frontalmente con la falta de garant\u00edas de su propio sistema pol\u00edtico. El experto detalla tres impedimentos insalvables: el irrespeto hist\u00f3rico a la propiedad privada, la inexistencia de un sistema judicial independiente capaz de resolver disputas empresariales, y el alto riesgo de inestabilidad jur\u00eddica, recordando que el r\u00e9gimen ya ha revertido en el pasado pol\u00edticas similares, lo que expone a los inversores al peligro de perder la totalidad de su capital. \u201cNo existe ning\u00fan tipo de estabilidad porque la estrategia pol\u00edtica y la estrategia econ\u00f3mica y la pol\u00edtica econ\u00f3mica est\u00e1n trazadas por un grupo de poder que lo hace a su antojo, que no es auditado por nadie. Tampoco existe un contrapeso parlamentario, ni grupos pol\u00edticos capaces de representar a un empresario. Entonces es un entorno absolutamente dudoso, opaco, corrupto y que adem\u00e1s no ofrece ning\u00fan tipo de garant\u00edas\u201d, subray\u00f3.","title":"Cuba autoriza a emigrados a tener empresas privadas, pero expertos dudan de las garant\u00edas para invertir","topic":null,"translation_language":"","url":"https://www.martinoticias.com/a/cuba-autoriza-a-emigrados-a-tener-empresas-privadas-pero-expertos-dudan-de-las-garant%c3%adas-para-invertir/476904.html","video_url":null,"youtube_conversion_active":false,"youtube_conversion_error":"","youtube_conversion_status":""},{"article_body_paragraphs":[],"audio_source_url":null,"author":"Edgardo Pinell Medina","available_dubs":[],"downloadable_assets":["https://gdb.martinoticias.com/6f648729-5088-492b-a05d-2be07a24df63_w1600_r1_n_s.jpg"],"duration_display":"0:00","duration_seconds":null,"embed_url":null,"id":14679,"image_caption":"Rosario Murillo y Daniel Ortega.","image_url":"https://gdb.martinoticias.com/6f648729-5088-492b-a05d-2be07a24df63_w1600_r1_n_s.jpg","is_clip":false,"is_youtube_embed":false,"item_type":"article","item_type_label":"Article","language_label":"Espa\u00f1ol","media_credit":"Edgardo Pinell Medina","micro_label":"Photo","micro_label_kind":"gallery","network_label":"Mart\u00ed Noticias","network_logo_url":"/static/uploads/direct_network_logos/ocb_0888427dcb1d.svg","published_at":"2026-09-03T19:28:43","published_at_display":"3 Sep 2026, 19:28 GMT","sequence_badge_label":null,"sequence_count":null,"sequence_count_label":null,"sequence_frames":[],"sequence_kind":null,"source_name":"radiotelevisionmarti_com_rss","source_name_label":"Mart\u00ed Noticias RSS","source_type":"rss","summary":"La Asamblea Nacional de Nicaragua, bajo control total del sandinismo, aprob\u00f3 el martes una reforma constitucional que excluye a l\u00edderes opositores en el exilio de participar en las elecciones y extiende el mandato presidencial de Daniel Ortega y Rosario Murillo a siete a\u00f1os. \"Aprobadas de forma un\u00e1nime\", dijo el presidente de la Asamblea Nacional, el sandinista Gustavo Porras, tras la votaci\u00f3n general del articulado en una sesi\u00f3n especial celebrada frente a la catedral de Le\u00f3n, ubicada a unos 90 km al noroeste de Managua. El texto aprobado el martes a\u00fan deber\u00e1 ser ratificado en enero de 2027 dado que la ley exige hacerlo en dos per\u00edodos legislativos distintos. En un comunicado, el Departamento de Estado de EE.UU. denomin\u00f3 la reforma constitucional como una \u201cfarsa legislativa de la dictadura de Murillo-Ortega\u201d y se\u00f1al\u00f3 que \u201cla guerra de Murillo y Ortega contra la democracia amenaza la estabilidad y la prosperidad de nuestro hemisferio\u201d. \u201cLa Asamblea Nacional, controlada por Rosario Murillo y Daniel Ortega, socav\u00f3 lo que quedaba de la democracia nicarag\u00fcense, reescribiendo nuevamente la constituci\u00f3n del pa\u00eds para afianzar su dinast\u00eda ileg\u00edtima y privar indefinidamente a los nicarag\u00fcenses de elecciones libres y justas\u201d, se\u00f1al\u00f3 el comunicado. Por su parte, el secretario de Estado Marco Rubio indic\u00f3 en una publicaci\u00f3n en X que \u201cEstados Unidos implementar\u00e1 medidas en la pr\u00f3xima reuni\u00f3n de ministros de Relaciones Exteriores de la OEA para asegurar que nuestro hemisferio deje de hacer negocios como de costumbre con esta dictadura\u201d. Para el analista pol\u00edtico Eliseo N\u00fa\u00f1ez la reforma constitucional impulsada por el r\u00e9gimen sandinista responde a una l\u00f3gica de preservaci\u00f3n del poder: \u201cMi lectura es que Ortega busca consolidar un esquema pol\u00edtico dise\u00f1ado para sobrevivir al actual ciclo internacional y, particularmente, al per\u00edodo de la administraci\u00f3n Trump\u201d. Con respecto a la ampliaci\u00f3n del per\u00edodo presidencial a siete a\u00f1os y redefinir los per\u00edodos institucionales, N\u00fa\u00f1ez se\u00f1al\u00f3 a Mart\u00ed Noticias que \u201chay un c\u00e1lculo pol\u00edtico evidente ya que el r\u00e9gimen busca trabajar sobre hechos consumados\u201d. \u201cSi la comunidad internacional o los actores internos exigen condiciones electorales, la discusi\u00f3n ya no ser\u00eda sobre una elecci\u00f3n inmediata, sino sobre un proceso proyectado hacia 2028. Y si eventualmente se viera obligado a negociar, tendr\u00eda incentivos para prolongar cualquier negociaci\u00f3n el mayor tiempo posible, con la expectativa de que coincida con un cambio en el contexto pol\u00edtico internacional y, eventualmente, con el fin de la actual administraci\u00f3n estadounidense\u201d, explic\u00f3 N\u00fa\u00f1ez. El analista pol\u00edtico consider\u00f3 acertada la caracterizaci\u00f3n de \u201cfarsa legislativa\u201d utilizada por el Departamento de Estado porque \u201cen el fondo\u201d, indic\u00f3, \u201cel problema no es estrictamente jur\u00eddico\u201d. Explic\u00f3 que \u201clo que est\u00e1 ocurriendo en Nicaragua no es simplemente una discusi\u00f3n constitucional. La Constituci\u00f3n ha sido subordinada a un proyecto de permanencia en el poder. La ley dej\u00f3 de ser un l\u00edmite al ejercicio del poder pol\u00edtico y se ha convertido en un instrumento para justificar decisiones previamente tomadas por quienes gobiernan\u201d. Ortega no cuenta con una mayor\u00eda social demostrable Quien tambi\u00e9n fuera diputado nicarag\u00fcense entre los a\u00f1os 2012 y 2016, cuando fue expulsado de la Asamblea Nacional por el r\u00e9gimen sandinista, asegur\u00f3 que \u201cel r\u00e9gimen evita cualquier forma de competencia electoral real porque Ortega sabe que no cuenta con una mayor\u00eda social demostrable en elecciones libres\u201d. De acuerdo con N\u00fa\u00f1ez, \u201cincluso los procesos electorales controlados generan algo que el r\u00e9gimen considera peligroso: debate p\u00fablico, movilizaci\u00f3n ciudadana y circulaci\u00f3n de ideas alternativas. Esos espacios pueden producir fisuras, no solo en la oposici\u00f3n, sino tambi\u00e9n dentro de la propia coalici\u00f3n gobernante\u201d. El exlegislador y analista nicarag\u00fcense ahora en el exilio a\u00f1adi\u00f3 que \u201cOrtega tampoco ha mostrado convicci\u00f3n por el modelo de democracia liberal occidental\u201d y \u201cvarias de las reformas impulsadas desde 2024 reflejan esa aspiraci\u00f3n de sustituir la competencia pol\u00edtica por mecanismos permanentes de control institucional, social y econ\u00f3mico\u201d. Para N\u00fa\u00f1ez, la reforma constitucional en curso, m\u00e1s que una muestra de fuerza es un s\u00edntoma de debilidad porque \u201ccuando un gobierno concentra todo el poder y, aun as\u00ed, teme la competencia electoral, lo que demuestra no es confianza en su legitimidad, sino conciencia de sus propias debilidades\u201d. \u00bfQu\u00e9 alternativas quedan para revertir esta situaci\u00f3n? Seg\u00fan el an\u00e1lisis de N\u00fa\u00f1ez, \u201cmientras la coalici\u00f3n de poder que sostiene al r\u00e9gimen contin\u00fae percibiendo beneficios, la estabilidad del sistema seguir\u00e1 siendo relativamente alta. Por tanto, cualquier estrategia efectiva debe aumentar los costos de sostener al r\u00e9gimen y reducir los beneficios pol\u00edticos, econ\u00f3micos y personales que obtienen quienes lo respaldan\u201d. \u201cEn Nicaragua, a diferencia de Cuba, el r\u00e9gimen descansa sobre un ecosistema mucho m\u00e1s amplio de beneficiarios, intermediarios, operadores econ\u00f3micos y grupos de inter\u00e9s que viven de su cercan\u00eda al poder. No se trata \u00fanicamente del Estado; se trata de una red completa de incentivos construida alrededor del r\u00e9gimen\u201d, anot\u00f3. N\u00fa\u00f1ez subray\u00f3 que \u201cun aumento significativo de la presi\u00f3n econ\u00f3mica y financiera podr\u00eda tener efectos pol\u00edticos distintos a los observados en Cuba. Mientras en la isla muchas veces las sanciones operan como un nuevo apret\u00f3n de tuercas sobre una estructura acostumbrada al aislamiento, en Nicaragua podr\u00edan equivaler a quitarle s\u00fabitamente el aire a una red de intereses cuya viabilidad depende del acceso continuo a recursos, mercados y flujos financieros\u201d. En este sentido, N\u00fa\u00f1ez se\u00f1al\u00f3 que las declaraciones del secretario de Estado, Marco Rubio, \u201cparecen ir m\u00e1s all\u00e1 de la OEA ya que el mensaje es que Nicaragua no debe seguir siendo tratada como un pa\u00eds democr\u00e1tico normal cuando opera como una dictadura cerrada. Eso podr\u00eda traducirse en mayores restricciones pol\u00edticas, comerciales y financieras, as\u00ed como en esfuerzos para reducir los espacios de normalizaci\u00f3n regional del r\u00e9gimen. En ese sentido, mecanismos de integraci\u00f3n como el SICA, el Protocolo de Tegucigalpa y otros instrumentos regionales podr\u00edan convertirse en escenarios de presi\u00f3n m\u00e1s efectivos de lo que han sido hasta ahora\u201d.","title":"Nicaragua aprueba reforma que excluye a opositores; EEUU denuncia \u201cfarsa legislativa\u201d","topic":null,"translation_language":"","url":"https://www.martinoticias.com/a/nicaragua-aprueba-reforma-que-excluye-a-opositores-eeuu-denuncia-farsa-legislativa/476894.html","video_url":null,"youtube_conversion_active":false,"youtube_conversion_error":"","youtube_conversion_status":""},{"article_body_paragraphs":[],"audio_source_url":null,"author":"Oficina de Pol\u00edticas","available_dubs":[],"downloadable_assets":["https://gdb.martinoticias.com/e4f78466-6070-48eb-832d-d20c4c2f4993_w1600_r1_n_s.jpg"],"duration_display":"0:00","duration_seconds":null,"embed_url":null,"id":14633,"image_caption":"Familiares de las v\u00edctimas de un ataque perpetrado por una banda armada el 23 de agosto de 2026 sostienen sus fotograf\u00edas durante funeral celebrado en Kenscoff, Hait\u00ed. REUTERS/Patrice Noel","image_url":"https://gdb.martinoticias.com/e4f78466-6070-48eb-832d-d20c4c2f4993_w1600_r1_n_s.jpg","is_clip":false,"is_youtube_embed":false,"item_type":"article","item_type_label":"Article","language_label":"Espa\u00f1ol","media_credit":"Oficina de Pol\u00edticas","micro_label":"Photo","micro_label_kind":"gallery","network_label":"Mart\u00ed Noticias","network_logo_url":"/static/uploads/direct_network_logos/ocb_0888427dcb1d.svg","published_at":"2026-09-03T18:42:57","published_at_display":"3 Sep 2026, 18:42 GMT","sequence_badge_label":null,"sequence_count":null,"sequence_count_label":null,"sequence_frames":[],"sequence_kind":null,"source_name":"radiotelevisionmarti_com_rss","source_name_label":"Mart\u00ed Noticias RSS","source_type":"rss","summary":"A continuaci\u00f3n, un editorial que refleja la postura del Gobierno de los Estados Unidos: Al menos 47 personas murieron y m\u00e1s de 50 fueron secuestradas durante un brutal ataque de bandas en Kenscoff, Hait\u00ed, el 23 de agosto. Estados Unidos condena en los t\u00e9rminos m\u00e1s en\u00e9rgicos la salvaje ofensiva de estas bandas terroristas. \"Este ataque, que se produce tras meses de continua violencia letal, es otro recordatorio de la grave situaci\u00f3n de la crisis de seguridad en Hait\u00ed\", declar\u00f3 la embajadora Jennifer Locetta, representante alterna de Estados Unidos para Asuntos Pol\u00edticos Especiales ante las Naciones Unidas. Durante meses, las bandas terroristas han asesinado a civiles, aterrorizado a comunidades, incendiado hogares y destruido familias. Estas bandas han admitido p\u00fablicamente que su objetivo es impedir que los votantes haitianos ejerzan su derecho al voto en futuras elecciones. \"Los terroristas no pueden tomar la democracia como reh\u00e9n para sus propios fines ego\u00edstas y violentos\", declar\u00f3 la embajadora Locetta. \"No pueden sembrar el terror a punta de fusil y desde la comodidad de los puestos de peaje, mientras privan a Hait\u00ed de su futuro\". \"Debemos proteger a los civiles frente a estos actos atroces\". Estados Unidos respalda a las autoridades haitianas que buscan hacer rendir cuentas a los responsables, poner fin a la impunidad de las bandas, restaurar la autoridad del Estado y permitir que el pueblo haitiano elija por s\u00ed mismo a sus l\u00edderes gubernamentales. Estados Unidos mantiene su compromiso de apoyar los esfuerzos de seguridad liderados por Hait\u00ed para acabar con el terror impuesto por las bandas. \"Este ataque es precisamente la raz\u00f3n por la que la misi\u00f3n y el mandato de la Fuerza de Supresi\u00f3n de Bandas (GSF, por sus siglas en ingl\u00e9s), autorizada por la ONU, son tan importantes\", dijo la embajadora Locetta. \"La GSF no se cre\u00f3 para emitir declaraciones desde el interior de un recinto amurallado ni para gastar nuestro dinero mientras Hait\u00ed sufre. Con la ayuda de este Consejo [de Seguridad] y de tantos otros pa\u00edses donantes, se trata de un nuevo tipo de misi\u00f3n, una misi\u00f3n con el mandato de detener realmente a los delincuentes y poner fin al derramamiento de sangre\". Deben limpiar las calles, neutralizar la amenaza y devolver Hait\u00ed a su pueblo\", inst\u00f3 la embajadora Locetta. \"Los Estados miembros de la ONU pueden apoyar esta importante labor de estabilizaci\u00f3n regional facilitando el despliegue \u2014lo antes posible\u2014 de las tropas y fuerzas policiales que los pa\u00edses aportan a la Fuerza de Apoyo a la Seguridad (GSF, por sus siglas en ingl\u00e9s), as\u00ed como contribuyendo al Fondo Fiduciario de la ONU para dicha fuerza\". La embajadora Locetta alent\u00f3 a los Estados miembros a aportar el equipo, los recursos y la voluntad pol\u00edtica tan necesarios para culminar la tarea. \"No podemos lograr la estabilidad \u00fanicamente mediante fuerzas de seguridad\u00bb, advirti\u00f3 la embajadora Locetta. \"Debemos romper este ciclo de violencia combinando v\u00edas de salida cre\u00edbles con oportunidades reales impulsadas por una gobernanza responsable\". \"Hacemos un llamamiento a la comunidad internacional para que ayude a Hait\u00ed a consolidar la paz a largo plazo\", declar\u00f3 la embajadora Locetta. \"Mediante inversiones muy necesarias en capital, infraestructura y creaci\u00f3n de empleo, podemos ofrecer oportunidades a la pr\u00f3xima generaci\u00f3n de l\u00edderes haitianos y brindar alternativas a la senda mortal de la violencia de las pandillas\". Estados Unidos respalda a Hait\u00ed y seguir\u00e1 colaborando con los haitianos y con sus socios internacionales para poner fin a esta crisis y restablecer la estabilidad del pa\u00eds.","title":"Los haitianos merecen la paz y seguridad","topic":null,"translation_language":"","url":"https://www.martinoticias.com/a/los-haitianos-merecen-la-paz-y-seguridad/476901.html","video_url":null,"youtube_conversion_active":false,"youtube_conversion_error":"","youtube_conversion_status":""},{"article_body_paragraphs":[],"audio_source_url":null,"author":"Ariane Gonz\u00e1lez","available_dubs":[],"downloadable_assets":["https://gdb.martinoticias.com/669a7819-8cdc-4bf2-042c-08decd63a0c8_cx0_cy14_cw0_w1600_r1_n_s.jpeg"],"duration_display":"0:00","duration_seconds":null,"embed_url":null,"id":14635,"image_caption":"Sady R. Companioni, residente en Lawton.","image_url":"https://gdb.martinoticias.com/669a7819-8cdc-4bf2-042c-08decd63a0c8_cx0_cy14_cw0_w1600_r1_n_s.jpeg","is_clip":false,"is_youtube_embed":false,"item_type":"article","item_type_label":"Article","language_label":"Espa\u00f1ol","media_credit":"Ariane Gonz\u00e1lez","micro_label":"Photo","micro_label_kind":"gallery","network_label":"Mart\u00ed Noticias","network_logo_url":"/static/uploads/direct_network_logos/ocb_0888427dcb1d.svg","published_at":"2026-09-03T18:25:41","published_at_display":"3 Sep 2026, 18:25 GMT","sequence_badge_label":null,"sequence_count":null,"sequence_count_label":null,"sequence_frames":[],"sequence_kind":null,"source_name":"radiotelevisionmarti_com_rss","source_name_label":"Mart\u00ed Noticias RSS","source_type":"rss","summary":"Sady Reynaldo Companioni fue liberada el mi\u00e9rcoles por la noche bajo la medida de obligaci\u00f3n contra\u00edda en acta, despu\u00e9s de permanecer detenida desde el 28 de agosto tras denunciar p\u00fablicamente la falta de agua y las amenazas recibidas por reclamar el servicio en su comunidad de Lawton, en La Habana. \u201cYa estoy en casa, gracias a Dios. Me soltaron ayer a las 10:00 de la noche bajo obligaci\u00f3n contra acta\u201d, dijo la joven madre de una menor en declaraciones a Mart\u00ed Noticias. La residente del municipio Diez de Octubre explic\u00f3 que la medida la obliga a presentarse peri\u00f3dicamente en una unidad de la Polic\u00eda. Sin embargo, al momento de conversar con esta redacci\u00f3n todav\u00eda desconoc\u00eda el n\u00famero de su expediente y la frecuencia con la que deber\u00e1 acudir a firmar. \u201cHoy voy a ir a ver que me den el n\u00famero de expediente, que todav\u00eda no lo tengo, y a ver cu\u00e1les son los d\u00edas que tengo que ir\u201d, se\u00f1al\u00f3. Companioni agradeci\u00f3 el respaldo recibido durante su detenci\u00f3n y asegur\u00f3 que la presi\u00f3n p\u00fablica y medi\u00e1tica contribuy\u00f3 a que las autoridades la liberaran. \u201cSin la presi\u00f3n que hicieron, realmente no hubiera sido posible, porque ah\u00ed hay un mont\u00f3n de personas detenidas por desacato y no tienen, desgraciadamente, la misma suerte\u201d, afirm\u00f3. Tambi\u00e9n expres\u00f3 preocupaci\u00f3n por su madre, quien permaneci\u00f3 sola en la vivienda familiar durante los d\u00edas en que estuvo arrestada. \u201cMuchas gracias por no haber abandonado mi casa, a mi mam\u00e1. Estaba sola aqu\u00ed, estaba desprotegida, estaba asustada, preocupada\u201d, declar\u00f3. Las autoridades detuvieron a Companioni el 28 de agosto, despu\u00e9s de varias denuncias relacionadas con las dificultades para recibir agua en su vivienda y en otras zonas de Lawton. La detenci\u00f3n ocurri\u00f3 despu\u00e9s de que denunciara que una funcionaria local, a quien identific\u00f3 como una delegada vinculada con el Ministerio del Interior, la hab\u00eda grabado en diferentes ocasiones y advertido sobre posibles consecuencias legales por difamaci\u00f3n. Un d\u00eda antes de su arresto, expres\u00f3 temor por su seguridad tras un nuevo incidente ocurrido durante la distribuci\u00f3n de agua mediante un cami\u00f3n cisterna en su comunidad. Aunque ya se encuentra en su vivienda, Companioni permanece sujeta a controles policiales mientras espera conocer los detalles del expediente abierto en su contra. \u201cGracias a la presi\u00f3n medi\u00e1tica que hicieron todos, yo estoy bien, y gracias a eso estoy aqu\u00ed en casa\u201d, concluy\u00f3.","title":"Liberan bajo restricciones a madre cubana detenida por denunciar la falta de agua","topic":null,"translation_language":"","url":"https://www.martinoticias.com/a/liberan-bajo-restricciones-a-madre-cubana-detenida-por-denunciar-la-falta-de-agua/476893.html","video_url":null,"youtube_conversion_active":false,"youtube_conversion_error":"","youtube_conversion_status":""},{"article_body_paragraphs":[],"audio_source_url":null,"author":"Laura Artal","available_dubs":[],"downloadable_assets":["https://gdb.martinoticias.com/aead60a1-e01b-42fe-cff5-08decd5b38e4_w1600_r1_n_s.png"],"duration_display":"0:00","duration_seconds":null,"embed_url":null,"id":14638,"image_caption":"Familiares de presos pol\u00edticos exigen desde la UCV la libertad de sus familiares","image_url":"https://gdb.martinoticias.com/aead60a1-e01b-42fe-cff5-08decd5b38e4_w1600_r1_n_s.png","is_clip":false,"is_youtube_embed":false,"item_type":"article","item_type_label":"Article","language_label":"Espa\u00f1ol","media_credit":"Laura Artal","micro_label":"Photo","micro_label_kind":"gallery","network_label":"Mart\u00ed Noticias","network_logo_url":"/static/uploads/direct_network_logos/ocb_0888427dcb1d.svg","published_at":"2026-09-03T18:14:48","published_at_display":"3 Sep 2026, 18:14 GMT","sequence_badge_label":null,"sequence_count":null,"sequence_count_label":null,"sequence_frames":[],"sequence_kind":null,"source_name":"radiotelevisionmarti_com_rss","source_name_label":"Mart\u00ed Noticias RSS","source_type":"rss","summary":"Familiares de presos pol\u00edticos y representantes de organizaciones de la sociedad civil exigieron este jueves en Caracas la liberaci\u00f3n inmediata y plena de todas las personas detenidas por motivos pol\u00edticos en Venezuela y pidieron avanzar hacia una \u201cruta electoral aut\u00e9ntica\u201d. El reclamo se produce cuando 328 presos pol\u00edticos permanecen en Venezuela, seg\u00fan el balance de Foro Penal actualizado al 31 de agosto. De ese total, 317 son hombres y 11 mujeres, mientras que 183 son civiles y 145 militares. La organizaci\u00f3n tambi\u00e9n se\u00f1ala que 140 han sido condenados y 188 permanecen sin condena. La exigencia fue formulada durante una rueda de prensa realizada en la Universidad Central de Venezuela (UCV), la principal universidad p\u00fablica del pa\u00eds, convocada por el Comit\u00e9 por la Libertad de los Presos Pol\u00edticos (CLIPPVE), Creemos Alianza Ciudadana (CAC) y otras organizaciones de la sociedad civil. \u201cJusticia, justicia y libertad\u201d, gritaron los familiares durante el encuentro, en el que reclamaron el cese de los traslados que califican como arbitrarios y reiteraron su petici\u00f3n de libertad para todos los detenidos por razones pol\u00edticas. Familiares de presos pol\u00edticos exigen libertad y una \u201cruta electoral aut\u00e9ntica\u201d en Venezuela Traslados desde El Rodeo I La rueda de prensa tuvo lugar un d\u00eda despu\u00e9s de que familiares denunciaran traslados desde el Centro Penitenciario El Rodeo I, ubicado en el estado Miranda, en el centro-norte de Venezuela, sin notificaci\u00f3n previa sobre el destino de los detenidos. CLIPPVE denunci\u00f3 que durante la noche del 2 de septiembre fueron trasladadas 32 personas desde el centro penitenciario. La organizaci\u00f3n confirm\u00f3 que nueve presos pol\u00edticos fueron trasladados hacia el Fuerte Guaicaipuro, tambi\u00e9n ubicado en Miranda. Los familiares denunciaron que no recibieron informaci\u00f3n previa sobre los movimientos y reclamaron a las autoridades penitenciarias una lista oficial de las personas trasladadas, sus nuevos lugares de reclusi\u00f3n y una fe de vida de los detenidos. Incluso la falta de informaci\u00f3n llev\u00f3 a algunos familiares a intentar comunicarse con los presos desde una monta\u00f1a cercana a El Rodeo I. La ONG CLIPPVE tambi\u00e9n inform\u00f3 este jueves sobre la presencia de nuevos autobuses en el centro penitenciario, lo que gener\u00f3 preocupaci\u00f3n entre los familiares sobre la posibilidad de nuevos movimientos. \u201cLibertad inmediata y plena\u201d Ante esta situaci\u00f3n, CLIPPVE, Creemos Alianza Ciudadana y otras organizaciones convocaron la rueda de prensa en la UCV para presentar p\u00fablicamente dos exigencias: la \u201clibertad inmediata y plena de todos los presos pol\u00edticos\u201d y una \u201cruta electoral aut\u00e9ntica\u201d. El planteamiento tambi\u00e9n ha sido llevado al proceso de negociaci\u00f3n pol\u00edtica que se desarrolla en Venezuela. Los familiares enviaron una carta abierta a los representantes de las delegaciones y solicitaron un espacio para exponer directamente la situaci\u00f3n de los detenidos y las necesidades de quienes presentan condiciones de salud que requieren atenci\u00f3n m\u00e9dica. Dinorah Figuera expresa disposici\u00f3n a reunirse Dinorah Figuera, jefa de la delegaci\u00f3n opositora que participa en las negociaciones, confirm\u00f3 este jueves a trav\u00e9s de la red social X que recibi\u00f3 la comunicaci\u00f3n de los familiares. Figuera manifest\u00f3 preocupaci\u00f3n por los traslados denunciados desde El Rodeo I sin conocimiento previo de familiares y abogados y expres\u00f3 su disposici\u00f3n a reunirse con ellos. La dirigente opositora tambi\u00e9n ratific\u00f3 su compromiso de continuar buscando v\u00edas urgentes para conseguir la libertad de todos los presos pol\u00edticos. Llamado desde Estados Unidos El senador republicano por Florida Rick Scott tambi\u00e9n se pronunci\u00f3 en su cuenta de la red social X sobre las personas que contin\u00faan detenidas por motivos pol\u00edticos en Venezuela. Scott mencion\u00f3 espec\u00edficamente los casos de Nelson Rivero, Jorge Henrique Alayeto Bigott y Oscar Caama\u00f1o y reiter\u00f3 su llamado a la liberaci\u00f3n inmediata e incondicional de todos los presos pol\u00edticos. El balance m\u00e1s reciente de Foro Penal sit\u00faa esa cifra en 328 presos pol\u00edticos al 31 de agosto. Adem\u00e1s de los 188 que permanecen sin condena, la organizaci\u00f3n registra 33 detenidos con nacionalidad extranjera. Desde la UCV, los familiares insistieron este jueves en que su petici\u00f3n es la libertad de todos los presos pol\u00edticos y que ese proceso avance acompa\u00f1ado de garant\u00edas pol\u00edticas y de una ruta electoral aut\u00e9ntica para Venezuela.","title":"Familiares de presos pol\u00edticos exigen libertad y una \u201cruta electoral aut\u00e9ntica\u201d en Venezuela","topic":null,"translation_language":"","url":"https://www.martinoticias.com/a/familiares-de-presos-pol%c3%adticos-exigen-libertad-y-una-ruta-electoral-aut%c3%a9ntica-en-venezuela/476897.html","video_url":null,"youtube_conversion_active":false,"youtube_conversion_error":"","youtube_conversion_status":""}],"next_num":2,"page":1,"pages":4,"per_page":20,"prev_num":null,"total":73}
