{"applied_filters":{"end_date":"","lang":"","language":"","network":"Mart\u00ed Noticias","page":11,"per_page":20,"search":"","source":"","start_date":"","topic":"","type":""},"available_filters":{"language_choices":[{"label":"Choose Language","value":""},{"label":"English","value":"English"},{"label":"Espa\u00f1ol","value":"Espa\u00f1ol"}],"network_choices":[{"label":"All networks","value":""},{"label":"Mart\u00ed Noticias","value":"Mart\u00ed Noticias"}],"source_choices":[{"label":"All sources","value":""},{"label":"Manual Ocb Espanol","value":"manual_ocb_espanol"},{"label":"Mart\u00ed Noticias \u00b7 Caf\u00e9 Digital","value":"ocb_spanish_audio_html_scrape"},{"label":"Mart\u00ed Noticias \u00b7 Liberaci\u00f3n","value":"ocb_spanish_audio_html_scrape_1001"},{"label":"Mart\u00ed Noticias \u00b7 Programas de Radio Nuestra Am\u00e9rica","value":"ocb_spanish_audio_html_scrape_1016"},{"label":"Mart\u00ed Noticias \u00b7 Agenda hemisf\u00e9rica","value":"ocb_spanish_audio_html_scrape_1028"},{"label":"Mart\u00ed Noticias \u00b7 El futuro es ya","value":"ocb_spanish_audio_html_scrape_1056"},{"label":"Mart\u00ed Noticias \u00b7 Foro abierto","value":"ocb_spanish_audio_html_scrape_1061"},{"label":"Mart\u00ed Noticias \u00b7 Nicaragua al d\u00eda","value":"ocb_spanish_audio_html_scrape_1077"},{"label":"Mart\u00ed Noticias \u00b7 La bola nostra","value":"ocb_spanish_audio_html_scrape_1078"},{"label":"Mart\u00ed Noticias \u00b7 Taller de prensa","value":"ocb_spanish_audio_html_scrape_1103"},{"label":"Mart\u00ed Noticias \u00b7 Las noticias como son","value":"ocb_spanish_audio_html_scrape_142"},{"label":"Mart\u00ed Noticias \u00b7 Abriendo Espacios","value":"ocb_spanish_audio_html_scrape_562"},{"label":"Mart\u00ed Noticias \u00b7 Mart\u00ed Noticias A.M.","value":"ocb_spanish_audio_html_scrape_668"},{"label":"Mart\u00ed Noticias Audio","value":"ocb_spanish_audio_scrape"},{"label":"Mart\u00ed Noticias Video","value":"ocb_spanish_video_scrape"},{"label":"Mart\u00ed Noticias Direct","value":"radiotelevisionmarti_com_direct"},{"label":"Mart\u00ed Noticias RSS","value":"radiotelevisionmarti_com_rss"},{"label":"TV Mart\u00ed Noticias YouTube","value":"tv_marti_noticias_youtube_playlists"}],"sources":["manual_ocb_espanol","ocb_spanish_audio_html_scrape","ocb_spanish_audio_html_scrape_1001","ocb_spanish_audio_html_scrape_1016","ocb_spanish_audio_html_scrape_1028","ocb_spanish_audio_html_scrape_1056","ocb_spanish_audio_html_scrape_1061","ocb_spanish_audio_html_scrape_1077","ocb_spanish_audio_html_scrape_1078","ocb_spanish_audio_html_scrape_1103","ocb_spanish_audio_html_scrape_142","ocb_spanish_audio_html_scrape_562","ocb_spanish_audio_html_scrape_668","ocb_spanish_audio_scrape","ocb_spanish_video_scrape","radiotelevisionmarti_com_direct","radiotelevisionmarti_com_rss","tv_marti_noticias_youtube_playlists"],"topics":["Abriendo Espacios","Agenda hemisf\u00e9rica","Am\u00e9rica Latina, VENEZUELA, Maiquetia","Asuntos de Estado","Audiovisuales Mart\u00ed","Audiovisuales Mart\u00ed, Cuba turismo, crisis del turismo en Cuba","Audiovisuales Mart\u00ed, VENEZUELA, apagones","Barrio Adentro","Caf\u00e9 Digital","Como Come Cuba, cuba, Como Come Cuba","Cuba Habla","Cuba Habla, Cuba","Cuba al D\u00eda","Cuba al D\u00eda, Cuba","Cuba en la Memoria","De cara al sol","Derechos Humanos, cuba, exilio, c\u00e1ncer, Ram\u00f3n Sa\u00fal S\u00e1nchez","El futuro es ya","Especiales, Exilio cubano, Freedom tower, \"Libertad\", Torre de la Libertad de Miami, Exilio cubano en Miami","Especiales, jos\u00e9 mart\u00ed, Exilio cubano","Esperando un techo, cuba, crisis, vivienda, derrumbes, techo, paredes, EsperandounTecho","Foro abierto","Hablando claro","Info Mart\u00ed","Info Mart\u00ed , Brigada 2506","Info Mart\u00ed , Cuba","Info Mart\u00ed , Estados Unidos, Colombia","Info Mart\u00ed , Estados Unidos, VENEZUELA","Info Mart\u00ed , estados unidos, Venezuela","Info Mart\u00ed , presos politicos, torturas, VENEZUELA","Kentu-Cubano, cuba, cubanos, Kentucky, migrantes, KentoCubano","La libertad es una librer\u00eda","Las Noticias Como Son, Cuba","Las noticias como son","Lawton Libre","Liberaci\u00f3n","Mart\u00ed Noticias A.M.","Mart\u00ed Noticias AM","Mart\u00ed en el Mundial 2026","Nicaragua al d\u00eda","Noticiero Mart\u00ed Noticias","Noticiero Mart\u00ed Noticias, Cuba","Programas de Radio Nuestra Am\u00e9rica","Radio Mart\u00ed","Ser Madre en cuba, cuba, hambre, r\u00e9gimen, madre, negligencia, Testimonios, Crisis Econ\u00f3mica, madre cubana, Crisis Alimentaria","Ser viejo en Cuba, cuba, cubanos, crisis, alimentos, ancianos, viejos, vejez","Taller de prensa","adri%C3%A1n del sol mi padre est%C3%A1 muy d%C3%A9bil","atienden a mas de 50 personas en santiago de cuba por presunta intoxicacion alimentaria","auge en contagios de dengue en cuba","aumenta a 379 la cifra de desaparecidos por terremoto en colombia hay 285 fallecidos","banco mundial desembolsa millonaria ayuda para afectados por terremoto en colombia","brote de enfermedades diarreicas se extiende en cuba","casi 300 fallecidos almenos 4 000 heridos y 140 desaparecidos a 7 dias del terremoto en colombia","cifra de muertos por el terremoto en colombia supera las 200 personas seg%C3%BAn reporte","colombia declara estado de emergencia durante 30 dias por grave calamidad","colombia ingresa formalmente al escudo de las am%C3%A9ricas liderado por washington","convocan marcha pac%C3%ADfica por la libertad de todos los presos pol%C3%ADticos en venezuela","crece reclutamiento de ni%C3%B1os y ni%C3%B1as en colombia por parte de grupos ilegales seg%C3%BAn hrw","creo que el presidente trump ir%C3%A1 a la habana antes de que termine su mandato","eeuu cierra acuerdo petrolero que le dar%C3%A1 importante control de reservas venezolanas","eeuu ecuador y colombia se reunen para acordar lucha contra mafias del narcotr%C3%A1fico","eeuu sostiene operaciones militares junto a ecuador cerca de la frontera con colombia","el papel peri%C3%B3dico de la habana autores sociedad patri%C3%B3tica de la habana y sociedad econ%C3%B3mica de amigos del pa%C3","el socialismo es la peor tentaci%C3%B3n pol%C3%ADtica de nuestro hemisferio sara b rogers","gobierno de colombia da por terminada conversaciones con otros tres grupos armados ilegales","informe pide mayor presencia militar en cuba","jeffrey bartos en la onu","joven con vih permanece encarcelado tras protesta por apagones en guanabacoa","la bola nostra","la ola de robos a la infraestructura publica y privada agrava la crisis en cuba","la periodista independiente yoanni limonta reporta una protesta frente al gobierno provincial de cienfuegos tras apagones de mas","las farmacias privadas abren en cuba entre criticas por sus altos precios y dudas medicas sobre sus controles","m%C3%A1s hoteles menos hospitales","oea aprueba convocatoria urgente de cancilleres para condenar a la dictadura de nicaragua","padre castor %C3%A1lvarez devesa","rechazo en cuba a los festejos estatales durante el colapso de los servicios basicos","sismo de 7 4 en colombia deja m%C3%A1s de 100 muertos 87 heridos y 61 edificios colapsados","trump asegura que eeuu y venezuela est%C3%A1n haciendo una fortuna con acuerdo petrolero","venezuela todav%C3%ADa no est%C3%A1 preparada para celebrar elecciones reafirma donaldtrump","y solo estamos en verano autora grethel delgado %C3%A1lvarez"],"types":[["","All types"],["article","Articles"],["audio","Audio"],["video","Videos"],["clips","Clips"],["media","Media"]]},"has_next":true,"has_prev":true,"items":[{"article_body_paragraphs":[],"audio_source_url":"https://ocb-audio-ns.akamaized.net/cu/2026/08/28/20260828-153000-cu004-program_hq.mp3","author":"Janisset Rivero","available_dubs":[],"downloadable_assets":["https://ocb-audio-ns.akamaized.net/cu/2026/08/28/20260828-153000-cu004-program_hq.mp3"],"duration_display":"29:59","duration_seconds":1799.0,"embed_url":null,"id":10074,"image_caption":null,"image_url":"https://gdb.martinoticias.com/9e865cdc-6f86-4a48-cfef-08decd5b38e4_mw2048_mh2048_n.jpg","is_clip":false,"is_youtube_embed":false,"item_type":"audio","item_type_label":"Audio","language_label":"Espa\u00f1ol","media_credit":"OCB","micro_label":"Audio program","micro_label_kind":"audio","network_label":"Mart\u00ed Noticias","network_logo_url":"/static/uploads/direct_network_logos/ocb_0888427dcb1d.svg","published_at":"2026-08-28T15:30:00","published_at_display":"28 Aug 2026, 15:30 GMT","sequence_badge_label":null,"sequence_count":null,"sequence_count_label":null,"sequence_frames":[],"sequence_kind":null,"source_name":"radiotelevisionmarti_com_direct","source_name_label":"Mart\u00ed Noticias Direct","source_type":"direct_api","summary":"La realidad de Cuba a trav\u00e9s del testimonio de residentes dentro de la isla, quienes actualizar\u00e1n el panorama interno de la mano de su conductora, la activista y escritora cubana Janisset Rivero.","title":"Jeordan Marrero Huertas, Periodista y activista desde Sibanic\u00fa","topic":"Barrio Adentro","translation_language":"","url":"https://ocb-audio-ns.akamaized.net/cu/2026/08/28/20260828-153000-cu004-program_hq.mp3","video_url":null,"youtube_conversion_active":false,"youtube_conversion_error":"","youtube_conversion_status":""},{"article_body_paragraphs":[],"audio_source_url":"https://ocb-audio-ns.akamaized.net/cu/2026/08/28/20260828-140000-cu004-program.mp3","author":null,"available_dubs":[],"downloadable_assets":["https://ocb-audio-ns.akamaized.net/cu/2026/08/28/20260828-140000-cu004-program.mp3"],"duration_display":"59:59","duration_seconds":3599.0,"embed_url":null,"id":13448,"image_caption":null,"image_url":"https://gdb.martinoticias.com/757bc839-4e1d-4e4d-640c-08de3c08cd61_w1200_h630.png","is_clip":false,"is_youtube_embed":false,"item_type":"audio","item_type_label":"Audio","language_label":"Espa\u00f1ol","media_credit":null,"micro_label":"Audio program","micro_label_kind":"audio","network_label":"Mart\u00ed Noticias","network_logo_url":"/static/uploads/direct_network_logos/ocb_0888427dcb1d.svg","published_at":"2026-08-28T14:00:00","published_at_display":"28 Aug 2026, 14:00 GMT","sequence_badge_label":null,"sequence_count":null,"sequence_count_label":null,"sequence_frames":[],"sequence_kind":null,"source_name":"ocb_spanish_audio_html_scrape_1056","source_name_label":"Mart\u00ed Noticias \u00b7 El futuro es ya","source_type":"scrape","summary":"Un espacio donde analistas, expertos y activistas examinan y debaten las \u00faltimas noticias y acontecimientos que marcan la realidad cubana.\u201d","title":"El futuro es ya","topic":"El futuro es ya","translation_language":"","url":"https://www.martinoticias.com/a/475406.html","video_url":null,"youtube_conversion_active":false,"youtube_conversion_error":"","youtube_conversion_status":""},{"article_body_paragraphs":[],"audio_source_url":"https://ocb-audio-ns.akamaized.net/cu/2026/08/28/20260828-120000-cu004-program.mp3","author":null,"available_dubs":[],"downloadable_assets":["https://ocb-audio-ns.akamaized.net/cu/2026/08/28/20260828-120000-cu004-program.mp3"],"duration_display":"1:59:59","duration_seconds":7199.0,"embed_url":null,"id":13461,"image_caption":null,"image_url":"https://gdb.martinoticias.com/01000000-0a00-0242-bdd1-08dbc11b65e6_w1200_h630.jpg","is_clip":false,"is_youtube_embed":false,"item_type":"audio","item_type_label":"Audio","language_label":"Espa\u00f1ol","media_credit":null,"micro_label":"Audio program","micro_label_kind":"audio","network_label":"Mart\u00ed Noticias","network_logo_url":"/static/uploads/direct_network_logos/ocb_0888427dcb1d.svg","published_at":"2026-08-28T12:00:00","published_at_display":"28 Aug 2026, 12:00 GMT","sequence_badge_label":null,"sequence_count":null,"sequence_count_label":null,"sequence_frames":[],"sequence_kind":null,"source_name":"ocb_spanish_audio_html_scrape_668","source_name_label":"Mart\u00ed Noticias \u00b7 Mart\u00ed Noticias A.M.","source_type":"scrape","summary":"Revista informativa con los \u00faltimos acontecimientos ocurridos en Cuba y el mundo. Con entrevistas y temas de actualidad relacionados a la pol\u00edtica, la econom\u00eda y de inter\u00e9s general.","title":"Martinoticias AM","topic":"Mart\u00ed Noticias A.M.","translation_language":"","url":"https://www.martinoticias.com/a/475405.html","video_url":null,"youtube_conversion_active":false,"youtube_conversion_error":"","youtube_conversion_status":""},{"article_body_paragraphs":[],"audio_source_url":null,"author":"Mart\u00ed Noticias","available_dubs":[],"downloadable_assets":["https://ocb-video-ns.akamaized.net/pangeavideo/2026/08/3/33/33845057-8028-4dd5-03fe-08decd63a0c8_1080p.mp4?cb=ee2201a74"],"duration_display":"1:34","duration_seconds":94.0,"embed_url":null,"id":12714,"image_caption":null,"image_url":"https://gdb.martinoticias.com/33845057-8028-4dd5-03fe-08decd63a0c8_tv_w1080_h608.jpg","is_clip":true,"is_youtube_embed":false,"item_type":"video","item_type_label":"Video","language_label":"Espa\u00f1ol","media_credit":"Mart\u00ed Noticias","micro_label":"Video report","micro_label_kind":"video","network_label":"Mart\u00ed Noticias","network_logo_url":"/static/uploads/direct_network_logos/ocb_0888427dcb1d.svg","published_at":"2026-08-28T11:00:00","published_at_display":"28 Aug 2026, 11:00 GMT","sequence_badge_label":null,"sequence_count":null,"sequence_count_label":null,"sequence_frames":[],"sequence_kind":null,"source_name":"ocb_spanish_video_scrape","source_name_label":"Mart\u00ed Noticias Video","source_type":"scrape","summary":"Cubanos desde La Habana afirma que \"el que protesta sabe que va preso\".","title":"Cuba Habla: \u201cTe entran a palo, te machucan y si no vas preso\u201d","topic":"Cuba Habla, Cuba","translation_language":"","url":"https://www.martinoticias.com/a/cuba-habla-te-entran-a-palo-te-machucan-y-si-no-vas-preso/476269.html","video_url":"https://ocb-video-ns.akamaized.net/pangeavideo/2026/08/3/33/33845057-8028-4dd5-03fe-08decd63a0c8_1080p.mp4?cb=ee2201a74","youtube_conversion_active":false,"youtube_conversion_error":"","youtube_conversion_status":""},{"article_body_paragraphs":[],"audio_source_url":"https://ocb-audio-ns.akamaized.net/cu/2026/08/28/20260828-000000-cu004-program.mp3","author":null,"available_dubs":[],"downloadable_assets":["https://ocb-audio-ns.akamaized.net/cu/2026/08/28/20260828-000000-cu004-program.mp3"],"duration_display":"0:00","duration_seconds":null,"embed_url":null,"id":13325,"image_caption":null,"image_url":"https://gdb.martinoticias.com/a960ff74-708e-4671-c10e-08de3cb98067_w1200_h630.png","is_clip":false,"is_youtube_embed":false,"item_type":"audio","item_type_label":"Audio","language_label":"Espa\u00f1ol","media_credit":null,"micro_label":"Audio program","micro_label_kind":"audio","network_label":"Mart\u00ed Noticias","network_logo_url":"/static/uploads/direct_network_logos/ocb_0888427dcb1d.svg","published_at":"2026-08-28T00:00:00","published_at_display":"28 Aug 2026, 00:00 GMT","sequence_badge_label":null,"sequence_count":null,"sequence_count_label":null,"sequence_frames":[],"sequence_kind":null,"source_name":"ocb_spanish_audio_scrape","source_name_label":"Mart\u00ed Noticias Audio","source_type":"scrape","summary":"Un resumen de las noticias m\u00e1s importantes de Cuba y el mundo.","title":"Noticiero de Radio Mart\u00ed 8:00 PM","topic":"Radio Mart\u00ed","translation_language":"","url":"https://www.martinoticias.com/a/475022.html","video_url":null,"youtube_conversion_active":false,"youtube_conversion_error":"","youtube_conversion_status":""},{"article_body_paragraphs":[],"audio_source_url":"https://ocb-audio-ns.akamaized.net/cu/2026/08/27/20260827-223000-cu004-program.mp3","author":null,"available_dubs":[],"downloadable_assets":["https://ocb-audio-ns.akamaized.net/cu/2026/08/27/20260827-223000-cu004-program.mp3"],"duration_display":"29:59","duration_seconds":1799.0,"embed_url":null,"id":13494,"image_caption":null,"image_url":"https://gdb.martinoticias.com/096178d6-ac3e-454d-263c-08de274e8135_w1200_h630.jpg","is_clip":false,"is_youtube_embed":false,"item_type":"audio","item_type_label":"Audio","language_label":"Espa\u00f1ol","media_credit":null,"micro_label":"Audio program","micro_label_kind":"audio","network_label":"Mart\u00ed Noticias","network_logo_url":"/static/uploads/direct_network_logos/ocb_0888427dcb1d.svg","published_at":"2026-08-27T22:30:00","published_at_display":"27 Aug 2026, 22:30 GMT","sequence_badge_label":null,"sequence_count":null,"sequence_count_label":null,"sequence_frames":[],"sequence_kind":null,"source_name":"ocb_spanish_audio_html_scrape_1001","source_name_label":"Mart\u00ed Noticias \u00b7 Liberaci\u00f3n","source_type":"scrape","summary":"Liberaci\u00f3n es un espacio radial con Regis Iglesias, portavoz del Movimiento Cristiano Liberaci\u00f3n, para abordar temas de actualidad y fomentar las voces e iniciativas que buscan transformar positivamente la sociedad cubana.","title":"Liberaci\u00f3n con Pedro Corzo","topic":"Liberaci\u00f3n","translation_language":"","url":"https://www.martinoticias.com/a/475016.html","video_url":null,"youtube_conversion_active":false,"youtube_conversion_error":"","youtube_conversion_status":""},{"article_body_paragraphs":[],"audio_source_url":"https://ocb-audio-ns.akamaized.net/cu/2026/08/27/20260827-223000-cu004-program_hq.mp3","author":"Regis Iglesias","available_dubs":[],"downloadable_assets":["https://ocb-audio-ns.akamaized.net/cu/2026/08/27/20260827-223000-cu004-program_hq.mp3"],"duration_display":"29:59","duration_seconds":1799.0,"embed_url":null,"id":9851,"image_caption":null,"image_url":"https://gdb.martinoticias.com/096178d6-ac3e-454d-263c-08de274e8135_mw2048_mh2048_n.jpg","is_clip":false,"is_youtube_embed":false,"item_type":"audio","item_type_label":"Audio","language_label":"Espa\u00f1ol","media_credit":"OCB","micro_label":"Audio program","micro_label_kind":"audio","network_label":"Mart\u00ed Noticias","network_logo_url":"/static/uploads/direct_network_logos/ocb_0888427dcb1d.svg","published_at":"2026-08-27T22:30:00","published_at_display":"27 Aug 2026, 22:30 GMT","sequence_badge_label":null,"sequence_count":null,"sequence_count_label":null,"sequence_frames":[],"sequence_kind":null,"source_name":"radiotelevisionmarti_com_direct","source_name_label":"Mart\u00ed Noticias Direct","source_type":"direct_api","summary":"Liberaci\u00f3n es un espacio radial con Regis Iglesias, portavoz del Movimiento Cristiano Liberaci\u00f3n, para abordar temas de actualidad y fomentar las voces e iniciativas que buscan transformar positivamente la sociedad cubana.","title":"Liberaci\u00f3n con Pedro Corzo","topic":"Liberaci\u00f3n","translation_language":"","url":"https://ocb-audio-ns.akamaized.net/cu/2026/08/27/20260827-223000-cu004-program_hq.mp3","video_url":null,"youtube_conversion_active":false,"youtube_conversion_error":"","youtube_conversion_status":""},{"article_body_paragraphs":[],"audio_source_url":"https://ocb-audio-ns.akamaized.net/cu/2026/08/27/20260827-210030-cu004-program.mp3","author":null,"available_dubs":[],"downloadable_assets":["https://ocb-audio-ns.akamaized.net/cu/2026/08/27/20260827-210030-cu004-program.mp3"],"duration_display":"0:00","duration_seconds":null,"embed_url":null,"id":13326,"image_caption":null,"image_url":"https://gdb.martinoticias.com/04370000-0aff-0242-9b67-08daa64028f2_w1200_h630.jpg","is_clip":false,"is_youtube_embed":false,"item_type":"audio","item_type_label":"Audio","language_label":"Espa\u00f1ol","media_credit":null,"micro_label":"Audio program","micro_label_kind":"audio","network_label":"Mart\u00ed Noticias","network_logo_url":"/static/uploads/direct_network_logos/ocb_0888427dcb1d.svg","published_at":"2026-08-27T21:00:30","published_at_display":"27 Aug 2026, 21:00 GMT","sequence_badge_label":null,"sequence_count":null,"sequence_count_label":null,"sequence_frames":[],"sequence_kind":null,"source_name":"ocb_spanish_audio_scrape","source_name_label":"Mart\u00ed Noticias Audio","source_type":"scrape","summary":"Noticiero Radio Mart\u00ed presenta los hechos que hacen noticia en Cuba y el mundo.","title":"Noticiero de Radio Mart\u00ed 5:00 PM","topic":"Radio Mart\u00ed","translation_language":"","url":"https://www.martinoticias.com/a/475010.html","video_url":null,"youtube_conversion_active":false,"youtube_conversion_error":"","youtube_conversion_status":""},{"article_body_paragraphs":[],"audio_source_url":null,"author":"Jos\u00e9 Pernalete","available_dubs":[],"downloadable_assets":["https://ocb-video-ns.akamaized.net/pangeavideo/2026/08/4/49/49a36503-24d8-4727-7c81-08def2b1c8fe_1080p.mp4?cb=ee2229b87"],"duration_display":"5:06","duration_seconds":306.0,"embed_url":null,"id":12699,"image_caption":null,"image_url":"https://gdb.martinoticias.com/49a36503-24d8-4727-7c81-08def2b1c8fe_tv_w1080_h608.jpg","is_clip":false,"is_youtube_embed":false,"item_type":"video","item_type_label":"Video","language_label":"Espa\u00f1ol","media_credit":"Jos\u00e9 Pernalete","micro_label":"Video report","micro_label_kind":"video","network_label":"Mart\u00ed Noticias","network_logo_url":"/static/uploads/direct_network_logos/ocb_0888427dcb1d.svg","published_at":"2026-08-27T20:56:39","published_at_display":"27 Aug 2026, 20:56 GMT","sequence_badge_label":null,"sequence_count":null,"sequence_count_label":null,"sequence_frames":[],"sequence_kind":null,"source_name":"ocb_spanish_video_scrape","source_name_label":"Mart\u00ed Noticias Video","source_type":"scrape","summary":"Rafael Jos\u00e9 Quero Silva, excoronel de la Guardia Nacional Bolivariana deportado por Estados Unidos a Venezuela, estaba bajo la lupa de autoridades federales desde hace a\u00f1os por denuncias de graves violaciones de derechos humanos","title":"Denuncias de tortura pusieron al coronel venezolano Quero Silva bajo la lupa del FBI","topic":"Info Mart\u00ed , Estados Unidos, VENEZUELA","translation_language":"","url":"https://www.martinoticias.com/a/denuncias-de-tortura-pusieron-al-coronel-venezolano-quero-silva-bajo-la-lupa-del-fbi/476422.html","video_url":"https://ocb-video-ns.akamaized.net/pangeavideo/2026/08/4/49/49a36503-24d8-4727-7c81-08def2b1c8fe_1080p.mp4?cb=ee2229b87","youtube_conversion_active":false,"youtube_conversion_error":"","youtube_conversion_status":""},{"article_body_paragraphs":[],"audio_source_url":null,"author":"Rolando N\u00e1poles","available_dubs":[],"downloadable_assets":["https://ocb-video-ns.akamaized.net/pangeavideo/2026/08/5/57/57c1b373-c21a-4cfb-0409-08decd63a0c8_1080p.mp4?cb=ee22289a4"],"duration_display":"3:09","duration_seconds":189.0,"embed_url":null,"id":12700,"image_caption":null,"image_url":"https://gdb.martinoticias.com/57c1b373-c21a-4cfb-0409-08decd63a0c8_tv_w1080_h608.jpg","is_clip":true,"is_youtube_embed":false,"item_type":"video","item_type_label":"Video","language_label":"Espa\u00f1ol","media_credit":"Rolando N\u00e1poles","micro_label":"Video report","micro_label_kind":"video","network_label":"Mart\u00ed Noticias","network_logo_url":"/static/uploads/direct_network_logos/ocb_0888427dcb1d.svg","published_at":"2026-08-27T19:40:20","published_at_display":"27 Aug 2026, 19:40 GMT","sequence_badge_label":null,"sequence_count":null,"sequence_count_label":null,"sequence_frames":[],"sequence_kind":null,"source_name":"ocb_spanish_video_scrape","source_name_label":"Mart\u00ed Noticias Video","source_type":"scrape","summary":"Investigaci\u00f3n revela los encuentros del embajador cubano con l\u00edderes del Partido Comunista en Chile","title":"Reporte detalla los encuentros del embajador cubano en Chile con l\u00edderes del Partido Comunista","topic":"Audiovisuales Mart\u00ed","translation_language":"","url":"https://www.martinoticias.com/a/reporte-detalla-los-encuentros-del-embajador-cubano-en-chile-con-l%C3%ADderes-del-partido-comunista/476414.html","video_url":"https://ocb-video-ns.akamaized.net/pangeavideo/2026/08/5/57/57c1b373-c21a-4cfb-0409-08decd63a0c8_1080p.mp4?cb=ee22289a4","youtube_conversion_active":false,"youtube_conversion_error":"","youtube_conversion_status":""},{"article_body_paragraphs":[],"audio_source_url":"https://ocb-audio-ns.akamaized.net/cu/2026/08/27/5c8a48ec-5711-46df-cfda-08decd5b38e4.mp3","author":null,"available_dubs":[],"downloadable_assets":["https://ocb-audio-ns.akamaized.net/cu/2026/08/27/5c8a48ec-5711-46df-cfda-08decd5b38e4.mp3"],"duration_display":"28:16","duration_seconds":1696.0,"embed_url":null,"id":13418,"image_caption":null,"image_url":"https://gdb.martinoticias.com/57daeeb9-bae7-4c30-cfd8-08decd5b38e4_w1200_h630.jpg","is_clip":false,"is_youtube_embed":false,"item_type":"audio","item_type_label":"Audio","language_label":"Espa\u00f1ol","media_credit":null,"micro_label":"Audio program","micro_label_kind":"audio","network_label":"Mart\u00ed Noticias","network_logo_url":"/static/uploads/direct_network_logos/ocb_0888427dcb1d.svg","published_at":"2026-08-27T18:56:03","published_at_display":"27 Aug 2026, 18:56 GMT","sequence_badge_label":null,"sequence_count":null,"sequence_count_label":null,"sequence_frames":[],"sequence_kind":null,"source_name":"ocb_spanish_audio_html_scrape_142","source_name_label":"Mart\u00ed Noticias \u00b7 Las noticias como son","source_type":"scrape","summary":"Amado Gil y Jos\u00e9 Luis Ramos, en tertulia con Jos\u00e9 Daniel Ferrer, abordan la importancia para el pueblo cubano de estar comunicado por internet a partir de la experiencia de los ucranianos con Starlink. Tambi\u00e9n, como afecta a los cubanos que Estados Unidos haya pausado las visas de inmigrantes.","title":"Las noticias como son","topic":"Las noticias como son","translation_language":"","url":"https://www.martinoticias.com/a/476413.html","video_url":null,"youtube_conversion_active":false,"youtube_conversion_error":"","youtube_conversion_status":""},{"article_body_paragraphs":[],"audio_source_url":"https://ocb-audio-ns.akamaized.net/cu/2026/08/27/22b060f0-5a67-4884-bc63-08def2b1d8dc.mp3","author":null,"available_dubs":[],"downloadable_assets":["https://ocb-audio-ns.akamaized.net/cu/2026/08/27/22b060f0-5a67-4884-bc63-08def2b1d8dc.mp3"],"duration_display":"2:58","duration_seconds":178.0,"embed_url":null,"id":13347,"image_caption":null,"image_url":"https://gdb.martinoticias.com/01000000-0aff-0242-8c7d-08dbaa518ab9_cx0_cy21_cw100_w1200_h630.jpg","is_clip":false,"is_youtube_embed":false,"item_type":"audio","item_type_label":"Audio","language_label":"Espa\u00f1ol","media_credit":null,"micro_label":"Audio program","micro_label_kind":"audio","network_label":"Mart\u00ed Noticias","network_logo_url":"/static/uploads/direct_network_logos/ocb_0888427dcb1d.svg","published_at":"2026-08-27T18:29:57","published_at_display":"27 Aug 2026, 18:29 GMT","sequence_badge_label":null,"sequence_count":null,"sequence_count_label":null,"sequence_frames":[],"sequence_kind":null,"source_name":"ocb_spanish_audio_scrape","source_name_label":"Mart\u00ed Noticias Audio","source_type":"scrape","summary":"Cuba formaliza farmacias privadas: vecinos denuncian precios inaccesibles mientras un m\u00e9dico advierte fallas de control y calidad.","title":"Las farmacias privadas abren en Cuba entre cr\u00edticas por sus altos precios y dudas m\u00e9dicas sobre sus controles.","topic":"las farmacias privadas abren en cuba entre criticas por sus altos precios y dudas medicas sobre sus controles","translation_language":"","url":"https://www.martinoticias.com/a/las-farmacias-privadas-abren-en-cuba-entre-criticas-por-sus-altos-precios-y-dudas-medicas-sobre-sus-controles/476405.html","video_url":null,"youtube_conversion_active":false,"youtube_conversion_error":"","youtube_conversion_status":""},{"article_body_paragraphs":[],"audio_source_url":"https://ocb-audio-ns.akamaized.net/cu/2026/08/27/20260827-180000-cu004-program_hq.mp3","author":"Mario J. Pent\u00f3n","available_dubs":[],"downloadable_assets":["https://ocb-audio-ns.akamaized.net/cu/2026/08/27/20260827-180000-cu004-program_hq.mp3"],"duration_display":"29:59","duration_seconds":1799.0,"embed_url":null,"id":9746,"image_caption":null,"image_url":"https://gdb.martinoticias.com/cb75a074-a814-4e7a-df7e-08de31a8b205_mw2048_mh2048_n.jpg","is_clip":false,"is_youtube_embed":false,"item_type":"audio","item_type_label":"Audio","language_label":"Espa\u00f1ol","media_credit":"OCB","micro_label":"Audio program","micro_label_kind":"audio","network_label":"Mart\u00ed Noticias","network_logo_url":"/static/uploads/direct_network_logos/ocb_0888427dcb1d.svg","published_at":"2026-08-27T18:00:00","published_at_display":"27 Aug 2026, 18:00 GMT","sequence_badge_label":null,"sequence_count":null,"sequence_count_label":null,"sequence_frames":[],"sequence_kind":null,"source_name":"radiotelevisionmarti_com_direct","source_name_label":"Mart\u00ed Noticias Direct","source_type":"direct_api","summary":"El autor de \"Olvidos y obituarios\" promociona su m\u00e1s reciente libro y reflexiona sobre diversos temas vinculados al acontecer de Cuba","title":"Cuba al D\u00eda con Orlando Luis Pardo","topic":"Cuba al D\u00eda","translation_language":"","url":"https://ocb-audio-ns.akamaized.net/cu/2026/08/27/20260827-180000-cu004-program_hq.mp3","video_url":null,"youtube_conversion_active":false,"youtube_conversion_error":"","youtube_conversion_status":""},{"article_body_paragraphs":[],"audio_source_url":"https://ocb-audio-ns.akamaized.net/cu/2026/08/27/20260827-160000-cu004-program.mp3","author":null,"available_dubs":[],"downloadable_assets":["https://ocb-audio-ns.akamaized.net/cu/2026/08/27/20260827-160000-cu004-program.mp3"],"duration_display":"0:00","duration_seconds":null,"embed_url":null,"id":13327,"image_caption":null,"image_url":"https://gdb.martinoticias.com/04340000-0aff-0242-9ff1-08daa6403056_w1200_h630.jpg","is_clip":false,"is_youtube_embed":false,"item_type":"audio","item_type_label":"Audio","language_label":"Espa\u00f1ol","media_credit":null,"micro_label":"Audio program","micro_label_kind":"audio","network_label":"Mart\u00ed Noticias","network_logo_url":"/static/uploads/direct_network_logos/ocb_0888427dcb1d.svg","published_at":"2026-08-27T16:00:00","published_at_display":"27 Aug 2026, 16:00 GMT","sequence_badge_label":null,"sequence_count":null,"sequence_count_label":null,"sequence_frames":[],"sequence_kind":null,"source_name":"ocb_spanish_audio_scrape","source_name_label":"Mart\u00ed Noticias Audio","source_type":"scrape","summary":"Noticiero Radio Mart\u00ed presenta los hechos que hacen noticia en Cuba y el mundo.","title":"Noticiero de Radio Mart\u00ed 12:00 PM","topic":"Radio Mart\u00ed","translation_language":"","url":"https://www.martinoticias.com/a/474993.html","video_url":null,"youtube_conversion_active":false,"youtube_conversion_error":"","youtube_conversion_status":""},{"article_body_paragraphs":[],"audio_source_url":"https://ocb-audio-ns.akamaized.net/cu/2026/08/27/20260827-153000-cu004-program_hq.mp3","author":"Janisset Rivero","available_dubs":[],"downloadable_assets":["https://ocb-audio-ns.akamaized.net/cu/2026/08/27/20260827-153000-cu004-program_hq.mp3"],"duration_display":"29:59","duration_seconds":1799.0,"embed_url":null,"id":9683,"image_caption":null,"image_url":"https://gdb.martinoticias.com/e4ea45fa-9d9b-4bf5-a3fc-20ab3cf12810_mw2048_mh2048_n.png","is_clip":false,"is_youtube_embed":false,"item_type":"audio","item_type_label":"Audio","language_label":"Espa\u00f1ol","media_credit":"OCB","micro_label":"Audio program","micro_label_kind":"audio","network_label":"Mart\u00ed Noticias","network_logo_url":"/static/uploads/direct_network_logos/ocb_0888427dcb1d.svg","published_at":"2026-08-27T15:30:00","published_at_display":"27 Aug 2026, 15:30 GMT","sequence_badge_label":null,"sequence_count":null,"sequence_count_label":null,"sequence_frames":[],"sequence_kind":null,"source_name":"radiotelevisionmarti_com_direct","source_name_label":"Mart\u00ed Noticias Direct","source_type":"direct_api","summary":"La realidad de Cuba a trav\u00e9s del testimonio de residentes dentro de la isla, quienes actualizar\u00e1n el panorama interno de la mano de su conductora, la activista y escritora cubana Janisset Rivero.","title":"Barrio adentro","topic":"Barrio Adentro","translation_language":"","url":"https://ocb-audio-ns.akamaized.net/cu/2026/08/27/20260827-153000-cu004-program_hq.mp3","video_url":null,"youtube_conversion_active":false,"youtube_conversion_error":"","youtube_conversion_status":""},{"article_body_paragraphs":[],"audio_source_url":"https://ocb-audio-ns.akamaized.net/cu/2026/08/27/20260827-150000-cu004-program_hq.mp3","author":"Oscar El\u00edas Biscet","available_dubs":[],"downloadable_assets":["https://ocb-audio-ns.akamaized.net/cu/2026/08/27/20260827-150000-cu004-program_hq.mp3"],"duration_display":"29:59","duration_seconds":1799.0,"embed_url":null,"id":9645,"image_caption":null,"image_url":"https://gdb.martinoticias.com/01000000-0aff-0242-2f63-08dbcb434ef2_mw2048_mh2048_n.png","is_clip":false,"is_youtube_embed":false,"item_type":"audio","item_type_label":"Audio","language_label":"Espa\u00f1ol","media_credit":"OCB","micro_label":"Audio program","micro_label_kind":"audio","network_label":"Mart\u00ed Noticias","network_logo_url":"/static/uploads/direct_network_logos/ocb_0888427dcb1d.svg","published_at":"2026-08-27T15:00:00","published_at_display":"27 Aug 2026, 15:00 GMT","sequence_badge_label":null,"sequence_count":null,"sequence_count_label":null,"sequence_frames":[],"sequence_kind":null,"source_name":"radiotelevisionmarti_com_direct","source_name_label":"Mart\u00ed Noticias Direct","source_type":"direct_api","summary":"El reconocido opositor cubano Dr. Oscar El\u00edas Biscet aborda la situaci\u00f3n de los derechos humanos en Cuba y la conquista de las libertades b\u00e1sicas de los cubanos, bajo el precepto de que \u201csi aprendes a ser libre, todos los seremos\u201d. Correo Electr\u00f3nico: lawtonlibremarti@gmail.com","title":"Lawton Libre","topic":"Lawton Libre","translation_language":"","url":"https://ocb-audio-ns.akamaized.net/cu/2026/08/27/20260827-150000-cu004-program_hq.mp3","video_url":null,"youtube_conversion_active":false,"youtube_conversion_error":"","youtube_conversion_status":""},{"article_body_paragraphs":[],"audio_source_url":"https://ocb-audio-ns.akamaized.net/cu/2026/08/27/20260827-140000-cu004-program.mp3","author":null,"available_dubs":[],"downloadable_assets":["https://ocb-audio-ns.akamaized.net/cu/2026/08/27/20260827-140000-cu004-program.mp3"],"duration_display":"59:59","duration_seconds":3599.0,"embed_url":null,"id":13471,"image_caption":null,"image_url":"https://gdb.martinoticias.com/1d24f0db-a2ce-4972-643e-08de3c08cd61_w1200_h630.png","is_clip":false,"is_youtube_embed":false,"item_type":"audio","item_type_label":"Audio","language_label":"Espa\u00f1ol","media_credit":null,"micro_label":"Audio program","micro_label_kind":"audio","network_label":"Mart\u00ed Noticias","network_logo_url":"/static/uploads/direct_network_logos/ocb_0888427dcb1d.svg","published_at":"2026-08-27T14:00:00","published_at_display":"27 Aug 2026, 14:00 GMT","sequence_badge_label":null,"sequence_count":null,"sequence_count_label":null,"sequence_frames":[],"sequence_kind":null,"source_name":"ocb_spanish_audio_html_scrape_1061","source_name_label":"Mart\u00ed Noticias \u00b7 Foro abierto","source_type":"scrape","summary":"Noticias, an\u00e1lisis, opini\u00f3n y entrevistas. El pulso pol\u00edtico e informativo con Andr\u00e9s Reynaldo y Miguel Coss\u00edo.","title":"Foro abierto","topic":"Foro abierto","translation_language":"","url":"https://www.martinoticias.com/a/474981.html","video_url":null,"youtube_conversion_active":false,"youtube_conversion_error":"","youtube_conversion_status":""},{"article_body_paragraphs":[],"audio_source_url":"https://ocb-audio-ns.akamaized.net/cu/2026/08/27/20260827-120000-cu004-program.mp3","author":null,"available_dubs":[],"downloadable_assets":["https://ocb-audio-ns.akamaized.net/cu/2026/08/27/20260827-120000-cu004-program.mp3"],"duration_display":"1:59:58","duration_seconds":7198.0,"embed_url":null,"id":13462,"image_caption":null,"image_url":"https://gdb.martinoticias.com/01000000-0a00-0242-bdd1-08dbc11b65e6_w1200_h630.jpg","is_clip":false,"is_youtube_embed":false,"item_type":"audio","item_type_label":"Audio","language_label":"Espa\u00f1ol","media_credit":null,"micro_label":"Audio program","micro_label_kind":"audio","network_label":"Mart\u00ed Noticias","network_logo_url":"/static/uploads/direct_network_logos/ocb_0888427dcb1d.svg","published_at":"2026-08-27T12:00:00","published_at_display":"27 Aug 2026, 12:00 GMT","sequence_badge_label":null,"sequence_count":null,"sequence_count_label":null,"sequence_frames":[],"sequence_kind":null,"source_name":"ocb_spanish_audio_html_scrape_668","source_name_label":"Mart\u00ed Noticias \u00b7 Mart\u00ed Noticias A.M.","source_type":"scrape","summary":"Revista informativa con los \u00faltimos acontecimientos ocurridos en Cuba y el mundo. Con entrevistas y temas de actualidad relacionados a la pol\u00edtica, la econom\u00eda y de inter\u00e9s general.","title":"Martinoticias AM","topic":"Mart\u00ed Noticias A.M.","translation_language":"","url":"https://www.martinoticias.com/a/474980.html","video_url":null,"youtube_conversion_active":false,"youtube_conversion_error":"","youtube_conversion_status":""},{"article_body_paragraphs":[],"audio_source_url":null,"author":"Mart\u00ed Noticias","available_dubs":[],"downloadable_assets":["https://ocb-video-ns.akamaized.net/pangeavideo/2026/08/3/3e/3e3a14ed-8ef2-45ba-cfcc-08decd5b38e4_1080p.mp4?cb=ee2201600"],"duration_display":"1:03","duration_seconds":63.0,"embed_url":null,"id":12715,"image_caption":null,"image_url":"https://gdb.martinoticias.com/3e3a14ed-8ef2-45ba-cfcc-08decd5b38e4_tv_w1080_h608.jpg","is_clip":true,"is_youtube_embed":false,"item_type":"video","item_type_label":"Video","language_label":"Espa\u00f1ol","media_credit":"Mart\u00ed Noticias","micro_label":"Video report","micro_label_kind":"video","network_label":"Mart\u00ed Noticias","network_logo_url":"/static/uploads/direct_network_logos/ocb_0888427dcb1d.svg","published_at":"2026-08-27T11:00:00","published_at_display":"27 Aug 2026, 11:00 GMT","sequence_badge_label":null,"sequence_count":null,"sequence_count_label":null,"sequence_frames":[],"sequence_kind":null,"source_name":"ocb_spanish_video_scrape","source_name_label":"Mart\u00ed Noticias Video","source_type":"scrape","summary":"Capitalino habla de las protestas en Cuba y reconoce que es un derecho ciudadano.","title":"Cuba Habla: \u201cNo se ha visto soluci\u00f3n\u201d","topic":"Cuba Habla, Cuba","translation_language":"","url":"https://www.martinoticias.com/a/cuba-habla-no-se-ha-visto-soluci%C3%B3n/476268.html","video_url":"https://ocb-video-ns.akamaized.net/pangeavideo/2026/08/3/3e/3e3a14ed-8ef2-45ba-cfcc-08decd5b38e4_1080p.mp4?cb=ee2201600","youtube_conversion_active":false,"youtube_conversion_error":"","youtube_conversion_status":""},{"article_body_paragraphs":[],"audio_source_url":null,"author":"Mart\u00ed Noticias","available_dubs":[],"downloadable_assets":["https://ocb-video-ns.akamaized.net/pangeavideo/2026/08/5/5d/5dbb843a-4f81-4cbc-68f7-08def2ff2efe_720p.mp4?cb=ee22151c7"],"duration_display":"3:12","duration_seconds":192.0,"embed_url":null,"id":12750,"image_caption":null,"image_url":"https://gdb.martinoticias.com/5dbb843a-4f81-4cbc-68f7-08def2ff2efe_tv_w1080_h608.jpg","is_clip":true,"is_youtube_embed":false,"item_type":"video","item_type_label":"Video","language_label":"Espa\u00f1ol","media_credit":"Mart\u00ed Noticias","micro_label":"Video report","micro_label_kind":"video","network_label":"Mart\u00ed Noticias","network_logo_url":"/static/uploads/direct_network_logos/ocb_0888427dcb1d.svg","published_at":"2026-08-26T21:11:51","published_at_display":"26 Aug 2026, 21:11 GMT","sequence_badge_label":null,"sequence_count":null,"sequence_count_label":null,"sequence_frames":[],"sequence_kind":null,"source_name":"ocb_spanish_video_scrape","source_name_label":"Mart\u00ed Noticias Video","source_type":"scrape","summary":"Natalia Molano, portavoz del Departamento de Estado de Estados Unidos habla sobre nuevas sanciones contra funcionarios y entidades cubanas por presuntas actividades subversivas y amenazas a la seguridad nacional estadounidense.","title":"EEUU sobre ICAP: \"Son dirigentes de redes marxistas que est\u00e1n tratando de radicalizar\"","topic":"Asuntos de Estado","translation_language":"","url":"https://www.martinoticias.com/a/eeuu-sobre-icap-son-dirigentes-de-redes-marxistas-que-est%C3%A1n-tratando-de-radicalizar/476337.html","video_url":"https://ocb-video-ns.akamaized.net/pangeavideo/2026/08/5/5d/5dbb843a-4f81-4cbc-68f7-08def2ff2efe_720p.mp4?cb=ee22151c7","youtube_conversion_active":false,"youtube_conversion_error":"","youtube_conversion_status":""}],"next_num":12,"page":11,"pages":29,"per_page":20,"prev_num":10,"total":579}
