{"applied_filters":{"end_date":"","lang":"","language":"","network":"Mart\u00ed Noticias","page":2,"per_page":20,"search":"","source":"","start_date":"","topic":"","type":""},"available_filters":{"language_choices":[{"label":"Choose Language","value":""},{"label":"English","value":"English"},{"label":"Espa\u00f1ol","value":"Espa\u00f1ol"}],"network_choices":[{"label":"All networks","value":""},{"label":"Mart\u00ed Noticias","value":"Mart\u00ed Noticias"}],"source_choices":[{"label":"All sources","value":""},{"label":"Manual Ocb Espanol","value":"manual_ocb_espanol"},{"label":"Mart\u00ed Noticias \u00b7 Caf\u00e9 Digital","value":"ocb_spanish_audio_html_scrape"},{"label":"Mart\u00ed Noticias \u00b7 Liberaci\u00f3n","value":"ocb_spanish_audio_html_scrape_1001"},{"label":"Mart\u00ed Noticias \u00b7 Programas de Radio Nuestra Am\u00e9rica","value":"ocb_spanish_audio_html_scrape_1016"},{"label":"Mart\u00ed Noticias \u00b7 Agenda hemisf\u00e9rica","value":"ocb_spanish_audio_html_scrape_1028"},{"label":"Mart\u00ed Noticias \u00b7 El futuro es ya","value":"ocb_spanish_audio_html_scrape_1056"},{"label":"Mart\u00ed Noticias \u00b7 Foro abierto","value":"ocb_spanish_audio_html_scrape_1061"},{"label":"Mart\u00ed Noticias \u00b7 Nicaragua al d\u00eda","value":"ocb_spanish_audio_html_scrape_1077"},{"label":"Mart\u00ed Noticias \u00b7 La bola nostra","value":"ocb_spanish_audio_html_scrape_1078"},{"label":"Mart\u00ed Noticias \u00b7 Taller de prensa","value":"ocb_spanish_audio_html_scrape_1103"},{"label":"Mart\u00ed Noticias \u00b7 Las noticias como son","value":"ocb_spanish_audio_html_scrape_142"},{"label":"Mart\u00ed Noticias \u00b7 Abriendo Espacios","value":"ocb_spanish_audio_html_scrape_562"},{"label":"Mart\u00ed Noticias \u00b7 Mart\u00ed Noticias A.M.","value":"ocb_spanish_audio_html_scrape_668"},{"label":"Mart\u00ed Noticias Audio","value":"ocb_spanish_audio_scrape"},{"label":"Mart\u00ed Noticias Video","value":"ocb_spanish_video_scrape"},{"label":"Mart\u00ed Noticias Direct","value":"radiotelevisionmarti_com_direct"},{"label":"Mart\u00ed Noticias RSS","value":"radiotelevisionmarti_com_rss"},{"label":"TV Mart\u00ed Noticias YouTube","value":"tv_marti_noticias_youtube_playlists"}],"sources":["manual_ocb_espanol","ocb_spanish_audio_html_scrape","ocb_spanish_audio_html_scrape_1001","ocb_spanish_audio_html_scrape_1016","ocb_spanish_audio_html_scrape_1028","ocb_spanish_audio_html_scrape_1056","ocb_spanish_audio_html_scrape_1061","ocb_spanish_audio_html_scrape_1077","ocb_spanish_audio_html_scrape_1078","ocb_spanish_audio_html_scrape_1103","ocb_spanish_audio_html_scrape_142","ocb_spanish_audio_html_scrape_562","ocb_spanish_audio_html_scrape_668","ocb_spanish_audio_scrape","ocb_spanish_video_scrape","radiotelevisionmarti_com_direct","radiotelevisionmarti_com_rss","tv_marti_noticias_youtube_playlists"],"topics":["Abriendo Espacios","Agenda hemisf\u00e9rica","Am\u00e9rica Latina, VENEZUELA, Maiquetia","Asuntos de Estado","Audiovisuales Mart\u00ed","Audiovisuales Mart\u00ed, Cuba turismo, crisis del turismo en Cuba","Audiovisuales Mart\u00ed, VENEZUELA, apagones","Barrio Adentro","Caf\u00e9 Digital","Como Come Cuba, cuba, Como Come Cuba","Cuba Habla","Cuba Habla, Cuba","Cuba al D\u00eda","Cuba al D\u00eda, Cuba","Cuba en la Memoria","De cara al sol","Derechos Humanos, cuba, exilio, c\u00e1ncer, Ram\u00f3n Sa\u00fal S\u00e1nchez","El futuro es ya","Especiales, Exilio cubano, Freedom tower, \"Libertad\", Torre de la Libertad de Miami, Exilio cubano en Miami","Especiales, jos\u00e9 mart\u00ed, Exilio cubano","Esperando un techo, cuba, crisis, vivienda, derrumbes, techo, paredes, EsperandounTecho","Foro abierto","Hablando claro","Info Mart\u00ed","Info Mart\u00ed , Brigada 2506","Info Mart\u00ed , Cuba","Info Mart\u00ed , Estados Unidos, Colombia","Info Mart\u00ed , Estados Unidos, VENEZUELA","Info Mart\u00ed , estados unidos, Venezuela","Info Mart\u00ed , presos politicos, torturas, VENEZUELA","Kentu-Cubano, cuba, cubanos, Kentucky, migrantes, KentoCubano","La libertad es una librer\u00eda","Las Noticias Como Son, Cuba","Las noticias como son","Lawton Libre","Liberaci\u00f3n","Mart\u00ed Noticias A.M.","Mart\u00ed Noticias AM","Mart\u00ed en el Mundial 2026","Nicaragua al d\u00eda","Noticiero Mart\u00ed Noticias","Noticiero Mart\u00ed Noticias, Cuba","Programas de Radio Nuestra Am\u00e9rica","Radio Mart\u00ed","Ser Madre en cuba, cuba, hambre, r\u00e9gimen, madre, negligencia, Testimonios, Crisis Econ\u00f3mica, madre cubana, Crisis Alimentaria","Ser viejo en Cuba, cuba, cubanos, crisis, alimentos, ancianos, viejos, vejez","Taller de prensa","adri%C3%A1n del sol mi padre est%C3%A1 muy d%C3%A9bil","atienden a mas de 50 personas en santiago de cuba por presunta intoxicacion alimentaria","auge en contagios de dengue en cuba","aumenta a 379 la cifra de desaparecidos por terremoto en colombia hay 285 fallecidos","banco mundial desembolsa millonaria ayuda para afectados por terremoto en colombia","brote de enfermedades diarreicas se extiende en cuba","casi 300 fallecidos almenos 4 000 heridos y 140 desaparecidos a 7 dias del terremoto en colombia","cifra de muertos por el terremoto en colombia supera las 200 personas seg%C3%BAn reporte","colombia declara estado de emergencia durante 30 dias por grave calamidad","colombia ingresa formalmente al escudo de las am%C3%A9ricas liderado por washington","convocan marcha pac%C3%ADfica por la libertad de todos los presos pol%C3%ADticos en venezuela","crece reclutamiento de ni%C3%B1os y ni%C3%B1as en colombia por parte de grupos ilegales seg%C3%BAn hrw","creo que el presidente trump ir%C3%A1 a la habana antes de que termine su mandato","eeuu cierra acuerdo petrolero que le dar%C3%A1 importante control de reservas venezolanas","eeuu ecuador y colombia se reunen para acordar lucha contra mafias del narcotr%C3%A1fico","eeuu sostiene operaciones militares junto a ecuador cerca de la frontera con colombia","el papel peri%C3%B3dico de la habana autores sociedad patri%C3%B3tica de la habana y sociedad econ%C3%B3mica de amigos del pa%C3","el socialismo es la peor tentaci%C3%B3n pol%C3%ADtica de nuestro hemisferio sara b rogers","gobierno de colombia da por terminada conversaciones con otros tres grupos armados ilegales","informe pide mayor presencia militar en cuba","jeffrey bartos en la onu","joven con vih permanece encarcelado tras protesta por apagones en guanabacoa","la bola nostra","la ola de robos a la infraestructura publica y privada agrava la crisis en cuba","la periodista independiente yoanni limonta reporta una protesta frente al gobierno provincial de cienfuegos tras apagones de mas","las farmacias privadas abren en cuba entre criticas por sus altos precios y dudas medicas sobre sus controles","m%C3%A1s hoteles menos hospitales","oea aprueba convocatoria urgente de cancilleres para condenar a la dictadura de nicaragua","padre castor %C3%A1lvarez devesa","rechazo en cuba a los festejos estatales durante el colapso de los servicios basicos","sismo de 7 4 en colombia deja m%C3%A1s de 100 muertos 87 heridos y 61 edificios colapsados","trump asegura que eeuu y venezuela est%C3%A1n haciendo una fortuna con acuerdo petrolero","venezuela todav%C3%ADa no est%C3%A1 preparada para celebrar elecciones reafirma donaldtrump","y solo estamos en verano autora grethel delgado %C3%A1lvarez"],"types":[["","All types"],["article","Articles"],["audio","Audio"],["video","Videos"],["clips","Clips"],["media","Media"]]},"has_next":true,"has_prev":true,"items":[{"article_body_paragraphs":[],"audio_source_url":null,"author":"Redacci\u00f3n Mart\u00ed Noticias","available_dubs":[],"downloadable_assets":["https://gdb.martinoticias.com/e50f9946-8430-4f54-7d5f-08debb5a54fb_cx0_cy4_cw0_w1600_r1_n_s.jpg"],"duration_display":"0:00","duration_seconds":null,"embed_url":null,"id":15463,"image_caption":"Personas transportan recipientes con agua en La Habana, el 3 de junio de 2026. (Foto AP/Ramon Espinosa)","image_url":"https://gdb.martinoticias.com/e50f9946-8430-4f54-7d5f-08debb5a54fb_cx0_cy4_cw0_w1600_r1_n_s.jpg","is_clip":false,"is_youtube_embed":false,"item_type":"article","item_type_label":"Article","language_label":"Espa\u00f1ol","media_credit":"Redacci\u00f3n Mart\u00ed Noticias","micro_label":"Photo","micro_label_kind":"gallery","network_label":"Mart\u00ed Noticias","network_logo_url":"/static/uploads/direct_network_logos/ocb_0888427dcb1d.svg","published_at":"2026-09-04T15:59:42","published_at_display":"4 Sep 2026, 15:59 GMT","sequence_badge_label":null,"sequence_count":null,"sequence_count_label":null,"sequence_frames":[],"sequence_kind":null,"source_name":"radiotelevisionmarti_com_rss","source_name_label":"Mart\u00ed Noticias RSS","source_type":"rss","summary":"En lo que va de 2026, la Embajada de los Estados Unidos en La Habana ha emitido varias alertas y mensajes dirigidos principalmente a ciudadanos estadounidenses en Cuba o con planes de viajar a la isla, la que publica este 4 de septiembre informa de un aumento significativo de enfermedades diarreicas en todo el pa\u00eds. La alerta indica que esto est\u00e1 asociado al deterioro de la infraestructura de agua y energ\u00eda, que afecta el suministro de agua y el almacenamiento y control de temperatura de los alimentos. Entre los pat\u00f3genos detectados figuran E. coli, norovirus, Shigella y otros agentes gastrointestinales. La sede diplom\u00e1tica recomienda precauci\u00f3n con carnes, aves, mariscos, huevos, l\u00e1cteos y dem\u00e1s alimentos perecederos que puedan haber sido mal almacenados, evitar alimentos expuestos a temperatura ambiente durante periodos prolongados, no consumir verduras crudas o mal lavadas y tener cuidado con comidas cocinadas que luego se enfr\u00edan, almacenan o recalientan. La advertencia sugiere lavarse las manos con agua y jab\u00f3n antes de comer y despu\u00e9s de usar el ba\u00f1o, ya que el desinfectante de manos puede ser menos eficaz contra ciertos pat\u00f3genos como el norovirus. En cuanto al agua, pide usar \u00fanicamente agua segura para beber, cepillarse los dientes, preparar hielo y cocinar, consumir agua embotellada o tratada con sellos intactos, evitar el hielo de origen desconocido y no emplear agua del grifo sin tratar, advirtiendo adem\u00e1s que la contaminaci\u00f3n puede ocurrir al lavar alimentos, utensilios o superficies. Para quienes enfermen, la alerta recomienda hidratarse especialmente ante diarrea o v\u00f3mitos frecuentes y buscar atenci\u00f3n m\u00e9dica ante diarrea persistente o grave, heces con sangre, fiebre alta, dolor abdominal intenso, v\u00f3mitos repetidos, signos de deshidrataci\u00f3n o s\u00edntomas que no mejoran; tambi\u00e9n recuerda que medicamentos comunes como paracetamol, ibuprofeno o antibi\u00f3ticos suelen escasear en Cuba y conviene llevar un suministro propio. Antes de esta alerta, el 1 de septiembre de 2026 la Embajada emiti\u00f3 una alerta de seguridad por un aumento notable de hurtos y robos de veh\u00edculos en La Habana, que incluyen sustracci\u00f3n de objetos del interior, robo de piezas como espejos retrovisores y limpiaparabrisas e incluso intentos de llevarse el autom\u00f3vil completo, en un contexto de deterioro econ\u00f3mico y mayor delincuencia. El 28 de agosto de 2026 public\u00f3 otra alerta sanitaria sobre la creciente inestabilidad del suministro de agua, barrios sin servicio durante periodos prolongados, sequ\u00eda y cortes de energ\u00eda que interrumpen la cadena de fr\u00edo, con riesgos para la salud y la seguridad. El 12 de agosto de 2026 difundi\u00f3 una alerta meteorol\u00f3gica sobre la temporada de huracanes del Atl\u00e1ntico 2026, que se extiende hasta el 30 de noviembre y para la cual NOAA prev\u00e9 entre 8 y 14 tormentas nombradas, 3 a 6 huracanes y 1 a 3 de gran intensidad, recordando que la red el\u00e9ctrica cubana es inestable. El 3 de agosto de 2026 y el 6 de julio de 2026 emiti\u00f3 alertas de seguridad por apagones totales debidos al colapso de la red el\u00e9ctrica, con cortes de telefon\u00eda e internet.","title":"Embajada de EEUU alerta sobre enfermedades diarreicas en todo el pa\u00eds","topic":null,"translation_language":"","url":"https://www.martinoticias.com/a/embajada-de-eeuu-alerta-sobre-enfermedades-diarreicas-en-todo-el-pa%c3%ads/476976.html","video_url":null,"youtube_conversion_active":false,"youtube_conversion_error":"","youtube_conversion_status":""},{"article_body_paragraphs":[],"audio_source_url":"https://ocb-audio-ns.akamaized.net/cu/2026/09/04/20260904-153000-cu004-program_hq.mp3","author":"Janisset Rivero","available_dubs":[],"downloadable_assets":["https://ocb-audio-ns.akamaized.net/cu/2026/09/04/20260904-153000-cu004-program_hq.mp3"],"duration_display":"29:59","duration_seconds":1799.0,"embed_url":null,"id":15444,"image_caption":null,"image_url":"https://gdb.martinoticias.com/e4ea45fa-9d9b-4bf5-a3fc-20ab3cf12810_mw2048_mh2048_n.png","is_clip":false,"is_youtube_embed":false,"item_type":"audio","item_type_label":"Audio","language_label":"Espa\u00f1ol","media_credit":"OCB","micro_label":"Audio program","micro_label_kind":"audio","network_label":"Mart\u00ed Noticias","network_logo_url":"/static/uploads/direct_network_logos/ocb_0888427dcb1d.svg","published_at":"2026-09-04T15:30:00","published_at_display":"4 Sep 2026, 15:30 GMT","sequence_badge_label":null,"sequence_count":null,"sequence_count_label":null,"sequence_frames":[],"sequence_kind":null,"source_name":"radiotelevisionmarti_com_direct","source_name_label":"Mart\u00ed Noticias Direct","source_type":"direct_api","summary":"La realidad de Cuba a trav\u00e9s del testimonio de residentes dentro de la isla, quienes actualizar\u00e1n el panorama interno de la mano de su conductora, la activista y escritora cubana Janisset Rivero.","title":"Barrio adentro","topic":"Barrio Adentro","translation_language":"","url":"https://ocb-audio-ns.akamaized.net/cu/2026/09/04/20260904-153000-cu004-program_hq.mp3","video_url":null,"youtube_conversion_active":false,"youtube_conversion_error":"","youtube_conversion_status":""},{"article_body_paragraphs":[],"audio_source_url":null,"author":"Iv\u00e1n Kasanzew","available_dubs":[],"downloadable_assets":["https://gdb.martinoticias.com/36ed012f-4369-49c6-87e4-81fcdf3a4719_w1600_r1_n_s.jpg"],"duration_display":"0:00","duration_seconds":null,"embed_url":null,"id":15368,"image_caption":"Marco Rubio realiza declaraciones a los medios luego de reunirse con el presidente de Paraguay el 4 de agosto de 2026.","image_url":"https://gdb.martinoticias.com/36ed012f-4369-49c6-87e4-81fcdf3a4719_w1600_r1_n_s.jpg","is_clip":false,"is_youtube_embed":false,"item_type":"article","item_type_label":"Article","language_label":"Espa\u00f1ol","media_credit":"Iv\u00e1n Kasanzew","micro_label":"Photo","micro_label_kind":"gallery","network_label":"Mart\u00ed Noticias","network_logo_url":"/static/uploads/direct_network_logos/ocb_0888427dcb1d.svg","published_at":"2026-09-04T14:46:46","published_at_display":"4 Sep 2026, 14:46 GMT","sequence_badge_label":null,"sequence_count":null,"sequence_count_label":null,"sequence_frames":[],"sequence_kind":null,"source_name":"radiotelevisionmarti_com_rss","source_name_label":"Mart\u00ed Noticias RSS","source_type":"rss","summary":"El secretario de Estado, Marco Rubio, realizar\u00e1 una gira oficial por Colombia, Ecuador y Per\u00fa del 8 al 10 de septiembre de 2026, seg\u00fan confirm\u00f3 el Departamento de Estado a trav\u00e9s de un comunicado oficial. Este viaje estrat\u00e9gico busca consolidar las alianzas pol\u00edticas, comerciales y de seguridad de Washington en la regi\u00f3n. La gira coincide con la reciente llegada al poder de nuevos gobiernos alineados ideol\u00f3gicamente con la administraci\u00f3n de Donald Trump. Durante el viaje, Rubio se reunir\u00e1 con el nuevo gobierno de Abelardo de la Espriella en Colombia, con el presidente Daniel Noboa en Ecuador y con el nuevo gobierno de Keiko Fujimori en Per\u00fa. Los temas previstos incluyen el apoyo estadounidense a la respuesta de Colombia ante el terremoto, una mayor cooperaci\u00f3n contra el \u201cnarcoterrorismo\u201d que, seg\u00fan Washington, amenaza al hemisferio, y los beneficios de relaciones comerciales m\u00e1s profundas entre los pa\u00edses. El secretario de Estado de EE. UU., Marco Rubio, se reunir\u00e1 con funcionarios gubernamentales para coordinar el apoyo a Colombia tras el reciente terremoto, seg\u00fan inform\u00f3 el portavoz adjunto principal del Departamento de Estado, Tommy Pigott. En tanto, el subsecretario de Estado para Asuntos del Hemisferio Occidental, Juan Pablo Segura, confirm\u00f3 que el secretario Marco Rubio realizar\u00e1 este viaje con el objetivo de fortalecer las alianzas estrat\u00e9gicas y promover una regi\u00f3n m\u00e1s segura, pr\u00f3spera y democr\u00e1tica. Esta visita ser\u00e1 la primera de Rubio a Colombia y Per\u00fa como jefe de la diplomacia estadounidense. En cambio, en Ecuador ya se hab\u00eda reunido con el presidente Daniel Noboa durante un viaje en septiembre de 2025. Este itinerario responde a la pol\u00edtica de Washington que, desde el segundo mandato de Donald Trump, prioriza el hemisferio occidental, el combate a los c\u00e1rteles y la cooperaci\u00f3n con gobiernos alineados a su agenda. La gira busca la consolidaci\u00f3n del \"Escudo de las Am\u00e9ricas\", la alianza antinarc\u00f3ticos lanzada oficialmente por la Casa Blanca en marzo de 2026. En marzo pasado, Rubio describio el \"Escudo de las Am\u00e9ricas\" como \"un \"compromiso compartido para combatir las fuerzas desestabilizadoras de las organizaciones criminales transnacionales y los narcoterroristas en nuestra regi\u00f3n\".","title":"Rubio realizar\u00e1 gira andina centrada en seguridad, comercio y crisis clim\u00e1tica","topic":null,"translation_language":"","url":"https://www.martinoticias.com/a/rubio-realizara-gira-andina-centrada-en-seguridad-comercio-y-crisis-climatica/476973.html","video_url":null,"youtube_conversion_active":false,"youtube_conversion_error":"","youtube_conversion_status":""},{"article_body_paragraphs":[],"audio_source_url":"https://ocb-audio-ns.akamaized.net/cu/2026/09/04/20260904-140000-cu004-program.mp3","author":null,"available_dubs":[],"downloadable_assets":["https://ocb-audio-ns.akamaized.net/cu/2026/09/04/20260904-140000-cu004-program.mp3"],"duration_display":"59:59","duration_seconds":3599.0,"embed_url":null,"id":15379,"image_caption":null,"image_url":"https://gdb.martinoticias.com/757bc839-4e1d-4e4d-640c-08de3c08cd61_w1200_h630.png","is_clip":false,"is_youtube_embed":false,"item_type":"audio","item_type_label":"Audio","language_label":"Espa\u00f1ol","media_credit":null,"micro_label":"Audio program","micro_label_kind":"audio","network_label":"Mart\u00ed Noticias","network_logo_url":"/static/uploads/direct_network_logos/ocb_0888427dcb1d.svg","published_at":"2026-09-04T14:00:00","published_at_display":"4 Sep 2026, 14:00 GMT","sequence_badge_label":null,"sequence_count":null,"sequence_count_label":null,"sequence_frames":[],"sequence_kind":null,"source_name":"ocb_spanish_audio_html_scrape_1056","source_name_label":"Mart\u00ed Noticias \u00b7 El futuro es ya","source_type":"scrape","summary":"Un espacio donde analistas, expertos y activistas examinan y debaten las \u00faltimas noticias y acontecimientos que marcan la realidad cubana.\u201d","title":"El futuro es ya","topic":"El futuro es ya","translation_language":"","url":"https://www.martinoticias.com/a/475909.html","video_url":null,"youtube_conversion_active":false,"youtube_conversion_error":"","youtube_conversion_status":""},{"article_body_paragraphs":[],"audio_source_url":null,"author":"Yolanda Huerga","available_dubs":[],"downloadable_assets":["https://gdb.martinoticias.com/c24823be-708a-4458-042f-08decd63a0c8_w1600_r1_n_s.jpg"],"duration_display":"0:00","duration_seconds":null,"embed_url":null,"id":15228,"image_caption":"El humorista Eduardo Ceballos P\u00e9rez fue arrestado tras grabar uno de sus programas, que parodian los documentales de Discovery Channel, en un lugar con armamentos obsoletos. El r\u00e9gimen cubano lo mantiene detenido en la prisi\u00f3n de alta seguridad Combinado del Este en La Habana.","image_url":"https://gdb.martinoticias.com/c24823be-708a-4458-042f-08decd63a0c8_w1600_r1_n_s.jpg","is_clip":false,"is_youtube_embed":false,"item_type":"article","item_type_label":"Article","language_label":"Espa\u00f1ol","media_credit":"Yolanda Huerga","micro_label":"Photo","micro_label_kind":"gallery","network_label":"Mart\u00ed Noticias","network_logo_url":"/static/uploads/direct_network_logos/ocb_0888427dcb1d.svg","published_at":"2026-09-04T12:30:00","published_at_display":"4 Sep 2026, 12:30 GMT","sequence_badge_label":null,"sequence_count":null,"sequence_count_label":null,"sequence_frames":[],"sequence_kind":null,"source_name":"radiotelevisionmarti_com_rss","source_name_label":"Mart\u00ed Noticias RSS","source_type":"rss","summary":"La madre del creador de Despingovery Channel asegur\u00f3 a Mart\u00ed Noticias que el encarcelamiento ha trastocado por completo la vida familiar y denuncia que, tras el rechazo de varios recursos legales, preparan una nueva acci\u00f3n ante el Tribunal Militar. El humorista y creador de contenido cubano Eduardo \u201cEddy\u201d Ceballos, conocido por retratar con s\u00e1tira el deterioro urbano, econ\u00f3mico y social de Cuba a trav\u00e9s de su programa Despingovery Channel , permanece en prisi\u00f3n preventiva en el Combinado del Este, despu\u00e9s de m\u00e1s de tres meses detenido, mientras su familia asegura vivir entre la incertidumbre, el desgaste emocional y el recelo frente a posibles represalias. Arrestado el 1\u00ba. de junio, en la capital cubana, tras publicar un video grabado en una instalaci\u00f3n militar abandonada, en la que aparec\u00edan antiguos misiles sovi\u00e9ticos, sistemas de radar, b\u00fankeres deteriorados y otros restos de equipamiento militar, fue enviado bajo \"prisi\u00f3n preventiva\" a la c\u00e1rcel de m\u00e1xima seguridad de La Habana, tras concluir un acelerado proceso de investigaci\u00f3n penal. Su madre, Marieta P\u00e9rez, detall\u00f3 que el proceso penal contin\u00faa abierto. Ceballos est\u00e1 acusado de espionaje y de revelaci\u00f3n de secretos concernientes a la seguridad del Estado, y la investigaci\u00f3n se tramita bajo jurisdicci\u00f3n militar. La defensa ha intentado sin \u00e9xito conseguir su excarcelaci\u00f3n. Primero fue rechazado un cambio de medida cautelar y posteriormente fue denegado un recurso de queja presentado ante una instancia superior de la Fiscal\u00eda. La familia prepara ahora una nueva acci\u00f3n legal. \u201cAhora vamos a presentar un control judicial ante el Tribunal Militar\u201d, indic\u00f3 P\u00e9rez. En el sistema jur\u00eddico cubano, el control judicial es el mecanismo mediante el cual los tribunales revisan, supervisan y determinan la legalidad de los actos, decisiones y medidas cautelares adoptadas por la Fiscal\u00eda o las autoridades de investigaci\u00f3n durante el proceso penal. Pero m\u00e1s all\u00e1 del proceso judicial, P\u00e9rez destac\u00f3 las consecuencias que la detenci\u00f3n est\u00e1 teniendo sobre el entorno m\u00e1s cercano de Ceballos. El n\u00facleo familiar, describi\u00f3, vive pr\u00e1cticamente en funci\u00f3n de las necesidades del detenido y de las gestiones relacionadas con su caso. \u201cTodos lo estamos pasando mal\u201d, lament\u00f3. La situaci\u00f3n tambi\u00e9n ha transformado la econom\u00eda dom\u00e9stica. Ceballos era el principal proveedor de su esposa y de su hija, por lo que su encarcelamiento dej\u00f3 a ambas sin esa fuente de sustento. A ello se suma la carga cotidiana que antes asum\u00eda el humorista. Desde tareas tan b\u00e1sicas como cargar agua durante los per\u00edodos de desabastecimiento hasta las responsabilidades dom\u00e9sticas, su ausencia se hace sentir diariamente. Mientras tanto, el resto de la familia dedica buena parte de su tiempo a conseguir productos para llevarle a prisi\u00f3n, conversar con abogados, realizar tr\u00e1mites y atender las gestiones relacionadas con el proceso. \u201cToda la rutina de la familia est\u00e1 en funci\u00f3n de eso desde que comenzamos el proceso en el mes de junio\u201d, resumi\u00f3 P\u00e9rez. Uno de los aspectos m\u00e1s dif\u00edciles de la detenci\u00f3n es el impacto sobre la hija de Ceballos, de apenas cinco a\u00f1os. La familia ha tratado de protegerla de una realidad que todav\u00eda resulta dif\u00edcil de comprender a su edad. A la menor le han dicho que su padre se encuentra trabajando en una escuela, ense\u00f1ando a otras personas lo que sabe hacer. No obstante, la ni\u00f1a comienza a percibir la ausencia: \u201cMi pap\u00e1, \u00bfpor qu\u00e9 est\u00e1 trabajando tanto? Que no trabaje tanto ya, que regrese, que yo lo extra\u00f1o\u201d, relat\u00f3 su abuela. La peque\u00f1a ha acompa\u00f1ado a la familia durante las tres visitas m\u00e1s recientes a Ceballos. Cuando las autoridades permiten introducir papel y crayolas, pasa parte del encuentro dibujando corazones y flores para su padre y otras personas. P\u00e9rez explic\u00f3 que en ocasiones ni siquiera permiten introducir esos materiales debido a las restricciones impuestas dentro de la prisi\u00f3n. Las comunicaciones constituyen otro obst\u00e1culo. Seg\u00fan P\u00e9rez, Ceballos dispone de poco tiempo para realizar llamadas y generalmente prioriza conversar con su esposa y su hija. A esas limitaciones se a\u00f1ade el mal estado de los tel\u00e9fonos del penal. \u201cLos tel\u00e9fonos del lugar est\u00e1n rotos. Son tel\u00e9fonos fijos y todas las comunicaciones, en general, est\u00e1n funcionando mal. All\u00ed casi no hay tel\u00e9fonos disponibles\u201d, recalc\u00f3. Desde prisi\u00f3n, Ceballos envi\u00f3 anteriormente una carta, en la que rechaz\u00f3 las acusaciones en su contra y se defini\u00f3 como \u201cun artista, no un esp\u00eda\u201d. Adem\u00e1s denunci\u00f3 la mala provisi\u00f3n de alimentos y agua a los reclusos. P\u00e9rez reconoce que la repercusi\u00f3n p\u00fablica del encarcelamiento del artista ha sido importante para que la familia no se sienta sola, si bien considera que esa visibilidad tiene una doble dimensi\u00f3n. Por un lado, las muestras de solidaridad, especialmente desde la di\u00e1spora cubana, han representado un respaldo importante. \u201cUno siente que est\u00e1 apoyado, y efectivamente lo estamos. Las personas se preocupan, mucho m\u00e1s quienes viven fuera, porque pueden expresarse con mayor libertad\u201d, enfatiz\u00f3. Sin embargo, esa misma exposici\u00f3n incrementa, de acuerdo a P\u00e9rez, la tensi\u00f3n que experimenta la familia dentro de Cuba. \u201cEleva la tensi\u00f3n en el \u00e1mbito interno, porque es algo que est\u00e1 fiscalizado, controlado y atendido muy especialmente por las personas que ejercen el poder\u201d, afirm\u00f3. La madre de Ceballos manifest\u00f3 que la familia teme posibles castigos. Aunque hasta ahora no se ha producido un enfrentamiento directo contra ellos, han sentido \u201calgunos peque\u00f1os indicios\u201d que mantienen viva esa preocupaci\u00f3n. P\u00e9rez agreg\u00f3 que el miedo se refleja, del mismo modo, en algunas personas cercanas al entorno familiar. Mientras vecinos y conocidos se interesan por Ceballos y algunos colaboran con alimentos, leche, cigarros u otros productos dentro de sus limitadas posibilidades, otros prefieren mantenerse al margen. \u201cVeo personas que, incluso siendo amigas, no quieren comprometerse. Tienen una opini\u00f3n, pero no la hacen p\u00fablica en las redes porque no quieren involucrarse, precisamente por temor\u201d. A m\u00e1s de tres meses del arresto, la familia contin\u00faa reclamando la libertad de Ceballos y cuestionando las pruebas que sustentan el proceso. Mientras esperan el pr\u00f3ximo paso, su vida cotidiana contin\u00faa condicionada por una detenci\u00f3n cuyo desenlace sigue siendo incierto.","title":"Creador de Despingovery lleva m\u00e1s de tres meses en prisi\u00f3n; su familia intenta nueva acci\u00f3n legal","topic":null,"translation_language":"","url":"https://www.martinoticias.com/a/familia-de-eddy-ceballos-teme-represalias-mientras-el-humorista-cumple-tres-meses-en-prisi%c3%b3n-preventiva/476911.html","video_url":null,"youtube_conversion_active":false,"youtube_conversion_error":"","youtube_conversion_status":""},{"article_body_paragraphs":[],"audio_source_url":null,"author":"Mario J. Pent\u00f3n","available_dubs":[],"downloadable_assets":["https://gdb.martinoticias.com/31cc4bfb-c7cb-4d01-7d45-08debb5a54fb_cx0_cy40_cw0_w1600_r1_n_s.jpg"],"duration_display":"0:00","duration_seconds":null,"embed_url":null,"id":15230,"image_caption":"Ra\u00fal Guillermo Rodr\u00edguez Castro, nieto del general Ra\u00fal Castro, ha sido una figura clave en las conversaciones entre Cuba y Estados Unidos.","image_url":"https://gdb.martinoticias.com/31cc4bfb-c7cb-4d01-7d45-08debb5a54fb_cx0_cy40_cw0_w1600_r1_n_s.jpg","is_clip":false,"is_youtube_embed":false,"item_type":"article","item_type_label":"Article","language_label":"Espa\u00f1ol","media_credit":"Mario J. Pent\u00f3n","micro_label":"Photo","micro_label_kind":"gallery","network_label":"Mart\u00ed Noticias","network_logo_url":"/static/uploads/direct_network_logos/ocb_0888427dcb1d.svg","published_at":"2026-09-04T12:07:15","published_at_display":"4 Sep 2026, 12:07 GMT","sequence_badge_label":null,"sequence_count":null,"sequence_count_label":null,"sequence_frames":[],"sequence_kind":null,"source_name":"radiotelevisionmarti_com_rss","source_name_label":"Mart\u00ed Noticias RSS","source_type":"rss","summary":"Ra\u00fal Guillermo Rodr\u00edguez Castro, nieto del general Ra\u00fal Castro y figura clave en las conversaciones entre Cuba y Estados Unidos, maniobr\u00f3 en las comunicaciones con el equipo negociador estadounidense despu\u00e9s de que agentes del Bur\u00f3 Federal de Investigaciones visitaran a dos familiares suyos residentes en Miami, seg\u00fan dijeron fuentes cercanas al proceso a Mart\u00ed Noticias. Los j\u00f3venes visitados por los agentes fueron Carlos Ernesto y Camilo P\u00e9rez-Oliva, hijos de \u00d3scar P\u00e9rez-Oliva Fraga, actual viceprimer ministro y ministro del Comercio Exterior y la Inversi\u00f3n Extranjera y sobrino nieto de Fidel y Ra\u00fal Castro, dictadores de Cuba. \u201cEstaba furioso. Les dijo a los estadounidenses que esa actuaci\u00f3n contra los hijos de \u00d3scar era inaceptable y que minaba cualquier posibilidad de di\u00e1logo\u201d, asegur\u00f3 una de las fuentes, que ha desempe\u00f1ado un papel importante en la mediaci\u00f3n entre la Administraci\u00f3n del presidente Donald Trump y el r\u00e9gimen cubano. Carlos Ernesto y Camilo P\u00e9rez-Oliva, hijos de \u00d3scar P\u00e9rez-Oliva Fraga Una fuente del Departamento de Estado dijo a Mart\u00ed Noticias que \u201cen ning\u00fan momento las negociaciones estuvieron en peligro\u201d, matizando la declaraci\u00f3n de una fuente oficial cubana que dio por roto el di\u00e1logo entre el gobierno de Trump y el r\u00e9gimen. \u201cEn realidad, las conversaciones contin\u00faan y, hasta ahora, el r\u00e9gimen no ha estado dispuesto a aceptar nada que pueda ayudar al pueblo cubano y que, en \u00faltima instancia, amenace su control total\u201d, declar\u00f3 a Mart\u00ed Noticias un portavoz del Departamento de Estado. Aunque el Departamento de Estado evit\u00f3 dar comentarios sobre esta historia, un funcionario al que se le concedi\u00f3 el anonimato para hablar de temas sensibles confirm\u00f3 la comunicaci\u00f3n entre Ra\u00fal Guillermo y el equipo negociador para interceder por los hijos del viceministro, pariente de la familia Castro. Mart\u00ed Noticias no ha podido determinar por qu\u00e9 los agentes federales visitaron a los hermanos, en qu\u00e9 condici\u00f3n fueron contactados ni si la actuaci\u00f3n estaba relacionada con alguna investigaci\u00f3n. Frank Quintero, experto en Derecho Criminal, dijo a Mart\u00ed Noticias que una visita del FBI \u201cno significa, por s\u00ed sola, que una persona sea sospechosa de alg\u00fan delito\u201d. \u201cLa persona puede tener alg\u00fan tipo de conocimiento o informaci\u00f3n y el FBI puede hacerle una entrevista para obtener informaci\u00f3n\u201d, dijo. Las fuentes indicaron que los investigadores pidieron a los hijos de P\u00e9rez Oliva-Fraga el n\u00famero celular de su padre, pero los j\u00f3venes se negaron a entregarlo. Los agentes tambi\u00e9n indicaron a los hermanos que las autoridades norteamericanas quer\u00edan tener un acercamiento con P\u00e9rez-Oliva Fraga, indic\u00f3 la fuente de Mart\u00ed Noticias. Los j\u00f3venes se lo hicieron saber a su padre, que a su vez lo transmiti\u00f3 a El Cangrejo. El contacto con funcionarios extranjeros sin autorizaci\u00f3n est\u00e1 severamente castigado en la legislaci\u00f3n cubana. El exministro de econom\u00eda cubano, Alejandro Gil, purga una condena de cadena perpetua por espionaje y, seg\u00fan la informaci\u00f3n recibida por Mart\u00ed Noticias, una pieza clave en su juicio fue el acercamiento de un funcionario extranjero con el que, seg\u00fan la fiscal\u00eda del r\u00e9gimen, tuvo comunicaci\u00f3n. El FBI no respondi\u00f3 de inmediato a una solicitud de comentarios de Mart\u00ed Noticias. Los hijos del viceprimer ministro cubano en Miami Carlos Ernesto y Camilo P\u00e9rez-Oliva Gonz\u00e1lez llegaron a EEUU siendo menores de edad, junto a su madre, a trav\u00e9s de la frontera sur. Estudiaron en la Universidad Internacional de la Florida y actualmente residen en el Estado, donde mantienen negocios de bajo perfil y no vinculados con Cuba, seg\u00fan sus propias declaraciones. Su padre, \u00d3scar P\u00e9rez-Oliva Fraga, ocupa uno de los cargos m\u00e1s importantes dentro del Gobierno cubano. Adem\u00e1s de ministro del Comercio Exterior y la Inversi\u00f3n Extranjera, se desempe\u00f1a como viceprimer ministro. Analistas han visto en \u00e9l un posible delf\u00edn de la familia Castro para suceder al impopular Miguel D\u00edaz-Canel. Oscar Perez-Oliva Fraga, ministro del comercio exterior y sobrino nieto de Ra\u00fal y Fidel Castro. P\u00e9rez-Oliva Fraga es nieto de \u00c1ngela Castro, hermana de Fidel y Ra\u00fal Castro. Sus hijos pertenecen, por tanto, a una generaci\u00f3n posterior de esa familia. Los hijos de P\u00e9rez-Oliva Fraga no respondieron a una solicitud de comentarios. Camilo P\u00e9rez-Oliva respondi\u00f3 p\u00fablicamente a cuestionamientos sobre su llegada a Estados Unidos, sus estudios, sus negocios y sus v\u00ednculos con el poder cubano. \u201cDecidimos irnos de Cuba por las mismas razones que la gran mayor\u00eda de los cubanos: la falta de libertades, el descontento con el sistema pol\u00edtico y las aspiraciones de un futuro mejor\u201d, escribi\u00f3. Niegan haber recibido dinero de Cuba y rechazan al r\u00e9gimen Camilo tambi\u00e9n rechaz\u00f3 que el r\u00e9gimen cubano o su padre financiaran sus estudios y negocios. El joven neg\u00f3 adem\u00e1s las acusaciones de apoyar al r\u00e9gimen cubano y asegur\u00f3 que ha denunciado p\u00fablicamente la situaci\u00f3n de la isla. Tambi\u00e9n dijo haber participado en una manifestaci\u00f3n en Miami durante las protestas del 11 de julio de 2021 y afirm\u00f3 que sigue de cerca el trabajo de los activistas que documentan la represi\u00f3n dentro de Cuba. Camilo reconoci\u00f3, sin embargo, una diferencia pol\u00edtica profunda con su padre. \u201cAunque lo admiro como hombre y como padre, jam\u00e1s quisiera que tuviera ese cargo ni ninguno dentro del Gobierno cubano\u201d, escribi\u00f3. \u201cConsciente o inconscientemente, apoya a la dictadura, y yo recibo ataques injustos por decisiones en las que no tengo participaci\u00f3n ni respaldo\u201d, agreg\u00f3.","title":"El Cangrejo maniobr\u00f3 en el di\u00e1logo con EEUU para proteger a dos familiares de los Castro en Miami","topic":null,"translation_language":"","url":"https://www.martinoticias.com/a/el-cangrejo-maniobr%c3%b3-en-el-di%c3%a1logo-con-eeuu-para-proteger-a-dos-familiares-de-los-castro-en-miami/476884.html","video_url":null,"youtube_conversion_active":false,"youtube_conversion_error":"","youtube_conversion_status":""},{"article_body_paragraphs":[],"audio_source_url":"https://ocb-audio-ns.akamaized.net/cu/2026/09/04/20260904-120000-cu004-program.mp3","author":null,"available_dubs":[],"downloadable_assets":["https://ocb-audio-ns.akamaized.net/cu/2026/09/04/20260904-120000-cu004-program.mp3"],"duration_display":"1:59:58","duration_seconds":7198.0,"embed_url":null,"id":15360,"image_caption":null,"image_url":"https://gdb.martinoticias.com/01000000-0a00-0242-bdd1-08dbc11b65e6_w1200_h630.jpg","is_clip":false,"is_youtube_embed":false,"item_type":"audio","item_type_label":"Audio","language_label":"Espa\u00f1ol","media_credit":null,"micro_label":"Audio program","micro_label_kind":"audio","network_label":"Mart\u00ed Noticias","network_logo_url":"/static/uploads/direct_network_logos/ocb_0888427dcb1d.svg","published_at":"2026-09-04T12:00:00","published_at_display":"4 Sep 2026, 12:00 GMT","sequence_badge_label":null,"sequence_count":null,"sequence_count_label":null,"sequence_frames":[],"sequence_kind":null,"source_name":"ocb_spanish_audio_html_scrape_668","source_name_label":"Mart\u00ed Noticias \u00b7 Mart\u00ed Noticias A.M.","source_type":"scrape","summary":"Revista informativa con los \u00faltimos acontecimientos ocurridos en Cuba y el mundo. Con entrevistas y temas de actualidad relacionados a la pol\u00edtica, la econom\u00eda y de inter\u00e9s general.","title":"Martinoticias AM","topic":"Mart\u00ed Noticias A.M.","translation_language":"","url":"https://www.martinoticias.com/a/475908.html","video_url":null,"youtube_conversion_active":false,"youtube_conversion_error":"","youtube_conversion_status":""},{"article_body_paragraphs":[],"audio_source_url":null,"author":"Mart\u00ed Noticias","available_dubs":[],"downloadable_assets":["https://ocb-video-ns.akamaized.net/pangeavideo/2026/09/a/a6/a603442d-1afc-43d5-5ab3-08decd6ea425_1080p.mp4?cb=ee22be66f"],"duration_display":"1:51","duration_seconds":111.0,"embed_url":null,"id":15185,"image_caption":null,"image_url":"https://gdb.martinoticias.com/a603442d-1afc-43d5-5ab3-08decd6ea425_tv_w1080_h608.jpg","is_clip":true,"is_youtube_embed":false,"item_type":"video","item_type_label":"Video","language_label":"Espa\u00f1ol","media_credit":"Mart\u00ed Noticias","micro_label":"Video report","micro_label_kind":"video","network_label":"Mart\u00ed Noticias","network_logo_url":"/static/uploads/direct_network_logos/ocb_0888427dcb1d.svg","published_at":"2026-09-04T11:00:00","published_at_display":"4 Sep 2026, 11:00 GMT","sequence_badge_label":null,"sequence_count":null,"sequence_count_label":null,"sequence_frames":[],"sequence_kind":null,"source_name":"ocb_spanish_video_scrape","source_name_label":"Mart\u00ed Noticias Video","source_type":"scrape","summary":"Joven capitalina expresa las dificultades que enfrenta durante su embarazo en la isla.","title":"Cuba Habla: \"En los mercados no hay nada\u201d","topic":"Cuba Habla, Cuba","translation_language":"","url":"https://www.martinoticias.com/a/cuba-habla-en-los-mercados-no-hay-nada/476916.html","video_url":"https://ocb-video-ns.akamaized.net/pangeavideo/2026/09/a/a6/a603442d-1afc-43d5-5ab3-08decd6ea425_1080p.mp4?cb=ee22be66f","youtube_conversion_active":false,"youtube_conversion_error":"","youtube_conversion_status":""},{"article_body_paragraphs":[],"audio_source_url":"https://ocb-audio-ns.akamaized.net/cu/2026/09/04/c9adf8be-0381-4355-7ca4-08def2b1c8fe.mp3","author":null,"available_dubs":[],"downloadable_assets":["https://ocb-audio-ns.akamaized.net/cu/2026/09/04/c9adf8be-0381-4355-7ca4-08def2b1c8fe.mp3"],"duration_display":"22:59","duration_seconds":1379.0,"embed_url":null,"id":14812,"image_caption":null,"image_url":"https://gdb.martinoticias.com/3d4c6dde-23e8-4f4d-0e56-08dd4aae873c_w1200_h630.png","is_clip":false,"is_youtube_embed":false,"item_type":"audio","item_type_label":"Audio","language_label":"Espa\u00f1ol","media_credit":null,"micro_label":"Audio program","micro_label_kind":"audio","network_label":"Mart\u00ed Noticias","network_logo_url":"/static/uploads/direct_network_logos/ocb_0888427dcb1d.svg","published_at":"2026-09-04T01:49:50","published_at_display":"4 Sep 2026, 01:49 GMT","sequence_badge_label":null,"sequence_count":null,"sequence_count_label":null,"sequence_frames":[],"sequence_kind":null,"source_name":"ocb_spanish_audio_scrape","source_name_label":"Mart\u00ed Noticias Audio","source_type":"scrape","summary":"Un poemario de una gran destreza l\u00edrica, de una de las mayores poetas j\u00f3venes cubanas exiliadas. Una Astart\u00e9, otra, que nunca defrauda.","title":"Y solo estamos en verano. Autora: Grethel Delgado \u00c1lvarez","topic":"y solo estamos en verano autora grethel delgado %C3%A1lvarez","translation_language":"","url":"https://www.martinoticias.com/a/y-solo-estamos-en-verano-autora-grethel-delgado-%C3%A1lvarez/476969.html","video_url":null,"youtube_conversion_active":false,"youtube_conversion_error":"","youtube_conversion_status":""},{"article_body_paragraphs":[],"audio_source_url":"https://ocb-audio-ns.akamaized.net/cu/2026/09/04/20260904-000000-cu004-program.mp3","author":null,"available_dubs":[],"downloadable_assets":["https://ocb-audio-ns.akamaized.net/cu/2026/09/04/20260904-000000-cu004-program.mp3"],"duration_display":"29:59","duration_seconds":1799.0,"embed_url":null,"id":14800,"image_caption":null,"image_url":"https://gdb.martinoticias.com/a960ff74-708e-4671-c10e-08de3cb98067_w1200_h630.png","is_clip":false,"is_youtube_embed":false,"item_type":"audio","item_type_label":"Audio","language_label":"Espa\u00f1ol","media_credit":null,"micro_label":"Audio program","micro_label_kind":"audio","network_label":"Mart\u00ed Noticias","network_logo_url":"/static/uploads/direct_network_logos/ocb_0888427dcb1d.svg","published_at":"2026-09-04T00:00:00","published_at_display":"4 Sep 2026, 00:00 GMT","sequence_badge_label":null,"sequence_count":null,"sequence_count_label":null,"sequence_frames":[],"sequence_kind":null,"source_name":"ocb_spanish_audio_scrape","source_name_label":"Mart\u00ed Noticias Audio","source_type":"scrape","summary":"Un resumen de las noticias m\u00e1s importantes de Cuba y el mundo.","title":"Noticiero de Radio Mart\u00ed 8:00 PM","topic":"Radio Mart\u00ed","translation_language":"","url":"https://www.martinoticias.com/a/475858.html","video_url":null,"youtube_conversion_active":false,"youtube_conversion_error":"","youtube_conversion_status":""},{"article_body_paragraphs":[],"audio_source_url":null,"author":"Redacci\u00f3n Mart\u00ed Noticias","available_dubs":[],"downloadable_assets":["https://gdb.martinoticias.com/61D72EFF-5ECD-43BA-9B92-9BB2233483EB_cx0_cy9_cw0_w1600_r1_n_s.jpg"],"duration_display":"0:00","duration_seconds":null,"embed_url":null,"id":14774,"image_caption":"ARCHIVO. Los gobernantes de Nicaragua, Daniel Ortega; de Venezuela, Nicol\u00e1s Maduro; de Bolivia, Evo Morales; y de Cuba, Ra\u00fal Castro, en la XIII Cumbre de la Alianza Bolivariana para los Pueblos de Nuestra Am\u00e9rica (ALBA) en La Habana, el 14 de diciembre de 2014.","image_url":"https://gdb.martinoticias.com/61D72EFF-5ECD-43BA-9B92-9BB2233483EB_cx0_cy9_cw0_w1600_r1_n_s.jpg","is_clip":false,"is_youtube_embed":false,"item_type":"article","item_type_label":"Article","language_label":"Espa\u00f1ol","media_credit":"Redacci\u00f3n Mart\u00ed Noticias","micro_label":"Photo","micro_label_kind":"gallery","network_label":"Mart\u00ed Noticias","network_logo_url":"/static/uploads/direct_network_logos/ocb_0888427dcb1d.svg","published_at":"2026-09-03T22:32:01","published_at_display":"3 Sep 2026, 22:32 GMT","sequence_badge_label":null,"sequence_count":null,"sequence_count_label":null,"sequence_frames":[],"sequence_kind":null,"source_name":"radiotelevisionmarti_com_rss","source_name_label":"Mart\u00ed Noticias RSS","source_type":"rss","summary":"La subsecretaria de Estado para Diplomacia P\u00fablica y Asuntos P\u00fablicos de Estados Unidos, Sarah B. Rogers, pronunci\u00f3 este jueves una ponencia magistral en el V Encuentro Regional de Foro Madrid, celebrado en el Centro de Eventos San Carlos de Apoquindo, en Santiago de Chile. En la misma jornada intervinieron el presidente de Argentina, Javier Milei; el presidente de Chile, Jos\u00e9 Antonio Kast; y la primera designada presidencial de Honduras, Mar\u00eda Antonieta Mej\u00eda, entre otras autoridades de Iberoam\u00e9rica, Estados Unidos y Europa. El presidente de Argentina, Javier Milei, asiste a la ceremonia de apertura de la V Reuni\u00f3n Regional del Foro de Madrid, en Santiago de Chile, el 3 de septiembre de 2026. REUTERS/Pablo Sanhueza El foro, organizado por la Fundaci\u00f3n Disenso se desarrolla el 3 y 4 de septiembre bajo el lema \u201cUna nueva era para Iberoam\u00e9rica\u201d, re\u00fane a l\u00edderes, parlamentarios y centros de pensamiento en torno a cuatro ejes: democracia y libertad, econom\u00eda y prosperidad, seguridad y Estado de derecho, y defensa de Occidente. Rogers, quien asumi\u00f3 el cargo en octubre de 2025, public\u00f3 al t\u00e9rmino de su intervenci\u00f3n un mensaje en el que enmarc\u00f3 el encuentro en un cambio de \u00e9poca en el hemisferio. \u201cLas naciones del Nuevo Mundo fueron creadas como actos de voluntad dentro de la historia reciente, por fundadores que persiguieron fortuna m\u00e1s all\u00e1 del horizonte y construyeron algo nuevo\u201d, escribi\u00f3. A\u00f1adi\u00f3 que \u201cla peor tentaci\u00f3n pol\u00edtica de nuestro hemisferio ha sido el socialismo: una pol\u00edtica del rencor sembrada por adversarios estatales y no estatales que resiente la soberan\u00eda y el \u00e9xito de los pa\u00edses que funcionan\u201d. Seg\u00fan la funcionaria, los votantes \u201cest\u00e1n rechazando cada vez m\u00e1s esos llamados\u201d y Estados Unidos \u201cse mantiene con nuestros amigos en el hemisferio occidental en honor a nuestras ra\u00edces, valores, libertades y futuro occidentales\u201d. El d\u00eda anterior, en Santiago, Rogers hab\u00eda anticipado que su objetivo era impulsar las prioridades estadounidenses de colaboraci\u00f3n en el hemisferio occidental, en particular \u201cpromover socios seguros, fuertes y pr\u00f3speros\u201d en temas como el narcoterrorismo y la migraci\u00f3n. Tambi\u00e9n sostuvo una audiencia privada con Milei, prevista en la agenda del presidente argentino en Chile. Milei inaugur\u00f3 el encuentro con un discurso de tono confrontacional. Felicit\u00f3 a Kast por su llegada a La Moneda, reivindic\u00f3 el per\u00edodo posterior al derrocamiento de Salvador Allende como una etapa de \u201cestabilidad y crecimiento\u201d y afirm\u00f3 que Chile \u201ccay\u00f3 en la farsa del socialismo del siglo XXI\u201d.","title":"\"La peor tentaci\u00f3n pol\u00edtica de nuestro hemisferio ha sido el socialismo\", denuncia subsecretaria de Estado","topic":null,"translation_language":"","url":"https://www.martinoticias.com/a/la-peor-tentaci%c3%b3n-pol%c3%adtica-de-nuestro-hemisferio-ha-sido-el-socialismo-denuncia-subsecretaria-de-estado/476918.html","video_url":null,"youtube_conversion_active":false,"youtube_conversion_error":"","youtube_conversion_status":""},{"article_body_paragraphs":[],"audio_source_url":"https://ocb-audio-ns.akamaized.net/cu/2026/09/03/20260903-223000-cu004-program_hq.mp3","author":"Regis Iglesias","available_dubs":[],"downloadable_assets":["https://ocb-audio-ns.akamaized.net/cu/2026/09/03/20260903-223000-cu004-program_hq.mp3"],"duration_display":"29:59","duration_seconds":1799.0,"embed_url":null,"id":14787,"image_caption":null,"image_url":"https://gdb.martinoticias.com/096178d6-ac3e-454d-263c-08de274e8135_mw2048_mh2048_n.jpg","is_clip":false,"is_youtube_embed":false,"item_type":"audio","item_type_label":"Audio","language_label":"Espa\u00f1ol","media_credit":"OCB","micro_label":"Audio program","micro_label_kind":"audio","network_label":"Mart\u00ed Noticias","network_logo_url":"/static/uploads/direct_network_logos/ocb_0888427dcb1d.svg","published_at":"2026-09-03T22:30:00","published_at_display":"3 Sep 2026, 22:30 GMT","sequence_badge_label":null,"sequence_count":null,"sequence_count_label":null,"sequence_frames":[],"sequence_kind":null,"source_name":"radiotelevisionmarti_com_direct","source_name_label":"Mart\u00ed Noticias Direct","source_type":"direct_api","summary":"Liberaci\u00f3n es un espacio radial con Regis Iglesias, portavoz del Movimiento Cristiano Liberaci\u00f3n, para abordar temas de actualidad y fomentar las voces e iniciativas que buscan transformar positivamente la sociedad cubana.","title":"Liberaci\u00f3n con Daniel Brea","topic":"Liberaci\u00f3n","translation_language":"","url":"https://ocb-audio-ns.akamaized.net/cu/2026/09/03/20260903-223000-cu004-program_hq.mp3","video_url":null,"youtube_conversion_active":false,"youtube_conversion_error":"","youtube_conversion_status":""},{"article_body_paragraphs":[],"audio_source_url":"https://ocb-audio-ns.akamaized.net/cu/2026/09/03/20260903-223000-cu004-program.mp3","author":null,"available_dubs":[],"downloadable_assets":["https://ocb-audio-ns.akamaized.net/cu/2026/09/03/20260903-223000-cu004-program.mp3"],"duration_display":"29:59","duration_seconds":1799.0,"embed_url":null,"id":14782,"image_caption":null,"image_url":"https://gdb.martinoticias.com/096178d6-ac3e-454d-263c-08de274e8135_w1200_h630.jpg","is_clip":false,"is_youtube_embed":false,"item_type":"audio","item_type_label":"Audio","language_label":"Espa\u00f1ol","media_credit":null,"micro_label":"Audio program","micro_label_kind":"audio","network_label":"Mart\u00ed Noticias","network_logo_url":"/static/uploads/direct_network_logos/ocb_0888427dcb1d.svg","published_at":"2026-09-03T22:30:00","published_at_display":"3 Sep 2026, 22:30 GMT","sequence_badge_label":null,"sequence_count":null,"sequence_count_label":null,"sequence_frames":[],"sequence_kind":null,"source_name":"ocb_spanish_audio_html_scrape_1001","source_name_label":"Mart\u00ed Noticias \u00b7 Liberaci\u00f3n","source_type":"scrape","summary":"Liberaci\u00f3n es un espacio radial con Regis Iglesias, portavoz del Movimiento Cristiano Liberaci\u00f3n, para abordar temas de actualidad y fomentar las voces e iniciativas que buscan transformar positivamente la sociedad cubana.","title":"Liberaci\u00f3n con Daniel Brea","topic":"Liberaci\u00f3n","translation_language":"","url":"https://www.martinoticias.com/a/475852.html","video_url":null,"youtube_conversion_active":false,"youtube_conversion_error":"","youtube_conversion_status":""},{"article_body_paragraphs":[],"audio_source_url":null,"author":"Ariane Gonz\u00e1lez, Ricardo Espinosa","available_dubs":[],"downloadable_assets":["https://ocb-video-ns.akamaized.net/pangeavideo/2026/09/9/92/92aa98f0-595d-4d46-9681-d02ebdc35a64_1080p.mp4?cb=ee22be19a"],"duration_display":"29:59","duration_seconds":1799.0,"embed_url":null,"id":14760,"image_caption":null,"image_url":"https://gdb.martinoticias.com/92aa98f0-595d-4d46-9681-d02ebdc35a64_tv_w1080_h608.jpg","is_clip":false,"is_youtube_embed":false,"item_type":"video","item_type_label":"Video","language_label":"Espa\u00f1ol","media_credit":"Ariane Gonz\u00e1lez, Ricardo Espinosa","micro_label":"Video report","micro_label_kind":"video","network_label":"Mart\u00ed Noticias","network_logo_url":"/static/uploads/direct_network_logos/ocb_0888427dcb1d.svg","published_at":"2026-09-03T21:46:02","published_at_display":"3 Sep 2026, 21:46 GMT","sequence_badge_label":null,"sequence_count":null,"sequence_count_label":null,"sequence_frames":[],"sequence_kind":null,"source_name":"ocb_spanish_video_scrape","source_name_label":"Mart\u00ed Noticias Video","source_type":"scrape","summary":"Noticiero de Mart\u00ed Noticias presenta un resumen de las noticias m\u00e1s importantes de Cuba y el mundo.","title":"Noticiero Mart\u00ed Noticias","topic":"Noticiero Mart\u00ed Noticias, Cuba","translation_language":"","url":"https://www.martinoticias.com/a/noticiero-mart%C3%AD-noticias/476889.html","video_url":"https://ocb-video-ns.akamaized.net/pangeavideo/2026/09/9/92/92aa98f0-595d-4d46-9681-d02ebdc35a64_1080p.mp4?cb=ee22be19a","youtube_conversion_active":false,"youtube_conversion_error":"","youtube_conversion_status":""},{"article_body_paragraphs":[],"audio_source_url":"https://ocb-audio-ns.akamaized.net/cu/2026/09/03/20260903-210030-cu004-program.mp3","author":null,"available_dubs":[],"downloadable_assets":["https://ocb-audio-ns.akamaized.net/cu/2026/09/03/20260903-210030-cu004-program.mp3"],"duration_display":"29:29","duration_seconds":1769.0,"embed_url":null,"id":14759,"image_caption":null,"image_url":"https://gdb.martinoticias.com/04370000-0aff-0242-9b67-08daa64028f2_w1200_h630.jpg","is_clip":false,"is_youtube_embed":false,"item_type":"audio","item_type_label":"Audio","language_label":"Espa\u00f1ol","media_credit":null,"micro_label":"Audio program","micro_label_kind":"audio","network_label":"Mart\u00ed Noticias","network_logo_url":"/static/uploads/direct_network_logos/ocb_0888427dcb1d.svg","published_at":"2026-09-03T21:00:30","published_at_display":"3 Sep 2026, 21:00 GMT","sequence_badge_label":null,"sequence_count":null,"sequence_count_label":null,"sequence_frames":[],"sequence_kind":null,"source_name":"ocb_spanish_audio_scrape","source_name_label":"Mart\u00ed Noticias Audio","source_type":"scrape","summary":"Noticiero Radio Mart\u00ed presenta los hechos que hacen noticia en Cuba y el mundo.","title":"Noticiero de Radio Mart\u00ed 5:00 PM","topic":"Radio Mart\u00ed","translation_language":"","url":"https://www.martinoticias.com/a/475846.html","video_url":null,"youtube_conversion_active":false,"youtube_conversion_error":"","youtube_conversion_status":""},{"article_body_paragraphs":[],"audio_source_url":null,"author":"Jorge Morej\u00f3n","available_dubs":[],"downloadable_assets":["https://gdb.martinoticias.com/01000000-0a00-0242-0f55-08dc01628393_w1600_r1_n_s.jpg"],"duration_display":"0:00","duration_seconds":null,"embed_url":null,"id":14722,"image_caption":"El peso completo cubano Frank S\u00e1nchez buscar\u00e1 la corona mundial de la FIB ante el criata Filip Hrgovic en fecha por determinarse.","image_url":"https://gdb.martinoticias.com/01000000-0a00-0242-0f55-08dc01628393_w1600_r1_n_s.jpg","is_clip":false,"is_youtube_embed":false,"item_type":"article","item_type_label":"Article","language_label":"Espa\u00f1ol","media_credit":"Jorge Morej\u00f3n","micro_label":"Photo","micro_label_kind":"gallery","network_label":"Mart\u00ed Noticias","network_logo_url":"/static/uploads/direct_network_logos/ocb_0888427dcb1d.svg","published_at":"2026-09-03T20:41:01","published_at_display":"3 Sep 2026, 20:41 GMT","sequence_badge_label":null,"sequence_count":null,"sequence_count_label":null,"sequence_frames":[],"sequence_kind":null,"source_name":"radiotelevisionmarti_com_rss","source_name_label":"Mart\u00ed Noticias RSS","source_type":"rss","summary":"El boxeador cubano Frank S\u00e1nchez ya sabe qui\u00e9n deber\u00eda ser su pr\u00f3ximo rival. Ahora s\u00f3lo le falta la fecha. S\u00e1nchez, quien busca convertirse en el primer cubano campe\u00f3n mundial del peso supercompleto, se medir\u00e1 al croata Filip Hrgovic por la corona de la Federaci\u00f3n Internacional de Boxeo (FIB). El guantanamero hab\u00eda dado un paso al costado para permitir que Hrgovic y el brit\u00e1nico Moses Itauma pelearan por el cintur\u00f3n que qued\u00f3 vacante en la FIB tras el retiro del ucraniano Oleksandr Usyk, con el compromiso de que el ganador se medir\u00eda de manera obligatoria con \u00e9l. El fin de semana pasado, el croata se impuso por nocaut t\u00e9cnico a Itauma en nueve rounds, luego de que el brit\u00e1nico dominara los primeros asaltos. Pero Hrgovic result\u00f3 ser un muro de piedra, que resisti\u00f3 todos los golpes que su rival le lanz\u00f3, para contraatacar cuando el joven del Reino Unido acus\u00f3 cansancio por la intensidad de la pelea. Ya en el noveno round, Itauma no pod\u00eda levantar sus brazos y los golpes del croata entraban limpiamente a su anatom\u00eda, por el que el referee orden\u00f3 detener las acciones. Con r\u00e9cord de 26 victorias, 19 de ellas por nocaut, y una derrota, el guantanamero de 34 a\u00f1os, apodado The Flash, tendr\u00e1 que apelar a su mejor versi\u00f3n, para derrotar a una mole que ense\u00f1\u00f3 un poder de asimilaci\u00f3n pocas veces visto. S\u00e1nchez, quien se ha labrado un camino dentro de la \u00e9lite de la divisi\u00f3n m\u00e1xima, hab\u00eda ganado el derecho de disputar el cintur\u00f3n de la FIB ante Usyk, tras su \u00faltimo triunfo, el pasado mes de mayo sobre el estadounidense Richard Torrez, en Giza, Egipto. Pero el ucraniano, que pele\u00f3 en el mismo cartel, renunci\u00f3 a las coronas de la FIB, de la Asociaci\u00f3n Mundial de Boxeo (AMB) y el Consejo Mundial de Boxeo (CMB), luego de que se viera en aprietos para imponerse a Rico Verhoeven, de Pa\u00edses Bajos, en el que podr\u00eda haber sido su \u00faltimo combate. Ante su retiro, la FIB determin\u00f3 primero que para cubrir la vacante y orden\u00f3 pelear a Itauma y Hrgovic. S\u00e1nchez acept\u00f3 un acuerdo econ\u00f3mico por una cifra no revelada para ceder temporalmente su oportunidad de pelear por el t\u00edtulo y adem\u00e1s de la compensaci\u00f3n monetaria por dar un paso al lado, el cubano recibi\u00f3 una garant\u00eda de que su pr\u00f3ximo rival ser\u00e1 el que resulte entre Itauma y Hrgovic. Hrgovic tiene la misma edad que el cubano y ostenta r\u00e9cord de 21-1, con 16 KOs. Cuando se determine la fecha del combate, S\u00e1nchez se convertir\u00e1 en el quinto cubano que compita por un cintur\u00f3n en la divisi\u00f3n supercompleta del boxeo profesional. Cuba, que exhibe una larga lista de monarcas en el pugilismo rentado, nunca ha tenido uno en la divisi\u00f3n superpesada. Los cuatro que lo han intentado sin \u00e9xito son Jorge Luis Gonz\u00e1lez, Juan Carlos G\u00f3mez, Odlanier Sol\u00eds y Luis \"King Kong\" Ort\u00edz. Gonz\u00e1lez fue el primero en hacerlo, pero cay\u00f3 ante Riddick Bowe el 17 de junio de 1995. G\u00f3mez, en el 2009, y Sol\u00eds, en el 2011, perdieron ante el ucraniano Vitali Klitchsko por el cintur\u00f3n del CMB. Y \u201cKing Kong\u201d Ortiz tuvo no una, sino dos oportunidades y en ambas fue derrotado por Deontay Wilder, tambi\u00e9n por el t\u00edtulo del CMB en 2018 y 2019.","title":"Frank S\u00e1nchez ya sabe qui\u00e9n ser\u00e1 su pr\u00f3ximo rival; s\u00f3lo le falta la fecha","topic":null,"translation_language":"","url":"https://www.martinoticias.com/a/frank-sanchez-ya-sabe-quien-sere-su-proximo-rival-solo-le-falta-la-fecha/476914.html","video_url":null,"youtube_conversion_active":false,"youtube_conversion_error":"","youtube_conversion_status":""},{"article_body_paragraphs":[],"audio_source_url":null,"author":"Oficina de Pol\u00edticas","available_dubs":[],"downloadable_assets":["https://gdb.martinoticias.com/ee3b09ad-8118-4b11-bc8a-08def2b1d8dc_cx0_cy23_cw0_w1600_r1_n_s.jpg"],"duration_display":"0:00","duration_seconds":null,"embed_url":null,"id":14724,"image_caption":"La recompensa por \"Pel\u00f3n\" es de 25 millones de d\u00f3lares.","image_url":"https://gdb.martinoticias.com/ee3b09ad-8118-4b11-bc8a-08def2b1d8dc_cx0_cy23_cw0_w1600_r1_n_s.jpg","is_clip":false,"is_youtube_embed":false,"item_type":"article","item_type_label":"Article","language_label":"Espa\u00f1ol","media_credit":"Oficina de Pol\u00edticas","micro_label":"Photo","micro_label_kind":"gallery","network_label":"Mart\u00ed Noticias","network_logo_url":"/static/uploads/direct_network_logos/ocb_0888427dcb1d.svg","published_at":"2026-09-03T20:18:41","published_at_display":"3 Sep 2026, 20:18 GMT","sequence_badge_label":null,"sequence_count":null,"sequence_count_label":null,"sequence_frames":[],"sequence_kind":null,"source_name":"radiotelevisionmarti_com_rss","source_name_label":"Mart\u00ed Noticias RSS","source_type":"rss","summary":"A continuaci\u00f3n, un aviso de servicio p\u00fablico internacional del Gobierno de los Estados Unidos. El gobierno de los Estados Unidos ofrece una recompensa de hasta 25 millones de d\u00f3lares por informaci\u00f3n sobre el nuevo l\u00edder de una de las organizaciones narcoterroristas m\u00e1s violentas y peligrosas del hemisferio occidental. Juan Carlos Valencia Gonz\u00e1lez, alias \"Pel\u00f3n\", asumi\u00f3 el liderazgo del C\u00e1rtel de Jalisco Nueva Generaci\u00f3n (CJNG) tras la muerte, en febrero de 2026, de su padrastro y fundador del grupo, Nemesio Rub\u00e9n Oseguera Cervantes, alias \"El Mencho\". Nacido en Santa Ana, California, en 1984, este narcoterrorista es ciudadano tanto de Estados Unidos como de M\u00e9xico y utiliza tambi\u00e9n los alias \"El R-3\", \"El JP\", \"Tricky Tres\" y \"O3\". Mide 5 pies y 9 pulgadas (aprox. 1,75 m) y pesa unas 170 libras (aprox. 77 kg). Tiene cabello casta\u00f1o y ojos marrones. El CJNG fue designado recientemente como organizaci\u00f3n terrorista extranjera por la administraci\u00f3n del presidente Donald Trump. El c\u00e1rtel envenena a las comunidades estadounidenses con fentanilo, coca\u00edna, hero\u00edna y metanfetamina il\u00edcitos. \"Son responsables del asesinato de cientos de miles de personas, incluidos ciudadanos estadounidenses\", declar\u00f3 Michael C. Gonzales, subsecretario adjunto de la Oficina de Asuntos Internacionales de Narc\u00f3ticos y Aplicaci\u00f3n de la Ley. La recompensa por \"Pel\u00f3n\" es de 25 millones de d\u00f3lares. El 8 de octubre de 2020, Valencia Gonz\u00e1lez fue acusado ante el Tribunal de Distrito de Estados Unidos para el Distrito de Columbia de conspiraci\u00f3n para distribuir una sustancia controlada con el fin de importarla ilegalmente a Estados Unidos y del uso de un arma de fuego durante una transacci\u00f3n de narc\u00f3ticos. El aumento de la recompensa fue anunciado por la Oficina de Asuntos Internacionales de Narc\u00f3ticos y Aplicaci\u00f3n de la Ley del Departamento de Estado de Estados Unidos, en el marco del Programa de Recompensas por Narc\u00f3ticos (NRP, por sus siglas en ingl\u00e9s). Si tiene informaci\u00f3n, comun\u00edquese con la DEA por tel\u00e9fono al 1-213-237-9990 (mensaje de texto/WhatsApp/Signal/Threema) o por correo electr\u00f3nico a CJNGtips@dea.gov. Si se encuentra fuera de Estados Unidos, comun\u00edquese con la embajada o el consulado de Estados Unidos m\u00e1s cercano. Si se encuentra en Estados Unidos, comun\u00edquese con la oficina local de la DEA en su ciudad. Todas las identidades se mantienen en estricta confidencialidad.","title":"EEUU ofrece 25 millones de d\u00f3lares por informaci\u00f3n sobre \"Pel\u00f3n\", l\u00edder del CJNG","topic":null,"translation_language":"","url":"https://www.martinoticias.com/a/eeuu-ofrece-25-millones-de-d%c3%b3lares-por-informaci%c3%b3n-sobre-pel%c3%b3n-l%c3%adder-del-cjng/476912.html","video_url":null,"youtube_conversion_active":false,"youtube_conversion_error":"","youtube_conversion_status":""},{"article_body_paragraphs":[],"audio_source_url":null,"author":"Jos\u00e9 L Ramos/Amado Gil","available_dubs":[],"downloadable_assets":["https://ocb-video-ns.akamaized.net/pangeavideo/2026/09/7/74/74d8f888-ea36-4707-bc89-08def2b1d8dc_720p.mp4?cb=ee22bc929"],"duration_display":"28:53","duration_seconds":1733.0,"embed_url":null,"id":14702,"image_caption":null,"image_url":"https://gdb.martinoticias.com/74d8f888-ea36-4707-bc89-08def2b1d8dc_tv_w1080_h608.jpg","is_clip":false,"is_youtube_embed":false,"item_type":"video","item_type_label":"Video","language_label":"Espa\u00f1ol","media_credit":"Jos\u00e9 L Ramos/Amado Gil","micro_label":"Video report","micro_label_kind":"video","network_label":"Mart\u00ed Noticias","network_logo_url":"/static/uploads/direct_network_logos/ocb_0888427dcb1d.svg","published_at":"2026-09-03T20:00:21","published_at_display":"3 Sep 2026, 20:00 GMT","sequence_badge_label":null,"sequence_count":null,"sequence_count_label":null,"sequence_frames":[],"sequence_kind":null,"source_name":"ocb_spanish_video_scrape","source_name_label":"Mart\u00ed Noticias Video","source_type":"scrape","summary":"Amado Gil y Jos\u00e9 Luis Ramos, en tertulia con Jos\u00e9 Daniel Ferrer abordan las p\u00e9simas condiciones y la manipulaci\u00f3n del gobierno cubano con el inicio del curso escolar. Tambi\u00e9n se nos une el periodista Alejandro Tur Valladares con m\u00e1s de la grave crisis econ\u00f3mica de la isla y los robos en aumento.","title":"Las noticias como son","topic":"Las Noticias Como Son, Cuba","translation_language":"","url":"https://www.martinoticias.com/a/las-noticias-como-son/476910.html","video_url":"https://ocb-video-ns.akamaized.net/pangeavideo/2026/09/7/74/74d8f888-ea36-4707-bc89-08def2b1d8dc_720p.mp4?cb=ee22bc929","youtube_conversion_active":false,"youtube_conversion_error":"","youtube_conversion_status":""},{"article_body_paragraphs":[],"audio_source_url":null,"author":"Jos\u00e9 Pernalete","available_dubs":[],"downloadable_assets":["https://ocb-video-ns.akamaized.net/pangeavideo/2026/09/6/6f/6f889c4c-3ced-4861-bc87-08def2b1d8dc_1080p.mp4?cb=ee22bbad4","https://gdb.martinoticias.com/8c54cfa7-518c-4464-5ab1-08decd6ea425_w1600_r1_n_s.jpg"],"duration_display":"0:00","duration_seconds":null,"embed_url":null,"id":14727,"image_caption":"L\u00edder opositora venezolana Mar\u00eda Corina Machado ofreci\u00f3 un mensaje este jueves sobre el acuerdo petrolero. (REUTERS)","image_url":"https://gdb.martinoticias.com/8c54cfa7-518c-4464-5ab1-08decd6ea425_w1600_r1_n_s.jpg","is_clip":true,"is_youtube_embed":false,"item_type":"video","item_type_label":"Video","language_label":"Espa\u00f1ol","media_credit":"Jos\u00e9 Pernalete","micro_label":"Video report","micro_label_kind":"video","network_label":"Mart\u00ed Noticias","network_logo_url":"/static/uploads/direct_network_logos/ocb_0888427dcb1d.svg","published_at":"2026-09-03T19:50:34","published_at_display":"3 Sep 2026, 19:50 GMT","sequence_badge_label":null,"sequence_count":null,"sequence_count_label":null,"sequence_frames":[],"sequence_kind":null,"source_name":"radiotelevisionmarti_com_rss","source_name_label":"Mart\u00ed Noticias RSS","source_type":"rss","summary":"Mar\u00eda Corina Machado lanz\u00f3 una dura advertencia tras el anuncio de acuerdos petroleros entre Estados Unidos y Venezuela. La dirigente opositora afirm\u00f3 que \u201clos enemigos de Estados Unidos en Venezuela est\u00e1n hoy en Miraflores\u201d y cuestion\u00f3 la falta de informaci\u00f3n sobre el alcance de los convenios.","title":"Machado advierte: \u201clos enemigos de Estados Unidos est\u00e1n hoy en Miraflores\u201d","topic":null,"translation_language":"","url":"https://www.martinoticias.com/a/machado-exige-transparencia-en-acuerdo-petrolero-y-lanza-advertencia-sobre-miraflores-video/476903.html","video_url":"https://ocb-video-ns.akamaized.net/pangeavideo/2026/09/6/6f/6f889c4c-3ced-4861-bc87-08def2b1d8dc_1080p.mp4?cb=ee22bbad4","youtube_conversion_active":false,"youtube_conversion_error":"","youtube_conversion_status":""},{"article_body_paragraphs":[],"audio_source_url":null,"author":"Jos\u00e9 Pernalete","available_dubs":[],"downloadable_assets":["https://gdb.martinoticias.com/8c54cfa7-518c-4464-5ab1-08decd6ea425_w1600_r1_n_s.jpg"],"duration_display":"0:00","duration_seconds":null,"embed_url":null,"id":14726,"image_caption":"L\u00edder opositora venezolana Mar\u00eda Corina Machado ofreci\u00f3 un mensaje este jueves sobre el acuerdo petrolero. (REUTERS)","image_url":"https://gdb.martinoticias.com/8c54cfa7-518c-4464-5ab1-08decd6ea425_w1600_r1_n_s.jpg","is_clip":false,"is_youtube_embed":false,"item_type":"article","item_type_label":"Article","language_label":"Espa\u00f1ol","media_credit":"Jos\u00e9 Pernalete","micro_label":"Photo","micro_label_kind":"gallery","network_label":"Mart\u00ed Noticias","network_logo_url":"/static/uploads/direct_network_logos/ocb_0888427dcb1d.svg","published_at":"2026-09-03T19:50:34","published_at_display":"3 Sep 2026, 19:50 GMT","sequence_badge_label":null,"sequence_count":null,"sequence_count_label":null,"sequence_frames":[],"sequence_kind":null,"source_name":"radiotelevisionmarti_com_rss","source_name_label":"Mart\u00ed Noticias RSS","source_type":"rss","summary":"Mar\u00eda Corina Machado fij\u00f3 posici\u00f3n este jueves sobre los acuerdos petroleros anunciados entre Estados Unidos y el gobierno de Delcy Rodr\u00edguez y lanz\u00f3 una de sus advertencias m\u00e1s directas sobre la relaci\u00f3n que Washington comienza a construir con Caracas en materia energ\u00e9tica. \u201cLos enemigos de los Estados Unidos en Venezuela est\u00e1n hoy en Miraflores\u201d, afirm\u00f3 la dirigente opositora, quien sostuvo que precisamente por esa raz\u00f3n cualquier asociaci\u00f3n entre ambos pa\u00edses debe desarrollarse bajo condiciones que garanticen transparencia, legalidad y estabilidad. \u201cPero precisamente por eso, porque esta asociaci\u00f3n entre Venezuela y Estados Unidos reviste un car\u00e1cter estrat\u00e9gico para ambos pa\u00edses, es que todos necesitamos que las cosas se hagan bien\u201d, se\u00f1al\u00f3 Machado. El presidente de Estados Unidos, Donald Trump, afirm\u00f3 el mi\u00e9rcoles que Venezuela todav\u00eda no est\u00e1 preparada para celebrar elecciones, pero espera que puedan realizarse \u201cpronto\u201d. Una vez m\u00e1s, el mandatario asegur\u00f3 que Washington mantiene una buena relaci\u00f3n con la presidenta interina Delcy Rodr\u00edguez y el actual gobierno venezolano. Machado advierte: \u201clos enemigos de Estados Unidos est\u00e1n hoy en Miraflores\u201d La Premio Nobel de la Paz dej\u00f3 claro que su cuestionamiento no est\u00e1 dirigido contra una alianza energ\u00e9tica entre Venezuela y Estados Unidos. Por el contrario, considera a Washington como el principal socio que necesita el pa\u00eds para desarrollar su potencial estrat\u00e9gico. \u201cEl patrimonio de nuestro suelo no le pertenece a un r\u00e9gimen ileg\u00edtimo, le pertenece al pueblo venezolano. Por supuesto que los Estados Unidos son el socio principal que Venezuela necesita para desarrollar a plenitud su valor estrat\u00e9gico\u201d, afirm\u00f3. A su juicio, cualquier recuperaci\u00f3n energ\u00e9tica debe estar acompa\u00f1ada por el funcionamiento de las cadenas de valor, suficiente generaci\u00f3n el\u00e9ctrica, capacidad operativa en los puertos, seguridad personal y garant\u00edas jur\u00eddicas para las inversiones. La dirigente opositora tambi\u00e9n cuestion\u00f3 la informaci\u00f3n disponible hasta ahora sobre los acuerdos y plante\u00f3 una serie de interrogantes sobre sus condiciones y los beneficios que representar\u00edan para el pa\u00eds. \u201cA\u00fan no se conoce el verdadero alcance de este acuerdo: qui\u00e9n firma, qu\u00e9 es lo que realmente se firma, qui\u00e9n pone el dinero, qui\u00e9n da las garant\u00edas, c\u00f3mo beneficia esto a los venezolanos\u201d, expres\u00f3. Machado asegur\u00f3 que las inversiones de largo plazo solo podr\u00e1n consolidarse con instituciones s\u00f3lidas y reglas claras. \u201cTodo esto requiere trabajar de forma sostenida bajo los principios innegociables de transparencia absoluta, legalidad y eficiencia. Y esto solo es posible con la legitimidad y la estabilidad que ofrece un gobierno serio y democr\u00e1tico\u201d, afirm\u00f3. Washington defiende las inversiones petroleras El gobierno de Estados Unidos, por su parte, ha presentado el acuerdo energ\u00e9tico como parte de una estrategia destinada a recuperar la econom\u00eda venezolana, incrementar sustancialmente la producci\u00f3n petrolera y favorecer las condiciones para una posterior transici\u00f3n democr\u00e1tica. La Casa Blanca ha se\u00f1alado que el proyecto contempla el desarrollo de 17 campos petroleros con aproximadamente 65.000 millones de barriles de reservas probadas y prev\u00e9 inversiones privadas que podr\u00edan alcanzar los 100.000 millones de d\u00f3lares. Washington tambi\u00e9n ha asegurado que existir\u00e1n mecanismos de control y auditor\u00eda sobre el manejo de los recursos vinculados al proyecto. El secretario de Energ\u00eda de Estados Unidos, Chris Wright, quien encabez\u00f3 esta semana una visita a Venezuela y particip\u00f3 en actividades relacionadas con los nuevos convenios energ\u00e9ticos, ha defendido la incorporaci\u00f3n de capital estadounidense e internacional como una v\u00eda para aumentar la producci\u00f3n, generar empleos y producir beneficios econ\u00f3micos tanto para venezolanos como para estadounidenses.","title":"Machado exige transparencia en acuerdo petrolero y lanza advertencia sobre Miraflores (VIDEO)","topic":null,"translation_language":"","url":"https://www.martinoticias.com/a/machado-exige-transparencia-en-acuerdo-petrolero-y-lanza-advertencia-sobre-miraflores-video/476903.html","video_url":null,"youtube_conversion_active":false,"youtube_conversion_error":"","youtube_conversion_status":""}],"next_num":3,"page":2,"pages":29,"per_page":20,"prev_num":1,"total":576}
