{"applied_filters":{"end_date":"","lang":"","language":"","network":"Mart\u00ed Noticias","page":3,"per_page":20,"search":"","source":"","start_date":"","topic":"","type":""},"available_filters":{"language_choices":[{"label":"Choose Language","value":""},{"label":"English","value":"English"},{"label":"Espa\u00f1ol","value":"Espa\u00f1ol"}],"network_choices":[{"label":"All networks","value":""},{"label":"Mart\u00ed Noticias","value":"Mart\u00ed Noticias"}],"source_choices":[{"label":"All sources","value":""},{"label":"Manual Ocb Espanol","value":"manual_ocb_espanol"},{"label":"Mart\u00ed Noticias \u00b7 Caf\u00e9 Digital","value":"ocb_spanish_audio_html_scrape"},{"label":"Mart\u00ed Noticias \u00b7 Liberaci\u00f3n","value":"ocb_spanish_audio_html_scrape_1001"},{"label":"Mart\u00ed Noticias \u00b7 Programas de Radio Nuestra Am\u00e9rica","value":"ocb_spanish_audio_html_scrape_1016"},{"label":"Mart\u00ed Noticias \u00b7 Agenda hemisf\u00e9rica","value":"ocb_spanish_audio_html_scrape_1028"},{"label":"Mart\u00ed Noticias \u00b7 El futuro es ya","value":"ocb_spanish_audio_html_scrape_1056"},{"label":"Mart\u00ed Noticias \u00b7 Foro abierto","value":"ocb_spanish_audio_html_scrape_1061"},{"label":"Mart\u00ed Noticias \u00b7 Nicaragua al d\u00eda","value":"ocb_spanish_audio_html_scrape_1077"},{"label":"Mart\u00ed Noticias \u00b7 La bola nostra","value":"ocb_spanish_audio_html_scrape_1078"},{"label":"Mart\u00ed Noticias \u00b7 Taller de prensa","value":"ocb_spanish_audio_html_scrape_1103"},{"label":"Mart\u00ed Noticias \u00b7 Las noticias como son","value":"ocb_spanish_audio_html_scrape_142"},{"label":"Mart\u00ed Noticias \u00b7 Abriendo Espacios","value":"ocb_spanish_audio_html_scrape_562"},{"label":"Mart\u00ed Noticias \u00b7 Mart\u00ed Noticias A.M.","value":"ocb_spanish_audio_html_scrape_668"},{"label":"Mart\u00ed Noticias Audio","value":"ocb_spanish_audio_scrape"},{"label":"Mart\u00ed Noticias Video","value":"ocb_spanish_video_scrape"},{"label":"Mart\u00ed Noticias Direct","value":"radiotelevisionmarti_com_direct"},{"label":"Mart\u00ed Noticias RSS","value":"radiotelevisionmarti_com_rss"},{"label":"TV Mart\u00ed Noticias YouTube","value":"tv_marti_noticias_youtube_playlists"}],"sources":["manual_ocb_espanol","ocb_spanish_audio_html_scrape","ocb_spanish_audio_html_scrape_1001","ocb_spanish_audio_html_scrape_1016","ocb_spanish_audio_html_scrape_1028","ocb_spanish_audio_html_scrape_1056","ocb_spanish_audio_html_scrape_1061","ocb_spanish_audio_html_scrape_1077","ocb_spanish_audio_html_scrape_1078","ocb_spanish_audio_html_scrape_1103","ocb_spanish_audio_html_scrape_142","ocb_spanish_audio_html_scrape_562","ocb_spanish_audio_html_scrape_668","ocb_spanish_audio_scrape","ocb_spanish_video_scrape","radiotelevisionmarti_com_direct","radiotelevisionmarti_com_rss","tv_marti_noticias_youtube_playlists"],"topics":["Abriendo Espacios","Agenda hemisf\u00e9rica","Am\u00e9rica Latina, VENEZUELA, Maiquetia","Asuntos de Estado","Audiovisuales Mart\u00ed","Audiovisuales Mart\u00ed, Cuba turismo, crisis del turismo en Cuba","Audiovisuales Mart\u00ed, VENEZUELA, apagones","Barrio Adentro","Caf\u00e9 Digital","Como Come Cuba, cuba, Como Come Cuba","Cuba Habla","Cuba Habla, Cuba","Cuba al D\u00eda","Cuba al D\u00eda, Cuba","Cuba en la Memoria","De cara al sol","Derechos Humanos, cuba, exilio, c\u00e1ncer, Ram\u00f3n Sa\u00fal S\u00e1nchez","El futuro es ya","Especiales, Exilio cubano, Freedom tower, \"Libertad\", Torre de la Libertad de Miami, Exilio cubano en Miami","Especiales, jos\u00e9 mart\u00ed, Exilio cubano","Esperando un techo, cuba, crisis, vivienda, derrumbes, techo, paredes, EsperandounTecho","Foro abierto","Hablando claro","Info Mart\u00ed","Info Mart\u00ed , Brigada 2506","Info Mart\u00ed , Cuba","Info Mart\u00ed , Estados Unidos, Colombia","Info Mart\u00ed , Estados Unidos, VENEZUELA","Info Mart\u00ed , estados unidos, Venezuela","Info Mart\u00ed , presos politicos, torturas, VENEZUELA","Kentu-Cubano, cuba, cubanos, Kentucky, migrantes, KentoCubano","La libertad es una librer\u00eda","Las Noticias Como Son, Cuba","Las noticias como son","Lawton Libre","Liberaci\u00f3n","Mart\u00ed Noticias A.M.","Mart\u00ed Noticias AM","Mart\u00ed en el Mundial 2026","Nicaragua al d\u00eda","Noticiero Mart\u00ed Noticias","Noticiero Mart\u00ed Noticias, Cuba","Programas de Radio Nuestra Am\u00e9rica","Radio Mart\u00ed","Ser Madre en cuba, cuba, hambre, r\u00e9gimen, madre, negligencia, Testimonios, Crisis Econ\u00f3mica, madre cubana, Crisis Alimentaria","Ser viejo en Cuba, cuba, cubanos, crisis, alimentos, ancianos, viejos, vejez","Taller de prensa","adri%C3%A1n del sol mi padre est%C3%A1 muy d%C3%A9bil","atienden a mas de 50 personas en santiago de cuba por presunta intoxicacion alimentaria","auge en contagios de dengue en cuba","aumenta a 379 la cifra de desaparecidos por terremoto en colombia hay 285 fallecidos","banco mundial desembolsa millonaria ayuda para afectados por terremoto en colombia","brote de enfermedades diarreicas se extiende en cuba","casi 300 fallecidos almenos 4 000 heridos y 140 desaparecidos a 7 dias del terremoto en colombia","cifra de muertos por el terremoto en colombia supera las 200 personas seg%C3%BAn reporte","colombia declara estado de emergencia durante 30 dias por grave calamidad","colombia ingresa formalmente al escudo de las am%C3%A9ricas liderado por washington","convocan marcha pac%C3%ADfica por la libertad de todos los presos pol%C3%ADticos en venezuela","crece reclutamiento de ni%C3%B1os y ni%C3%B1as en colombia por parte de grupos ilegales seg%C3%BAn hrw","creo que el presidente trump ir%C3%A1 a la habana antes de que termine su mandato","eeuu cierra acuerdo petrolero que le dar%C3%A1 importante control de reservas venezolanas","eeuu ecuador y colombia se reunen para acordar lucha contra mafias del narcotr%C3%A1fico","eeuu sostiene operaciones militares junto a ecuador cerca de la frontera con colombia","el papel peri%C3%B3dico de la habana autores sociedad patri%C3%B3tica de la habana y sociedad econ%C3%B3mica de amigos del pa%C3","el socialismo es la peor tentaci%C3%B3n pol%C3%ADtica de nuestro hemisferio sara b rogers","gobierno de colombia da por terminada conversaciones con otros tres grupos armados ilegales","informe pide mayor presencia militar en cuba","jeffrey bartos en la onu","joven con vih permanece encarcelado tras protesta por apagones en guanabacoa","la bola nostra","la ola de robos a la infraestructura publica y privada agrava la crisis en cuba","la periodista independiente yoanni limonta reporta una protesta frente al gobierno provincial de cienfuegos tras apagones de mas","las farmacias privadas abren en cuba entre criticas por sus altos precios y dudas medicas sobre sus controles","m%C3%A1s hoteles menos hospitales","oea aprueba convocatoria urgente de cancilleres para condenar a la dictadura de nicaragua","padre castor %C3%A1lvarez devesa","rechazo en cuba a los festejos estatales durante el colapso de los servicios basicos","sismo de 7 4 en colombia deja m%C3%A1s de 100 muertos 87 heridos y 61 edificios colapsados","trump asegura que eeuu y venezuela est%C3%A1n haciendo una fortuna con acuerdo petrolero","venezuela todav%C3%ADa no est%C3%A1 preparada para celebrar elecciones reafirma donaldtrump","y solo estamos en verano autora grethel delgado %C3%A1lvarez"],"types":[["","All types"],["article","Articles"],["audio","Audio"],["video","Videos"],["clips","Clips"],["media","Media"]]},"has_next":true,"has_prev":true,"items":[{"article_body_paragraphs":[],"audio_source_url":null,"author":"Yolanda Huerga","available_dubs":[],"downloadable_assets":["https://gdb.martinoticias.com/bdfc1521-e362-4666-b370-4f6c4324b92e_w1600_r1_n_s.jpg"],"duration_display":"0:00","duration_seconds":null,"embed_url":null,"id":14677,"image_caption":"Un empleado atiende a un cliente en una tienda privada de materiales de construcci\u00f3n en La Habana. (Reuters/Alexandre Meneghini/Archivo)","image_url":"https://gdb.martinoticias.com/bdfc1521-e362-4666-b370-4f6c4324b92e_w1600_r1_n_s.jpg","is_clip":false,"is_youtube_embed":false,"item_type":"article","item_type_label":"Article","language_label":"Espa\u00f1ol","media_credit":"Yolanda Huerga","micro_label":"Photo","micro_label_kind":"gallery","network_label":"Mart\u00ed Noticias","network_logo_url":"/static/uploads/direct_network_logos/ocb_0888427dcb1d.svg","published_at":"2026-09-03T19:40:33","published_at_display":"3 Sep 2026, 19:40 GMT","sequence_badge_label":null,"sequence_count":null,"sequence_count_label":null,"sequence_frames":[],"sequence_kind":null,"source_name":"radiotelevisionmarti_com_rss","source_name_label":"Mart\u00ed Noticias RSS","source_type":"rss","summary":"El gobierno cubano aprob\u00f3 un nuevo marco legal que permite a los cubanos que viven fuera de la isla ser propietarios de empresas privadas en Cuba. Aunque el decreto-ley 133 de 2026, supone el cambio m\u00e1s radical del tejido empresarial privado de la isla desde que se autorizaron las peque\u00f1as y medianas empresas en 2021, los expertos consultados por Mart\u00ed Noticias coinciden en que, si bien la legislaci\u00f3n elimina algunos escollos operativos se enfrentar\u00e1 a severos obst\u00e1culos pr\u00e1cticos. \u201cAlgo importante de todas estas transformaciones que est\u00e1 habiendo en este momento es que ellas estructuran claramente la naturaleza del bloqueo castrista a la productividad, al provecho, al trabajo mancomunado de la naci\u00f3n por generar riqueza, bienestar y prosperidad\u201d, indic\u00f3 el historiador Boris Gonz\u00e1lez Arenas, desde La Habana. \u201cO sea, cuando t\u00fa ves estas legislaciones que ahora est\u00e1n quitando algunas trabas, dices, \u00bfpero no pod\u00edan los cubanos tener empresas de 100 trabajadores? \u00bfPero no pod\u00edan los cubanos exportar sus beneficios? \u00bfPero no pod\u00edan los cubanos importar las materias primas y los enseres necesarios para producir y darle riqueza al pa\u00eds? pero \u00bfc\u00f3mo los cubanos del exilio, que son millones, que son pr\u00f3speros, que tienen un anhelo, un af\u00e1n de colaborar con su pa\u00eds y con sus familias dentro de Cuba para que prosperen y salgan adelante, no ten\u00edan ning\u00fan derecho a participar de la producci\u00f3n de la naci\u00f3n?, ironiz\u00f3. Gonz\u00e1lez Arenas concluy\u00f3 que el verdadero prop\u00f3sito de la apertura no es empoderar a la ciudadan\u00eda, sino atraer capital extranjero af\u00edn al aparato gubernamental. Al no ir acompa\u00f1adas de un marco institucional independiente, las medidas marginan los derechos econ\u00f3micos fundamentales de los cubanos y mantienen un f\u00e9rreo control administrativo sobre la producci\u00f3n. El economista artemise\u00f1o Germ\u00e1n Gonz\u00e1lez analiz\u00f3 que no hay salvaguardas pol\u00edticas ni contrapesos legales que impidan al Estado revertir las aperturas o confiar en la permanencia de la propiedad privada cuando lo estimen conveniente. \u201cHicieron una apertura en los a\u00f1os 90 y apenas apareci\u00f3 la petrochequera de [Hugo] Ch\u00e1vez, le dieron para atr\u00e1s a todo. Empezaron una t\u00edmida apertura cuando el deshielo de Obama y Obama todav\u00eda estaba despegando de Cuba en su Air Force One, cuando ellos estaban dando para atr\u00e1s a todas las disposiciones\u201d, recalc\u00f3. \u201cAhora no les queda m\u00e1s remedio, pero falta que alguien se atreva a invertir. No hay ninguna posibilidad de que las inversiones sean masivas, ni siquiera las imprescindibles para mantener el pa\u00eds funcionando\u201d. \u201c\u00bfQui\u00e9n invierte en Cuba? \u00bfQui\u00e9n arriesga su dinero en un pa\u00eds que no tiene electricidad, que tiene leyes coercitivas que impiden el libre comercio con Estados Unidos, que tiene una fuerza de trabajo cada vez m\u00e1s escasa y menos preparada porque los que se van son los m\u00e1s aptos?, cuestion\u00f3. Por su parte, el abogado cubano asentado en M\u00e9xico, Raudiel Pe\u00f1a, del centro de asesoramiento Cubalex, explic\u00f3 que las nuevas medidas para invertir en Cuba no funcionar\u00e1n. \u201cLo primero es que no hay plenas garant\u00edas jur\u00eddicas para invertir en Cuba, tanto para cubanos residentes en el exterior como para ciudadanos de otros pa\u00edses. La legislaci\u00f3n cubana sigue sin ajustarse a las mejores pr\u00e1cticas del derecho internacional en materia de inversiones, sigue faltando la necesaria independencia judicial que garantice y proteja los derechos de los inversionistas, sean cubanos o tengan otra ciudadan\u00eda\u201d. \u201cAl mismo tiempo est\u00e1 la cuesti\u00f3n de las garant\u00edas materiales, es decir, las condiciones econ\u00f3micas que existen en Cuba en la actualidad, son desastrosas, falta de servicios p\u00fablicos, apagones, escasez de agua potable, etc\u00e9tera\u201d. El mandatario Miguel D\u00edaz-Canel impuls\u00f3 estas directrices dentro de un plan de reformas que, seg\u00fan ha reiterado, resulta indispensable para preservar el modelo socialista de Cuba, rechazando de forma categ\u00f3rica que dichos cambios se califiquen como capitalistas. La flamante normativa permite tambi\u00e9n a las empresas privadas expandirse a nivel nacional, contratar a m\u00e1s de 100 empleados y comerciar exteriormente con autorizaci\u00f3n ministerial. Sin embargo, la opci\u00f3n de invertir en Cuba genera un fuerte recelo entre los cubanoamericanos debido a las crisis internas del pa\u00eds, marcadas por apagones constantes, devaluaci\u00f3n de la moneda, infraestructuras deficientes, falta de protecci\u00f3n jur\u00eddica, altos impuestos y un estricto control estatal. A esto podr\u00edan sum\u00e1rsele la inclusi\u00f3n de LA Habana en la lista de patrocinadores del terrorismo y el embargo estadounidense. Por otro lado, el r\u00e9gimen cubano mantiene un estricto control pol\u00edtico y excluye en la pr\u00e1ctica a los cubanos residentes en el exterior que antagonizan abiertamente con el sistema comunista. El investigador y m\u00e1ster en Democracia y Buen Gobierno, Jos\u00e9 Manuel Gonz\u00e1lez Rubines, residente en Espa\u00f1a, advirti\u00f3 que cualquier medida de inversi\u00f3n en Cuba choca frontalmente con la falta de garant\u00edas de su propio sistema pol\u00edtico. El experto detalla tres impedimentos insalvables: el irrespeto hist\u00f3rico a la propiedad privada, la inexistencia de un sistema judicial independiente capaz de resolver disputas empresariales, y el alto riesgo de inestabilidad jur\u00eddica, recordando que el r\u00e9gimen ya ha revertido en el pasado pol\u00edticas similares, lo que expone a los inversores al peligro de perder la totalidad de su capital. \u201cNo existe ning\u00fan tipo de estabilidad porque la estrategia pol\u00edtica y la estrategia econ\u00f3mica y la pol\u00edtica econ\u00f3mica est\u00e1n trazadas por un grupo de poder que lo hace a su antojo, que no es auditado por nadie. Tampoco existe un contrapeso parlamentario, ni grupos pol\u00edticos capaces de representar a un empresario. Entonces es un entorno absolutamente dudoso, opaco, corrupto y que adem\u00e1s no ofrece ning\u00fan tipo de garant\u00edas\u201d, subray\u00f3.","title":"Cuba autoriza a emigrados a tener empresas privadas, pero expertos dudan de las garant\u00edas para invertir","topic":null,"translation_language":"","url":"https://www.martinoticias.com/a/cuba-autoriza-a-emigrados-a-tener-empresas-privadas-pero-expertos-dudan-de-las-garant%c3%adas-para-invertir/476904.html","video_url":null,"youtube_conversion_active":false,"youtube_conversion_error":"","youtube_conversion_status":""},{"article_body_paragraphs":[],"audio_source_url":null,"author":"Rolando N\u00e1poles","available_dubs":[],"downloadable_assets":["https://ocb-video-ns.akamaized.net/pangeavideo/2026/09/1/12/12fc9dd0-0005-41ad-6925-08def2ff2efe_1080p.mp4?cb=ee22bc3ce"],"duration_display":"4:00","duration_seconds":240.0,"embed_url":null,"id":14693,"image_caption":null,"image_url":"https://gdb.martinoticias.com/12fc9dd0-0005-41ad-6925-08def2ff2efe_tv_w1080_h608.jpg","is_clip":true,"is_youtube_embed":false,"item_type":"video","item_type_label":"Video","language_label":"Espa\u00f1ol","media_credit":"Rolando N\u00e1poles","micro_label":"Video report","micro_label_kind":"video","network_label":"Mart\u00ed Noticias","network_logo_url":"/static/uploads/direct_network_logos/ocb_0888427dcb1d.svg","published_at":"2026-09-03T19:38:54","published_at_display":"3 Sep 2026, 19:38 GMT","sequence_badge_label":null,"sequence_count":null,"sequence_count_label":null,"sequence_frames":[],"sequence_kind":null,"source_name":"ocb_spanish_video_scrape","source_name_label":"Mart\u00ed Noticias Video","source_type":"scrape","summary":"Activistas y expertos aseguran en Miami que el fin del r\u00e9gimen es la \u00fanica v\u00eda para terminar con emergencia humanitaria en Cuba","title":"Cambio pol\u00edtico: \u00fanico camino para poner fin a crisis humanitaria en Cuba","topic":"Audiovisuales Mart\u00ed","translation_language":"","url":"https://www.martinoticias.com/a/cambio-pol%C3%ADtico-%C3%BAnico-camino-para-poner-fin-a-crisis-humanitaria-en-cuba/476906.html","video_url":"https://ocb-video-ns.akamaized.net/pangeavideo/2026/09/1/12/12fc9dd0-0005-41ad-6925-08def2ff2efe_1080p.mp4?cb=ee22bc3ce","youtube_conversion_active":false,"youtube_conversion_error":"","youtube_conversion_status":""},{"article_body_paragraphs":[],"audio_source_url":null,"author":"Edgardo Pinell Medina","available_dubs":[],"downloadable_assets":["https://gdb.martinoticias.com/6f648729-5088-492b-a05d-2be07a24df63_w1600_r1_n_s.jpg"],"duration_display":"0:00","duration_seconds":null,"embed_url":null,"id":14679,"image_caption":"Rosario Murillo y Daniel Ortega.","image_url":"https://gdb.martinoticias.com/6f648729-5088-492b-a05d-2be07a24df63_w1600_r1_n_s.jpg","is_clip":false,"is_youtube_embed":false,"item_type":"article","item_type_label":"Article","language_label":"Espa\u00f1ol","media_credit":"Edgardo Pinell Medina","micro_label":"Photo","micro_label_kind":"gallery","network_label":"Mart\u00ed Noticias","network_logo_url":"/static/uploads/direct_network_logos/ocb_0888427dcb1d.svg","published_at":"2026-09-03T19:28:43","published_at_display":"3 Sep 2026, 19:28 GMT","sequence_badge_label":null,"sequence_count":null,"sequence_count_label":null,"sequence_frames":[],"sequence_kind":null,"source_name":"radiotelevisionmarti_com_rss","source_name_label":"Mart\u00ed Noticias RSS","source_type":"rss","summary":"La Asamblea Nacional de Nicaragua, bajo control total del sandinismo, aprob\u00f3 el martes una reforma constitucional que excluye a l\u00edderes opositores en el exilio de participar en las elecciones y extiende el mandato presidencial de Daniel Ortega y Rosario Murillo a siete a\u00f1os. \"Aprobadas de forma un\u00e1nime\", dijo el presidente de la Asamblea Nacional, el sandinista Gustavo Porras, tras la votaci\u00f3n general del articulado en una sesi\u00f3n especial celebrada frente a la catedral de Le\u00f3n, ubicada a unos 90 km al noroeste de Managua. El texto aprobado el martes a\u00fan deber\u00e1 ser ratificado en enero de 2027 dado que la ley exige hacerlo en dos per\u00edodos legislativos distintos. En un comunicado, el Departamento de Estado de EE.UU. denomin\u00f3 la reforma constitucional como una \u201cfarsa legislativa de la dictadura de Murillo-Ortega\u201d y se\u00f1al\u00f3 que \u201cla guerra de Murillo y Ortega contra la democracia amenaza la estabilidad y la prosperidad de nuestro hemisferio\u201d. \u201cLa Asamblea Nacional, controlada por Rosario Murillo y Daniel Ortega, socav\u00f3 lo que quedaba de la democracia nicarag\u00fcense, reescribiendo nuevamente la constituci\u00f3n del pa\u00eds para afianzar su dinast\u00eda ileg\u00edtima y privar indefinidamente a los nicarag\u00fcenses de elecciones libres y justas\u201d, se\u00f1al\u00f3 el comunicado. Por su parte, el secretario de Estado Marco Rubio indic\u00f3 en una publicaci\u00f3n en X que \u201cEstados Unidos implementar\u00e1 medidas en la pr\u00f3xima reuni\u00f3n de ministros de Relaciones Exteriores de la OEA para asegurar que nuestro hemisferio deje de hacer negocios como de costumbre con esta dictadura\u201d. Para el analista pol\u00edtico Eliseo N\u00fa\u00f1ez la reforma constitucional impulsada por el r\u00e9gimen sandinista responde a una l\u00f3gica de preservaci\u00f3n del poder: \u201cMi lectura es que Ortega busca consolidar un esquema pol\u00edtico dise\u00f1ado para sobrevivir al actual ciclo internacional y, particularmente, al per\u00edodo de la administraci\u00f3n Trump\u201d. Con respecto a la ampliaci\u00f3n del per\u00edodo presidencial a siete a\u00f1os y redefinir los per\u00edodos institucionales, N\u00fa\u00f1ez se\u00f1al\u00f3 a Mart\u00ed Noticias que \u201chay un c\u00e1lculo pol\u00edtico evidente ya que el r\u00e9gimen busca trabajar sobre hechos consumados\u201d. \u201cSi la comunidad internacional o los actores internos exigen condiciones electorales, la discusi\u00f3n ya no ser\u00eda sobre una elecci\u00f3n inmediata, sino sobre un proceso proyectado hacia 2028. Y si eventualmente se viera obligado a negociar, tendr\u00eda incentivos para prolongar cualquier negociaci\u00f3n el mayor tiempo posible, con la expectativa de que coincida con un cambio en el contexto pol\u00edtico internacional y, eventualmente, con el fin de la actual administraci\u00f3n estadounidense\u201d, explic\u00f3 N\u00fa\u00f1ez. El analista pol\u00edtico consider\u00f3 acertada la caracterizaci\u00f3n de \u201cfarsa legislativa\u201d utilizada por el Departamento de Estado porque \u201cen el fondo\u201d, indic\u00f3, \u201cel problema no es estrictamente jur\u00eddico\u201d. Explic\u00f3 que \u201clo que est\u00e1 ocurriendo en Nicaragua no es simplemente una discusi\u00f3n constitucional. La Constituci\u00f3n ha sido subordinada a un proyecto de permanencia en el poder. La ley dej\u00f3 de ser un l\u00edmite al ejercicio del poder pol\u00edtico y se ha convertido en un instrumento para justificar decisiones previamente tomadas por quienes gobiernan\u201d. Ortega no cuenta con una mayor\u00eda social demostrable Quien tambi\u00e9n fuera diputado nicarag\u00fcense entre los a\u00f1os 2012 y 2016, cuando fue expulsado de la Asamblea Nacional por el r\u00e9gimen sandinista, asegur\u00f3 que \u201cel r\u00e9gimen evita cualquier forma de competencia electoral real porque Ortega sabe que no cuenta con una mayor\u00eda social demostrable en elecciones libres\u201d. De acuerdo con N\u00fa\u00f1ez, \u201cincluso los procesos electorales controlados generan algo que el r\u00e9gimen considera peligroso: debate p\u00fablico, movilizaci\u00f3n ciudadana y circulaci\u00f3n de ideas alternativas. Esos espacios pueden producir fisuras, no solo en la oposici\u00f3n, sino tambi\u00e9n dentro de la propia coalici\u00f3n gobernante\u201d. El exlegislador y analista nicarag\u00fcense ahora en el exilio a\u00f1adi\u00f3 que \u201cOrtega tampoco ha mostrado convicci\u00f3n por el modelo de democracia liberal occidental\u201d y \u201cvarias de las reformas impulsadas desde 2024 reflejan esa aspiraci\u00f3n de sustituir la competencia pol\u00edtica por mecanismos permanentes de control institucional, social y econ\u00f3mico\u201d. Para N\u00fa\u00f1ez, la reforma constitucional en curso, m\u00e1s que una muestra de fuerza es un s\u00edntoma de debilidad porque \u201ccuando un gobierno concentra todo el poder y, aun as\u00ed, teme la competencia electoral, lo que demuestra no es confianza en su legitimidad, sino conciencia de sus propias debilidades\u201d. \u00bfQu\u00e9 alternativas quedan para revertir esta situaci\u00f3n? Seg\u00fan el an\u00e1lisis de N\u00fa\u00f1ez, \u201cmientras la coalici\u00f3n de poder que sostiene al r\u00e9gimen contin\u00fae percibiendo beneficios, la estabilidad del sistema seguir\u00e1 siendo relativamente alta. Por tanto, cualquier estrategia efectiva debe aumentar los costos de sostener al r\u00e9gimen y reducir los beneficios pol\u00edticos, econ\u00f3micos y personales que obtienen quienes lo respaldan\u201d. \u201cEn Nicaragua, a diferencia de Cuba, el r\u00e9gimen descansa sobre un ecosistema mucho m\u00e1s amplio de beneficiarios, intermediarios, operadores econ\u00f3micos y grupos de inter\u00e9s que viven de su cercan\u00eda al poder. No se trata \u00fanicamente del Estado; se trata de una red completa de incentivos construida alrededor del r\u00e9gimen\u201d, anot\u00f3. N\u00fa\u00f1ez subray\u00f3 que \u201cun aumento significativo de la presi\u00f3n econ\u00f3mica y financiera podr\u00eda tener efectos pol\u00edticos distintos a los observados en Cuba. Mientras en la isla muchas veces las sanciones operan como un nuevo apret\u00f3n de tuercas sobre una estructura acostumbrada al aislamiento, en Nicaragua podr\u00edan equivaler a quitarle s\u00fabitamente el aire a una red de intereses cuya viabilidad depende del acceso continuo a recursos, mercados y flujos financieros\u201d. En este sentido, N\u00fa\u00f1ez se\u00f1al\u00f3 que las declaraciones del secretario de Estado, Marco Rubio, \u201cparecen ir m\u00e1s all\u00e1 de la OEA ya que el mensaje es que Nicaragua no debe seguir siendo tratada como un pa\u00eds democr\u00e1tico normal cuando opera como una dictadura cerrada. Eso podr\u00eda traducirse en mayores restricciones pol\u00edticas, comerciales y financieras, as\u00ed como en esfuerzos para reducir los espacios de normalizaci\u00f3n regional del r\u00e9gimen. En ese sentido, mecanismos de integraci\u00f3n como el SICA, el Protocolo de Tegucigalpa y otros instrumentos regionales podr\u00edan convertirse en escenarios de presi\u00f3n m\u00e1s efectivos de lo que han sido hasta ahora\u201d.","title":"Nicaragua aprueba reforma que excluye a opositores; EEUU denuncia \u201cfarsa legislativa\u201d","topic":null,"translation_language":"","url":"https://www.martinoticias.com/a/nicaragua-aprueba-reforma-que-excluye-a-opositores-eeuu-denuncia-farsa-legislativa/476894.html","video_url":null,"youtube_conversion_active":false,"youtube_conversion_error":"","youtube_conversion_status":""},{"article_body_paragraphs":[],"audio_source_url":"https://ocb-audio-ns.akamaized.net/cu/2026/09/03/6441fdbb-b893-4b19-042e-08decd63a0c8.mp3","author":null,"available_dubs":[],"downloadable_assets":["https://ocb-audio-ns.akamaized.net/cu/2026/09/03/6441fdbb-b893-4b19-042e-08decd63a0c8.mp3"],"duration_display":"28:17","duration_seconds":1697.0,"embed_url":null,"id":14692,"image_caption":null,"image_url":"https://gdb.martinoticias.com/f3ee4289-ef79-468e-6924-08def2ff2efe_w1200_h630.jpg","is_clip":false,"is_youtube_embed":false,"item_type":"audio","item_type_label":"Audio","language_label":"Espa\u00f1ol","media_credit":null,"micro_label":"Audio program","micro_label_kind":"audio","network_label":"Mart\u00ed Noticias","network_logo_url":"/static/uploads/direct_network_logos/ocb_0888427dcb1d.svg","published_at":"2026-09-03T19:23:26","published_at_display":"3 Sep 2026, 19:23 GMT","sequence_badge_label":null,"sequence_count":null,"sequence_count_label":null,"sequence_frames":[],"sequence_kind":null,"source_name":"ocb_spanish_audio_html_scrape_142","source_name_label":"Mart\u00ed Noticias \u00b7 Las noticias como son","source_type":"scrape","summary":"Amado Gil y Jos\u00e9 Luis Ramos, en tertulia con Jos\u00e9 Daniel Ferrer abordan las p\u00e9simas condiciones y la manipulaci\u00f3n del gobierno cubano con el inicio del curso escolar. Tambi\u00e9n se nos une el periodista Alejandro Tur Valladares con m\u00e1s de la grave crisis econ\u00f3mica de la isla y los robos en aumento.","title":"Las noticias como son","topic":"Las noticias como son","translation_language":"","url":"https://www.martinoticias.com/a/476905.html","video_url":null,"youtube_conversion_active":false,"youtube_conversion_error":"","youtube_conversion_status":""},{"article_body_paragraphs":[],"audio_source_url":null,"author":"Jos\u00e9 Pernalete","available_dubs":[],"downloadable_assets":["https://ocb-video-ns.akamaized.net/pangeavideo/2026/09/6/6f/6f889c4c-3ced-4861-bc87-08def2b1d8dc_1080p.mp4?cb=ee22bbad4"],"duration_display":"2:49","duration_seconds":169.0,"embed_url":null,"id":14694,"image_caption":null,"image_url":"https://gdb.martinoticias.com/6f889c4c-3ced-4861-bc87-08def2b1d8dc_tv_w1080_h608.jpg","is_clip":true,"is_youtube_embed":false,"item_type":"video","item_type_label":"Video","language_label":"Espa\u00f1ol","media_credit":"Jos\u00e9 Pernalete","micro_label":"Video report","micro_label_kind":"video","network_label":"Mart\u00ed Noticias","network_logo_url":"/static/uploads/direct_network_logos/ocb_0888427dcb1d.svg","published_at":"2026-09-03T19:00:36","published_at_display":"3 Sep 2026, 19:00 GMT","sequence_badge_label":null,"sequence_count":null,"sequence_count_label":null,"sequence_frames":[],"sequence_kind":null,"source_name":"ocb_spanish_video_scrape","source_name_label":"Mart\u00ed Noticias Video","source_type":"scrape","summary":"Mar\u00eda Corina Machado lanz\u00f3 una dura advertencia tras el anuncio de acuerdos petroleros entre Estados Unidos y Venezuela. La dirigente opositora afirm\u00f3 que \u201clos enemigos de Estados Unidos en Venezuela est\u00e1n hoy en Miraflores\u201d y cuestion\u00f3 la falta de informaci\u00f3n sobre el alcance de los convenios.","title":"Machado advierte: \u201clos enemigos de Estados Unidos est\u00e1n hoy en Miraflores\u201d","topic":"Info Mart\u00ed , Estados Unidos, VENEZUELA","translation_language":"","url":"https://www.martinoticias.com/a/machado-advierte-los-enemigos-de-estados-unidos-est%C3%A1n-hoy-en-miraflores/476902.html","video_url":"https://ocb-video-ns.akamaized.net/pangeavideo/2026/09/6/6f/6f889c4c-3ced-4861-bc87-08def2b1d8dc_1080p.mp4?cb=ee22bbad4","youtube_conversion_active":false,"youtube_conversion_error":"","youtube_conversion_status":""},{"article_body_paragraphs":[],"audio_source_url":"https://ocb-audio-ns.akamaized.net/cu/2026/09/03/8b38548e-fe0c-42d0-7ca0-08def2b1c8fe.mp3","author":null,"available_dubs":[],"downloadable_assets":["https://ocb-audio-ns.akamaized.net/cu/2026/09/03/8b38548e-fe0c-42d0-7ca0-08def2b1c8fe.mp3"],"duration_display":"30:00","duration_seconds":1800.0,"embed_url":null,"id":14655,"image_caption":null,"image_url":"https://gdb.martinoticias.com/f3258f28-d509-4599-a709-51bb67444237_w1200_h630.jpg","is_clip":false,"is_youtube_embed":false,"item_type":"audio","item_type_label":"Audio","language_label":"Espa\u00f1ol","media_credit":null,"micro_label":"Audio program","micro_label_kind":"audio","network_label":"Mart\u00ed Noticias","network_logo_url":"/static/uploads/direct_network_logos/ocb_0888427dcb1d.svg","published_at":"2026-09-03T18:54:18","published_at_display":"3 Sep 2026, 18:54 GMT","sequence_badge_label":null,"sequence_count":null,"sequence_count_label":null,"sequence_frames":[],"sequence_kind":null,"source_name":"ocb_spanish_audio_html_scrape_1016","source_name_label":"Mart\u00ed Noticias \u00b7 Programas de Radio Nuestra Am\u00e9rica","source_type":"scrape","summary":"A un mes de las elecciones presidenciales en Brasil se reduce la ventaja entre Lula y Bolsonaro, en un panorama pol\u00edtico marcado por la polarizaci\u00f3n y recientes esc\u00e1ndalos...La calidad del b\u00e9isbol en manos del r\u00e9gimen cubano no puede ocultar su imparable declive, mientras suben otros mercados.","title":"A un mes de las elecciones en Brasil se reduce ventaja entre Lula y Bolsonaro","topic":"Programas de Radio Nuestra Am\u00e9rica","translation_language":"","url":"https://www.martinoticias.com/a/476900.html","video_url":null,"youtube_conversion_active":false,"youtube_conversion_error":"","youtube_conversion_status":""},{"article_body_paragraphs":[],"audio_source_url":null,"author":"Oficina de Pol\u00edticas","available_dubs":[],"downloadable_assets":["https://gdb.martinoticias.com/e4f78466-6070-48eb-832d-d20c4c2f4993_w1600_r1_n_s.jpg"],"duration_display":"0:00","duration_seconds":null,"embed_url":null,"id":14633,"image_caption":"Familiares de las v\u00edctimas de un ataque perpetrado por una banda armada el 23 de agosto de 2026 sostienen sus fotograf\u00edas durante funeral celebrado en Kenscoff, Hait\u00ed. REUTERS/Patrice Noel","image_url":"https://gdb.martinoticias.com/e4f78466-6070-48eb-832d-d20c4c2f4993_w1600_r1_n_s.jpg","is_clip":false,"is_youtube_embed":false,"item_type":"article","item_type_label":"Article","language_label":"Espa\u00f1ol","media_credit":"Oficina de Pol\u00edticas","micro_label":"Photo","micro_label_kind":"gallery","network_label":"Mart\u00ed Noticias","network_logo_url":"/static/uploads/direct_network_logos/ocb_0888427dcb1d.svg","published_at":"2026-09-03T18:42:57","published_at_display":"3 Sep 2026, 18:42 GMT","sequence_badge_label":null,"sequence_count":null,"sequence_count_label":null,"sequence_frames":[],"sequence_kind":null,"source_name":"radiotelevisionmarti_com_rss","source_name_label":"Mart\u00ed Noticias RSS","source_type":"rss","summary":"A continuaci\u00f3n, un editorial que refleja la postura del Gobierno de los Estados Unidos: Al menos 47 personas murieron y m\u00e1s de 50 fueron secuestradas durante un brutal ataque de bandas en Kenscoff, Hait\u00ed, el 23 de agosto. Estados Unidos condena en los t\u00e9rminos m\u00e1s en\u00e9rgicos la salvaje ofensiva de estas bandas terroristas. \"Este ataque, que se produce tras meses de continua violencia letal, es otro recordatorio de la grave situaci\u00f3n de la crisis de seguridad en Hait\u00ed\", declar\u00f3 la embajadora Jennifer Locetta, representante alterna de Estados Unidos para Asuntos Pol\u00edticos Especiales ante las Naciones Unidas. Durante meses, las bandas terroristas han asesinado a civiles, aterrorizado a comunidades, incendiado hogares y destruido familias. Estas bandas han admitido p\u00fablicamente que su objetivo es impedir que los votantes haitianos ejerzan su derecho al voto en futuras elecciones. \"Los terroristas no pueden tomar la democracia como reh\u00e9n para sus propios fines ego\u00edstas y violentos\", declar\u00f3 la embajadora Locetta. \"No pueden sembrar el terror a punta de fusil y desde la comodidad de los puestos de peaje, mientras privan a Hait\u00ed de su futuro\". \"Debemos proteger a los civiles frente a estos actos atroces\". Estados Unidos respalda a las autoridades haitianas que buscan hacer rendir cuentas a los responsables, poner fin a la impunidad de las bandas, restaurar la autoridad del Estado y permitir que el pueblo haitiano elija por s\u00ed mismo a sus l\u00edderes gubernamentales. Estados Unidos mantiene su compromiso de apoyar los esfuerzos de seguridad liderados por Hait\u00ed para acabar con el terror impuesto por las bandas. \"Este ataque es precisamente la raz\u00f3n por la que la misi\u00f3n y el mandato de la Fuerza de Supresi\u00f3n de Bandas (GSF, por sus siglas en ingl\u00e9s), autorizada por la ONU, son tan importantes\", dijo la embajadora Locetta. \"La GSF no se cre\u00f3 para emitir declaraciones desde el interior de un recinto amurallado ni para gastar nuestro dinero mientras Hait\u00ed sufre. Con la ayuda de este Consejo [de Seguridad] y de tantos otros pa\u00edses donantes, se trata de un nuevo tipo de misi\u00f3n, una misi\u00f3n con el mandato de detener realmente a los delincuentes y poner fin al derramamiento de sangre\". Deben limpiar las calles, neutralizar la amenaza y devolver Hait\u00ed a su pueblo\", inst\u00f3 la embajadora Locetta. \"Los Estados miembros de la ONU pueden apoyar esta importante labor de estabilizaci\u00f3n regional facilitando el despliegue \u2014lo antes posible\u2014 de las tropas y fuerzas policiales que los pa\u00edses aportan a la Fuerza de Apoyo a la Seguridad (GSF, por sus siglas en ingl\u00e9s), as\u00ed como contribuyendo al Fondo Fiduciario de la ONU para dicha fuerza\". La embajadora Locetta alent\u00f3 a los Estados miembros a aportar el equipo, los recursos y la voluntad pol\u00edtica tan necesarios para culminar la tarea. \"No podemos lograr la estabilidad \u00fanicamente mediante fuerzas de seguridad\u00bb, advirti\u00f3 la embajadora Locetta. \"Debemos romper este ciclo de violencia combinando v\u00edas de salida cre\u00edbles con oportunidades reales impulsadas por una gobernanza responsable\". \"Hacemos un llamamiento a la comunidad internacional para que ayude a Hait\u00ed a consolidar la paz a largo plazo\", declar\u00f3 la embajadora Locetta. \"Mediante inversiones muy necesarias en capital, infraestructura y creaci\u00f3n de empleo, podemos ofrecer oportunidades a la pr\u00f3xima generaci\u00f3n de l\u00edderes haitianos y brindar alternativas a la senda mortal de la violencia de las pandillas\". Estados Unidos respalda a Hait\u00ed y seguir\u00e1 colaborando con los haitianos y con sus socios internacionales para poner fin a esta crisis y restablecer la estabilidad del pa\u00eds.","title":"Los haitianos merecen la paz y seguridad","topic":null,"translation_language":"","url":"https://www.martinoticias.com/a/los-haitianos-merecen-la-paz-y-seguridad/476901.html","video_url":null,"youtube_conversion_active":false,"youtube_conversion_error":"","youtube_conversion_status":""},{"article_body_paragraphs":[],"audio_source_url":"https://ocb-audio-ns.akamaized.net/cu/2026/09/03/55875a21-2263-47b2-6923-08def2ff2efe_hq.mp3","author":"Ariane Gonz\u00e1lez","available_dubs":[],"downloadable_assets":["https://ocb-audio-ns.akamaized.net/cu/2026/09/03/55875a21-2263-47b2-6923-08def2ff2efe_hq.mp3","https://gdb.martinoticias.com/669a7819-8cdc-4bf2-042c-08decd63a0c8_cx0_cy14_cw0_w1600_r1_n_s.jpeg"],"duration_display":"0:50","duration_seconds":50.0,"embed_url":null,"id":14636,"image_caption":"Sady R. Companioni, residente en Lawton.","image_url":"https://gdb.martinoticias.com/669a7819-8cdc-4bf2-042c-08decd63a0c8_cx0_cy14_cw0_w1600_r1_n_s.jpeg","is_clip":false,"is_youtube_embed":false,"item_type":"audio","item_type_label":"Audio","language_label":"Espa\u00f1ol","media_credit":"Ariane Gonz\u00e1lez","micro_label":"Audio program","micro_label_kind":"audio","network_label":"Mart\u00ed Noticias","network_logo_url":"/static/uploads/direct_network_logos/ocb_0888427dcb1d.svg","published_at":"2026-09-03T18:25:41","published_at_display":"3 Sep 2026, 18:25 GMT","sequence_badge_label":null,"sequence_count":null,"sequence_count_label":null,"sequence_frames":[],"sequence_kind":null,"source_name":"radiotelevisionmarti_com_rss","source_name_label":"Mart\u00ed Noticias RSS","source_type":"rss","summary":"Tras permanecer detenida desde finales de agosto, Sady Reynaldo Companioni fue liberada el mi\u00e9rcoles bajo la medida de obligaci\u00f3n contra\u00edda en acta. La residente de Lawton explic\u00f3 a Mart\u00ed Noticias las condiciones impuestas por las autoridades y agradeci\u00f3 el respaldo recibido durante su arresto.","title":"Sady Reynaldo Companioni regresa a casa tras permanecer detenida desde el 28 de agosto","topic":null,"translation_language":"","url":"https://www.martinoticias.com/a/liberan-bajo-restricciones-a-madre-cubana-detenida-por-denunciar-la-falta-de-agua/476893.html","video_url":null,"youtube_conversion_active":false,"youtube_conversion_error":"","youtube_conversion_status":""},{"article_body_paragraphs":[],"audio_source_url":null,"author":"Ariane Gonz\u00e1lez","available_dubs":[],"downloadable_assets":["https://gdb.martinoticias.com/669a7819-8cdc-4bf2-042c-08decd63a0c8_cx0_cy14_cw0_w1600_r1_n_s.jpeg"],"duration_display":"0:00","duration_seconds":null,"embed_url":null,"id":14635,"image_caption":"Sady R. Companioni, residente en Lawton.","image_url":"https://gdb.martinoticias.com/669a7819-8cdc-4bf2-042c-08decd63a0c8_cx0_cy14_cw0_w1600_r1_n_s.jpeg","is_clip":false,"is_youtube_embed":false,"item_type":"article","item_type_label":"Article","language_label":"Espa\u00f1ol","media_credit":"Ariane Gonz\u00e1lez","micro_label":"Photo","micro_label_kind":"gallery","network_label":"Mart\u00ed Noticias","network_logo_url":"/static/uploads/direct_network_logos/ocb_0888427dcb1d.svg","published_at":"2026-09-03T18:25:41","published_at_display":"3 Sep 2026, 18:25 GMT","sequence_badge_label":null,"sequence_count":null,"sequence_count_label":null,"sequence_frames":[],"sequence_kind":null,"source_name":"radiotelevisionmarti_com_rss","source_name_label":"Mart\u00ed Noticias RSS","source_type":"rss","summary":"Sady Reynaldo Companioni fue liberada el mi\u00e9rcoles por la noche bajo la medida de obligaci\u00f3n contra\u00edda en acta, despu\u00e9s de permanecer detenida desde el 28 de agosto tras denunciar p\u00fablicamente la falta de agua y las amenazas recibidas por reclamar el servicio en su comunidad de Lawton, en La Habana. \u201cYa estoy en casa, gracias a Dios. Me soltaron ayer a las 10:00 de la noche bajo obligaci\u00f3n contra acta\u201d, dijo la joven madre de una menor en declaraciones a Mart\u00ed Noticias. La residente del municipio Diez de Octubre explic\u00f3 que la medida la obliga a presentarse peri\u00f3dicamente en una unidad de la Polic\u00eda. Sin embargo, al momento de conversar con esta redacci\u00f3n todav\u00eda desconoc\u00eda el n\u00famero de su expediente y la frecuencia con la que deber\u00e1 acudir a firmar. \u201cHoy voy a ir a ver que me den el n\u00famero de expediente, que todav\u00eda no lo tengo, y a ver cu\u00e1les son los d\u00edas que tengo que ir\u201d, se\u00f1al\u00f3. Companioni agradeci\u00f3 el respaldo recibido durante su detenci\u00f3n y asegur\u00f3 que la presi\u00f3n p\u00fablica y medi\u00e1tica contribuy\u00f3 a que las autoridades la liberaran. \u201cSin la presi\u00f3n que hicieron, realmente no hubiera sido posible, porque ah\u00ed hay un mont\u00f3n de personas detenidas por desacato y no tienen, desgraciadamente, la misma suerte\u201d, afirm\u00f3. Tambi\u00e9n expres\u00f3 preocupaci\u00f3n por su madre, quien permaneci\u00f3 sola en la vivienda familiar durante los d\u00edas en que estuvo arrestada. \u201cMuchas gracias por no haber abandonado mi casa, a mi mam\u00e1. Estaba sola aqu\u00ed, estaba desprotegida, estaba asustada, preocupada\u201d, declar\u00f3. Las autoridades detuvieron a Companioni el 28 de agosto, despu\u00e9s de varias denuncias relacionadas con las dificultades para recibir agua en su vivienda y en otras zonas de Lawton. La detenci\u00f3n ocurri\u00f3 despu\u00e9s de que denunciara que una funcionaria local, a quien identific\u00f3 como una delegada vinculada con el Ministerio del Interior, la hab\u00eda grabado en diferentes ocasiones y advertido sobre posibles consecuencias legales por difamaci\u00f3n. Un d\u00eda antes de su arresto, expres\u00f3 temor por su seguridad tras un nuevo incidente ocurrido durante la distribuci\u00f3n de agua mediante un cami\u00f3n cisterna en su comunidad. Aunque ya se encuentra en su vivienda, Companioni permanece sujeta a controles policiales mientras espera conocer los detalles del expediente abierto en su contra. \u201cGracias a la presi\u00f3n medi\u00e1tica que hicieron todos, yo estoy bien, y gracias a eso estoy aqu\u00ed en casa\u201d, concluy\u00f3.","title":"Liberan bajo restricciones a madre cubana detenida por denunciar la falta de agua","topic":null,"translation_language":"","url":"https://www.martinoticias.com/a/liberan-bajo-restricciones-a-madre-cubana-detenida-por-denunciar-la-falta-de-agua/476893.html","video_url":null,"youtube_conversion_active":false,"youtube_conversion_error":"","youtube_conversion_status":""},{"article_body_paragraphs":[],"audio_source_url":null,"author":"Laura Artal","available_dubs":[{"dubbed_video_url":"/static/video/direct_dubs/direct_dub_72_08b6efa4353b.mp4","id":72,"label":"English","target_language":"en","target_language_label":"English","voice":"coral"}],"downloadable_assets":["https://ocb-video-ns.akamaized.net/pangeavideo/2026/09/5/56/56813661-fb1a-4a35-cff6-08decd5b38e4_1080p.mp4?cb=ee22ba2fd","https://gdb.martinoticias.com/aead60a1-e01b-42fe-cff5-08decd5b38e4_w1600_r1_n_s.png"],"duration_display":"0:00","duration_seconds":null,"embed_url":null,"id":14639,"image_caption":"Familiares de presos pol\u00edticos exigen desde la UCV la libertad de sus familiares","image_url":"https://gdb.martinoticias.com/aead60a1-e01b-42fe-cff5-08decd5b38e4_w1600_r1_n_s.png","is_clip":true,"is_youtube_embed":false,"item_type":"video","item_type_label":"Video","language_label":"Espa\u00f1ol","media_credit":"Laura Artal","micro_label":"Video report","micro_label_kind":"video","network_label":"Mart\u00ed Noticias","network_logo_url":"/static/uploads/direct_network_logos/ocb_0888427dcb1d.svg","published_at":"2026-09-03T18:14:48","published_at_display":"3 Sep 2026, 18:14 GMT","sequence_badge_label":null,"sequence_count":null,"sequence_count_label":null,"sequence_frames":[],"sequence_kind":null,"source_name":"radiotelevisionmarti_com_rss","source_name_label":"Mart\u00ed Noticias RSS","source_type":"rss","summary":"Familiares de presos pol\u00edticos y representantes de organizaciones de la sociedad civil exigieron este jueves en Caracas la liberaci\u00f3n inmediata y plena de todas las personas detenidas por motivos pol\u00edticos en Venezuela y pidieron avanzar hacia una \u201cruta electoral aut\u00e9ntica\u201d.","title":"Familiares de presos pol\u00edticos exigen libertad y una \u201cruta electoral aut\u00e9ntica\u201d en Venezuela","topic":null,"translation_language":"","url":"https://www.martinoticias.com/a/familiares-de-presos-pol%c3%adticos-exigen-libertad-y-una-ruta-electoral-aut%c3%a9ntica-en-venezuela/476897.html","video_url":"https://ocb-video-ns.akamaized.net/pangeavideo/2026/09/5/56/56813661-fb1a-4a35-cff6-08decd5b38e4_1080p.mp4?cb=ee22ba2fd","youtube_conversion_active":false,"youtube_conversion_error":"","youtube_conversion_status":""},{"article_body_paragraphs":[],"audio_source_url":null,"author":"Laura Artal","available_dubs":[],"downloadable_assets":["https://gdb.martinoticias.com/aead60a1-e01b-42fe-cff5-08decd5b38e4_w1600_r1_n_s.png"],"duration_display":"0:00","duration_seconds":null,"embed_url":null,"id":14638,"image_caption":"Familiares de presos pol\u00edticos exigen desde la UCV la libertad de sus familiares","image_url":"https://gdb.martinoticias.com/aead60a1-e01b-42fe-cff5-08decd5b38e4_w1600_r1_n_s.png","is_clip":false,"is_youtube_embed":false,"item_type":"article","item_type_label":"Article","language_label":"Espa\u00f1ol","media_credit":"Laura Artal","micro_label":"Photo","micro_label_kind":"gallery","network_label":"Mart\u00ed Noticias","network_logo_url":"/static/uploads/direct_network_logos/ocb_0888427dcb1d.svg","published_at":"2026-09-03T18:14:48","published_at_display":"3 Sep 2026, 18:14 GMT","sequence_badge_label":null,"sequence_count":null,"sequence_count_label":null,"sequence_frames":[],"sequence_kind":null,"source_name":"radiotelevisionmarti_com_rss","source_name_label":"Mart\u00ed Noticias RSS","source_type":"rss","summary":"Familiares de presos pol\u00edticos y representantes de organizaciones de la sociedad civil exigieron este jueves en Caracas la liberaci\u00f3n inmediata y plena de todas las personas detenidas por motivos pol\u00edticos en Venezuela y pidieron avanzar hacia una \u201cruta electoral aut\u00e9ntica\u201d. El reclamo se produce cuando 328 presos pol\u00edticos permanecen en Venezuela, seg\u00fan el balance de Foro Penal actualizado al 31 de agosto. De ese total, 317 son hombres y 11 mujeres, mientras que 183 son civiles y 145 militares. La organizaci\u00f3n tambi\u00e9n se\u00f1ala que 140 han sido condenados y 188 permanecen sin condena. La exigencia fue formulada durante una rueda de prensa realizada en la Universidad Central de Venezuela (UCV), la principal universidad p\u00fablica del pa\u00eds, convocada por el Comit\u00e9 por la Libertad de los Presos Pol\u00edticos (CLIPPVE), Creemos Alianza Ciudadana (CAC) y otras organizaciones de la sociedad civil. \u201cJusticia, justicia y libertad\u201d, gritaron los familiares durante el encuentro, en el que reclamaron el cese de los traslados que califican como arbitrarios y reiteraron su petici\u00f3n de libertad para todos los detenidos por razones pol\u00edticas. Familiares de presos pol\u00edticos exigen libertad y una \u201cruta electoral aut\u00e9ntica\u201d en Venezuela Traslados desde El Rodeo I La rueda de prensa tuvo lugar un d\u00eda despu\u00e9s de que familiares denunciaran traslados desde el Centro Penitenciario El Rodeo I, ubicado en el estado Miranda, en el centro-norte de Venezuela, sin notificaci\u00f3n previa sobre el destino de los detenidos. CLIPPVE denunci\u00f3 que durante la noche del 2 de septiembre fueron trasladadas 32 personas desde el centro penitenciario. La organizaci\u00f3n confirm\u00f3 que nueve presos pol\u00edticos fueron trasladados hacia el Fuerte Guaicaipuro, tambi\u00e9n ubicado en Miranda. Los familiares denunciaron que no recibieron informaci\u00f3n previa sobre los movimientos y reclamaron a las autoridades penitenciarias una lista oficial de las personas trasladadas, sus nuevos lugares de reclusi\u00f3n y una fe de vida de los detenidos. Incluso la falta de informaci\u00f3n llev\u00f3 a algunos familiares a intentar comunicarse con los presos desde una monta\u00f1a cercana a El Rodeo I. La ONG CLIPPVE tambi\u00e9n inform\u00f3 este jueves sobre la presencia de nuevos autobuses en el centro penitenciario, lo que gener\u00f3 preocupaci\u00f3n entre los familiares sobre la posibilidad de nuevos movimientos. \u201cLibertad inmediata y plena\u201d Ante esta situaci\u00f3n, CLIPPVE, Creemos Alianza Ciudadana y otras organizaciones convocaron la rueda de prensa en la UCV para presentar p\u00fablicamente dos exigencias: la \u201clibertad inmediata y plena de todos los presos pol\u00edticos\u201d y una \u201cruta electoral aut\u00e9ntica\u201d. El planteamiento tambi\u00e9n ha sido llevado al proceso de negociaci\u00f3n pol\u00edtica que se desarrolla en Venezuela. Los familiares enviaron una carta abierta a los representantes de las delegaciones y solicitaron un espacio para exponer directamente la situaci\u00f3n de los detenidos y las necesidades de quienes presentan condiciones de salud que requieren atenci\u00f3n m\u00e9dica. Dinorah Figuera expresa disposici\u00f3n a reunirse Dinorah Figuera, jefa de la delegaci\u00f3n opositora que participa en las negociaciones, confirm\u00f3 este jueves a trav\u00e9s de la red social X que recibi\u00f3 la comunicaci\u00f3n de los familiares. Figuera manifest\u00f3 preocupaci\u00f3n por los traslados denunciados desde El Rodeo I sin conocimiento previo de familiares y abogados y expres\u00f3 su disposici\u00f3n a reunirse con ellos. La dirigente opositora tambi\u00e9n ratific\u00f3 su compromiso de continuar buscando v\u00edas urgentes para conseguir la libertad de todos los presos pol\u00edticos. Llamado desde Estados Unidos El senador republicano por Florida Rick Scott tambi\u00e9n se pronunci\u00f3 en su cuenta de la red social X sobre las personas que contin\u00faan detenidas por motivos pol\u00edticos en Venezuela. Scott mencion\u00f3 espec\u00edficamente los casos de Nelson Rivero, Jorge Henrique Alayeto Bigott y Oscar Caama\u00f1o y reiter\u00f3 su llamado a la liberaci\u00f3n inmediata e incondicional de todos los presos pol\u00edticos. El balance m\u00e1s reciente de Foro Penal sit\u00faa esa cifra en 328 presos pol\u00edticos al 31 de agosto. Adem\u00e1s de los 188 que permanecen sin condena, la organizaci\u00f3n registra 33 detenidos con nacionalidad extranjera. Desde la UCV, los familiares insistieron este jueves en que su petici\u00f3n es la libertad de todos los presos pol\u00edticos y que ese proceso avance acompa\u00f1ado de garant\u00edas pol\u00edticas y de una ruta electoral aut\u00e9ntica para Venezuela.","title":"Familiares de presos pol\u00edticos exigen libertad y una \u201cruta electoral aut\u00e9ntica\u201d en Venezuela","topic":null,"translation_language":"","url":"https://www.martinoticias.com/a/familiares-de-presos-pol%c3%adticos-exigen-libertad-y-una-ruta-electoral-aut%c3%a9ntica-en-venezuela/476897.html","video_url":null,"youtube_conversion_active":false,"youtube_conversion_error":"","youtube_conversion_status":""},{"article_body_paragraphs":[],"audio_source_url":"https://ocb-audio-ns.akamaized.net/cu/2026/09/03/20260903-180000-cu004-program_hq.mp3","author":"Mario J. Pent\u00f3n","available_dubs":[],"downloadable_assets":["https://ocb-audio-ns.akamaized.net/cu/2026/09/03/20260903-180000-cu004-program_hq.mp3"],"duration_display":"29:59","duration_seconds":1799.0,"embed_url":null,"id":14624,"image_caption":null,"image_url":"https://gdb.martinoticias.com/cb75a074-a814-4e7a-df7e-08de31a8b205_mw2048_mh2048_n.jpg","is_clip":false,"is_youtube_embed":false,"item_type":"audio","item_type_label":"Audio","language_label":"Espa\u00f1ol","media_credit":"OCB","micro_label":"Audio program","micro_label_kind":"audio","network_label":"Mart\u00ed Noticias","network_logo_url":"/static/uploads/direct_network_logos/ocb_0888427dcb1d.svg","published_at":"2026-09-03T18:00:00","published_at_display":"3 Sep 2026, 18:00 GMT","sequence_badge_label":null,"sequence_count":null,"sequence_count_label":null,"sequence_frames":[],"sequence_kind":null,"source_name":"radiotelevisionmarti_com_direct","source_name_label":"Mart\u00ed Noticias Direct","source_type":"direct_api","summary":null,"title":"Cuba al D\u00eda","topic":"Cuba al D\u00eda","translation_language":"","url":"https://ocb-audio-ns.akamaized.net/cu/2026/09/03/20260903-180000-cu004-program_hq.mp3","video_url":null,"youtube_conversion_active":false,"youtube_conversion_error":"","youtube_conversion_status":""},{"article_body_paragraphs":[],"audio_source_url":null,"author":"Departamento de Estado","available_dubs":[],"downloadable_assets":["https://gdb.martinoticias.com/1aeabe0f-e71e-4093-8be6-232b641da058_cx0_cy10_cw0_w1600_r1_n_s.jpg"],"duration_display":"0:00","duration_seconds":null,"embed_url":null,"id":14565,"image_caption":"Edificio del Departamento de Estado de EEUU, en Washington DC.","image_url":"https://gdb.martinoticias.com/1aeabe0f-e71e-4093-8be6-232b641da058_cx0_cy10_cw0_w1600_r1_n_s.jpg","is_clip":false,"is_youtube_embed":false,"item_type":"article","item_type_label":"Article","language_label":"Espa\u00f1ol","media_credit":"Departamento de Estado","micro_label":"Photo","micro_label_kind":"gallery","network_label":"Mart\u00ed Noticias","network_logo_url":"/static/uploads/direct_network_logos/ocb_0888427dcb1d.svg","published_at":"2026-09-03T17:48:04","published_at_display":"3 Sep 2026, 17:48 GMT","sequence_badge_label":null,"sequence_count":null,"sequence_count_label":null,"sequence_frames":[],"sequence_kind":null,"source_name":"radiotelevisionmarti_com_rss","source_name_label":"Mart\u00ed Noticias RSS","source_type":"rss","summary":"Hoy, el Departamento de Estado ha designado a cinco entidades y a un individuo con el fin de impulsar la estrategia integral de la Administraci\u00f3n Trump para poner fin a las actividades malignas del r\u00e9gimen cubano, tanto en Cuba como en todo nuestro hemisferio. Esta medida incluye la imposici\u00f3n de sanciones a un miembro m\u00e1s de la familia Castro y restringe a\u00fan m\u00e1s la capacidad del r\u00e9gimen para financiar y dotar de recursos a su represi\u00f3n. Todos los objetivos sancionados hoy por el Departamento de Estado han sido designados en virtud de la orden ejecutiva (E.O.) 14404, que autoriza la imposici\u00f3n de sanciones a personas extranjeras que se determine que cumplen criterios espec\u00edficos relacionados con la represi\u00f3n en Cuba y otras amenazas a la seguridad nacional y la pol\u00edtica exterior de Estados Unidos. Designaciones continuadas del r\u00e9gimen de Castro FIDEL ERNESTO CASTRO CALIS (CASTRO CALIS) , nieto de Ra\u00fal Modesto Castro Ruz, est\u00e1 siendo designado en virtud de la secci\u00f3n 2(a)(i)(I) de la orden ejecutiva 14404 por ser un miembro adulto de la familia de ALEJANDRO CASTRO ESP\u00cdN (CASTRO ESP\u00cdN), una persona designada en virtud de esta orden. CASTRO ESP\u00cdN, que es el padre de CASTRO CALIS, fue designado junto con el hermano de CASTRO CALIS, RA\u00daL ALEJANDRO CASTRO CALIS, en virtud de la orden ejecutiva 14404 del 4 de junio de 2026. Incremento de las restricciones de la capacidad del r\u00e9gimen para explotar el sistema financiero internacional BANCO EXTERIOR DE CUBA , un banco de propiedad estatal de Cuba que se especializa en banca empresarial, financiaci\u00f3n de comercio exterior y transacciones internacionales, es designado en virtud de la secci\u00f3n 2(a)(i)(A) de la orden ejecutiva 14404 por operar o haber operado en el sector financiero de la econom\u00eda cubana. Entidades cubanas que explotan los sectores metal\u00fargico y minero Las entidades a continuaci\u00f3n asociadas con la explotaci\u00f3n de los sectores metal\u00fargico y minero de Cuba para beneficio del r\u00e9gimen est\u00e1n siendo designadas en virtud de la secci\u00f3n 2(a)(i)(A) de la orden ejecutiva 14404 por operar o haber operado en los sectores metal\u00fargico y minero de la econom\u00eda cubana: EMPRESA DE SERVICIOS COMANDANTE REN\u00c9 RAMOS LATOUR (NICAROTEC) , una entidad de propiedad estatal cubana, empresa que realiza servicios industriales y t\u00e9cnicos que proporciona apoyo geol\u00f3gico y minero al sector cubano del n\u00edquel. EMPRESA IMPORTADORA Y ABASTECEDORA DEL N\u00cdQUEL (CEXNI) , una empresa de comercio exterior y log\u00edstica que importa y suministra materias primas especializadas, maquinaria y equipos para la industria cubana del n\u00edquel y el cobalto. Entidades cubanas que explotan el sector energ\u00e9tico Las entidades a continuaci\u00f3n asociadas con la explotaci\u00f3n del sector energ\u00e9tico de Cuba para beneficio del r\u00e9gimen son designadas: EMPRESA IMPORTADORA DE ABASTECIMIENTO PARA EL PETR\u00d3LEO (ABAPET) est\u00e1 siendo designada en virtud de la secci\u00f3n 2(a)(i)(B) de la orden ejecutiva 14404 por ser propiedad o estar controlada directa o indirectamente o por haber actuado o pretendido actuar en nombre o por cuenta de UNI\u00d3N CUBA-PETR\u00d3LEO (CUPET), persona cuya propiedad o intereses en propiedad est\u00e1n bloqueados en virtud de esta orden. ABAPET es una subsidiaria de CUPET que participa principalmente en actividades de apoyo de licitaciones para CUPET, y ha importado espec\u00edficamente equipos tecnol\u00f3gicos, piezas sueltas, herramientas especializadas e insumos industriales necesarios para sostener el sector energ\u00e9tico de Cuba. COMERCIAL CUPET S.A. est\u00e1 siendo designada en virtud de la secci\u00f3n 2(a)(i)(A) de la orden ejecutiva 14404 por operar o haber operado en el sector energ\u00e9tico de la econom\u00eda cubana. COMERCIAL CUPET S.A. es una entidad cubana de propiedad estatal que representa a CUPET en negociaciones y empresas conjuntas con entidades extranjeras. Implicaciones de las sanciones Como resultado de las acciones de hoy relacionadas con las sanciones, y en virtud de la orden ejecutiva 14404 de 1 de mayo de 2026, \u201c Imposici\u00f3n de sanciones a los responsables de la represi\u00f3n en Cuba y de las amenazas a la seguridad nacional y la pol\u00edtica exterior de Estados Unidos \u201d, todas las propiedades e intereses en poder de las personas designadas descritas anteriormente que se encuentren en Estados Unidos o en posesi\u00f3n o control de personas estadounidenses, est\u00e1n bloqueadas y deben ser reportadas a la Oficina de Control de Activos Extranjeros (OFAC) del Departamento del Tesoro. Adem\u00e1s, cualquier entidad que sea propiedad individual o colectivamente en un 50 por ciento o m\u00e1s de una persona bloqueada o m\u00e1s, tambi\u00e9n est\u00e1 bloqueada. Se proh\u00edben todas las transacciones y negocios realizados por personas estadounidenses, dentro de Estados Unidos (o en tr\u00e1nsito), que impliquen cualquier propiedad o inter\u00e9s en propiedades de las personas designadas o bloqueadas de alg\u00fan modo a menos que est\u00e9 autorizada por una licencia general o espec\u00edfica emitida por la OFAC, o que est\u00e9 exenta. Las prohibiciones incluyen la realizaci\u00f3n de cualquier contribuci\u00f3n o provisi\u00f3n de fondos, bienes o servicios por, para o en beneficio de cualquier persona bloqueada, o la recepci\u00f3n de cualquier contribuci\u00f3n o provisi\u00f3n de fondos, bienes o servicios de cualquiera de estas personas. Las personas extranjeras que participen en transacciones con personas designadas en virtud de la O. E. 14404, o que operen en los sectores de energ\u00eda, defensa y material relacionado, metal\u00fargico y miner\u00eda, servicios financieros, o el sector de seguridad de la econom\u00eda cubana, como se identifican en la O. E. 14404, se arriesgan a ser objeto de sanciones. Las personas no estadounidenses, incluyendo instituciones financieras extranjeras, deben proceder con precauci\u00f3n respecto a cualquier operaci\u00f3n con una parte sancionada bajo esta autoridad. Las acciones para devolver activos a una parte sancionada o transferirlos a otra jurisdicci\u00f3n para posible uso por el sujeto [de la sanci\u00f3n] podr\u00edan exponer a las personas no estadounidenses a un riesgo significativo de ser sancionadas. Toda propiedad o inter\u00e9s en propiedad de personas que est\u00e9n bloqueadas en virtud de las reglamentaciones de control de activos cubanos (CACR) contin\u00faa estando bloqueada. La CACR proh\u00edbe a personas sujetas a la jurisdicci\u00f3n de Estados Unidos hacer transacciones con propiedades en las que Cuba o un nacional cubano tenga intereses a no ser que est\u00e9 autorizada o exenta. El poder y la integridad de las sanciones del Gobierno de Estados Unidos derivan no solo de la capacidad del Gobierno de Estados Unidos para designar y agregar personas a la Lista de Nacionales Especialmente Designados y Personas Bloqueadas (Lista SDN), sino tambi\u00e9n de su voluntad para eliminar a personas de la Lista SDN de conformidad con la ley. El objetivo final de las sanciones no es castigar, sino provocar un cambio positivo en el comportamiento. Las solicitudes de exclusi\u00f3n de la Lista SDN pueden enviarse a trav\u00e9s de la p\u00e1gina web de la OFAC para solicitud de revisi\u00f3n ( en ingl\u00e9s ). Los solicitantes tambi\u00e9n pueden consultar la p\u00e1gina de informaci\u00f3n del Departamento de Estado para conocer las condiciones para ser eliminado de la lista ( Delisting Guidance , en ingl\u00e9s ). Para ver el texto original, ir a: https://www.state.gov/releases/office-of-the-spokesperson/2026/09/further-sanctions-on-cubas-elites-financial-channels-and-resource-exploitation-apparatus-fact-sheet/ Esta traducci\u00f3n se proporciona como una cortes\u00eda y \u00fanicamente debe considerarse fidedigna la fuente original en ingl\u00e9s.","title":"Incremento de sanciones a las \u00e9lites, canales de financiaci\u00f3n y aparatos de explotaci\u00f3n de recursos de Cuba","topic":null,"translation_language":"","url":"https://www.martinoticias.com/a/incremento-de-sanciones-a-las-%c3%a9lites-canales-de-financiaci%c3%b3n-y-aparatos-de-explotaci%c3%b3n-de-recursos-de-cuba/476899.html","video_url":null,"youtube_conversion_active":false,"youtube_conversion_error":"","youtube_conversion_status":""},{"article_body_paragraphs":[],"audio_source_url":null,"author":"Redacci\u00f3n Mart\u00ed Noticias","available_dubs":[],"downloadable_assets":["https://gdb.martinoticias.com/109bb5d6-8572-43e6-b531-17bffc8862e6_cx0_cy7_cw0_w1600_r1_n_s.jpg"],"duration_display":"0:00","duration_seconds":null,"embed_url":null,"id":14340,"image_caption":"El secretario de Estado Marco Rubio en un evento este jueves en Washington DC.","image_url":"https://gdb.martinoticias.com/109bb5d6-8572-43e6-b531-17bffc8862e6_cx0_cy7_cw0_w1600_r1_n_s.jpg","is_clip":false,"is_youtube_embed":false,"item_type":"article","item_type_label":"Article","language_label":"Espa\u00f1ol","media_credit":"Redacci\u00f3n Mart\u00ed Noticias","micro_label":"Photo","micro_label_kind":"gallery","network_label":"Mart\u00ed Noticias","network_logo_url":"/static/uploads/direct_network_logos/ocb_0888427dcb1d.svg","published_at":"2026-09-03T16:56:41","published_at_display":"3 Sep 2026, 16:56 GMT","sequence_badge_label":null,"sequence_count":null,"sequence_count_label":null,"sequence_frames":[],"sequence_kind":null,"source_name":"radiotelevisionmarti_com_rss","source_name_label":"Mart\u00ed Noticias RSS","source_type":"rss","summary":"El r\u00e9gimen cubano contin\u00faa representando una amenaza para la seguridad nacional de Estados Unidos y para la estabilidad regional, y la familia Castro y sectores del Ministerio del Interior (MININT) mantienen el control de los recursos econ\u00f3micos clave de la isla en beneficio de una \u00e9lite gobernante, dijo este jueves el secretario de Estado Marco Rubio al anunciar nuevas sanciones contra La Habana. \"El r\u00e9gimen comunista cubano sigue representando una amenaza profunda y multifac\u00e9tica para la seguridad nacional de Estados Unidos y la estabilidad de nuestro hemisferio. Mientras el pueblo cubano sufre, la familia Castro y sus allegados en el represivo Ministerio del Interior (MININT) de Cuba contin\u00faan perpetuando su control total de la econom\u00eda de la isla, acaparando recursos en beneficio de un peque\u00f1o grupo de \u00e9lites del r\u00e9gimen\", dijo Rubio en una declaraci\u00f3n publicada por la canciller\u00eda estadounidense. \"Las \u00e9lites del r\u00e9gimen comunista cubano presiden un Estado fallido donde los cubanos comunes pasan hambre mientras la familia Castro y otros miembros influyentes se enriquecen evadiendo sanciones y mediante otros esquemas il\u00edcitos, y buscan exportar ideolog\u00eda marxista subversiva a Estados Unidos y otros Estados del hemisferio occidental\", recalc\u00f3 el jefe de la diplomacia estadounidense en un post en la red social X. \"El presidente Trump y yo mantenemos firme nuestro compromiso de que Cuba ser\u00e1 libre\", afirm\u00f3. EEUU designa al colectivo tecnol\u00f3gico Autistici/Inventati como organizaci\u00f3n terrorista global Bajo la Orden Ejecutiva 14404 emitida en mayo pasado por el presidente Donald Trump, el Departamento del Tesoro y el Departamento de Estado sancionaron a cinco entidades y una persona del entorno de la c\u00fapula gobernante liderada por la familia Castro. \"Designo cinco entidades y una persona cuyas actividades sostienen los sectores de servicios financieros, metales y miner\u00eda y energ\u00eda del r\u00e9gimen, y forman parte de redes que avanzan las amenazas del r\u00e9gimen a la seguridad nacional de Estados Unidos\", precis\u00f3 Rubio. Entre los sancionados se encuentra Fidel Ernesto Castro Calis, nieto de Ra\u00fal Castro, el Banco Exterior de Cuba y cuatro entidades relacionadas con la explotaci\u00f3n de recursos naturales y energ\u00e9ticos. Las medidas buscan debilitar las redes financieras y estructuras de poder asociadas al r\u00e9gimen cubano y promover una transici\u00f3n hacia una Cuba m\u00e1s libre y democr\u00e1tica. EEUU con m\u00e1s sanciones a la \u00e9lite de Castro y sus v\u00edas de financiamiento \"Estas designaciones reflejan la visi\u00f3n inquebrantable del presidente Trump para una Cuba libre, una donde las redes financieras il\u00edcitas, los aparatos represivos y las estructuras de poder arraigadas de la era Castro del r\u00e9gimen sean desmanteladas, y donde el pueblo cubano, y no sus opresores, herede el futuro de la naci\u00f3n\", afirm\u00f3 el secretario de Estado. Rubio se\u00f1al\u00f3 que las acciones del Departamento se est\u00e1n llevando a cabo conforme a las \u00f3rdenes ejecutivas emitidas por Trump que autorizan sanciones severas contra Cuba, incluyendo a personas que apoyan el aparato de seguridad del r\u00e9gimen cubano y a quienes son responsables de la represi\u00f3n en Cuba y otras amenazas a la seguridad nacional de Estados Unidos. Las medidas tambi\u00e9n siguen las indicaciones del Memorando Presidencial de Seguridad Nacional que \"ordena al Poder Ejecutivo mejorar los derechos humanos, fomentar el estado de derecho, promover los mercados libres y la libre empresa, y promover la democracia en Cuba\".","title":"Rubio sobre nuevas sanciones al r\u00e9gimen de Cuba: mientras el pueblo sufre la c\u00fapula acapara los recursos","topic":null,"translation_language":"","url":"https://www.martinoticias.com/a/rubio-sobre-nuevas-sanciones-al-r%c3%a9gimen-de-cuba-mientras-el-pueblo-sufre-la-c%c3%bapula-acapara-los-recursos/476892.html","video_url":null,"youtube_conversion_active":false,"youtube_conversion_error":"","youtube_conversion_status":""},{"article_body_paragraphs":[],"audio_source_url":null,"author":"Mart\u00ed Noticias","available_dubs":[],"downloadable_assets":["https://ocb-video-ns.akamaized.net/pangeavideo/2026/09/b/bd/bd1b6495-9d6d-44ba-cff4-08decd5b38e4_1080p.mp4?cb=ee22b9b94"],"duration_display":"3:05","duration_seconds":185.0,"embed_url":null,"id":14352,"image_caption":null,"image_url":"https://gdb.martinoticias.com/bd1b6495-9d6d-44ba-cff4-08decd5b38e4_tv_w1080_h608.jpg","is_clip":true,"is_youtube_embed":false,"item_type":"video","item_type_label":"Video","language_label":"Espa\u00f1ol","media_credit":"Mart\u00ed Noticias","micro_label":"Video report","micro_label_kind":"video","network_label":"Mart\u00ed Noticias","network_logo_url":"/static/uploads/direct_network_logos/ocb_0888427dcb1d.svg","published_at":"2026-09-03T16:47:16","published_at_display":"3 Sep 2026, 16:47 GMT","sequence_badge_label":null,"sequence_count":null,"sequence_count_label":null,"sequence_frames":[],"sequence_kind":null,"source_name":"ocb_spanish_video_scrape","source_name_label":"Mart\u00ed Noticias Video","source_type":"scrape","summary":"Natalia Molano, portavoz del Departamento de Estado de Estados Unidos habla sobre el anunci\u00f3 de EEUU este jueves de otra ronda de sanciones contra la \u00e9lite del castrismo y sus v\u00edas de financiamiento.","title":"EEUU con m\u00e1s sanciones a la \u00e9lite de Castro y sus v\u00edas de financiamiento","topic":"Asuntos de Estado","translation_language":"","url":"https://www.martinoticias.com/a/eeuu-con-m%C3%A1s-sanciones-a-la-%C3%A9lite-de-castro-y-sus-v%C3%ADas-de-financiamiento/476890.html","video_url":"https://ocb-video-ns.akamaized.net/pangeavideo/2026/09/b/bd/bd1b6495-9d6d-44ba-cff4-08decd5b38e4_1080p.mp4?cb=ee22b9b94","youtube_conversion_active":false,"youtube_conversion_error":"","youtube_conversion_status":""},{"article_body_paragraphs":[],"audio_source_url":null,"author":"Redacci\u00f3n Mart\u00ed Noticias","available_dubs":[],"downloadable_assets":["https://ocb-video-ns.akamaized.net/pangeavideo/2026/09/b/bd/bd1b6495-9d6d-44ba-cff4-08decd5b38e4_1080p.mp4?cb=ee22b9b94","https://gdb.martinoticias.com/5b0bb676-d14a-4e80-fa7f-08debb0491f6_cx24_cy21_cw75_w1600_r1_n_s.jpg"],"duration_display":"0:00","duration_seconds":null,"embed_url":null,"id":14342,"image_caption":"Alejandro Castro Esp\u00edn junto a su hijo Fidel Ernesto Castro Calis. ADALBERTO ROQUE / AFP","image_url":"https://gdb.martinoticias.com/5b0bb676-d14a-4e80-fa7f-08debb0491f6_cx24_cy21_cw75_w1600_r1_n_s.jpg","is_clip":true,"is_youtube_embed":false,"item_type":"video","item_type_label":"Video","language_label":"Espa\u00f1ol","media_credit":"Redacci\u00f3n Mart\u00ed Noticias","micro_label":"Video report","micro_label_kind":"video","network_label":"Mart\u00ed Noticias","network_logo_url":"/static/uploads/direct_network_logos/ocb_0888427dcb1d.svg","published_at":"2026-09-03T16:08:22","published_at_display":"3 Sep 2026, 16:08 GMT","sequence_badge_label":null,"sequence_count":null,"sequence_count_label":null,"sequence_frames":[],"sequence_kind":null,"source_name":"radiotelevisionmarti_com_rss","source_name_label":"Mart\u00ed Noticias RSS","source_type":"rss","summary":"Natalia Molano, portavoz del Departamento de Estado de Estados Unidos habla sobre el anunci\u00f3 de EEUU este jueves de otra ronda de sanciones contra la \u00e9lite del castrismo y sus v\u00edas de financiamiento.","title":"EEUU con m\u00e1s sanciones a la \u00e9lite de Castro y sus v\u00edas de financiamiento","topic":null,"translation_language":"","url":"https://www.martinoticias.com/a/476888.html","video_url":"https://ocb-video-ns.akamaized.net/pangeavideo/2026/09/b/bd/bd1b6495-9d6d-44ba-cff4-08decd5b38e4_1080p.mp4?cb=ee22b9b94","youtube_conversion_active":false,"youtube_conversion_error":"","youtube_conversion_status":""},{"article_body_paragraphs":[],"audio_source_url":null,"author":"Redacci\u00f3n Mart\u00ed Noticias","available_dubs":[],"downloadable_assets":["https://gdb.martinoticias.com/5b0bb676-d14a-4e80-fa7f-08debb0491f6_cx24_cy21_cw75_w1600_r1_n_s.jpg"],"duration_display":"0:00","duration_seconds":null,"embed_url":null,"id":14217,"image_caption":"Alejandro Castro Esp\u00edn junto a su hijo Fidel Ernesto Castro Calis. ADALBERTO ROQUE / AFP","image_url":"https://gdb.martinoticias.com/5b0bb676-d14a-4e80-fa7f-08debb0491f6_cx24_cy21_cw75_w1600_r1_n_s.jpg","is_clip":false,"is_youtube_embed":false,"item_type":"article","item_type_label":"Article","language_label":"Espa\u00f1ol","media_credit":"Redacci\u00f3n Mart\u00ed Noticias","micro_label":"Photo","micro_label_kind":"gallery","network_label":"Mart\u00ed Noticias","network_logo_url":"/static/uploads/direct_network_logos/ocb_0888427dcb1d.svg","published_at":"2026-09-03T16:08:22","published_at_display":"3 Sep 2026, 16:08 GMT","sequence_badge_label":null,"sequence_count":null,"sequence_count_label":null,"sequence_frames":[],"sequence_kind":null,"source_name":"radiotelevisionmarti_com_rss","source_name_label":"Mart\u00ed Noticias RSS","source_type":"rss","summary":"Estados Unidos anunci\u00f3 este jueves otra ronda de sanciones contra la \u00e9lite del castrismo y sus v\u00edas de financiamiento. Las nuevas medidas incorporan a Fidel Ernesto Castro Calis a la Lista de Nacionales Especialmente Designados (SDN) de la Oficina de Control de Activos Extranjeros (OFAC) del Departamento del Tesoro. EEUU con m\u00e1s sanciones a la \u00e9lite de Castro y sus v\u00edas de financiamiento El nieto del general Ra\u00fal Castro tiene 31 a\u00f1os y es hijo de Alejandro Castro Esp\u00edn, ya sancionado en junio de 2026 por su papel en los servicios de inteligencia. Castro Calis y su hermano Ra\u00fal Alejandro son los dos hijos de Castro Esp\u00edn con su primera esposa Marietta Calis Lauzurica, seg\u00fan revel\u00f3 Cubanet. Nuevas sanciones de EEUU quiebran l\u00edneas de financiamiento del r\u00e9gimen y el c\u00edrculo cerrado del castrismo EEUU publica oficialmente sanciones contra D\u00edaz-Canel y entidades vinculadas al r\u00e9gimen cubano Es publicaci\u00f3n asegura que Ra\u00fal Alejandro, Fidel Ernesto y Paolo Titolo Castro (hijo de Mariela Castro y Paolo Titolo) son actualmente, junto con Ra\u00fal Guillermo Rodr\u00edguez Castro \"El Cangrejo\", los nietos m\u00e1s favorecidos por la dinast\u00eda Castro. La ronda de hoy incluye adem\u00e1s a cinco entidades cubanas vinculadas a la banca, el petr\u00f3leo y el n\u00edquel, como parte de la Orden Ejecutiva 14404, del presidente Donald Trump, titulada \u00abImposici\u00f3n de sanciones a los responsables de la represi\u00f3n en Cuba y de amenazas a la seguridad nacional y la pol\u00edtica exterior de Estados Unidos\u00bb. Incremento de sanciones a las \u00e9lites, canales de financiaci\u00f3n y aparatos de explotaci\u00f3n de recursos de Cuba Las cinco empresas a\u00f1adidas son el Banco Exterior de Cuba, Comercial CUPET S.A., la Empresa de Servicios Comandante Ren\u00e9 Ramos Latour (tambi\u00e9n conocida como Nicarotec), la Empresa Importadora de Abastecimiento para el Petr\u00f3leo (ABAPET) y la Empresa Importadora y Abastecedora del N\u00edquel CEXNI. Rubio sobre nuevas sanciones al r\u00e9gimen de Cuba: mientras el pueblo sufre la c\u00fapula acapara los recursos \"El r\u00e9gimen comunista cubano sigue representando una amenaza profunda y multifac\u00e9tica para la seguridad nacional de Estados Unidos y para la estabilidad de nuestro hemisferio\", dijo el Departamento de Estado en un comunicado. \"Mientras el pueblo cubano sufre, la familia Castro y sus allegados en el represivo Ministerio del Interior (MININT) de Cuba contin\u00faan perpetuando su control total sobre la econom\u00eda de la isla, acaparando recursos en beneficio de un peque\u00f1o grupo de \u00e9lites del r\u00e9gimen\". En el d\u00eda de hoy la Oficina de Control de Activos Extranjeros emiti\u00f3 la Licencia General de Cuba 4A, que sustituye y reemplaza por completo a la Licencia General 4 del 23 de julio de 2026. Garant\u00edas al funcionamiento de embajadas y consulados extranjeros en Cuba La modificaci\u00f3n autoriza las transacciones con personas bloqueadas que sean ordinariamente incidentales y necesarias para el funcionamiento oficial de las misiones diplom\u00e1ticas y consulares de terceros pa\u00edses ubicadas en Cuba, as\u00ed como para el procesamiento de transferencias de fondos y el mantenimiento de cuentas destinadas a los gastos personales de sus empleados, concesionarios, contratistas y familiares que convivan con ellos. De manera que se elimina la restricci\u00f3n que prohib\u00eda la mayor\u00eda de las transferencias financieras a personas bloqueadas (salvo excepciones muy limitadas como impuestos, tasas, servicios p\u00fablicos o permisos), y en lo adelante se permite un mayor margen de operaciones con entidades cubanas sancionadas siempre que sean indispensables para el trabajo diplom\u00e1tico o los gastos personales del personal.","title":"EEUU con m\u00e1s sanciones a la \u00e9lite de Castro y sus v\u00edas de financiamiento","topic":null,"translation_language":"","url":"https://www.martinoticias.com/a/476888.html","video_url":null,"youtube_conversion_active":false,"youtube_conversion_error":"","youtube_conversion_status":""},{"article_body_paragraphs":[],"audio_source_url":"https://ocb-audio-ns.akamaized.net/cu/2026/09/03/226cddff-8c8a-445a-5aaf-08decd6ea425.mp3","author":null,"available_dubs":[],"downloadable_assets":["https://ocb-audio-ns.akamaized.net/cu/2026/09/03/226cddff-8c8a-445a-5aaf-08decd6ea425.mp3"],"duration_display":"3:00","duration_seconds":180.0,"embed_url":null,"id":14320,"image_caption":null,"image_url":"https://gdb.martinoticias.com/dc3c01e9-b307-44c9-ac61-aa267f49a4a3_w1200_h630.jpg","is_clip":false,"is_youtube_embed":false,"item_type":"audio","item_type_label":"Audio","language_label":"Espa\u00f1ol","media_credit":null,"micro_label":"Audio program","micro_label_kind":"audio","network_label":"Mart\u00ed Noticias","network_logo_url":"/static/uploads/direct_network_logos/ocb_0888427dcb1d.svg","published_at":"2026-09-03T16:03:08","published_at_display":"3 Sep 2026, 16:03 GMT","sequence_badge_label":null,"sequence_count":null,"sequence_count_label":null,"sequence_frames":[],"sequence_kind":null,"source_name":"ocb_spanish_audio_scrape","source_name_label":"Mart\u00ed Noticias Audio","source_type":"scrape","summary":"El Presidente Donald Trump afirm\u00f3 que Venezuela todav\u00eda no est\u00e1 preparada para celebrar elecciones presidenciales, en la v\u00edspera de cumplirse hoy ocho meses de la captura de Nicol\u00e1s Maduro, ocurrida el pasado 3 de enero en Caracas. El mandatario subray\u00f3 que Delcy est\u00e1 haciendo un buen trabajo.","title":"Venezuela todav\u00eda no est\u00e1 preparada para celebrar elecciones : Donald Trump","topic":"venezuela todav%C3%ADa no est%C3%A1 preparada para celebrar elecciones reafirma donaldtrump","translation_language":"","url":"https://www.martinoticias.com/a/venezuela-todav%C3%ADa-no-est%C3%A1-preparada-para-celebrar-elecciones-reafirma-donaldtrump/476887.html","video_url":null,"youtube_conversion_active":false,"youtube_conversion_error":"","youtube_conversion_status":""},{"article_body_paragraphs":[],"audio_source_url":"https://ocb-audio-ns.akamaized.net/cu/2026/09/03/20260903-160000-cu004-program.mp3","author":null,"available_dubs":[],"downloadable_assets":["https://ocb-audio-ns.akamaized.net/cu/2026/09/03/20260903-160000-cu004-program.mp3"],"duration_display":"29:59","duration_seconds":1799.0,"embed_url":null,"id":14319,"image_caption":null,"image_url":"https://gdb.martinoticias.com/04340000-0aff-0242-9ff1-08daa6403056_w1200_h630.jpg","is_clip":false,"is_youtube_embed":false,"item_type":"audio","item_type_label":"Audio","language_label":"Espa\u00f1ol","media_credit":null,"micro_label":"Audio program","micro_label_kind":"audio","network_label":"Mart\u00ed Noticias","network_logo_url":"/static/uploads/direct_network_logos/ocb_0888427dcb1d.svg","published_at":"2026-09-03T16:00:00","published_at_display":"3 Sep 2026, 16:00 GMT","sequence_badge_label":null,"sequence_count":null,"sequence_count_label":null,"sequence_frames":[],"sequence_kind":null,"source_name":"ocb_spanish_audio_scrape","source_name_label":"Mart\u00ed Noticias Audio","source_type":"scrape","summary":"Noticiero Radio Mart\u00ed presenta los hechos que hacen noticia en Cuba y el mundo.","title":"Noticiero de Radio Mart\u00ed 12:00 PM","topic":"Radio Mart\u00ed","translation_language":"","url":"https://www.martinoticias.com/a/475829.html","video_url":null,"youtube_conversion_active":false,"youtube_conversion_error":"","youtube_conversion_status":""},{"article_body_paragraphs":[],"audio_source_url":null,"author":"Rolando N\u00e1poles","available_dubs":[],"downloadable_assets":["https://gdb.martinoticias.com/f05c29e9-0599-49e3-bc86-08def2b1d8dc_cx0_cy6_cw0_w1600_r1_n_s.jpg"],"duration_display":"0:00","duration_seconds":null,"embed_url":null,"id":14099,"image_caption":"Conferencia Colapso Social en Cuba en la Universidad Internacional de la Florida (FIU)","image_url":"https://gdb.martinoticias.com/f05c29e9-0599-49e3-bc86-08def2b1d8dc_cx0_cy6_cw0_w1600_r1_n_s.jpg","is_clip":false,"is_youtube_embed":false,"item_type":"article","item_type_label":"Article","language_label":"Espa\u00f1ol","media_credit":"Rolando N\u00e1poles","micro_label":"Photo","micro_label_kind":"gallery","network_label":"Mart\u00ed Noticias","network_logo_url":"/static/uploads/direct_network_logos/ocb_0888427dcb1d.svg","published_at":"2026-09-03T15:40:00","published_at_display":"3 Sep 2026, 15:40 GMT","sequence_badge_label":null,"sequence_count":null,"sequence_count_label":null,"sequence_frames":[],"sequence_kind":null,"source_name":"radiotelevisionmarti_com_rss","source_name_label":"Mart\u00ed Noticias RSS","source_type":"rss","summary":"Rosa Mar\u00eda Pay\u00e1 , l\u00edder de Cuba Decide y coordinadora de la coalici\u00f3n opositora Pasos de Cambio, afirm\u00f3 en la conferencia \u201cColapso social en Cuba\u201d, realizada este mi\u00e9rcoles en la Universidad Internacional de la Florida (FIU) en Miami, que la \u00fanica v\u00eda real para salir de esa crisis que ha empobrecido la isla es con el fin de la dictadura cubana. \u201cLa \u00fanica manera de acabar con crisis humanitaria que est\u00e1 sufriendo nuestro pueblo es a partir de un cambio pol\u00edtico. Es el cambio pol\u00edtico el que garantiza las condiciones m\u00ednimas necesarias para responder a la emergencia sanitaria que vive nuestro pa\u00eds\u201d, declar\u00f3 Pay\u00e1 a Mart\u00ed Noticias en esta conferencia en la cual se present\u00f3 en esta ciudad el IX Estudio sobre Derechos Sociales en Cuba, del Observatorio Cubano de Derechos Humanos (OCDH). Esta conferencia realizada en FIU, convocada por la coalici\u00f3n Pasos Cambio, forma parte del trabajo de las organizaciones opositoras reunidas en esta coalici\u00f3n para cumplir el \u201cAcuerdo de Liberaci\u00f3n\u201d, firmado en Miami en marzo de este 2026, junto a la Asamblea de la Resistencia Cubana, con el fin de implementar un plan integral para el restablecimiento de la Democracia en Cuba. Pay\u00e1 explic\u00f3 en este evento, los principales pasos de este plan entre ellos el de la asistencia humanitaria para una fase de estabilizaci\u00f3n tras el fin de la dictadura. \u201cDespu\u00e9s del Acuerdo de Liberaci\u00f3n, nosotros nos comprometimos a trabajar en las diversas \u00e1reas en el proceso de transici\u00f3n. Una de ellas es la enorme \u00e1rea de la respuesta a la emergencia humanitaria y el equipo que trabaja en esa comisi\u00f3n est\u00e1 elaborando ese plan\u201d, explic\u00f3 a Mart\u00ed Noticias la coordinadora de Pasos de Cambio. Informe revela alza de la pobreza extrema en Cuba y rechazo a la gesti\u00f3n del r\u00e9gimen (VIDEO) Para mostrar las cifras de ese colapso social en Cuba, Yaxys Cires , director de estrategias del OCDH, detall\u00f3 en este encuentro los m\u00e1s importantes resultados del IX Estudio sobre Derechos Sociales en Cuba 2026 como es el caso del aumento de la pobreza extrema a un 94 %; el hecho de que 8 de cada 10 cubanos han tenido que dejar de desayunar, almorzar o cenar por la falta de dinero o de alimentos y el alza a un 95 % del rechazo de la gesti\u00f3n de la crisis econ\u00f3mica y social por parte del r\u00e9gimen. \u201cEfectivamente, la situaci\u00f3n que se vive hoy en Cuba es de un colaspo y tiene una incidencia directa en la vida de la gente. Y es generalizada porque estamos hablando de una pobreza extrema que llega al 94 % de la poblaci\u00f3n. Pero no hay un \u00e1mbito de la vida social y econ\u00f3mica de ese pa\u00eds que escape a ese colapso\u201d, se\u00f1al\u00f3 Cires a Mart\u00ed Noticias. Presentaci\u00f3n en Miami de IX Estudio sobre Derechos Sociales en Cuba Esta convocatoria en FIU dedic\u00f3 adem\u00e1s un panel dirigido a presentar propuestas para responder a la emergencia humanitaria en una eventual transici\u00f3n democr\u00e1tica en Cuba. Entre los panelistas estuvieron, Teo Babun, presidente y director ejecutivo de Outreach Aid to the Americas; Andres Asion, de la junta asesora de Global Empowerment Mission; y el padre Jos\u00e9 Joaqu\u00edn Espino , rector del Santuario Nacional Ermita de la Caridad. Los moderadores de la conferencia fueron el abogado y profesor cubano residente en Chile, Mijail Bonito y Armando Ibarra, asesor principal de la Fundaci\u00f3n para la Democracia Panamericana. \u201cNosotros proponemos que los Estados Unidos, que es la v\u00eda m\u00e1s grande de ayuda humanitaria a Cuba, no invite a otras organizaciones a que vayan a Cuba a pretender dar esa ayuda porque no conocen la isla, sino que se trabaje con las organizaciones que ya existen en Cuba: la iglesia cat\u00f3lica y la evang\u00e9lica\u201d, asever\u00f3 Teo Bab\u00fan a Mart\u00ed Noticias. Para el padre Espino, la propuesta que presenta la Iglesia Cat\u00f3lica en este plan es como siempre ha sido en el caso cubano, ayudar. \u201cLa Iglesia Cat\u00f3lica siempre ha sido v\u00ednculo para entregar esa ayuda en Cuba, no s\u00f3lo la de Estados Unidos. Desde hace mucho tiempo C\u00e1ritas Cuba ha estado muy presente en medio del pueblo. Ha sido muchas veces la primera que ha respondido en casos de desastres naturales como los huracanes y constantemente tenemos comedores para los ancianos, ofrecemos ayuda para los minusv\u00e1lidos\u201d, dijo el rector del Santuario Nacional Ermita de la Caridad del Cobre en Miami. Sebasti\u00e1n Arcos Cazab\u00f3n , director interino del Instituto de Estudios Cubanos de FIU, asever\u00f3 a Mart\u00ed Noticias que la \u00fanica soluci\u00f3n a la crisis humanitaria en Cuba es el fin del r\u00e9gimen comunista en la isla. \u201cLo dem\u00e1s es paliativo\", sentenci\u00f3 el acad\u00e9mico. \"El exilio est\u00e1 haciendo lo que puede hacer, considerando las circunstancias. Pero eso no resuelve el problema. La ra\u00edz del problema es el r\u00e9gimen. Por tanto, la \u00fanica soluci\u00f3n definitiva es el cambio del r\u00e9gimen\u201d, expres\u00f3 Cazab\u00f3n.","title":"Cambio pol\u00edtico: \u00fanica salida a crisis humanitaria en Cuba, opinan expertos","topic":null,"translation_language":"","url":"https://www.martinoticias.com/a/cambio-pol%c3%adtico-%c3%banica-salida-a-crisis-humanitaria-en-cuba-opinan-expertos/476886.html","video_url":null,"youtube_conversion_active":false,"youtube_conversion_error":"","youtube_conversion_status":""}],"next_num":4,"page":3,"pages":29,"per_page":20,"prev_num":2,"total":576}
