{"applied_filters":{"end_date":"","lang":"","language":"","network":"Mart\u00ed Noticias","page":4,"per_page":20,"search":"","source":"","start_date":"","topic":"","type":""},"available_filters":{"language_choices":[{"label":"Choose Language","value":""},{"label":"English","value":"English"},{"label":"Espa\u00f1ol","value":"Espa\u00f1ol"}],"network_choices":[{"label":"All networks","value":""},{"label":"Mart\u00ed Noticias","value":"Mart\u00ed Noticias"}],"source_choices":[{"label":"All sources","value":""},{"label":"Manual Ocb Espanol","value":"manual_ocb_espanol"},{"label":"Mart\u00ed Noticias \u00b7 Caf\u00e9 Digital","value":"ocb_spanish_audio_html_scrape"},{"label":"Mart\u00ed Noticias \u00b7 Liberaci\u00f3n","value":"ocb_spanish_audio_html_scrape_1001"},{"label":"Mart\u00ed Noticias \u00b7 Programas de Radio Nuestra Am\u00e9rica","value":"ocb_spanish_audio_html_scrape_1016"},{"label":"Mart\u00ed Noticias \u00b7 Agenda hemisf\u00e9rica","value":"ocb_spanish_audio_html_scrape_1028"},{"label":"Mart\u00ed Noticias \u00b7 El futuro es ya","value":"ocb_spanish_audio_html_scrape_1056"},{"label":"Mart\u00ed Noticias \u00b7 Foro abierto","value":"ocb_spanish_audio_html_scrape_1061"},{"label":"Mart\u00ed Noticias \u00b7 Nicaragua al d\u00eda","value":"ocb_spanish_audio_html_scrape_1077"},{"label":"Mart\u00ed Noticias \u00b7 La bola nostra","value":"ocb_spanish_audio_html_scrape_1078"},{"label":"Mart\u00ed Noticias \u00b7 Taller de prensa","value":"ocb_spanish_audio_html_scrape_1103"},{"label":"Mart\u00ed Noticias \u00b7 Las noticias como son","value":"ocb_spanish_audio_html_scrape_142"},{"label":"Mart\u00ed Noticias \u00b7 Abriendo Espacios","value":"ocb_spanish_audio_html_scrape_562"},{"label":"Mart\u00ed Noticias \u00b7 Mart\u00ed Noticias A.M.","value":"ocb_spanish_audio_html_scrape_668"},{"label":"Mart\u00ed Noticias Audio","value":"ocb_spanish_audio_scrape"},{"label":"Mart\u00ed Noticias Video","value":"ocb_spanish_video_scrape"},{"label":"Mart\u00ed Noticias Direct","value":"radiotelevisionmarti_com_direct"},{"label":"Mart\u00ed Noticias RSS","value":"radiotelevisionmarti_com_rss"},{"label":"TV Mart\u00ed Noticias YouTube","value":"tv_marti_noticias_youtube_playlists"}],"sources":["manual_ocb_espanol","ocb_spanish_audio_html_scrape","ocb_spanish_audio_html_scrape_1001","ocb_spanish_audio_html_scrape_1016","ocb_spanish_audio_html_scrape_1028","ocb_spanish_audio_html_scrape_1056","ocb_spanish_audio_html_scrape_1061","ocb_spanish_audio_html_scrape_1077","ocb_spanish_audio_html_scrape_1078","ocb_spanish_audio_html_scrape_1103","ocb_spanish_audio_html_scrape_142","ocb_spanish_audio_html_scrape_562","ocb_spanish_audio_html_scrape_668","ocb_spanish_audio_scrape","ocb_spanish_video_scrape","radiotelevisionmarti_com_direct","radiotelevisionmarti_com_rss","tv_marti_noticias_youtube_playlists"],"topics":["Abriendo Espacios","Agenda hemisf\u00e9rica","Am\u00e9rica Latina, VENEZUELA, Maiquetia","Asuntos de Estado","Audiovisuales Mart\u00ed","Audiovisuales Mart\u00ed, Cuba turismo, crisis del turismo en Cuba","Audiovisuales Mart\u00ed, VENEZUELA, apagones","Barrio Adentro","Caf\u00e9 Digital","Como Come Cuba, cuba, Como Come Cuba","Cuba Habla","Cuba Habla, Cuba","Cuba al D\u00eda","Cuba al D\u00eda, Cuba","Cuba en la Memoria","De cara al sol","Derechos Humanos, cuba, exilio, c\u00e1ncer, Ram\u00f3n Sa\u00fal S\u00e1nchez","El futuro es ya","Especiales, Exilio cubano, Freedom tower, \"Libertad\", Torre de la Libertad de Miami, Exilio cubano en Miami","Especiales, jos\u00e9 mart\u00ed, Exilio cubano","Esperando un techo, cuba, crisis, vivienda, derrumbes, techo, paredes, EsperandounTecho","Foro abierto","Hablando claro","Info Mart\u00ed","Info Mart\u00ed , Brigada 2506","Info Mart\u00ed , Cuba","Info Mart\u00ed , Estados Unidos, Colombia","Info Mart\u00ed , Estados Unidos, VENEZUELA","Info Mart\u00ed , estados unidos, Venezuela","Info Mart\u00ed , presos politicos, torturas, VENEZUELA","Kentu-Cubano, cuba, cubanos, Kentucky, migrantes, KentoCubano","La libertad es una librer\u00eda","Las Noticias Como Son, Cuba","Las noticias como son","Lawton Libre","Liberaci\u00f3n","Mart\u00ed Noticias A.M.","Mart\u00ed Noticias AM","Mart\u00ed en el Mundial 2026","Nicaragua al d\u00eda","Noticiero Mart\u00ed Noticias","Noticiero Mart\u00ed Noticias, Cuba","Programas de Radio Nuestra Am\u00e9rica","Radio Mart\u00ed","Ser Madre en cuba, cuba, hambre, r\u00e9gimen, madre, negligencia, Testimonios, Crisis Econ\u00f3mica, madre cubana, Crisis Alimentaria","Ser viejo en Cuba, cuba, cubanos, crisis, alimentos, ancianos, viejos, vejez","Taller de prensa","adri%C3%A1n del sol mi padre est%C3%A1 muy d%C3%A9bil","atienden a mas de 50 personas en santiago de cuba por presunta intoxicacion alimentaria","auge en contagios de dengue en cuba","aumenta a 379 la cifra de desaparecidos por terremoto en colombia hay 285 fallecidos","banco mundial desembolsa millonaria ayuda para afectados por terremoto en colombia","brote de enfermedades diarreicas se extiende en cuba","casi 300 fallecidos almenos 4 000 heridos y 140 desaparecidos a 7 dias del terremoto en colombia","cifra de muertos por el terremoto en colombia supera las 200 personas seg%C3%BAn reporte","colombia declara estado de emergencia durante 30 dias por grave calamidad","colombia ingresa formalmente al escudo de las am%C3%A9ricas liderado por washington","convocan marcha pac%C3%ADfica por la libertad de todos los presos pol%C3%ADticos en venezuela","crece reclutamiento de ni%C3%B1os y ni%C3%B1as en colombia por parte de grupos ilegales seg%C3%BAn hrw","creo que el presidente trump ir%C3%A1 a la habana antes de que termine su mandato","eeuu cierra acuerdo petrolero que le dar%C3%A1 importante control de reservas venezolanas","eeuu ecuador y colombia se reunen para acordar lucha contra mafias del narcotr%C3%A1fico","eeuu sostiene operaciones militares junto a ecuador cerca de la frontera con colombia","el papel peri%C3%B3dico de la habana autores sociedad patri%C3%B3tica de la habana y sociedad econ%C3%B3mica de amigos del pa%C3","el socialismo es la peor tentaci%C3%B3n pol%C3%ADtica de nuestro hemisferio sara b rogers","gobierno de colombia da por terminada conversaciones con otros tres grupos armados ilegales","informe pide mayor presencia militar en cuba","jeffrey bartos en la onu","joven con vih permanece encarcelado tras protesta por apagones en guanabacoa","la bola nostra","la ola de robos a la infraestructura publica y privada agrava la crisis en cuba","la periodista independiente yoanni limonta reporta una protesta frente al gobierno provincial de cienfuegos tras apagones de mas","las farmacias privadas abren en cuba entre criticas por sus altos precios y dudas medicas sobre sus controles","m%C3%A1s hoteles menos hospitales","oea aprueba convocatoria urgente de cancilleres para condenar a la dictadura de nicaragua","padre castor %C3%A1lvarez devesa","rechazo en cuba a los festejos estatales durante el colapso de los servicios basicos","sismo de 7 4 en colombia deja m%C3%A1s de 100 muertos 87 heridos y 61 edificios colapsados","trump asegura que eeuu y venezuela est%C3%A1n haciendo una fortuna con acuerdo petrolero","venezuela todav%C3%ADa no est%C3%A1 preparada para celebrar elecciones reafirma donaldtrump","y solo estamos en verano autora grethel delgado %C3%A1lvarez"],"types":[["","All types"],["article","Articles"],["audio","Audio"],["video","Videos"],["clips","Clips"],["media","Media"]]},"has_next":true,"has_prev":true,"items":[{"article_body_paragraphs":[],"audio_source_url":null,"author":"Rolando N\u00e1poles","available_dubs":[],"downloadable_assets":["https://gdb.martinoticias.com/f05c29e9-0599-49e3-bc86-08def2b1d8dc_cx0_cy6_cw0_w1600_r1_n_s.jpg"],"duration_display":"0:00","duration_seconds":null,"embed_url":null,"id":14099,"image_caption":"Conferencia Colapso Social en Cuba en la Universidad Internacional de la Florida (FIU)","image_url":"https://gdb.martinoticias.com/f05c29e9-0599-49e3-bc86-08def2b1d8dc_cx0_cy6_cw0_w1600_r1_n_s.jpg","is_clip":false,"is_youtube_embed":false,"item_type":"article","item_type_label":"Article","language_label":"Espa\u00f1ol","media_credit":"Rolando N\u00e1poles","micro_label":"Photo","micro_label_kind":"gallery","network_label":"Mart\u00ed Noticias","network_logo_url":"/static/uploads/direct_network_logos/ocb_0888427dcb1d.svg","published_at":"2026-09-03T15:40:00","published_at_display":"3 Sep 2026, 15:40 GMT","sequence_badge_label":null,"sequence_count":null,"sequence_count_label":null,"sequence_frames":[],"sequence_kind":null,"source_name":"radiotelevisionmarti_com_rss","source_name_label":"Mart\u00ed Noticias RSS","source_type":"rss","summary":"Rosa Mar\u00eda Pay\u00e1 , l\u00edder de Cuba Decide y coordinadora de la coalici\u00f3n opositora Pasos de Cambio, afirm\u00f3 en la conferencia \u201cColapso social en Cuba\u201d, realizada este mi\u00e9rcoles en la Universidad Internacional de la Florida (FIU) en Miami, que la \u00fanica v\u00eda real para salir de esa crisis que ha empobrecido la isla es con el fin de la dictadura cubana. \u201cLa \u00fanica manera de acabar con crisis humanitaria que est\u00e1 sufriendo nuestro pueblo es a partir de un cambio pol\u00edtico. Es el cambio pol\u00edtico el que garantiza las condiciones m\u00ednimas necesarias para responder a la emergencia sanitaria que vive nuestro pa\u00eds\u201d, declar\u00f3 Pay\u00e1 a Mart\u00ed Noticias en esta conferencia en la cual se present\u00f3 en esta ciudad el IX Estudio sobre Derechos Sociales en Cuba, del Observatorio Cubano de Derechos Humanos (OCDH). Esta conferencia realizada en FIU, convocada por la coalici\u00f3n Pasos Cambio, forma parte del trabajo de las organizaciones opositoras reunidas en esta coalici\u00f3n para cumplir el \u201cAcuerdo de Liberaci\u00f3n\u201d, firmado en Miami en marzo de este 2026, junto a la Asamblea de la Resistencia Cubana, con el fin de implementar un plan integral para el restablecimiento de la Democracia en Cuba. Pay\u00e1 explic\u00f3 en este evento, los principales pasos de este plan entre ellos el de la asistencia humanitaria para una fase de estabilizaci\u00f3n tras el fin de la dictadura. \u201cDespu\u00e9s del Acuerdo de Liberaci\u00f3n, nosotros nos comprometimos a trabajar en las diversas \u00e1reas en el proceso de transici\u00f3n. Una de ellas es la enorme \u00e1rea de la respuesta a la emergencia humanitaria y el equipo que trabaja en esa comisi\u00f3n est\u00e1 elaborando ese plan\u201d, explic\u00f3 a Mart\u00ed Noticias la coordinadora de Pasos de Cambio. Informe revela alza de la pobreza extrema en Cuba y rechazo a la gesti\u00f3n del r\u00e9gimen (VIDEO) Para mostrar las cifras de ese colapso social en Cuba, Yaxys Cires , director de estrategias del OCDH, detall\u00f3 en este encuentro los m\u00e1s importantes resultados del IX Estudio sobre Derechos Sociales en Cuba 2026 como es el caso del aumento de la pobreza extrema a un 94 %; el hecho de que 8 de cada 10 cubanos han tenido que dejar de desayunar, almorzar o cenar por la falta de dinero o de alimentos y el alza a un 95 % del rechazo de la gesti\u00f3n de la crisis econ\u00f3mica y social por parte del r\u00e9gimen. \u201cEfectivamente, la situaci\u00f3n que se vive hoy en Cuba es de un colaspo y tiene una incidencia directa en la vida de la gente. Y es generalizada porque estamos hablando de una pobreza extrema que llega al 94 % de la poblaci\u00f3n. Pero no hay un \u00e1mbito de la vida social y econ\u00f3mica de ese pa\u00eds que escape a ese colapso\u201d, se\u00f1al\u00f3 Cires a Mart\u00ed Noticias. Presentaci\u00f3n en Miami de IX Estudio sobre Derechos Sociales en Cuba Esta convocatoria en FIU dedic\u00f3 adem\u00e1s un panel dirigido a presentar propuestas para responder a la emergencia humanitaria en una eventual transici\u00f3n democr\u00e1tica en Cuba. Entre los panelistas estuvieron, Teo Babun, presidente y director ejecutivo de Outreach Aid to the Americas; Andres Asion, de la junta asesora de Global Empowerment Mission; y el padre Jos\u00e9 Joaqu\u00edn Espino , rector del Santuario Nacional Ermita de la Caridad. Los moderadores de la conferencia fueron el abogado y profesor cubano residente en Chile, Mijail Bonito y Armando Ibarra, asesor principal de la Fundaci\u00f3n para la Democracia Panamericana. \u201cNosotros proponemos que los Estados Unidos, que es la v\u00eda m\u00e1s grande de ayuda humanitaria a Cuba, no invite a otras organizaciones a que vayan a Cuba a pretender dar esa ayuda porque no conocen la isla, sino que se trabaje con las organizaciones que ya existen en Cuba: la iglesia cat\u00f3lica y la evang\u00e9lica\u201d, asever\u00f3 Teo Bab\u00fan a Mart\u00ed Noticias. Para el padre Espino, la propuesta que presenta la Iglesia Cat\u00f3lica en este plan es como siempre ha sido en el caso cubano, ayudar. \u201cLa Iglesia Cat\u00f3lica siempre ha sido v\u00ednculo para entregar esa ayuda en Cuba, no s\u00f3lo la de Estados Unidos. Desde hace mucho tiempo C\u00e1ritas Cuba ha estado muy presente en medio del pueblo. Ha sido muchas veces la primera que ha respondido en casos de desastres naturales como los huracanes y constantemente tenemos comedores para los ancianos, ofrecemos ayuda para los minusv\u00e1lidos\u201d, dijo el rector del Santuario Nacional Ermita de la Caridad del Cobre en Miami. Sebasti\u00e1n Arcos Cazab\u00f3n , director interino del Instituto de Estudios Cubanos de FIU, asever\u00f3 a Mart\u00ed Noticias que la \u00fanica soluci\u00f3n a la crisis humanitaria en Cuba es el fin del r\u00e9gimen comunista en la isla. \u201cLo dem\u00e1s es paliativo\", sentenci\u00f3 el acad\u00e9mico. \"El exilio est\u00e1 haciendo lo que puede hacer, considerando las circunstancias. Pero eso no resuelve el problema. La ra\u00edz del problema es el r\u00e9gimen. Por tanto, la \u00fanica soluci\u00f3n definitiva es el cambio del r\u00e9gimen\u201d, expres\u00f3 Cazab\u00f3n.","title":"Cambio pol\u00edtico: \u00fanica salida a crisis humanitaria en Cuba, opinan expertos","topic":null,"translation_language":"","url":"https://www.martinoticias.com/a/cambio-pol%c3%adtico-%c3%banica-salida-a-crisis-humanitaria-en-cuba-opinan-expertos/476886.html","video_url":null,"youtube_conversion_active":false,"youtube_conversion_error":"","youtube_conversion_status":""},{"article_body_paragraphs":[],"audio_source_url":"https://ocb-audio-ns.akamaized.net/cu/2026/09/03/20260903-153000-cu004-program_hq.mp3","author":"Janisset Rivero","available_dubs":[],"downloadable_assets":["https://ocb-audio-ns.akamaized.net/cu/2026/09/03/20260903-153000-cu004-program_hq.mp3"],"duration_display":"29:59","duration_seconds":1799.0,"embed_url":null,"id":14197,"image_caption":null,"image_url":"https://gdb.martinoticias.com/e4ea45fa-9d9b-4bf5-a3fc-20ab3cf12810_mw2048_mh2048_n.png","is_clip":false,"is_youtube_embed":false,"item_type":"audio","item_type_label":"Audio","language_label":"Espa\u00f1ol","media_credit":"OCB","micro_label":"Audio program","micro_label_kind":"audio","network_label":"Mart\u00ed Noticias","network_logo_url":"/static/uploads/direct_network_logos/ocb_0888427dcb1d.svg","published_at":"2026-09-03T15:30:00","published_at_display":"3 Sep 2026, 15:30 GMT","sequence_badge_label":null,"sequence_count":null,"sequence_count_label":null,"sequence_frames":[],"sequence_kind":null,"source_name":"radiotelevisionmarti_com_direct","source_name_label":"Mart\u00ed Noticias Direct","source_type":"direct_api","summary":"La realidad de Cuba a trav\u00e9s del testimonio de residentes dentro de la isla, quienes actualizar\u00e1n el panorama interno de la mano de su conductora, la activista y escritora cubana Janisset Rivero.","title":"Barrio adentro","topic":"Barrio Adentro","translation_language":"","url":"https://ocb-audio-ns.akamaized.net/cu/2026/09/03/20260903-153000-cu004-program_hq.mp3","video_url":null,"youtube_conversion_active":false,"youtube_conversion_error":"","youtube_conversion_status":""},{"article_body_paragraphs":[],"audio_source_url":"https://ocb-audio-ns.akamaized.net/cu/2026/09/03/20260903-150000-cu004-program_hq.mp3","author":"Oscar El\u00edas Biscet","available_dubs":[],"downloadable_assets":["https://ocb-audio-ns.akamaized.net/cu/2026/09/03/20260903-150000-cu004-program_hq.mp3"],"duration_display":"29:59","duration_seconds":1799.0,"embed_url":null,"id":14086,"image_caption":null,"image_url":"https://gdb.martinoticias.com/01000000-0aff-0242-2f63-08dbcb434ef2_mw2048_mh2048_n.png","is_clip":false,"is_youtube_embed":false,"item_type":"audio","item_type_label":"Audio","language_label":"Espa\u00f1ol","media_credit":"OCB","micro_label":"Audio program","micro_label_kind":"audio","network_label":"Mart\u00ed Noticias","network_logo_url":"/static/uploads/direct_network_logos/ocb_0888427dcb1d.svg","published_at":"2026-09-03T15:00:00","published_at_display":"3 Sep 2026, 15:00 GMT","sequence_badge_label":null,"sequence_count":null,"sequence_count_label":null,"sequence_frames":[],"sequence_kind":null,"source_name":"radiotelevisionmarti_com_direct","source_name_label":"Mart\u00ed Noticias Direct","source_type":"direct_api","summary":"El reconocido opositor cubano Dr. Oscar El\u00edas Biscet aborda la situaci\u00f3n de los derechos humanos en Cuba y la conquista de las libertades b\u00e1sicas de los cubanos, bajo el precepto de que \u201csi aprendes a ser libre, todos los seremos\u201d. Correo Electr\u00f3nico: lawtonlibremarti@gmail.com","title":"Lawton Libre","topic":"Lawton Libre","translation_language":"","url":"https://ocb-audio-ns.akamaized.net/cu/2026/09/03/20260903-150000-cu004-program_hq.mp3","video_url":null,"youtube_conversion_active":false,"youtube_conversion_error":"","youtube_conversion_status":""},{"article_body_paragraphs":[],"audio_source_url":null,"author":"Redacci\u00f3n Mart\u00ed Noticias","available_dubs":[],"downloadable_assets":["https://gdb.martinoticias.com/fd6ee76f-d08a-42ad-9e4f-7c769197878e_w1600_r1_n_s.jpg"],"duration_display":"0:00","duration_seconds":null,"embed_url":null,"id":14066,"image_caption":"El vicepresidente de EEUU JD Vance (izq.) saluda al secretario de Estado Marco Rubio durante el lanzamiento de \"The Foundry School\", en el Instituto de la Paz Donald J. Trump, en Washington, DC.","image_url":"https://gdb.martinoticias.com/fd6ee76f-d08a-42ad-9e4f-7c769197878e_w1600_r1_n_s.jpg","is_clip":false,"is_youtube_embed":false,"item_type":"article","item_type_label":"Article","language_label":"Espa\u00f1ol","media_credit":"Redacci\u00f3n Mart\u00ed Noticias","micro_label":"Photo","micro_label_kind":"gallery","network_label":"Mart\u00ed Noticias","network_logo_url":"/static/uploads/direct_network_logos/ocb_0888427dcb1d.svg","published_at":"2026-09-03T14:59:52","published_at_display":"3 Sep 2026, 14:59 GMT","sequence_badge_label":null,"sequence_count":null,"sequence_count_label":null,"sequence_frames":[],"sequence_kind":null,"source_name":"radiotelevisionmarti_com_rss","source_name_label":"Mart\u00ed Noticias RSS","source_type":"rss","summary":"El vicepresidente de Estados Unidos, JD Vance, afirm\u00f3 este jueves que el pa\u00eds necesita recuperar su capacidad manufacturera y reinvertir en los trabajadores estadounidenses. \u201cLa seguridad industrial es seguridad nacional\u201d, dijo Vance durante el lanzamiento de Foundry School, un programa nacional de formaci\u00f3n para sectores industriales avanzados celebrado en el Instituto de Paz Donald J. Trump, en Washington DC. \u201cNecesitamos reindustrializar Estados Unidos\u201d, afirm\u00f3. \u201cTenemos que reconstruir nuestro pa\u00eds y no podemos hacerlo sin reinvertir en los trabajadores estadounidenses\u201d. Foundry School es un proyecto de Pax Silica, iniciativa multilateral del Departamento de Estado dirigida a fortalecer las cadenas de suministro de materiales cr\u00edticos, energ\u00eda, inteligencia artificial y semiconductores. El programa capacitar\u00e1 a emprendedores, ingenieros, t\u00e9cnicos y l\u00edderes industriales para empleos en \u00e1reas como la fabricaci\u00f3n de semiconductores, la defensa y la energ\u00eda. El secretario de Estado, Marco Rubio, quien tambi\u00e9n particip\u00f3 en el lanzamiento, advirti\u00f3 que Estados Unidos mantiene una \u201cdependencia peligrosa\u201d de otras naciones, no solo en el \u00e1mbito econ\u00f3mico, sino tambi\u00e9n para \u201cnuestra seguridad nacional y nuestra propia supervivencia como naci\u00f3n pr\u00f3spera\u201d. \u201cAhora debemos intentar revertir esos errores; ser\u00e1 una tarea que abarque varias administraciones, pero comienza aqu\u00ed y ahora, con esta\u201d, apunt\u00f3 Rubio. La iniciativa forma parte de la pol\u00edtica de la administraci\u00f3n de Donald Trump para trasladar producci\u00f3n y cadenas de suministro estrat\u00e9gicas a territorio estadounidense. Trump ha vinculado anteriormente la capacidad industrial con la seguridad del pa\u00eds. En una proclamaci\u00f3n por el D\u00eda Nacional de la Manufactura de 2025, afirm\u00f3 que la fortaleza de Estados Unidos \u201cdescansa en la fortaleza de nuestras industrias y la determinaci\u00f3n de nuestros trabajadores\u201d.","title":"Vance y Rubio alertan sobre dependencia exterior y apuestan por recuperar producci\u00f3n en EEUU","topic":null,"translation_language":"","url":"https://www.martinoticias.com/a/vance-y-rubio-alertan-sobre-dependencia-exterior-y-apuestan-por-recuperar-producci%c3%b3n-en-eeuu/476883.html","video_url":null,"youtube_conversion_active":false,"youtube_conversion_error":"","youtube_conversion_status":""},{"article_body_paragraphs":[],"audio_source_url":null,"author":"Redacci\u00f3n Mart\u00ed Noticias","available_dubs":[],"downloadable_assets":["https://gdb.martinoticias.com/16095a97-4b31-42f2-8399-984320979f11_cx11_cy6_cw88_w1600_r1_n_s.jpg"],"duration_display":"0:00","duration_seconds":null,"embed_url":null,"id":14068,"image_caption":"El expiloto de guerra cubano Luis Ra\u00fal Gonz\u00e1lez Pardo Rodr\u00edguez (izq.), acusado en en el caso del asesinato de cuatro pilotos de Hermanos al Rescate.","image_url":"https://gdb.martinoticias.com/16095a97-4b31-42f2-8399-984320979f11_cx11_cy6_cw88_w1600_r1_n_s.jpg","is_clip":false,"is_youtube_embed":false,"item_type":"article","item_type_label":"Article","language_label":"Espa\u00f1ol","media_credit":"Redacci\u00f3n Mart\u00ed Noticias","micro_label":"Photo","micro_label_kind":"gallery","network_label":"Mart\u00ed Noticias","network_logo_url":"/static/uploads/direct_network_logos/ocb_0888427dcb1d.svg","published_at":"2026-09-03T14:46:58","published_at_display":"3 Sep 2026, 14:46 GMT","sequence_badge_label":null,"sequence_count":null,"sequence_count_label":null,"sequence_frames":[],"sequence_kind":null,"source_name":"radiotelevisionmarti_com_rss","source_name_label":"Mart\u00ed Noticias RSS","source_type":"rss","summary":"La Fiscal\u00eda Federal de EEUU confirm\u00f3 este mi\u00e9rcoles que no buscar\u00e1 la pena de muerte contra el expiloto de la Fuerza A\u00e9rea cubana Luis Ra\u00fal Gonz\u00e1lez Pardo Rodr\u00edguez, acusado junto a el exgobernante Ra\u00fal Castro y otros exmilitares de la isla en el caso del derribo de las avionetas de Hermanos al Rescate en 1996. Los fiscales ratificaron ante el tribunal que no solicitar\u00e1n la pena capital contra el acusado. Gonz\u00e1lez Pardo todav\u00eda enfrenta cargos por conspiraci\u00f3n para asesinar a ciudadanos estadounidenses, un delito por el cual podr\u00eda ser condenado a cadena perpetua si es declarado culpable, report\u00f3 la televisora hispana Telemundo 51. Durante la audiencia de seguimiento celebrada en la Corte Federal de Miami, el juez determin\u00f3 que el proceso continuar\u00e1 sin una fecha definitiva para el inicio del juicio debido a complicaciones con el manejo de informaci\u00f3n clasificada de seguridad nacional. Al final de la audiencia, el magistrado orden\u00f3 un receso y fij\u00f3 la pr\u00f3xima vista de seguimiento en un plazo de 60 d\u00edas. Seg\u00fan la acusaci\u00f3n federal, Gonz\u00e1lez-Pardo particip\u00f3 en la operaci\u00f3n militar cubana que culmin\u00f3 con el derribo de dos aeronaves civiles de la organizaci\u00f3n Hermanos al Rescate el 24 de febrero de 1996 sobre el Estrecho de la Florida. En el incidente murieron los ciudadanos estadounidenses Armando Alejandre Jr., Carlos Costa y Mario de la Pe\u00f1a, as\u00ed como Pablo Morales, residente permanente legal en EEUU. La acusaci\u00f3n presentada en el Distrito Sur de Florida en mayo pasado incluye a Ra\u00fal Modesto Castro Ruz, exgobernante cubano y exministro de las Fuerzas Armadas de Cuba, considerado el autor intelectual; Lorenzo Alberto P\u00e9rez P\u00e9rez, piloto del MiG-29 se\u00f1alado como quien derrib\u00f3 las dos avionetas, y los tambi\u00e9n pilotos de la Fuerza A\u00e9rea Cubana Emilio Jos\u00e9 Palacio Blanco, Jos\u00e9 Fidel Gual Barzaga, Ra\u00fal Simanca C\u00e1rdenas y Pardo Rodr\u00edguez. El expediente penal contiene una cantidad sustancial de material clasificado y confidencial del Gobierno estadounidense. La Fiscal\u00eda ya entreg\u00f3 un primer lote de pruebas sin restricciones de seguridad, pero se encuentra procesando un segundo paquete de documentos, precis\u00f3 Telemundo 51.","title":"Fiscal\u00eda descarta pena de muerte en juicio contra expiloto cubano por caso de Hermanos al Rescate","topic":null,"translation_language":"","url":"https://www.martinoticias.com/a/fiscal%c3%ada-descarta-pena-de-muerte-en-juicio-contra-expiloto-cubano-por-caso-de-hermanos-al-rescate/476882.html","video_url":null,"youtube_conversion_active":false,"youtube_conversion_error":"","youtube_conversion_status":""},{"article_body_paragraphs":[],"audio_source_url":"https://ocb-audio-ns.akamaized.net/cu/2026/09/03/20260903-140000-cu004-program.mp3","author":null,"available_dubs":[],"downloadable_assets":["https://ocb-audio-ns.akamaized.net/cu/2026/09/03/20260903-140000-cu004-program.mp3"],"duration_display":"59:59","duration_seconds":3599.0,"embed_url":null,"id":14063,"image_caption":null,"image_url":"https://gdb.martinoticias.com/1d24f0db-a2ce-4972-643e-08de3c08cd61_w1200_h630.png","is_clip":false,"is_youtube_embed":false,"item_type":"audio","item_type_label":"Audio","language_label":"Espa\u00f1ol","media_credit":null,"micro_label":"Audio program","micro_label_kind":"audio","network_label":"Mart\u00ed Noticias","network_logo_url":"/static/uploads/direct_network_logos/ocb_0888427dcb1d.svg","published_at":"2026-09-03T14:00:00","published_at_display":"3 Sep 2026, 14:00 GMT","sequence_badge_label":null,"sequence_count":null,"sequence_count_label":null,"sequence_frames":[],"sequence_kind":null,"source_name":"ocb_spanish_audio_html_scrape_1061","source_name_label":"Mart\u00ed Noticias \u00b7 Foro abierto","source_type":"scrape","summary":"Noticias, an\u00e1lisis, opini\u00f3n y entrevistas. El pulso pol\u00edtico e informativo con Andr\u00e9s Reynaldo y Miguel Coss\u00edo.","title":"Foro abierto","topic":"Foro abierto","translation_language":"","url":"https://www.martinoticias.com/a/475817.html","video_url":null,"youtube_conversion_active":false,"youtube_conversion_error":"","youtube_conversion_status":""},{"article_body_paragraphs":[],"audio_source_url":null,"author":"Yolanda Huerga","available_dubs":[],"downloadable_assets":["https://gdb.martinoticias.com/277c1c47-018d-465a-0428-08decd63a0c8_w1600_r1_n_s.jpg"],"duration_display":"0:00","duration_seconds":null,"embed_url":null,"id":13973,"image_caption":"Protesta frente al Gran Teatro del Liceo de Barcelona.","image_url":"https://gdb.martinoticias.com/277c1c47-018d-465a-0428-08decd63a0c8_w1600_r1_n_s.jpg","is_clip":false,"is_youtube_embed":false,"item_type":"article","item_type_label":"Article","language_label":"Espa\u00f1ol","media_credit":"Yolanda Huerga","micro_label":"Photo","micro_label_kind":"gallery","network_label":"Mart\u00ed Noticias","network_logo_url":"/static/uploads/direct_network_logos/ocb_0888427dcb1d.svg","published_at":"2026-09-03T12:54:04","published_at_display":"3 Sep 2026, 12:54 GMT","sequence_badge_label":null,"sequence_count":null,"sequence_count_label":null,"sequence_frames":[],"sequence_kind":null,"source_name":"radiotelevisionmarti_com_rss","source_name_label":"Mart\u00ed Noticias RSS","source_type":"rss","summary":"La llegada del cantautor cubano Silvio Rodr\u00edguez a Espa\u00f1a desencaden\u00f3 protestas de rechazo por parte de sectores del exilio de la isla. Alrededor de una decena de manifestantes se congregaron a las puertas del emblem\u00e1tico Gran Teatre del Liceu, en Las Ramblas de Barcelona, para protestar contra la presentaci\u00f3n del trovador, en el marco del inicio de su gira por ocho ciudades del pa\u00eds ib\u00e9rico. Idalmis Men\u00e9ndez, una de las participantes en la movilizaci\u00f3n, dijo a Mart\u00ed Noticias que ten\u00edan como \u201cobjetivo expresar el rechazo a la actuaci\u00f3n de Silvio Rodr\u00edguez, un artista estrechamente vinculado durante d\u00e9cadas al r\u00e9gimen cubano\u201d. Barcelona destaca por ser una de las provincias que alberga a una de las comunidades cubanas m\u00e1s numerosas del territorio espa\u00f1ol. Men\u00e9ndez explic\u00f3 que la baja concurrencia a la demostraci\u00f3n respondi\u00f3 a que coincidi\u00f3 con el inicio de la jornada laboral el 1 de septiembre y el fin del per\u00edodo vacacional de verano. A pesar del reducido grupo, los manifestantes buscaron concientizar a los transe\u00fantes y turistas recurriendo a paralelismos hist\u00f3ricos. Para explicar la significaci\u00f3n de Rodr\u00edguez para la oposici\u00f3n, compararon la situaci\u00f3n de Cuba con la dictadura de Francisco Franco en Espa\u00f1a, y citaron el caso del cantautor espa\u00f1ol V\u00edctor Manuel. Men\u00e9ndez se\u00f1al\u00f3 que el rechazo hacia el artista se debe a su apoyo hist\u00f3rico a las decisiones del gobierno cubano, recordando su firma en cartas abiertas a favor de los fusilamientos de 2003, la ola de arrestos de la Primavera Negra ese mismo a\u00f1o y la represi\u00f3n tras las masivas protestas del 11 de julio de 2021. Sin embargo, la postura del trovador respecto a estos \u00faltimos acontecimientos ha generado debate por su dualidad: D\u00edas despu\u00e9s de las manifestaciones de 2021, Rodr\u00edguez expres\u00f3 en su blog personal Segunda Cita que deb\u00edan revisarse los casos de los detenidos y otorgarse la libertad a quienes ejercieron su derecho sin recurrir a la violencia. Posteriormente, en marzo de 2022, el cantautor calific\u00f3 como injustas y excesivas varias de las condenas impuestas por los tribunales cubanos a los manifestantes. \u201cHay un elemento relevante para contextualizar el concierto: Silvio Rodr\u00edguez ha actuado hist\u00f3ricamente en estadios y anfiteatros con aforos cercanos a las 10 mil personas, mientras que en Barcelona se present\u00f3 en el Liceu, con 2.292 localidades\u201d, apunt\u00f3 Men\u00e9ndez. \u201cSeg\u00fan la informaci\u00f3n de la que disponemos, buena parte de las entradas habr\u00eda sido gestionada por organizaciones de la izquierda catalana y distribuida entre sus simpatizantes. Tambi\u00e9n fue llamativa la escasa presencia de p\u00fablico cubano\u201d, agreg\u00f3. Durante la jornada en las inmediaciones del Liceu se registraron momentos de tensi\u00f3n y descalificativos mutuos. Los activistas se enfrentaron verbalmente con un grupo de contramanifestantes vinculados al consulado cubano y a la organizaci\u00f3n de extrema izquierda Defensem Cuba , escenario que requiri\u00f3 la intervenci\u00f3n de agentes de la polic\u00eda para establecer un cord\u00f3n de seguridad. Las acciones contra la presencia del m\u00fasico no se limitar\u00e1n a la capital catalana. El activista L\u00e1zaro Mireles anunci\u00f3 que el exilio ha convocado m\u00e1s de una decena de protestas que acompa\u00f1ar\u00e1n las pr\u00f3ximas fechas del artista en suelo espa\u00f1ol. \"Hemos convocado m\u00e1s de 10 protestas durante los pr\u00f3ximos conciertos de Silvio Rodr\u00edguez aqu\u00ed en Espa\u00f1a y adem\u00e1s en Madrid hemos solicitado formalmente que se le declare ' persona non grata' \", afirm\u00f3 Mireles, subrayando que el objetivo es situar en el debate p\u00fablico el papel de los artistas cercanos al r\u00e9gimen y llamar a la movilizaci\u00f3n de la comunidad cubana en el exterior.","title":"Protestas en Barcelona marcan el inicio de la gira de Silvio Rodr\u00edguez por Espa\u00f1a","topic":null,"translation_language":"","url":"https://www.martinoticias.com/a/protestas-en-barcelona-marcan-el-inicio-de-la-gira-de-silvio-rodr%c3%adguez-por-espa%c3%b1a/476831.html","video_url":null,"youtube_conversion_active":false,"youtube_conversion_error":"","youtube_conversion_status":""},{"article_body_paragraphs":[],"audio_source_url":null,"author":"Jany Gonz\u00e1lez","available_dubs":[],"downloadable_assets":["https://gdb.martinoticias.com/bed47bd9-ac76-47b4-042a-08decd63a0c8_cx0_cy9_cw0_w1600_r1_n_s.jpg"],"duration_display":"0:00","duration_seconds":null,"embed_url":null,"id":13951,"image_caption":"Una raci\u00f3n diaria de pan en Cuba.","image_url":"https://gdb.martinoticias.com/bed47bd9-ac76-47b4-042a-08decd63a0c8_cx0_cy9_cw0_w1600_r1_n_s.jpg","is_clip":false,"is_youtube_embed":false,"item_type":"article","item_type_label":"Article","language_label":"Espa\u00f1ol","media_credit":"Jany Gonz\u00e1lez","micro_label":"Photo","micro_label_kind":"gallery","network_label":"Mart\u00ed Noticias","network_logo_url":"/static/uploads/direct_network_logos/ocb_0888427dcb1d.svg","published_at":"2026-09-03T12:32:07","published_at_display":"3 Sep 2026, 12:32 GMT","sequence_badge_label":null,"sequence_count":null,"sequence_count_label":null,"sequence_frames":[],"sequence_kind":null,"source_name":"radiotelevisionmarti_com_rss","source_name_label":"Mart\u00ed Noticias RSS","source_type":"rss","summary":"Comer en Cuba se ha convertido en una lucha diaria: encontrar alimentos, reunir el dinero para pagarlos y cocinarlos antes del pr\u00f3ximo apag\u00f3n. En medio de una crisis que golpea con mayor fuerza a las familias vulnerables, varias madres aseguran que dejan de comer para poder alimentar a sus hijos. \u201cNo me alcanzaba media libra de arroz y la compart\u00ed entre ellos. Yo me acost\u00e9 simplemente con un vaso de agua. Muchas veces nos hemos acostado hasta con un vaso de agua con az\u00facar\u201d, relat\u00f3 una madre cubana a Mart\u00ed Noticias. Otra mujer describi\u00f3 el sacrificio en t\u00e9rminos similares: \u201cYo prefiero que mi hijo se acueste con la barriga llena, aunque yo me acueste con un vaso de agua. No importa\u201d. Los testimonios muestran una realidad que se repite en numerosos hogares de la isla: madres que reducen sus porciones, eliminan comidas o pasan la noche sin alimentarse para proteger a sus hijos. Las consecuencias ya se reflejan en su salud. \u201cPesaba 64 kilos y estoy pesando 49\u201d, cont\u00f3 una madre de cuatro hijos. Para algunas familias, sentarse ante un plato completo de comida se ha convertido en algo excepcional. Otra entrevistada explic\u00f3 que comparte en una misma bandeja lo poco que logra conseguir. \u201cEn una bandeja comemos los tres, nos unimos. Nunca he pensado comer as\u00ed un plato de comida, un manjar, no\u201d, afirm\u00f3. Organismos internacionales advierten sobre la alimentaci\u00f3n La situaci\u00f3n tambi\u00e9n aparece reflejada en evaluaciones de organismos internacionales. El nuevo Plan Estrat\u00e9gico para Cuba 2026-2030 del Programa Mundial de Alimentos reconoce que la dieta promedio de las familias cubanas es inadecuada. UNICEF, por su parte, ha advertido sobre una situaci\u00f3n de vulnerabilidad alimentaria y nutricional, con un aumento de la anemia y otras deficiencias que representan un riesgo mayor para los ni\u00f1os durante sus primeros a\u00f1os de vida. El arroz, base de la dieta del cubano, se ha convertido en un lujo en muchos hogares. A esas advertencias se suman los resultados de investigaciones independientes. La encuesta \u201cEn Cuba hay hambre 2025\u201d, realizada por Food Monitor Program y Cuido60 a partir de 2.513 entrevistados en todas las provincias, revel\u00f3 que el 33,9 % de los hogares consultados tuvo al menos una persona que se acost\u00f3 sin comer alguna vez durante los 30 d\u00edas anteriores. Otros estudios indican que ocho de cada diez cubanos se vieron obligados a eliminar alguna comida por falta de dinero o alimentos. La cifra incluye a personas que dejaron de desayunar, almorzar o comer ante la imposibilidad de cubrir el costo de los productos b\u00e1sicos. Los apagones tambi\u00e9n destruyen alimentos La crisis el\u00e9ctrica agrava todav\u00eda m\u00e1s el problema. Cerca de la mitad de los encuestados por estas organizaciones independientes afirm\u00f3 haber perdido alimentos por los apagones, mientras el 80,4 % report\u00f3 dificultades para preparar la comida debido a las interrupciones del servicio. Sin electricidad para refrigerar, algunas familias deben hervir o cocinar inmediatamente todo lo que consiguen para evitar que se descomponga. Cubanos cocinan con le\u00f1a en la calle en medio del apag\u00f3n. \u201cTuve que descuerar el pollo para sacarle la grasita, hervirlo todo para que no se echara a perder y com\u00e9rmelo todo\u201d, explic\u00f3 la madre de cuatro hijos. Los cortes el\u00e9ctricos obligan as\u00ed a consumir en pocas horas alimentos que deber\u00edan durar varios d\u00edas, lo que reduce a\u00fan m\u00e1s las reservas familiares y aumenta los gastos en hogares donde buena parte de los ingresos ya se destina a la comida. Pese a la gravedad de los testimonios y los resultados de las investigaciones, Naciones Unidas no ha declarado oficialmente una hambruna en Cuba. Para aplicar esa clasificaci\u00f3n deben comprobarse simult\u00e1neamente niveles extremos de falta de alimentos, desnutrici\u00f3n infantil aguda y mortalidad relacionada con el hambre. En Cuba no existen suficientes datos p\u00fablicos, actualizados y verificables para medir de forma independiente esos tres indicadores. Sin embargo, los testimonios muestran una emergencia cotidiana que no siempre aparece en las estad\u00edsticas: madres que pierden peso, familias que comparten una bandeja y hogares donde un vaso de agua sustituye la \u00faltima comida del d\u00eda.","title":"\u201cEn una bandeja comemos los tres\u201d: el hambre golpea a las familias cubanas (VIDEO)","topic":null,"translation_language":"","url":"https://www.martinoticias.com/a/en-una-bandeja-comemos-los-tres-el-hambre-golpea-a-las-familias-cubanas-video/476811.html","video_url":null,"youtube_conversion_active":false,"youtube_conversion_error":"","youtube_conversion_status":""},{"article_body_paragraphs":[],"audio_source_url":null,"author":"Mario J. Pent\u00f3n","available_dubs":[],"downloadable_assets":["https://gdb.martinoticias.com/702F4345-D549-415D-98F4-782754A5A65D_cx0_cy10_cw0_w1600_r1_n_s.jpg"],"duration_display":"0:00","duration_seconds":null,"embed_url":null,"id":13953,"image_caption":"Banderas de Cuba y EEUU cuelgan en un balc\u00f3n de La Habana.","image_url":"https://gdb.martinoticias.com/702F4345-D549-415D-98F4-782754A5A65D_cx0_cy10_cw0_w1600_r1_n_s.jpg","is_clip":false,"is_youtube_embed":false,"item_type":"article","item_type_label":"Article","language_label":"Espa\u00f1ol","media_credit":"Mario J. Pent\u00f3n","micro_label":"Photo","micro_label_kind":"gallery","network_label":"Mart\u00ed Noticias","network_logo_url":"/static/uploads/direct_network_logos/ocb_0888427dcb1d.svg","published_at":"2026-09-03T12:07:25","published_at_display":"3 Sep 2026, 12:07 GMT","sequence_badge_label":null,"sequence_count":null,"sequence_count_label":null,"sequence_frames":[],"sequence_kind":null,"source_name":"radiotelevisionmarti_com_rss","source_name_label":"Mart\u00ed Noticias RSS","source_type":"rss","summary":"El Departamento de Estado asegur\u00f3 que las conversaciones entre Estados Unidos y Cuba contin\u00faan, contradiciendo la versi\u00f3n ofrecida por La Habana de que el di\u00e1logo bilateral est\u00e1 completamente paralizado y que actualmente no existen negociaciones entre ambos pa\u00edses. \u201cEn realidad, las conversaciones contin\u00faan y, hasta ahora, el r\u00e9gimen no ha estado dispuesto a aceptar nada que pueda ayudar al pueblo cubano y que, en \u00faltima instancia, amenace su control total\u201d, declar\u00f3 a Mart\u00ed Noticias un portavoz del Departamento de Estado. La reacci\u00f3n se produce despu\u00e9s de que Lianys Torres Rivera, m\u00e1xima representante diplom\u00e1tica de Cuba en Washington, afirmara en una entrevista con Bloomberg que el canal de di\u00e1logo estaba \u201ccompletamente estancado\u201d y que las partes ni siquiera hab\u00edan logrado acordar una agenda b\u00e1sica. Para el Departamento de Estado, esas declaraciones forman parte de la narrativa propagand\u00edstica de La Habana. \u201cNo nos sorprende que el r\u00e9gimen cubano est\u00e9 difundiendo esta propaganda\u201d, se\u00f1al\u00f3 el portavoz. La confirmaci\u00f3n de que existen conversaciones abiertas plantea nuevas interrogantes sobre el alcance, el nivel y los asuntos abordados en esos contactos. Washington no precis\u00f3 qui\u00e9nes participan en ellos, cu\u00e1ndo fue el encuentro m\u00e1s reciente ni si se trata de negociaciones formales o de comunicaciones discretas entre representantes de ambos gobiernos. Trump mantiene \u201cmuchas opciones\u201d sobre la mesa El portavoz se\u00f1al\u00f3 que el presidente Donald Trump dispone de diferentes alternativas para responder a la situaci\u00f3n cubana y presionar por transformaciones pol\u00edticas y econ\u00f3micas dentro de la Isla. \u201cComo ocurre con cualquier asunto de pol\u00edtica exterior, el presidente Trump tiene muchas opciones a su disposici\u00f3n\u201d, afirm\u00f3. \u201cEl Gobierno de Estados Unidos continuar\u00e1 utilizando todas las herramientas disponibles para enfrentar las amenazas a la seguridad nacional que representa el r\u00e9gimen comunista cubano y para impulsar las reformas econ\u00f3micas y pol\u00edticas que permitan a Cuba tener un futuro mejor\u201d, agreg\u00f3. Seg\u00fan el funcionario, la estrategia de la Casa Blanca no se limita a castigar al r\u00e9gimen cubano, sino que busca forzar cambios estructurales que permitan la expansi\u00f3n del sector privado y la recuperaci\u00f3n econ\u00f3mica del pa\u00eds. \u201cEl presidente Trump contin\u00faa ejerciendo presi\u00f3n para impulsar reformas econ\u00f3micas y pol\u00edticas mucho m\u00e1s profundas que hagan de Cuba un pa\u00eds donde sea posible invertir, permitan que las empresas privadas crezcan de una manera que ayude a la Isla a desarrollarse y recuperarse, y otorguen al pueblo cubano la libertad, la dignidad y las oportunidades que merece\u201d, sostuvo. Washington ofreci\u00f3 combustible si Cuba privatiza el sector energ\u00e9tico El Departamento de Estado revel\u00f3 adem\u00e1s que la Administraci\u00f3n Trump present\u00f3 al Gobierno cubano opciones para recibir ayuda humanitaria y combustible, condicionadas a una apertura del sector energ\u00e9tico a la gesti\u00f3n privada. \u201cLa Administraci\u00f3n Trump ha ofrecido al r\u00e9gimen opciones claras para recibir asistencia humanitaria, distribuida mediante canales apropiados, y combustible si privatiza la industria energ\u00e9tica\u201d, dijo el portavoz. \u201cPero, lamentablemente, contin\u00faa priorizando el control estatal sobre el bienestar del pueblo cubano\u201d, a\u00f1adi\u00f3. La propuesta adquiere especial relevancia en medio de la severa crisis energ\u00e9tica que atraviesa la Isla, marcada por apagones prolongados, centrales termoel\u00e9ctricas deterioradas y una grave escasez de combustible. La embajadora cubana dice lo contrario La representante cubana en Washington atribuy\u00f3 la crisis a la pol\u00edtica estadounidense de m\u00e1xima presi\u00f3n y asegur\u00f3 que Cuba hab\u00eda recibido apenas un cargamento de combustible en 200 d\u00edas. Torres calific\u00f3 las restricciones como un \u201ccastigo colectivo\u201d y una \u201cguerra sin bombas\u201d. El Departamento de Estado rechaz\u00f3 esa interpretaci\u00f3n y responsabiliz\u00f3 directamente a las autoridades cubanas. \u201cLa crisis energ\u00e9tica es el resultado directo de la incompetencia del r\u00e9gimen cubano\u201d, afirm\u00f3 el portavoz. \u201cLos cubanos de a pie han soportado apagones durante a\u00f1os, mientras el r\u00e9gimen ileg\u00edtimo se concentraba en almacenar combustible para sus \u00e9lites y revenderlo en Asia para obtener ganancias en efectivo\u201d. Ayuda humanitaria y l\u00e1mparas solares El portavoz tambi\u00e9n ofreci\u00f3 detalles sobre la ayuda humanitaria enviada a Cuba en julio. Seg\u00fan explic\u00f3, la entrega incluy\u00f3 paquetes de alimentos no perecederos, productos esenciales de higiene y l\u00e1mparas solares capaces de cargar tel\u00e9fonos celulares y otros dispositivos m\u00f3viles. \u201cLa Administraci\u00f3n Trump mantiene su compromiso de ayudar al pueblo cubano mientras contin\u00faa sobreviviendo bajo un r\u00e9gimen ileg\u00edtimo\u201d, declar\u00f3. El Departamento de Estado anunci\u00f3 p\u00fablicamente en julio el env\u00edo del primer vuelo de asistencia humanitaria a Cuba como parte de un compromiso de 100 millones de d\u00f3lares impulsado por el secretario de Estado Marco Rubio y ejecutado con la colaboraci\u00f3n de Catholic Relief Services. Washington insiste en que la asistencia debe distribuirse mediante organizaciones independientes y canales que eviten el control de las autoridades cubanas. Acusaciones de corrupci\u00f3n y \u201ccleptocracia\u201d El Departamento de Estado elev\u00f3 adem\u00e1s el tono contra la c\u00fapula gobernante, a la que responsabiliz\u00f3 por d\u00e9cadas de deterioro econ\u00f3mico y por destinar los recursos del pa\u00eds al aparato militar, de inteligencia y propaganda. \u201cEl fracasado r\u00e9gimen cubano contin\u00faa culpando a Estados Unidos y a todos los dem\u00e1s por su propia incompetencia y corrupci\u00f3n\u201d, manifest\u00f3 el portavoz. \u201cEl pueblo cubano est\u00e1 sufriendo, como lo ha hecho durante siete d\u00e9cadas, mientras los Castro viajan en su avi\u00f3n privado, exhiben sus art\u00edculos de lujo ante medios extranjeros complacientes y utilizan el escaso combustible y los recursos disponibles en sus aparatos de inteligencia, militares y propagand\u00edsticos, en lugar de destinarlos a los cubanos comunes\u201d, agreg\u00f3. La fuente sostuvo que la ra\u00edz de la crisis se encuentra en \u201cla evidente cleptocracia y la mala gesti\u00f3n econ\u00f3mica del r\u00e9gimen\u201d y acus\u00f3 a la \u00e9lite gobernante de mantener miles de millones de d\u00f3lares en cuentas bancarias fuera de Cuba. \u201cEsconden miles de millones en cuentas bancarias en el extranjero en vez de invertir en electricidad, infraestructura, mantenimiento responsable y las necesidades cotidianas de su pueblo\u201d, afirm\u00f3. El portavoz defendi\u00f3 las restricciones financieras de Washington al se\u00f1alar que est\u00e1n dirigidas contra entidades controladas por los servicios de seguridad cubanos. \u201cNuestra firme pol\u00edtica hacia Cuba restringe las transacciones financieras con entidades propiedad o bajo el control de los servicios de seguridad cubanos, con el objetivo de impedir que el r\u00e9gimen acceda a recursos utilizados para enriquecerse y reprimir violentamente al pueblo cubano\u201d, concluy\u00f3.","title":"EEUU desmiente a Cuba: el di\u00e1logo sigue, y acusa al r\u00e9gimen de bloquear acuerdos","topic":null,"translation_language":"","url":"https://www.martinoticias.com/a/eeuu-desmiente-a-cuba-el-di%c3%a1logo-sigue-y-acusa-al-r%c3%a9gimen-de-bloquear-acuerdos/476878.html","video_url":null,"youtube_conversion_active":false,"youtube_conversion_error":"","youtube_conversion_status":""},{"article_body_paragraphs":[],"audio_source_url":"https://ocb-audio-ns.akamaized.net/cu/2026/09/03/20260903-120000-cu004-program.mp3","author":null,"available_dubs":[],"downloadable_assets":["https://ocb-audio-ns.akamaized.net/cu/2026/09/03/20260903-120000-cu004-program.mp3"],"duration_display":"1:59:59","duration_seconds":7199.0,"embed_url":null,"id":14017,"image_caption":null,"image_url":"https://gdb.martinoticias.com/01000000-0a00-0242-bdd1-08dbc11b65e6_w1200_h630.jpg","is_clip":false,"is_youtube_embed":false,"item_type":"audio","item_type_label":"Audio","language_label":"Espa\u00f1ol","media_credit":null,"micro_label":"Audio program","micro_label_kind":"audio","network_label":"Mart\u00ed Noticias","network_logo_url":"/static/uploads/direct_network_logos/ocb_0888427dcb1d.svg","published_at":"2026-09-03T12:00:00","published_at_display":"3 Sep 2026, 12:00 GMT","sequence_badge_label":null,"sequence_count":null,"sequence_count_label":null,"sequence_frames":[],"sequence_kind":null,"source_name":"ocb_spanish_audio_html_scrape_668","source_name_label":"Mart\u00ed Noticias \u00b7 Mart\u00ed Noticias A.M.","source_type":"scrape","summary":"Revista informativa con los \u00faltimos acontecimientos ocurridos en Cuba y el mundo. Con entrevistas y temas de actualidad relacionados a la pol\u00edtica, la econom\u00eda y de inter\u00e9s general.","title":"Martinoticias AM","topic":"Mart\u00ed Noticias A.M.","translation_language":"","url":"https://www.martinoticias.com/a/475816.html","video_url":null,"youtube_conversion_active":false,"youtube_conversion_error":"","youtube_conversion_status":""},{"article_body_paragraphs":[],"audio_source_url":null,"author":"Mart\u00ed Noticias","available_dubs":[{"dubbed_video_url":"/static/video/direct_dubs/direct_dub_73_e7ba329a2a41.mp4","id":73,"label":"English","target_language":"en","target_language_label":"English","voice":"sage"}],"downloadable_assets":["https://ocb-video-ns.akamaized.net/pangeavideo/2026/08/9/9b/9bb3bc0b-5f8a-4e50-5a98-08decd6ea425_1080p.mp4?cb=ee2229f10"],"duration_display":"1:36","duration_seconds":96.0,"embed_url":null,"id":13935,"image_caption":null,"image_url":"https://gdb.martinoticias.com/9bb3bc0b-5f8a-4e50-5a98-08decd6ea425_tv_w1080_h608.jpg","is_clip":true,"is_youtube_embed":false,"item_type":"video","item_type_label":"Video","language_label":"Espa\u00f1ol","media_credit":"Mart\u00ed Noticias","micro_label":"Video report","micro_label_kind":"video","network_label":"Mart\u00ed Noticias","network_logo_url":"/static/uploads/direct_network_logos/ocb_0888427dcb1d.svg","published_at":"2026-09-03T11:00:00","published_at_display":"3 Sep 2026, 11:00 GMT","sequence_badge_label":null,"sequence_count":null,"sequence_count_label":null,"sequence_frames":[],"sequence_kind":null,"source_name":"ocb_spanish_video_scrape","source_name_label":"Mart\u00ed Noticias Video","source_type":"scrape","summary":"\"Muy mal\" as\u00ed califica desde Bayamo joven embarazada el servicio m\u00e9dico que recibe.","title":"Cuba Habla: \"Aqu\u00ed no hay nada en la farmancia, no hay nada\u201d","topic":"Cuba Habla, Cuba","translation_language":"","url":"https://www.martinoticias.com/a/cuba-habla-aqu%C3%AD-no-hay-nada-en-la-farmancia-no-hay-nada/476424.html","video_url":"https://ocb-video-ns.akamaized.net/pangeavideo/2026/08/9/9b/9bb3bc0b-5f8a-4e50-5a98-08decd6ea425_1080p.mp4?cb=ee2229f10","youtube_conversion_active":false,"youtube_conversion_error":"","youtube_conversion_status":""},{"article_body_paragraphs":[],"audio_source_url":"https://ocb-audio-ns.akamaized.net/cu/2026/09/03/d080752d-3a6e-447a-cff0-08decd5b38e4.mp3","author":null,"available_dubs":[],"downloadable_assets":["https://ocb-audio-ns.akamaized.net/cu/2026/09/03/d080752d-3a6e-447a-cff0-08decd5b38e4.mp3"],"duration_display":"7:43","duration_seconds":463.0,"embed_url":null,"id":13744,"image_caption":null,"image_url":"https://gdb.martinoticias.com/a76043c8-19cf-4ee8-2c38-08de3c04d4d2_w1200_h630.png","is_clip":false,"is_youtube_embed":false,"item_type":"audio","item_type_label":"Audio","language_label":"Espa\u00f1ol","media_credit":null,"micro_label":"Audio program","micro_label_kind":"audio","network_label":"Mart\u00ed Noticias","network_logo_url":"/static/uploads/direct_network_logos/ocb_0888427dcb1d.svg","published_at":"2026-09-03T03:26:26","published_at_display":"3 Sep 2026, 03:26 GMT","sequence_badge_label":null,"sequence_count":null,"sequence_count_label":null,"sequence_frames":[],"sequence_kind":null,"source_name":"ocb_spanish_audio_scrape","source_name_label":"Mart\u00ed Noticias Audio","source_type":"scrape","summary":"Develando al Castrismo.","title":"Jeffrey Bartos en la ONU","topic":"jeffrey bartos en la onu","translation_language":"","url":"https://www.martinoticias.com/a/jeffrey-bartos-en-la-onu/476879.html","video_url":null,"youtube_conversion_active":false,"youtube_conversion_error":"","youtube_conversion_status":""},{"article_body_paragraphs":[],"audio_source_url":null,"author":"Redacci\u00f3n Mart\u00ed Noticias","available_dubs":[],"downloadable_assets":["https://gdb.martinoticias.com/564f085b-56ed-4b70-0429-08decd63a0c8_w1600_r1_n_s.png"],"duration_display":"0:00","duration_seconds":null,"embed_url":null,"id":13698,"image_caption":"EEUU intercepta embarcaci\u00f3n que operaba como estaci\u00f3n flotante de reabastecimiento de combustible en apoyo de operaciones de narcotr\u00e1fico","image_url":"https://gdb.martinoticias.com/564f085b-56ed-4b70-0429-08decd63a0c8_w1600_r1_n_s.png","is_clip":false,"is_youtube_embed":false,"item_type":"article","item_type_label":"Article","language_label":"Espa\u00f1ol","media_credit":"Redacci\u00f3n Mart\u00ed Noticias","micro_label":"Photo","micro_label_kind":"gallery","network_label":"Mart\u00ed Noticias","network_logo_url":"/static/uploads/direct_network_logos/ocb_0888427dcb1d.svg","published_at":"2026-09-03T01:28:52","published_at_display":"3 Sep 2026, 01:28 GMT","sequence_badge_label":null,"sequence_count":null,"sequence_count_label":null,"sequence_frames":[],"sequence_kind":null,"source_name":"radiotelevisionmarti_com_rss","source_name_label":"Mart\u00ed Noticias RSS","source_type":"rss","summary":"Fuerzas estadounidenses interceptaron y posteriormente hundieron una embarcaci\u00f3n que funcionaba como punto flotante de abastecimiento de combustible para operaciones de narcotr\u00e1fico en aguas internacionales del Pac\u00edfico Oriental, inform\u00f3 el Comando Sur (SOUTHCOM). La operaci\u00f3n fue realizada el 2 de septiembre por la Fuerza de Tarea Conjunta del Hemisferio Occidental (JTF-WHEM), bajo la direcci\u00f3n del comandante de SOUTHCOM, general Francis L. Donovan, y en coordinaci\u00f3n con el Gobierno de Ecuador. SOUTHCOM asegur\u00f3 que informaci\u00f3n de inteligencia permiti\u00f3 determinar que la embarcaci\u00f3n prestaba apoyo a Los Choneros, organizaci\u00f3n criminal ecuatoriana a la que Estados Unidos identifica como una organizaci\u00f3n narcoterrorista. Infantes de Marina y marineros estadounidenses desplegados desde el USS San Antonio (LPD 17) interceptaron y abordaron la embarcaci\u00f3n, que posteriormente fue registrada y asegurada sin incidentes, de acuerdo con el comunicado. Las personas que se encontraban a bordo fueron rescatadas y est\u00e1n siendo entregadas a las autoridades ecuatorianas, indic\u00f3 SOUTHCOM. El Ministerio de Defensa Nacional de Ecuador confirm\u00f3 la operaci\u00f3n y se\u00f1al\u00f3 que el buque estaba vinculado al Grupo de Delincuencia Organizada Los Choneros. \u201cLa embarcaci\u00f3n, vinculada al Grupo de Delincuencia Organizada \u2018Los Choneros\u2019, serv\u00eda para sostener las operaciones criminales en el mar y fue neutralizada gracias a la acci\u00f3n de nuestro coaliado, Comando Sur de los Estados Unidos\u201d, se\u00f1al\u00f3 la instituci\u00f3n ecuatoriana. SOUTHCOM sostuvo que la interdicci\u00f3n permiti\u00f3 eliminar un punto de la cadena log\u00edstica utilizada por las redes de narcotr\u00e1fico y enmarc\u00f3 la operaci\u00f3n dentro de los objetivos de la Coalici\u00f3n Americana contra los C\u00e1rteles (A3C) y de la JTF-WHEM. \u201cEstamos tomando medidas decisivas para desmantelar y destruir las sofisticadas redes log\u00edsticas utilizadas por los narcoterroristas para traficar drogas y propagar la violencia en todo el hemisferio occidental\u201d, afirm\u00f3 Donovan.","title":"EEUU y Ecuador desmantelan punto flotante de combustible para narcotr\u00e1fico en el Pac\u00edfico Oriental","topic":null,"translation_language":"","url":"https://www.martinoticias.com/a/eeuu-y-ecuador-desmantelan-punto-flotante-de-combustible-para-narcotr%c3%a1fico-en-el-pac%c3%adfico-oriental/476877.html","video_url":null,"youtube_conversion_active":false,"youtube_conversion_error":"","youtube_conversion_status":""},{"article_body_paragraphs":[],"audio_source_url":"https://ocb-audio-ns.akamaized.net/cu/2026/09/02/6d3998f5-0542-4d77-bc81-08def2b1d8dc_hq.mp3","author":"Ivette Pacheco","available_dubs":[],"downloadable_assets":["https://ocb-audio-ns.akamaized.net/cu/2026/09/02/6d3998f5-0542-4d77-bc81-08def2b1d8dc_hq.mp3","https://gdb.martinoticias.com/80962E7F-2145-4DED-99F3-469F149994FA_cx0_cy9_cw0_w1600_r1_n_s.jpg"],"duration_display":"3:00","duration_seconds":180.0,"embed_url":null,"id":13701,"image_caption":"Tendido el\u00e9ctrico en Guant\u00e1namo, Cuba. Foto Archivo REUTERS/Carlos Barria/File Photo","image_url":"https://gdb.martinoticias.com/80962E7F-2145-4DED-99F3-469F149994FA_cx0_cy9_cw0_w1600_r1_n_s.jpg","is_clip":false,"is_youtube_embed":false,"item_type":"audio","item_type_label":"Audio","language_label":"Espa\u00f1ol","media_credit":"Ivette Pacheco","micro_label":"Audio program","micro_label_kind":"audio","network_label":"Mart\u00ed Noticias","network_logo_url":"/static/uploads/direct_network_logos/ocb_0888427dcb1d.svg","published_at":"2026-09-03T01:08:58","published_at_display":"3 Sep 2026, 01:08 GMT","sequence_badge_label":null,"sequence_count":null,"sequence_count_label":null,"sequence_frames":[],"sequence_kind":null,"source_name":"radiotelevisionmarti_com_rss","source_name_label":"Mart\u00ed Noticias RSS","source_type":"rss","summary":"El mercado negro de infraestructura b\u00e1sica se expande en Cuba ante la escasez y los cortes de luz.","title":"La ola de robos a la infraestructura p\u00fablica y privada agrava la crisis en Cuba","topic":null,"translation_language":"","url":"https://www.martinoticias.com/a/la-crisis-y-los-largos-apagones-disparan-el-robo-de-infraestructura-p%c3%bablica-en-cuba/476830.html","video_url":null,"youtube_conversion_active":false,"youtube_conversion_error":"","youtube_conversion_status":""},{"article_body_paragraphs":[],"audio_source_url":null,"author":"Ivette Pacheco","available_dubs":[],"downloadable_assets":["https://gdb.martinoticias.com/80962E7F-2145-4DED-99F3-469F149994FA_cx0_cy9_cw0_w1600_r1_n_s.jpg"],"duration_display":"0:00","duration_seconds":null,"embed_url":null,"id":13700,"image_caption":"Tendido el\u00e9ctrico en Guant\u00e1namo, Cuba. Foto Archivo REUTERS/Carlos Barria/File Photo","image_url":"https://gdb.martinoticias.com/80962E7F-2145-4DED-99F3-469F149994FA_cx0_cy9_cw0_w1600_r1_n_s.jpg","is_clip":false,"is_youtube_embed":false,"item_type":"article","item_type_label":"Article","language_label":"Espa\u00f1ol","media_credit":"Ivette Pacheco","micro_label":"Photo","micro_label_kind":"gallery","network_label":"Mart\u00ed Noticias","network_logo_url":"/static/uploads/direct_network_logos/ocb_0888427dcb1d.svg","published_at":"2026-09-03T01:08:58","published_at_display":"3 Sep 2026, 01:08 GMT","sequence_badge_label":null,"sequence_count":null,"sequence_count_label":null,"sequence_frames":[],"sequence_kind":null,"source_name":"radiotelevisionmarti_com_rss","source_name_label":"Mart\u00ed Noticias RSS","source_type":"rss","summary":"El robo de infraestructura el\u00e9ctrica, telef\u00f3nica y de agua potable se ha extendido por varias provincias de Cuba. Conductores de cobre, tramos de fibra, bombas de agua y componentes del mobiliario urbano son extra\u00eddos para abastecer un mercado informal marcado por precios inalcanzables para el salario medio del trabajador estatal. La falta de suministros en las tiendas estatales y la escasez generalizada han convertido el material de servicio p\u00fablico en una mercanc\u00eda cotizada. A esto se suman los prolongados apagones en que los vecindarios permanecen a oscuras. En la localidad de Anafe, en el municipio Bauta, los residentes reportan la interrupci\u00f3n de la red telef\u00f3nica fija tras el corte de los tendidos que van desde los postes hasta las viviendas. \"En casa de mi hermana se robaron el cable del tel\u00e9fono fijo, el que va del poste a la casa\", relata una residente de la zona. Un vecino del lugar explica que tambi\u00e9n se llevaron el cable telef\u00f3nico en un tramo que abarca dos postes del tendido. Situaciones similares ocurren en la provincia de Ciego de \u00c1vila, donde la poblaci\u00f3n enfrenta cortes del suministro el\u00e9ctrico de m\u00e1s de 20 horas continuas al d\u00eda. En estas circunstancias, se reporta la sustracci\u00f3n de las l\u00edneas de acometida que conectan las redes de distribuci\u00f3n con los contadores de los hogares. Oscar Cervantes, residente en Ciego de \u00c1vila, indica que en su cuadra se han registrado varios robos de l\u00edneas el\u00e9ctricas domiciliarias: \"A un chapista le llevaron los cables que alimentan del poste a la casa. Dan cuenta a la planta el\u00e9ctrica y no hacen presencia ah\u00ed, no asumen la responsabilidad hasta 10 o 15 d\u00edas, con las casas a oscuras\". Cervantes explica que el material sustra\u00eddo suele destinarse al mercado informal o a conexiones irregulares entre viviendas. \"La ferreter\u00eda aqu\u00ed no vende cables. Hay mucha gente que usa tendederas para asociarse a otra casa... van y lo pican en un lugar sin riesgo ninguno porque nunca hay corriente. En la calle lo venden a un precio: el ajeno tiene y el Estado no tiene nada\". El desmantelamiento de la infraestructura alcanza tambi\u00e9n a las instalaciones de salud y al mobiliario p\u00fablico. En Sancti Sp\u00edritus, el incremento del precio de los repuestos en el sector privado y las MiPymes ha elevado la demanda de suministros en la econom\u00eda subterr\u00e1nea. Adriano Casta\u00f1eda, activista de esa localidad, se\u00f1ala que el valor de una motobomba de agua supera los 30.000 pesos en moneda nacional, mientras que un metro de cable el\u00e9ctrico se cotiza sobre los 300 pesos. \"Estamos viendo constantemente el robo de cables el\u00e9ctricos, tuber\u00edas de agua y motobombas. En un parque de Sancti Sp\u00edritus se llevaron siete bancos de aluminio en lo que va de a\u00f1o para venderlos como materia prima\", afirma Casta\u00f1eda. \"En el Hospital Provincial se llevan lo que puedan vender en la calle. Tambi\u00e9n se han robado el aceite de los transformadores por el d\u00e9ficit de combustible que hay\", apunt\u00f3. Los testimonios indican que la falta de alumbrado durante las horas sin servicio el\u00e9ctrico coincide con la sustracci\u00f3n de estos insumos p\u00fablicos, en un contexto donde las empresas estatales demoran semanas en reponer los da\u00f1os en las redes de las viviendas afectadas. Esta misma semana la Embajada de Estados Unidos en La Habana emiti\u00f3 una alerta de seguridad ante el incremento de delitos relacionados con veh\u00edculos en la capital. \"El deterioro de las condiciones econ\u00f3micas ha provocado un aumento generalizado de la delincuencia en Cuba\", coment\u00f3 la sede diplom\u00e1tica.","title":"La crisis y los largos apagones disparan el robo de infraestructura p\u00fablica en Cuba","topic":null,"translation_language":"","url":"https://www.martinoticias.com/a/la-crisis-y-los-largos-apagones-disparan-el-robo-de-infraestructura-p%c3%bablica-en-cuba/476830.html","video_url":null,"youtube_conversion_active":false,"youtube_conversion_error":"","youtube_conversion_status":""},{"article_body_paragraphs":[],"audio_source_url":"https://ocb-audio-ns.akamaized.net/cu/2026/09/03/20260903-000000-cu004-program.mp3","author":null,"available_dubs":[],"downloadable_assets":["https://ocb-audio-ns.akamaized.net/cu/2026/09/03/20260903-000000-cu004-program.mp3"],"duration_display":"29:59","duration_seconds":1799.0,"embed_url":null,"id":13688,"image_caption":null,"image_url":"https://gdb.martinoticias.com/a960ff74-708e-4671-c10e-08de3cb98067_w1200_h630.png","is_clip":false,"is_youtube_embed":false,"item_type":"audio","item_type_label":"Audio","language_label":"Espa\u00f1ol","media_credit":null,"micro_label":"Audio program","micro_label_kind":"audio","network_label":"Mart\u00ed Noticias","network_logo_url":"/static/uploads/direct_network_logos/ocb_0888427dcb1d.svg","published_at":"2026-09-03T00:00:00","published_at_display":"3 Sep 2026, 00:00 GMT","sequence_badge_label":null,"sequence_count":null,"sequence_count_label":null,"sequence_frames":[],"sequence_kind":null,"source_name":"ocb_spanish_audio_scrape","source_name_label":"Mart\u00ed Noticias Audio","source_type":"scrape","summary":"Un resumen de las noticias m\u00e1s importantes de Cuba y el mundo.","title":"Noticiero de Radio Mart\u00ed 8:00 PM","topic":"Radio Mart\u00ed","translation_language":"","url":"https://www.martinoticias.com/a/475768.html","video_url":null,"youtube_conversion_active":false,"youtube_conversion_error":"","youtube_conversion_status":""},{"article_body_paragraphs":[],"audio_source_url":null,"author":"Edgardo Pinell Medina","available_dubs":[],"downloadable_assets":["https://gdb.martinoticias.com/d8ab0a6e-ab45-4cfc-a950-2c1821353f98_w1600_r1_n_s.jpg"],"duration_display":"0:00","duration_seconds":null,"embed_url":null,"id":13663,"image_caption":"Presidente de Nicaragua, Daniel Ortega","image_url":"https://gdb.martinoticias.com/d8ab0a6e-ab45-4cfc-a950-2c1821353f98_w1600_r1_n_s.jpg","is_clip":false,"is_youtube_embed":false,"item_type":"article","item_type_label":"Article","language_label":"Espa\u00f1ol","media_credit":"Edgardo Pinell Medina","micro_label":"Photo","micro_label_kind":"gallery","network_label":"Mart\u00ed Noticias","network_logo_url":"/static/uploads/direct_network_logos/ocb_0888427dcb1d.svg","published_at":"2026-09-02T23:40:23","published_at_display":"2 Sep 2026, 23:40 GMT","sequence_badge_label":null,"sequence_count":null,"sequence_count_label":null,"sequence_frames":[],"sequence_kind":null,"source_name":"radiotelevisionmarti_com_rss","source_name_label":"Mart\u00ed Noticias RSS","source_type":"rss","summary":"La Asociaci\u00f3n Madres de Abril denunci\u00f3 que Thelma Montenegro, una de las integrantes del colectivo que permanece en Nicaragua, fue detenida de forma arbitraria tras acudir a una delegaci\u00f3n policial para renovar su licencia de conducir. Montenegro es hermana de Oliver y Edgard Montenegro y viuda de Francisco Bland\u00f3n, \"asesinados presuntamente por paramilitares afines al r\u00e9gimen\" de Nicaragua que dirigen Daniel Ortega y Rosario Murillo, en el municipio El Cu\u00e1 (norte), en 2019, se\u00f1al\u00f3 la asociaci\u00f3n en un comunicado. \"Thelma ha exigido procesos de verdad y justicia por sus familiares\", a\u00f1adi\u00f3 el texto que recuerda que otros miembros de la familia de Montenegro (Dorlin y Oliver Montenegro) estuvieron encarcelados de 2020 a 2023, y posteriormente desnacionalizados, desterrados y tildados de traidores a la patria. De acuerdo con la asociaci\u00f3n, que aglutina a familiares de v\u00edctimas mortales de la represi\u00f3n del r\u00e9gimen sandinista durante la rebeli\u00f3n de abril de 2018, Montenegro fue detenida inicialmente el mi\u00e9rcoles 19 de agosto cuando se present\u00f3 para realizar un tr\u00e1mite de renovaci\u00f3n de su licencia de conducir. Permaneci\u00f3 detenida en la jefatura Policial de la ciudad de Pantasma, en el departamento de Jinotega, hasta la tarde del s\u00e1bado 22 de agosto, cuando fue liberada. Al d\u00eda siguiente, una patrulla policial volvi\u00f3 a llegar para llev\u00e1rsela. Tras la insistencia y la b\u00fasqueda de informaci\u00f3n por parte de sus familiares, el 25 de agosto se les inform\u00f3 que Montenegro hab\u00eda sido trasladada a Managua y desde entonces no se conoce nada de ella. \"Esta nueva detenci\u00f3n constituye un grave motivo de preocupaci\u00f3n y se produce en un contexto de persecuci\u00f3n, hostigamiento y criminalizaci\u00f3n contra personas defensoras de derechos humanos, familiares de v\u00edctimas y personas vinculadas a la demanda de verdad y justicia en Nicaragua\", apunt\u00f3 la asociaci\u00f3n que tambi\u00e9n demand\u00f3 su liberaci\u00f3n inmediata. Josefa Meza, integrante de la Asociaci\u00f3n Madre de Abril que desde hace 8 a\u00f1os demanda verdad, justicia y reparaci\u00f3n para las v\u00edctimas de la represi\u00f3n del r\u00e9gimen Ortega Murillo, cree que quiz\u00e1s \u201cThelma nunca esper\u00f3 que el gobierno tomara represalias contra una persona que ha sido v\u00edctima, sobre todo, despu\u00e9s de que le mataron a su esposo y hermanos\u201d. \u201cAdem\u00e1s de ser una v\u00edctima siguen revictimizando a Thelma porque la tienen detenida\u201d, a\u00f1adi\u00f3. \u201cElla es una mujer que no representa un peligro para nadie. Ha luchado a la par de nosotros por el derecho a la libertad de pensamiento y por la demanda de justicia para nuestros hijos que fueron asesinados\u201d. Meza, quien perdi\u00f3 a su hijo Jonathan Eduardo Moraz\u00e1n Meza a manos de paramilitares del r\u00e9gimen el 30 de mayo de 2018 en Managua, no se mostr\u00f3 sorprendida por el ensa\u00f1amiento contra una v\u00edctima de los Ortega Murillo porque \u201cel gobierno nunca ha aceptado de que ellos han sido los asesinos de nuestros hijos\u201d. \u201cSon personas despiadadas a quienes lo que le interesa es mantenerse en el poder y no les importa si es a sangre y fuego y continuar matando. Esa es la realidad, as\u00ed son los sandinistas\u201d, indic\u00f3 Meza quien por demandar verdad y justicia vio en riesgo su seguridad y se vio obligada a exiliarse. El hijo de Meza ten\u00eda apenas 21 a\u00f1os y era estudiante de dise\u00f1o gr\u00e1fico al momento de su asesinato. \u201cNo era ning\u00fan delincuente como dice el gobierno, como dice el dictador\u201d, reclama. Visibilizar a las v\u00edctimas Meza agreg\u00f3 que a pesar de los obst\u00e1culos \u201cseguimos adelante en busca de esa justicia que necesitamos para que en Nicaragua nunca m\u00e1s vuelvan a ver asesinados por pensar diferente\u201d. Lament\u00f3 que, en medio del debate pol\u00edtico e internacional, \u201clas v\u00edctimas mortales son las menos visibilizadas, se han olvidado de ellas cuando es lo principal porque ning\u00fan derecho se puede reclamar si no hay el principal, el derecho a la vida\u201d. \"Las cosas van cambiando en el hemisferio y tenemos esperanza de que la dictadura sea eliminada de una vez por todas porque son una dictadura igual que la de Cuba que ha hecho mucho da\u00f1o a la gente y han empobrecido a la poblaci\u00f3n mientras se han enriquecido hasta la saciedad\u201d, indic\u00f3.","title":"Asociaci\u00f3n Madres de Abril exige la liberaci\u00f3n de Thelma Montenegro y denuncia persecuci\u00f3n en Nicaragua","topic":null,"translation_language":"","url":"https://www.martinoticias.com/a/asociaci%c3%b3n-madres-de-abril-exige-la-liberaci%c3%b3n-de-thelma-montenegro-y-denuncia-persecuci%c3%b3n-en-nicaragua/476821.html","video_url":null,"youtube_conversion_active":false,"youtube_conversion_error":"","youtube_conversion_status":""},{"article_body_paragraphs":[],"audio_source_url":null,"author":"Yolanda Huerga","available_dubs":[],"downloadable_assets":["https://gdb.martinoticias.com/01000000-0aff-0242-4a9e-08dc02347bb0_w1600_r1_n_s.jpg"],"duration_display":"0:00","duration_seconds":null,"embed_url":null,"id":13665,"image_caption":"Sede de una peque\u00f1a empresa (mipyme) que comercializa alimentos en La Habana.","image_url":"https://gdb.martinoticias.com/01000000-0aff-0242-4a9e-08dc02347bb0_w1600_r1_n_s.jpg","is_clip":false,"is_youtube_embed":false,"item_type":"article","item_type_label":"Article","language_label":"Espa\u00f1ol","media_credit":"Yolanda Huerga","micro_label":"Photo","micro_label_kind":"gallery","network_label":"Mart\u00ed Noticias","network_logo_url":"/static/uploads/direct_network_logos/ocb_0888427dcb1d.svg","published_at":"2026-09-02T23:26:55","published_at_display":"2 Sep 2026, 23:26 GMT","sequence_badge_label":null,"sequence_count":null,"sequence_count_label":null,"sequence_frames":[],"sequence_kind":null,"source_name":"radiotelevisionmarti_com_rss","source_name_label":"Mart\u00ed Noticias RSS","source_type":"rss","summary":"En medio de una severa crisis que mantiene contra las cuerdas al aparato productivo nacional, el r\u00e9gimen cubano aprob\u00f3 el Decreto-Ley 133 de 2026, una normativa que elimina el l\u00edmite de contrataciones para las micro, peque\u00f1as y medianas empresas (MIPYMES). Con esta medida, englobada dentro del paquete de 176 \u201ctransformaciones econ\u00f3micas y sociales\u201d, el Gobierno dar\u00e1 paso a negocios privados con m\u00e1s de 100 trabajadores sin establecer un tope m\u00e1ximo de empleados. Economistas entrevistados por Mart\u00ed Noticias, han acogido el anuncio con marcado escepticismo, calific\u00e1ndolo como un ajuste est\u00e9ril para la magnitud del colapso financiero que atraviesa la isla. Emilio Morales se\u00f1al\u00f3 que las disposiciones no representan un avance sustancial ni otorgan un entorno de libre mercado aut\u00e9ntico: \"Lo que el gobierno cubano acaba de autorizar no es nada extraordinario, es lo que normalmente ocurre en cualquier pa\u00eds del mundo. Que tengan m\u00e1s de 100 trabajadores no significa absolutamente nada, no van a superar el problema de la econom\u00eda\", se\u00f1al\u00f3 Emilio Morales. La nueva regulaci\u00f3n tambi\u00e9n concede autorizaci\u00f3n a estas compa\u00f1\u00edas para establecer sucursales en cualquier provincia del pa\u00eds. Asimismo, contempla la realizaci\u00f3n de importaciones y exportaciones de forma directa, aunque supeditadas a la aprobaci\u00f3n del Ministerio del Comercio Exterior y la Inversi\u00f3n Extranjera (MINCEX). \u201cTienen que seguir con los permisos para poder importar y exportar; no tienen ninguna autonom\u00eda para eso, tienen que depender del Ministerio de Comercio Exterior. Tampoco pueden manejar los precios como ellos quieran, tienen que estar regidos por los topes de precio que el gobierno ponga\u201d, indic\u00f3 Morales. \u201cNo veo ninguna mejor\u00eda cuando lo que tenemos en el frente es una econom\u00eda que est\u00e1 derrumbada. Siguen limitadas porque solo van a abrir cuentas en la moneda nacional, la moneda que no sirve y est\u00e1 con tremenda inflaci\u00f3n\u201d, apunt\u00f3. En materia fiscal y bancaria, el Banco Central de Cuba (BCC) exigir\u00e1 a los socios el dep\u00f3sito de un capital inicial y la acreditaci\u00f3n formal de su procedencia previo a la aprobaci\u00f3n de la entidad. Entre los derechos y libertades anunciados destacan la autonom\u00eda para fijar salarios y precios dentro del sector privado. De forma paralela, el decreto legaliza la impartici\u00f3n de clases particulares privadas fuera de los horarios escolares y autoriza el aprendizaje privado de idiomas, sujeto a que los docentes certifiquen al menos un nivel B1 de dominio ling\u00fc\u00edstico. Por su parte, el economista El\u00edas Amor coincidi\u00f3 en que la medida responde a la din\u00e1mica elemental del crecimiento empresarial, pero advirti\u00f3 sobre un trasfondo de control pol\u00edtico tras el incentivo al gran tama\u00f1o corporativo: \"Lo que vienen es a plantear algo que es absolutamente normal en cualquier econom\u00eda: un negocio arranca de una dimensi\u00f3n chiquita y cuando las cosas le van bien va cogiendo tama\u00f1o. En Cuba, el sentimiento empresarial peque\u00f1o est\u00e1 arraigado a pesar de que el r\u00e9gimen comunista lo ha querido eliminar durante 67 a\u00f1os.\" \"Yo creo que es mucho m\u00e1s interesante para el futuro de la econom\u00eda cubana basarse en las medianas y peque\u00f1as empresas, en los trabajadores por cuenta propia y en los campesinos independientes, que promover el nacimiento de grandes empresas. El r\u00e9gimen lo que quiere es permitir que las empresas crezcan para luego dominarlas. Es m\u00e1s f\u00e1cil dominar a esas empresas grandes que viven del r\u00e9gimen que a las pymes libres. No le doy ninguna trascendencia econ\u00f3mica a este tipo de medidas\", puntualiz\u00f3 Amor. Aunque el Decreto-Ley 133 intenta proyectar una imagen de apertura estrat\u00e9gica hacia el sector privado, el an\u00e1lisis t\u00e9cnico sugiere que la burocracia centralizada y las distorsiones monetarias continuar\u00e1n limitando el despegue econ\u00f3mico real en la isla.","title":"Quieren que crezcan para dominarlas: economistas dudan de la apertura a MIPYMES en Cuba","topic":null,"translation_language":"","url":"https://www.martinoticias.com/a/quieren-que-crezcan-para-dominarlas-economistas-dudan-de-la-apertura-a-mipymes-en-cuba/476828.html","video_url":null,"youtube_conversion_active":false,"youtube_conversion_error":"","youtube_conversion_status":""},{"article_body_paragraphs":[],"audio_source_url":"https://ocb-audio-ns.akamaized.net/cu/2026/09/02/20260902-153000-cu004-program_hq.mp3","author":"Janisset Rivero","available_dubs":[],"downloadable_assets":["https://ocb-audio-ns.akamaized.net/cu/2026/09/02/20260902-153000-cu004-program_hq.mp3","https://gdb.martinoticias.com/a4187ccf-191b-4c2b-7c9e-08def2b1c8fe_w1600_r1_n_s.jpg"],"duration_display":"30:00","duration_seconds":1800.0,"embed_url":null,"id":13647,"image_caption":"El ministro de Comercio Exterior y la Inversi\u00f3n Extranjera de Cuba, Oscar P\u00e9rez-Oliva Fraga, observa un autom\u00f3vil de fabricaci\u00f3n china a la venta durante la 41.\u00aa Feria Internacional de La Habana, el 25 de noviembre de 2025. ADALBERTO ROQUE / AFP","image_url":"https://gdb.martinoticias.com/a4187ccf-191b-4c2b-7c9e-08def2b1c8fe_w1600_r1_n_s.jpg","is_clip":false,"is_youtube_embed":false,"item_type":"audio","item_type_label":"Audio","language_label":"Espa\u00f1ol","media_credit":"Janisset Rivero","micro_label":"Audio program","micro_label_kind":"audio","network_label":"Mart\u00ed Noticias","network_logo_url":"/static/uploads/direct_network_logos/ocb_0888427dcb1d.svg","published_at":"2026-09-02T22:12:46","published_at_display":"2 Sep 2026, 22:12 GMT","sequence_badge_label":null,"sequence_count":null,"sequence_count_label":null,"sequence_frames":[],"sequence_kind":null,"source_name":"radiotelevisionmarti_com_rss","source_name_label":"Mart\u00ed Noticias RSS","source_type":"rss","summary":"La realidad de Cuba a trav\u00e9s del testimonio de residentes dentro de la isla, quienes actualizar\u00e1n el panorama interno de la mano de su conductora, la activista y escritora cubana Janisset Rivero.","title":"Pablo Morales March\u00e1n, Periodista independiente","topic":null,"translation_language":"","url":"https://www.martinoticias.com/a/van-apoder%c3%a1ndose-cada-vez-m%c3%a1s-de-la-habana-alertan-sobre-avance-de-comercios-chinos-en-cuba/476824.html","video_url":null,"youtube_conversion_active":false,"youtube_conversion_error":"","youtube_conversion_status":""},{"article_body_paragraphs":[],"audio_source_url":null,"author":"Janisset Rivero","available_dubs":[],"downloadable_assets":["https://gdb.martinoticias.com/a4187ccf-191b-4c2b-7c9e-08def2b1c8fe_w1600_r1_n_s.jpg"],"duration_display":"0:00","duration_seconds":null,"embed_url":null,"id":13646,"image_caption":"El ministro de Comercio Exterior y la Inversi\u00f3n Extranjera de Cuba, Oscar P\u00e9rez-Oliva Fraga, observa un autom\u00f3vil de fabricaci\u00f3n china a la venta durante la 41.\u00aa Feria Internacional de La Habana, el 25 de noviembre de 2025. ADALBERTO ROQUE / AFP","image_url":"https://gdb.martinoticias.com/a4187ccf-191b-4c2b-7c9e-08def2b1c8fe_w1600_r1_n_s.jpg","is_clip":false,"is_youtube_embed":false,"item_type":"article","item_type_label":"Article","language_label":"Espa\u00f1ol","media_credit":"Janisset Rivero","micro_label":"Photo","micro_label_kind":"gallery","network_label":"Mart\u00ed Noticias","network_logo_url":"/static/uploads/direct_network_logos/ocb_0888427dcb1d.svg","published_at":"2026-09-02T22:12:46","published_at_display":"2 Sep 2026, 22:12 GMT","sequence_badge_label":null,"sequence_count":null,"sequence_count_label":null,"sequence_frames":[],"sequence_kind":null,"source_name":"radiotelevisionmarti_com_rss","source_name_label":"Mart\u00ed Noticias RSS","source_type":"rss","summary":"En la esquina de las calles 23 y 10, en el barrio habanero del Vedado, abri\u00f3 recientemente la tienda china Sumai (Sumni), una empresa estatal mixta con capital chino y cubano, que vende a los clientes en d\u00f3lares, mientras a la poblaci\u00f3n le pagan en el devaluado peso cubano. Esta tienda es parte de la creciente inversi\u00f3n del r\u00e9gimen chino en el espacio comercial de mayoristas en la Isla. \u201cLa penetraci\u00f3n china es m\u00e1s profunda de lo que la gente imagina, por ejemplo en el municipio Playa, en La Habana, he visto innumerables negocios que antes no exist\u00edan y la mayor\u00eda son de propietarios o inversionistas chinos\", dijo el periodista independiente Pablo Morales March\u00e1n en el espacio Barrio Adentro de Radio Mart\u00ed. El comunicador cit\u00f3 numerosos ejemplos, entre los que destaca a la estatal china Dongfeng Motor Corporation. \"Est\u00e1 la marca Dongfeng, que son de veh\u00edculos el\u00e9ctricos, tienen un showroom en 7ma y 20, donde tienen todos los sistemas de venta y de pago a trav\u00e9s efectivo y a trav\u00e9s de tarjetas. Tambi\u00e9n tienen solineras, que son lugares donde se recargan esos autos con paneles fotovoltaicos, a pesar de que haya apag\u00f3n para todo el resto de la comunidad. Ellos siempre tienen electricidad\". Morales March\u00e1n agreg\u00f3 que muchas de estas tiendas sirven a la \"c\u00fapula gobernante del r\u00e9gimen castro comunista\", que son los que tienen el poder adquisitivo para pagar en d\u00f3lares americanos. Negocios con capital estatal chino El periodista independiente inform\u00f3 sobre la proliferaci\u00f3n de los negocios con inversi\u00f3n del gobierno chino, fundamentalmente, de productos de energ\u00eda renovables como paneles solares, motos el\u00e9ctricas, y electrodom\u00e9sticos recargables, entre otros. \u201cLos chinos han invadido todos los mercados, especialmente Playa, que es el mercado natural donde vive la c\u00fapula gobernante y la direcci\u00f3n del pa\u00eds, y la clase media alta emergente en los barrios de Miramar, Flores, Atabey y Siboney. Ellos se han dedicado a buscar esos segmentos del mercado para satisfacer las necesidades de esas personas que son las \u00fanicas que tienen los d\u00f3lares y que tambi\u00e9n tienen ese poder adquisitivo. Estoy hablando, incluso, de gente del alto nivel de la direcci\u00f3n del pa\u00eds como Abel Gonz\u00e1lez Santamar\u00eda, un alto oficial de la Seguridad del Estado, Jefe del Museo de Historia de la polic\u00eda pol\u00edtica y que tambi\u00e9n es asesor del Consejo de Estado en materia de Seguridad\u201d, relat\u00f3. La apertura de almacenes chinos al estilo de un pulguero es un tema que desde fines del 2024 se ha estado comentando en redes y otras fuentes informales, y que, luego de las medidas econ\u00f3micas anunciadas por el primer ministro Manuel Marrero en la Asamblea Nacional del Poder Popular, se han materializado, como una soluci\u00f3n a la acuciante realidad econ\u00f3mica en la que el comunismo ha sumido a la Isla. Cubalex: R\u00e9gimen mantiene control estatal sobre la iniciativa privada en Cuba Otros lugares como Dong Te, que vende t\u00e9s de burbujas (buble) tambi\u00e9n ha abierto las puertas en el \u00faltimo a\u00f1o, con precios que son impagables para el cubano de a pie, que no percibe salarios competitivos, y carece de lo b\u00e1sico como la electricidad, los alimentos, y el agua para subsistir. \u201cAs\u00ed que la penetraci\u00f3n china econ\u00f3mica y militar y de inteligencia se va viendo cada vez m\u00e1s. Veo chinos trotando por el Malec\u00f3n habanero, haciendo yoga, participando en la vida nocturna en clubs de lujo [\u2026] y veo que los chinos van apoder\u00e1ndose cada vez m\u00e1s de los territorios en La Habana e, incluso, han abierto nuevos restaurantes como \u2018El pavo real\u2019, que est\u00e1 al lado del Puente de Hierro, en los l\u00edmites del municipio Playa con el municipio Plaza\u201d, constat\u00f3. Almacenes Sumai, un negocio mixto estatal del r\u00e9gimen de La Habana y el chino. Este fen\u00f3meno ocurre mientras la mayor\u00eda del pueblo cubano no tiene acceso a consumir bienes ni servicios ofrecidos por estos consorcios chinos, que indudablemente, de acuerdo al periodista, han venido a Cuba a fortalecer el poder de la c\u00fapula gobernante. En cuanto a los cuentapropistas cubanos, esos que no est\u00e1n conectados al poder, Morales March\u00e1n coment\u00f3 que est\u00e1n siendo afectados duramente por el control de precios, los impuestos excesivos y los apagones. \u201cCon motivo de evitar las excesivas ganancias lo que est\u00e1n es limitando la competencia y lo est\u00e1n haciendo de manera desleal, el grupo de poder, para ahogar las mypimes que no son de ellos y empoderar la mypimes que son del castrocomunismo\u201d, asever\u00f3. De esta manera el r\u00e9gimen, que quiere implementar medidas capitalistas para salvar al comunismo, vuelve a caer en contradicciones que ponen al descubierto la naturaleza intolerante y corrupta del sistema impuesto a los cubanos.","title":"\"Van apoder\u00e1ndose cada vez m\u00e1s de La Habana\", alertan sobre avance de comercios chinos en Cuba","topic":null,"translation_language":"","url":"https://www.martinoticias.com/a/van-apoder%c3%a1ndose-cada-vez-m%c3%a1s-de-la-habana-alertan-sobre-avance-de-comercios-chinos-en-cuba/476824.html","video_url":null,"youtube_conversion_active":false,"youtube_conversion_error":"","youtube_conversion_status":""}],"next_num":5,"page":4,"pages":29,"per_page":20,"prev_num":3,"total":577}
