{"applied_filters":{"end_date":"","lang":"","language":"","network":"Mart\u00ed Noticias","page":7,"per_page":20,"search":"","source":"","start_date":"","topic":"","type":""},"available_filters":{"language_choices":[{"label":"Choose Language","value":""},{"label":"English","value":"English"},{"label":"Espa\u00f1ol","value":"Espa\u00f1ol"}],"network_choices":[{"label":"All networks","value":""},{"label":"Mart\u00ed Noticias","value":"Mart\u00ed Noticias"}],"source_choices":[{"label":"All sources","value":""},{"label":"Manual Ocb Espanol","value":"manual_ocb_espanol"},{"label":"Mart\u00ed Noticias \u00b7 Caf\u00e9 Digital","value":"ocb_spanish_audio_html_scrape"},{"label":"Mart\u00ed Noticias \u00b7 Liberaci\u00f3n","value":"ocb_spanish_audio_html_scrape_1001"},{"label":"Mart\u00ed Noticias \u00b7 Programas de Radio Nuestra Am\u00e9rica","value":"ocb_spanish_audio_html_scrape_1016"},{"label":"Mart\u00ed Noticias \u00b7 Agenda hemisf\u00e9rica","value":"ocb_spanish_audio_html_scrape_1028"},{"label":"Mart\u00ed Noticias \u00b7 El futuro es ya","value":"ocb_spanish_audio_html_scrape_1056"},{"label":"Mart\u00ed Noticias \u00b7 Foro abierto","value":"ocb_spanish_audio_html_scrape_1061"},{"label":"Mart\u00ed Noticias \u00b7 Nicaragua al d\u00eda","value":"ocb_spanish_audio_html_scrape_1077"},{"label":"Mart\u00ed Noticias \u00b7 La bola nostra","value":"ocb_spanish_audio_html_scrape_1078"},{"label":"Mart\u00ed Noticias \u00b7 Taller de prensa","value":"ocb_spanish_audio_html_scrape_1103"},{"label":"Mart\u00ed Noticias \u00b7 Las noticias como son","value":"ocb_spanish_audio_html_scrape_142"},{"label":"Mart\u00ed Noticias \u00b7 Abriendo Espacios","value":"ocb_spanish_audio_html_scrape_562"},{"label":"Mart\u00ed Noticias \u00b7 Mart\u00ed Noticias A.M.","value":"ocb_spanish_audio_html_scrape_668"},{"label":"Mart\u00ed Noticias Audio","value":"ocb_spanish_audio_scrape"},{"label":"Mart\u00ed Noticias Video","value":"ocb_spanish_video_scrape"},{"label":"Mart\u00ed Noticias Direct","value":"radiotelevisionmarti_com_direct"},{"label":"Mart\u00ed Noticias RSS","value":"radiotelevisionmarti_com_rss"},{"label":"TV Mart\u00ed Noticias YouTube","value":"tv_marti_noticias_youtube_playlists"}],"sources":["manual_ocb_espanol","ocb_spanish_audio_html_scrape","ocb_spanish_audio_html_scrape_1001","ocb_spanish_audio_html_scrape_1016","ocb_spanish_audio_html_scrape_1028","ocb_spanish_audio_html_scrape_1056","ocb_spanish_audio_html_scrape_1061","ocb_spanish_audio_html_scrape_1077","ocb_spanish_audio_html_scrape_1078","ocb_spanish_audio_html_scrape_1103","ocb_spanish_audio_html_scrape_142","ocb_spanish_audio_html_scrape_562","ocb_spanish_audio_html_scrape_668","ocb_spanish_audio_scrape","ocb_spanish_video_scrape","radiotelevisionmarti_com_direct","radiotelevisionmarti_com_rss","tv_marti_noticias_youtube_playlists"],"topics":["Abriendo Espacios","Agenda hemisf\u00e9rica","Am\u00e9rica Latina, VENEZUELA, Maiquetia","Asuntos de Estado","Audiovisuales Mart\u00ed","Audiovisuales Mart\u00ed, Cuba turismo, crisis del turismo en Cuba","Audiovisuales Mart\u00ed, VENEZUELA, apagones","Barrio Adentro","Caf\u00e9 Digital","Como Come Cuba, cuba, Como Come Cuba","Cuba Habla","Cuba Habla, Cuba","Cuba al D\u00eda","Cuba al D\u00eda, Cuba","Cuba en la Memoria","De cara al sol","Derechos Humanos, cuba, exilio, c\u00e1ncer, Ram\u00f3n Sa\u00fal S\u00e1nchez","El futuro es ya","Especiales, Exilio cubano, Freedom tower, \"Libertad\", Torre de la Libertad de Miami, Exilio cubano en Miami","Especiales, jos\u00e9 mart\u00ed, Exilio cubano","Esperando un techo, cuba, crisis, vivienda, derrumbes, techo, paredes, EsperandounTecho","Foro abierto","Hablando claro","Info Mart\u00ed","Info Mart\u00ed , Brigada 2506","Info Mart\u00ed , Cuba","Info Mart\u00ed , Estados Unidos, Colombia","Info Mart\u00ed , Estados Unidos, VENEZUELA","Info Mart\u00ed , estados unidos, Venezuela","Info Mart\u00ed , presos politicos, torturas, VENEZUELA","Kentu-Cubano, cuba, cubanos, Kentucky, migrantes, KentoCubano","La libertad es una librer\u00eda","Las Noticias Como Son, Cuba","Las noticias como son","Lawton Libre","Liberaci\u00f3n","Mart\u00ed Noticias A.M.","Mart\u00ed Noticias AM","Mart\u00ed en el Mundial 2026","Nicaragua al d\u00eda","Noticiero Mart\u00ed Noticias","Noticiero Mart\u00ed Noticias, Cuba","Programas de Radio Nuestra Am\u00e9rica","Radio Mart\u00ed","Ser Madre en cuba, cuba, hambre, r\u00e9gimen, madre, negligencia, Testimonios, Crisis Econ\u00f3mica, madre cubana, Crisis Alimentaria","Ser viejo en Cuba, cuba, cubanos, crisis, alimentos, ancianos, viejos, vejez","Taller de prensa","adri%C3%A1n del sol mi padre est%C3%A1 muy d%C3%A9bil","atienden a mas de 50 personas en santiago de cuba por presunta intoxicacion alimentaria","auge en contagios de dengue en cuba","aumenta a 379 la cifra de desaparecidos por terremoto en colombia hay 285 fallecidos","banco mundial desembolsa millonaria ayuda para afectados por terremoto en colombia","brote de enfermedades diarreicas se extiende en cuba","casi 300 fallecidos almenos 4 000 heridos y 140 desaparecidos a 7 dias del terremoto en colombia","cifra de muertos por el terremoto en colombia supera las 200 personas seg%C3%BAn reporte","colombia declara estado de emergencia durante 30 dias por grave calamidad","colombia ingresa formalmente al escudo de las am%C3%A9ricas liderado por washington","convocan marcha pac%C3%ADfica por la libertad de todos los presos pol%C3%ADticos en venezuela","crece reclutamiento de ni%C3%B1os y ni%C3%B1as en colombia por parte de grupos ilegales seg%C3%BAn hrw","creo que el presidente trump ir%C3%A1 a la habana antes de que termine su mandato","eeuu cierra acuerdo petrolero que le dar%C3%A1 importante control de reservas venezolanas","eeuu ecuador y colombia se reunen para acordar lucha contra mafias del narcotr%C3%A1fico","eeuu sostiene operaciones militares junto a ecuador cerca de la frontera con colombia","el papel peri%C3%B3dico de la habana autores sociedad patri%C3%B3tica de la habana y sociedad econ%C3%B3mica de amigos del pa%C3","el socialismo es la peor tentaci%C3%B3n pol%C3%ADtica de nuestro hemisferio sara b rogers","gobierno de colombia da por terminada conversaciones con otros tres grupos armados ilegales","informe pide mayor presencia militar en cuba","jeffrey bartos en la onu","joven con vih permanece encarcelado tras protesta por apagones en guanabacoa","la bola nostra","la ola de robos a la infraestructura publica y privada agrava la crisis en cuba","la periodista independiente yoanni limonta reporta una protesta frente al gobierno provincial de cienfuegos tras apagones de mas","las farmacias privadas abren en cuba entre criticas por sus altos precios y dudas medicas sobre sus controles","m%C3%A1s hoteles menos hospitales","oea aprueba convocatoria urgente de cancilleres para condenar a la dictadura de nicaragua","padre castor %C3%A1lvarez devesa","rechazo en cuba a los festejos estatales durante el colapso de los servicios basicos","sismo de 7 4 en colombia deja m%C3%A1s de 100 muertos 87 heridos y 61 edificios colapsados","trump asegura que eeuu y venezuela est%C3%A1n haciendo una fortuna con acuerdo petrolero","venezuela todav%C3%ADa no est%C3%A1 preparada para celebrar elecciones reafirma donaldtrump","y solo estamos en verano autora grethel delgado %C3%A1lvarez"],"types":[["","All types"],["article","Articles"],["audio","Audio"],["video","Videos"],["clips","Clips"],["media","Media"]]},"has_next":true,"has_prev":true,"items":[{"article_body_paragraphs":[],"audio_source_url":null,"author":"Jos\u00e9 Pernalete","available_dubs":[],"downloadable_assets":["https://gdb.martinoticias.com/b9886e60-771c-4c96-5aab-08decd6ea425_w1600_r1_n_s.jpg"],"duration_display":"0:00","duration_seconds":null,"embed_url":null,"id":12625,"image_caption":"Una bomba de extracci\u00f3n de petr\u00f3leo en el lago de Maracaibo, en Cabimas, Venezuela.(REUTERS)","image_url":"https://gdb.martinoticias.com/b9886e60-771c-4c96-5aab-08decd6ea425_w1600_r1_n_s.jpg","is_clip":false,"is_youtube_embed":false,"item_type":"article","item_type_label":"Article","language_label":"Espa\u00f1ol","media_credit":"Jos\u00e9 Pernalete","micro_label":"Photo","micro_label_kind":"gallery","network_label":"Mart\u00ed Noticias","network_logo_url":"/static/uploads/direct_network_logos/ocb_0888427dcb1d.svg","published_at":"2026-09-01T21:54:06","published_at_display":"1 Sep 2026, 21:54 GMT","sequence_badge_label":null,"sequence_count":null,"sequence_count_label":null,"sequence_frames":[],"sequence_kind":null,"source_name":"radiotelevisionmarti_com_rss","source_name_label":"Mart\u00ed Noticias RSS","source_type":"rss","summary":"El acuerdo petrolero entre Estados Unidos y Venezuela abre la posibilidad de movilizar inversiones de hasta 100.000 millones de d\u00f3lares para recuperar parte de la deteriorada infraestructura energ\u00e9tica venezolana, aunque expertos advierten que su ejecuci\u00f3n depender\u00e1 de la capacidad de atraer capital privado y ofrecer garant\u00edas jur\u00eddicas e institucionales a los inversionistas. La Casa Blanca inform\u00f3 que el proyecto contempla el desarrollo de 17 campos petroleros, que en conjunto albergan cerca de 65.000 millones de barriles de reservas probadas, como parte de una estrategia dirigida a incrementar la producci\u00f3n venezolana y fortalecer el suministro energ\u00e9tico hacia Estados Unidos. Acuerdo petrolero con EEUU abre camino a inversiones en Venezuela, pero persisten desaf\u00edos El economista y experto petrolero venezolano Jos\u00e9 Toro Hardy considera que uno de los principales elementos que deber\u00e1n tomar en cuenta los inversionistas es la situaci\u00f3n institucional venezolana. \u201cTenemos que tomar en consideraci\u00f3n la legitimidad que pueda tener tanto esa Asamblea como la presidenta que est\u00e1 a cargo. Recordemos que ella (Delcy Rodr\u00edguez) nunca fue electa, ella simplemente fue designada por un presidente, el presidente Maduro, cuya legitimidad nunca fue reconocida por Estados Unidos\u201d, afirm\u00f3. Toro Hardy sostiene que Venezuela no dispone actualmente de los recursos necesarios para financiar por s\u00ed sola la recuperaci\u00f3n de una industria que requiere inversiones multimillonarias, por lo que considera indispensable la participaci\u00f3n del sector privado. El especialista se\u00f1al\u00f3 adem\u00e1s que la celebraci\u00f3n de elecciones y el establecimiento de instituciones con legitimidad permitir\u00edan reducir la incertidumbre para los inversionistas. Asimismo, destac\u00f3 que la recuperaci\u00f3n no tendr\u00eda el mismo costo ni tomar\u00eda el mismo tiempo en todas las regiones petroleras del pa\u00eds. En el estado Zulia y particularmente en el Lago de Maracaibo existen pozos previamente explotados cuya producci\u00f3n podr\u00eda incrementarse con inversiones relativamente menores destinadas a rehabilitaci\u00f3n y mantenimiento. El escenario es diferente en la Faja Petrol\u00edfera del Orinoco, advirti\u00f3, donde existen \u00e1reas greenfield que requieren nuevas perforaciones, infraestructura y desembolsos considerablemente mayores antes de comenzar a producir. Tambi\u00e9n existen campos en Monagas que necesitar\u00edan fuertes inversiones. Este martes el presidente Donald Trump sostuvo en la Casa Blanca una reuni\u00f3n con ejecutivos de importantes refiner\u00edas y compa\u00f1\u00edas del sector energ\u00e9tico estadounidense, en momentos en que su administraci\u00f3n busca fortalecer la capacidad de refinaci\u00f3n y el suministro de crudo. El Departamento de Estado asegur\u00f3 que la operaci\u00f3n relacionada con Venezuela permitir\u00e1 impulsar el crecimiento energ\u00e9tico y generar beneficios tanto para estadounidenses como para venezolanos. Washington tambi\u00e9n ha destacado que una compa\u00f1\u00eda petrolera estadounidense asumir\u00e1 campos anteriormente operados por empresas chinas y rusas. El congresista republicano Carlos Gim\u00e9nez sostuvo que el acuerdo debe estar acompa\u00f1ado por el plan de tres fases planteado por el secretario de Estado, Marco Rubio, destinado a avanzar hacia un proceso de transici\u00f3n y democratizaci\u00f3n en Venezuela.","title":"Acuerdo petrolero entre EEUU y Venezuela podr\u00eda atraer inversiones por 100.000 millones de d\u00f3lares","topic":null,"translation_language":"","url":"https://www.martinoticias.com/a/acuerdo-petrolero-entre-eeuu-y-venezuela-podr%c3%ada-atraer-inversiones-por-100-000-millones-de-d%c3%b3lares/476756.html","video_url":null,"youtube_conversion_active":false,"youtube_conversion_error":"","youtube_conversion_status":""},{"article_body_paragraphs":[],"audio_source_url":null,"author":"Redacci\u00f3n Mart\u00ed Noticias","available_dubs":[],"downloadable_assets":["https://gdb.martinoticias.com/4ba2522d-1ec9-4a09-8d68-3acdc98fd6ed_cx0_cy3_cw0_w1600_r1_n_s.jpg"],"duration_display":"0:00","duration_seconds":null,"embed_url":null,"id":12590,"image_caption":"Presidente de Estados Unidos, Donald Trump","image_url":"https://gdb.martinoticias.com/4ba2522d-1ec9-4a09-8d68-3acdc98fd6ed_cx0_cy3_cw0_w1600_r1_n_s.jpg","is_clip":false,"is_youtube_embed":false,"item_type":"article","item_type_label":"Article","language_label":"Espa\u00f1ol","media_credit":"Redacci\u00f3n Mart\u00ed Noticias","micro_label":"Photo","micro_label_kind":"gallery","network_label":"Mart\u00ed Noticias","network_logo_url":"/static/uploads/direct_network_logos/ocb_0888427dcb1d.svg","published_at":"2026-09-01T21:11:31","published_at_display":"1 Sep 2026, 21:11 GMT","sequence_badge_label":null,"sequence_count":null,"sequence_count_label":null,"sequence_frames":[],"sequence_kind":null,"source_name":"radiotelevisionmarti_com_rss","source_name_label":"Mart\u00ed Noticias RSS","source_type":"rss","summary":"El presidente Donald Trump anunci\u00f3 este martes que Estados Unidos est\u00e1 llevando a cabo ataques \"de gran envergadura y gran potencia\" contra objetivos iran\u00edes cerca del estrecho de Ormuz. Los ataques se realizaron en respuesta a los intentos de la Rep\u00fablica Isl\u00e1mica de colocar minas navales en el estrecho de Ormuz y de disparar ocho misiles contra una base militar estadounidense en Jordania, afirm\u00f3 Trump. En su publicaci\u00f3n en Truth Social, el presidente advirti\u00f3 que, si el gobierno iran\u00ed toma represalias, Estados Unidos llevar\u00e1 a cabo ataques mucho m\u00e1s severos. \"Si la naci\u00f3n fracasada de Ir\u00e1n responde a este ataque plenamente justificado, recibir\u00e1 un nuevo golpe con mucha mayor dureza e intensidad; pero ese no ser\u00e1 el mayor de los ataques: hay otro aguardando su momento y, cuando concluya, \u00a1quedar\u00e1 muy poco de la Rep\u00fablica Isl\u00e1mica de Ir\u00e1n!\", escribi\u00f3. Este lunes, Trump afirm\u00f3 que \"Ir\u00e1n est\u00e1 muerta\" y que es una \"naci\u00f3n oficialmente fracasada\" que atraviesa una profunda crisis pol\u00edtica, econ\u00f3mica y militar. Las tropas estadounidenses atacaron el domingo dos plataformas de lanzamiento en Larak, en el estrecho de Ormuz, en los primeros ataques estadounidenses conocidos contra Ir\u00e1n desde finales de julio. En respuesta, la naci\u00f3n isl\u00e1mica atac\u00f3 dos bases a\u00e9reas estadounidenses en Jordania, seg\u00fan informaron el lunes los medios iran\u00edes, citando a la Guardia Revolucionaria iran\u00ed.","title":"Trump anuncia ataques de gran escala contra objetivos iran\u00edes cerca del estrecho de Ormuz","topic":null,"translation_language":"","url":"https://www.martinoticias.com/a/trump-anuncia-ataques-de-gran-escala-contra-objetivos-iran%c3%ades-cerca-del-estrecho-de-ormuz/476754.html","video_url":null,"youtube_conversion_active":false,"youtube_conversion_error":"","youtube_conversion_status":""},{"article_body_paragraphs":[],"audio_source_url":null,"author":"Jos\u00e9 Pernalete","available_dubs":[],"downloadable_assets":["https://ocb-video-ns.akamaized.net/pangeavideo/2026/09/0/07/07bfa549-6b27-4d2b-6915-08def2ff2efe_1080p.mp4?cb=ee22934b1"],"duration_display":"2:21","duration_seconds":141.0,"embed_url":null,"id":12691,"image_caption":null,"image_url":"https://gdb.martinoticias.com/07bfa549-6b27-4d2b-6915-08def2ff2efe_tv_w1080_h608.jpg","is_clip":true,"is_youtube_embed":false,"item_type":"video","item_type_label":"Video","language_label":"Espa\u00f1ol","media_credit":"Jos\u00e9 Pernalete","micro_label":"Video report","micro_label_kind":"video","network_label":"Mart\u00ed Noticias","network_logo_url":"/static/uploads/direct_network_logos/ocb_0888427dcb1d.svg","published_at":"2026-09-01T21:03:45","published_at_display":"1 Sep 2026, 21:03 GMT","sequence_badge_label":null,"sequence_count":null,"sequence_count_label":null,"sequence_frames":[],"sequence_kind":null,"source_name":"ocb_spanish_video_scrape","source_name_label":"Mart\u00ed Noticias Video","source_type":"scrape","summary":"El economista y experto petrolero Jos\u00e9 Toro Hardy advierte que el acuerdo energ\u00e9tico entre Estados Unidos y Venezuela enfrenta importantes interrogantes sobre la capacidad de las empresas involucradas para ejecutar inversiones de hasta 100 mil millones de d\u00f3lares.","title":"Acuerdo petrolero con EEUU abre camino a inversiones en Venezuela, pero persisten desaf\u00edos","topic":"Info Mart\u00ed , Estados Unidos, VENEZUELA","translation_language":"","url":"https://www.martinoticias.com/a/acuerdo-petrolero-con-eeuu-abre-camino-a-inversiones-en-venezuela-pero-persisten-desaf%C3%ADos/476755.html","video_url":"https://ocb-video-ns.akamaized.net/pangeavideo/2026/09/0/07/07bfa549-6b27-4d2b-6915-08def2ff2efe_1080p.mp4?cb=ee22934b1","youtube_conversion_active":false,"youtube_conversion_error":"","youtube_conversion_status":""},{"article_body_paragraphs":[],"audio_source_url":"https://ocb-audio-ns.akamaized.net/cu/2026/09/01/20260901-210030-cu004-program.mp3","author":null,"available_dubs":[],"downloadable_assets":["https://ocb-audio-ns.akamaized.net/cu/2026/09/01/20260901-210030-cu004-program.mp3"],"duration_display":"29:29","duration_seconds":1769.0,"embed_url":null,"id":13315,"image_caption":null,"image_url":"https://gdb.martinoticias.com/04370000-0aff-0242-9b67-08daa64028f2_w1200_h630.jpg","is_clip":false,"is_youtube_embed":false,"item_type":"audio","item_type_label":"Audio","language_label":"Espa\u00f1ol","media_credit":null,"micro_label":"Audio program","micro_label_kind":"audio","network_label":"Mart\u00ed Noticias","network_logo_url":"/static/uploads/direct_network_logos/ocb_0888427dcb1d.svg","published_at":"2026-09-01T21:00:30","published_at_display":"1 Sep 2026, 21:00 GMT","sequence_badge_label":null,"sequence_count":null,"sequence_count_label":null,"sequence_frames":[],"sequence_kind":null,"source_name":"ocb_spanish_audio_scrape","source_name_label":"Mart\u00ed Noticias Audio","source_type":"scrape","summary":"Noticiero Radio Mart\u00ed presenta los hechos que hacen noticia en Cuba y el mundo.","title":"Noticiero de Radio Mart\u00ed 5:00 PM","topic":"Radio Mart\u00ed","translation_language":"","url":"https://www.martinoticias.com/a/475696.html","video_url":null,"youtube_conversion_active":false,"youtube_conversion_error":"","youtube_conversion_status":""},{"article_body_paragraphs":[],"audio_source_url":null,"author":"Jany Gonz\u00e1lez","available_dubs":[],"downloadable_assets":["https://ocb-video-ns.akamaized.net/pangeavideo/2026/09/3/3e/3ec08f3f-80ac-4a02-7c97-08def2b1c8fe_1080p.mp4?cb=ee2292622"],"duration_display":"3:00","duration_seconds":180.0,"embed_url":null,"id":12692,"image_caption":null,"image_url":"https://gdb.martinoticias.com/3ec08f3f-80ac-4a02-7c97-08def2b1c8fe_tv_w1080_h608.jpg","is_clip":true,"is_youtube_embed":false,"item_type":"video","item_type_label":"Video","language_label":"Espa\u00f1ol","media_credit":"Jany Gonz\u00e1lez","micro_label":"Video report","micro_label_kind":"video","network_label":"Mart\u00ed Noticias","network_logo_url":"/static/uploads/direct_network_logos/ocb_0888427dcb1d.svg","published_at":"2026-09-01T20:01:38","published_at_display":"1 Sep 2026, 20:01 GMT","sequence_badge_label":null,"sequence_count":null,"sequence_count_label":null,"sequence_frames":[],"sequence_kind":null,"source_name":"ocb_spanish_video_scrape","source_name_label":"Mart\u00ed Noticias Video","source_type":"scrape","summary":"\u201cNo est\u00e1 preparado este pa\u00eds para que empiece el curso escolar\u201d. Madres cubanas denuncian falta de alimentos, uniformes y \u00fatiles, adem\u00e1s de apagones y jornadas reducidas. Algunas aseguran que no enviar\u00e1n a sus hijos a la escuela.","title":"Comienza el curso escolar en Cuba entre carencias y jornadas reducidas.","topic":"Info Mart\u00ed","translation_language":"","url":"https://www.martinoticias.com/a/476749.html","video_url":"https://ocb-video-ns.akamaized.net/pangeavideo/2026/09/3/3e/3ec08f3f-80ac-4a02-7c97-08def2b1c8fe_1080p.mp4?cb=ee2292622","youtube_conversion_active":false,"youtube_conversion_error":"","youtube_conversion_status":""},{"article_body_paragraphs":[],"audio_source_url":null,"author":"Jos\u00e9 L Ramos/Amado Gil","available_dubs":[],"downloadable_assets":["https://ocb-video-ns.akamaized.net/pangeavideo/2026/09/8/88/88d1fee7-efff-4ecb-bc7a-08def2b1d8dc_720p.mp4?cb=ee229238d"],"duration_display":"28:55","duration_seconds":1735.0,"embed_url":null,"id":12748,"image_caption":null,"image_url":"https://gdb.martinoticias.com/88d1fee7-efff-4ecb-bc7a-08def2b1d8dc_tv_w1080_h608.jpg","is_clip":false,"is_youtube_embed":false,"item_type":"video","item_type_label":"Video","language_label":"Espa\u00f1ol","media_credit":"Jos\u00e9 L Ramos/Amado Gil","micro_label":"Video report","micro_label_kind":"video","network_label":"Mart\u00ed Noticias","network_logo_url":"/static/uploads/direct_network_logos/ocb_0888427dcb1d.svg","published_at":"2026-09-01T19:50:37","published_at_display":"1 Sep 2026, 19:50 GMT","sequence_badge_label":null,"sequence_count":null,"sequence_count_label":null,"sequence_frames":[],"sequence_kind":null,"source_name":"ocb_spanish_video_scrape","source_name_label":"Mart\u00ed Noticias Video","source_type":"scrape","summary":"Amado Gil y Jos\u00e9 Luis Ramos, en Tertulia con Luz Escobar e Hildebrando Chaviano, comentan la disminuci\u00f3n de protestas en Cuba en agosto. Una investigaci\u00f3n arroja la poca importancia que el r\u00e9gimen le ha dado a la alimentaci\u00f3n, y cu\u00e1les eran las ganancias de Meli\u00e1 antes y ahora.","title":"Las noticias como son","topic":"Las Noticias Como Son, Cuba","translation_language":"","url":"https://www.martinoticias.com/a/las-noticias-como-son/476750.html","video_url":"https://ocb-video-ns.akamaized.net/pangeavideo/2026/09/8/88/88d1fee7-efff-4ecb-bc7a-08def2b1d8dc_720p.mp4?cb=ee229238d","youtube_conversion_active":false,"youtube_conversion_error":"","youtube_conversion_status":""},{"article_body_paragraphs":[],"audio_source_url":null,"author":"Ivette Pacheco","available_dubs":[],"downloadable_assets":["https://gdb.martinoticias.com/c03058f4-6912-4a15-6912-08def2ff2efe_w1600_r1_n_s.png"],"duration_display":"0:00","duration_seconds":null,"embed_url":null,"id":12508,"image_caption":"Expreso pol\u00edtico cubano Andy Garc\u00eda Lorenzo","image_url":"https://gdb.martinoticias.com/c03058f4-6912-4a15-6912-08def2ff2efe_w1600_r1_n_s.png","is_clip":false,"is_youtube_embed":false,"item_type":"article","item_type_label":"Article","language_label":"Espa\u00f1ol","media_credit":"Ivette Pacheco","micro_label":"Photo","micro_label_kind":"gallery","network_label":"Mart\u00ed Noticias","network_logo_url":"/static/uploads/direct_network_logos/ocb_0888427dcb1d.svg","published_at":"2026-09-01T19:42:32","published_at_display":"1 Sep 2026, 19:42 GMT","sequence_badge_label":null,"sequence_count":null,"sequence_count_label":null,"sequence_frames":[],"sequence_kind":null,"source_name":"radiotelevisionmarti_com_rss","source_name_label":"Mart\u00ed Noticias RSS","source_type":"rss","summary":"El expreso pol\u00edtico cubano Andy Garc\u00eda Lorenzo denunci\u00f3 que agentes de la Seguridad del Estado lo amenazaron con acusarlo de espionaje si se aproxima a sedes diplom\u00e1ticas en Cuba, incluida la Embajada de Estados Unidos en La Habana. \u201cMe dijeron que, si estoy cerca de una embajada, de la que sea, por ejemplo, en las inmediaciones de la Embajada de Estados Unidos o en las inmediaciones de cualquier embajada, puedo ser acusado de espionaje\u201d, relat\u00f3 en declaraciones a Radio Mart\u00ed tras ser liberado de una detenci\u00f3n de m\u00e1s de 20 horas. El joven dijo que cuestion\u00f3 a los agentes sobre la necesidad de demostrar una acusaci\u00f3n de ese tipo, pero estos le respondieron que tambi\u00e9n podr\u00edan procesarlo por desobediencia si incumpl\u00eda las restricciones recogidas en un acta de advertencia. Garc\u00eda Lorenzo fue detenido el domingo en Santa Clara, donde reside, despu\u00e9s de tomar fotograf\u00edas en una zona en la que vecinos protestaban por los cortes de electricidad y donde se encontraba un funcionario del Ministerio del Interior. Tras su arresto, permaneci\u00f3 en la Tercera Unidad de la Polic\u00eda Nacional Revolucionaria de esa ciudad, donde le entregaron una tercera acta de advertencia y le comunicaron que sus publicaciones y denuncias en redes sociales podr\u00edan ser consideradas \u201cpropaganda enemiga\u201d. \u201cLo que uno hace normalmente a diario, que es denunciar lo que est\u00e1 mal hecho, las manifestaciones o cuando no solucionan el tema de la corriente (\u2026) ellos lo toman como propaganda enemiga\u201d, afirm\u00f3. Los agentes tambi\u00e9n le advirtieron sobre una posible acusaci\u00f3n de desobediencia si incumple alguna de las restricciones que le fueron comunicadas. \u201cLo que hacen es amenazarte o advertirte con esta tercera acta de advertencia. Claro que no lo voy a firmar\u201d, se\u00f1al\u00f3. Seg\u00fan su relato, el acta fue firmada como testigos por un polic\u00eda y un detenido, en presencia de un teniente coronel y un agente de la Seguridad del Estado. Garc\u00eda Lorenzo hab\u00eda sido excarcelado a mediados de 2025 tras cumplir una condena de cuatro a\u00f1os relacionada con su participaci\u00f3n en las protestas antigubernamentales del 11 de julio de 2021. En la etapa final, su sanci\u00f3n de privaci\u00f3n de libertad fue sustituida por trabajo correccional con internamiento. Tras completar la sanci\u00f3n, Garc\u00eda Lorenzo ha denunciado que contin\u00faa bajo vigilancia de la Seguridad del Estado.","title":"Puedo ser acusado de espionaje: R\u00e9gimen amenaza a expreso pol\u00edtico cubano","topic":null,"translation_language":"","url":"https://www.martinoticias.com/a/puedo-ser-acusado-de-espionaje-r%c3%a9gimen-amenaza-a-expreso-pol%c3%adtico-cubano/476751.html","video_url":null,"youtube_conversion_active":false,"youtube_conversion_error":"","youtube_conversion_status":""},{"article_body_paragraphs":[],"audio_source_url":null,"author":"Mart\u00ed Noticias","available_dubs":[],"downloadable_assets":["https://ocb-video-ns.akamaized.net/pangeavideo/2026/09/9/92/925a2952-e1cf-453f-b7af-6c60457b8331_1080p.mp4?cb=ee22923e5"],"duration_display":"29:14","duration_seconds":1754.0,"embed_url":null,"id":12747,"image_caption":null,"image_url":"https://gdb.martinoticias.com/925a2952-e1cf-453f-b7af-6c60457b8331_tv_w1080_h608.jpg","is_clip":false,"is_youtube_embed":false,"item_type":"video","item_type_label":"Video","language_label":"Espa\u00f1ol","media_credit":"Mart\u00ed Noticias","micro_label":"Video report","micro_label_kind":"video","network_label":"Mart\u00ed Noticias","network_logo_url":"/static/uploads/direct_network_logos/ocb_0888427dcb1d.svg","published_at":"2026-09-01T19:37:58","published_at_display":"1 Sep 2026, 19:37 GMT","sequence_badge_label":null,"sequence_count":null,"sequence_count_label":null,"sequence_frames":[],"sequence_kind":null,"source_name":"ocb_spanish_video_scrape","source_name_label":"Mart\u00ed Noticias Video","source_type":"scrape","summary":"Inicia el curso escolar en Cuba con falta de uniformes y d\u00e9ficit de maestros. -El Observatorio Cubano de Conflictos registra una sensible reducci\u00f3n de las protestas en Cuba durante agosto.","title":"Noticiero Mart\u00ed Noticias","topic":"Noticiero Mart\u00ed Noticias","translation_language":"","url":"https://www.martinoticias.com/a/noticiero-mart%C3%AD-noticias/476737.html","video_url":"https://ocb-video-ns.akamaized.net/pangeavideo/2026/09/9/92/925a2952-e1cf-453f-b7af-6c60457b8331_1080p.mp4?cb=ee22923e5","youtube_conversion_active":false,"youtube_conversion_error":"","youtube_conversion_status":""},{"article_body_paragraphs":[],"audio_source_url":"https://ocb-audio-ns.akamaized.net/cu/2026/09/01/04fd66b4-9515-456b-0425-08decd63a0c8.mp3","author":null,"available_dubs":[],"downloadable_assets":["https://ocb-audio-ns.akamaized.net/cu/2026/09/01/04fd66b4-9515-456b-0425-08decd63a0c8.mp3"],"duration_display":"28:10","duration_seconds":1690.0,"embed_url":null,"id":13415,"image_caption":null,"image_url":"https://gdb.martinoticias.com/6702a027-5762-41c7-0422-08decd63a0c8_w1200_h630.jpg","is_clip":false,"is_youtube_embed":false,"item_type":"audio","item_type_label":"Audio","language_label":"Espa\u00f1ol","media_credit":null,"micro_label":"Audio program","micro_label_kind":"audio","network_label":"Mart\u00ed Noticias","network_logo_url":"/static/uploads/direct_network_logos/ocb_0888427dcb1d.svg","published_at":"2026-09-01T19:25:29","published_at_display":"1 Sep 2026, 19:25 GMT","sequence_badge_label":null,"sequence_count":null,"sequence_count_label":null,"sequence_frames":[],"sequence_kind":null,"source_name":"ocb_spanish_audio_html_scrape_142","source_name_label":"Mart\u00ed Noticias \u00b7 Las noticias como son","source_type":"scrape","summary":"Amado Gil y Jos\u00e9 Luis Ramos, en Tertulia con Luz Escobar e Hildebrando Chaviano, comentan la disminuci\u00f3n de protestas en Cuba en agosto. Una investigaci\u00f3n arroja la poca importancia que el r\u00e9gimen le ha dado a la alimentaci\u00f3n, y cu\u00e1les eran las ganancias de Meli\u00e1 antes y ahora.","title":"Las noticias como son","topic":"Las noticias como son","translation_language":"","url":"https://www.martinoticias.com/a/476748.html","video_url":null,"youtube_conversion_active":false,"youtube_conversion_error":"","youtube_conversion_status":""},{"article_body_paragraphs":[],"audio_source_url":null,"author":"Redacci\u00f3n Mart\u00ed Noticias","available_dubs":[],"downloadable_assets":["https://gdb.martinoticias.com/654d3fa1-7186-4019-6911-08def2ff2efe_cx0_cy10_cw0_w1600_r1_n_s.jpg"],"duration_display":"0:00","duration_seconds":null,"embed_url":null,"id":12510,"image_caption":"Delcy Rodr\u00edguez y el canciller cubano Bruno Rodr\u00edguez en una ceremonia en homenaje al personal militar y de seguridad venezolano y cubano fallecido durante la captura de Nicol\u00e1s Maduro y Cilia Flores,  el 3 de enero de 2026.","image_url":"https://gdb.martinoticias.com/654d3fa1-7186-4019-6911-08def2ff2efe_cx0_cy10_cw0_w1600_r1_n_s.jpg","is_clip":false,"is_youtube_embed":false,"item_type":"article","item_type_label":"Article","language_label":"Espa\u00f1ol","media_credit":"Redacci\u00f3n Mart\u00ed Noticias","micro_label":"Photo","micro_label_kind":"gallery","network_label":"Mart\u00ed Noticias","network_logo_url":"/static/uploads/direct_network_logos/ocb_0888427dcb1d.svg","published_at":"2026-09-01T19:13:18","published_at_display":"1 Sep 2026, 19:13 GMT","sequence_badge_label":null,"sequence_count":null,"sequence_count_label":null,"sequence_frames":[],"sequence_kind":null,"source_name":"radiotelevisionmarti_com_rss","source_name_label":"Mart\u00ed Noticias RSS","source_type":"rss","summary":"\u201cEvidentemente ya esa cercan\u00eda no est\u00e1 como antes\u201d, indic\u00f3 un alto funcionario de la Casa Blanca, al describir la expectativa de que desaparezcan los mecanismos de cooperaci\u00f3n que facilitaron durante a\u00f1os los env\u00edos de petr\u00f3leo a la isla. Un alto funcionario de la administraci\u00f3n del presidente Donald Trump se mostr\u00f3 confiado en que el nuevo acuerdo petrolero con Venezuela disolver\u00e1 la fuerte alianza que forjaron Fidel Castro y Hugo Ch\u00e1vez, los beneficios multimillonarios para La Habana por medio del petr\u00f3leo venezolano y la fuerte penetraci\u00f3n cubana en el entorno chavista. El acuerdo energ\u00e9tico entre Estados Unidos y el gobierno interino encabezado por Delcy Rodr\u00edguez en Venezuela se conocer\u00e1 con m\u00e1s precisi\u00f3n esta semana con la visita a Caracas del secretario de Energ\u00eda estadounidense, Chris Wright. Seg\u00fan el funcionario, el r\u00e9gimen de Nicol\u00e1s Maduro habr\u00eda entregado petr\u00f3leo a Cuba durante a\u00f1os como parte de una alianza pol\u00edtica y de seguridad. De acuerdo con sus c\u00e1lculos, el valor de esos env\u00edos oscilar\u00eda entre 40.000 y 64.000 millones de d\u00f3lares . \u201cEra pr\u00e1cticamente un regalo de un r\u00e9gimen a otro r\u00e9gimen\u201d, sostuvo la fuente, que adem\u00e1s afirm\u00f3 que Cuba revend\u00eda una parte importante del petr\u00f3leo recibido para obtener ingresos en efectivo. EEUU vincula petr\u00f3leo venezolano con apoyo cubano al chavismo Uno de los aspectos m\u00e1s relevantes de las declaraciones fue la acusaci\u00f3n de que Venezuela habr\u00eda recibido a cambio agentes de seguridad y personal de represi\u00f3n interna cubanos , como parte de la estrecha cooperaci\u00f3n entre La Habana y Caracas. El funcionario se\u00f1al\u00f3 que la administraci\u00f3n Trump considera que los subsidios petroleros venezolanos ayudaron a sostener tanto al r\u00e9gimen cubano como a la estructura de poder chavista. Tambi\u00e9n afirm\u00f3 que China recibi\u00f3 descuentos significativos en la compra de petr\u00f3leo venezolano, mientras que Rusia obtuvo cargamentos para el pago de deudas, situando a los tres pa\u00edses entre los principales beneficiarios de la pol\u00edtica petrolera del gobierno de Maduro. Miguel D\u00edaz-Canel en una reuni\u00f3n con Nicol\u00e1s Maduro, en el Palacio de Miraflores en Caracas, Venezuela, el 30 de mayo de 2018. REUTERS/Marco Bello La Casa Blanca espera un distanciamiento entre Caracas y La Habana Las declaraciones sugieren adem\u00e1s que Washington espera que la nueva etapa pol\u00edtica en Venezuela implique un alejamiento de Cuba. Seg\u00fan la fuente, la relaci\u00f3n entre el gobierno interino venezolano y La Habana ya no tendr\u00eda el mismo nivel de cercan\u00eda que existi\u00f3 durante los gobiernos de Hugo Ch\u00e1vez y Nicol\u00e1s Maduro. \u201cEvidentemente ya esa cercan\u00eda no est\u00e1 como antes\u201d, indic\u00f3 el funcionario, al describir la expectativa de la Casa Blanca de que desaparezcan los mecanismos de cooperaci\u00f3n que facilitaron durante a\u00f1os los env\u00edos de petr\u00f3leo a la isla. M\u00e1s presi\u00f3n sobre el r\u00e9gimen cubano El funcionario tambi\u00e9n vincul\u00f3 el acuerdo con Venezuela y la estrategia hacia Cuba dentro de una pol\u00edtica m\u00e1s amplia de presi\u00f3n contra el r\u00e9gimen de La Habana. Mencion\u00f3 medidas recientes adoptadas por Washington, incluidas las sanciones contra el conglomerado militar GAESA y las acciones judiciales anunciadas contra altos dirigentes cubanos, entre ellos Ra\u00fal Castro. \u201cLa presi\u00f3n es cada vez mayor contra el r\u00e9gimen cubano, no contra el pueblo cubano\u201d, enfatiz\u00f3. Seg\u00fan la fuente, el objetivo de la administraci\u00f3n Trump es aislar econ\u00f3micamente a la c\u00fapula gobernante de la isla y limitar las fuentes de financiamiento que hist\u00f3ricamente han contribuido a sostener al r\u00e9gimen. Acuerdo petrolero busca reconstruir Venezuela Sobre el acuerdo energ\u00e9tico entre Estados Unidos y Venezuela, el funcionario asegur\u00f3 que Washington tendr\u00e1 una participaci\u00f3n en la estructura empresarial creada para administrar las operaciones. Indic\u00f3 adem\u00e1s que los ingresos y regal\u00edas derivados de la explotaci\u00f3n petrolera ser\u00e1n destinados a la reconstrucci\u00f3n del pa\u00eds sudamericano, incluyendo infraestructura vial, escuelas, viviendas y servicios p\u00fablicos. La administraci\u00f3n Trump sostiene que la iniciativa no busca fortalecer pol\u00edticamente al gobierno interino de Delcy Rodr\u00edguez, sino crear condiciones econ\u00f3micas que faciliten una futura transici\u00f3n democr\u00e1tica y la celebraci\u00f3n de elecciones libres. Washington promete evitar una nueva \u201ccleptocracia\u201d Durante la conversaci\u00f3n con periodistas, el funcionario insisti\u00f3 en que uno de los objetivos centrales del plan es evitar que Venezuela pase de un sistema de corrupci\u00f3n a otro. \u201cQueremos evitar que Venezuela vuelva a caer en manos de un r\u00e9gimen corrupto\u201d, se\u00f1al\u00f3, al explicar que Estados Unidos pretende supervisar estrechamente el proceso de recuperaci\u00f3n institucional y econ\u00f3mica del pa\u00eds.","title":"Alto funcionario de Trump anticipa distancia entre La Habana y Caracas tras acuerdo petrolero con EEUU (VIDEO)","topic":null,"translation_language":"","url":"https://www.martinoticias.com/a/alto-funcionario-de-trump-anticipa-distancia-entre-la-habana-y-caracas-tras-acuerdo-petrolero-con-eeuu/476744.html","video_url":null,"youtube_conversion_active":false,"youtube_conversion_error":"","youtube_conversion_status":""},{"article_body_paragraphs":[],"audio_source_url":null,"author":"Rolando N\u00e1poles","available_dubs":[],"downloadable_assets":["https://ocb-video-ns.akamaized.net/pangeavideo/2026/09/7/7c/7c60ed48-bfc4-430a-690f-08def2ff2efe_1080p.mp4?cb=ee2291750"],"duration_display":"3:58","duration_seconds":238.0,"embed_url":null,"id":12693,"image_caption":null,"image_url":"https://gdb.martinoticias.com/7c60ed48-bfc4-430a-690f-08def2ff2efe_tv_w1080_h608.jpg","is_clip":true,"is_youtube_embed":false,"item_type":"video","item_type_label":"Video","language_label":"Espa\u00f1ol","media_credit":"Rolando N\u00e1poles","micro_label":"Video report","micro_label_kind":"video","network_label":"Mart\u00ed Noticias","network_logo_url":"/static/uploads/direct_network_logos/ocb_0888427dcb1d.svg","published_at":"2026-09-01T18:58:16","published_at_display":"1 Sep 2026, 18:58 GMT","sequence_badge_label":null,"sequence_count":null,"sequence_count_label":null,"sequence_frames":[],"sequence_kind":null,"source_name":"ocb_spanish_video_scrape","source_name_label":"Mart\u00ed Noticias Video","source_type":"scrape","summary":"Investigaci\u00f3n revel\u00f3 c\u00f3mo el r\u00e9gimen cubano prioriz\u00f3 la inversi\u00f3n extranjera en el turismo antes de producir alimentos","title":"R\u00e9gimen prioriz\u00f3 inversi\u00f3n extranjera en el turismo antes de producir alimentos en Cuba","topic":"Audiovisuales Mart\u00ed","translation_language":"","url":"https://www.martinoticias.com/a/r%C3%A9gimen-prioriz%C3%B3-inversi%C3%B3n-extranjera-en-el-turismo-antes-de-producir-alimentos-en-cuba/476746.html","video_url":"https://ocb-video-ns.akamaized.net/pangeavideo/2026/09/7/7c/7c60ed48-bfc4-430a-690f-08def2ff2efe_1080p.mp4?cb=ee2291750","youtube_conversion_active":false,"youtube_conversion_error":"","youtube_conversion_status":""},{"article_body_paragraphs":[],"audio_source_url":null,"author":"Jany Gonz\u00e1lez","available_dubs":[],"downloadable_assets":["https://gdb.martinoticias.com/3ae016b9-798e-46bc-0420-08decd63a0c8_w1600_r1_n_s.jpg"],"duration_display":"0:00","duration_seconds":null,"embed_url":null,"id":12468,"image_caption":"Cuba inici\u00f3 este martes el curso escolar en medio de su peor crisis econ\u00f3mica en d\u00e9cadas","image_url":"https://gdb.martinoticias.com/3ae016b9-798e-46bc-0420-08decd63a0c8_w1600_r1_n_s.jpg","is_clip":false,"is_youtube_embed":false,"item_type":"article","item_type_label":"Article","language_label":"Espa\u00f1ol","media_credit":"Jany Gonz\u00e1lez","micro_label":"Photo","micro_label_kind":"gallery","network_label":"Mart\u00ed Noticias","network_logo_url":"/static/uploads/direct_network_logos/ocb_0888427dcb1d.svg","published_at":"2026-09-01T18:43:24","published_at_display":"1 Sep 2026, 18:43 GMT","sequence_badge_label":null,"sequence_count":null,"sequence_count_label":null,"sequence_frames":[],"sequence_kind":null,"source_name":"radiotelevisionmarti_com_rss","source_name_label":"Mart\u00ed Noticias RSS","source_type":"rss","summary":"M\u00e1s de 1,4 millones de estudiantes fueron convocados a las aulas este 1 de septiembre en Cuba para comenzar el curso escolar 2026-2027, marcado por la falta de maestros, uniformes y alimentos, adem\u00e1s de horarios reducidos y el impacto de los apagones prolongados. Aunque las autoridades llamaron a las familias a enfrentar el nuevo per\u00edodo con \u201cresiliencia\u201d y flexibilidad, algunas madres consultadas por Mart\u00ed Noticias aseguran que no cuentan con las condiciones m\u00ednimas para enviar a sus hijos a clases. \u201cEste pa\u00eds no est\u00e1 preparado para que empiece el curso\u201d, afirm\u00f3 una madre que decidi\u00f3 mantener en casa a sus tres hijas. \u201cNinguna va a ir. Si no hay de nada, \u00bfc\u00f3mo van a ir a la escuela? No hay zapatos, no hay mochila, no hay agua. El pan ya no se puede comprar para la merienda porque una flauta cuesta miles y miles. Sin corriente toda la noche, menos que menos\u201d, explic\u00f3. En Cuba la educaci\u00f3n primaria y secundaria b\u00e1sica son obligatorias y el Gobierno no reconoce la educaci\u00f3n en casa como alternativa al sistema escolar estatal. El r\u00e9gimen cubano reconoci\u00f3 que las escuelas no podr\u00e1n funcionar como lo hac\u00edan antes de la crisis. Cada centro deber\u00e1 ajustar sus horarios y la frecuencia de las clases de acuerdo con la disponibilidad de profesores, transporte, electricidad y alimentos. Las alternativas anunciadas por el Ministerio de Educaci\u00f3n incluyen escuelas con doble sesi\u00f3n, otras con media jornada y modificaciones en los d\u00edas de asistencia. Sin embargo, las madres cuestionan si esas medidas permitir\u00e1n garantizar realmente la continuidad y calidad de la ense\u00f1anza. \u201c\u00bfQu\u00e9 van a suministrar, si lo que estaban dando era un pan con jamonada podrida? Un d\u00eda la ni\u00f1a m\u00eda se intoxic\u00f3. Ahora no hay almuerzo, no hay corriente, no hay agua, no hay transporte y no hay nada que darles de comer a los ni\u00f1os porque los precios est\u00e1n demasiado elevados\u201d, denunci\u00f3 otra madre. Uno de los principales obst\u00e1culos es la falta de docentes. Seg\u00fan la informaci\u00f3n oficial, solamente el 73 % de las plazas necesarias est\u00e1n cubiertas por maestros permanentes con formaci\u00f3n pedag\u00f3gica. Ante el d\u00e9ficit, las autoridades recurren a contratos por horas y otras alternativas para completar la fuerza laboral en las aulas. La ausencia de alimentos tambi\u00e9n obliga a reducir los horarios en algunos centros. \u201cLe dan clases hasta el mediod\u00eda, nada m\u00e1s. Despu\u00e9s los sueltan porque no hay almuerzo ni nada\u201d, cont\u00f3 una de las madres entrevistadas. Los uniformes tampoco estuvieron disponibles para todos los estudiantes. Las autoridades priorizaron su entrega a los alumnos de preescolar y s\u00e9ptimo grado, mientras permitieron que el resto asistiera con ropa c\u00f3moda y pa\u00f1oleta. En cuanto a la alimentaci\u00f3n, algunos centros cuentan con suministros \u00fanicamente para los primeros 15 o 20 d\u00edas del curso. Despu\u00e9s deber\u00e1n buscar acuerdos con empresas estatales y negocios privados para intentar mantener el servicio. Para muchas familias, conseguir cada d\u00eda la merienda, los materiales escolares o la ropa necesaria se ha convertido en una batalla. \u201cEstoy vendiendo parte de mi ropa para que mis hijos puedan comer, porque esto cada d\u00eda est\u00e1 peor. Esto est\u00e1 negro\u201d, relat\u00f3 una madre. A esas dificultades se suman los apagones. Las familias denuncian que muchos ni\u00f1os llegan a las aulas despu\u00e9s de pasar noches sin dormir por el calor, sin desayunar adecuadamente y con problemas para concentrarse durante las clases. \u201cLos ni\u00f1os no van a tener futuro por el camino que vamos. No van a tener futuro\u201d, lament\u00f3 otra entrevistada. El r\u00e9gimen tambi\u00e9n anunci\u00f3 que intentar\u00e1 reincorporar al sistema educativo a unos 17.000 estudiantes que se hab\u00edan desvinculado. Sin embargo, el nuevo curso comenz\u00f3 con familias obligadas a decidir entre enviar a sus hijos sin alimentos, aceptar jornadas incompletas o mantenerlos en casa ante un sistema que reconoce que no puede garantizar las mismas condiciones para todos.","title":"\u201cEste pa\u00eds no est\u00e1 preparado\u201d: madre cubana dice que no enviar\u00e1 a sus hijas a la escuela","topic":null,"translation_language":"","url":"https://www.martinoticias.com/a/este-pa%c3%ads-no-est%c3%a1-preparado-madre-cubana-dice-que-no-enviar%c3%a1-a-sus-hijas-a-la-escuela/476741.html","video_url":null,"youtube_conversion_active":false,"youtube_conversion_error":"","youtube_conversion_status":""},{"article_body_paragraphs":[],"audio_source_url":"https://ocb-audio-ns.akamaized.net/cu/2026/09/01/20260901-180000-cu004-program_hq.mp3","author":"Mario J. Pent\u00f3n","available_dubs":[],"downloadable_assets":["https://ocb-audio-ns.akamaized.net/cu/2026/09/01/20260901-180000-cu004-program_hq.mp3"],"duration_display":"29:59","duration_seconds":1799.0,"embed_url":null,"id":12437,"image_caption":null,"image_url":"https://gdb.martinoticias.com/cb75a074-a814-4e7a-df7e-08de31a8b205_mw2048_mh2048_n.jpg","is_clip":false,"is_youtube_embed":false,"item_type":"audio","item_type_label":"Audio","language_label":"Espa\u00f1ol","media_credit":"OCB","micro_label":"Audio program","micro_label_kind":"audio","network_label":"Mart\u00ed Noticias","network_logo_url":"/static/uploads/direct_network_logos/ocb_0888427dcb1d.svg","published_at":"2026-09-01T18:00:00","published_at_display":"1 Sep 2026, 18:00 GMT","sequence_badge_label":null,"sequence_count":null,"sequence_count_label":null,"sequence_frames":[],"sequence_kind":null,"source_name":"radiotelevisionmarti_com_direct","source_name_label":"Mart\u00ed Noticias Direct","source_type":"direct_api","summary":"Comienza un nuevo curso escolar en Cuba, pero detr\u00e1s de los uniformes y las fotograf\u00edas oficiales hay una realidad: familias haciendo sacrificios enormes, maestros agotados y alumnos obligados a estudiar en medio de las carencias","title":"Cuba al D\u00eda con C\u00e9sar Batiz y Rolando Cartaya","topic":"Cuba al D\u00eda","translation_language":"","url":"https://ocb-audio-ns.akamaized.net/cu/2026/09/01/20260901-180000-cu004-program_hq.mp3","video_url":null,"youtube_conversion_active":false,"youtube_conversion_error":"","youtube_conversion_status":""},{"article_body_paragraphs":[],"audio_source_url":null,"author":"Jorge Morej\u00f3n","available_dubs":[],"downloadable_assets":["https://gdb.martinoticias.com/da854548-c1bf-44cd-5aaa-08decd6ea425_w1600_r1_n_s.png"],"duration_display":"0:00","duration_seconds":null,"embed_url":null,"id":12415,"image_caption":"Yohandy Morales (13) fue llamado a Grandes Ligas por los Nacionales de Washington.","image_url":"https://gdb.martinoticias.com/da854548-c1bf-44cd-5aaa-08decd6ea425_w1600_r1_n_s.png","is_clip":false,"is_youtube_embed":false,"item_type":"article","item_type_label":"Article","language_label":"Espa\u00f1ol","media_credit":"Jorge Morej\u00f3n","micro_label":"Photo","micro_label_kind":"gallery","network_label":"Mart\u00ed Noticias","network_logo_url":"/static/uploads/direct_network_logos/ocb_0888427dcb1d.svg","published_at":"2026-09-01T17:46:21","published_at_display":"1 Sep 2026, 17:46 GMT","sequence_badge_label":null,"sequence_count":null,"sequence_count_label":null,"sequence_frames":[],"sequence_kind":null,"source_name":"radiotelevisionmarti_com_rss","source_name_label":"Mart\u00ed Noticias RSS","source_type":"rss","summary":"Con la llegada del 1 de septiembre, los rosters de Grandes Ligas se expanden de 26 a 28 peloteros y muchos equipos aprovechan para darle a sus principales prospectos en las Menores su primera oportunidad en el m\u00e1s alto nivel. Tal como hicieron los Marineros de Seattle con su jardinero cubano L\u00e1zaro Montes, los Nacionales de Washington han llamado a Yohandy Morales, hijo del ex tercera base de los equipos habaneros y de la selecci\u00f3n nacional Andy Morales Le\u00f3n. En declaraciones a Mart\u00ed Noticias, su padre no pod\u00eda esconder la alegr\u00eda por ver a su hijo llegar al mejor b\u00e9isbol del mundo. \u201cNo me cabe un alpiste, imag\u00ednate, es el fruto de tanto esfuerzo, tantos a\u00f1os de trabajo\u201d, dijo Andy Morales. \u201c\u00c9l estaba pescando con un compa\u00f1ero de equipo, cuando el manager de Rochester lo llam\u00f3 para decirle del ascenso. A esa hora, a recoger todas las cosas y manejar seis horas hasta Washington\u201d, cont\u00f3 Morales. \u201cHa tenido un gran a\u00f1o y creo que merec\u00eda haber sido llamado antes, pero los tiempos de dios son perfectos. Ahora viene lo m\u00e1s dif\u00edcil, que es mantenerse\u201d, a\u00f1adi\u00f3 el orgulloso pap\u00e1. Yohandy, apodado \u201cYoyo\u201d, naci\u00f3 en Miami hace 24 a\u00f1os y es un portento de seis pies y tres pulgadas de estatura, que se desempe\u00f1a en la antesala y primera base. Fue seleccionado por los Nacionales en la segunda ronda del draft amateur del 2023, procedente de la Universidad de Miami, y ha tenido un r\u00e1pido ascenso a trav\u00e9s de las diferentes categor\u00edas de las Ligas Menores. Esta temporada, con el equipo Rochester Red Wings en AAA, bateaba para .286, con 25 cuadrangulares y 76 carreras impulsadas en 104 partidos. En el invierno fue a jugar con los Cangrejeros de Santurce a la Liga de B\u00e9isbol Profesional Roberto Clemente y que el Jugador M\u00e1s Valioso de la serie final ante los Leones de Ponce. Luego jug\u00f3 en la Serie del Caribe disputada en M\u00e9xico, donde promedi\u00f3 .500, con dos vuelacercas y tres remolcadas. Yoyo Morales fue incluido en el roster de 40 peloteros de Grandes Ligas de los Nacionales y se espera que debute este martes o el mi\u00e9rcoles, durante una miniserie de dos juegos ante los Bravos de Atlanta en la capital del pa\u00eds.","title":"M\u00e1s sangre cubana llega a las Mayores: Yohandy Morales","topic":null,"translation_language":"","url":"https://www.martinoticias.com/a/mas-sangre-cubana-llega-a-las-mayores-yohandy-morales/476743.html","video_url":null,"youtube_conversion_active":false,"youtube_conversion_error":"","youtube_conversion_status":""},{"article_body_paragraphs":[],"audio_source_url":null,"author":"Redacci\u00f3n Mart\u00ed Noticias","available_dubs":[],"downloadable_assets":["https://gdb.martinoticias.com/645CA705-EE73-4D6F-834D-D727EEE4939E_cx0_cy9_cw0_w1600_r1_n_s.jpg"],"duration_display":"0:00","duration_seconds":null,"embed_url":null,"id":12417,"image_caption":"El Hotel San Carlos (amarillo) en la ciudad de Cienfuegos, una de las instalaciones tur\u00edsticas en disputa.","image_url":"https://gdb.martinoticias.com/645CA705-EE73-4D6F-834D-D727EEE4939E_cx0_cy9_cw0_w1600_r1_n_s.jpg","is_clip":false,"is_youtube_embed":false,"item_type":"article","item_type_label":"Article","language_label":"Espa\u00f1ol","media_credit":"Redacci\u00f3n Mart\u00ed Noticias","micro_label":"Photo","micro_label_kind":"gallery","network_label":"Mart\u00ed Noticias","network_logo_url":"/static/uploads/direct_network_logos/ocb_0888427dcb1d.svg","published_at":"2026-09-01T17:38:06","published_at_display":"1 Sep 2026, 17:38 GMT","sequence_badge_label":null,"sequence_count":null,"sequence_count_label":null,"sequence_frames":[],"sequence_kind":null,"source_name":"radiotelevisionmarti_com_rss","source_name_label":"Mart\u00ed Noticias RSS","source_type":"rss","summary":"Un tribunal federal de Miami fall\u00f3 este lunes a favor de la agencia de viajes Expedia Group en una demanda presentada por cubanoamericanos, por las reservas de la agencia en propiedades confiscadas por el r\u00e9gimen cubano. El jurado determin\u00f3 que los demandantes no lograron acreditar su derecho de propiedad sobre las instalaciones tur\u00edsticas en disputa: cuatro hoteles de Cayo Coco y en el Hotel San Carlos, en Cienfuegos, seg\u00fan inform\u00f3 The New York Times . Los demandantes sosten\u00edan que la agencia de viajes hab\u00eda incurrido en \u201ctr\u00e1fico\u201d de bienes confiscados al promocionar y gestionar reservaciones en hoteles construidos sobre terrenos que pertenecieron a sus familias antes de ser expropiados por el r\u00e9gimen cubano. Entre los reclamantes figura Mario Echevarr\u00eda, cuya familia asegura haber sido propietaria de Cayo Coco, y Maricela Mata, quien reclama derechos sucesorios sobre el Hotel San Carlos, una propiedad que, de acuerdo con documentos judiciales, perteneci\u00f3 a su abuelo. Los demandantes alegaron que Expedia promocion\u00f3 y vendi\u00f3 reservaciones en esos establecimientos sin su autorizaci\u00f3n y sin ofrecerles compensaci\u00f3n. Expedia rechaz\u00f3 las acusaciones y dijo que no hab\u00eda participado de forma consciente o intencional en el uso de propiedades confiscadas, pues desconoc\u00eda los antecedentes de titularidad de los terrenos. Veronica Cassano, exdirectiva de Expedia, declar\u00f3 a The New York Times que nunca recibi\u00f3 instrucciones de sus superiores sobre la Ley Helms-Burton ni discuti\u00f3 con ellos la propiedad hist\u00f3rica de Cayo Coco. Santosh Aravind, abogado de Expedia, sostuvo que las reuniones de representantes de la compa\u00f1\u00eda con funcionarios cubanos formaban parte del proceso autorizado para establecer operaciones en la isla y se realizaron con conocimiento del Departamento del Tesoro de Estados Unidos. Expedia comenz\u00f3 a ofrecer reservas en hoteles cubanos en 2017, despu\u00e9s del acercamiento diplom\u00e1tico impulsado durante la administraci\u00f3n del expresidente dem\u00f3crata Barack Obama. Presentan multimillonaria demanda contra la Uni\u00f3n El\u00e9ctrica de Cuba y Energas Jorge Mestre, abogado de los demandantes, acus\u00f3 a Expedia de actuar con laxitud frente a las normas estadounidenses, que habilitan los viajes a Cuba \u00fanicamente bajo 12 categor\u00edas espec\u00edficas, y el turismo de playa no figura entre ellas. \u201cEs diversi\u00f3n bajo el sol, son bares y playa\u201d, dijo Mestre ante el jurado. Los demandantes estimaban en unos 82 millones de d\u00f3lares el valor de mercado de las propiedades incluidas en sus reclamaciones, seg\u00fan The New York Times . El proceso se origin\u00f3 en una demanda presentada en 2019 por varias familias cubanoamericanas que reclaman derechos sobre propiedades confiscadas por el r\u00e9gimen cubano entre 1959 y 1962. Un litigio anterior contra Expedia El fallo se produce despu\u00e9s de otro juicio bajo la Ley Helms-Burton en el que un jurado federal otorg\u00f3 en abril de 2025 una indemnizaci\u00f3n de 29,85 millones de d\u00f3lares a Mario Echevarr\u00eda. En aquel caso, Echevarr\u00eda aleg\u00f3 que Expedia, Hotels.com y Orbitz hab\u00edan obtenido ingresos a trav\u00e9s de reservas en los hoteles Iberostar Mojito, Iberostar Colonial y Pullman Cayo Coco, construidos en terrenos confiscados a su familia. Sin embargo, el juez federal Federico A. Moreno dej\u00f3 sin efecto el veredicto y dict\u00f3 sentencia a favor de la compa\u00f1\u00eda . Moreno determin\u00f3 que Expedia y sus empresas relacionadas hab\u00edan cesado las reservas en las propiedades dentro del plazo de 30 d\u00edas previsto por la ley, tras recibir la notificaci\u00f3n de los reclamantes. El caso se encuentra actualmente en fase de apelaci\u00f3n. El T\u00edtulo III de la Ley Helms-Burton El T\u00edtulo III de la Ley Helms-Burton permite a determinados ciudadanos estadounidenses demandar a personas o empresas que se beneficien del uso de propiedades confiscadas por el r\u00e9gimen cubano despu\u00e9s de 1959. La disposici\u00f3n fue aprobada en 1996, pero su aplicaci\u00f3n permaneci\u00f3 suspendida durante m\u00e1s de dos d\u00e9cadas, hasta que en mayo de 2019, durante su primer mandato, el presidente Donald Trump permiti\u00f3 su entrada en vigor. Desde entonces, antiguos propietarios y sus herederos han presentado decenas de demandas ante tribunales estadounidenses contra compa\u00f1\u00edas hoteleras, navieras, aerol\u00edneas y otras empresas acusadas de beneficiarse de bienes confiscados en Cuba. En agosto de 2025, el Departamento de Justicia pidi\u00f3 a la Corte Suprema que examinara dos casos relevantes : la demanda de Exxon Mobil contra las empresas estatales cubanas CIMEX y CUPET, y la reclamaci\u00f3n de Havana Docks contra cuatro grandes compa\u00f1\u00edas de cruceros. En los documentos presentados ante el alto tribunal, el gobierno estadounidense sostuvo que el pa\u00eds tiene importantes intereses de pol\u00edtica exterior en garantizar que los ciudadanos cuyos bienes fueron expropiados ilegalmente por el r\u00e9gimen cubano puedan recibir compensaci\u00f3n. El fallo favorable a Expedia muestra, sin embargo, que la activaci\u00f3n del T\u00edtulo III no garantiza autom\u00e1ticamente una indemnizaci\u00f3n. Los demandantes deben demostrar que cumplen los requisitos establecidos por la ley, incluida la existencia de un derecho sobre la propiedad y que el demandado sab\u00eda o ten\u00eda motivos para saber que se beneficiaba de un bien confiscado.","title":"Tribunal falla a favor de Expedia en demanda por reservas en propiedades confiscadas en Cuba","topic":null,"translation_language":"","url":"https://www.martinoticias.com/a/tribunal-falla-a-favor-de-expedia-en-demanda-por-reservas-en-propiedades-confiscadas-en-cuba/476739.html","video_url":null,"youtube_conversion_active":false,"youtube_conversion_error":"","youtube_conversion_status":""},{"article_body_paragraphs":[],"audio_source_url":null,"author":"Redacci\u00f3n Mart\u00ed Noticias","available_dubs":[],"downloadable_assets":["https://gdb.martinoticias.com/6adde3b7-2c08-4113-b9df-54922d03a649_cx0_cy7_cw0_w1600_r1_n_s.jpg"],"duration_display":"0:00","duration_seconds":null,"embed_url":null,"id":12419,"image_caption":"Ra\u00fal Guillermo Rodr\u00edguez Castro \"El Cangrejo\", junto a altos funcionario del r\u00e9gimen de La Habana, el 13 de agosto de 2026. REUTERS/Norlys P\u00e9rez","image_url":"https://gdb.martinoticias.com/6adde3b7-2c08-4113-b9df-54922d03a649_cx0_cy7_cw0_w1600_r1_n_s.jpg","is_clip":false,"is_youtube_embed":false,"item_type":"article","item_type_label":"Article","language_label":"Espa\u00f1ol","media_credit":"Redacci\u00f3n Mart\u00ed Noticias","micro_label":"Photo","micro_label_kind":"gallery","network_label":"Mart\u00ed Noticias","network_logo_url":"/static/uploads/direct_network_logos/ocb_0888427dcb1d.svg","published_at":"2026-09-01T17:35:52","published_at_display":"1 Sep 2026, 17:35 GMT","sequence_badge_label":null,"sequence_count":null,"sequence_count_label":null,"sequence_frames":[],"sequence_kind":null,"source_name":"radiotelevisionmarti_com_rss","source_name_label":"Mart\u00ed Noticias RSS","source_type":"rss","summary":"Estados Unidos est\u00e1 pidiendo informaci\u00f3n de la ciudadan\u00eda acerca de empresas que pudieran estar ayudando al r\u00e9gimen de La Habana a violar el sistema de sanciones impuestas por la Administraci\u00f3n del presidente Donald Trump a GAESA, el Grupo de Administraci\u00f3n Empresarial S.A.. Desde las redes sociales de Juan Pablo Segura, el Subsecretario de Estado de Estados Unidos para Asuntos del Hemisferio Occidental, EEUU est\u00e1 pidiendo a la gente que comparta informaci\u00f3n sobre compa\u00f1\u00edas usadas para eludir las sanciones estadounidenses contra Cuba, o sobre funcionarios e inversiones vinculadas a GAESA \"\u00bfConoce alguna empresa que se utilice para eludir las sanciones? \u00bfO alg\u00fan funcionario o inversi\u00f3n vinculados a GAESA? \u00a1Comparta lo que sabe! Ayude a sacar a la luz las redes que enriquecen al r\u00e9gimen represivo a costa del pueblo cubano\", escribi\u00f3 el funcionario que dirige la pol\u00edtica de Washington hacia Am\u00e9rica Latina, el Caribe y Canad\u00e1. GAESA, el Grupo de Administraci\u00f3n Empresarial S.A., es el conglomerado empresarial controlado por las Fuerzas Armadas cubanas que maneja la mayor parte de la econom\u00eda de la isla, desde hoteles y puertos hasta remesas y comercio. Estados Unidos ha sancionado al emporio militar porque lo considera el brazo financiero del r\u00e9gimen y acusa a sus \u00e9lites de enriquecerse mientras la poblaci\u00f3n enfrenta escasez. Las sanciones a GAESA han incluido rondas posteriores para alcanzar a intermediarios, sociedades pantalla, traspasos y redes que permitan al r\u00e9gimen seguir moviendo dinero y operando a pesar de las restricciones de EEUU.","title":"\"\u00a1Comparta lo que sabe!\", EEUU pide pistas sobre personas y firmas que apoyan a La Habana","topic":null,"translation_language":"","url":"https://www.martinoticias.com/a/comparta-lo-que-sabe-eeuu-pide-pistas-sobre-personas-y-firmas-que-apoyan-a-la-habana/476742.html","video_url":null,"youtube_conversion_active":false,"youtube_conversion_error":"","youtube_conversion_status":""},{"article_body_paragraphs":[],"audio_source_url":null,"author":"Iv\u00e1n Kasanzew","available_dubs":[],"downloadable_assets":["https://gdb.martinoticias.com/08f86d32-7b43-4220-acaf-c6cd812c5421_w1600_r1_n_s.jpg"],"duration_display":"0:00","duration_seconds":null,"embed_url":null,"id":12421,"image_caption":"El presidente argentino Javier Milei durante la ceremonia de investidura de la nueva presidenta de Per\u00fa, Keiko Fujimori.","image_url":"https://gdb.martinoticias.com/08f86d32-7b43-4220-acaf-c6cd812c5421_w1600_r1_n_s.jpg","is_clip":false,"is_youtube_embed":false,"item_type":"article","item_type_label":"Article","language_label":"Espa\u00f1ol","media_credit":"Iv\u00e1n Kasanzew","micro_label":"Photo","micro_label_kind":"gallery","network_label":"Mart\u00ed Noticias","network_logo_url":"/static/uploads/direct_network_logos/ocb_0888427dcb1d.svg","published_at":"2026-09-01T17:24:07","published_at_display":"1 Sep 2026, 17:24 GMT","sequence_badge_label":null,"sequence_count":null,"sequence_count_label":null,"sequence_frames":[],"sequence_kind":null,"source_name":"radiotelevisionmarti_com_rss","source_name_label":"Mart\u00ed Noticias RSS","source_type":"rss","summary":"El presidente argentino, Javier Milei, calific\u00f3 este martes como un hecho \u201cmuy fuerte\u201d las declaraciones de su hom\u00f3logo estadounidense, Donald Trump, quien dej\u00f3 abierta la posibilidad de revisar la posici\u00f3n de Washington respecto de las Islas Malvinas, administradas por el Reino Unido y cuya soberan\u00eda reclama Argentina. \u201cAyer pas\u00f3 algo fuerte respecto de la causa m\u00e1s sagrada que tenemos los argentinos\u201d, dijo Milei en declaraciones a El Observador , un d\u00eda despu\u00e9s de que Trump fuera consultado directamente en la Casa Blanca sobre la posici\u00f3n estadounidense respecto al tema. Milei adelant\u00f3 que el asunto ser\u00eda abordado en una reuni\u00f3n de su gabinete y anunci\u00f3 que el jueves por la noche dar\u00e1 un mensaje por cadena nacional dedicado a la cuesti\u00f3n Malvinas. El canciller argentino, Pablo Quirno, sostuvo por su parte que Buenos Aires debe concentrarse en fortalecer sus propias herramientas diplom\u00e1ticas en lugar de depender de una eventual decisi\u00f3n de Washington. \u201cLas Malvinas est\u00e1n en el centro del coraz\u00f3n de cada argentino. Es una obligaci\u00f3n y una responsabilidad para nosotros mantener vivo el reclamo sobre la soberan\u00eda\u201d, afirm\u00f3. Quirno descart\u00f3 que exista una negociaci\u00f3n conjunta sobre el asunto. \u201cAc\u00e1 no hay un tri\u00e1ngulo m\u00e1gico donde estamos hablando en estos t\u00e9rminos... Lo que haga Trump con Inglaterra ser\u00e1 Trump con Inglaterra\u201d. El lunes, periodistas preguntaron a Trump en el Despacho Oval sobre si Estados Unidos estaba reconsiderando su postura respecto de la soberan\u00eda de las islas. \u201cSiempre reviso todas las posiciones. Esa es apenas una entre muchas\u201d, respondi\u00f3 el mandatario estadounidense, sin ofrecer otros detalles. Las declaraciones de Trump se produjeron despu\u00e9s de que The Telegraph informara que funcionarios estadounidenses hab\u00edan considerado la cuesti\u00f3n de las Malvinas entre posibles medidas para presionar a aliados de la OTAN a elevar su gasto militar. El diario brit\u00e1nico inform\u00f3 que una eventual modificaci\u00f3n de la postura estadounidense respecto de las islas figuraba entre las opciones examinadas. Consultado tambi\u00e9n sobre las diferencias con Londres, Trump afirm\u00f3 que \u201cel Reino Unido tiene algunos problemas, pero se resolver\u00e1n\u201d. Estados Unidos ha evitado tomar partido sobre la cuesti\u00f3n de la soberan\u00eda desde la guerra de 1982 entre Argentina y el Reino Unido y reconoce la administraci\u00f3n brit\u00e1nica de facto sobre el territorio. Londres sostiene que la soberan\u00eda debe determinarse de acuerdo con la voluntad de los habitantes de las islas. En un refer\u00e9ndum celebrado en 2013, el 99,8% de los votantes respald\u00f3 mantener el estatus de territorio brit\u00e1nico de ultramar.","title":"Milei celebra comentarios de Trump sobre Islas Malvinas","topic":null,"translation_language":"","url":"https://www.martinoticias.com/a/milei-celebra-posible-giro-historico-de-estados-unidos-sobre-malvinas/476735.html","video_url":null,"youtube_conversion_active":false,"youtube_conversion_error":"","youtube_conversion_status":""},{"article_body_paragraphs":[],"audio_source_url":null,"author":"Redacci\u00f3n Mart\u00ed Noticias","available_dubs":[],"downloadable_assets":["https://gdb.martinoticias.com/9904803b-70b8-4683-d12a-08debb53aba1_cx0_cy10_cw0_w1600_r1_n_s.jpg"],"duration_display":"0:00","duration_seconds":null,"embed_url":null,"id":12423,"image_caption":"Un autom\u00f3vil cl\u00e1sico utilizado pasa frente a la Embajada de Estados Unidos en La Habana, Cuba.","image_url":"https://gdb.martinoticias.com/9904803b-70b8-4683-d12a-08debb53aba1_cx0_cy10_cw0_w1600_r1_n_s.jpg","is_clip":false,"is_youtube_embed":false,"item_type":"article","item_type_label":"Article","language_label":"Espa\u00f1ol","media_credit":"Redacci\u00f3n Mart\u00ed Noticias","micro_label":"Photo","micro_label_kind":"gallery","network_label":"Mart\u00ed Noticias","network_logo_url":"/static/uploads/direct_network_logos/ocb_0888427dcb1d.svg","published_at":"2026-09-01T17:09:34","published_at_display":"1 Sep 2026, 17:09 GMT","sequence_badge_label":null,"sequence_count":null,"sequence_count_label":null,"sequence_frames":[],"sequence_kind":null,"source_name":"radiotelevisionmarti_com_rss","source_name_label":"Mart\u00ed Noticias RSS","source_type":"rss","summary":"La Embajada de Estados Unidos en Cuba emiti\u00f3 una alerta de seguridad este martes ante el incremento de delitos oportunistas relacionados con veh\u00edculos en La Habana. Seg\u00fan la representaci\u00f3n diplom\u00e1tica, en las \u00faltimas semanas se ha registrado un aumento de hechos delictivos como robos en el interior de autom\u00f3viles, sustracci\u00f3n de piezas de veh\u00edculos, incluidos espejos laterales y limpiaparabrisas, as\u00ed como intentos de robo de autos. La embajada estadounidense atribuy\u00f3 el fen\u00f3meno al deterioro de las condiciones econ\u00f3micas en la isla, que ha provocado un aumento general de la criminalidad. Por ello, exhort\u00f3 a los ciudadanos estadounidenses a extremar las medidas de vigilancia y seguridad, especialmente en lo referente a sus veh\u00edculos. Entre las recomendaciones emitidas figuran mantener las puertas aseguradas y las ventanillas completamente cerradas, incluso cuando se permanece dentro del autom\u00f3vil; no dejar objetos de valor ni documentos importantes en veh\u00edculos sin supervisi\u00f3n, y estacionar, siempre que sea posible, en garajes o detr\u00e1s de portones cerrados. Asimismo, la sede diplom\u00e1tica de EEUU aconsej\u00f3 utilizar los servicios de los llamados \"parqueadores\" al visitar restaurantes, tiendas u otros establecimientos comerciales, verificando que realmente est\u00e9n vigilando la zona donde se encuentra estacionado el veh\u00edculo y consultando previamente si el servicio tiene alg\u00fan costo. La criminalidad ha aumentado considerablemente en Cuba a medida que ha ido profundiz\u00e1ndose la crisis econ\u00f3mica. De acuerdo con el m\u00e1s reciente informe del Observatorio Cubano de Conflictos (OCC), las denuncias por inseguridad ciudadana pasaron de 131 en julio a 177 en agosto, un incremento del 30%. El OCC registr\u00f3 38 muertes relacionadas con la violencia criminal, social, de g\u00e9nero e intrafamiliar. \u201cCualquier objeto, un tel\u00e9fono, unos pesos, una bicicleta o una motorina, puede ser motivo suficiente para matar\u201d, dijo este martes a Mart\u00ed Noticias el periodista Rolando Cartaya, investigador principal del OCC. La embajada de Washington en La Habana record\u00f3 que las v\u00edctimas de robo deben informar a las autoridades locales. En Cuba, los n\u00fameros de emergencia son el 106 para la Polic\u00eda, el 105 para los Bomberos y el 104 para servicios de ambulancia. Seg\u00fan la alerta, los ciudadanos estadounidenses que enfrenten una emergencia pueden comunicarse con la Embajada de EEUU en La Habana al tel\u00e9fono +(53) 7 839-4100. Fuera del horario laboral deben marcar 1 y luego 0. La sede diplom\u00e1tica tambi\u00e9n puede brindar asistencia para reemplazar pasaportes perdidos o robados. La embajada de EEUU en Cuba emite alertas de seguridad regularmente. La semana pasada, la sede diplom\u00e1tica alert\u00f3 sobre el deterioro del suministro de agua en la isla y las consecuencias sanitarias. La isla sufre prolongados y crecientes problemas con el suministro de agua potable y energ\u00eda el\u00e9ctrica, dijo, causados por la mala gesti\u00f3n de la infraestructura p\u00fablica por parte del r\u00e9gimen.","title":"Embajada de EEUU en Cuba alerta por aumento de robos de veh\u00edculos en La Habana","topic":null,"translation_language":"","url":"https://www.martinoticias.com/a/embajada-de-eeuu-en-cuba-alerta-por-aumento-de-robos-de-veh%c3%adculos-en-la-habana/476738.html","video_url":null,"youtube_conversion_active":false,"youtube_conversion_error":"","youtube_conversion_status":""},{"article_body_paragraphs":[],"audio_source_url":null,"author":"Oficina de Pol\u00edticas","available_dubs":[],"downloadable_assets":["https://gdb.martinoticias.com/0221efdb-9b23-460c-b1ee-830b946a0f23_cx0_cy10_cw0_w1600_r1_n_s.jpg"],"duration_display":"0:00","duration_seconds":null,"embed_url":null,"id":12364,"image_caption":"Un comerciante en su puesto de ventas de cosm\u00e9ticos y productos para el hogar, frente a un edificio destruido en la ciudad de Gaza, el 31 de agosto de 2026.","image_url":"https://gdb.martinoticias.com/0221efdb-9b23-460c-b1ee-830b946a0f23_cx0_cy10_cw0_w1600_r1_n_s.jpg","is_clip":false,"is_youtube_embed":false,"item_type":"article","item_type_label":"Article","language_label":"Espa\u00f1ol","media_credit":"Oficina de Pol\u00edticas","micro_label":"Photo","micro_label_kind":"gallery","network_label":"Mart\u00ed Noticias","network_logo_url":"/static/uploads/direct_network_logos/ocb_0888427dcb1d.svg","published_at":"2026-09-01T16:59:47","published_at_display":"1 Sep 2026, 16:59 GMT","sequence_badge_label":null,"sequence_count":null,"sequence_count_label":null,"sequence_frames":[],"sequence_kind":null,"source_name":"radiotelevisionmarti_com_rss","source_name_label":"Mart\u00ed Noticias RSS","source_type":"rss","summary":"A continuaci\u00f3n, un editorial que refleja la postura del Gobierno de los Estados Unidos: En un informe publicado en junio, UNICEF revel\u00f3 que la desnutrici\u00f3n aguda entre los ni\u00f1os menores de cinco a\u00f1os en las zonas accesibles de Gaza ha disminuido un sorprendente 82 por ciento en menos de un a\u00f1o. Claramente, la ayuda humanitaria est\u00e1 llegando a los sectores m\u00e1s vulnerables de Gaza. \"No deber\u00eda sorprender\", declar\u00f3 el embajador de Estados Unidos ante las Naciones Unidas, Mike Waltz, \"que cuando los grupos terroristas dejan de acaparar y utilizar la ayuda como un cruel instrumento de control, la vida de las personas mejore\". \"Y, por primera vez en la historia moderna, un nuevo futuro para Gaza est\u00e1 al alcance de la mano de manera cre\u00edble: un futuro sin guerra, sin se\u00f1ores de la guerra terroristas, sin t\u00faneles, sin rehenes y sin sufrimiento\". Pero esto requiere mantener la presi\u00f3n sobre Ham\u00e1s para que cumpla los t\u00e9rminos del Plan Integral del presidente Donald Trump para poner fin al conflicto de Gaza, el cual fue respaldado por el Consejo de Seguridad de la ONU. En virtud de dicho plan, se ha establecido una Fuerza Internacional de Estabilizaci\u00f3n (ISF, por sus siglas en ingl\u00e9s) mediante la Resoluci\u00f3n 2803. Ahora, por primera vez, est\u00e1 prevista la llegada de tropas y personal de naciones aliadas para mantener la paz. Ya hay veh\u00edculos t\u00e1cticos en la base log\u00edstica de la ISF. Pa\u00edses tan diversos como Uganda, Marruecos y Kazajist\u00e1n han ofrecido miles de efectivos. Aunque el proceso no avanza tan r\u00e1pido como desear\u00edamos, est\u00e1 en marcha, afirm\u00f3 el embajador Waltz. El desarme de Ham\u00e1s ser\u00e1 objeto de un escrutinio riguroso. Debe ser verificado por partes imparciales. Nada se aceptar\u00e1 bas\u00e1ndose \u00fanicamente en la confianza, se\u00f1al\u00f3 el embajador Waltz. \"Mediante un proceso verificado, tenemos la posibilidad de abrir un futuro para el pueblo de Gaza libre de Ham\u00e1s, libre del sufrimiento causado por terroristas que los violaron y saquearon durante toda una generaci\u00f3n\". Y, una vez que Ham\u00e1s demuestre el cumplimiento total de sus compromisos, Israel iniciar\u00e1 su retirada gradual \u2014y finalmente completa\u2014 de la Franja de Gaza. Gaza no puede reconstruirse mientras Ham\u00e1s conserve la capacidad de sumirla nuevamente en la guerra, subray\u00f3 el embajador Waltz. \"Nos veremos atrapados en un ciclo de ayuda humanitaria en lugar de avanzar hacia la reconstrucci\u00f3n, hasta que Ham\u00e1s se desarme y se desmilitarice\". El oto\u00f1o pasado a\u00fan hab\u00eda guerra, rehenes y sufrimiento. Ahora, menos de un a\u00f1o despu\u00e9s de la aprobaci\u00f3n de la resoluci\u00f3n 2803, ya no quedan rehenes en Gaza. La ayuda est\u00e1 empezando a llegar a quienes la necesitan. Ham\u00e1s ha aceptado desarmarse por completo. Las FDI se est\u00e1n retirando. Y el Comit\u00e9 Nacional para la Administraci\u00f3n de Gaza cuenta con autorizaci\u00f3n para asumir sus funciones. Claramente, el Plan de Paz del presidente Trump \u2014ahora convertido en una hoja de ruta de 15 puntos\u2014 representa la mejor esperanza para la paz en Gaza. \"Dejemos de lado la pol\u00edtica y las agendas particulares y apoyemos este nuevo camino\".","title":"EEUU conf\u00eda en el Plan de Paz del presidente Trump para Gaza","topic":null,"translation_language":"","url":"https://www.martinoticias.com/a/eeuu-conf%c3%ada-en-el-plan-de-paz-del-presidente-trump-para-gaza/476740.html","video_url":null,"youtube_conversion_active":false,"youtube_conversion_error":"","youtube_conversion_status":""},{"article_body_paragraphs":[],"audio_source_url":"https://ocb-audio-ns.akamaized.net/cu/2026/09/01/20260901-160000-cu004-program.mp3","author":null,"available_dubs":[],"downloadable_assets":["https://ocb-audio-ns.akamaized.net/cu/2026/09/01/20260901-160000-cu004-program.mp3"],"duration_display":"29:59","duration_seconds":1799.0,"embed_url":null,"id":13316,"image_caption":null,"image_url":"https://gdb.martinoticias.com/04340000-0aff-0242-9ff1-08daa6403056_w1200_h630.jpg","is_clip":false,"is_youtube_embed":false,"item_type":"audio","item_type_label":"Audio","language_label":"Espa\u00f1ol","media_credit":null,"micro_label":"Audio program","micro_label_kind":"audio","network_label":"Mart\u00ed Noticias","network_logo_url":"/static/uploads/direct_network_logos/ocb_0888427dcb1d.svg","published_at":"2026-09-01T16:00:00","published_at_display":"1 Sep 2026, 16:00 GMT","sequence_badge_label":null,"sequence_count":null,"sequence_count_label":null,"sequence_frames":[],"sequence_kind":null,"source_name":"ocb_spanish_audio_scrape","source_name_label":"Mart\u00ed Noticias Audio","source_type":"scrape","summary":"Noticiero Radio Mart\u00ed presenta los hechos que hacen noticia en Cuba y el mundo.","title":"Noticiero de Radio Mart\u00ed 12:00 PM","topic":"Radio Mart\u00ed","translation_language":"","url":"https://www.martinoticias.com/a/475672.html","video_url":null,"youtube_conversion_active":false,"youtube_conversion_error":"","youtube_conversion_status":""}],"next_num":8,"page":7,"pages":29,"per_page":20,"prev_num":6,"total":577}
