{"applied_filters":{"end_date":"","lang":"","language":"","network":"OCB","page":1,"per_page":20,"search":"","source":"ocb_spanish_audio_html_scrape_668","start_date":"","topic":"","type":""},"available_filters":{"language_choices":[{"label":"Choose Language","value":""},{"label":"Espa\u00f1ol","value":"Espa\u00f1ol"}],"network_choices":[{"label":"All networks","value":""},{"label":"OCB","value":"OCB"}],"source_choices":[{"label":"All sources","value":""},{"label":"Manual Ocb Espanol","value":"manual_ocb_espanol"},{"label":"OCB \u00b7 Caf\u00e9 Digital","value":"ocb_spanish_audio_html_scrape"},{"label":"OCB \u00b7 Liberaci\u00f3n","value":"ocb_spanish_audio_html_scrape_1001"},{"label":"OCB \u00b7 Programas de Radio Nuestra Am\u00e9rica","value":"ocb_spanish_audio_html_scrape_1016"},{"label":"OCB \u00b7 Agenda hemisf\u00e9rica","value":"ocb_spanish_audio_html_scrape_1028"},{"label":"OCB \u00b7 El futuro es ya","value":"ocb_spanish_audio_html_scrape_1056"},{"label":"OCB \u00b7 Foro abierto","value":"ocb_spanish_audio_html_scrape_1061"},{"label":"OCB \u00b7 Nicaragua al d\u00eda","value":"ocb_spanish_audio_html_scrape_1077"},{"label":"OCB \u00b7 La bola nostra","value":"ocb_spanish_audio_html_scrape_1078"},{"label":"OCB \u00b7 Taller de prensa","value":"ocb_spanish_audio_html_scrape_1103"},{"label":"OCB \u00b7 Las noticias como son","value":"ocb_spanish_audio_html_scrape_142"},{"label":"OCB \u00b7 Abriendo Espacios","value":"ocb_spanish_audio_html_scrape_562"},{"label":"OCB \u00b7 Mart\u00ed Noticias A.M.","value":"ocb_spanish_audio_html_scrape_668"},{"label":"OCB Spanish Audio","value":"ocb_spanish_audio_scrape"},{"label":"OCB Spanish Video","value":"ocb_spanish_video_scrape"},{"label":"Radiotelevisionmarti","value":"radiotelevisionmarti_com_direct"},{"label":"Radiotelevisionmarti","value":"radiotelevisionmarti_com_rss"},{"label":"TV Mart\u00ed Noticias YouTube","value":"tv_marti_noticias_youtube_playlists"}],"sources":["manual_ocb_espanol","ocb_spanish_audio_html_scrape","ocb_spanish_audio_html_scrape_1001","ocb_spanish_audio_html_scrape_1016","ocb_spanish_audio_html_scrape_1028","ocb_spanish_audio_html_scrape_1056","ocb_spanish_audio_html_scrape_1061","ocb_spanish_audio_html_scrape_1077","ocb_spanish_audio_html_scrape_1078","ocb_spanish_audio_html_scrape_1103","ocb_spanish_audio_html_scrape_142","ocb_spanish_audio_html_scrape_562","ocb_spanish_audio_html_scrape_668","ocb_spanish_audio_scrape","ocb_spanish_video_scrape","radiotelevisionmarti_com_direct","radiotelevisionmarti_com_rss","tv_marti_noticias_youtube_playlists"],"topics":["Mart\u00ed Noticias A.M."],"types":[["","All types"],["audio","Audio"],["media","Media"]]},"has_next":false,"has_prev":false,"items":[{"article_body_paragraphs":[],"audio_source_url":"https://ocb-audio-ns.akamaized.net/cu/2026/09/03/20260903-120000-cu004-program.mp3","author":null,"available_dubs":[],"downloadable_assets":["https://ocb-audio-ns.akamaized.net/cu/2026/09/03/20260903-120000-cu004-program.mp3"],"duration_display":"0:00","duration_seconds":null,"embed_url":null,"id":14017,"image_caption":null,"image_url":"https://gdb.martinoticias.com/01000000-0a00-0242-bdd1-08dbc11b65e6_w1200_h630.jpg","is_clip":false,"is_youtube_embed":false,"item_type":"audio","item_type_label":"Audio","language_label":"Espa\u00f1ol","media_credit":null,"micro_label":"Audio program","micro_label_kind":"audio","network_label":"OCB","network_logo_url":"/static/uploads/direct_network_logos/ocb_0888427dcb1d.svg","published_at":"2026-09-03T12:00:00","published_at_display":"3 Sep 2026, 12:00 GMT","sequence_badge_label":null,"sequence_count":null,"sequence_count_label":null,"sequence_frames":[],"sequence_kind":null,"source_name":"ocb_spanish_audio_html_scrape_668","source_name_label":"OCB \u00b7 Mart\u00ed Noticias A.M.","source_type":"scrape","summary":"Revista informativa con los \u00faltimos acontecimientos ocurridos en Cuba y el mundo. Con entrevistas y temas de actualidad relacionados a la pol\u00edtica, la econom\u00eda y de inter\u00e9s general.","title":"Martinoticias AM","topic":"Mart\u00ed Noticias A.M.","translation_language":"","url":"https://www.martinoticias.com/a/475816.html","video_url":null,"youtube_conversion_active":false,"youtube_conversion_error":"","youtube_conversion_status":""},{"article_body_paragraphs":[],"audio_source_url":"https://ocb-audio-ns.akamaized.net/cu/2026/09/02/20260902-120000-cu004-program.mp3","author":null,"available_dubs":[],"downloadable_assets":["https://ocb-audio-ns.akamaized.net/cu/2026/09/02/20260902-120000-cu004-program.mp3"],"duration_display":"0:00","duration_seconds":null,"embed_url":null,"id":13458,"image_caption":null,"image_url":"https://gdb.martinoticias.com/01000000-0a00-0242-bdd1-08dbc11b65e6_w1200_h630.jpg","is_clip":false,"is_youtube_embed":false,"item_type":"audio","item_type_label":"Audio","language_label":"Espa\u00f1ol","media_credit":null,"micro_label":"Audio program","micro_label_kind":"audio","network_label":"OCB","network_logo_url":"/static/uploads/direct_network_logos/ocb_0888427dcb1d.svg","published_at":"2026-09-02T12:00:00","published_at_display":"2 Sep 2026, 12:00 GMT","sequence_badge_label":null,"sequence_count":null,"sequence_count_label":null,"sequence_frames":[],"sequence_kind":null,"source_name":"ocb_spanish_audio_html_scrape_668","source_name_label":"OCB \u00b7 Mart\u00ed Noticias A.M.","source_type":"scrape","summary":"Revista informativa con los \u00faltimos acontecimientos ocurridos en Cuba y el mundo. Con entrevistas y temas de actualidad relacionados a la pol\u00edtica, la econom\u00eda y de inter\u00e9s general.","title":"Martinoticias AM","topic":"Mart\u00ed Noticias A.M.","translation_language":"","url":"https://www.martinoticias.com/a/475741.html","video_url":null,"youtube_conversion_active":false,"youtube_conversion_error":"","youtube_conversion_status":""},{"article_body_paragraphs":[],"audio_source_url":"https://ocb-audio-ns.akamaized.net/cu/2026/09/01/20260901-120000-cu004-program.mp3","author":null,"available_dubs":[],"downloadable_assets":["https://ocb-audio-ns.akamaized.net/cu/2026/09/01/20260901-120000-cu004-program.mp3"],"duration_display":"0:00","duration_seconds":null,"embed_url":null,"id":13459,"image_caption":null,"image_url":"https://gdb.martinoticias.com/01000000-0a00-0242-bdd1-08dbc11b65e6_w1200_h630.jpg","is_clip":false,"is_youtube_embed":false,"item_type":"audio","item_type_label":"Audio","language_label":"Espa\u00f1ol","media_credit":null,"micro_label":"Audio program","micro_label_kind":"audio","network_label":"OCB","network_logo_url":"/static/uploads/direct_network_logos/ocb_0888427dcb1d.svg","published_at":"2026-09-01T12:00:00","published_at_display":"1 Sep 2026, 12:00 GMT","sequence_badge_label":null,"sequence_count":null,"sequence_count_label":null,"sequence_frames":[],"sequence_kind":null,"source_name":"ocb_spanish_audio_html_scrape_668","source_name_label":"OCB \u00b7 Mart\u00ed Noticias A.M.","source_type":"scrape","summary":"Revista informativa con los \u00faltimos acontecimientos ocurridos en Cuba y el mundo. Con entrevistas y temas de actualidad relacionados a la pol\u00edtica, la econom\u00eda y de inter\u00e9s general.","title":"Martinoticias AM","topic":"Mart\u00ed Noticias A.M.","translation_language":"","url":"https://www.martinoticias.com/a/475664.html","video_url":null,"youtube_conversion_active":false,"youtube_conversion_error":"","youtube_conversion_status":""},{"article_body_paragraphs":[],"audio_source_url":"https://ocb-audio-ns.akamaized.net/cu/2026/08/31/20260831-120000-cu004-program.mp3","author":null,"available_dubs":[],"downloadable_assets":["https://ocb-audio-ns.akamaized.net/cu/2026/08/31/20260831-120000-cu004-program.mp3"],"duration_display":"0:00","duration_seconds":null,"embed_url":null,"id":13460,"image_caption":null,"image_url":"https://gdb.martinoticias.com/01000000-0a00-0242-bdd1-08dbc11b65e6_w1200_h630.jpg","is_clip":false,"is_youtube_embed":false,"item_type":"audio","item_type_label":"Audio","language_label":"Espa\u00f1ol","media_credit":null,"micro_label":"Audio program","micro_label_kind":"audio","network_label":"OCB","network_logo_url":"/static/uploads/direct_network_logos/ocb_0888427dcb1d.svg","published_at":"2026-08-31T12:00:00","published_at_display":"31 Aug 2026, 12:00 GMT","sequence_badge_label":null,"sequence_count":null,"sequence_count_label":null,"sequence_frames":[],"sequence_kind":null,"source_name":"ocb_spanish_audio_html_scrape_668","source_name_label":"OCB \u00b7 Mart\u00ed Noticias A.M.","source_type":"scrape","summary":"Revista informativa con los \u00faltimos acontecimientos ocurridos en Cuba y el mundo. Con entrevistas y temas de actualidad relacionados a la pol\u00edtica, la econom\u00eda y de inter\u00e9s general.","title":"Mart\u00ed Noticias AM","topic":"Mart\u00ed Noticias A.M.","translation_language":"","url":"https://www.martinoticias.com/a/475588.html","video_url":null,"youtube_conversion_active":false,"youtube_conversion_error":"","youtube_conversion_status":""},{"article_body_paragraphs":[],"audio_source_url":"https://ocb-audio-ns.akamaized.net/cu/2026/08/28/20260828-120000-cu004-program.mp3","author":null,"available_dubs":[],"downloadable_assets":["https://ocb-audio-ns.akamaized.net/cu/2026/08/28/20260828-120000-cu004-program.mp3"],"duration_display":"0:00","duration_seconds":null,"embed_url":null,"id":13461,"image_caption":null,"image_url":"https://gdb.martinoticias.com/01000000-0a00-0242-bdd1-08dbc11b65e6_w1200_h630.jpg","is_clip":false,"is_youtube_embed":false,"item_type":"audio","item_type_label":"Audio","language_label":"Espa\u00f1ol","media_credit":null,"micro_label":"Audio program","micro_label_kind":"audio","network_label":"OCB","network_logo_url":"/static/uploads/direct_network_logos/ocb_0888427dcb1d.svg","published_at":"2026-08-28T12:00:00","published_at_display":"28 Aug 2026, 12:00 GMT","sequence_badge_label":null,"sequence_count":null,"sequence_count_label":null,"sequence_frames":[],"sequence_kind":null,"source_name":"ocb_spanish_audio_html_scrape_668","source_name_label":"OCB \u00b7 Mart\u00ed Noticias A.M.","source_type":"scrape","summary":"Revista informativa con los \u00faltimos acontecimientos ocurridos en Cuba y el mundo. Con entrevistas y temas de actualidad relacionados a la pol\u00edtica, la econom\u00eda y de inter\u00e9s general.","title":"Martinoticias AM","topic":"Mart\u00ed Noticias A.M.","translation_language":"","url":"https://www.martinoticias.com/a/475405.html","video_url":null,"youtube_conversion_active":false,"youtube_conversion_error":"","youtube_conversion_status":""},{"article_body_paragraphs":[],"audio_source_url":"https://ocb-audio-ns.akamaized.net/cu/2026/08/27/20260827-120000-cu004-program.mp3","author":null,"available_dubs":[],"downloadable_assets":["https://ocb-audio-ns.akamaized.net/cu/2026/08/27/20260827-120000-cu004-program.mp3"],"duration_display":"0:00","duration_seconds":null,"embed_url":null,"id":13462,"image_caption":null,"image_url":"https://gdb.martinoticias.com/01000000-0a00-0242-bdd1-08dbc11b65e6_w1200_h630.jpg","is_clip":false,"is_youtube_embed":false,"item_type":"audio","item_type_label":"Audio","language_label":"Espa\u00f1ol","media_credit":null,"micro_label":"Audio program","micro_label_kind":"audio","network_label":"OCB","network_logo_url":"/static/uploads/direct_network_logos/ocb_0888427dcb1d.svg","published_at":"2026-08-27T12:00:00","published_at_display":"27 Aug 2026, 12:00 GMT","sequence_badge_label":null,"sequence_count":null,"sequence_count_label":null,"sequence_frames":[],"sequence_kind":null,"source_name":"ocb_spanish_audio_html_scrape_668","source_name_label":"OCB \u00b7 Mart\u00ed Noticias A.M.","source_type":"scrape","summary":"Revista informativa con los \u00faltimos acontecimientos ocurridos en Cuba y el mundo. Con entrevistas y temas de actualidad relacionados a la pol\u00edtica, la econom\u00eda y de inter\u00e9s general.","title":"Martinoticias AM","topic":"Mart\u00ed Noticias A.M.","translation_language":"","url":"https://www.martinoticias.com/a/474980.html","video_url":null,"youtube_conversion_active":false,"youtube_conversion_error":"","youtube_conversion_status":""},{"article_body_paragraphs":[],"audio_source_url":"https://ocb-audio-ns.akamaized.net/cu/2026/08/26/20260826-120000-cu004-program.mp3","author":null,"available_dubs":[],"downloadable_assets":["https://ocb-audio-ns.akamaized.net/cu/2026/08/26/20260826-120000-cu004-program.mp3"],"duration_display":"0:00","duration_seconds":null,"embed_url":null,"id":13463,"image_caption":null,"image_url":"https://gdb.martinoticias.com/01000000-0a00-0242-bdd1-08dbc11b65e6_w1200_h630.jpg","is_clip":false,"is_youtube_embed":false,"item_type":"audio","item_type_label":"Audio","language_label":"Espa\u00f1ol","media_credit":null,"micro_label":"Audio program","micro_label_kind":"audio","network_label":"OCB","network_logo_url":"/static/uploads/direct_network_logos/ocb_0888427dcb1d.svg","published_at":"2026-08-26T12:00:00","published_at_display":"26 Aug 2026, 12:00 GMT","sequence_badge_label":null,"sequence_count":null,"sequence_count_label":null,"sequence_frames":[],"sequence_kind":null,"source_name":"ocb_spanish_audio_html_scrape_668","source_name_label":"OCB \u00b7 Mart\u00ed Noticias A.M.","source_type":"scrape","summary":"Revista informativa con los \u00faltimos acontecimientos ocurridos en Cuba y el mundo. Con entrevistas y temas de actualidad relacionados a la pol\u00edtica, la econom\u00eda y de inter\u00e9s general.","title":"Martinoticias AM","topic":"Mart\u00ed Noticias A.M.","translation_language":"","url":"https://www.martinoticias.com/a/474901.html","video_url":null,"youtube_conversion_active":false,"youtube_conversion_error":"","youtube_conversion_status":""},{"article_body_paragraphs":[],"audio_source_url":"https://ocb-audio-ns.akamaized.net/cu/2026/08/25/20260825-120000-cu004-program.mp3","author":null,"available_dubs":[],"downloadable_assets":["https://ocb-audio-ns.akamaized.net/cu/2026/08/25/20260825-120000-cu004-program.mp3"],"duration_display":"0:00","duration_seconds":null,"embed_url":null,"id":13464,"image_caption":null,"image_url":"https://gdb.martinoticias.com/01000000-0a00-0242-bdd1-08dbc11b65e6_w1200_h630.jpg","is_clip":false,"is_youtube_embed":false,"item_type":"audio","item_type_label":"Audio","language_label":"Espa\u00f1ol","media_credit":null,"micro_label":"Audio program","micro_label_kind":"audio","network_label":"OCB","network_logo_url":"/static/uploads/direct_network_logos/ocb_0888427dcb1d.svg","published_at":"2026-08-25T12:00:00","published_at_display":"25 Aug 2026, 12:00 GMT","sequence_badge_label":null,"sequence_count":null,"sequence_count_label":null,"sequence_frames":[],"sequence_kind":null,"source_name":"ocb_spanish_audio_html_scrape_668","source_name_label":"OCB \u00b7 Mart\u00ed Noticias A.M.","source_type":"scrape","summary":"Revista informativa con los \u00faltimos acontecimientos ocurridos en Cuba y el mundo. Con entrevistas y temas de actualidad relacionados a la pol\u00edtica, la econom\u00eda y de inter\u00e9s general.","title":"Martinoticias AM","topic":"Mart\u00ed Noticias A.M.","translation_language":"","url":"https://www.martinoticias.com/a/474488.html","video_url":null,"youtube_conversion_active":false,"youtube_conversion_error":"","youtube_conversion_status":""},{"article_body_paragraphs":[],"audio_source_url":"https://ocb-audio-ns.akamaized.net/cu/2026/08/24/20260824-120000-cu004-program.mp3","author":null,"available_dubs":[],"downloadable_assets":["https://ocb-audio-ns.akamaized.net/cu/2026/08/24/20260824-120000-cu004-program.mp3"],"duration_display":"0:00","duration_seconds":null,"embed_url":null,"id":13465,"image_caption":null,"image_url":"https://gdb.martinoticias.com/01000000-0a00-0242-bdd1-08dbc11b65e6_w1200_h630.jpg","is_clip":false,"is_youtube_embed":false,"item_type":"audio","item_type_label":"Audio","language_label":"Espa\u00f1ol","media_credit":null,"micro_label":"Audio program","micro_label_kind":"audio","network_label":"OCB","network_logo_url":"/static/uploads/direct_network_logos/ocb_0888427dcb1d.svg","published_at":"2026-08-24T12:00:00","published_at_display":"24 Aug 2026, 12:00 GMT","sequence_badge_label":null,"sequence_count":null,"sequence_count_label":null,"sequence_frames":[],"sequence_kind":null,"source_name":"ocb_spanish_audio_html_scrape_668","source_name_label":"OCB \u00b7 Mart\u00ed Noticias A.M.","source_type":"scrape","summary":"Revista informativa con los \u00faltimos acontecimientos ocurridos en Cuba y el mundo. Con entrevistas y temas de actualidad relacionados a la pol\u00edtica, la econom\u00eda y de inter\u00e9s general.","title":"Mart\u00ed Noticias AM","topic":"Mart\u00ed Noticias A.M.","translation_language":"","url":"https://www.martinoticias.com/a/474081.html","video_url":null,"youtube_conversion_active":false,"youtube_conversion_error":"","youtube_conversion_status":""},{"article_body_paragraphs":[],"audio_source_url":"https://ocb-audio-ns.akamaized.net/cu/2026/08/21/20260821-120000-cu004-program.mp3","author":null,"available_dubs":[],"downloadable_assets":["https://ocb-audio-ns.akamaized.net/cu/2026/08/21/20260821-120000-cu004-program.mp3"],"duration_display":"0:00","duration_seconds":null,"embed_url":null,"id":13466,"image_caption":null,"image_url":"https://gdb.martinoticias.com/01000000-0a00-0242-bdd1-08dbc11b65e6_w1200_h630.jpg","is_clip":false,"is_youtube_embed":false,"item_type":"audio","item_type_label":"Audio","language_label":"Espa\u00f1ol","media_credit":null,"micro_label":"Audio program","micro_label_kind":"audio","network_label":"OCB","network_logo_url":"/static/uploads/direct_network_logos/ocb_0888427dcb1d.svg","published_at":"2026-08-21T12:00:00","published_at_display":"21 Aug 2026, 12:00 GMT","sequence_badge_label":null,"sequence_count":null,"sequence_count_label":null,"sequence_frames":[],"sequence_kind":null,"source_name":"ocb_spanish_audio_html_scrape_668","source_name_label":"OCB \u00b7 Mart\u00ed Noticias A.M.","source_type":"scrape","summary":"Revista informativa con los \u00faltimos acontecimientos ocurridos en Cuba y el mundo. Con entrevistas y temas de actualidad relacionados a la pol\u00edtica, la econom\u00eda y de inter\u00e9s general.","title":"Martinoticias AM","topic":"Mart\u00ed Noticias A.M.","translation_language":"","url":"https://www.martinoticias.com/a/475337.html","video_url":null,"youtube_conversion_active":false,"youtube_conversion_error":"","youtube_conversion_status":""},{"article_body_paragraphs":[],"audio_source_url":"https://ocb-audio-ns.akamaized.net/cu/2026/08/20/20260820-120000-cu004-program.mp3","author":null,"available_dubs":[],"downloadable_assets":["https://ocb-audio-ns.akamaized.net/cu/2026/08/20/20260820-120000-cu004-program.mp3"],"duration_display":"0:00","duration_seconds":null,"embed_url":null,"id":13467,"image_caption":null,"image_url":"https://gdb.martinoticias.com/01000000-0a00-0242-bdd1-08dbc11b65e6_w1200_h630.jpg","is_clip":false,"is_youtube_embed":false,"item_type":"audio","item_type_label":"Audio","language_label":"Espa\u00f1ol","media_credit":null,"micro_label":"Audio program","micro_label_kind":"audio","network_label":"OCB","network_logo_url":"/static/uploads/direct_network_logos/ocb_0888427dcb1d.svg","published_at":"2026-08-20T12:00:00","published_at_display":"20 Aug 2026, 12:00 GMT","sequence_badge_label":null,"sequence_count":null,"sequence_count_label":null,"sequence_frames":[],"sequence_kind":null,"source_name":"ocb_spanish_audio_html_scrape_668","source_name_label":"OCB \u00b7 Mart\u00ed Noticias A.M.","source_type":"scrape","summary":"Revista informativa con los \u00faltimos acontecimientos ocurridos en Cuba y el mundo. Con entrevistas y temas de actualidad relacionados a la pol\u00edtica, la econom\u00eda y de inter\u00e9s general.","title":"Martinoticias AM","topic":"Mart\u00ed Noticias A.M.","translation_language":"","url":"https://www.martinoticias.com/a/475291.html","video_url":null,"youtube_conversion_active":false,"youtube_conversion_error":"","youtube_conversion_status":""},{"article_body_paragraphs":[],"audio_source_url":"https://ocb-audio-ns.akamaized.net/cu/2026/08/19/20260819-120000-cu004-program.mp3","author":null,"available_dubs":[],"downloadable_assets":["https://ocb-audio-ns.akamaized.net/cu/2026/08/19/20260819-120000-cu004-program.mp3"],"duration_display":"0:00","duration_seconds":null,"embed_url":null,"id":13468,"image_caption":null,"image_url":"https://gdb.martinoticias.com/01000000-0a00-0242-bdd1-08dbc11b65e6_w1200_h630.jpg","is_clip":false,"is_youtube_embed":false,"item_type":"audio","item_type_label":"Audio","language_label":"Espa\u00f1ol","media_credit":null,"micro_label":"Audio program","micro_label_kind":"audio","network_label":"OCB","network_logo_url":"/static/uploads/direct_network_logos/ocb_0888427dcb1d.svg","published_at":"2026-08-19T12:00:00","published_at_display":"19 Aug 2026, 12:00 GMT","sequence_badge_label":null,"sequence_count":null,"sequence_count_label":null,"sequence_frames":[],"sequence_kind":null,"source_name":"ocb_spanish_audio_html_scrape_668","source_name_label":"OCB \u00b7 Mart\u00ed Noticias A.M.","source_type":"scrape","summary":"Revista informativa con los \u00faltimos acontecimientos ocurridos en Cuba y el mundo. Con entrevistas y temas de actualidad relacionados a la pol\u00edtica, la econom\u00eda y de inter\u00e9s general.","title":"Martinoticias AM","topic":"Mart\u00ed Noticias A.M.","translation_language":"","url":"https://www.martinoticias.com/a/475255.html","video_url":null,"youtube_conversion_active":false,"youtube_conversion_error":"","youtube_conversion_status":""},{"article_body_paragraphs":[],"audio_source_url":"https://ocb-audio-ns.akamaized.net/cu/2026/08/18/20260818-120000-cu004-program.mp3","author":null,"available_dubs":[],"downloadable_assets":["https://ocb-audio-ns.akamaized.net/cu/2026/08/18/20260818-120000-cu004-program.mp3"],"duration_display":"0:00","duration_seconds":null,"embed_url":null,"id":13469,"image_caption":null,"image_url":"https://gdb.martinoticias.com/01000000-0a00-0242-bdd1-08dbc11b65e6_w1200_h630.jpg","is_clip":false,"is_youtube_embed":false,"item_type":"audio","item_type_label":"Audio","language_label":"Espa\u00f1ol","media_credit":null,"micro_label":"Audio program","micro_label_kind":"audio","network_label":"OCB","network_logo_url":"/static/uploads/direct_network_logos/ocb_0888427dcb1d.svg","published_at":"2026-08-18T12:00:00","published_at_display":"18 Aug 2026, 12:00 GMT","sequence_badge_label":null,"sequence_count":null,"sequence_count_label":null,"sequence_frames":[],"sequence_kind":null,"source_name":"ocb_spanish_audio_html_scrape_668","source_name_label":"OCB \u00b7 Mart\u00ed Noticias A.M.","source_type":"scrape","summary":"Revista informativa con los \u00faltimos acontecimientos ocurridos en Cuba y el mundo. Con entrevistas y temas de actualidad relacionados a la pol\u00edtica, la econom\u00eda y de inter\u00e9s general.","title":"Martinoticias AM","topic":"Mart\u00ed Noticias A.M.","translation_language":"","url":"https://www.martinoticias.com/a/475212.html","video_url":null,"youtube_conversion_active":false,"youtube_conversion_error":"","youtube_conversion_status":""}],"next_num":null,"page":1,"pages":1,"per_page":20,"prev_num":null,"total":13}
