{"applied_filters":{"end_date":"","lang":"","language":"","network":"OCB","page":1,"per_page":20,"search":"","source":"ocb_spanish_video_scrape","start_date":"","topic":"","type":""},"available_filters":{"language_choices":[{"label":"Choose Language","value":""},{"label":"English","value":"English"},{"label":"Espa\u00f1ol","value":"Espa\u00f1ol"}],"network_choices":[{"label":"All networks","value":""},{"label":"OCB","value":"OCB"}],"source_choices":[{"label":"All sources","value":""},{"label":"Manual Ocb Espanol","value":"manual_ocb_espanol"},{"label":"OCB \u00b7 Caf\u00e9 Digital","value":"ocb_spanish_audio_html_scrape"},{"label":"OCB \u00b7 Liberaci\u00f3n","value":"ocb_spanish_audio_html_scrape_1001"},{"label":"OCB \u00b7 Programas de Radio Nuestra Am\u00e9rica","value":"ocb_spanish_audio_html_scrape_1016"},{"label":"OCB \u00b7 Agenda hemisf\u00e9rica","value":"ocb_spanish_audio_html_scrape_1028"},{"label":"OCB \u00b7 El futuro es ya","value":"ocb_spanish_audio_html_scrape_1056"},{"label":"OCB \u00b7 Foro abierto","value":"ocb_spanish_audio_html_scrape_1061"},{"label":"OCB \u00b7 Nicaragua al d\u00eda","value":"ocb_spanish_audio_html_scrape_1077"},{"label":"OCB \u00b7 La bola nostra","value":"ocb_spanish_audio_html_scrape_1078"},{"label":"OCB \u00b7 Taller de prensa","value":"ocb_spanish_audio_html_scrape_1103"},{"label":"OCB \u00b7 Las noticias como son","value":"ocb_spanish_audio_html_scrape_142"},{"label":"OCB \u00b7 Abriendo Espacios","value":"ocb_spanish_audio_html_scrape_562"},{"label":"OCB \u00b7 Mart\u00ed Noticias A.M.","value":"ocb_spanish_audio_html_scrape_668"},{"label":"OCB Spanish Audio","value":"ocb_spanish_audio_scrape"},{"label":"OCB Spanish Video","value":"ocb_spanish_video_scrape"},{"label":"Radiotelevisionmarti","value":"radiotelevisionmarti_com_direct"},{"label":"Radiotelevisionmarti","value":"radiotelevisionmarti_com_rss"},{"label":"TV Mart\u00ed Noticias YouTube","value":"tv_marti_noticias_youtube_playlists"}],"sources":["manual_ocb_espanol","ocb_spanish_audio_html_scrape","ocb_spanish_audio_html_scrape_1001","ocb_spanish_audio_html_scrape_1016","ocb_spanish_audio_html_scrape_1028","ocb_spanish_audio_html_scrape_1056","ocb_spanish_audio_html_scrape_1061","ocb_spanish_audio_html_scrape_1077","ocb_spanish_audio_html_scrape_1078","ocb_spanish_audio_html_scrape_1103","ocb_spanish_audio_html_scrape_142","ocb_spanish_audio_html_scrape_562","ocb_spanish_audio_html_scrape_668","ocb_spanish_audio_scrape","ocb_spanish_video_scrape","radiotelevisionmarti_com_direct","radiotelevisionmarti_com_rss","tv_marti_noticias_youtube_playlists"],"topics":["Am\u00e9rica Latina, VENEZUELA, Maiquetia","Asuntos de Estado","Audiovisuales Mart\u00ed","Audiovisuales Mart\u00ed, Cuba turismo, crisis del turismo en Cuba","Audiovisuales Mart\u00ed, VENEZUELA, apagones","Como Come Cuba, cuba, Como Come Cuba","Cuba Habla","Cuba Habla, Cuba","Cuba al D\u00eda, Cuba","Derechos Humanos, cuba, exilio, c\u00e1ncer, Ram\u00f3n Sa\u00fal S\u00e1nchez","Especiales, Exilio cubano, Freedom tower, \"Libertad\", Torre de la Libertad de Miami, Exilio cubano en Miami","Especiales, jos\u00e9 mart\u00ed, Exilio cubano","Esperando un techo, cuba, crisis, vivienda, derrumbes, techo, paredes, EsperandounTecho","Info Mart\u00ed","Info Mart\u00ed , Brigada 2506","Info Mart\u00ed , Cuba","Info Mart\u00ed , Estados Unidos, Colombia","Info Mart\u00ed , Estados Unidos, VENEZUELA","Info Mart\u00ed , estados unidos, Venezuela","Info Mart\u00ed , presos politicos, torturas, VENEZUELA","Kentu-Cubano, cuba, cubanos, Kentucky, migrantes, KentoCubano","Las Noticias Como Son, Cuba","Noticiero Mart\u00ed Noticias","Noticiero Mart\u00ed Noticias, Cuba","Ser Madre en cuba, cuba, hambre, r\u00e9gimen, madre, negligencia, Testimonios, Crisis Econ\u00f3mica, madre cubana, Crisis Alimentaria","Ser viejo en Cuba, cuba, cubanos, crisis, alimentos, ancianos, viejos, vejez"],"types":[["","All types"],["video","Videos"],["clips","Clips"],["media","Media"]]},"has_next":true,"has_prev":false,"items":[{"article_body_paragraphs":[],"audio_source_url":null,"author":"Ariane Gonz\u00e1lez, Ricardo Espinosa","available_dubs":[],"downloadable_assets":["https://ocb-video-ns.akamaized.net/pangeavideo/2026/09/9/92/92aa98f0-595d-4d46-9681-d02ebdc35a64_1080p.mp4?cb=ee22be19a"],"duration_display":"29:59","duration_seconds":1799.0,"embed_url":null,"id":14760,"image_caption":null,"image_url":"https://gdb.martinoticias.com/92aa98f0-595d-4d46-9681-d02ebdc35a64_tv_w1080_h608.jpg","is_clip":false,"is_youtube_embed":false,"item_type":"video","item_type_label":"Video","language_label":"Espa\u00f1ol","media_credit":"Ariane Gonz\u00e1lez, Ricardo Espinosa","micro_label":"Video report","micro_label_kind":"video","network_label":"OCB","network_logo_url":"/static/uploads/direct_network_logos/ocb_0888427dcb1d.svg","published_at":"2026-09-03T21:46:02","published_at_display":"3 Sep 2026, 21:46 GMT","sequence_badge_label":null,"sequence_count":null,"sequence_count_label":null,"sequence_frames":[],"sequence_kind":null,"source_name":"ocb_spanish_video_scrape","source_name_label":"OCB Spanish Video","source_type":"scrape","summary":"Noticiero de Mart\u00ed Noticias presenta un resumen de las noticias m\u00e1s importantes de Cuba y el mundo.","title":"Noticiero Mart\u00ed Noticias","topic":"Noticiero Mart\u00ed Noticias, Cuba","translation_language":"","url":"https://www.martinoticias.com/a/noticiero-mart%C3%AD-noticias/476889.html","video_url":"https://ocb-video-ns.akamaized.net/pangeavideo/2026/09/9/92/92aa98f0-595d-4d46-9681-d02ebdc35a64_1080p.mp4?cb=ee22be19a","youtube_conversion_active":false,"youtube_conversion_error":"","youtube_conversion_status":""},{"article_body_paragraphs":[],"audio_source_url":null,"author":"Jos\u00e9 L Ramos/Amado Gil","available_dubs":[],"downloadable_assets":["https://ocb-video-ns.akamaized.net/pangeavideo/2026/09/7/74/74d8f888-ea36-4707-bc89-08def2b1d8dc_720p.mp4?cb=ee22bc929"],"duration_display":"28:53","duration_seconds":1733.0,"embed_url":null,"id":14702,"image_caption":null,"image_url":"https://gdb.martinoticias.com/74d8f888-ea36-4707-bc89-08def2b1d8dc_tv_w1080_h608.jpg","is_clip":false,"is_youtube_embed":false,"item_type":"video","item_type_label":"Video","language_label":"Espa\u00f1ol","media_credit":"Jos\u00e9 L Ramos/Amado Gil","micro_label":"Video report","micro_label_kind":"video","network_label":"OCB","network_logo_url":"/static/uploads/direct_network_logos/ocb_0888427dcb1d.svg","published_at":"2026-09-03T20:00:21","published_at_display":"3 Sep 2026, 20:00 GMT","sequence_badge_label":null,"sequence_count":null,"sequence_count_label":null,"sequence_frames":[],"sequence_kind":null,"source_name":"ocb_spanish_video_scrape","source_name_label":"OCB Spanish Video","source_type":"scrape","summary":"Amado Gil y Jos\u00e9 Luis Ramos, en tertulia con Jos\u00e9 Daniel Ferrer abordan las p\u00e9simas condiciones y la manipulaci\u00f3n del gobierno cubano con el inicio del curso escolar. Tambi\u00e9n se nos une el periodista Alejandro Tur Valladares con m\u00e1s de la grave crisis econ\u00f3mica de la isla y los robos en aumento.","title":"Las noticias como son","topic":"Las Noticias Como Son, Cuba","translation_language":"","url":"https://www.martinoticias.com/a/las-noticias-como-son/476910.html","video_url":"https://ocb-video-ns.akamaized.net/pangeavideo/2026/09/7/74/74d8f888-ea36-4707-bc89-08def2b1d8dc_720p.mp4?cb=ee22bc929","youtube_conversion_active":false,"youtube_conversion_error":"","youtube_conversion_status":""},{"article_body_paragraphs":[],"audio_source_url":null,"author":"Rolando N\u00e1poles","available_dubs":[],"downloadable_assets":["https://ocb-video-ns.akamaized.net/pangeavideo/2026/09/1/12/12fc9dd0-0005-41ad-6925-08def2ff2efe_1080p.mp4?cb=ee22bc3ce"],"duration_display":"4:00","duration_seconds":240.0,"embed_url":null,"id":14693,"image_caption":null,"image_url":"https://gdb.martinoticias.com/12fc9dd0-0005-41ad-6925-08def2ff2efe_tv_w1080_h608.jpg","is_clip":true,"is_youtube_embed":false,"item_type":"video","item_type_label":"Video","language_label":"Espa\u00f1ol","media_credit":"Rolando N\u00e1poles","micro_label":"Video report","micro_label_kind":"video","network_label":"OCB","network_logo_url":"/static/uploads/direct_network_logos/ocb_0888427dcb1d.svg","published_at":"2026-09-03T19:38:54","published_at_display":"3 Sep 2026, 19:38 GMT","sequence_badge_label":null,"sequence_count":null,"sequence_count_label":null,"sequence_frames":[],"sequence_kind":null,"source_name":"ocb_spanish_video_scrape","source_name_label":"OCB Spanish Video","source_type":"scrape","summary":"Activistas y expertos aseguran en Miami que el fin del r\u00e9gimen es la \u00fanica v\u00eda para terminar con emergencia humanitaria en Cuba","title":"Cambio pol\u00edtico: \u00fanico camino para poner fin a crisis humanitaria en Cuba","topic":"Audiovisuales Mart\u00ed","translation_language":"","url":"https://www.martinoticias.com/a/cambio-pol%C3%ADtico-%C3%BAnico-camino-para-poner-fin-a-crisis-humanitaria-en-cuba/476906.html","video_url":"https://ocb-video-ns.akamaized.net/pangeavideo/2026/09/1/12/12fc9dd0-0005-41ad-6925-08def2ff2efe_1080p.mp4?cb=ee22bc3ce","youtube_conversion_active":false,"youtube_conversion_error":"","youtube_conversion_status":""},{"article_body_paragraphs":[],"audio_source_url":null,"author":"Jos\u00e9 Pernalete","available_dubs":[],"downloadable_assets":["https://ocb-video-ns.akamaized.net/pangeavideo/2026/09/6/6f/6f889c4c-3ced-4861-bc87-08def2b1d8dc_1080p.mp4?cb=ee22bbad4"],"duration_display":"2:49","duration_seconds":169.0,"embed_url":null,"id":14694,"image_caption":null,"image_url":"https://gdb.martinoticias.com/6f889c4c-3ced-4861-bc87-08def2b1d8dc_tv_w1080_h608.jpg","is_clip":true,"is_youtube_embed":false,"item_type":"video","item_type_label":"Video","language_label":"Espa\u00f1ol","media_credit":"Jos\u00e9 Pernalete","micro_label":"Video report","micro_label_kind":"video","network_label":"OCB","network_logo_url":"/static/uploads/direct_network_logos/ocb_0888427dcb1d.svg","published_at":"2026-09-03T19:00:36","published_at_display":"3 Sep 2026, 19:00 GMT","sequence_badge_label":null,"sequence_count":null,"sequence_count_label":null,"sequence_frames":[],"sequence_kind":null,"source_name":"ocb_spanish_video_scrape","source_name_label":"OCB Spanish Video","source_type":"scrape","summary":"Mar\u00eda Corina Machado lanz\u00f3 una dura advertencia tras el anuncio de acuerdos petroleros entre Estados Unidos y Venezuela. La dirigente opositora afirm\u00f3 que \u201clos enemigos de Estados Unidos en Venezuela est\u00e1n hoy en Miraflores\u201d y cuestion\u00f3 la falta de informaci\u00f3n sobre el alcance de los convenios.","title":"Machado advierte: \u201clos enemigos de Estados Unidos est\u00e1n hoy en Miraflores\u201d","topic":"Info Mart\u00ed , Estados Unidos, VENEZUELA","translation_language":"","url":"https://www.martinoticias.com/a/machado-advierte-los-enemigos-de-estados-unidos-est%C3%A1n-hoy-en-miraflores/476902.html","video_url":"https://ocb-video-ns.akamaized.net/pangeavideo/2026/09/6/6f/6f889c4c-3ced-4861-bc87-08def2b1d8dc_1080p.mp4?cb=ee22bbad4","youtube_conversion_active":false,"youtube_conversion_error":"","youtube_conversion_status":""},{"article_body_paragraphs":[],"audio_source_url":null,"author":"Mart\u00ed Noticias","available_dubs":[],"downloadable_assets":["https://ocb-video-ns.akamaized.net/pangeavideo/2026/09/b/bd/bd1b6495-9d6d-44ba-cff4-08decd5b38e4_1080p.mp4?cb=ee22b9b94"],"duration_display":"3:05","duration_seconds":185.0,"embed_url":null,"id":14352,"image_caption":null,"image_url":"https://gdb.martinoticias.com/bd1b6495-9d6d-44ba-cff4-08decd5b38e4_tv_w1080_h608.jpg","is_clip":true,"is_youtube_embed":false,"item_type":"video","item_type_label":"Video","language_label":"Espa\u00f1ol","media_credit":"Mart\u00ed Noticias","micro_label":"Video report","micro_label_kind":"video","network_label":"OCB","network_logo_url":"/static/uploads/direct_network_logos/ocb_0888427dcb1d.svg","published_at":"2026-09-03T16:47:16","published_at_display":"3 Sep 2026, 16:47 GMT","sequence_badge_label":null,"sequence_count":null,"sequence_count_label":null,"sequence_frames":[],"sequence_kind":null,"source_name":"ocb_spanish_video_scrape","source_name_label":"OCB Spanish Video","source_type":"scrape","summary":"Natalia Molano, portavoz del Departamento de Estado de Estados Unidos habla sobre el anunci\u00f3 de EEUU este jueves de otra ronda de sanciones contra la \u00e9lite del castrismo y sus v\u00edas de financiamiento.","title":"EEUU con m\u00e1s sanciones a la \u00e9lite de Castro y sus v\u00edas de financiamiento","topic":"Asuntos de Estado","translation_language":"","url":"https://www.martinoticias.com/a/eeuu-con-m%C3%A1s-sanciones-a-la-%C3%A9lite-de-castro-y-sus-v%C3%ADas-de-financiamiento/476890.html","video_url":"https://ocb-video-ns.akamaized.net/pangeavideo/2026/09/b/bd/bd1b6495-9d6d-44ba-cff4-08decd5b38e4_1080p.mp4?cb=ee22b9b94","youtube_conversion_active":false,"youtube_conversion_error":"","youtube_conversion_status":""},{"article_body_paragraphs":[],"audio_source_url":null,"author":"Mart\u00ed Noticias","available_dubs":[{"dubbed_video_url":"/static/video/direct_dubs/direct_dub_73_e7ba329a2a41.mp4","id":73,"label":"English","target_language":"en","target_language_label":"English","voice":"sage"}],"downloadable_assets":["https://ocb-video-ns.akamaized.net/pangeavideo/2026/08/9/9b/9bb3bc0b-5f8a-4e50-5a98-08decd6ea425_1080p.mp4?cb=ee2229f10"],"duration_display":"1:36","duration_seconds":96.0,"embed_url":null,"id":13935,"image_caption":null,"image_url":"https://gdb.martinoticias.com/9bb3bc0b-5f8a-4e50-5a98-08decd6ea425_tv_w1080_h608.jpg","is_clip":true,"is_youtube_embed":false,"item_type":"video","item_type_label":"Video","language_label":"Espa\u00f1ol","media_credit":"Mart\u00ed Noticias","micro_label":"Video report","micro_label_kind":"video","network_label":"OCB","network_logo_url":"/static/uploads/direct_network_logos/ocb_0888427dcb1d.svg","published_at":"2026-09-03T11:00:00","published_at_display":"3 Sep 2026, 11:00 GMT","sequence_badge_label":null,"sequence_count":null,"sequence_count_label":null,"sequence_frames":[],"sequence_kind":null,"source_name":"ocb_spanish_video_scrape","source_name_label":"OCB Spanish Video","source_type":"scrape","summary":"\"Muy mal\" as\u00ed califica desde Bayamo joven embarazada el servicio m\u00e9dico que recibe.","title":"Cuba Habla: \"Aqu\u00ed no hay nada en la farmancia, no hay nada\u201d","topic":"Cuba Habla, Cuba","translation_language":"","url":"https://www.martinoticias.com/a/cuba-habla-aqu%C3%AD-no-hay-nada-en-la-farmancia-no-hay-nada/476424.html","video_url":"https://ocb-video-ns.akamaized.net/pangeavideo/2026/08/9/9b/9bb3bc0b-5f8a-4e50-5a98-08decd6ea425_1080p.mp4?cb=ee2229f10","youtube_conversion_active":false,"youtube_conversion_error":"","youtube_conversion_status":""},{"article_body_paragraphs":[],"audio_source_url":null,"author":"Jos\u00e9 L Ramos/Amado Gil","available_dubs":[],"downloadable_assets":["https://ocb-video-ns.akamaized.net/pangeavideo/2026/09/d/d7/d7b809c0-c5a8-4f09-cfee-08decd5b38e4_720p.mp4?cb=ee22a7cf9"],"duration_display":"28:40","duration_seconds":1720.0,"embed_url":null,"id":13607,"image_caption":null,"image_url":"https://gdb.martinoticias.com/d7b809c0-c5a8-4f09-cfee-08decd5b38e4_tv_w1080_h608.jpg","is_clip":false,"is_youtube_embed":false,"item_type":"video","item_type_label":"Video","language_label":"Espa\u00f1ol","media_credit":"Jos\u00e9 L Ramos/Amado Gil","micro_label":"Video report","micro_label_kind":"video","network_label":"OCB","network_logo_url":"/static/uploads/direct_network_logos/ocb_0888427dcb1d.svg","published_at":"2026-09-02T20:24:25","published_at_display":"2 Sep 2026, 20:24 GMT","sequence_badge_label":null,"sequence_count":null,"sequence_count_label":null,"sequence_frames":[],"sequence_kind":null,"source_name":"ocb_spanish_video_scrape","source_name_label":"OCB Spanish Video","source_type":"scrape","summary":"Amado Gil y Jos\u00e9 Luis Ramos, en Tertulia con Reinaldo Escobar y Boris Gonz\u00e1lez Arena, comentan los nuevos datos sobre ca\u00edda del turismo en Cuba. Las MIPYMES ya pueden tener m\u00e1s de 100 empleados, y empresa rusa demanda a Cubana de Aviaci\u00f3n.","title":"Las noticias como son","topic":"Las Noticias Como Son, Cuba","translation_language":"","url":"https://www.martinoticias.com/a/las-noticias-como-son/476822.html","video_url":"https://ocb-video-ns.akamaized.net/pangeavideo/2026/09/d/d7/d7b809c0-c5a8-4f09-cfee-08decd5b38e4_720p.mp4?cb=ee22a7cf9","youtube_conversion_active":false,"youtube_conversion_error":"","youtube_conversion_status":""},{"article_body_paragraphs":[],"audio_source_url":null,"author":"Ariane Gonz\u00e1lez","available_dubs":[],"downloadable_assets":["https://ocb-video-ns.akamaized.net/pangeavideo/2026/09/7/70/704c74e7-0ca2-4b9f-8539-11511d8b4187_1080p.mp4?cb=ee22a7857"],"duration_display":"29:59","duration_seconds":1799.0,"embed_url":null,"id":13606,"image_caption":null,"image_url":"https://gdb.martinoticias.com/704c74e7-0ca2-4b9f-8539-11511d8b4187_tv_w1080_h608.jpg","is_clip":false,"is_youtube_embed":false,"item_type":"video","item_type_label":"Video","language_label":"Espa\u00f1ol","media_credit":"Ariane Gonz\u00e1lez","micro_label":"Video report","micro_label_kind":"video","network_label":"OCB","network_logo_url":"/static/uploads/direct_network_logos/ocb_0888427dcb1d.svg","published_at":"2026-09-02T20:04:39","published_at_display":"2 Sep 2026, 20:04 GMT","sequence_badge_label":null,"sequence_count":null,"sequence_count_label":null,"sequence_frames":[],"sequence_kind":null,"source_name":"ocb_spanish_video_scrape","source_name_label":"OCB Spanish Video","source_type":"scrape","summary":"Noticiero de Mart\u00ed Noticias presenta un resumen de las noticias m\u00e1s importantes de Cuba y el mundo.","title":"Noticiero Mart\u00ed Noticias","topic":"Noticiero Mart\u00ed Noticias, Cuba","translation_language":"","url":"https://www.martinoticias.com/a/476805.html","video_url":"https://ocb-video-ns.akamaized.net/pangeavideo/2026/09/7/70/704c74e7-0ca2-4b9f-8539-11511d8b4187_1080p.mp4?cb=ee22a7857","youtube_conversion_active":false,"youtube_conversion_error":"","youtube_conversion_status":""},{"article_body_paragraphs":[],"audio_source_url":null,"author":"Jos\u00e9 Pernalete","available_dubs":[],"downloadable_assets":["https://ocb-video-ns.akamaized.net/pangeavideo/2026/09/5/5a/5aed3dd8-b62a-4064-bc7e-08def2b1d8dc_1080p.mp4?cb=ee22a67de"],"duration_display":"2:49","duration_seconds":169.0,"embed_url":null,"id":13375,"image_caption":null,"image_url":"https://gdb.martinoticias.com/5aed3dd8-b62a-4064-bc7e-08def2b1d8dc_tv_w1080_h608.jpg","is_clip":true,"is_youtube_embed":false,"item_type":"video","item_type_label":"Video","language_label":"Espa\u00f1ol","media_credit":"Jos\u00e9 Pernalete","micro_label":"Video report","micro_label_kind":"video","network_label":"OCB","network_logo_url":"/static/uploads/direct_network_logos/ocb_0888427dcb1d.svg","published_at":"2026-09-02T18:54:22","published_at_display":"2 Sep 2026, 18:54 GMT","sequence_badge_label":null,"sequence_count":null,"sequence_count_label":null,"sequence_frames":[],"sequence_kind":null,"source_name":"ocb_spanish_video_scrape","source_name_label":"OCB Spanish Video","source_type":"scrape","summary":"Venezuela comenz\u00f3 este mi\u00e9rcoles la firma de nuevos acuerdos energ\u00e9ticos con empresas estadounidenses e internacionales durante una reuni\u00f3n en el Palacio de Miraflores encabezada por la gobernante encargada, Delcy Rodr\u00edguez, y el secretario de Energ\u00eda de Estados Unidos, Chris Wright.","title":"Empresas extrajeras firman acuerdos petroleros con Venezuela y EEUU para duplicar producci\u00f3n","topic":"Info Mart\u00ed , Estados Unidos, VENEZUELA","translation_language":"","url":"https://www.martinoticias.com/a/empresas-extrajeras-firman-acuerdos-petroleros-con-venezuela-y-eeuu-para-duplicar-producci%C3%B3n/476817.html","video_url":"https://ocb-video-ns.akamaized.net/pangeavideo/2026/09/5/5a/5aed3dd8-b62a-4064-bc7e-08def2b1d8dc_1080p.mp4?cb=ee22a67de","youtube_conversion_active":false,"youtube_conversion_error":"","youtube_conversion_status":""},{"article_body_paragraphs":[],"audio_source_url":null,"author":"Rolando N\u00e1poles","available_dubs":[],"downloadable_assets":["https://ocb-video-ns.akamaized.net/pangeavideo/2026/09/4/4a/4af4b113-c55d-4ee1-0426-08decd63a0c8_1080p.mp4?cb=ee22a5bae"],"duration_display":"2:28","duration_seconds":148.0,"embed_url":null,"id":13262,"image_caption":null,"image_url":"https://gdb.martinoticias.com/4af4b113-c55d-4ee1-0426-08decd63a0c8_tv_w1080_h608.jpg","is_clip":true,"is_youtube_embed":false,"item_type":"video","item_type_label":"Video","language_label":"Espa\u00f1ol","media_credit":"Rolando N\u00e1poles","micro_label":"Video report","micro_label_kind":"video","network_label":"OCB","network_logo_url":"/static/uploads/direct_network_logos/ocb_0888427dcb1d.svg","published_at":"2026-09-02T18:02:22","published_at_display":"2 Sep 2026, 18:02 GMT","sequence_badge_label":null,"sequence_count":null,"sequence_count_label":null,"sequence_frames":[],"sequence_kind":null,"source_name":"ocb_spanish_video_scrape","source_name_label":"OCB Spanish Video","source_type":"scrape","summary":"Madre califica de \"catastr\u00f3fico\" nuevo curso escolar en Cuba.","title":"\"El m\u00e1s catastr\u00f3fico de todos\": madre sobre curso escolar en Cuba","topic":"Audiovisuales Mart\u00ed","translation_language":"","url":"https://www.martinoticias.com/a/476810.html","video_url":"https://ocb-video-ns.akamaized.net/pangeavideo/2026/09/4/4a/4af4b113-c55d-4ee1-0426-08decd63a0c8_1080p.mp4?cb=ee22a5bae","youtube_conversion_active":false,"youtube_conversion_error":"","youtube_conversion_status":""},{"article_body_paragraphs":[],"audio_source_url":null,"author":"Mart\u00ed Noticias","available_dubs":[],"downloadable_assets":["https://ocb-video-ns.akamaized.net/pangeavideo/2026/08/e/e3/e3e5358f-c7bf-475b-040a-08decd63a0c8_1080p.mp4?cb=ee2229b09"],"duration_display":"1:19","duration_seconds":79.0,"embed_url":null,"id":12938,"image_caption":null,"image_url":"https://gdb.martinoticias.com/e3e5358f-c7bf-475b-040a-08decd63a0c8_tv_w1080_h608.jpg","is_clip":true,"is_youtube_embed":false,"item_type":"video","item_type_label":"Video","language_label":"Espa\u00f1ol","media_credit":"Mart\u00ed Noticias","micro_label":"Video report","micro_label_kind":"video","network_label":"OCB","network_logo_url":"/static/uploads/direct_network_logos/ocb_0888427dcb1d.svg","published_at":"2026-09-02T11:00:00","published_at_display":"2 Sep 2026, 11:00 GMT","sequence_badge_label":null,"sequence_count":null,"sequence_count_label":null,"sequence_frames":[],"sequence_kind":null,"source_name":"ocb_spanish_video_scrape","source_name_label":"OCB Spanish Video","source_type":"scrape","summary":"Desde La Habana, joven cubano habla de la crisis por falta de electricidad y comunicaci\u00f3n digital en la isla.","title":"Cuba Habla: \"El pueblo no tiene la culpa\u201d","topic":"Cuba Habla","translation_language":"","url":"https://www.martinoticias.com/a/cuba-habla-el-pueblo-no-tiene-la-culpa/476421.html","video_url":"https://ocb-video-ns.akamaized.net/pangeavideo/2026/08/e/e3/e3e5358f-c7bf-475b-040a-08decd63a0c8_1080p.mp4?cb=ee2229b09","youtube_conversion_active":false,"youtube_conversion_error":"","youtube_conversion_status":""},{"article_body_paragraphs":[],"audio_source_url":null,"author":"Mario J. Pent\u00f3n","available_dubs":[],"downloadable_assets":["https://ocb-video-ns.akamaized.net/pangeavideo/2026/09/f/fa/fa27e4d0-c992-4300-7c99-08def2b1c8fe_1080p.mp4?cb=ee229670d"],"duration_display":"29:47","duration_seconds":1787.0,"embed_url":null,"id":12749,"image_caption":null,"image_url":"https://gdb.martinoticias.com/fa27e4d0-c992-4300-7c99-08def2b1c8fe_tv_w1080_h608.jpg","is_clip":false,"is_youtube_embed":false,"item_type":"video","item_type_label":"Video","language_label":"Espa\u00f1ol","media_credit":"Mario J. Pent\u00f3n","micro_label":"Video report","micro_label_kind":"video","network_label":"OCB","network_logo_url":"/static/uploads/direct_network_logos/ocb_0888427dcb1d.svg","published_at":"2026-09-02T00:33:01","published_at_display":"2 Sep 2026, 00:33 GMT","sequence_badge_label":null,"sequence_count":null,"sequence_count_label":null,"sequence_frames":[],"sequence_kind":null,"source_name":"ocb_spanish_video_scrape","source_name_label":"OCB Spanish Video","source_type":"scrape","summary":"Cuba se apaga y las protestas caen: \u00bfmiedo, cansancio o resignaci\u00f3n?","title":"Cuba al d\u00eda","topic":"Cuba al D\u00eda, Cuba","translation_language":"","url":"https://www.martinoticias.com/a/cuba-al-d%C3%ADa/476797.html","video_url":"https://ocb-video-ns.akamaized.net/pangeavideo/2026/09/f/fa/fa27e4d0-c992-4300-7c99-08def2b1c8fe_1080p.mp4?cb=ee229670d","youtube_conversion_active":false,"youtube_conversion_error":"","youtube_conversion_status":""},{"article_body_paragraphs":[],"audio_source_url":null,"author":"Jos\u00e9 Pernalete","available_dubs":[],"downloadable_assets":["https://ocb-video-ns.akamaized.net/pangeavideo/2026/09/0/07/07bfa549-6b27-4d2b-6915-08def2ff2efe_1080p.mp4?cb=ee22934b1"],"duration_display":"2:21","duration_seconds":141.0,"embed_url":null,"id":12691,"image_caption":null,"image_url":"https://gdb.martinoticias.com/07bfa549-6b27-4d2b-6915-08def2ff2efe_tv_w1080_h608.jpg","is_clip":true,"is_youtube_embed":false,"item_type":"video","item_type_label":"Video","language_label":"Espa\u00f1ol","media_credit":"Jos\u00e9 Pernalete","micro_label":"Video report","micro_label_kind":"video","network_label":"OCB","network_logo_url":"/static/uploads/direct_network_logos/ocb_0888427dcb1d.svg","published_at":"2026-09-01T21:03:45","published_at_display":"1 Sep 2026, 21:03 GMT","sequence_badge_label":null,"sequence_count":null,"sequence_count_label":null,"sequence_frames":[],"sequence_kind":null,"source_name":"ocb_spanish_video_scrape","source_name_label":"OCB Spanish Video","source_type":"scrape","summary":"El economista y experto petrolero Jos\u00e9 Toro Hardy advierte que el acuerdo energ\u00e9tico entre Estados Unidos y Venezuela enfrenta importantes interrogantes sobre la capacidad de las empresas involucradas para ejecutar inversiones de hasta 100 mil millones de d\u00f3lares.","title":"Acuerdo petrolero con EEUU abre camino a inversiones en Venezuela, pero persisten desaf\u00edos","topic":"Info Mart\u00ed , Estados Unidos, VENEZUELA","translation_language":"","url":"https://www.martinoticias.com/a/acuerdo-petrolero-con-eeuu-abre-camino-a-inversiones-en-venezuela-pero-persisten-desaf%C3%ADos/476755.html","video_url":"https://ocb-video-ns.akamaized.net/pangeavideo/2026/09/0/07/07bfa549-6b27-4d2b-6915-08def2ff2efe_1080p.mp4?cb=ee22934b1","youtube_conversion_active":false,"youtube_conversion_error":"","youtube_conversion_status":""},{"article_body_paragraphs":[],"audio_source_url":null,"author":"Jany Gonz\u00e1lez","available_dubs":[],"downloadable_assets":["https://ocb-video-ns.akamaized.net/pangeavideo/2026/09/3/3e/3ec08f3f-80ac-4a02-7c97-08def2b1c8fe_1080p.mp4?cb=ee2292622"],"duration_display":"3:00","duration_seconds":180.0,"embed_url":null,"id":12692,"image_caption":null,"image_url":"https://gdb.martinoticias.com/3ec08f3f-80ac-4a02-7c97-08def2b1c8fe_tv_w1080_h608.jpg","is_clip":true,"is_youtube_embed":false,"item_type":"video","item_type_label":"Video","language_label":"Espa\u00f1ol","media_credit":"Jany Gonz\u00e1lez","micro_label":"Video report","micro_label_kind":"video","network_label":"OCB","network_logo_url":"/static/uploads/direct_network_logos/ocb_0888427dcb1d.svg","published_at":"2026-09-01T20:01:38","published_at_display":"1 Sep 2026, 20:01 GMT","sequence_badge_label":null,"sequence_count":null,"sequence_count_label":null,"sequence_frames":[],"sequence_kind":null,"source_name":"ocb_spanish_video_scrape","source_name_label":"OCB Spanish Video","source_type":"scrape","summary":"\u201cNo est\u00e1 preparado este pa\u00eds para que empiece el curso escolar\u201d. Madres cubanas denuncian falta de alimentos, uniformes y \u00fatiles, adem\u00e1s de apagones y jornadas reducidas. Algunas aseguran que no enviar\u00e1n a sus hijos a la escuela.","title":"Comienza el curso escolar en Cuba entre carencias y jornadas reducidas.","topic":"Info Mart\u00ed","translation_language":"","url":"https://www.martinoticias.com/a/476749.html","video_url":"https://ocb-video-ns.akamaized.net/pangeavideo/2026/09/3/3e/3ec08f3f-80ac-4a02-7c97-08def2b1c8fe_1080p.mp4?cb=ee2292622","youtube_conversion_active":false,"youtube_conversion_error":"","youtube_conversion_status":""},{"article_body_paragraphs":[],"audio_source_url":null,"author":"Jos\u00e9 L Ramos/Amado Gil","available_dubs":[],"downloadable_assets":["https://ocb-video-ns.akamaized.net/pangeavideo/2026/09/8/88/88d1fee7-efff-4ecb-bc7a-08def2b1d8dc_720p.mp4?cb=ee229238d"],"duration_display":"28:55","duration_seconds":1735.0,"embed_url":null,"id":12748,"image_caption":null,"image_url":"https://gdb.martinoticias.com/88d1fee7-efff-4ecb-bc7a-08def2b1d8dc_tv_w1080_h608.jpg","is_clip":false,"is_youtube_embed":false,"item_type":"video","item_type_label":"Video","language_label":"Espa\u00f1ol","media_credit":"Jos\u00e9 L Ramos/Amado Gil","micro_label":"Video report","micro_label_kind":"video","network_label":"OCB","network_logo_url":"/static/uploads/direct_network_logos/ocb_0888427dcb1d.svg","published_at":"2026-09-01T19:50:37","published_at_display":"1 Sep 2026, 19:50 GMT","sequence_badge_label":null,"sequence_count":null,"sequence_count_label":null,"sequence_frames":[],"sequence_kind":null,"source_name":"ocb_spanish_video_scrape","source_name_label":"OCB Spanish Video","source_type":"scrape","summary":"Amado Gil y Jos\u00e9 Luis Ramos, en Tertulia con Luz Escobar e Hildebrando Chaviano, comentan la disminuci\u00f3n de protestas en Cuba en agosto. Una investigaci\u00f3n arroja la poca importancia que el r\u00e9gimen le ha dado a la alimentaci\u00f3n, y cu\u00e1les eran las ganancias de Meli\u00e1 antes y ahora.","title":"Las noticias como son","topic":"Las Noticias Como Son, Cuba","translation_language":"","url":"https://www.martinoticias.com/a/las-noticias-como-son/476750.html","video_url":"https://ocb-video-ns.akamaized.net/pangeavideo/2026/09/8/88/88d1fee7-efff-4ecb-bc7a-08def2b1d8dc_720p.mp4?cb=ee229238d","youtube_conversion_active":false,"youtube_conversion_error":"","youtube_conversion_status":""},{"article_body_paragraphs":[],"audio_source_url":null,"author":"Mart\u00ed Noticias","available_dubs":[],"downloadable_assets":["https://ocb-video-ns.akamaized.net/pangeavideo/2026/09/9/92/925a2952-e1cf-453f-b7af-6c60457b8331_1080p.mp4?cb=ee22923e5"],"duration_display":"29:14","duration_seconds":1754.0,"embed_url":null,"id":12747,"image_caption":null,"image_url":"https://gdb.martinoticias.com/925a2952-e1cf-453f-b7af-6c60457b8331_tv_w1080_h608.jpg","is_clip":false,"is_youtube_embed":false,"item_type":"video","item_type_label":"Video","language_label":"Espa\u00f1ol","media_credit":"Mart\u00ed Noticias","micro_label":"Video report","micro_label_kind":"video","network_label":"OCB","network_logo_url":"/static/uploads/direct_network_logos/ocb_0888427dcb1d.svg","published_at":"2026-09-01T19:37:58","published_at_display":"1 Sep 2026, 19:37 GMT","sequence_badge_label":null,"sequence_count":null,"sequence_count_label":null,"sequence_frames":[],"sequence_kind":null,"source_name":"ocb_spanish_video_scrape","source_name_label":"OCB Spanish Video","source_type":"scrape","summary":"Inicia el curso escolar en Cuba con falta de uniformes y d\u00e9ficit de maestros. -El Observatorio Cubano de Conflictos registra una sensible reducci\u00f3n de las protestas en Cuba durante agosto.","title":"Noticiero Mart\u00ed Noticias","topic":"Noticiero Mart\u00ed Noticias","translation_language":"","url":"https://www.martinoticias.com/a/noticiero-mart%C3%AD-noticias/476737.html","video_url":"https://ocb-video-ns.akamaized.net/pangeavideo/2026/09/9/92/925a2952-e1cf-453f-b7af-6c60457b8331_1080p.mp4?cb=ee22923e5","youtube_conversion_active":false,"youtube_conversion_error":"","youtube_conversion_status":""},{"article_body_paragraphs":[],"audio_source_url":null,"author":"Rolando N\u00e1poles","available_dubs":[],"downloadable_assets":["https://ocb-video-ns.akamaized.net/pangeavideo/2026/09/7/7c/7c60ed48-bfc4-430a-690f-08def2ff2efe_1080p.mp4?cb=ee2291750"],"duration_display":"3:58","duration_seconds":238.0,"embed_url":null,"id":12693,"image_caption":null,"image_url":"https://gdb.martinoticias.com/7c60ed48-bfc4-430a-690f-08def2ff2efe_tv_w1080_h608.jpg","is_clip":true,"is_youtube_embed":false,"item_type":"video","item_type_label":"Video","language_label":"Espa\u00f1ol","media_credit":"Rolando N\u00e1poles","micro_label":"Video report","micro_label_kind":"video","network_label":"OCB","network_logo_url":"/static/uploads/direct_network_logos/ocb_0888427dcb1d.svg","published_at":"2026-09-01T18:58:16","published_at_display":"1 Sep 2026, 18:58 GMT","sequence_badge_label":null,"sequence_count":null,"sequence_count_label":null,"sequence_frames":[],"sequence_kind":null,"source_name":"ocb_spanish_video_scrape","source_name_label":"OCB Spanish Video","source_type":"scrape","summary":"Investigaci\u00f3n revel\u00f3 c\u00f3mo el r\u00e9gimen cubano prioriz\u00f3 la inversi\u00f3n extranjera en el turismo antes de producir alimentos","title":"R\u00e9gimen prioriz\u00f3 inversi\u00f3n extranjera en el turismo antes de producir alimentos en Cuba","topic":"Audiovisuales Mart\u00ed","translation_language":"","url":"https://www.martinoticias.com/a/r%C3%A9gimen-prioriz%C3%B3-inversi%C3%B3n-extranjera-en-el-turismo-antes-de-producir-alimentos-en-cuba/476746.html","video_url":"https://ocb-video-ns.akamaized.net/pangeavideo/2026/09/7/7c/7c60ed48-bfc4-430a-690f-08def2ff2efe_1080p.mp4?cb=ee2291750","youtube_conversion_active":false,"youtube_conversion_error":"","youtube_conversion_status":""},{"article_body_paragraphs":[],"audio_source_url":null,"author":"Laura Artal","available_dubs":[],"downloadable_assets":["https://ocb-video-ns.akamaized.net/pangeavideo/2026/08/0/01/01c96a6c-1143-4c49-bc75-08def2b1d8dc_1080p.mp4?cb=ee227e92e"],"duration_display":"2:49","duration_seconds":169.0,"embed_url":null,"id":12694,"image_caption":null,"image_url":"https://gdb.martinoticias.com/01c96a6c-1143-4c49-bc75-08def2b1d8dc_tv_w1080_h608.jpg","is_clip":true,"is_youtube_embed":false,"item_type":"video","item_type_label":"Video","language_label":"Espa\u00f1ol","media_credit":"Laura Artal","micro_label":"Video report","micro_label_kind":"video","network_label":"OCB","network_logo_url":"/static/uploads/direct_network_logos/ocb_0888427dcb1d.svg","published_at":"2026-08-31T21:29:18","published_at_display":"31 Aug 2026, 21:29 GMT","sequence_badge_label":null,"sequence_count":null,"sequence_count_label":null,"sequence_frames":[],"sequence_kind":null,"source_name":"ocb_spanish_video_scrape","source_name_label":"OCB Spanish Video","source_type":"scrape","summary":"Cinco estados del occidente de Venezuela quedaron a oscuras este fin de semana tras una nueva falla el\u00e9ctrica. Experto explic\u00f3 a Mart\u00ed Noticias que el problema no se limita a la generaci\u00f3n y advirti\u00f3 que recuperar integralmente el sistema el\u00e9ctrico venezolano podr\u00eda tomar entre tres y cinco a\u00f1os.","title":"Apagones en Venezuela exponen deterioro del sistema el\u00e9ctrico","topic":"Audiovisuales Mart\u00ed, VENEZUELA, apagones","translation_language":"","url":"https://www.martinoticias.com/a/apagones-en-venezuela-exponen-deterioro-del-sistema-el%C3%A9ctrico/476675.html","video_url":"https://ocb-video-ns.akamaized.net/pangeavideo/2026/08/0/01/01c96a6c-1143-4c49-bc75-08def2b1d8dc_1080p.mp4?cb=ee227e92e","youtube_conversion_active":false,"youtube_conversion_error":"","youtube_conversion_status":""},{"article_body_paragraphs":[],"audio_source_url":null,"author":"Jos\u00e9 Pernalete","available_dubs":[],"downloadable_assets":["https://ocb-video-ns.akamaized.net/pangeavideo/2026/08/e/e5/e50b7384-5f37-47d9-7c91-08def2b1c8fe_1080p.mp4?cb=ee227dcec"],"duration_display":"3:24","duration_seconds":204.0,"embed_url":null,"id":12695,"image_caption":null,"image_url":"https://gdb.martinoticias.com/e50b7384-5f37-47d9-7c91-08def2b1c8fe_tv_w1080_h608.jpg","is_clip":true,"is_youtube_embed":false,"item_type":"video","item_type_label":"Video","language_label":"Espa\u00f1ol","media_credit":"Jos\u00e9 Pernalete","micro_label":"Video report","micro_label_kind":"video","network_label":"OCB","network_logo_url":"/static/uploads/direct_network_logos/ocb_0888427dcb1d.svg","published_at":"2026-08-31T20:37:00","published_at_display":"31 Aug 2026, 20:37 GMT","sequence_badge_label":null,"sequence_count":null,"sequence_count_label":null,"sequence_frames":[],"sequence_kind":null,"source_name":"ocb_spanish_video_scrape","source_name_label":"OCB Spanish Video","source_type":"scrape","summary":"El alcalde de Medell\u00edn, Federico Guti\u00e9rrez, destac\u00f3 en Miami la importancia de la cooperaci\u00f3n con Estados Unidos para enfrentar a organizaciones criminales vinculadas al narcotr\u00e1fico y al terrorismo.","title":"Alcalde de Medell\u00edn: apoyo de EEUU es clave contra redes criminales hemisf\u00e9ricas","topic":"Info Mart\u00ed , Estados Unidos, Colombia","translation_language":"","url":"https://www.martinoticias.com/a/alcalde-de-medell%C3%ADn-apoyo-de-eeuu-es-clave-contra-redes-criminales-hemisf%C3%A9ricas/476671.html","video_url":"https://ocb-video-ns.akamaized.net/pangeavideo/2026/08/e/e5/e50b7384-5f37-47d9-7c91-08def2b1c8fe_1080p.mp4?cb=ee227dcec","youtube_conversion_active":false,"youtube_conversion_error":"","youtube_conversion_status":""},{"article_body_paragraphs":[],"audio_source_url":null,"author":"Rolando N\u00e1poles","available_dubs":[],"downloadable_assets":["https://ocb-video-ns.akamaized.net/pangeavideo/2026/08/0/00/00f92552-0ad0-4405-bc70-08def2b1d8dc_1080p.mp4?cb=ee227a789"],"duration_display":"3:35","duration_seconds":215.0,"embed_url":null,"id":12696,"image_caption":null,"image_url":"https://gdb.martinoticias.com/00f92552-0ad0-4405-bc70-08def2b1d8dc_tv_w1080_h608.jpg","is_clip":true,"is_youtube_embed":false,"item_type":"video","item_type_label":"Video","language_label":"Espa\u00f1ol","media_credit":"Rolando N\u00e1poles","micro_label":"Video report","micro_label_kind":"video","network_label":"OCB","network_logo_url":"/static/uploads/direct_network_logos/ocb_0888427dcb1d.svg","published_at":"2026-08-31T16:49:13","published_at_display":"31 Aug 2026, 16:49 GMT","sequence_badge_label":null,"sequence_count":null,"sequence_count_label":null,"sequence_frames":[],"sequence_kind":null,"source_name":"ocb_spanish_video_scrape","source_name_label":"OCB Spanish Video","source_type":"scrape","summary":"Economista advierte que medidas del r\u00e9gimen no va a beneficiar a empresas privadas en Cuba","title":"Las medidas que no beneficiar\u00edan a los negocios privados en Cuba","topic":"Audiovisuales Mart\u00ed","translation_language":"","url":"https://www.martinoticias.com/a/las-medidas-que-no-beneficiar%C3%ADan-a-los-negocios-privados-en-cuba/476655.html","video_url":"https://ocb-video-ns.akamaized.net/pangeavideo/2026/08/0/00/00f92552-0ad0-4405-bc70-08def2b1d8dc_1080p.mp4?cb=ee227a789","youtube_conversion_active":false,"youtube_conversion_error":"","youtube_conversion_status":""}],"next_num":2,"page":1,"pages":4,"per_page":20,"prev_num":null,"total":70}
