{"applied_filters":{"end_date":"","lang":"","language":"","network":"OCB","page":1,"per_page":20,"search":"","source":"","start_date":"","topic":"","type":"article"},"available_filters":{"language_choices":[{"label":"Choose Language","value":""},{"label":"English","value":"English"},{"label":"Espa\u00f1ol","value":"Espa\u00f1ol"},{"label":"Fran\u00e7ais","value":"Fran\u00e7ais"}],"network_choices":[{"label":"All networks","value":""},{"label":"OCB","value":"OCB"}],"source_choices":[{"label":"All sources","value":""},{"label":"Radiotelevisionmarti","value":"radiotelevisionmarti_com_rss"}],"sources":["radiotelevisionmarti_com_rss"],"topics":[],"types":[["","All types"],["article","Articles"],["audio","Audio"],["video","Videos"],["clips","Clips"],["media","Media"]]},"has_next":true,"has_prev":false,"items":[{"article_body_paragraphs":[],"audio_source_url":null,"author":"Redacci\u00f3n Mart\u00ed Noticias","available_dubs":[],"downloadable_assets":["https://gdb.martinoticias.com/61D72EFF-5ECD-43BA-9B92-9BB2233483EB_cx0_cy9_cw0_w1600_r1_n_s.jpg"],"duration_display":"0:00","duration_seconds":null,"embed_url":null,"id":14774,"image_caption":"ARCHIVO. Los gobernantes de Nicaragua, Daniel Ortega; de Venezuela, Nicol\u00e1s Maduro; de Bolivia, Evo Morales; y de Cuba, Ra\u00fal Castro, en la XIII Cumbre de la Alianza Bolivariana para los Pueblos de Nuestra Am\u00e9rica (ALBA) en La Habana, el 14 de diciembre de 2014.","image_url":"https://gdb.martinoticias.com/61D72EFF-5ECD-43BA-9B92-9BB2233483EB_cx0_cy9_cw0_w1600_r1_n_s.jpg","is_clip":false,"is_youtube_embed":false,"item_type":"article","item_type_label":"Article","language_label":"Espa\u00f1ol","media_credit":"Redacci\u00f3n Mart\u00ed Noticias","micro_label":"Photo","micro_label_kind":"gallery","network_label":"OCB","network_logo_url":"/static/uploads/direct_network_logos/ocb_0888427dcb1d.svg","published_at":"2026-09-03T22:32:01","published_at_display":"3 Sep 2026, 22:32 GMT","sequence_badge_label":null,"sequence_count":null,"sequence_count_label":null,"sequence_frames":[],"sequence_kind":null,"source_name":"radiotelevisionmarti_com_rss","source_name_label":"Radiotelevisionmarti","source_type":"rss","summary":"La subsecretaria de Estado para Diplomacia P\u00fablica y Asuntos P\u00fablicos de Estados Unidos, Sarah B. Rogers, pronunci\u00f3 este jueves una ponencia magistral en el V Encuentro Regional de Foro Madrid, celebrado en el Centro de Eventos San Carlos de Apoquindo, en Santiago de Chile. En la misma jornada intervinieron el presidente de Argentina, Javier Milei; el presidente de Chile, Jos\u00e9 Antonio Kast; y la primera designada presidencial de Honduras, Mar\u00eda Antonieta Mej\u00eda, entre otras autoridades de Iberoam\u00e9rica, Estados Unidos y Europa. El presidente de Argentina, Javier Milei, asiste a la ceremonia de apertura de la V Reuni\u00f3n Regional del Foro de Madrid, en Santiago de Chile, el 3 de septiembre de 2026. REUTERS/Pablo Sanhueza El foro, organizado por la Fundaci\u00f3n Disenso se desarrolla el 3 y 4 de septiembre bajo el lema \u201cUna nueva era para Iberoam\u00e9rica\u201d, re\u00fane a l\u00edderes, parlamentarios y centros de pensamiento en torno a cuatro ejes: democracia y libertad, econom\u00eda y prosperidad, seguridad y Estado de derecho, y defensa de Occidente. Rogers, quien asumi\u00f3 el cargo en octubre de 2025, public\u00f3 al t\u00e9rmino de su intervenci\u00f3n un mensaje en el que enmarc\u00f3 el encuentro en un cambio de \u00e9poca en el hemisferio. \u201cLas naciones del Nuevo Mundo fueron creadas como actos de voluntad dentro de la historia reciente, por fundadores que persiguieron fortuna m\u00e1s all\u00e1 del horizonte y construyeron algo nuevo\u201d, escribi\u00f3. A\u00f1adi\u00f3 que \u201cla peor tentaci\u00f3n pol\u00edtica de nuestro hemisferio ha sido el socialismo: una pol\u00edtica del rencor sembrada por adversarios estatales y no estatales que resiente la soberan\u00eda y el \u00e9xito de los pa\u00edses que funcionan\u201d. Seg\u00fan la funcionaria, los votantes \u201cest\u00e1n rechazando cada vez m\u00e1s esos llamados\u201d y Estados Unidos \u201cse mantiene con nuestros amigos en el hemisferio occidental en honor a nuestras ra\u00edces, valores, libertades y futuro occidentales\u201d. El d\u00eda anterior, en Santiago, Rogers hab\u00eda anticipado que su objetivo era impulsar las prioridades estadounidenses de colaboraci\u00f3n en el hemisferio occidental, en particular \u201cpromover socios seguros, fuertes y pr\u00f3speros\u201d en temas como el narcoterrorismo y la migraci\u00f3n. Tambi\u00e9n sostuvo una audiencia privada con Milei, prevista en la agenda del presidente argentino en Chile. Milei inaugur\u00f3 el encuentro con un discurso de tono confrontacional. Felicit\u00f3 a Kast por su llegada a La Moneda, reivindic\u00f3 el per\u00edodo posterior al derrocamiento de Salvador Allende como una etapa de \u201cestabilidad y crecimiento\u201d y afirm\u00f3 que Chile \u201ccay\u00f3 en la farsa del socialismo del siglo XXI\u201d.","title":"\"La peor tentaci\u00f3n pol\u00edtica de nuestro hemisferio ha sido el socialismo\", denuncia subsecretaria de Estado","topic":null,"translation_language":"","url":"https://www.martinoticias.com/a/la-peor-tentaci%c3%b3n-pol%c3%adtica-de-nuestro-hemisferio-ha-sido-el-socialismo-denuncia-subsecretaria-de-estado/476918.html","video_url":null,"youtube_conversion_active":false,"youtube_conversion_error":"","youtube_conversion_status":""},{"article_body_paragraphs":[],"audio_source_url":null,"author":"Jorge Morej\u00f3n","available_dubs":[],"downloadable_assets":["https://gdb.martinoticias.com/01000000-0a00-0242-0f55-08dc01628393_w1600_r1_n_s.jpg"],"duration_display":"0:00","duration_seconds":null,"embed_url":null,"id":14722,"image_caption":"El peso completo cubano Frank S\u00e1nchez buscar\u00e1 la corona mundial de la FIB ante el criata Filip Hrgovic en fecha por determinarse.","image_url":"https://gdb.martinoticias.com/01000000-0a00-0242-0f55-08dc01628393_w1600_r1_n_s.jpg","is_clip":false,"is_youtube_embed":false,"item_type":"article","item_type_label":"Article","language_label":"Espa\u00f1ol","media_credit":"Jorge Morej\u00f3n","micro_label":"Photo","micro_label_kind":"gallery","network_label":"OCB","network_logo_url":"/static/uploads/direct_network_logos/ocb_0888427dcb1d.svg","published_at":"2026-09-03T20:41:01","published_at_display":"3 Sep 2026, 20:41 GMT","sequence_badge_label":null,"sequence_count":null,"sequence_count_label":null,"sequence_frames":[],"sequence_kind":null,"source_name":"radiotelevisionmarti_com_rss","source_name_label":"Radiotelevisionmarti","source_type":"rss","summary":"El boxeador cubano Frank S\u00e1nchez ya sabe qui\u00e9n deber\u00eda ser su pr\u00f3ximo rival. Ahora s\u00f3lo le falta la fecha. S\u00e1nchez, quien busca convertirse en el primer cubano campe\u00f3n mundial del peso supercompleto, se medir\u00e1 al croata Filip Hrgovic por la corona de la Federaci\u00f3n Internacional de Boxeo (FIB). El guantanamero hab\u00eda dado un paso al costado para permitir que Hrgovic y el brit\u00e1nico Moses Itauma pelearan por el cintur\u00f3n que qued\u00f3 vacante en la FIB tras el retiro del ucraniano Oleksandr Usyk, con el compromiso de que el ganador se medir\u00eda de manera obligatoria con \u00e9l. El fin de semana pasado, el croata se impuso por nocaut t\u00e9cnico a Itauma en nueve rounds, luego de que el brit\u00e1nico dominara los primeros asaltos. Pero Hrgovic result\u00f3 ser un muro de piedra, que resisti\u00f3 todos los golpes que su rival le lanz\u00f3, para contraatacar cuando el joven del Reino Unido acus\u00f3 cansancio por la intensidad de la pelea. Ya en el noveno round, Itauma no pod\u00eda levantar sus brazos y los golpes del croata entraban limpiamente a su anatom\u00eda, por el que el referee orden\u00f3 detener las acciones. Con r\u00e9cord de 26 victorias, 19 de ellas por nocaut, y una derrota, el guantanamero de 34 a\u00f1os, apodado The Flash, tendr\u00e1 que apelar a su mejor versi\u00f3n, para derrotar a una mole que ense\u00f1\u00f3 un poder de asimilaci\u00f3n pocas veces visto. S\u00e1nchez, quien se ha labrado un camino dentro de la \u00e9lite de la divisi\u00f3n m\u00e1xima, hab\u00eda ganado el derecho de disputar el cintur\u00f3n de la FIB ante Usyk, tras su \u00faltimo triunfo, el pasado mes de mayo sobre el estadounidense Richard Torrez, en Giza, Egipto. Pero el ucraniano, que pele\u00f3 en el mismo cartel, renunci\u00f3 a las coronas de la FIB, de la Asociaci\u00f3n Mundial de Boxeo (AMB) y el Consejo Mundial de Boxeo (CMB), luego de que se viera en aprietos para imponerse a Rico Verhoeven, de Pa\u00edses Bajos, en el que podr\u00eda haber sido su \u00faltimo combate. Ante su retiro, la FIB determin\u00f3 primero que para cubrir la vacante y orden\u00f3 pelear a Itauma y Hrgovic. S\u00e1nchez acept\u00f3 un acuerdo econ\u00f3mico por una cifra no revelada para ceder temporalmente su oportunidad de pelear por el t\u00edtulo y adem\u00e1s de la compensaci\u00f3n monetaria por dar un paso al lado, el cubano recibi\u00f3 una garant\u00eda de que su pr\u00f3ximo rival ser\u00e1 el que resulte entre Itauma y Hrgovic. Hrgovic tiene la misma edad que el cubano y ostenta r\u00e9cord de 21-1, con 16 KOs. Cuando se determine la fecha del combate, S\u00e1nchez se convertir\u00e1 en el quinto cubano que compita por un cintur\u00f3n en la divisi\u00f3n supercompleta del boxeo profesional. Cuba, que exhibe una larga lista de monarcas en el pugilismo rentado, nunca ha tenido uno en la divisi\u00f3n superpesada. Los cuatro que lo han intentado sin \u00e9xito son Jorge Luis Gonz\u00e1lez, Juan Carlos G\u00f3mez, Odlanier Sol\u00eds y Luis \"King Kong\" Ort\u00edz. Gonz\u00e1lez fue el primero en hacerlo, pero cay\u00f3 ante Riddick Bowe el 17 de junio de 1995. G\u00f3mez, en el 2009, y Sol\u00eds, en el 2011, perdieron ante el ucraniano Vitali Klitchsko por el cintur\u00f3n del CMB. Y \u201cKing Kong\u201d Ortiz tuvo no una, sino dos oportunidades y en ambas fue derrotado por Deontay Wilder, tambi\u00e9n por el t\u00edtulo del CMB en 2018 y 2019.","title":"Frank S\u00e1nchez ya sabe qui\u00e9n ser\u00e1 su pr\u00f3ximo rival; s\u00f3lo le falta la fecha","topic":null,"translation_language":"","url":"https://www.martinoticias.com/a/frank-sanchez-ya-sabe-quien-sere-su-proximo-rival-solo-le-falta-la-fecha/476914.html","video_url":null,"youtube_conversion_active":false,"youtube_conversion_error":"","youtube_conversion_status":""},{"article_body_paragraphs":[],"audio_source_url":null,"author":"Oficina de Pol\u00edticas","available_dubs":[],"downloadable_assets":["https://gdb.martinoticias.com/ee3b09ad-8118-4b11-bc8a-08def2b1d8dc_cx0_cy23_cw0_w1600_r1_n_s.jpg"],"duration_display":"0:00","duration_seconds":null,"embed_url":null,"id":14724,"image_caption":"La recompensa por \"Pel\u00f3n\" es de 25 millones de d\u00f3lares.","image_url":"https://gdb.martinoticias.com/ee3b09ad-8118-4b11-bc8a-08def2b1d8dc_cx0_cy23_cw0_w1600_r1_n_s.jpg","is_clip":false,"is_youtube_embed":false,"item_type":"article","item_type_label":"Article","language_label":"Espa\u00f1ol","media_credit":"Oficina de Pol\u00edticas","micro_label":"Photo","micro_label_kind":"gallery","network_label":"OCB","network_logo_url":"/static/uploads/direct_network_logos/ocb_0888427dcb1d.svg","published_at":"2026-09-03T20:18:41","published_at_display":"3 Sep 2026, 20:18 GMT","sequence_badge_label":null,"sequence_count":null,"sequence_count_label":null,"sequence_frames":[],"sequence_kind":null,"source_name":"radiotelevisionmarti_com_rss","source_name_label":"Radiotelevisionmarti","source_type":"rss","summary":"A continuaci\u00f3n, un aviso de servicio p\u00fablico internacional del Gobierno de los Estados Unidos. El gobierno de los Estados Unidos ofrece una recompensa de hasta 25 millones de d\u00f3lares por informaci\u00f3n sobre el nuevo l\u00edder de una de las organizaciones narcoterroristas m\u00e1s violentas y peligrosas del hemisferio occidental. Juan Carlos Valencia Gonz\u00e1lez, alias \"Pel\u00f3n\", asumi\u00f3 el liderazgo del C\u00e1rtel de Jalisco Nueva Generaci\u00f3n (CJNG) tras la muerte, en febrero de 2026, de su padrastro y fundador del grupo, Nemesio Rub\u00e9n Oseguera Cervantes, alias \"El Mencho\". Nacido en Santa Ana, California, en 1984, este narcoterrorista es ciudadano tanto de Estados Unidos como de M\u00e9xico y utiliza tambi\u00e9n los alias \"El R-3\", \"El JP\", \"Tricky Tres\" y \"O3\". Mide 5 pies y 9 pulgadas (aprox. 1,75 m) y pesa unas 170 libras (aprox. 77 kg). Tiene cabello casta\u00f1o y ojos marrones. El CJNG fue designado recientemente como organizaci\u00f3n terrorista extranjera por la administraci\u00f3n del presidente Donald Trump. El c\u00e1rtel envenena a las comunidades estadounidenses con fentanilo, coca\u00edna, hero\u00edna y metanfetamina il\u00edcitos. \"Son responsables del asesinato de cientos de miles de personas, incluidos ciudadanos estadounidenses\", declar\u00f3 Michael C. Gonzales, subsecretario adjunto de la Oficina de Asuntos Internacionales de Narc\u00f3ticos y Aplicaci\u00f3n de la Ley. La recompensa por \"Pel\u00f3n\" es de 25 millones de d\u00f3lares. El 8 de octubre de 2020, Valencia Gonz\u00e1lez fue acusado ante el Tribunal de Distrito de Estados Unidos para el Distrito de Columbia de conspiraci\u00f3n para distribuir una sustancia controlada con el fin de importarla ilegalmente a Estados Unidos y del uso de un arma de fuego durante una transacci\u00f3n de narc\u00f3ticos. El aumento de la recompensa fue anunciado por la Oficina de Asuntos Internacionales de Narc\u00f3ticos y Aplicaci\u00f3n de la Ley del Departamento de Estado de Estados Unidos, en el marco del Programa de Recompensas por Narc\u00f3ticos (NRP, por sus siglas en ingl\u00e9s). Si tiene informaci\u00f3n, comun\u00edquese con la DEA por tel\u00e9fono al 1-213-237-9990 (mensaje de texto/WhatsApp/Signal/Threema) o por correo electr\u00f3nico a CJNGtips@dea.gov. Si se encuentra fuera de Estados Unidos, comun\u00edquese con la embajada o el consulado de Estados Unidos m\u00e1s cercano. Si se encuentra en Estados Unidos, comun\u00edquese con la oficina local de la DEA en su ciudad. Todas las identidades se mantienen en estricta confidencialidad.","title":"EEUU ofrece 25 millones de d\u00f3lares por informaci\u00f3n sobre \"Pel\u00f3n\", l\u00edder del CJNG","topic":null,"translation_language":"","url":"https://www.martinoticias.com/a/eeuu-ofrece-25-millones-de-d%c3%b3lares-por-informaci%c3%b3n-sobre-pel%c3%b3n-l%c3%adder-del-cjng/476912.html","video_url":null,"youtube_conversion_active":false,"youtube_conversion_error":"","youtube_conversion_status":""},{"article_body_paragraphs":[],"audio_source_url":null,"author":"Jos\u00e9 Pernalete","available_dubs":[],"downloadable_assets":["https://gdb.martinoticias.com/8c54cfa7-518c-4464-5ab1-08decd6ea425_w1600_r1_n_s.jpg"],"duration_display":"0:00","duration_seconds":null,"embed_url":null,"id":14726,"image_caption":"L\u00edder opositora venezolana Mar\u00eda Corina Machado ofreci\u00f3 un mensaje este jueves sobre el acuerdo petrolero. (REUTERS)","image_url":"https://gdb.martinoticias.com/8c54cfa7-518c-4464-5ab1-08decd6ea425_w1600_r1_n_s.jpg","is_clip":false,"is_youtube_embed":false,"item_type":"article","item_type_label":"Article","language_label":"Espa\u00f1ol","media_credit":"Jos\u00e9 Pernalete","micro_label":"Photo","micro_label_kind":"gallery","network_label":"OCB","network_logo_url":"/static/uploads/direct_network_logos/ocb_0888427dcb1d.svg","published_at":"2026-09-03T19:50:34","published_at_display":"3 Sep 2026, 19:50 GMT","sequence_badge_label":null,"sequence_count":null,"sequence_count_label":null,"sequence_frames":[],"sequence_kind":null,"source_name":"radiotelevisionmarti_com_rss","source_name_label":"Radiotelevisionmarti","source_type":"rss","summary":"Mar\u00eda Corina Machado fij\u00f3 posici\u00f3n este jueves sobre los acuerdos petroleros anunciados entre Estados Unidos y el gobierno de Delcy Rodr\u00edguez y lanz\u00f3 una de sus advertencias m\u00e1s directas sobre la relaci\u00f3n que Washington comienza a construir con Caracas en materia energ\u00e9tica. \u201cLos enemigos de los Estados Unidos en Venezuela est\u00e1n hoy en Miraflores\u201d, afirm\u00f3 la dirigente opositora, quien sostuvo que precisamente por esa raz\u00f3n cualquier asociaci\u00f3n entre ambos pa\u00edses debe desarrollarse bajo condiciones que garanticen transparencia, legalidad y estabilidad. \u201cPero precisamente por eso, porque esta asociaci\u00f3n entre Venezuela y Estados Unidos reviste un car\u00e1cter estrat\u00e9gico para ambos pa\u00edses, es que todos necesitamos que las cosas se hagan bien\u201d, se\u00f1al\u00f3 Machado. El presidente de Estados Unidos, Donald Trump, afirm\u00f3 el mi\u00e9rcoles que Venezuela todav\u00eda no est\u00e1 preparada para celebrar elecciones, pero espera que puedan realizarse \u201cpronto\u201d. Una vez m\u00e1s, el mandatario asegur\u00f3 que Washington mantiene una buena relaci\u00f3n con la presidenta interina Delcy Rodr\u00edguez y el actual gobierno venezolano. Machado advierte: \u201clos enemigos de Estados Unidos est\u00e1n hoy en Miraflores\u201d La Premio Nobel de la Paz dej\u00f3 claro que su cuestionamiento no est\u00e1 dirigido contra una alianza energ\u00e9tica entre Venezuela y Estados Unidos. Por el contrario, considera a Washington como el principal socio que necesita el pa\u00eds para desarrollar su potencial estrat\u00e9gico. \u201cEl patrimonio de nuestro suelo no le pertenece a un r\u00e9gimen ileg\u00edtimo, le pertenece al pueblo venezolano. Por supuesto que los Estados Unidos son el socio principal que Venezuela necesita para desarrollar a plenitud su valor estrat\u00e9gico\u201d, afirm\u00f3. A su juicio, cualquier recuperaci\u00f3n energ\u00e9tica debe estar acompa\u00f1ada por el funcionamiento de las cadenas de valor, suficiente generaci\u00f3n el\u00e9ctrica, capacidad operativa en los puertos, seguridad personal y garant\u00edas jur\u00eddicas para las inversiones. La dirigente opositora tambi\u00e9n cuestion\u00f3 la informaci\u00f3n disponible hasta ahora sobre los acuerdos y plante\u00f3 una serie de interrogantes sobre sus condiciones y los beneficios que representar\u00edan para el pa\u00eds. \u201cA\u00fan no se conoce el verdadero alcance de este acuerdo: qui\u00e9n firma, qu\u00e9 es lo que realmente se firma, qui\u00e9n pone el dinero, qui\u00e9n da las garant\u00edas, c\u00f3mo beneficia esto a los venezolanos\u201d, expres\u00f3. Machado asegur\u00f3 que las inversiones de largo plazo solo podr\u00e1n consolidarse con instituciones s\u00f3lidas y reglas claras. \u201cTodo esto requiere trabajar de forma sostenida bajo los principios innegociables de transparencia absoluta, legalidad y eficiencia. Y esto solo es posible con la legitimidad y la estabilidad que ofrece un gobierno serio y democr\u00e1tico\u201d, afirm\u00f3. Washington defiende las inversiones petroleras El gobierno de Estados Unidos, por su parte, ha presentado el acuerdo energ\u00e9tico como parte de una estrategia destinada a recuperar la econom\u00eda venezolana, incrementar sustancialmente la producci\u00f3n petrolera y favorecer las condiciones para una posterior transici\u00f3n democr\u00e1tica. La Casa Blanca ha se\u00f1alado que el proyecto contempla el desarrollo de 17 campos petroleros con aproximadamente 65.000 millones de barriles de reservas probadas y prev\u00e9 inversiones privadas que podr\u00edan alcanzar los 100.000 millones de d\u00f3lares. Washington tambi\u00e9n ha asegurado que existir\u00e1n mecanismos de control y auditor\u00eda sobre el manejo de los recursos vinculados al proyecto. El secretario de Energ\u00eda de Estados Unidos, Chris Wright, quien encabez\u00f3 esta semana una visita a Venezuela y particip\u00f3 en actividades relacionadas con los nuevos convenios energ\u00e9ticos, ha defendido la incorporaci\u00f3n de capital estadounidense e internacional como una v\u00eda para aumentar la producci\u00f3n, generar empleos y producir beneficios econ\u00f3micos tanto para venezolanos como para estadounidenses.","title":"Machado exige transparencia en acuerdo petrolero y lanza advertencia sobre Miraflores (VIDEO)","topic":null,"translation_language":"","url":"https://www.martinoticias.com/a/machado-exige-transparencia-en-acuerdo-petrolero-y-lanza-advertencia-sobre-miraflores-video/476903.html","video_url":null,"youtube_conversion_active":false,"youtube_conversion_error":"","youtube_conversion_status":""},{"article_body_paragraphs":[],"audio_source_url":null,"author":"Yolanda Huerga","available_dubs":[],"downloadable_assets":["https://gdb.martinoticias.com/bdfc1521-e362-4666-b370-4f6c4324b92e_w1600_r1_n_s.jpg"],"duration_display":"0:00","duration_seconds":null,"embed_url":null,"id":14677,"image_caption":"Un empleado atiende a un cliente en una tienda privada de materiales de construcci\u00f3n en La Habana. (Reuters/Alexandre Meneghini/Archivo)","image_url":"https://gdb.martinoticias.com/bdfc1521-e362-4666-b370-4f6c4324b92e_w1600_r1_n_s.jpg","is_clip":false,"is_youtube_embed":false,"item_type":"article","item_type_label":"Article","language_label":"Espa\u00f1ol","media_credit":"Yolanda Huerga","micro_label":"Photo","micro_label_kind":"gallery","network_label":"OCB","network_logo_url":"/static/uploads/direct_network_logos/ocb_0888427dcb1d.svg","published_at":"2026-09-03T19:40:33","published_at_display":"3 Sep 2026, 19:40 GMT","sequence_badge_label":null,"sequence_count":null,"sequence_count_label":null,"sequence_frames":[],"sequence_kind":null,"source_name":"radiotelevisionmarti_com_rss","source_name_label":"Radiotelevisionmarti","source_type":"rss","summary":"El gobierno cubano aprob\u00f3 un nuevo marco legal que permite a los cubanos que viven fuera de la isla ser propietarios de empresas privadas en Cuba. Aunque el decreto-ley 133 de 2026, supone el cambio m\u00e1s radical del tejido empresarial privado de la isla desde que se autorizaron las peque\u00f1as y medianas empresas en 2021, los expertos consultados por Mart\u00ed Noticias coinciden en que, si bien la legislaci\u00f3n elimina algunos escollos operativos se enfrentar\u00e1 a severos obst\u00e1culos pr\u00e1cticos. \u201cAlgo importante de todas estas transformaciones que est\u00e1 habiendo en este momento es que ellas estructuran claramente la naturaleza del bloqueo castrista a la productividad, al provecho, al trabajo mancomunado de la naci\u00f3n por generar riqueza, bienestar y prosperidad\u201d, indic\u00f3 el historiador Boris Gonz\u00e1lez Arenas, desde La Habana. \u201cO sea, cuando t\u00fa ves estas legislaciones que ahora est\u00e1n quitando algunas trabas, dices, \u00bfpero no pod\u00edan los cubanos tener empresas de 100 trabajadores? \u00bfPero no pod\u00edan los cubanos exportar sus beneficios? \u00bfPero no pod\u00edan los cubanos importar las materias primas y los enseres necesarios para producir y darle riqueza al pa\u00eds? pero \u00bfc\u00f3mo los cubanos del exilio, que son millones, que son pr\u00f3speros, que tienen un anhelo, un af\u00e1n de colaborar con su pa\u00eds y con sus familias dentro de Cuba para que prosperen y salgan adelante, no ten\u00edan ning\u00fan derecho a participar de la producci\u00f3n de la naci\u00f3n?, ironiz\u00f3. Gonz\u00e1lez Arenas concluy\u00f3 que el verdadero prop\u00f3sito de la apertura no es empoderar a la ciudadan\u00eda, sino atraer capital extranjero af\u00edn al aparato gubernamental. Al no ir acompa\u00f1adas de un marco institucional independiente, las medidas marginan los derechos econ\u00f3micos fundamentales de los cubanos y mantienen un f\u00e9rreo control administrativo sobre la producci\u00f3n. El economista artemise\u00f1o Germ\u00e1n Gonz\u00e1lez analiz\u00f3 que no hay salvaguardas pol\u00edticas ni contrapesos legales que impidan al Estado revertir las aperturas o confiar en la permanencia de la propiedad privada cuando lo estimen conveniente. \u201cHicieron una apertura en los a\u00f1os 90 y apenas apareci\u00f3 la petrochequera de [Hugo] Ch\u00e1vez, le dieron para atr\u00e1s a todo. Empezaron una t\u00edmida apertura cuando el deshielo de Obama y Obama todav\u00eda estaba despegando de Cuba en su Air Force One, cuando ellos estaban dando para atr\u00e1s a todas las disposiciones\u201d, recalc\u00f3. \u201cAhora no les queda m\u00e1s remedio, pero falta que alguien se atreva a invertir. No hay ninguna posibilidad de que las inversiones sean masivas, ni siquiera las imprescindibles para mantener el pa\u00eds funcionando\u201d. \u201c\u00bfQui\u00e9n invierte en Cuba? \u00bfQui\u00e9n arriesga su dinero en un pa\u00eds que no tiene electricidad, que tiene leyes coercitivas que impiden el libre comercio con Estados Unidos, que tiene una fuerza de trabajo cada vez m\u00e1s escasa y menos preparada porque los que se van son los m\u00e1s aptos?, cuestion\u00f3. Por su parte, el abogado cubano asentado en M\u00e9xico, Raudiel Pe\u00f1a, del centro de asesoramiento Cubalex, explic\u00f3 que las nuevas medidas para invertir en Cuba no funcionar\u00e1n. \u201cLo primero es que no hay plenas garant\u00edas jur\u00eddicas para invertir en Cuba, tanto para cubanos residentes en el exterior como para ciudadanos de otros pa\u00edses. La legislaci\u00f3n cubana sigue sin ajustarse a las mejores pr\u00e1cticas del derecho internacional en materia de inversiones, sigue faltando la necesaria independencia judicial que garantice y proteja los derechos de los inversionistas, sean cubanos o tengan otra ciudadan\u00eda\u201d. \u201cAl mismo tiempo est\u00e1 la cuesti\u00f3n de las garant\u00edas materiales, es decir, las condiciones econ\u00f3micas que existen en Cuba en la actualidad, son desastrosas, falta de servicios p\u00fablicos, apagones, escasez de agua potable, etc\u00e9tera\u201d. El mandatario Miguel D\u00edaz-Canel impuls\u00f3 estas directrices dentro de un plan de reformas que, seg\u00fan ha reiterado, resulta indispensable para preservar el modelo socialista de Cuba, rechazando de forma categ\u00f3rica que dichos cambios se califiquen como capitalistas. La flamante normativa permite tambi\u00e9n a las empresas privadas expandirse a nivel nacional, contratar a m\u00e1s de 100 empleados y comerciar exteriormente con autorizaci\u00f3n ministerial. Sin embargo, la opci\u00f3n de invertir en Cuba genera un fuerte recelo entre los cubanoamericanos debido a las crisis internas del pa\u00eds, marcadas por apagones constantes, devaluaci\u00f3n de la moneda, infraestructuras deficientes, falta de protecci\u00f3n jur\u00eddica, altos impuestos y un estricto control estatal. A esto podr\u00edan sum\u00e1rsele la inclusi\u00f3n de LA Habana en la lista de patrocinadores del terrorismo y el embargo estadounidense. Por otro lado, el r\u00e9gimen cubano mantiene un estricto control pol\u00edtico y excluye en la pr\u00e1ctica a los cubanos residentes en el exterior que antagonizan abiertamente con el sistema comunista. El investigador y m\u00e1ster en Democracia y Buen Gobierno, Jos\u00e9 Manuel Gonz\u00e1lez Rubines, residente en Espa\u00f1a, advirti\u00f3 que cualquier medida de inversi\u00f3n en Cuba choca frontalmente con la falta de garant\u00edas de su propio sistema pol\u00edtico. El experto detalla tres impedimentos insalvables: el irrespeto hist\u00f3rico a la propiedad privada, la inexistencia de un sistema judicial independiente capaz de resolver disputas empresariales, y el alto riesgo de inestabilidad jur\u00eddica, recordando que el r\u00e9gimen ya ha revertido en el pasado pol\u00edticas similares, lo que expone a los inversores al peligro de perder la totalidad de su capital. \u201cNo existe ning\u00fan tipo de estabilidad porque la estrategia pol\u00edtica y la estrategia econ\u00f3mica y la pol\u00edtica econ\u00f3mica est\u00e1n trazadas por un grupo de poder que lo hace a su antojo, que no es auditado por nadie. Tampoco existe un contrapeso parlamentario, ni grupos pol\u00edticos capaces de representar a un empresario. Entonces es un entorno absolutamente dudoso, opaco, corrupto y que adem\u00e1s no ofrece ning\u00fan tipo de garant\u00edas\u201d, subray\u00f3.","title":"Cuba autoriza a emigrados a tener empresas privadas, pero expertos dudan de las garant\u00edas para invertir","topic":null,"translation_language":"","url":"https://www.martinoticias.com/a/cuba-autoriza-a-emigrados-a-tener-empresas-privadas-pero-expertos-dudan-de-las-garant%c3%adas-para-invertir/476904.html","video_url":null,"youtube_conversion_active":false,"youtube_conversion_error":"","youtube_conversion_status":""},{"article_body_paragraphs":[],"audio_source_url":null,"author":"Edgardo Pinell Medina","available_dubs":[],"downloadable_assets":["https://gdb.martinoticias.com/6f648729-5088-492b-a05d-2be07a24df63_w1600_r1_n_s.jpg"],"duration_display":"0:00","duration_seconds":null,"embed_url":null,"id":14679,"image_caption":"Rosario Murillo y Daniel Ortega.","image_url":"https://gdb.martinoticias.com/6f648729-5088-492b-a05d-2be07a24df63_w1600_r1_n_s.jpg","is_clip":false,"is_youtube_embed":false,"item_type":"article","item_type_label":"Article","language_label":"Espa\u00f1ol","media_credit":"Edgardo Pinell Medina","micro_label":"Photo","micro_label_kind":"gallery","network_label":"OCB","network_logo_url":"/static/uploads/direct_network_logos/ocb_0888427dcb1d.svg","published_at":"2026-09-03T19:28:43","published_at_display":"3 Sep 2026, 19:28 GMT","sequence_badge_label":null,"sequence_count":null,"sequence_count_label":null,"sequence_frames":[],"sequence_kind":null,"source_name":"radiotelevisionmarti_com_rss","source_name_label":"Radiotelevisionmarti","source_type":"rss","summary":"La Asamblea Nacional de Nicaragua, bajo control total del sandinismo, aprob\u00f3 el martes una reforma constitucional que excluye a l\u00edderes opositores en el exilio de participar en las elecciones y extiende el mandato presidencial de Daniel Ortega y Rosario Murillo a siete a\u00f1os. \"Aprobadas de forma un\u00e1nime\", dijo el presidente de la Asamblea Nacional, el sandinista Gustavo Porras, tras la votaci\u00f3n general del articulado en una sesi\u00f3n especial celebrada frente a la catedral de Le\u00f3n, ubicada a unos 90 km al noroeste de Managua. El texto aprobado el martes a\u00fan deber\u00e1 ser ratificado en enero de 2027 dado que la ley exige hacerlo en dos per\u00edodos legislativos distintos. En un comunicado, el Departamento de Estado de EE.UU. denomin\u00f3 la reforma constitucional como una \u201cfarsa legislativa de la dictadura de Murillo-Ortega\u201d y se\u00f1al\u00f3 que \u201cla guerra de Murillo y Ortega contra la democracia amenaza la estabilidad y la prosperidad de nuestro hemisferio\u201d. \u201cLa Asamblea Nacional, controlada por Rosario Murillo y Daniel Ortega, socav\u00f3 lo que quedaba de la democracia nicarag\u00fcense, reescribiendo nuevamente la constituci\u00f3n del pa\u00eds para afianzar su dinast\u00eda ileg\u00edtima y privar indefinidamente a los nicarag\u00fcenses de elecciones libres y justas\u201d, se\u00f1al\u00f3 el comunicado. Por su parte, el secretario de Estado Marco Rubio indic\u00f3 en una publicaci\u00f3n en X que \u201cEstados Unidos implementar\u00e1 medidas en la pr\u00f3xima reuni\u00f3n de ministros de Relaciones Exteriores de la OEA para asegurar que nuestro hemisferio deje de hacer negocios como de costumbre con esta dictadura\u201d. Para el analista pol\u00edtico Eliseo N\u00fa\u00f1ez la reforma constitucional impulsada por el r\u00e9gimen sandinista responde a una l\u00f3gica de preservaci\u00f3n del poder: \u201cMi lectura es que Ortega busca consolidar un esquema pol\u00edtico dise\u00f1ado para sobrevivir al actual ciclo internacional y, particularmente, al per\u00edodo de la administraci\u00f3n Trump\u201d. Con respecto a la ampliaci\u00f3n del per\u00edodo presidencial a siete a\u00f1os y redefinir los per\u00edodos institucionales, N\u00fa\u00f1ez se\u00f1al\u00f3 a Mart\u00ed Noticias que \u201chay un c\u00e1lculo pol\u00edtico evidente ya que el r\u00e9gimen busca trabajar sobre hechos consumados\u201d. \u201cSi la comunidad internacional o los actores internos exigen condiciones electorales, la discusi\u00f3n ya no ser\u00eda sobre una elecci\u00f3n inmediata, sino sobre un proceso proyectado hacia 2028. Y si eventualmente se viera obligado a negociar, tendr\u00eda incentivos para prolongar cualquier negociaci\u00f3n el mayor tiempo posible, con la expectativa de que coincida con un cambio en el contexto pol\u00edtico internacional y, eventualmente, con el fin de la actual administraci\u00f3n estadounidense\u201d, explic\u00f3 N\u00fa\u00f1ez. El analista pol\u00edtico consider\u00f3 acertada la caracterizaci\u00f3n de \u201cfarsa legislativa\u201d utilizada por el Departamento de Estado porque \u201cen el fondo\u201d, indic\u00f3, \u201cel problema no es estrictamente jur\u00eddico\u201d. Explic\u00f3 que \u201clo que est\u00e1 ocurriendo en Nicaragua no es simplemente una discusi\u00f3n constitucional. La Constituci\u00f3n ha sido subordinada a un proyecto de permanencia en el poder. La ley dej\u00f3 de ser un l\u00edmite al ejercicio del poder pol\u00edtico y se ha convertido en un instrumento para justificar decisiones previamente tomadas por quienes gobiernan\u201d. Ortega no cuenta con una mayor\u00eda social demostrable Quien tambi\u00e9n fuera diputado nicarag\u00fcense entre los a\u00f1os 2012 y 2016, cuando fue expulsado de la Asamblea Nacional por el r\u00e9gimen sandinista, asegur\u00f3 que \u201cel r\u00e9gimen evita cualquier forma de competencia electoral real porque Ortega sabe que no cuenta con una mayor\u00eda social demostrable en elecciones libres\u201d. De acuerdo con N\u00fa\u00f1ez, \u201cincluso los procesos electorales controlados generan algo que el r\u00e9gimen considera peligroso: debate p\u00fablico, movilizaci\u00f3n ciudadana y circulaci\u00f3n de ideas alternativas. Esos espacios pueden producir fisuras, no solo en la oposici\u00f3n, sino tambi\u00e9n dentro de la propia coalici\u00f3n gobernante\u201d. El exlegislador y analista nicarag\u00fcense ahora en el exilio a\u00f1adi\u00f3 que \u201cOrtega tampoco ha mostrado convicci\u00f3n por el modelo de democracia liberal occidental\u201d y \u201cvarias de las reformas impulsadas desde 2024 reflejan esa aspiraci\u00f3n de sustituir la competencia pol\u00edtica por mecanismos permanentes de control institucional, social y econ\u00f3mico\u201d. Para N\u00fa\u00f1ez, la reforma constitucional en curso, m\u00e1s que una muestra de fuerza es un s\u00edntoma de debilidad porque \u201ccuando un gobierno concentra todo el poder y, aun as\u00ed, teme la competencia electoral, lo que demuestra no es confianza en su legitimidad, sino conciencia de sus propias debilidades\u201d. \u00bfQu\u00e9 alternativas quedan para revertir esta situaci\u00f3n? Seg\u00fan el an\u00e1lisis de N\u00fa\u00f1ez, \u201cmientras la coalici\u00f3n de poder que sostiene al r\u00e9gimen contin\u00fae percibiendo beneficios, la estabilidad del sistema seguir\u00e1 siendo relativamente alta. Por tanto, cualquier estrategia efectiva debe aumentar los costos de sostener al r\u00e9gimen y reducir los beneficios pol\u00edticos, econ\u00f3micos y personales que obtienen quienes lo respaldan\u201d. \u201cEn Nicaragua, a diferencia de Cuba, el r\u00e9gimen descansa sobre un ecosistema mucho m\u00e1s amplio de beneficiarios, intermediarios, operadores econ\u00f3micos y grupos de inter\u00e9s que viven de su cercan\u00eda al poder. No se trata \u00fanicamente del Estado; se trata de una red completa de incentivos construida alrededor del r\u00e9gimen\u201d, anot\u00f3. N\u00fa\u00f1ez subray\u00f3 que \u201cun aumento significativo de la presi\u00f3n econ\u00f3mica y financiera podr\u00eda tener efectos pol\u00edticos distintos a los observados en Cuba. Mientras en la isla muchas veces las sanciones operan como un nuevo apret\u00f3n de tuercas sobre una estructura acostumbrada al aislamiento, en Nicaragua podr\u00edan equivaler a quitarle s\u00fabitamente el aire a una red de intereses cuya viabilidad depende del acceso continuo a recursos, mercados y flujos financieros\u201d. En este sentido, N\u00fa\u00f1ez se\u00f1al\u00f3 que las declaraciones del secretario de Estado, Marco Rubio, \u201cparecen ir m\u00e1s all\u00e1 de la OEA ya que el mensaje es que Nicaragua no debe seguir siendo tratada como un pa\u00eds democr\u00e1tico normal cuando opera como una dictadura cerrada. Eso podr\u00eda traducirse en mayores restricciones pol\u00edticas, comerciales y financieras, as\u00ed como en esfuerzos para reducir los espacios de normalizaci\u00f3n regional del r\u00e9gimen. En ese sentido, mecanismos de integraci\u00f3n como el SICA, el Protocolo de Tegucigalpa y otros instrumentos regionales podr\u00edan convertirse en escenarios de presi\u00f3n m\u00e1s efectivos de lo que han sido hasta ahora\u201d.","title":"Nicaragua aprueba reforma que excluye a opositores; EEUU denuncia \u201cfarsa legislativa\u201d","topic":null,"translation_language":"","url":"https://www.martinoticias.com/a/nicaragua-aprueba-reforma-que-excluye-a-opositores-eeuu-denuncia-farsa-legislativa/476894.html","video_url":null,"youtube_conversion_active":false,"youtube_conversion_error":"","youtube_conversion_status":""},{"article_body_paragraphs":[],"audio_source_url":null,"author":"Oficina de Pol\u00edticas","available_dubs":[],"downloadable_assets":["https://gdb.martinoticias.com/e4f78466-6070-48eb-832d-d20c4c2f4993_w1600_r1_n_s.jpg"],"duration_display":"0:00","duration_seconds":null,"embed_url":null,"id":14633,"image_caption":"Familiares de las v\u00edctimas de un ataque perpetrado por una banda armada el 23 de agosto de 2026 sostienen sus fotograf\u00edas durante funeral celebrado en Kenscoff, Hait\u00ed. REUTERS/Patrice Noel","image_url":"https://gdb.martinoticias.com/e4f78466-6070-48eb-832d-d20c4c2f4993_w1600_r1_n_s.jpg","is_clip":false,"is_youtube_embed":false,"item_type":"article","item_type_label":"Article","language_label":"Espa\u00f1ol","media_credit":"Oficina de Pol\u00edticas","micro_label":"Photo","micro_label_kind":"gallery","network_label":"OCB","network_logo_url":"/static/uploads/direct_network_logos/ocb_0888427dcb1d.svg","published_at":"2026-09-03T18:42:57","published_at_display":"3 Sep 2026, 18:42 GMT","sequence_badge_label":null,"sequence_count":null,"sequence_count_label":null,"sequence_frames":[],"sequence_kind":null,"source_name":"radiotelevisionmarti_com_rss","source_name_label":"Radiotelevisionmarti","source_type":"rss","summary":"A continuaci\u00f3n, un editorial que refleja la postura del Gobierno de los Estados Unidos: Al menos 47 personas murieron y m\u00e1s de 50 fueron secuestradas durante un brutal ataque de bandas en Kenscoff, Hait\u00ed, el 23 de agosto. Estados Unidos condena en los t\u00e9rminos m\u00e1s en\u00e9rgicos la salvaje ofensiva de estas bandas terroristas. \"Este ataque, que se produce tras meses de continua violencia letal, es otro recordatorio de la grave situaci\u00f3n de la crisis de seguridad en Hait\u00ed\", declar\u00f3 la embajadora Jennifer Locetta, representante alterna de Estados Unidos para Asuntos Pol\u00edticos Especiales ante las Naciones Unidas. Durante meses, las bandas terroristas han asesinado a civiles, aterrorizado a comunidades, incendiado hogares y destruido familias. Estas bandas han admitido p\u00fablicamente que su objetivo es impedir que los votantes haitianos ejerzan su derecho al voto en futuras elecciones. \"Los terroristas no pueden tomar la democracia como reh\u00e9n para sus propios fines ego\u00edstas y violentos\", declar\u00f3 la embajadora Locetta. \"No pueden sembrar el terror a punta de fusil y desde la comodidad de los puestos de peaje, mientras privan a Hait\u00ed de su futuro\". \"Debemos proteger a los civiles frente a estos actos atroces\". Estados Unidos respalda a las autoridades haitianas que buscan hacer rendir cuentas a los responsables, poner fin a la impunidad de las bandas, restaurar la autoridad del Estado y permitir que el pueblo haitiano elija por s\u00ed mismo a sus l\u00edderes gubernamentales. Estados Unidos mantiene su compromiso de apoyar los esfuerzos de seguridad liderados por Hait\u00ed para acabar con el terror impuesto por las bandas. \"Este ataque es precisamente la raz\u00f3n por la que la misi\u00f3n y el mandato de la Fuerza de Supresi\u00f3n de Bandas (GSF, por sus siglas en ingl\u00e9s), autorizada por la ONU, son tan importantes\", dijo la embajadora Locetta. \"La GSF no se cre\u00f3 para emitir declaraciones desde el interior de un recinto amurallado ni para gastar nuestro dinero mientras Hait\u00ed sufre. Con la ayuda de este Consejo [de Seguridad] y de tantos otros pa\u00edses donantes, se trata de un nuevo tipo de misi\u00f3n, una misi\u00f3n con el mandato de detener realmente a los delincuentes y poner fin al derramamiento de sangre\". Deben limpiar las calles, neutralizar la amenaza y devolver Hait\u00ed a su pueblo\", inst\u00f3 la embajadora Locetta. \"Los Estados miembros de la ONU pueden apoyar esta importante labor de estabilizaci\u00f3n regional facilitando el despliegue \u2014lo antes posible\u2014 de las tropas y fuerzas policiales que los pa\u00edses aportan a la Fuerza de Apoyo a la Seguridad (GSF, por sus siglas en ingl\u00e9s), as\u00ed como contribuyendo al Fondo Fiduciario de la ONU para dicha fuerza\". La embajadora Locetta alent\u00f3 a los Estados miembros a aportar el equipo, los recursos y la voluntad pol\u00edtica tan necesarios para culminar la tarea. \"No podemos lograr la estabilidad \u00fanicamente mediante fuerzas de seguridad\u00bb, advirti\u00f3 la embajadora Locetta. \"Debemos romper este ciclo de violencia combinando v\u00edas de salida cre\u00edbles con oportunidades reales impulsadas por una gobernanza responsable\". \"Hacemos un llamamiento a la comunidad internacional para que ayude a Hait\u00ed a consolidar la paz a largo plazo\", declar\u00f3 la embajadora Locetta. \"Mediante inversiones muy necesarias en capital, infraestructura y creaci\u00f3n de empleo, podemos ofrecer oportunidades a la pr\u00f3xima generaci\u00f3n de l\u00edderes haitianos y brindar alternativas a la senda mortal de la violencia de las pandillas\". Estados Unidos respalda a Hait\u00ed y seguir\u00e1 colaborando con los haitianos y con sus socios internacionales para poner fin a esta crisis y restablecer la estabilidad del pa\u00eds.","title":"Los haitianos merecen la paz y seguridad","topic":null,"translation_language":"","url":"https://www.martinoticias.com/a/los-haitianos-merecen-la-paz-y-seguridad/476901.html","video_url":null,"youtube_conversion_active":false,"youtube_conversion_error":"","youtube_conversion_status":""},{"article_body_paragraphs":[],"audio_source_url":null,"author":"Ariane Gonz\u00e1lez","available_dubs":[],"downloadable_assets":["https://gdb.martinoticias.com/669a7819-8cdc-4bf2-042c-08decd63a0c8_cx0_cy14_cw0_w1600_r1_n_s.jpeg"],"duration_display":"0:00","duration_seconds":null,"embed_url":null,"id":14635,"image_caption":"Sady R. Companioni, residente en Lawton.","image_url":"https://gdb.martinoticias.com/669a7819-8cdc-4bf2-042c-08decd63a0c8_cx0_cy14_cw0_w1600_r1_n_s.jpeg","is_clip":false,"is_youtube_embed":false,"item_type":"article","item_type_label":"Article","language_label":"Espa\u00f1ol","media_credit":"Ariane Gonz\u00e1lez","micro_label":"Photo","micro_label_kind":"gallery","network_label":"OCB","network_logo_url":"/static/uploads/direct_network_logos/ocb_0888427dcb1d.svg","published_at":"2026-09-03T18:25:41","published_at_display":"3 Sep 2026, 18:25 GMT","sequence_badge_label":null,"sequence_count":null,"sequence_count_label":null,"sequence_frames":[],"sequence_kind":null,"source_name":"radiotelevisionmarti_com_rss","source_name_label":"Radiotelevisionmarti","source_type":"rss","summary":"Sady Reynaldo Companioni fue liberada el mi\u00e9rcoles por la noche bajo la medida de obligaci\u00f3n contra\u00edda en acta, despu\u00e9s de permanecer detenida desde el 28 de agosto tras denunciar p\u00fablicamente la falta de agua y las amenazas recibidas por reclamar el servicio en su comunidad de Lawton, en La Habana. \u201cYa estoy en casa, gracias a Dios. Me soltaron ayer a las 10:00 de la noche bajo obligaci\u00f3n contra acta\u201d, dijo la joven madre de una menor en declaraciones a Mart\u00ed Noticias. La residente del municipio Diez de Octubre explic\u00f3 que la medida la obliga a presentarse peri\u00f3dicamente en una unidad de la Polic\u00eda. Sin embargo, al momento de conversar con esta redacci\u00f3n todav\u00eda desconoc\u00eda el n\u00famero de su expediente y la frecuencia con la que deber\u00e1 acudir a firmar. \u201cHoy voy a ir a ver que me den el n\u00famero de expediente, que todav\u00eda no lo tengo, y a ver cu\u00e1les son los d\u00edas que tengo que ir\u201d, se\u00f1al\u00f3. Companioni agradeci\u00f3 el respaldo recibido durante su detenci\u00f3n y asegur\u00f3 que la presi\u00f3n p\u00fablica y medi\u00e1tica contribuy\u00f3 a que las autoridades la liberaran. \u201cSin la presi\u00f3n que hicieron, realmente no hubiera sido posible, porque ah\u00ed hay un mont\u00f3n de personas detenidas por desacato y no tienen, desgraciadamente, la misma suerte\u201d, afirm\u00f3. Tambi\u00e9n expres\u00f3 preocupaci\u00f3n por su madre, quien permaneci\u00f3 sola en la vivienda familiar durante los d\u00edas en que estuvo arrestada. \u201cMuchas gracias por no haber abandonado mi casa, a mi mam\u00e1. Estaba sola aqu\u00ed, estaba desprotegida, estaba asustada, preocupada\u201d, declar\u00f3. Las autoridades detuvieron a Companioni el 28 de agosto, despu\u00e9s de varias denuncias relacionadas con las dificultades para recibir agua en su vivienda y en otras zonas de Lawton. La detenci\u00f3n ocurri\u00f3 despu\u00e9s de que denunciara que una funcionaria local, a quien identific\u00f3 como una delegada vinculada con el Ministerio del Interior, la hab\u00eda grabado en diferentes ocasiones y advertido sobre posibles consecuencias legales por difamaci\u00f3n. Un d\u00eda antes de su arresto, expres\u00f3 temor por su seguridad tras un nuevo incidente ocurrido durante la distribuci\u00f3n de agua mediante un cami\u00f3n cisterna en su comunidad. Aunque ya se encuentra en su vivienda, Companioni permanece sujeta a controles policiales mientras espera conocer los detalles del expediente abierto en su contra. \u201cGracias a la presi\u00f3n medi\u00e1tica que hicieron todos, yo estoy bien, y gracias a eso estoy aqu\u00ed en casa\u201d, concluy\u00f3.","title":"Liberan bajo restricciones a madre cubana detenida por denunciar la falta de agua","topic":null,"translation_language":"","url":"https://www.martinoticias.com/a/liberan-bajo-restricciones-a-madre-cubana-detenida-por-denunciar-la-falta-de-agua/476893.html","video_url":null,"youtube_conversion_active":false,"youtube_conversion_error":"","youtube_conversion_status":""},{"article_body_paragraphs":[],"audio_source_url":null,"author":"Laura Artal","available_dubs":[],"downloadable_assets":["https://gdb.martinoticias.com/aead60a1-e01b-42fe-cff5-08decd5b38e4_w1600_r1_n_s.png"],"duration_display":"0:00","duration_seconds":null,"embed_url":null,"id":14638,"image_caption":"Familiares de presos pol\u00edticos exigen desde la UCV la libertad de sus familiares","image_url":"https://gdb.martinoticias.com/aead60a1-e01b-42fe-cff5-08decd5b38e4_w1600_r1_n_s.png","is_clip":false,"is_youtube_embed":false,"item_type":"article","item_type_label":"Article","language_label":"Espa\u00f1ol","media_credit":"Laura Artal","micro_label":"Photo","micro_label_kind":"gallery","network_label":"OCB","network_logo_url":"/static/uploads/direct_network_logos/ocb_0888427dcb1d.svg","published_at":"2026-09-03T18:14:48","published_at_display":"3 Sep 2026, 18:14 GMT","sequence_badge_label":null,"sequence_count":null,"sequence_count_label":null,"sequence_frames":[],"sequence_kind":null,"source_name":"radiotelevisionmarti_com_rss","source_name_label":"Radiotelevisionmarti","source_type":"rss","summary":"Familiares de presos pol\u00edticos y representantes de organizaciones de la sociedad civil exigieron este jueves en Caracas la liberaci\u00f3n inmediata y plena de todas las personas detenidas por motivos pol\u00edticos en Venezuela y pidieron avanzar hacia una \u201cruta electoral aut\u00e9ntica\u201d. El reclamo se produce cuando 328 presos pol\u00edticos permanecen en Venezuela, seg\u00fan el balance de Foro Penal actualizado al 31 de agosto. De ese total, 317 son hombres y 11 mujeres, mientras que 183 son civiles y 145 militares. La organizaci\u00f3n tambi\u00e9n se\u00f1ala que 140 han sido condenados y 188 permanecen sin condena. La exigencia fue formulada durante una rueda de prensa realizada en la Universidad Central de Venezuela (UCV), la principal universidad p\u00fablica del pa\u00eds, convocada por el Comit\u00e9 por la Libertad de los Presos Pol\u00edticos (CLIPPVE), Creemos Alianza Ciudadana (CAC) y otras organizaciones de la sociedad civil. \u201cJusticia, justicia y libertad\u201d, gritaron los familiares durante el encuentro, en el que reclamaron el cese de los traslados que califican como arbitrarios y reiteraron su petici\u00f3n de libertad para todos los detenidos por razones pol\u00edticas. Familiares de presos pol\u00edticos exigen libertad y una \u201cruta electoral aut\u00e9ntica\u201d en Venezuela Traslados desde El Rodeo I La rueda de prensa tuvo lugar un d\u00eda despu\u00e9s de que familiares denunciaran traslados desde el Centro Penitenciario El Rodeo I, ubicado en el estado Miranda, en el centro-norte de Venezuela, sin notificaci\u00f3n previa sobre el destino de los detenidos. CLIPPVE denunci\u00f3 que durante la noche del 2 de septiembre fueron trasladadas 32 personas desde el centro penitenciario. La organizaci\u00f3n confirm\u00f3 que nueve presos pol\u00edticos fueron trasladados hacia el Fuerte Guaicaipuro, tambi\u00e9n ubicado en Miranda. Los familiares denunciaron que no recibieron informaci\u00f3n previa sobre los movimientos y reclamaron a las autoridades penitenciarias una lista oficial de las personas trasladadas, sus nuevos lugares de reclusi\u00f3n y una fe de vida de los detenidos. Incluso la falta de informaci\u00f3n llev\u00f3 a algunos familiares a intentar comunicarse con los presos desde una monta\u00f1a cercana a El Rodeo I. La ONG CLIPPVE tambi\u00e9n inform\u00f3 este jueves sobre la presencia de nuevos autobuses en el centro penitenciario, lo que gener\u00f3 preocupaci\u00f3n entre los familiares sobre la posibilidad de nuevos movimientos. \u201cLibertad inmediata y plena\u201d Ante esta situaci\u00f3n, CLIPPVE, Creemos Alianza Ciudadana y otras organizaciones convocaron la rueda de prensa en la UCV para presentar p\u00fablicamente dos exigencias: la \u201clibertad inmediata y plena de todos los presos pol\u00edticos\u201d y una \u201cruta electoral aut\u00e9ntica\u201d. El planteamiento tambi\u00e9n ha sido llevado al proceso de negociaci\u00f3n pol\u00edtica que se desarrolla en Venezuela. Los familiares enviaron una carta abierta a los representantes de las delegaciones y solicitaron un espacio para exponer directamente la situaci\u00f3n de los detenidos y las necesidades de quienes presentan condiciones de salud que requieren atenci\u00f3n m\u00e9dica. Dinorah Figuera expresa disposici\u00f3n a reunirse Dinorah Figuera, jefa de la delegaci\u00f3n opositora que participa en las negociaciones, confirm\u00f3 este jueves a trav\u00e9s de la red social X que recibi\u00f3 la comunicaci\u00f3n de los familiares. Figuera manifest\u00f3 preocupaci\u00f3n por los traslados denunciados desde El Rodeo I sin conocimiento previo de familiares y abogados y expres\u00f3 su disposici\u00f3n a reunirse con ellos. La dirigente opositora tambi\u00e9n ratific\u00f3 su compromiso de continuar buscando v\u00edas urgentes para conseguir la libertad de todos los presos pol\u00edticos. Llamado desde Estados Unidos El senador republicano por Florida Rick Scott tambi\u00e9n se pronunci\u00f3 en su cuenta de la red social X sobre las personas que contin\u00faan detenidas por motivos pol\u00edticos en Venezuela. Scott mencion\u00f3 espec\u00edficamente los casos de Nelson Rivero, Jorge Henrique Alayeto Bigott y Oscar Caama\u00f1o y reiter\u00f3 su llamado a la liberaci\u00f3n inmediata e incondicional de todos los presos pol\u00edticos. El balance m\u00e1s reciente de Foro Penal sit\u00faa esa cifra en 328 presos pol\u00edticos al 31 de agosto. Adem\u00e1s de los 188 que permanecen sin condena, la organizaci\u00f3n registra 33 detenidos con nacionalidad extranjera. Desde la UCV, los familiares insistieron este jueves en que su petici\u00f3n es la libertad de todos los presos pol\u00edticos y que ese proceso avance acompa\u00f1ado de garant\u00edas pol\u00edticas y de una ruta electoral aut\u00e9ntica para Venezuela.","title":"Familiares de presos pol\u00edticos exigen libertad y una \u201cruta electoral aut\u00e9ntica\u201d en Venezuela","topic":null,"translation_language":"","url":"https://www.martinoticias.com/a/familiares-de-presos-pol%c3%adticos-exigen-libertad-y-una-ruta-electoral-aut%c3%a9ntica-en-venezuela/476897.html","video_url":null,"youtube_conversion_active":false,"youtube_conversion_error":"","youtube_conversion_status":""},{"article_body_paragraphs":[],"audio_source_url":null,"author":"Departamento de Estado","available_dubs":[],"downloadable_assets":["https://gdb.martinoticias.com/1aeabe0f-e71e-4093-8be6-232b641da058_cx0_cy10_cw0_w1600_r1_n_s.jpg"],"duration_display":"0:00","duration_seconds":null,"embed_url":null,"id":14565,"image_caption":"Edificio del Departamento de Estado de EEUU, en Washington DC.","image_url":"https://gdb.martinoticias.com/1aeabe0f-e71e-4093-8be6-232b641da058_cx0_cy10_cw0_w1600_r1_n_s.jpg","is_clip":false,"is_youtube_embed":false,"item_type":"article","item_type_label":"Article","language_label":"Espa\u00f1ol","media_credit":"Departamento de Estado","micro_label":"Photo","micro_label_kind":"gallery","network_label":"OCB","network_logo_url":"/static/uploads/direct_network_logos/ocb_0888427dcb1d.svg","published_at":"2026-09-03T17:48:04","published_at_display":"3 Sep 2026, 17:48 GMT","sequence_badge_label":null,"sequence_count":null,"sequence_count_label":null,"sequence_frames":[],"sequence_kind":null,"source_name":"radiotelevisionmarti_com_rss","source_name_label":"Radiotelevisionmarti","source_type":"rss","summary":"Hoy, el Departamento de Estado ha designado a cinco entidades y a un individuo con el fin de impulsar la estrategia integral de la Administraci\u00f3n Trump para poner fin a las actividades malignas del r\u00e9gimen cubano, tanto en Cuba como en todo nuestro hemisferio. Esta medida incluye la imposici\u00f3n de sanciones a un miembro m\u00e1s de la familia Castro y restringe a\u00fan m\u00e1s la capacidad del r\u00e9gimen para financiar y dotar de recursos a su represi\u00f3n. Todos los objetivos sancionados hoy por el Departamento de Estado han sido designados en virtud de la orden ejecutiva (E.O.) 14404, que autoriza la imposici\u00f3n de sanciones a personas extranjeras que se determine que cumplen criterios espec\u00edficos relacionados con la represi\u00f3n en Cuba y otras amenazas a la seguridad nacional y la pol\u00edtica exterior de Estados Unidos. Designaciones continuadas del r\u00e9gimen de Castro FIDEL ERNESTO CASTRO CALIS (CASTRO CALIS) , nieto de Ra\u00fal Modesto Castro Ruz, est\u00e1 siendo designado en virtud de la secci\u00f3n 2(a)(i)(I) de la orden ejecutiva 14404 por ser un miembro adulto de la familia de ALEJANDRO CASTRO ESP\u00cdN (CASTRO ESP\u00cdN), una persona designada en virtud de esta orden. CASTRO ESP\u00cdN, que es el padre de CASTRO CALIS, fue designado junto con el hermano de CASTRO CALIS, RA\u00daL ALEJANDRO CASTRO CALIS, en virtud de la orden ejecutiva 14404 del 4 de junio de 2026. Incremento de las restricciones de la capacidad del r\u00e9gimen para explotar el sistema financiero internacional BANCO EXTERIOR DE CUBA , un banco de propiedad estatal de Cuba que se especializa en banca empresarial, financiaci\u00f3n de comercio exterior y transacciones internacionales, es designado en virtud de la secci\u00f3n 2(a)(i)(A) de la orden ejecutiva 14404 por operar o haber operado en el sector financiero de la econom\u00eda cubana. Entidades cubanas que explotan los sectores metal\u00fargico y minero Las entidades a continuaci\u00f3n asociadas con la explotaci\u00f3n de los sectores metal\u00fargico y minero de Cuba para beneficio del r\u00e9gimen est\u00e1n siendo designadas en virtud de la secci\u00f3n 2(a)(i)(A) de la orden ejecutiva 14404 por operar o haber operado en los sectores metal\u00fargico y minero de la econom\u00eda cubana: EMPRESA DE SERVICIOS COMANDANTE REN\u00c9 RAMOS LATOUR (NICAROTEC) , una entidad de propiedad estatal cubana, empresa que realiza servicios industriales y t\u00e9cnicos que proporciona apoyo geol\u00f3gico y minero al sector cubano del n\u00edquel. EMPRESA IMPORTADORA Y ABASTECEDORA DEL N\u00cdQUEL (CEXNI) , una empresa de comercio exterior y log\u00edstica que importa y suministra materias primas especializadas, maquinaria y equipos para la industria cubana del n\u00edquel y el cobalto. Entidades cubanas que explotan el sector energ\u00e9tico Las entidades a continuaci\u00f3n asociadas con la explotaci\u00f3n del sector energ\u00e9tico de Cuba para beneficio del r\u00e9gimen son designadas: EMPRESA IMPORTADORA DE ABASTECIMIENTO PARA EL PETR\u00d3LEO (ABAPET) est\u00e1 siendo designada en virtud de la secci\u00f3n 2(a)(i)(B) de la orden ejecutiva 14404 por ser propiedad o estar controlada directa o indirectamente o por haber actuado o pretendido actuar en nombre o por cuenta de UNI\u00d3N CUBA-PETR\u00d3LEO (CUPET), persona cuya propiedad o intereses en propiedad est\u00e1n bloqueados en virtud de esta orden. ABAPET es una subsidiaria de CUPET que participa principalmente en actividades de apoyo de licitaciones para CUPET, y ha importado espec\u00edficamente equipos tecnol\u00f3gicos, piezas sueltas, herramientas especializadas e insumos industriales necesarios para sostener el sector energ\u00e9tico de Cuba. COMERCIAL CUPET S.A. est\u00e1 siendo designada en virtud de la secci\u00f3n 2(a)(i)(A) de la orden ejecutiva 14404 por operar o haber operado en el sector energ\u00e9tico de la econom\u00eda cubana. COMERCIAL CUPET S.A. es una entidad cubana de propiedad estatal que representa a CUPET en negociaciones y empresas conjuntas con entidades extranjeras. Implicaciones de las sanciones Como resultado de las acciones de hoy relacionadas con las sanciones, y en virtud de la orden ejecutiva 14404 de 1 de mayo de 2026, \u201c Imposici\u00f3n de sanciones a los responsables de la represi\u00f3n en Cuba y de las amenazas a la seguridad nacional y la pol\u00edtica exterior de Estados Unidos \u201d, todas las propiedades e intereses en poder de las personas designadas descritas anteriormente que se encuentren en Estados Unidos o en posesi\u00f3n o control de personas estadounidenses, est\u00e1n bloqueadas y deben ser reportadas a la Oficina de Control de Activos Extranjeros (OFAC) del Departamento del Tesoro. Adem\u00e1s, cualquier entidad que sea propiedad individual o colectivamente en un 50 por ciento o m\u00e1s de una persona bloqueada o m\u00e1s, tambi\u00e9n est\u00e1 bloqueada. Se proh\u00edben todas las transacciones y negocios realizados por personas estadounidenses, dentro de Estados Unidos (o en tr\u00e1nsito), que impliquen cualquier propiedad o inter\u00e9s en propiedades de las personas designadas o bloqueadas de alg\u00fan modo a menos que est\u00e9 autorizada por una licencia general o espec\u00edfica emitida por la OFAC, o que est\u00e9 exenta. Las prohibiciones incluyen la realizaci\u00f3n de cualquier contribuci\u00f3n o provisi\u00f3n de fondos, bienes o servicios por, para o en beneficio de cualquier persona bloqueada, o la recepci\u00f3n de cualquier contribuci\u00f3n o provisi\u00f3n de fondos, bienes o servicios de cualquiera de estas personas. Las personas extranjeras que participen en transacciones con personas designadas en virtud de la O. E. 14404, o que operen en los sectores de energ\u00eda, defensa y material relacionado, metal\u00fargico y miner\u00eda, servicios financieros, o el sector de seguridad de la econom\u00eda cubana, como se identifican en la O. E. 14404, se arriesgan a ser objeto de sanciones. Las personas no estadounidenses, incluyendo instituciones financieras extranjeras, deben proceder con precauci\u00f3n respecto a cualquier operaci\u00f3n con una parte sancionada bajo esta autoridad. Las acciones para devolver activos a una parte sancionada o transferirlos a otra jurisdicci\u00f3n para posible uso por el sujeto [de la sanci\u00f3n] podr\u00edan exponer a las personas no estadounidenses a un riesgo significativo de ser sancionadas. Toda propiedad o inter\u00e9s en propiedad de personas que est\u00e9n bloqueadas en virtud de las reglamentaciones de control de activos cubanos (CACR) contin\u00faa estando bloqueada. La CACR proh\u00edbe a personas sujetas a la jurisdicci\u00f3n de Estados Unidos hacer transacciones con propiedades en las que Cuba o un nacional cubano tenga intereses a no ser que est\u00e9 autorizada o exenta. El poder y la integridad de las sanciones del Gobierno de Estados Unidos derivan no solo de la capacidad del Gobierno de Estados Unidos para designar y agregar personas a la Lista de Nacionales Especialmente Designados y Personas Bloqueadas (Lista SDN), sino tambi\u00e9n de su voluntad para eliminar a personas de la Lista SDN de conformidad con la ley. El objetivo final de las sanciones no es castigar, sino provocar un cambio positivo en el comportamiento. Las solicitudes de exclusi\u00f3n de la Lista SDN pueden enviarse a trav\u00e9s de la p\u00e1gina web de la OFAC para solicitud de revisi\u00f3n ( en ingl\u00e9s ). Los solicitantes tambi\u00e9n pueden consultar la p\u00e1gina de informaci\u00f3n del Departamento de Estado para conocer las condiciones para ser eliminado de la lista ( Delisting Guidance , en ingl\u00e9s ). Para ver el texto original, ir a: https://www.state.gov/releases/office-of-the-spokesperson/2026/09/further-sanctions-on-cubas-elites-financial-channels-and-resource-exploitation-apparatus-fact-sheet/ Esta traducci\u00f3n se proporciona como una cortes\u00eda y \u00fanicamente debe considerarse fidedigna la fuente original en ingl\u00e9s.","title":"Incremento de sanciones a las \u00e9lites, canales de financiaci\u00f3n y aparatos de explotaci\u00f3n de recursos de Cuba","topic":null,"translation_language":"","url":"https://www.martinoticias.com/a/incremento-de-sanciones-a-las-%c3%a9lites-canales-de-financiaci%c3%b3n-y-aparatos-de-explotaci%c3%b3n-de-recursos-de-cuba/476899.html","video_url":null,"youtube_conversion_active":false,"youtube_conversion_error":"","youtube_conversion_status":""},{"article_body_paragraphs":[],"audio_source_url":null,"author":"Redacci\u00f3n Mart\u00ed Noticias","available_dubs":[],"downloadable_assets":["https://gdb.martinoticias.com/109bb5d6-8572-43e6-b531-17bffc8862e6_cx0_cy7_cw0_w1600_r1_n_s.jpg"],"duration_display":"0:00","duration_seconds":null,"embed_url":null,"id":14340,"image_caption":"El secretario de Estado Marco Rubio en un evento este jueves en Washington DC.","image_url":"https://gdb.martinoticias.com/109bb5d6-8572-43e6-b531-17bffc8862e6_cx0_cy7_cw0_w1600_r1_n_s.jpg","is_clip":false,"is_youtube_embed":false,"item_type":"article","item_type_label":"Article","language_label":"Espa\u00f1ol","media_credit":"Redacci\u00f3n Mart\u00ed Noticias","micro_label":"Photo","micro_label_kind":"gallery","network_label":"OCB","network_logo_url":"/static/uploads/direct_network_logos/ocb_0888427dcb1d.svg","published_at":"2026-09-03T16:56:41","published_at_display":"3 Sep 2026, 16:56 GMT","sequence_badge_label":null,"sequence_count":null,"sequence_count_label":null,"sequence_frames":[],"sequence_kind":null,"source_name":"radiotelevisionmarti_com_rss","source_name_label":"Radiotelevisionmarti","source_type":"rss","summary":"El r\u00e9gimen cubano contin\u00faa representando una amenaza para la seguridad nacional de Estados Unidos y para la estabilidad regional, y la familia Castro y sectores del Ministerio del Interior (MININT) mantienen el control de los recursos econ\u00f3micos clave de la isla en beneficio de una \u00e9lite gobernante, dijo este jueves el secretario de Estado Marco Rubio al anunciar nuevas sanciones contra La Habana. \"El r\u00e9gimen comunista cubano sigue representando una amenaza profunda y multifac\u00e9tica para la seguridad nacional de Estados Unidos y la estabilidad de nuestro hemisferio. Mientras el pueblo cubano sufre, la familia Castro y sus allegados en el represivo Ministerio del Interior (MININT) de Cuba contin\u00faan perpetuando su control total de la econom\u00eda de la isla, acaparando recursos en beneficio de un peque\u00f1o grupo de \u00e9lites del r\u00e9gimen\", dijo Rubio en una declaraci\u00f3n publicada por la canciller\u00eda estadounidense. \"Las \u00e9lites del r\u00e9gimen comunista cubano presiden un Estado fallido donde los cubanos comunes pasan hambre mientras la familia Castro y otros miembros influyentes se enriquecen evadiendo sanciones y mediante otros esquemas il\u00edcitos, y buscan exportar ideolog\u00eda marxista subversiva a Estados Unidos y otros Estados del hemisferio occidental\", recalc\u00f3 el jefe de la diplomacia estadounidense en un post en la red social X. \"El presidente Trump y yo mantenemos firme nuestro compromiso de que Cuba ser\u00e1 libre\", afirm\u00f3. EEUU designa al colectivo tecnol\u00f3gico Autistici/Inventati como organizaci\u00f3n terrorista global Bajo la Orden Ejecutiva 14404 emitida en mayo pasado por el presidente Donald Trump, el Departamento del Tesoro y el Departamento de Estado sancionaron a cinco entidades y una persona del entorno de la c\u00fapula gobernante liderada por la familia Castro. \"Designo cinco entidades y una persona cuyas actividades sostienen los sectores de servicios financieros, metales y miner\u00eda y energ\u00eda del r\u00e9gimen, y forman parte de redes que avanzan las amenazas del r\u00e9gimen a la seguridad nacional de Estados Unidos\", precis\u00f3 Rubio. Entre los sancionados se encuentra Fidel Ernesto Castro Calis, nieto de Ra\u00fal Castro, el Banco Exterior de Cuba y cuatro entidades relacionadas con la explotaci\u00f3n de recursos naturales y energ\u00e9ticos. Las medidas buscan debilitar las redes financieras y estructuras de poder asociadas al r\u00e9gimen cubano y promover una transici\u00f3n hacia una Cuba m\u00e1s libre y democr\u00e1tica. EEUU con m\u00e1s sanciones a la \u00e9lite de Castro y sus v\u00edas de financiamiento \"Estas designaciones reflejan la visi\u00f3n inquebrantable del presidente Trump para una Cuba libre, una donde las redes financieras il\u00edcitas, los aparatos represivos y las estructuras de poder arraigadas de la era Castro del r\u00e9gimen sean desmanteladas, y donde el pueblo cubano, y no sus opresores, herede el futuro de la naci\u00f3n\", afirm\u00f3 el secretario de Estado. Rubio se\u00f1al\u00f3 que las acciones del Departamento se est\u00e1n llevando a cabo conforme a las \u00f3rdenes ejecutivas emitidas por Trump que autorizan sanciones severas contra Cuba, incluyendo a personas que apoyan el aparato de seguridad del r\u00e9gimen cubano y a quienes son responsables de la represi\u00f3n en Cuba y otras amenazas a la seguridad nacional de Estados Unidos. Las medidas tambi\u00e9n siguen las indicaciones del Memorando Presidencial de Seguridad Nacional que \"ordena al Poder Ejecutivo mejorar los derechos humanos, fomentar el estado de derecho, promover los mercados libres y la libre empresa, y promover la democracia en Cuba\".","title":"Rubio sobre nuevas sanciones al r\u00e9gimen de Cuba: mientras el pueblo sufre la c\u00fapula acapara los recursos","topic":null,"translation_language":"","url":"https://www.martinoticias.com/a/rubio-sobre-nuevas-sanciones-al-r%c3%a9gimen-de-cuba-mientras-el-pueblo-sufre-la-c%c3%bapula-acapara-los-recursos/476892.html","video_url":null,"youtube_conversion_active":false,"youtube_conversion_error":"","youtube_conversion_status":""},{"article_body_paragraphs":[],"audio_source_url":null,"author":"Redacci\u00f3n Mart\u00ed Noticias","available_dubs":[],"downloadable_assets":["https://gdb.martinoticias.com/5b0bb676-d14a-4e80-fa7f-08debb0491f6_cx24_cy21_cw75_w1600_r1_n_s.jpg"],"duration_display":"0:00","duration_seconds":null,"embed_url":null,"id":14217,"image_caption":"Alejandro Castro Esp\u00edn junto a su hijo Fidel Ernesto Castro Calis. ADALBERTO ROQUE / AFP","image_url":"https://gdb.martinoticias.com/5b0bb676-d14a-4e80-fa7f-08debb0491f6_cx24_cy21_cw75_w1600_r1_n_s.jpg","is_clip":false,"is_youtube_embed":false,"item_type":"article","item_type_label":"Article","language_label":"Espa\u00f1ol","media_credit":"Redacci\u00f3n Mart\u00ed Noticias","micro_label":"Photo","micro_label_kind":"gallery","network_label":"OCB","network_logo_url":"/static/uploads/direct_network_logos/ocb_0888427dcb1d.svg","published_at":"2026-09-03T16:08:22","published_at_display":"3 Sep 2026, 16:08 GMT","sequence_badge_label":null,"sequence_count":null,"sequence_count_label":null,"sequence_frames":[],"sequence_kind":null,"source_name":"radiotelevisionmarti_com_rss","source_name_label":"Radiotelevisionmarti","source_type":"rss","summary":"Estados Unidos anunci\u00f3 este jueves otra ronda de sanciones contra la \u00e9lite del castrismo y sus v\u00edas de financiamiento. Las nuevas medidas incorporan a Fidel Ernesto Castro Calis a la Lista de Nacionales Especialmente Designados (SDN) de la Oficina de Control de Activos Extranjeros (OFAC) del Departamento del Tesoro. EEUU con m\u00e1s sanciones a la \u00e9lite de Castro y sus v\u00edas de financiamiento El nieto del general Ra\u00fal Castro tiene 31 a\u00f1os y es hijo de Alejandro Castro Esp\u00edn, ya sancionado en junio de 2026 por su papel en los servicios de inteligencia. Castro Calis y su hermano Ra\u00fal Alejandro son los dos hijos de Castro Esp\u00edn con su primera esposa Marietta Calis Lauzurica, seg\u00fan revel\u00f3 Cubanet. Nuevas sanciones de EEUU quiebran l\u00edneas de financiamiento del r\u00e9gimen y el c\u00edrculo cerrado del castrismo EEUU publica oficialmente sanciones contra D\u00edaz-Canel y entidades vinculadas al r\u00e9gimen cubano Es publicaci\u00f3n asegura que Ra\u00fal Alejandro, Fidel Ernesto y Paolo Titolo Castro (hijo de Mariela Castro y Paolo Titolo) son actualmente, junto con Ra\u00fal Guillermo Rodr\u00edguez Castro \"El Cangrejo\", los nietos m\u00e1s favorecidos por la dinast\u00eda Castro. La ronda de hoy incluye adem\u00e1s a cinco entidades cubanas vinculadas a la banca, el petr\u00f3leo y el n\u00edquel, como parte de la Orden Ejecutiva 14404, del presidente Donald Trump, titulada \u00abImposici\u00f3n de sanciones a los responsables de la represi\u00f3n en Cuba y de amenazas a la seguridad nacional y la pol\u00edtica exterior de Estados Unidos\u00bb. Incremento de sanciones a las \u00e9lites, canales de financiaci\u00f3n y aparatos de explotaci\u00f3n de recursos de Cuba Las cinco empresas a\u00f1adidas son el Banco Exterior de Cuba, Comercial CUPET S.A., la Empresa de Servicios Comandante Ren\u00e9 Ramos Latour (tambi\u00e9n conocida como Nicarotec), la Empresa Importadora de Abastecimiento para el Petr\u00f3leo (ABAPET) y la Empresa Importadora y Abastecedora del N\u00edquel CEXNI. Rubio sobre nuevas sanciones al r\u00e9gimen de Cuba: mientras el pueblo sufre la c\u00fapula acapara los recursos \"El r\u00e9gimen comunista cubano sigue representando una amenaza profunda y multifac\u00e9tica para la seguridad nacional de Estados Unidos y para la estabilidad de nuestro hemisferio\", dijo el Departamento de Estado en un comunicado. \"Mientras el pueblo cubano sufre, la familia Castro y sus allegados en el represivo Ministerio del Interior (MININT) de Cuba contin\u00faan perpetuando su control total sobre la econom\u00eda de la isla, acaparando recursos en beneficio de un peque\u00f1o grupo de \u00e9lites del r\u00e9gimen\". En el d\u00eda de hoy la Oficina de Control de Activos Extranjeros emiti\u00f3 la Licencia General de Cuba 4A, que sustituye y reemplaza por completo a la Licencia General 4 del 23 de julio de 2026. Garant\u00edas al funcionamiento de embajadas y consulados extranjeros en Cuba La modificaci\u00f3n autoriza las transacciones con personas bloqueadas que sean ordinariamente incidentales y necesarias para el funcionamiento oficial de las misiones diplom\u00e1ticas y consulares de terceros pa\u00edses ubicadas en Cuba, as\u00ed como para el procesamiento de transferencias de fondos y el mantenimiento de cuentas destinadas a los gastos personales de sus empleados, concesionarios, contratistas y familiares que convivan con ellos. De manera que se elimina la restricci\u00f3n que prohib\u00eda la mayor\u00eda de las transferencias financieras a personas bloqueadas (salvo excepciones muy limitadas como impuestos, tasas, servicios p\u00fablicos o permisos), y en lo adelante se permite un mayor margen de operaciones con entidades cubanas sancionadas siempre que sean indispensables para el trabajo diplom\u00e1tico o los gastos personales del personal.","title":"EEUU con m\u00e1s sanciones a la \u00e9lite de Castro y sus v\u00edas de financiamiento","topic":null,"translation_language":"","url":"https://www.martinoticias.com/a/476888.html","video_url":null,"youtube_conversion_active":false,"youtube_conversion_error":"","youtube_conversion_status":""},{"article_body_paragraphs":[],"audio_source_url":null,"author":"Rolando N\u00e1poles","available_dubs":[],"downloadable_assets":["https://gdb.martinoticias.com/f05c29e9-0599-49e3-bc86-08def2b1d8dc_cx0_cy6_cw0_w1600_r1_n_s.jpg"],"duration_display":"0:00","duration_seconds":null,"embed_url":null,"id":14099,"image_caption":"Conferencia Colapso Social en Cuba en la Universidad Internacional de la Florida (FIU)","image_url":"https://gdb.martinoticias.com/f05c29e9-0599-49e3-bc86-08def2b1d8dc_cx0_cy6_cw0_w1600_r1_n_s.jpg","is_clip":false,"is_youtube_embed":false,"item_type":"article","item_type_label":"Article","language_label":"Espa\u00f1ol","media_credit":"Rolando N\u00e1poles","micro_label":"Photo","micro_label_kind":"gallery","network_label":"OCB","network_logo_url":"/static/uploads/direct_network_logos/ocb_0888427dcb1d.svg","published_at":"2026-09-03T15:40:00","published_at_display":"3 Sep 2026, 15:40 GMT","sequence_badge_label":null,"sequence_count":null,"sequence_count_label":null,"sequence_frames":[],"sequence_kind":null,"source_name":"radiotelevisionmarti_com_rss","source_name_label":"Radiotelevisionmarti","source_type":"rss","summary":"Rosa Mar\u00eda Pay\u00e1 , l\u00edder de Cuba Decide y coordinadora de la coalici\u00f3n opositora Pasos de Cambio, afirm\u00f3 en la conferencia \u201cColapso social en Cuba\u201d, realizada este mi\u00e9rcoles en la Universidad Internacional de la Florida (FIU) en Miami, que la \u00fanica v\u00eda real para salir de esa crisis que ha empobrecido la isla es con el fin de la dictadura cubana. \u201cLa \u00fanica manera de acabar con crisis humanitaria que est\u00e1 sufriendo nuestro pueblo es a partir de un cambio pol\u00edtico. Es el cambio pol\u00edtico el que garantiza las condiciones m\u00ednimas necesarias para responder a la emergencia sanitaria que vive nuestro pa\u00eds\u201d, declar\u00f3 Pay\u00e1 a Mart\u00ed Noticias en esta conferencia en la cual se present\u00f3 en esta ciudad el IX Estudio sobre Derechos Sociales en Cuba, del Observatorio Cubano de Derechos Humanos (OCDH). Esta conferencia realizada en FIU, convocada por la coalici\u00f3n Pasos Cambio, forma parte del trabajo de las organizaciones opositoras reunidas en esta coalici\u00f3n para cumplir el \u201cAcuerdo de Liberaci\u00f3n\u201d, firmado en Miami en marzo de este 2026, junto a la Asamblea de la Resistencia Cubana, con el fin de implementar un plan integral para el restablecimiento de la Democracia en Cuba. Pay\u00e1 explic\u00f3 en este evento, los principales pasos de este plan entre ellos el de la asistencia humanitaria para una fase de estabilizaci\u00f3n tras el fin de la dictadura. \u201cDespu\u00e9s del Acuerdo de Liberaci\u00f3n, nosotros nos comprometimos a trabajar en las diversas \u00e1reas en el proceso de transici\u00f3n. Una de ellas es la enorme \u00e1rea de la respuesta a la emergencia humanitaria y el equipo que trabaja en esa comisi\u00f3n est\u00e1 elaborando ese plan\u201d, explic\u00f3 a Mart\u00ed Noticias la coordinadora de Pasos de Cambio. Informe revela alza de la pobreza extrema en Cuba y rechazo a la gesti\u00f3n del r\u00e9gimen (VIDEO) Para mostrar las cifras de ese colapso social en Cuba, Yaxys Cires , director de estrategias del OCDH, detall\u00f3 en este encuentro los m\u00e1s importantes resultados del IX Estudio sobre Derechos Sociales en Cuba 2026 como es el caso del aumento de la pobreza extrema a un 94 %; el hecho de que 8 de cada 10 cubanos han tenido que dejar de desayunar, almorzar o cenar por la falta de dinero o de alimentos y el alza a un 95 % del rechazo de la gesti\u00f3n de la crisis econ\u00f3mica y social por parte del r\u00e9gimen. \u201cEfectivamente, la situaci\u00f3n que se vive hoy en Cuba es de un colaspo y tiene una incidencia directa en la vida de la gente. Y es generalizada porque estamos hablando de una pobreza extrema que llega al 94 % de la poblaci\u00f3n. Pero no hay un \u00e1mbito de la vida social y econ\u00f3mica de ese pa\u00eds que escape a ese colapso\u201d, se\u00f1al\u00f3 Cires a Mart\u00ed Noticias. Presentaci\u00f3n en Miami de IX Estudio sobre Derechos Sociales en Cuba Esta convocatoria en FIU dedic\u00f3 adem\u00e1s un panel dirigido a presentar propuestas para responder a la emergencia humanitaria en una eventual transici\u00f3n democr\u00e1tica en Cuba. Entre los panelistas estuvieron, Teo Babun, presidente y director ejecutivo de Outreach Aid to the Americas; Andres Asion, de la junta asesora de Global Empowerment Mission; y el padre Jos\u00e9 Joaqu\u00edn Espino , rector del Santuario Nacional Ermita de la Caridad. Los moderadores de la conferencia fueron el abogado y profesor cubano residente en Chile, Mijail Bonito y Armando Ibarra, asesor principal de la Fundaci\u00f3n para la Democracia Panamericana. \u201cNosotros proponemos que los Estados Unidos, que es la v\u00eda m\u00e1s grande de ayuda humanitaria a Cuba, no invite a otras organizaciones a que vayan a Cuba a pretender dar esa ayuda porque no conocen la isla, sino que se trabaje con las organizaciones que ya existen en Cuba: la iglesia cat\u00f3lica y la evang\u00e9lica\u201d, asever\u00f3 Teo Bab\u00fan a Mart\u00ed Noticias. Para el padre Espino, la propuesta que presenta la Iglesia Cat\u00f3lica en este plan es como siempre ha sido en el caso cubano, ayudar. \u201cLa Iglesia Cat\u00f3lica siempre ha sido v\u00ednculo para entregar esa ayuda en Cuba, no s\u00f3lo la de Estados Unidos. Desde hace mucho tiempo C\u00e1ritas Cuba ha estado muy presente en medio del pueblo. Ha sido muchas veces la primera que ha respondido en casos de desastres naturales como los huracanes y constantemente tenemos comedores para los ancianos, ofrecemos ayuda para los minusv\u00e1lidos\u201d, dijo el rector del Santuario Nacional Ermita de la Caridad del Cobre en Miami. Sebasti\u00e1n Arcos Cazab\u00f3n , director interino del Instituto de Estudios Cubanos de FIU, asever\u00f3 a Mart\u00ed Noticias que la \u00fanica soluci\u00f3n a la crisis humanitaria en Cuba es el fin del r\u00e9gimen comunista en la isla. \u201cLo dem\u00e1s es paliativo\", sentenci\u00f3 el acad\u00e9mico. \"El exilio est\u00e1 haciendo lo que puede hacer, considerando las circunstancias. Pero eso no resuelve el problema. La ra\u00edz del problema es el r\u00e9gimen. Por tanto, la \u00fanica soluci\u00f3n definitiva es el cambio del r\u00e9gimen\u201d, expres\u00f3 Cazab\u00f3n.","title":"Cambio pol\u00edtico: \u00fanica salida a crisis humanitaria en Cuba, opinan expertos","topic":null,"translation_language":"","url":"https://www.martinoticias.com/a/cambio-pol%c3%adtico-%c3%banica-salida-a-crisis-humanitaria-en-cuba-opinan-expertos/476886.html","video_url":null,"youtube_conversion_active":false,"youtube_conversion_error":"","youtube_conversion_status":""},{"article_body_paragraphs":[],"audio_source_url":null,"author":"Redacci\u00f3n Mart\u00ed Noticias","available_dubs":[],"downloadable_assets":["https://gdb.martinoticias.com/fd6ee76f-d08a-42ad-9e4f-7c769197878e_w1600_r1_n_s.jpg"],"duration_display":"0:00","duration_seconds":null,"embed_url":null,"id":14066,"image_caption":"El vicepresidente de EEUU JD Vance (izq.) saluda al secretario de Estado Marco Rubio durante el lanzamiento de \"The Foundry School\", en el Instituto de la Paz Donald J. Trump, en Washington, DC.","image_url":"https://gdb.martinoticias.com/fd6ee76f-d08a-42ad-9e4f-7c769197878e_w1600_r1_n_s.jpg","is_clip":false,"is_youtube_embed":false,"item_type":"article","item_type_label":"Article","language_label":"Espa\u00f1ol","media_credit":"Redacci\u00f3n Mart\u00ed Noticias","micro_label":"Photo","micro_label_kind":"gallery","network_label":"OCB","network_logo_url":"/static/uploads/direct_network_logos/ocb_0888427dcb1d.svg","published_at":"2026-09-03T14:59:52","published_at_display":"3 Sep 2026, 14:59 GMT","sequence_badge_label":null,"sequence_count":null,"sequence_count_label":null,"sequence_frames":[],"sequence_kind":null,"source_name":"radiotelevisionmarti_com_rss","source_name_label":"Radiotelevisionmarti","source_type":"rss","summary":"El vicepresidente de Estados Unidos, JD Vance, afirm\u00f3 este jueves que el pa\u00eds necesita recuperar su capacidad manufacturera y reinvertir en los trabajadores estadounidenses. \u201cLa seguridad industrial es seguridad nacional\u201d, dijo Vance durante el lanzamiento de Foundry School, un programa nacional de formaci\u00f3n para sectores industriales avanzados celebrado en el Instituto de Paz Donald J. Trump, en Washington DC. \u201cNecesitamos reindustrializar Estados Unidos\u201d, afirm\u00f3. \u201cTenemos que reconstruir nuestro pa\u00eds y no podemos hacerlo sin reinvertir en los trabajadores estadounidenses\u201d. Foundry School es un proyecto de Pax Silica, iniciativa multilateral del Departamento de Estado dirigida a fortalecer las cadenas de suministro de materiales cr\u00edticos, energ\u00eda, inteligencia artificial y semiconductores. El programa capacitar\u00e1 a emprendedores, ingenieros, t\u00e9cnicos y l\u00edderes industriales para empleos en \u00e1reas como la fabricaci\u00f3n de semiconductores, la defensa y la energ\u00eda. El secretario de Estado, Marco Rubio, quien tambi\u00e9n particip\u00f3 en el lanzamiento, advirti\u00f3 que Estados Unidos mantiene una \u201cdependencia peligrosa\u201d de otras naciones, no solo en el \u00e1mbito econ\u00f3mico, sino tambi\u00e9n para \u201cnuestra seguridad nacional y nuestra propia supervivencia como naci\u00f3n pr\u00f3spera\u201d. \u201cAhora debemos intentar revertir esos errores; ser\u00e1 una tarea que abarque varias administraciones, pero comienza aqu\u00ed y ahora, con esta\u201d, apunt\u00f3 Rubio. La iniciativa forma parte de la pol\u00edtica de la administraci\u00f3n de Donald Trump para trasladar producci\u00f3n y cadenas de suministro estrat\u00e9gicas a territorio estadounidense. Trump ha vinculado anteriormente la capacidad industrial con la seguridad del pa\u00eds. En una proclamaci\u00f3n por el D\u00eda Nacional de la Manufactura de 2025, afirm\u00f3 que la fortaleza de Estados Unidos \u201cdescansa en la fortaleza de nuestras industrias y la determinaci\u00f3n de nuestros trabajadores\u201d.","title":"Vance y Rubio alertan sobre dependencia exterior y apuestan por recuperar producci\u00f3n en EEUU","topic":null,"translation_language":"","url":"https://www.martinoticias.com/a/vance-y-rubio-alertan-sobre-dependencia-exterior-y-apuestan-por-recuperar-producci%c3%b3n-en-eeuu/476883.html","video_url":null,"youtube_conversion_active":false,"youtube_conversion_error":"","youtube_conversion_status":""},{"article_body_paragraphs":[],"audio_source_url":null,"author":"Redacci\u00f3n Mart\u00ed Noticias","available_dubs":[],"downloadable_assets":["https://gdb.martinoticias.com/16095a97-4b31-42f2-8399-984320979f11_cx11_cy6_cw88_w1600_r1_n_s.jpg"],"duration_display":"0:00","duration_seconds":null,"embed_url":null,"id":14068,"image_caption":"El expiloto de guerra cubano Luis Ra\u00fal Gonz\u00e1lez Pardo Rodr\u00edguez (izq.), acusado en en el caso del asesinato de cuatro pilotos de Hermanos al Rescate.","image_url":"https://gdb.martinoticias.com/16095a97-4b31-42f2-8399-984320979f11_cx11_cy6_cw88_w1600_r1_n_s.jpg","is_clip":false,"is_youtube_embed":false,"item_type":"article","item_type_label":"Article","language_label":"Espa\u00f1ol","media_credit":"Redacci\u00f3n Mart\u00ed Noticias","micro_label":"Photo","micro_label_kind":"gallery","network_label":"OCB","network_logo_url":"/static/uploads/direct_network_logos/ocb_0888427dcb1d.svg","published_at":"2026-09-03T14:46:58","published_at_display":"3 Sep 2026, 14:46 GMT","sequence_badge_label":null,"sequence_count":null,"sequence_count_label":null,"sequence_frames":[],"sequence_kind":null,"source_name":"radiotelevisionmarti_com_rss","source_name_label":"Radiotelevisionmarti","source_type":"rss","summary":"La Fiscal\u00eda Federal de EEUU confirm\u00f3 este mi\u00e9rcoles que no buscar\u00e1 la pena de muerte contra el expiloto de la Fuerza A\u00e9rea cubana Luis Ra\u00fal Gonz\u00e1lez Pardo Rodr\u00edguez, acusado junto a el exgobernante Ra\u00fal Castro y otros exmilitares de la isla en el caso del derribo de las avionetas de Hermanos al Rescate en 1996. Los fiscales ratificaron ante el tribunal que no solicitar\u00e1n la pena capital contra el acusado. Gonz\u00e1lez Pardo todav\u00eda enfrenta cargos por conspiraci\u00f3n para asesinar a ciudadanos estadounidenses, un delito por el cual podr\u00eda ser condenado a cadena perpetua si es declarado culpable, report\u00f3 la televisora hispana Telemundo 51. Durante la audiencia de seguimiento celebrada en la Corte Federal de Miami, el juez determin\u00f3 que el proceso continuar\u00e1 sin una fecha definitiva para el inicio del juicio debido a complicaciones con el manejo de informaci\u00f3n clasificada de seguridad nacional. Al final de la audiencia, el magistrado orden\u00f3 un receso y fij\u00f3 la pr\u00f3xima vista de seguimiento en un plazo de 60 d\u00edas. Seg\u00fan la acusaci\u00f3n federal, Gonz\u00e1lez-Pardo particip\u00f3 en la operaci\u00f3n militar cubana que culmin\u00f3 con el derribo de dos aeronaves civiles de la organizaci\u00f3n Hermanos al Rescate el 24 de febrero de 1996 sobre el Estrecho de la Florida. En el incidente murieron los ciudadanos estadounidenses Armando Alejandre Jr., Carlos Costa y Mario de la Pe\u00f1a, as\u00ed como Pablo Morales, residente permanente legal en EEUU. La acusaci\u00f3n presentada en el Distrito Sur de Florida en mayo pasado incluye a Ra\u00fal Modesto Castro Ruz, exgobernante cubano y exministro de las Fuerzas Armadas de Cuba, considerado el autor intelectual; Lorenzo Alberto P\u00e9rez P\u00e9rez, piloto del MiG-29 se\u00f1alado como quien derrib\u00f3 las dos avionetas, y los tambi\u00e9n pilotos de la Fuerza A\u00e9rea Cubana Emilio Jos\u00e9 Palacio Blanco, Jos\u00e9 Fidel Gual Barzaga, Ra\u00fal Simanca C\u00e1rdenas y Pardo Rodr\u00edguez. El expediente penal contiene una cantidad sustancial de material clasificado y confidencial del Gobierno estadounidense. La Fiscal\u00eda ya entreg\u00f3 un primer lote de pruebas sin restricciones de seguridad, pero se encuentra procesando un segundo paquete de documentos, precis\u00f3 Telemundo 51.","title":"Fiscal\u00eda descarta pena de muerte en juicio contra expiloto cubano por caso de Hermanos al Rescate","topic":null,"translation_language":"","url":"https://www.martinoticias.com/a/fiscal%c3%ada-descarta-pena-de-muerte-en-juicio-contra-expiloto-cubano-por-caso-de-hermanos-al-rescate/476882.html","video_url":null,"youtube_conversion_active":false,"youtube_conversion_error":"","youtube_conversion_status":""},{"article_body_paragraphs":[],"audio_source_url":null,"author":"Yolanda Huerga","available_dubs":[],"downloadable_assets":["https://gdb.martinoticias.com/277c1c47-018d-465a-0428-08decd63a0c8_w1600_r1_n_s.jpg"],"duration_display":"0:00","duration_seconds":null,"embed_url":null,"id":13973,"image_caption":"Protesta frente al Gran Teatro del Liceo de Barcelona.","image_url":"https://gdb.martinoticias.com/277c1c47-018d-465a-0428-08decd63a0c8_w1600_r1_n_s.jpg","is_clip":false,"is_youtube_embed":false,"item_type":"article","item_type_label":"Article","language_label":"Espa\u00f1ol","media_credit":"Yolanda Huerga","micro_label":"Photo","micro_label_kind":"gallery","network_label":"OCB","network_logo_url":"/static/uploads/direct_network_logos/ocb_0888427dcb1d.svg","published_at":"2026-09-03T12:54:04","published_at_display":"3 Sep 2026, 12:54 GMT","sequence_badge_label":null,"sequence_count":null,"sequence_count_label":null,"sequence_frames":[],"sequence_kind":null,"source_name":"radiotelevisionmarti_com_rss","source_name_label":"Radiotelevisionmarti","source_type":"rss","summary":"La llegada del cantautor cubano Silvio Rodr\u00edguez a Espa\u00f1a desencaden\u00f3 protestas de rechazo por parte de sectores del exilio de la isla. Alrededor de una decena de manifestantes se congregaron a las puertas del emblem\u00e1tico Gran Teatre del Liceu, en Las Ramblas de Barcelona, para protestar contra la presentaci\u00f3n del trovador, en el marco del inicio de su gira por ocho ciudades del pa\u00eds ib\u00e9rico. Idalmis Men\u00e9ndez, una de las participantes en la movilizaci\u00f3n, dijo a Mart\u00ed Noticias que ten\u00edan como \u201cobjetivo expresar el rechazo a la actuaci\u00f3n de Silvio Rodr\u00edguez, un artista estrechamente vinculado durante d\u00e9cadas al r\u00e9gimen cubano\u201d. Barcelona destaca por ser una de las provincias que alberga a una de las comunidades cubanas m\u00e1s numerosas del territorio espa\u00f1ol. Men\u00e9ndez explic\u00f3 que la baja concurrencia a la demostraci\u00f3n respondi\u00f3 a que coincidi\u00f3 con el inicio de la jornada laboral el 1 de septiembre y el fin del per\u00edodo vacacional de verano. A pesar del reducido grupo, los manifestantes buscaron concientizar a los transe\u00fantes y turistas recurriendo a paralelismos hist\u00f3ricos. Para explicar la significaci\u00f3n de Rodr\u00edguez para la oposici\u00f3n, compararon la situaci\u00f3n de Cuba con la dictadura de Francisco Franco en Espa\u00f1a, y citaron el caso del cantautor espa\u00f1ol V\u00edctor Manuel. Men\u00e9ndez se\u00f1al\u00f3 que el rechazo hacia el artista se debe a su apoyo hist\u00f3rico a las decisiones del gobierno cubano, recordando su firma en cartas abiertas a favor de los fusilamientos de 2003, la ola de arrestos de la Primavera Negra ese mismo a\u00f1o y la represi\u00f3n tras las masivas protestas del 11 de julio de 2021. Sin embargo, la postura del trovador respecto a estos \u00faltimos acontecimientos ha generado debate por su dualidad: D\u00edas despu\u00e9s de las manifestaciones de 2021, Rodr\u00edguez expres\u00f3 en su blog personal Segunda Cita que deb\u00edan revisarse los casos de los detenidos y otorgarse la libertad a quienes ejercieron su derecho sin recurrir a la violencia. Posteriormente, en marzo de 2022, el cantautor calific\u00f3 como injustas y excesivas varias de las condenas impuestas por los tribunales cubanos a los manifestantes. \u201cHay un elemento relevante para contextualizar el concierto: Silvio Rodr\u00edguez ha actuado hist\u00f3ricamente en estadios y anfiteatros con aforos cercanos a las 10 mil personas, mientras que en Barcelona se present\u00f3 en el Liceu, con 2.292 localidades\u201d, apunt\u00f3 Men\u00e9ndez. \u201cSeg\u00fan la informaci\u00f3n de la que disponemos, buena parte de las entradas habr\u00eda sido gestionada por organizaciones de la izquierda catalana y distribuida entre sus simpatizantes. Tambi\u00e9n fue llamativa la escasa presencia de p\u00fablico cubano\u201d, agreg\u00f3. Durante la jornada en las inmediaciones del Liceu se registraron momentos de tensi\u00f3n y descalificativos mutuos. Los activistas se enfrentaron verbalmente con un grupo de contramanifestantes vinculados al consulado cubano y a la organizaci\u00f3n de extrema izquierda Defensem Cuba , escenario que requiri\u00f3 la intervenci\u00f3n de agentes de la polic\u00eda para establecer un cord\u00f3n de seguridad. Las acciones contra la presencia del m\u00fasico no se limitar\u00e1n a la capital catalana. El activista L\u00e1zaro Mireles anunci\u00f3 que el exilio ha convocado m\u00e1s de una decena de protestas que acompa\u00f1ar\u00e1n las pr\u00f3ximas fechas del artista en suelo espa\u00f1ol. \"Hemos convocado m\u00e1s de 10 protestas durante los pr\u00f3ximos conciertos de Silvio Rodr\u00edguez aqu\u00ed en Espa\u00f1a y adem\u00e1s en Madrid hemos solicitado formalmente que se le declare ' persona non grata' \", afirm\u00f3 Mireles, subrayando que el objetivo es situar en el debate p\u00fablico el papel de los artistas cercanos al r\u00e9gimen y llamar a la movilizaci\u00f3n de la comunidad cubana en el exterior.","title":"Protestas en Barcelona marcan el inicio de la gira de Silvio Rodr\u00edguez por Espa\u00f1a","topic":null,"translation_language":"","url":"https://www.martinoticias.com/a/protestas-en-barcelona-marcan-el-inicio-de-la-gira-de-silvio-rodr%c3%adguez-por-espa%c3%b1a/476831.html","video_url":null,"youtube_conversion_active":false,"youtube_conversion_error":"","youtube_conversion_status":""},{"article_body_paragraphs":[],"audio_source_url":null,"author":"Jany Gonz\u00e1lez","available_dubs":[],"downloadable_assets":["https://gdb.martinoticias.com/bed47bd9-ac76-47b4-042a-08decd63a0c8_cx0_cy9_cw0_w1600_r1_n_s.jpg"],"duration_display":"0:00","duration_seconds":null,"embed_url":null,"id":13951,"image_caption":"Una raci\u00f3n diaria de pan en Cuba.","image_url":"https://gdb.martinoticias.com/bed47bd9-ac76-47b4-042a-08decd63a0c8_cx0_cy9_cw0_w1600_r1_n_s.jpg","is_clip":false,"is_youtube_embed":false,"item_type":"article","item_type_label":"Article","language_label":"Espa\u00f1ol","media_credit":"Jany Gonz\u00e1lez","micro_label":"Photo","micro_label_kind":"gallery","network_label":"OCB","network_logo_url":"/static/uploads/direct_network_logos/ocb_0888427dcb1d.svg","published_at":"2026-09-03T12:32:07","published_at_display":"3 Sep 2026, 12:32 GMT","sequence_badge_label":null,"sequence_count":null,"sequence_count_label":null,"sequence_frames":[],"sequence_kind":null,"source_name":"radiotelevisionmarti_com_rss","source_name_label":"Radiotelevisionmarti","source_type":"rss","summary":"Comer en Cuba se ha convertido en una lucha diaria: encontrar alimentos, reunir el dinero para pagarlos y cocinarlos antes del pr\u00f3ximo apag\u00f3n. En medio de una crisis que golpea con mayor fuerza a las familias vulnerables, varias madres aseguran que dejan de comer para poder alimentar a sus hijos. \u201cNo me alcanzaba media libra de arroz y la compart\u00ed entre ellos. Yo me acost\u00e9 simplemente con un vaso de agua. Muchas veces nos hemos acostado hasta con un vaso de agua con az\u00facar\u201d, relat\u00f3 una madre cubana a Mart\u00ed Noticias. Otra mujer describi\u00f3 el sacrificio en t\u00e9rminos similares: \u201cYo prefiero que mi hijo se acueste con la barriga llena, aunque yo me acueste con un vaso de agua. No importa\u201d. Los testimonios muestran una realidad que se repite en numerosos hogares de la isla: madres que reducen sus porciones, eliminan comidas o pasan la noche sin alimentarse para proteger a sus hijos. Las consecuencias ya se reflejan en su salud. \u201cPesaba 64 kilos y estoy pesando 49\u201d, cont\u00f3 una madre de cuatro hijos. Para algunas familias, sentarse ante un plato completo de comida se ha convertido en algo excepcional. Otra entrevistada explic\u00f3 que comparte en una misma bandeja lo poco que logra conseguir. \u201cEn una bandeja comemos los tres, nos unimos. Nunca he pensado comer as\u00ed un plato de comida, un manjar, no\u201d, afirm\u00f3. Organismos internacionales advierten sobre la alimentaci\u00f3n La situaci\u00f3n tambi\u00e9n aparece reflejada en evaluaciones de organismos internacionales. El nuevo Plan Estrat\u00e9gico para Cuba 2026-2030 del Programa Mundial de Alimentos reconoce que la dieta promedio de las familias cubanas es inadecuada. UNICEF, por su parte, ha advertido sobre una situaci\u00f3n de vulnerabilidad alimentaria y nutricional, con un aumento de la anemia y otras deficiencias que representan un riesgo mayor para los ni\u00f1os durante sus primeros a\u00f1os de vida. El arroz, base de la dieta del cubano, se ha convertido en un lujo en muchos hogares. A esas advertencias se suman los resultados de investigaciones independientes. La encuesta \u201cEn Cuba hay hambre 2025\u201d, realizada por Food Monitor Program y Cuido60 a partir de 2.513 entrevistados en todas las provincias, revel\u00f3 que el 33,9 % de los hogares consultados tuvo al menos una persona que se acost\u00f3 sin comer alguna vez durante los 30 d\u00edas anteriores. Otros estudios indican que ocho de cada diez cubanos se vieron obligados a eliminar alguna comida por falta de dinero o alimentos. La cifra incluye a personas que dejaron de desayunar, almorzar o comer ante la imposibilidad de cubrir el costo de los productos b\u00e1sicos. Los apagones tambi\u00e9n destruyen alimentos La crisis el\u00e9ctrica agrava todav\u00eda m\u00e1s el problema. Cerca de la mitad de los encuestados por estas organizaciones independientes afirm\u00f3 haber perdido alimentos por los apagones, mientras el 80,4 % report\u00f3 dificultades para preparar la comida debido a las interrupciones del servicio. Sin electricidad para refrigerar, algunas familias deben hervir o cocinar inmediatamente todo lo que consiguen para evitar que se descomponga. Cubanos cocinan con le\u00f1a en la calle en medio del apag\u00f3n. \u201cTuve que descuerar el pollo para sacarle la grasita, hervirlo todo para que no se echara a perder y com\u00e9rmelo todo\u201d, explic\u00f3 la madre de cuatro hijos. Los cortes el\u00e9ctricos obligan as\u00ed a consumir en pocas horas alimentos que deber\u00edan durar varios d\u00edas, lo que reduce a\u00fan m\u00e1s las reservas familiares y aumenta los gastos en hogares donde buena parte de los ingresos ya se destina a la comida. Pese a la gravedad de los testimonios y los resultados de las investigaciones, Naciones Unidas no ha declarado oficialmente una hambruna en Cuba. Para aplicar esa clasificaci\u00f3n deben comprobarse simult\u00e1neamente niveles extremos de falta de alimentos, desnutrici\u00f3n infantil aguda y mortalidad relacionada con el hambre. En Cuba no existen suficientes datos p\u00fablicos, actualizados y verificables para medir de forma independiente esos tres indicadores. Sin embargo, los testimonios muestran una emergencia cotidiana que no siempre aparece en las estad\u00edsticas: madres que pierden peso, familias que comparten una bandeja y hogares donde un vaso de agua sustituye la \u00faltima comida del d\u00eda.","title":"\u201cEn una bandeja comemos los tres\u201d: el hambre golpea a las familias cubanas (VIDEO)","topic":null,"translation_language":"","url":"https://www.martinoticias.com/a/en-una-bandeja-comemos-los-tres-el-hambre-golpea-a-las-familias-cubanas-video/476811.html","video_url":null,"youtube_conversion_active":false,"youtube_conversion_error":"","youtube_conversion_status":""},{"article_body_paragraphs":[],"audio_source_url":null,"author":"Mario J. Pent\u00f3n","available_dubs":[],"downloadable_assets":["https://gdb.martinoticias.com/702F4345-D549-415D-98F4-782754A5A65D_cx0_cy10_cw0_w1600_r1_n_s.jpg"],"duration_display":"0:00","duration_seconds":null,"embed_url":null,"id":13953,"image_caption":"Banderas de Cuba y EEUU cuelgan en un balc\u00f3n de La Habana.","image_url":"https://gdb.martinoticias.com/702F4345-D549-415D-98F4-782754A5A65D_cx0_cy10_cw0_w1600_r1_n_s.jpg","is_clip":false,"is_youtube_embed":false,"item_type":"article","item_type_label":"Article","language_label":"Espa\u00f1ol","media_credit":"Mario J. Pent\u00f3n","micro_label":"Photo","micro_label_kind":"gallery","network_label":"OCB","network_logo_url":"/static/uploads/direct_network_logos/ocb_0888427dcb1d.svg","published_at":"2026-09-03T12:07:25","published_at_display":"3 Sep 2026, 12:07 GMT","sequence_badge_label":null,"sequence_count":null,"sequence_count_label":null,"sequence_frames":[],"sequence_kind":null,"source_name":"radiotelevisionmarti_com_rss","source_name_label":"Radiotelevisionmarti","source_type":"rss","summary":"El Departamento de Estado asegur\u00f3 que las conversaciones entre Estados Unidos y Cuba contin\u00faan, contradiciendo la versi\u00f3n ofrecida por La Habana de que el di\u00e1logo bilateral est\u00e1 completamente paralizado y que actualmente no existen negociaciones entre ambos pa\u00edses. \u201cEn realidad, las conversaciones contin\u00faan y, hasta ahora, el r\u00e9gimen no ha estado dispuesto a aceptar nada que pueda ayudar al pueblo cubano y que, en \u00faltima instancia, amenace su control total\u201d, declar\u00f3 a Mart\u00ed Noticias un portavoz del Departamento de Estado. La reacci\u00f3n se produce despu\u00e9s de que Lianys Torres Rivera, m\u00e1xima representante diplom\u00e1tica de Cuba en Washington, afirmara en una entrevista con Bloomberg que el canal de di\u00e1logo estaba \u201ccompletamente estancado\u201d y que las partes ni siquiera hab\u00edan logrado acordar una agenda b\u00e1sica. Para el Departamento de Estado, esas declaraciones forman parte de la narrativa propagand\u00edstica de La Habana. \u201cNo nos sorprende que el r\u00e9gimen cubano est\u00e9 difundiendo esta propaganda\u201d, se\u00f1al\u00f3 el portavoz. La confirmaci\u00f3n de que existen conversaciones abiertas plantea nuevas interrogantes sobre el alcance, el nivel y los asuntos abordados en esos contactos. Washington no precis\u00f3 qui\u00e9nes participan en ellos, cu\u00e1ndo fue el encuentro m\u00e1s reciente ni si se trata de negociaciones formales o de comunicaciones discretas entre representantes de ambos gobiernos. Trump mantiene \u201cmuchas opciones\u201d sobre la mesa El portavoz se\u00f1al\u00f3 que el presidente Donald Trump dispone de diferentes alternativas para responder a la situaci\u00f3n cubana y presionar por transformaciones pol\u00edticas y econ\u00f3micas dentro de la Isla. \u201cComo ocurre con cualquier asunto de pol\u00edtica exterior, el presidente Trump tiene muchas opciones a su disposici\u00f3n\u201d, afirm\u00f3. \u201cEl Gobierno de Estados Unidos continuar\u00e1 utilizando todas las herramientas disponibles para enfrentar las amenazas a la seguridad nacional que representa el r\u00e9gimen comunista cubano y para impulsar las reformas econ\u00f3micas y pol\u00edticas que permitan a Cuba tener un futuro mejor\u201d, agreg\u00f3. Seg\u00fan el funcionario, la estrategia de la Casa Blanca no se limita a castigar al r\u00e9gimen cubano, sino que busca forzar cambios estructurales que permitan la expansi\u00f3n del sector privado y la recuperaci\u00f3n econ\u00f3mica del pa\u00eds. \u201cEl presidente Trump contin\u00faa ejerciendo presi\u00f3n para impulsar reformas econ\u00f3micas y pol\u00edticas mucho m\u00e1s profundas que hagan de Cuba un pa\u00eds donde sea posible invertir, permitan que las empresas privadas crezcan de una manera que ayude a la Isla a desarrollarse y recuperarse, y otorguen al pueblo cubano la libertad, la dignidad y las oportunidades que merece\u201d, sostuvo. Washington ofreci\u00f3 combustible si Cuba privatiza el sector energ\u00e9tico El Departamento de Estado revel\u00f3 adem\u00e1s que la Administraci\u00f3n Trump present\u00f3 al Gobierno cubano opciones para recibir ayuda humanitaria y combustible, condicionadas a una apertura del sector energ\u00e9tico a la gesti\u00f3n privada. \u201cLa Administraci\u00f3n Trump ha ofrecido al r\u00e9gimen opciones claras para recibir asistencia humanitaria, distribuida mediante canales apropiados, y combustible si privatiza la industria energ\u00e9tica\u201d, dijo el portavoz. \u201cPero, lamentablemente, contin\u00faa priorizando el control estatal sobre el bienestar del pueblo cubano\u201d, a\u00f1adi\u00f3. La propuesta adquiere especial relevancia en medio de la severa crisis energ\u00e9tica que atraviesa la Isla, marcada por apagones prolongados, centrales termoel\u00e9ctricas deterioradas y una grave escasez de combustible. La embajadora cubana dice lo contrario La representante cubana en Washington atribuy\u00f3 la crisis a la pol\u00edtica estadounidense de m\u00e1xima presi\u00f3n y asegur\u00f3 que Cuba hab\u00eda recibido apenas un cargamento de combustible en 200 d\u00edas. Torres calific\u00f3 las restricciones como un \u201ccastigo colectivo\u201d y una \u201cguerra sin bombas\u201d. El Departamento de Estado rechaz\u00f3 esa interpretaci\u00f3n y responsabiliz\u00f3 directamente a las autoridades cubanas. \u201cLa crisis energ\u00e9tica es el resultado directo de la incompetencia del r\u00e9gimen cubano\u201d, afirm\u00f3 el portavoz. \u201cLos cubanos de a pie han soportado apagones durante a\u00f1os, mientras el r\u00e9gimen ileg\u00edtimo se concentraba en almacenar combustible para sus \u00e9lites y revenderlo en Asia para obtener ganancias en efectivo\u201d. Ayuda humanitaria y l\u00e1mparas solares El portavoz tambi\u00e9n ofreci\u00f3 detalles sobre la ayuda humanitaria enviada a Cuba en julio. Seg\u00fan explic\u00f3, la entrega incluy\u00f3 paquetes de alimentos no perecederos, productos esenciales de higiene y l\u00e1mparas solares capaces de cargar tel\u00e9fonos celulares y otros dispositivos m\u00f3viles. \u201cLa Administraci\u00f3n Trump mantiene su compromiso de ayudar al pueblo cubano mientras contin\u00faa sobreviviendo bajo un r\u00e9gimen ileg\u00edtimo\u201d, declar\u00f3. El Departamento de Estado anunci\u00f3 p\u00fablicamente en julio el env\u00edo del primer vuelo de asistencia humanitaria a Cuba como parte de un compromiso de 100 millones de d\u00f3lares impulsado por el secretario de Estado Marco Rubio y ejecutado con la colaboraci\u00f3n de Catholic Relief Services. Washington insiste en que la asistencia debe distribuirse mediante organizaciones independientes y canales que eviten el control de las autoridades cubanas. Acusaciones de corrupci\u00f3n y \u201ccleptocracia\u201d El Departamento de Estado elev\u00f3 adem\u00e1s el tono contra la c\u00fapula gobernante, a la que responsabiliz\u00f3 por d\u00e9cadas de deterioro econ\u00f3mico y por destinar los recursos del pa\u00eds al aparato militar, de inteligencia y propaganda. \u201cEl fracasado r\u00e9gimen cubano contin\u00faa culpando a Estados Unidos y a todos los dem\u00e1s por su propia incompetencia y corrupci\u00f3n\u201d, manifest\u00f3 el portavoz. \u201cEl pueblo cubano est\u00e1 sufriendo, como lo ha hecho durante siete d\u00e9cadas, mientras los Castro viajan en su avi\u00f3n privado, exhiben sus art\u00edculos de lujo ante medios extranjeros complacientes y utilizan el escaso combustible y los recursos disponibles en sus aparatos de inteligencia, militares y propagand\u00edsticos, en lugar de destinarlos a los cubanos comunes\u201d, agreg\u00f3. La fuente sostuvo que la ra\u00edz de la crisis se encuentra en \u201cla evidente cleptocracia y la mala gesti\u00f3n econ\u00f3mica del r\u00e9gimen\u201d y acus\u00f3 a la \u00e9lite gobernante de mantener miles de millones de d\u00f3lares en cuentas bancarias fuera de Cuba. \u201cEsconden miles de millones en cuentas bancarias en el extranjero en vez de invertir en electricidad, infraestructura, mantenimiento responsable y las necesidades cotidianas de su pueblo\u201d, afirm\u00f3. El portavoz defendi\u00f3 las restricciones financieras de Washington al se\u00f1alar que est\u00e1n dirigidas contra entidades controladas por los servicios de seguridad cubanos. \u201cNuestra firme pol\u00edtica hacia Cuba restringe las transacciones financieras con entidades propiedad o bajo el control de los servicios de seguridad cubanos, con el objetivo de impedir que el r\u00e9gimen acceda a recursos utilizados para enriquecerse y reprimir violentamente al pueblo cubano\u201d, concluy\u00f3.","title":"EEUU desmiente a Cuba: el di\u00e1logo sigue, y acusa al r\u00e9gimen de bloquear acuerdos","topic":null,"translation_language":"","url":"https://www.martinoticias.com/a/eeuu-desmiente-a-cuba-el-di%c3%a1logo-sigue-y-acusa-al-r%c3%a9gimen-de-bloquear-acuerdos/476878.html","video_url":null,"youtube_conversion_active":false,"youtube_conversion_error":"","youtube_conversion_status":""},{"article_body_paragraphs":[],"audio_source_url":null,"author":"Redacci\u00f3n Mart\u00ed Noticias","available_dubs":[],"downloadable_assets":["https://gdb.martinoticias.com/564f085b-56ed-4b70-0429-08decd63a0c8_w1600_r1_n_s.png"],"duration_display":"0:00","duration_seconds":null,"embed_url":null,"id":13698,"image_caption":"EEUU intercepta embarcaci\u00f3n que operaba como estaci\u00f3n flotante de reabastecimiento de combustible en apoyo de operaciones de narcotr\u00e1fico","image_url":"https://gdb.martinoticias.com/564f085b-56ed-4b70-0429-08decd63a0c8_w1600_r1_n_s.png","is_clip":false,"is_youtube_embed":false,"item_type":"article","item_type_label":"Article","language_label":"Espa\u00f1ol","media_credit":"Redacci\u00f3n Mart\u00ed Noticias","micro_label":"Photo","micro_label_kind":"gallery","network_label":"OCB","network_logo_url":"/static/uploads/direct_network_logos/ocb_0888427dcb1d.svg","published_at":"2026-09-03T01:28:52","published_at_display":"3 Sep 2026, 01:28 GMT","sequence_badge_label":null,"sequence_count":null,"sequence_count_label":null,"sequence_frames":[],"sequence_kind":null,"source_name":"radiotelevisionmarti_com_rss","source_name_label":"Radiotelevisionmarti","source_type":"rss","summary":"Fuerzas estadounidenses interceptaron y posteriormente hundieron una embarcaci\u00f3n que funcionaba como punto flotante de abastecimiento de combustible para operaciones de narcotr\u00e1fico en aguas internacionales del Pac\u00edfico Oriental, inform\u00f3 el Comando Sur (SOUTHCOM). La operaci\u00f3n fue realizada el 2 de septiembre por la Fuerza de Tarea Conjunta del Hemisferio Occidental (JTF-WHEM), bajo la direcci\u00f3n del comandante de SOUTHCOM, general Francis L. Donovan, y en coordinaci\u00f3n con el Gobierno de Ecuador. SOUTHCOM asegur\u00f3 que informaci\u00f3n de inteligencia permiti\u00f3 determinar que la embarcaci\u00f3n prestaba apoyo a Los Choneros, organizaci\u00f3n criminal ecuatoriana a la que Estados Unidos identifica como una organizaci\u00f3n narcoterrorista. Infantes de Marina y marineros estadounidenses desplegados desde el USS San Antonio (LPD 17) interceptaron y abordaron la embarcaci\u00f3n, que posteriormente fue registrada y asegurada sin incidentes, de acuerdo con el comunicado. Las personas que se encontraban a bordo fueron rescatadas y est\u00e1n siendo entregadas a las autoridades ecuatorianas, indic\u00f3 SOUTHCOM. El Ministerio de Defensa Nacional de Ecuador confirm\u00f3 la operaci\u00f3n y se\u00f1al\u00f3 que el buque estaba vinculado al Grupo de Delincuencia Organizada Los Choneros. \u201cLa embarcaci\u00f3n, vinculada al Grupo de Delincuencia Organizada \u2018Los Choneros\u2019, serv\u00eda para sostener las operaciones criminales en el mar y fue neutralizada gracias a la acci\u00f3n de nuestro coaliado, Comando Sur de los Estados Unidos\u201d, se\u00f1al\u00f3 la instituci\u00f3n ecuatoriana. SOUTHCOM sostuvo que la interdicci\u00f3n permiti\u00f3 eliminar un punto de la cadena log\u00edstica utilizada por las redes de narcotr\u00e1fico y enmarc\u00f3 la operaci\u00f3n dentro de los objetivos de la Coalici\u00f3n Americana contra los C\u00e1rteles (A3C) y de la JTF-WHEM. \u201cEstamos tomando medidas decisivas para desmantelar y destruir las sofisticadas redes log\u00edsticas utilizadas por los narcoterroristas para traficar drogas y propagar la violencia en todo el hemisferio occidental\u201d, afirm\u00f3 Donovan.","title":"EEUU y Ecuador desmantelan punto flotante de combustible para narcotr\u00e1fico en el Pac\u00edfico Oriental","topic":null,"translation_language":"","url":"https://www.martinoticias.com/a/eeuu-y-ecuador-desmantelan-punto-flotante-de-combustible-para-narcotr%c3%a1fico-en-el-pac%c3%adfico-oriental/476877.html","video_url":null,"youtube_conversion_active":false,"youtube_conversion_error":"","youtube_conversion_status":""},{"article_body_paragraphs":[],"audio_source_url":null,"author":"Ivette Pacheco","available_dubs":[],"downloadable_assets":["https://gdb.martinoticias.com/80962E7F-2145-4DED-99F3-469F149994FA_cx0_cy9_cw0_w1600_r1_n_s.jpg"],"duration_display":"0:00","duration_seconds":null,"embed_url":null,"id":13700,"image_caption":"Tendido el\u00e9ctrico en Guant\u00e1namo, Cuba. Foto Archivo REUTERS/Carlos Barria/File Photo","image_url":"https://gdb.martinoticias.com/80962E7F-2145-4DED-99F3-469F149994FA_cx0_cy9_cw0_w1600_r1_n_s.jpg","is_clip":false,"is_youtube_embed":false,"item_type":"article","item_type_label":"Article","language_label":"Espa\u00f1ol","media_credit":"Ivette Pacheco","micro_label":"Photo","micro_label_kind":"gallery","network_label":"OCB","network_logo_url":"/static/uploads/direct_network_logos/ocb_0888427dcb1d.svg","published_at":"2026-09-03T01:08:58","published_at_display":"3 Sep 2026, 01:08 GMT","sequence_badge_label":null,"sequence_count":null,"sequence_count_label":null,"sequence_frames":[],"sequence_kind":null,"source_name":"radiotelevisionmarti_com_rss","source_name_label":"Radiotelevisionmarti","source_type":"rss","summary":"El robo de infraestructura el\u00e9ctrica, telef\u00f3nica y de agua potable se ha extendido por varias provincias de Cuba. Conductores de cobre, tramos de fibra, bombas de agua y componentes del mobiliario urbano son extra\u00eddos para abastecer un mercado informal marcado por precios inalcanzables para el salario medio del trabajador estatal. La falta de suministros en las tiendas estatales y la escasez generalizada han convertido el material de servicio p\u00fablico en una mercanc\u00eda cotizada. A esto se suman los prolongados apagones en que los vecindarios permanecen a oscuras. En la localidad de Anafe, en el municipio Bauta, los residentes reportan la interrupci\u00f3n de la red telef\u00f3nica fija tras el corte de los tendidos que van desde los postes hasta las viviendas. \"En casa de mi hermana se robaron el cable del tel\u00e9fono fijo, el que va del poste a la casa\", relata una residente de la zona. Un vecino del lugar explica que tambi\u00e9n se llevaron el cable telef\u00f3nico en un tramo que abarca dos postes del tendido. Situaciones similares ocurren en la provincia de Ciego de \u00c1vila, donde la poblaci\u00f3n enfrenta cortes del suministro el\u00e9ctrico de m\u00e1s de 20 horas continuas al d\u00eda. En estas circunstancias, se reporta la sustracci\u00f3n de las l\u00edneas de acometida que conectan las redes de distribuci\u00f3n con los contadores de los hogares. Oscar Cervantes, residente en Ciego de \u00c1vila, indica que en su cuadra se han registrado varios robos de l\u00edneas el\u00e9ctricas domiciliarias: \"A un chapista le llevaron los cables que alimentan del poste a la casa. Dan cuenta a la planta el\u00e9ctrica y no hacen presencia ah\u00ed, no asumen la responsabilidad hasta 10 o 15 d\u00edas, con las casas a oscuras\". Cervantes explica que el material sustra\u00eddo suele destinarse al mercado informal o a conexiones irregulares entre viviendas. \"La ferreter\u00eda aqu\u00ed no vende cables. Hay mucha gente que usa tendederas para asociarse a otra casa... van y lo pican en un lugar sin riesgo ninguno porque nunca hay corriente. En la calle lo venden a un precio: el ajeno tiene y el Estado no tiene nada\". El desmantelamiento de la infraestructura alcanza tambi\u00e9n a las instalaciones de salud y al mobiliario p\u00fablico. En Sancti Sp\u00edritus, el incremento del precio de los repuestos en el sector privado y las MiPymes ha elevado la demanda de suministros en la econom\u00eda subterr\u00e1nea. Adriano Casta\u00f1eda, activista de esa localidad, se\u00f1ala que el valor de una motobomba de agua supera los 30.000 pesos en moneda nacional, mientras que un metro de cable el\u00e9ctrico se cotiza sobre los 300 pesos. \"Estamos viendo constantemente el robo de cables el\u00e9ctricos, tuber\u00edas de agua y motobombas. En un parque de Sancti Sp\u00edritus se llevaron siete bancos de aluminio en lo que va de a\u00f1o para venderlos como materia prima\", afirma Casta\u00f1eda. \"En el Hospital Provincial se llevan lo que puedan vender en la calle. Tambi\u00e9n se han robado el aceite de los transformadores por el d\u00e9ficit de combustible que hay\", apunt\u00f3. Los testimonios indican que la falta de alumbrado durante las horas sin servicio el\u00e9ctrico coincide con la sustracci\u00f3n de estos insumos p\u00fablicos, en un contexto donde las empresas estatales demoran semanas en reponer los da\u00f1os en las redes de las viviendas afectadas. Esta misma semana la Embajada de Estados Unidos en La Habana emiti\u00f3 una alerta de seguridad ante el incremento de delitos relacionados con veh\u00edculos en la capital. \"El deterioro de las condiciones econ\u00f3micas ha provocado un aumento generalizado de la delincuencia en Cuba\", coment\u00f3 la sede diplom\u00e1tica.","title":"La crisis y los largos apagones disparan el robo de infraestructura p\u00fablica en Cuba","topic":null,"translation_language":"","url":"https://www.martinoticias.com/a/la-crisis-y-los-largos-apagones-disparan-el-robo-de-infraestructura-p%c3%bablica-en-cuba/476830.html","video_url":null,"youtube_conversion_active":false,"youtube_conversion_error":"","youtube_conversion_status":""}],"next_num":2,"page":1,"pages":4,"per_page":20,"prev_num":null,"total":62}
