{"applied_filters":{"end_date":"","lang":"","language":"","network":"OCB","page":2,"per_page":20,"search":"","source":"","start_date":"","topic":"","type":""},"available_filters":{"language_choices":[{"label":"Choose Language","value":""},{"label":"English","value":"English"},{"label":"Espa\u00f1ol","value":"Espa\u00f1ol"},{"label":"Fran\u00e7ais","value":"Fran\u00e7ais"}],"network_choices":[{"label":"All networks","value":""},{"label":"OCB","value":"OCB"}],"source_choices":[{"label":"All sources","value":""},{"label":"Manual Ocb Espanol","value":"manual_ocb_espanol"},{"label":"OCB \u00b7 Caf\u00e9 Digital","value":"ocb_spanish_audio_html_scrape"},{"label":"OCB \u00b7 Liberaci\u00f3n","value":"ocb_spanish_audio_html_scrape_1001"},{"label":"OCB \u00b7 Programas de Radio Nuestra Am\u00e9rica","value":"ocb_spanish_audio_html_scrape_1016"},{"label":"OCB \u00b7 Agenda hemisf\u00e9rica","value":"ocb_spanish_audio_html_scrape_1028"},{"label":"OCB \u00b7 El futuro es ya","value":"ocb_spanish_audio_html_scrape_1056"},{"label":"OCB \u00b7 Foro abierto","value":"ocb_spanish_audio_html_scrape_1061"},{"label":"OCB \u00b7 Nicaragua al d\u00eda","value":"ocb_spanish_audio_html_scrape_1077"},{"label":"OCB \u00b7 La bola nostra","value":"ocb_spanish_audio_html_scrape_1078"},{"label":"OCB \u00b7 Taller de prensa","value":"ocb_spanish_audio_html_scrape_1103"},{"label":"OCB \u00b7 Las noticias como son","value":"ocb_spanish_audio_html_scrape_142"},{"label":"OCB \u00b7 Abriendo Espacios","value":"ocb_spanish_audio_html_scrape_562"},{"label":"OCB \u00b7 Mart\u00ed Noticias A.M.","value":"ocb_spanish_audio_html_scrape_668"},{"label":"OCB Spanish Audio","value":"ocb_spanish_audio_scrape"},{"label":"OCB Spanish Video","value":"ocb_spanish_video_scrape"},{"label":"Radiotelevisionmarti","value":"radiotelevisionmarti_com_direct"},{"label":"Radiotelevisionmarti","value":"radiotelevisionmarti_com_rss"},{"label":"TV Mart\u00ed Noticias YouTube","value":"tv_marti_noticias_youtube_playlists"}],"sources":["manual_ocb_espanol","ocb_spanish_audio_html_scrape","ocb_spanish_audio_html_scrape_1001","ocb_spanish_audio_html_scrape_1016","ocb_spanish_audio_html_scrape_1028","ocb_spanish_audio_html_scrape_1056","ocb_spanish_audio_html_scrape_1061","ocb_spanish_audio_html_scrape_1077","ocb_spanish_audio_html_scrape_1078","ocb_spanish_audio_html_scrape_1103","ocb_spanish_audio_html_scrape_142","ocb_spanish_audio_html_scrape_562","ocb_spanish_audio_html_scrape_668","ocb_spanish_audio_scrape","ocb_spanish_video_scrape","radiotelevisionmarti_com_direct","radiotelevisionmarti_com_rss","tv_marti_noticias_youtube_playlists"],"topics":["Abriendo Espacios","Agenda hemisf\u00e9rica","Am\u00e9rica Latina, VENEZUELA, Maiquetia","Asuntos de Estado","Audiovisuales Mart\u00ed","Audiovisuales Mart\u00ed, Cuba turismo, crisis del turismo en Cuba","Audiovisuales Mart\u00ed, VENEZUELA, apagones","Barrio Adentro","Caf\u00e9 Digital","Como Come Cuba, cuba, Como Come Cuba","Cuba Habla","Cuba Habla, Cuba","Cuba al D\u00eda","Cuba al D\u00eda, Cuba","Cuba en la Memoria","De cara al sol","Derechos Humanos, cuba, exilio, c\u00e1ncer, Ram\u00f3n Sa\u00fal S\u00e1nchez","El futuro es ya","Especiales, Exilio cubano, Freedom tower, \"Libertad\", Torre de la Libertad de Miami, Exilio cubano en Miami","Especiales, jos\u00e9 mart\u00ed, Exilio cubano","Esperando un techo, cuba, crisis, vivienda, derrumbes, techo, paredes, EsperandounTecho","Foro abierto","Hablando claro","Info Mart\u00ed","Info Mart\u00ed , Brigada 2506","Info Mart\u00ed , Cuba","Info Mart\u00ed , Estados Unidos, Colombia","Info Mart\u00ed , Estados Unidos, VENEZUELA","Info Mart\u00ed , estados unidos, Venezuela","Info Mart\u00ed , presos politicos, torturas, VENEZUELA","Kentu-Cubano, cuba, cubanos, Kentucky, migrantes, KentoCubano","La libertad es una librer\u00eda","Las Noticias Como Son, Cuba","Las noticias como son","Lawton Libre","Liberaci\u00f3n","Mart\u00ed Noticias A.M.","Mart\u00ed Noticias AM","Mart\u00ed en el Mundial 2026","Nicaragua al d\u00eda","Noticiero Mart\u00ed Noticias","Noticiero Mart\u00ed Noticias, Cuba","Programas de Radio Nuestra Am\u00e9rica","Radio Mart\u00ed","Ser Madre en cuba, cuba, hambre, r\u00e9gimen, madre, negligencia, Testimonios, Crisis Econ\u00f3mica, madre cubana, Crisis Alimentaria","Ser viejo en Cuba, cuba, cubanos, crisis, alimentos, ancianos, viejos, vejez","Taller de prensa","adri%C3%A1n del sol mi padre est%C3%A1 muy d%C3%A9bil","atienden a mas de 50 personas en santiago de cuba por presunta intoxicacion alimentaria","auge en contagios de dengue en cuba","aumenta a 379 la cifra de desaparecidos por terremoto en colombia hay 285 fallecidos","banco mundial desembolsa millonaria ayuda para afectados por terremoto en colombia","casi 300 fallecidos almenos 4 000 heridos y 140 desaparecidos a 7 dias del terremoto en colombia","cifra de muertos por el terremoto en colombia supera las 200 personas seg%C3%BAn reporte","colombia declara estado de emergencia durante 30 dias por grave calamidad","colombia ingresa formalmente al escudo de las am%C3%A9ricas liderado por washington","convocan marcha pac%C3%ADfica por la libertad de todos los presos pol%C3%ADticos en venezuela","crece reclutamiento de ni%C3%B1os y ni%C3%B1as en colombia por parte de grupos ilegales seg%C3%BAn hrw","creo que el presidente trump ir%C3%A1 a la habana antes de que termine su mandato","eeuu cierra acuerdo petrolero que le dar%C3%A1 importante control de reservas venezolanas","eeuu ecuador y colombia se reunen para acordar lucha contra mafias del narcotr%C3%A1fico","eeuu sostiene operaciones militares junto a ecuador cerca de la frontera con colombia","el papel peri%C3%B3dico de la habana autores sociedad patri%C3%B3tica de la habana y sociedad econ%C3%B3mica de amigos del pa%C3","gobierno de colombia da por terminada conversaciones con otros tres grupos armados ilegales","informe pide mayor presencia militar en cuba","jeffrey bartos en la onu","joven con vih permanece encarcelado tras protesta por apagones en guanabacoa","la bola nostra","la ola de robos a la infraestructura publica y privada agrava la crisis en cuba","la periodista independiente yoanni limonta reporta una protesta frente al gobierno provincial de cienfuegos tras apagones de mas","las farmacias privadas abren en cuba entre criticas por sus altos precios y dudas medicas sobre sus controles","m%C3%A1s hoteles menos hospitales","oea aprueba convocatoria urgente de cancilleres para condenar a la dictadura de nicaragua","padre castor %C3%A1lvarez devesa","rechazo en cuba a los festejos estatales durante el colapso de los servicios basicos","sismo de 7 4 en colombia deja m%C3%A1s de 100 muertos 87 heridos y 61 edificios colapsados","trump asegura que eeuu y venezuela est%C3%A1n haciendo una fortuna con acuerdo petrolero","venezuela todav%C3%ADa no est%C3%A1 preparada para celebrar elecciones reafirma donaldtrump"],"types":[["","All types"],["article","Articles"],["audio","Audio"],["video","Videos"],["clips","Clips"],["media","Media"]]},"has_next":true,"has_prev":true,"items":[{"article_body_paragraphs":[],"audio_source_url":null,"author":"Laura Artal","available_dubs":[],"downloadable_assets":["https://ocb-video-ns.akamaized.net/pangeavideo/2026/09/5/56/56813661-fb1a-4a35-cff6-08decd5b38e4_1080p.mp4?cb=ee22ba2fd","https://gdb.martinoticias.com/aead60a1-e01b-42fe-cff5-08decd5b38e4_w1600_r1_n_s.png"],"duration_display":"0:00","duration_seconds":null,"embed_url":null,"id":14639,"image_caption":"Familiares de presos pol\u00edticos exigen desde la UCV la libertad de sus familiares","image_url":"https://gdb.martinoticias.com/aead60a1-e01b-42fe-cff5-08decd5b38e4_w1600_r1_n_s.png","is_clip":true,"is_youtube_embed":false,"item_type":"video","item_type_label":"Video","language_label":"Espa\u00f1ol","media_credit":"Laura Artal","micro_label":"Video report","micro_label_kind":"video","network_label":"OCB","network_logo_url":"/static/uploads/direct_network_logos/ocb_0888427dcb1d.svg","published_at":"2026-09-03T18:14:48","published_at_display":"3 Sep 2026, 18:14 GMT","sequence_badge_label":null,"sequence_count":null,"sequence_count_label":null,"sequence_frames":[],"sequence_kind":null,"source_name":"radiotelevisionmarti_com_rss","source_name_label":"Radiotelevisionmarti","source_type":"rss","summary":"Familiares de presos pol\u00edticos y representantes de organizaciones de la sociedad civil exigieron este jueves en Caracas la liberaci\u00f3n inmediata y plena de todas las personas detenidas por motivos pol\u00edticos en Venezuela y pidieron avanzar hacia una \u201cruta electoral aut\u00e9ntica\u201d.","title":"Familiares de presos pol\u00edticos exigen libertad y una \u201cruta electoral aut\u00e9ntica\u201d en Venezuela","topic":null,"translation_language":"","url":"https://www.martinoticias.com/a/familiares-de-presos-pol%c3%adticos-exigen-libertad-y-una-ruta-electoral-aut%c3%a9ntica-en-venezuela/476897.html","video_url":"https://ocb-video-ns.akamaized.net/pangeavideo/2026/09/5/56/56813661-fb1a-4a35-cff6-08decd5b38e4_1080p.mp4?cb=ee22ba2fd","youtube_conversion_active":false,"youtube_conversion_error":"","youtube_conversion_status":""},{"article_body_paragraphs":[],"audio_source_url":null,"author":"Laura Artal","available_dubs":[],"downloadable_assets":["https://gdb.martinoticias.com/aead60a1-e01b-42fe-cff5-08decd5b38e4_w1600_r1_n_s.png"],"duration_display":"0:00","duration_seconds":null,"embed_url":null,"id":14638,"image_caption":"Familiares de presos pol\u00edticos exigen desde la UCV la libertad de sus familiares","image_url":"https://gdb.martinoticias.com/aead60a1-e01b-42fe-cff5-08decd5b38e4_w1600_r1_n_s.png","is_clip":false,"is_youtube_embed":false,"item_type":"article","item_type_label":"Article","language_label":"Espa\u00f1ol","media_credit":"Laura Artal","micro_label":"Photo","micro_label_kind":"gallery","network_label":"OCB","network_logo_url":"/static/uploads/direct_network_logos/ocb_0888427dcb1d.svg","published_at":"2026-09-03T18:14:48","published_at_display":"3 Sep 2026, 18:14 GMT","sequence_badge_label":null,"sequence_count":null,"sequence_count_label":null,"sequence_frames":[],"sequence_kind":null,"source_name":"radiotelevisionmarti_com_rss","source_name_label":"Radiotelevisionmarti","source_type":"rss","summary":"Familiares de presos pol\u00edticos y representantes de organizaciones de la sociedad civil exigieron este jueves en Caracas la liberaci\u00f3n inmediata y plena de todas las personas detenidas por motivos pol\u00edticos en Venezuela y pidieron avanzar hacia una \u201cruta electoral aut\u00e9ntica\u201d. El reclamo se produce cuando 328 presos pol\u00edticos permanecen en Venezuela, seg\u00fan el balance de Foro Penal actualizado al 31 de agosto. De ese total, 317 son hombres y 11 mujeres, mientras que 183 son civiles y 145 militares. La organizaci\u00f3n tambi\u00e9n se\u00f1ala que 140 han sido condenados y 188 permanecen sin condena. La exigencia fue formulada durante una rueda de prensa realizada en la Universidad Central de Venezuela (UCV), la principal universidad p\u00fablica del pa\u00eds, convocada por el Comit\u00e9 por la Libertad de los Presos Pol\u00edticos (CLIPPVE), Creemos Alianza Ciudadana (CAC) y otras organizaciones de la sociedad civil. \u201cJusticia, justicia y libertad\u201d, gritaron los familiares durante el encuentro, en el que reclamaron el cese de los traslados que califican como arbitrarios y reiteraron su petici\u00f3n de libertad para todos los detenidos por razones pol\u00edticas. Familiares de presos pol\u00edticos exigen libertad y una \u201cruta electoral aut\u00e9ntica\u201d en Venezuela Traslados desde El Rodeo I La rueda de prensa tuvo lugar un d\u00eda despu\u00e9s de que familiares denunciaran traslados desde el Centro Penitenciario El Rodeo I, ubicado en el estado Miranda, en el centro-norte de Venezuela, sin notificaci\u00f3n previa sobre el destino de los detenidos. CLIPPVE denunci\u00f3 que durante la noche del 2 de septiembre fueron trasladadas 32 personas desde el centro penitenciario. La organizaci\u00f3n confirm\u00f3 que nueve presos pol\u00edticos fueron trasladados hacia el Fuerte Guaicaipuro, tambi\u00e9n ubicado en Miranda. Los familiares denunciaron que no recibieron informaci\u00f3n previa sobre los movimientos y reclamaron a las autoridades penitenciarias una lista oficial de las personas trasladadas, sus nuevos lugares de reclusi\u00f3n y una fe de vida de los detenidos. Incluso la falta de informaci\u00f3n llev\u00f3 a algunos familiares a intentar comunicarse con los presos desde una monta\u00f1a cercana a El Rodeo I. La ONG CLIPPVE tambi\u00e9n inform\u00f3 este jueves sobre la presencia de nuevos autobuses en el centro penitenciario, lo que gener\u00f3 preocupaci\u00f3n entre los familiares sobre la posibilidad de nuevos movimientos. \u201cLibertad inmediata y plena\u201d Ante esta situaci\u00f3n, CLIPPVE, Creemos Alianza Ciudadana y otras organizaciones convocaron la rueda de prensa en la UCV para presentar p\u00fablicamente dos exigencias: la \u201clibertad inmediata y plena de todos los presos pol\u00edticos\u201d y una \u201cruta electoral aut\u00e9ntica\u201d. El planteamiento tambi\u00e9n ha sido llevado al proceso de negociaci\u00f3n pol\u00edtica que se desarrolla en Venezuela. Los familiares enviaron una carta abierta a los representantes de las delegaciones y solicitaron un espacio para exponer directamente la situaci\u00f3n de los detenidos y las necesidades de quienes presentan condiciones de salud que requieren atenci\u00f3n m\u00e9dica. Dinorah Figuera expresa disposici\u00f3n a reunirse Dinorah Figuera, jefa de la delegaci\u00f3n opositora que participa en las negociaciones, confirm\u00f3 este jueves a trav\u00e9s de la red social X que recibi\u00f3 la comunicaci\u00f3n de los familiares. Figuera manifest\u00f3 preocupaci\u00f3n por los traslados denunciados desde El Rodeo I sin conocimiento previo de familiares y abogados y expres\u00f3 su disposici\u00f3n a reunirse con ellos. La dirigente opositora tambi\u00e9n ratific\u00f3 su compromiso de continuar buscando v\u00edas urgentes para conseguir la libertad de todos los presos pol\u00edticos. Llamado desde Estados Unidos El senador republicano por Florida Rick Scott tambi\u00e9n se pronunci\u00f3 en su cuenta de la red social X sobre las personas que contin\u00faan detenidas por motivos pol\u00edticos en Venezuela. Scott mencion\u00f3 espec\u00edficamente los casos de Nelson Rivero, Jorge Henrique Alayeto Bigott y Oscar Caama\u00f1o y reiter\u00f3 su llamado a la liberaci\u00f3n inmediata e incondicional de todos los presos pol\u00edticos. El balance m\u00e1s reciente de Foro Penal sit\u00faa esa cifra en 328 presos pol\u00edticos al 31 de agosto. Adem\u00e1s de los 188 que permanecen sin condena, la organizaci\u00f3n registra 33 detenidos con nacionalidad extranjera. Desde la UCV, los familiares insistieron este jueves en que su petici\u00f3n es la libertad de todos los presos pol\u00edticos y que ese proceso avance acompa\u00f1ado de garant\u00edas pol\u00edticas y de una ruta electoral aut\u00e9ntica para Venezuela.","title":"Familiares de presos pol\u00edticos exigen libertad y una \u201cruta electoral aut\u00e9ntica\u201d en Venezuela","topic":null,"translation_language":"","url":"https://www.martinoticias.com/a/familiares-de-presos-pol%c3%adticos-exigen-libertad-y-una-ruta-electoral-aut%c3%a9ntica-en-venezuela/476897.html","video_url":null,"youtube_conversion_active":false,"youtube_conversion_error":"","youtube_conversion_status":""},{"article_body_paragraphs":[],"audio_source_url":"https://ocb-audio-ns.akamaized.net/cu/2026/09/03/20260903-180000-cu004-program_hq.mp3","author":"Mario J. Pent\u00f3n","available_dubs":[],"downloadable_assets":["https://ocb-audio-ns.akamaized.net/cu/2026/09/03/20260903-180000-cu004-program_hq.mp3"],"duration_display":"29:59","duration_seconds":1799.0,"embed_url":null,"id":14624,"image_caption":null,"image_url":"https://gdb.martinoticias.com/cb75a074-a814-4e7a-df7e-08de31a8b205_mw2048_mh2048_n.jpg","is_clip":false,"is_youtube_embed":false,"item_type":"audio","item_type_label":"Audio","language_label":"Espa\u00f1ol","media_credit":"OCB","micro_label":"Audio program","micro_label_kind":"audio","network_label":"OCB","network_logo_url":"/static/uploads/direct_network_logos/ocb_0888427dcb1d.svg","published_at":"2026-09-03T18:00:00","published_at_display":"3 Sep 2026, 18:00 GMT","sequence_badge_label":null,"sequence_count":null,"sequence_count_label":null,"sequence_frames":[],"sequence_kind":null,"source_name":"radiotelevisionmarti_com_direct","source_name_label":"Radiotelevisionmarti","source_type":"direct_api","summary":null,"title":"Cuba al D\u00eda","topic":"Cuba al D\u00eda","translation_language":"","url":"https://ocb-audio-ns.akamaized.net/cu/2026/09/03/20260903-180000-cu004-program_hq.mp3","video_url":null,"youtube_conversion_active":false,"youtube_conversion_error":"","youtube_conversion_status":""},{"article_body_paragraphs":[],"audio_source_url":null,"author":"Departamento de Estado","available_dubs":[],"downloadable_assets":["https://gdb.martinoticias.com/1aeabe0f-e71e-4093-8be6-232b641da058_cx0_cy10_cw0_w1600_r1_n_s.jpg"],"duration_display":"0:00","duration_seconds":null,"embed_url":null,"id":14565,"image_caption":"Edificio del Departamento de Estado de EEUU, en Washington DC.","image_url":"https://gdb.martinoticias.com/1aeabe0f-e71e-4093-8be6-232b641da058_cx0_cy10_cw0_w1600_r1_n_s.jpg","is_clip":false,"is_youtube_embed":false,"item_type":"article","item_type_label":"Article","language_label":"Espa\u00f1ol","media_credit":"Departamento de Estado","micro_label":"Photo","micro_label_kind":"gallery","network_label":"OCB","network_logo_url":"/static/uploads/direct_network_logos/ocb_0888427dcb1d.svg","published_at":"2026-09-03T17:48:04","published_at_display":"3 Sep 2026, 17:48 GMT","sequence_badge_label":null,"sequence_count":null,"sequence_count_label":null,"sequence_frames":[],"sequence_kind":null,"source_name":"radiotelevisionmarti_com_rss","source_name_label":"Radiotelevisionmarti","source_type":"rss","summary":"Hoy, el Departamento de Estado ha designado a cinco entidades y a un individuo con el fin de impulsar la estrategia integral de la Administraci\u00f3n Trump para poner fin a las actividades malignas del r\u00e9gimen cubano, tanto en Cuba como en todo nuestro hemisferio. Esta medida incluye la imposici\u00f3n de sanciones a un miembro m\u00e1s de la familia Castro y restringe a\u00fan m\u00e1s la capacidad del r\u00e9gimen para financiar y dotar de recursos a su represi\u00f3n. Todos los objetivos sancionados hoy por el Departamento de Estado han sido designados en virtud de la orden ejecutiva (E.O.) 14404, que autoriza la imposici\u00f3n de sanciones a personas extranjeras que se determine que cumplen criterios espec\u00edficos relacionados con la represi\u00f3n en Cuba y otras amenazas a la seguridad nacional y la pol\u00edtica exterior de Estados Unidos. Designaciones continuadas del r\u00e9gimen de Castro FIDEL ERNESTO CASTRO CALIS (CASTRO CALIS) , nieto de Ra\u00fal Modesto Castro Ruz, est\u00e1 siendo designado en virtud de la secci\u00f3n 2(a)(i)(I) de la orden ejecutiva 14404 por ser un miembro adulto de la familia de ALEJANDRO CASTRO ESP\u00cdN (CASTRO ESP\u00cdN), una persona designada en virtud de esta orden. CASTRO ESP\u00cdN, que es el padre de CASTRO CALIS, fue designado junto con el hermano de CASTRO CALIS, RA\u00daL ALEJANDRO CASTRO CALIS, en virtud de la orden ejecutiva 14404 del 4 de junio de 2026. Incremento de las restricciones de la capacidad del r\u00e9gimen para explotar el sistema financiero internacional BANCO EXTERIOR DE CUBA , un banco de propiedad estatal de Cuba que se especializa en banca empresarial, financiaci\u00f3n de comercio exterior y transacciones internacionales, es designado en virtud de la secci\u00f3n 2(a)(i)(A) de la orden ejecutiva 14404 por operar o haber operado en el sector financiero de la econom\u00eda cubana. Entidades cubanas que explotan los sectores metal\u00fargico y minero Las entidades a continuaci\u00f3n asociadas con la explotaci\u00f3n de los sectores metal\u00fargico y minero de Cuba para beneficio del r\u00e9gimen est\u00e1n siendo designadas en virtud de la secci\u00f3n 2(a)(i)(A) de la orden ejecutiva 14404 por operar o haber operado en los sectores metal\u00fargico y minero de la econom\u00eda cubana: EMPRESA DE SERVICIOS COMANDANTE REN\u00c9 RAMOS LATOUR (NICAROTEC) , una entidad de propiedad estatal cubana, empresa que realiza servicios industriales y t\u00e9cnicos que proporciona apoyo geol\u00f3gico y minero al sector cubano del n\u00edquel. EMPRESA IMPORTADORA Y ABASTECEDORA DEL N\u00cdQUEL (CEXNI) , una empresa de comercio exterior y log\u00edstica que importa y suministra materias primas especializadas, maquinaria y equipos para la industria cubana del n\u00edquel y el cobalto. Entidades cubanas que explotan el sector energ\u00e9tico Las entidades a continuaci\u00f3n asociadas con la explotaci\u00f3n del sector energ\u00e9tico de Cuba para beneficio del r\u00e9gimen son designadas: EMPRESA IMPORTADORA DE ABASTECIMIENTO PARA EL PETR\u00d3LEO (ABAPET) est\u00e1 siendo designada en virtud de la secci\u00f3n 2(a)(i)(B) de la orden ejecutiva 14404 por ser propiedad o estar controlada directa o indirectamente o por haber actuado o pretendido actuar en nombre o por cuenta de UNI\u00d3N CUBA-PETR\u00d3LEO (CUPET), persona cuya propiedad o intereses en propiedad est\u00e1n bloqueados en virtud de esta orden. ABAPET es una subsidiaria de CUPET que participa principalmente en actividades de apoyo de licitaciones para CUPET, y ha importado espec\u00edficamente equipos tecnol\u00f3gicos, piezas sueltas, herramientas especializadas e insumos industriales necesarios para sostener el sector energ\u00e9tico de Cuba. COMERCIAL CUPET S.A. est\u00e1 siendo designada en virtud de la secci\u00f3n 2(a)(i)(A) de la orden ejecutiva 14404 por operar o haber operado en el sector energ\u00e9tico de la econom\u00eda cubana. COMERCIAL CUPET S.A. es una entidad cubana de propiedad estatal que representa a CUPET en negociaciones y empresas conjuntas con entidades extranjeras. Implicaciones de las sanciones Como resultado de las acciones de hoy relacionadas con las sanciones, y en virtud de la orden ejecutiva 14404 de 1 de mayo de 2026, \u201c Imposici\u00f3n de sanciones a los responsables de la represi\u00f3n en Cuba y de las amenazas a la seguridad nacional y la pol\u00edtica exterior de Estados Unidos \u201d, todas las propiedades e intereses en poder de las personas designadas descritas anteriormente que se encuentren en Estados Unidos o en posesi\u00f3n o control de personas estadounidenses, est\u00e1n bloqueadas y deben ser reportadas a la Oficina de Control de Activos Extranjeros (OFAC) del Departamento del Tesoro. Adem\u00e1s, cualquier entidad que sea propiedad individual o colectivamente en un 50 por ciento o m\u00e1s de una persona bloqueada o m\u00e1s, tambi\u00e9n est\u00e1 bloqueada. Se proh\u00edben todas las transacciones y negocios realizados por personas estadounidenses, dentro de Estados Unidos (o en tr\u00e1nsito), que impliquen cualquier propiedad o inter\u00e9s en propiedades de las personas designadas o bloqueadas de alg\u00fan modo a menos que est\u00e9 autorizada por una licencia general o espec\u00edfica emitida por la OFAC, o que est\u00e9 exenta. Las prohibiciones incluyen la realizaci\u00f3n de cualquier contribuci\u00f3n o provisi\u00f3n de fondos, bienes o servicios por, para o en beneficio de cualquier persona bloqueada, o la recepci\u00f3n de cualquier contribuci\u00f3n o provisi\u00f3n de fondos, bienes o servicios de cualquiera de estas personas. Las personas extranjeras que participen en transacciones con personas designadas en virtud de la O. E. 14404, o que operen en los sectores de energ\u00eda, defensa y material relacionado, metal\u00fargico y miner\u00eda, servicios financieros, o el sector de seguridad de la econom\u00eda cubana, como se identifican en la O. E. 14404, se arriesgan a ser objeto de sanciones. Las personas no estadounidenses, incluyendo instituciones financieras extranjeras, deben proceder con precauci\u00f3n respecto a cualquier operaci\u00f3n con una parte sancionada bajo esta autoridad. Las acciones para devolver activos a una parte sancionada o transferirlos a otra jurisdicci\u00f3n para posible uso por el sujeto [de la sanci\u00f3n] podr\u00edan exponer a las personas no estadounidenses a un riesgo significativo de ser sancionadas. Toda propiedad o inter\u00e9s en propiedad de personas que est\u00e9n bloqueadas en virtud de las reglamentaciones de control de activos cubanos (CACR) contin\u00faa estando bloqueada. La CACR proh\u00edbe a personas sujetas a la jurisdicci\u00f3n de Estados Unidos hacer transacciones con propiedades en las que Cuba o un nacional cubano tenga intereses a no ser que est\u00e9 autorizada o exenta. El poder y la integridad de las sanciones del Gobierno de Estados Unidos derivan no solo de la capacidad del Gobierno de Estados Unidos para designar y agregar personas a la Lista de Nacionales Especialmente Designados y Personas Bloqueadas (Lista SDN), sino tambi\u00e9n de su voluntad para eliminar a personas de la Lista SDN de conformidad con la ley. El objetivo final de las sanciones no es castigar, sino provocar un cambio positivo en el comportamiento. Las solicitudes de exclusi\u00f3n de la Lista SDN pueden enviarse a trav\u00e9s de la p\u00e1gina web de la OFAC para solicitud de revisi\u00f3n ( en ingl\u00e9s ). Los solicitantes tambi\u00e9n pueden consultar la p\u00e1gina de informaci\u00f3n del Departamento de Estado para conocer las condiciones para ser eliminado de la lista ( Delisting Guidance , en ingl\u00e9s ). Para ver el texto original, ir a: https://www.state.gov/releases/office-of-the-spokesperson/2026/09/further-sanctions-on-cubas-elites-financial-channels-and-resource-exploitation-apparatus-fact-sheet/ Esta traducci\u00f3n se proporciona como una cortes\u00eda y \u00fanicamente debe considerarse fidedigna la fuente original en ingl\u00e9s.","title":"Incremento de sanciones a las \u00e9lites, canales de financiaci\u00f3n y aparatos de explotaci\u00f3n de recursos de Cuba","topic":null,"translation_language":"","url":"https://www.martinoticias.com/a/incremento-de-sanciones-a-las-%c3%a9lites-canales-de-financiaci%c3%b3n-y-aparatos-de-explotaci%c3%b3n-de-recursos-de-cuba/476899.html","video_url":null,"youtube_conversion_active":false,"youtube_conversion_error":"","youtube_conversion_status":""},{"article_body_paragraphs":[],"audio_source_url":null,"author":"Redacci\u00f3n Mart\u00ed Noticias","available_dubs":[],"downloadable_assets":["https://gdb.martinoticias.com/109bb5d6-8572-43e6-b531-17bffc8862e6_cx0_cy7_cw0_w1600_r1_n_s.jpg"],"duration_display":"0:00","duration_seconds":null,"embed_url":null,"id":14340,"image_caption":"El secretario de Estado Marco Rubio en un evento este jueves en Washington DC.","image_url":"https://gdb.martinoticias.com/109bb5d6-8572-43e6-b531-17bffc8862e6_cx0_cy7_cw0_w1600_r1_n_s.jpg","is_clip":false,"is_youtube_embed":false,"item_type":"article","item_type_label":"Article","language_label":"Espa\u00f1ol","media_credit":"Redacci\u00f3n Mart\u00ed Noticias","micro_label":"Photo","micro_label_kind":"gallery","network_label":"OCB","network_logo_url":"/static/uploads/direct_network_logos/ocb_0888427dcb1d.svg","published_at":"2026-09-03T16:56:41","published_at_display":"3 Sep 2026, 16:56 GMT","sequence_badge_label":null,"sequence_count":null,"sequence_count_label":null,"sequence_frames":[],"sequence_kind":null,"source_name":"radiotelevisionmarti_com_rss","source_name_label":"Radiotelevisionmarti","source_type":"rss","summary":"El r\u00e9gimen cubano contin\u00faa representando una amenaza para la seguridad nacional de Estados Unidos y para la estabilidad regional, y la familia Castro y sectores del Ministerio del Interior (MININT) mantienen el control de los recursos econ\u00f3micos clave de la isla en beneficio de una \u00e9lite gobernante, dijo este jueves el secretario de Estado Marco Rubio al anunciar nuevas sanciones contra La Habana. \"El r\u00e9gimen comunista cubano sigue representando una amenaza profunda y multifac\u00e9tica para la seguridad nacional de Estados Unidos y la estabilidad de nuestro hemisferio. Mientras el pueblo cubano sufre, la familia Castro y sus allegados en el represivo Ministerio del Interior (MININT) de Cuba contin\u00faan perpetuando su control total de la econom\u00eda de la isla, acaparando recursos en beneficio de un peque\u00f1o grupo de \u00e9lites del r\u00e9gimen\", dijo Rubio en una declaraci\u00f3n publicada por la canciller\u00eda estadounidense. \"Las \u00e9lites del r\u00e9gimen comunista cubano presiden un Estado fallido donde los cubanos comunes pasan hambre mientras la familia Castro y otros miembros influyentes se enriquecen evadiendo sanciones y mediante otros esquemas il\u00edcitos, y buscan exportar ideolog\u00eda marxista subversiva a Estados Unidos y otros Estados del hemisferio occidental\", recalc\u00f3 el jefe de la diplomacia estadounidense en un post en la red social X. \"El presidente Trump y yo mantenemos firme nuestro compromiso de que Cuba ser\u00e1 libre\", afirm\u00f3. EEUU designa al colectivo tecnol\u00f3gico Autistici/Inventati como organizaci\u00f3n terrorista global Bajo la Orden Ejecutiva 14404 emitida en mayo pasado por el presidente Donald Trump, el Departamento del Tesoro y el Departamento de Estado sancionaron a cinco entidades y una persona del entorno de la c\u00fapula gobernante liderada por la familia Castro. \"Designo cinco entidades y una persona cuyas actividades sostienen los sectores de servicios financieros, metales y miner\u00eda y energ\u00eda del r\u00e9gimen, y forman parte de redes que avanzan las amenazas del r\u00e9gimen a la seguridad nacional de Estados Unidos\", precis\u00f3 Rubio. Entre los sancionados se encuentra Fidel Ernesto Castro Calis, nieto de Ra\u00fal Castro, el Banco Exterior de Cuba y cuatro entidades relacionadas con la explotaci\u00f3n de recursos naturales y energ\u00e9ticos. Las medidas buscan debilitar las redes financieras y estructuras de poder asociadas al r\u00e9gimen cubano y promover una transici\u00f3n hacia una Cuba m\u00e1s libre y democr\u00e1tica. EEUU con m\u00e1s sanciones a la \u00e9lite de Castro y sus v\u00edas de financiamiento \"Estas designaciones reflejan la visi\u00f3n inquebrantable del presidente Trump para una Cuba libre, una donde las redes financieras il\u00edcitas, los aparatos represivos y las estructuras de poder arraigadas de la era Castro del r\u00e9gimen sean desmanteladas, y donde el pueblo cubano, y no sus opresores, herede el futuro de la naci\u00f3n\", afirm\u00f3 el secretario de Estado. Rubio se\u00f1al\u00f3 que las acciones del Departamento se est\u00e1n llevando a cabo conforme a las \u00f3rdenes ejecutivas emitidas por Trump que autorizan sanciones severas contra Cuba, incluyendo a personas que apoyan el aparato de seguridad del r\u00e9gimen cubano y a quienes son responsables de la represi\u00f3n en Cuba y otras amenazas a la seguridad nacional de Estados Unidos. Las medidas tambi\u00e9n siguen las indicaciones del Memorando Presidencial de Seguridad Nacional que \"ordena al Poder Ejecutivo mejorar los derechos humanos, fomentar el estado de derecho, promover los mercados libres y la libre empresa, y promover la democracia en Cuba\".","title":"Rubio sobre nuevas sanciones al r\u00e9gimen de Cuba: mientras el pueblo sufre la c\u00fapula acapara los recursos","topic":null,"translation_language":"","url":"https://www.martinoticias.com/a/rubio-sobre-nuevas-sanciones-al-r%c3%a9gimen-de-cuba-mientras-el-pueblo-sufre-la-c%c3%bapula-acapara-los-recursos/476892.html","video_url":null,"youtube_conversion_active":false,"youtube_conversion_error":"","youtube_conversion_status":""},{"article_body_paragraphs":[],"audio_source_url":null,"author":"Mart\u00ed Noticias","available_dubs":[],"downloadable_assets":["https://ocb-video-ns.akamaized.net/pangeavideo/2026/09/b/bd/bd1b6495-9d6d-44ba-cff4-08decd5b38e4_1080p.mp4?cb=ee22b9b94"],"duration_display":"3:05","duration_seconds":185.0,"embed_url":null,"id":14352,"image_caption":null,"image_url":"https://gdb.martinoticias.com/bd1b6495-9d6d-44ba-cff4-08decd5b38e4_tv_w1080_h608.jpg","is_clip":true,"is_youtube_embed":false,"item_type":"video","item_type_label":"Video","language_label":"Espa\u00f1ol","media_credit":"Mart\u00ed Noticias","micro_label":"Video report","micro_label_kind":"video","network_label":"OCB","network_logo_url":"/static/uploads/direct_network_logos/ocb_0888427dcb1d.svg","published_at":"2026-09-03T16:47:16","published_at_display":"3 Sep 2026, 16:47 GMT","sequence_badge_label":null,"sequence_count":null,"sequence_count_label":null,"sequence_frames":[],"sequence_kind":null,"source_name":"ocb_spanish_video_scrape","source_name_label":"OCB Spanish Video","source_type":"scrape","summary":"Natalia Molano, portavoz del Departamento de Estado de Estados Unidos habla sobre el anunci\u00f3 de EEUU este jueves de otra ronda de sanciones contra la \u00e9lite del castrismo y sus v\u00edas de financiamiento.","title":"EEUU con m\u00e1s sanciones a la \u00e9lite de Castro y sus v\u00edas de financiamiento","topic":"Asuntos de Estado","translation_language":"","url":"https://www.martinoticias.com/a/eeuu-con-m%C3%A1s-sanciones-a-la-%C3%A9lite-de-castro-y-sus-v%C3%ADas-de-financiamiento/476890.html","video_url":"https://ocb-video-ns.akamaized.net/pangeavideo/2026/09/b/bd/bd1b6495-9d6d-44ba-cff4-08decd5b38e4_1080p.mp4?cb=ee22b9b94","youtube_conversion_active":false,"youtube_conversion_error":"","youtube_conversion_status":""},{"article_body_paragraphs":[],"audio_source_url":null,"author":"Redacci\u00f3n Mart\u00ed Noticias","available_dubs":[],"downloadable_assets":["https://ocb-video-ns.akamaized.net/pangeavideo/2026/09/b/bd/bd1b6495-9d6d-44ba-cff4-08decd5b38e4_1080p.mp4?cb=ee22b9b94","https://gdb.martinoticias.com/5b0bb676-d14a-4e80-fa7f-08debb0491f6_cx24_cy21_cw75_w1600_r1_n_s.jpg"],"duration_display":"0:00","duration_seconds":null,"embed_url":null,"id":14342,"image_caption":"Alejandro Castro Esp\u00edn junto a su hijo Fidel Ernesto Castro Calis. ADALBERTO ROQUE / AFP","image_url":"https://gdb.martinoticias.com/5b0bb676-d14a-4e80-fa7f-08debb0491f6_cx24_cy21_cw75_w1600_r1_n_s.jpg","is_clip":true,"is_youtube_embed":false,"item_type":"video","item_type_label":"Video","language_label":"Espa\u00f1ol","media_credit":"Redacci\u00f3n Mart\u00ed Noticias","micro_label":"Video report","micro_label_kind":"video","network_label":"OCB","network_logo_url":"/static/uploads/direct_network_logos/ocb_0888427dcb1d.svg","published_at":"2026-09-03T16:08:22","published_at_display":"3 Sep 2026, 16:08 GMT","sequence_badge_label":null,"sequence_count":null,"sequence_count_label":null,"sequence_frames":[],"sequence_kind":null,"source_name":"radiotelevisionmarti_com_rss","source_name_label":"Radiotelevisionmarti","source_type":"rss","summary":"Natalia Molano, portavoz del Departamento de Estado de Estados Unidos habla sobre el anunci\u00f3 de EEUU este jueves de otra ronda de sanciones contra la \u00e9lite del castrismo y sus v\u00edas de financiamiento.","title":"EEUU con m\u00e1s sanciones a la \u00e9lite de Castro y sus v\u00edas de financiamiento","topic":null,"translation_language":"","url":"https://www.martinoticias.com/a/476888.html","video_url":"https://ocb-video-ns.akamaized.net/pangeavideo/2026/09/b/bd/bd1b6495-9d6d-44ba-cff4-08decd5b38e4_1080p.mp4?cb=ee22b9b94","youtube_conversion_active":false,"youtube_conversion_error":"","youtube_conversion_status":""},{"article_body_paragraphs":[],"audio_source_url":null,"author":"Redacci\u00f3n Mart\u00ed Noticias","available_dubs":[],"downloadable_assets":["https://gdb.martinoticias.com/5b0bb676-d14a-4e80-fa7f-08debb0491f6_cx24_cy21_cw75_w1600_r1_n_s.jpg"],"duration_display":"0:00","duration_seconds":null,"embed_url":null,"id":14217,"image_caption":"Alejandro Castro Esp\u00edn junto a su hijo Fidel Ernesto Castro Calis. ADALBERTO ROQUE / AFP","image_url":"https://gdb.martinoticias.com/5b0bb676-d14a-4e80-fa7f-08debb0491f6_cx24_cy21_cw75_w1600_r1_n_s.jpg","is_clip":false,"is_youtube_embed":false,"item_type":"article","item_type_label":"Article","language_label":"Espa\u00f1ol","media_credit":"Redacci\u00f3n Mart\u00ed Noticias","micro_label":"Photo","micro_label_kind":"gallery","network_label":"OCB","network_logo_url":"/static/uploads/direct_network_logos/ocb_0888427dcb1d.svg","published_at":"2026-09-03T16:08:22","published_at_display":"3 Sep 2026, 16:08 GMT","sequence_badge_label":null,"sequence_count":null,"sequence_count_label":null,"sequence_frames":[],"sequence_kind":null,"source_name":"radiotelevisionmarti_com_rss","source_name_label":"Radiotelevisionmarti","source_type":"rss","summary":"Estados Unidos anunci\u00f3 este jueves otra ronda de sanciones contra la \u00e9lite del castrismo y sus v\u00edas de financiamiento. Las nuevas medidas incorporan a Fidel Ernesto Castro Calis a la Lista de Nacionales Especialmente Designados (SDN) de la Oficina de Control de Activos Extranjeros (OFAC) del Departamento del Tesoro. EEUU con m\u00e1s sanciones a la \u00e9lite de Castro y sus v\u00edas de financiamiento El nieto del general Ra\u00fal Castro tiene 31 a\u00f1os y es hijo de Alejandro Castro Esp\u00edn, ya sancionado en junio de 2026 por su papel en los servicios de inteligencia. Castro Calis y su hermano Ra\u00fal Alejandro son los dos hijos de Castro Esp\u00edn con su primera esposa Marietta Calis Lauzurica, seg\u00fan revel\u00f3 Cubanet. Nuevas sanciones de EEUU quiebran l\u00edneas de financiamiento del r\u00e9gimen y el c\u00edrculo cerrado del castrismo EEUU publica oficialmente sanciones contra D\u00edaz-Canel y entidades vinculadas al r\u00e9gimen cubano Es publicaci\u00f3n asegura que Ra\u00fal Alejandro, Fidel Ernesto y Paolo Titolo Castro (hijo de Mariela Castro y Paolo Titolo) son actualmente, junto con Ra\u00fal Guillermo Rodr\u00edguez Castro \"El Cangrejo\", los nietos m\u00e1s favorecidos por la dinast\u00eda Castro. La ronda de hoy incluye adem\u00e1s a cinco entidades cubanas vinculadas a la banca, el petr\u00f3leo y el n\u00edquel, como parte de la Orden Ejecutiva 14404, del presidente Donald Trump, titulada \u00abImposici\u00f3n de sanciones a los responsables de la represi\u00f3n en Cuba y de amenazas a la seguridad nacional y la pol\u00edtica exterior de Estados Unidos\u00bb. Incremento de sanciones a las \u00e9lites, canales de financiaci\u00f3n y aparatos de explotaci\u00f3n de recursos de Cuba Las cinco empresas a\u00f1adidas son el Banco Exterior de Cuba, Comercial CUPET S.A., la Empresa de Servicios Comandante Ren\u00e9 Ramos Latour (tambi\u00e9n conocida como Nicarotec), la Empresa Importadora de Abastecimiento para el Petr\u00f3leo (ABAPET) y la Empresa Importadora y Abastecedora del N\u00edquel CEXNI. Rubio sobre nuevas sanciones al r\u00e9gimen de Cuba: mientras el pueblo sufre la c\u00fapula acapara los recursos \"El r\u00e9gimen comunista cubano sigue representando una amenaza profunda y multifac\u00e9tica para la seguridad nacional de Estados Unidos y para la estabilidad de nuestro hemisferio\", dijo el Departamento de Estado en un comunicado. \"Mientras el pueblo cubano sufre, la familia Castro y sus allegados en el represivo Ministerio del Interior (MININT) de Cuba contin\u00faan perpetuando su control total sobre la econom\u00eda de la isla, acaparando recursos en beneficio de un peque\u00f1o grupo de \u00e9lites del r\u00e9gimen\". En el d\u00eda de hoy la Oficina de Control de Activos Extranjeros emiti\u00f3 la Licencia General de Cuba 4A, que sustituye y reemplaza por completo a la Licencia General 4 del 23 de julio de 2026. Garant\u00edas al funcionamiento de embajadas y consulados extranjeros en Cuba La modificaci\u00f3n autoriza las transacciones con personas bloqueadas que sean ordinariamente incidentales y necesarias para el funcionamiento oficial de las misiones diplom\u00e1ticas y consulares de terceros pa\u00edses ubicadas en Cuba, as\u00ed como para el procesamiento de transferencias de fondos y el mantenimiento de cuentas destinadas a los gastos personales de sus empleados, concesionarios, contratistas y familiares que convivan con ellos. De manera que se elimina la restricci\u00f3n que prohib\u00eda la mayor\u00eda de las transferencias financieras a personas bloqueadas (salvo excepciones muy limitadas como impuestos, tasas, servicios p\u00fablicos o permisos), y en lo adelante se permite un mayor margen de operaciones con entidades cubanas sancionadas siempre que sean indispensables para el trabajo diplom\u00e1tico o los gastos personales del personal.","title":"EEUU con m\u00e1s sanciones a la \u00e9lite de Castro y sus v\u00edas de financiamiento","topic":null,"translation_language":"","url":"https://www.martinoticias.com/a/476888.html","video_url":null,"youtube_conversion_active":false,"youtube_conversion_error":"","youtube_conversion_status":""},{"article_body_paragraphs":[],"audio_source_url":"https://ocb-audio-ns.akamaized.net/cu/2026/09/03/226cddff-8c8a-445a-5aaf-08decd6ea425.mp3","author":null,"available_dubs":[],"downloadable_assets":["https://ocb-audio-ns.akamaized.net/cu/2026/09/03/226cddff-8c8a-445a-5aaf-08decd6ea425.mp3"],"duration_display":"0:00","duration_seconds":null,"embed_url":null,"id":14320,"image_caption":null,"image_url":"https://gdb.martinoticias.com/dc3c01e9-b307-44c9-ac61-aa267f49a4a3_w1200_h630.jpg","is_clip":false,"is_youtube_embed":false,"item_type":"audio","item_type_label":"Audio","language_label":"Espa\u00f1ol","media_credit":null,"micro_label":"Audio program","micro_label_kind":"audio","network_label":"OCB","network_logo_url":"/static/uploads/direct_network_logos/ocb_0888427dcb1d.svg","published_at":"2026-09-03T16:03:08","published_at_display":"3 Sep 2026, 16:03 GMT","sequence_badge_label":null,"sequence_count":null,"sequence_count_label":null,"sequence_frames":[],"sequence_kind":null,"source_name":"ocb_spanish_audio_scrape","source_name_label":"OCB Spanish Audio","source_type":"scrape","summary":"El Presidente Donald Trump afirm\u00f3 que Venezuela todav\u00eda no est\u00e1 preparada para celebrar elecciones presidenciales, en la v\u00edspera de cumplirse hoy ocho meses de la captura de Nicol\u00e1s Maduro, ocurrida el pasado 3 de enero en Caracas. El mandatario subray\u00f3 que Delcy est\u00e1 haciendo un buen trabajo.","title":"Venezuela todav\u00eda no est\u00e1 preparada para celebrar elecciones : Donald Trump","topic":"venezuela todav%C3%ADa no est%C3%A1 preparada para celebrar elecciones reafirma donaldtrump","translation_language":"","url":"https://www.martinoticias.com/a/venezuela-todav%C3%ADa-no-est%C3%A1-preparada-para-celebrar-elecciones-reafirma-donaldtrump/476887.html","video_url":null,"youtube_conversion_active":false,"youtube_conversion_error":"","youtube_conversion_status":""},{"article_body_paragraphs":[],"audio_source_url":"https://ocb-audio-ns.akamaized.net/cu/2026/09/03/20260903-160000-cu004-program.mp3","author":null,"available_dubs":[],"downloadable_assets":["https://ocb-audio-ns.akamaized.net/cu/2026/09/03/20260903-160000-cu004-program.mp3"],"duration_display":"0:00","duration_seconds":null,"embed_url":null,"id":14319,"image_caption":null,"image_url":"https://gdb.martinoticias.com/04340000-0aff-0242-9ff1-08daa6403056_w1200_h630.jpg","is_clip":false,"is_youtube_embed":false,"item_type":"audio","item_type_label":"Audio","language_label":"Espa\u00f1ol","media_credit":null,"micro_label":"Audio program","micro_label_kind":"audio","network_label":"OCB","network_logo_url":"/static/uploads/direct_network_logos/ocb_0888427dcb1d.svg","published_at":"2026-09-03T16:00:00","published_at_display":"3 Sep 2026, 16:00 GMT","sequence_badge_label":null,"sequence_count":null,"sequence_count_label":null,"sequence_frames":[],"sequence_kind":null,"source_name":"ocb_spanish_audio_scrape","source_name_label":"OCB Spanish Audio","source_type":"scrape","summary":"Noticiero Radio Mart\u00ed presenta los hechos que hacen noticia en Cuba y el mundo.","title":"Noticiero de Radio Mart\u00ed 12:00 PM","topic":"Radio Mart\u00ed","translation_language":"","url":"https://www.martinoticias.com/a/475829.html","video_url":null,"youtube_conversion_active":false,"youtube_conversion_error":"","youtube_conversion_status":""},{"article_body_paragraphs":[],"audio_source_url":null,"author":"Rolando N\u00e1poles","available_dubs":[],"downloadable_assets":["https://gdb.martinoticias.com/f05c29e9-0599-49e3-bc86-08def2b1d8dc_cx0_cy6_cw0_w1600_r1_n_s.jpg"],"duration_display":"0:00","duration_seconds":null,"embed_url":null,"id":14099,"image_caption":"Conferencia Colapso Social en Cuba en la Universidad Internacional de la Florida (FIU)","image_url":"https://gdb.martinoticias.com/f05c29e9-0599-49e3-bc86-08def2b1d8dc_cx0_cy6_cw0_w1600_r1_n_s.jpg","is_clip":false,"is_youtube_embed":false,"item_type":"article","item_type_label":"Article","language_label":"Espa\u00f1ol","media_credit":"Rolando N\u00e1poles","micro_label":"Photo","micro_label_kind":"gallery","network_label":"OCB","network_logo_url":"/static/uploads/direct_network_logos/ocb_0888427dcb1d.svg","published_at":"2026-09-03T15:40:00","published_at_display":"3 Sep 2026, 15:40 GMT","sequence_badge_label":null,"sequence_count":null,"sequence_count_label":null,"sequence_frames":[],"sequence_kind":null,"source_name":"radiotelevisionmarti_com_rss","source_name_label":"Radiotelevisionmarti","source_type":"rss","summary":"Rosa Mar\u00eda Pay\u00e1 , l\u00edder de Cuba Decide y coordinadora de la coalici\u00f3n opositora Pasos de Cambio, afirm\u00f3 en la conferencia \u201cColapso social en Cuba\u201d, realizada este mi\u00e9rcoles en la Universidad Internacional de la Florida (FIU) en Miami, que la \u00fanica v\u00eda real para salir de esa crisis que ha empobrecido la isla es con el fin de la dictadura cubana. \u201cLa \u00fanica manera de acabar con crisis humanitaria que est\u00e1 sufriendo nuestro pueblo es a partir de un cambio pol\u00edtico. Es el cambio pol\u00edtico el que garantiza las condiciones m\u00ednimas necesarias para responder a la emergencia sanitaria que vive nuestro pa\u00eds\u201d, declar\u00f3 Pay\u00e1 a Mart\u00ed Noticias en esta conferencia en la cual se present\u00f3 en esta ciudad el IX Estudio sobre Derechos Sociales en Cuba, del Observatorio Cubano de Derechos Humanos (OCDH). Esta conferencia realizada en FIU, convocada por la coalici\u00f3n Pasos Cambio, forma parte del trabajo de las organizaciones opositoras reunidas en esta coalici\u00f3n para cumplir el \u201cAcuerdo de Liberaci\u00f3n\u201d, firmado en Miami en marzo de este 2026, junto a la Asamblea de la Resistencia Cubana, con el fin de implementar un plan integral para el restablecimiento de la Democracia en Cuba. Pay\u00e1 explic\u00f3 en este evento, los principales pasos de este plan entre ellos el de la asistencia humanitaria para una fase de estabilizaci\u00f3n tras el fin de la dictadura. \u201cDespu\u00e9s del Acuerdo de Liberaci\u00f3n, nosotros nos comprometimos a trabajar en las diversas \u00e1reas en el proceso de transici\u00f3n. Una de ellas es la enorme \u00e1rea de la respuesta a la emergencia humanitaria y el equipo que trabaja en esa comisi\u00f3n est\u00e1 elaborando ese plan\u201d, explic\u00f3 a Mart\u00ed Noticias la coordinadora de Pasos de Cambio. Informe revela alza de la pobreza extrema en Cuba y rechazo a la gesti\u00f3n del r\u00e9gimen (VIDEO) Para mostrar las cifras de ese colapso social en Cuba, Yaxys Cires , director de estrategias del OCDH, detall\u00f3 en este encuentro los m\u00e1s importantes resultados del IX Estudio sobre Derechos Sociales en Cuba 2026 como es el caso del aumento de la pobreza extrema a un 94 %; el hecho de que 8 de cada 10 cubanos han tenido que dejar de desayunar, almorzar o cenar por la falta de dinero o de alimentos y el alza a un 95 % del rechazo de la gesti\u00f3n de la crisis econ\u00f3mica y social por parte del r\u00e9gimen. \u201cEfectivamente, la situaci\u00f3n que se vive hoy en Cuba es de un colaspo y tiene una incidencia directa en la vida de la gente. Y es generalizada porque estamos hablando de una pobreza extrema que llega al 94 % de la poblaci\u00f3n. Pero no hay un \u00e1mbito de la vida social y econ\u00f3mica de ese pa\u00eds que escape a ese colapso\u201d, se\u00f1al\u00f3 Cires a Mart\u00ed Noticias. Presentaci\u00f3n en Miami de IX Estudio sobre Derechos Sociales en Cuba Esta convocatoria en FIU dedic\u00f3 adem\u00e1s un panel dirigido a presentar propuestas para responder a la emergencia humanitaria en una eventual transici\u00f3n democr\u00e1tica en Cuba. Entre los panelistas estuvieron, Teo Babun, presidente y director ejecutivo de Outreach Aid to the Americas; Andres Asion, de la junta asesora de Global Empowerment Mission; y el padre Jos\u00e9 Joaqu\u00edn Espino , rector del Santuario Nacional Ermita de la Caridad. Los moderadores de la conferencia fueron el abogado y profesor cubano residente en Chile, Mijail Bonito y Armando Ibarra, asesor principal de la Fundaci\u00f3n para la Democracia Panamericana. \u201cNosotros proponemos que los Estados Unidos, que es la v\u00eda m\u00e1s grande de ayuda humanitaria a Cuba, no invite a otras organizaciones a que vayan a Cuba a pretender dar esa ayuda porque no conocen la isla, sino que se trabaje con las organizaciones que ya existen en Cuba: la iglesia cat\u00f3lica y la evang\u00e9lica\u201d, asever\u00f3 Teo Bab\u00fan a Mart\u00ed Noticias. Para el padre Espino, la propuesta que presenta la Iglesia Cat\u00f3lica en este plan es como siempre ha sido en el caso cubano, ayudar. \u201cLa Iglesia Cat\u00f3lica siempre ha sido v\u00ednculo para entregar esa ayuda en Cuba, no s\u00f3lo la de Estados Unidos. Desde hace mucho tiempo C\u00e1ritas Cuba ha estado muy presente en medio del pueblo. Ha sido muchas veces la primera que ha respondido en casos de desastres naturales como los huracanes y constantemente tenemos comedores para los ancianos, ofrecemos ayuda para los minusv\u00e1lidos\u201d, dijo el rector del Santuario Nacional Ermita de la Caridad del Cobre en Miami. Sebasti\u00e1n Arcos Cazab\u00f3n , director interino del Instituto de Estudios Cubanos de FIU, asever\u00f3 a Mart\u00ed Noticias que la \u00fanica soluci\u00f3n a la crisis humanitaria en Cuba es el fin del r\u00e9gimen comunista en la isla. \u201cLo dem\u00e1s es paliativo\", sentenci\u00f3 el acad\u00e9mico. \"El exilio est\u00e1 haciendo lo que puede hacer, considerando las circunstancias. Pero eso no resuelve el problema. La ra\u00edz del problema es el r\u00e9gimen. Por tanto, la \u00fanica soluci\u00f3n definitiva es el cambio del r\u00e9gimen\u201d, expres\u00f3 Cazab\u00f3n.","title":"Cambio pol\u00edtico: \u00fanica salida a crisis humanitaria en Cuba, opinan expertos","topic":null,"translation_language":"","url":"https://www.martinoticias.com/a/cambio-pol%c3%adtico-%c3%banica-salida-a-crisis-humanitaria-en-cuba-opinan-expertos/476886.html","video_url":null,"youtube_conversion_active":false,"youtube_conversion_error":"","youtube_conversion_status":""},{"article_body_paragraphs":[],"audio_source_url":"https://ocb-audio-ns.akamaized.net/cu/2026/09/03/20260903-153000-cu004-program_hq.mp3","author":"Janisset Rivero","available_dubs":[],"downloadable_assets":["https://ocb-audio-ns.akamaized.net/cu/2026/09/03/20260903-153000-cu004-program_hq.mp3"],"duration_display":"29:59","duration_seconds":1799.0,"embed_url":null,"id":14197,"image_caption":null,"image_url":"https://gdb.martinoticias.com/e4ea45fa-9d9b-4bf5-a3fc-20ab3cf12810_mw2048_mh2048_n.png","is_clip":false,"is_youtube_embed":false,"item_type":"audio","item_type_label":"Audio","language_label":"Espa\u00f1ol","media_credit":"OCB","micro_label":"Audio program","micro_label_kind":"audio","network_label":"OCB","network_logo_url":"/static/uploads/direct_network_logos/ocb_0888427dcb1d.svg","published_at":"2026-09-03T15:30:00","published_at_display":"3 Sep 2026, 15:30 GMT","sequence_badge_label":null,"sequence_count":null,"sequence_count_label":null,"sequence_frames":[],"sequence_kind":null,"source_name":"radiotelevisionmarti_com_direct","source_name_label":"Radiotelevisionmarti","source_type":"direct_api","summary":"La realidad de Cuba a trav\u00e9s del testimonio de residentes dentro de la isla, quienes actualizar\u00e1n el panorama interno de la mano de su conductora, la activista y escritora cubana Janisset Rivero.","title":"Barrio adentro","topic":"Barrio Adentro","translation_language":"","url":"https://ocb-audio-ns.akamaized.net/cu/2026/09/03/20260903-153000-cu004-program_hq.mp3","video_url":null,"youtube_conversion_active":false,"youtube_conversion_error":"","youtube_conversion_status":""},{"article_body_paragraphs":[],"audio_source_url":"https://ocb-audio-ns.akamaized.net/cu/2026/09/03/20260903-150000-cu004-program_hq.mp3","author":"Oscar El\u00edas Biscet","available_dubs":[],"downloadable_assets":["https://ocb-audio-ns.akamaized.net/cu/2026/09/03/20260903-150000-cu004-program_hq.mp3"],"duration_display":"29:59","duration_seconds":1799.0,"embed_url":null,"id":14086,"image_caption":null,"image_url":"https://gdb.martinoticias.com/01000000-0aff-0242-2f63-08dbcb434ef2_mw2048_mh2048_n.png","is_clip":false,"is_youtube_embed":false,"item_type":"audio","item_type_label":"Audio","language_label":"Espa\u00f1ol","media_credit":"OCB","micro_label":"Audio program","micro_label_kind":"audio","network_label":"OCB","network_logo_url":"/static/uploads/direct_network_logos/ocb_0888427dcb1d.svg","published_at":"2026-09-03T15:00:00","published_at_display":"3 Sep 2026, 15:00 GMT","sequence_badge_label":null,"sequence_count":null,"sequence_count_label":null,"sequence_frames":[],"sequence_kind":null,"source_name":"radiotelevisionmarti_com_direct","source_name_label":"Radiotelevisionmarti","source_type":"direct_api","summary":"El reconocido opositor cubano Dr. Oscar El\u00edas Biscet aborda la situaci\u00f3n de los derechos humanos en Cuba y la conquista de las libertades b\u00e1sicas de los cubanos, bajo el precepto de que \u201csi aprendes a ser libre, todos los seremos\u201d. Correo Electr\u00f3nico: lawtonlibremarti@gmail.com","title":"Lawton Libre","topic":"Lawton Libre","translation_language":"","url":"https://ocb-audio-ns.akamaized.net/cu/2026/09/03/20260903-150000-cu004-program_hq.mp3","video_url":null,"youtube_conversion_active":false,"youtube_conversion_error":"","youtube_conversion_status":""},{"article_body_paragraphs":[],"audio_source_url":null,"author":"Redacci\u00f3n Mart\u00ed Noticias","available_dubs":[],"downloadable_assets":["https://gdb.martinoticias.com/fd6ee76f-d08a-42ad-9e4f-7c769197878e_w1600_r1_n_s.jpg"],"duration_display":"0:00","duration_seconds":null,"embed_url":null,"id":14066,"image_caption":"El vicepresidente de EEUU JD Vance (izq.) saluda al secretario de Estado Marco Rubio durante el lanzamiento de \"The Foundry School\", en el Instituto de la Paz Donald J. Trump, en Washington, DC.","image_url":"https://gdb.martinoticias.com/fd6ee76f-d08a-42ad-9e4f-7c769197878e_w1600_r1_n_s.jpg","is_clip":false,"is_youtube_embed":false,"item_type":"article","item_type_label":"Article","language_label":"Espa\u00f1ol","media_credit":"Redacci\u00f3n Mart\u00ed Noticias","micro_label":"Photo","micro_label_kind":"gallery","network_label":"OCB","network_logo_url":"/static/uploads/direct_network_logos/ocb_0888427dcb1d.svg","published_at":"2026-09-03T14:59:52","published_at_display":"3 Sep 2026, 14:59 GMT","sequence_badge_label":null,"sequence_count":null,"sequence_count_label":null,"sequence_frames":[],"sequence_kind":null,"source_name":"radiotelevisionmarti_com_rss","source_name_label":"Radiotelevisionmarti","source_type":"rss","summary":"El vicepresidente de Estados Unidos, JD Vance, afirm\u00f3 este jueves que el pa\u00eds necesita recuperar su capacidad manufacturera y reinvertir en los trabajadores estadounidenses. \u201cLa seguridad industrial es seguridad nacional\u201d, dijo Vance durante el lanzamiento de Foundry School, un programa nacional de formaci\u00f3n para sectores industriales avanzados celebrado en el Instituto de Paz Donald J. Trump, en Washington DC. \u201cNecesitamos reindustrializar Estados Unidos\u201d, afirm\u00f3. \u201cTenemos que reconstruir nuestro pa\u00eds y no podemos hacerlo sin reinvertir en los trabajadores estadounidenses\u201d. Foundry School es un proyecto de Pax Silica, iniciativa multilateral del Departamento de Estado dirigida a fortalecer las cadenas de suministro de materiales cr\u00edticos, energ\u00eda, inteligencia artificial y semiconductores. El programa capacitar\u00e1 a emprendedores, ingenieros, t\u00e9cnicos y l\u00edderes industriales para empleos en \u00e1reas como la fabricaci\u00f3n de semiconductores, la defensa y la energ\u00eda. El secretario de Estado, Marco Rubio, quien tambi\u00e9n particip\u00f3 en el lanzamiento, advirti\u00f3 que Estados Unidos mantiene una \u201cdependencia peligrosa\u201d de otras naciones, no solo en el \u00e1mbito econ\u00f3mico, sino tambi\u00e9n para \u201cnuestra seguridad nacional y nuestra propia supervivencia como naci\u00f3n pr\u00f3spera\u201d. \u201cAhora debemos intentar revertir esos errores; ser\u00e1 una tarea que abarque varias administraciones, pero comienza aqu\u00ed y ahora, con esta\u201d, apunt\u00f3 Rubio. La iniciativa forma parte de la pol\u00edtica de la administraci\u00f3n de Donald Trump para trasladar producci\u00f3n y cadenas de suministro estrat\u00e9gicas a territorio estadounidense. Trump ha vinculado anteriormente la capacidad industrial con la seguridad del pa\u00eds. En una proclamaci\u00f3n por el D\u00eda Nacional de la Manufactura de 2025, afirm\u00f3 que la fortaleza de Estados Unidos \u201cdescansa en la fortaleza de nuestras industrias y la determinaci\u00f3n de nuestros trabajadores\u201d.","title":"Vance y Rubio alertan sobre dependencia exterior y apuestan por recuperar producci\u00f3n en EEUU","topic":null,"translation_language":"","url":"https://www.martinoticias.com/a/vance-y-rubio-alertan-sobre-dependencia-exterior-y-apuestan-por-recuperar-producci%c3%b3n-en-eeuu/476883.html","video_url":null,"youtube_conversion_active":false,"youtube_conversion_error":"","youtube_conversion_status":""},{"article_body_paragraphs":[],"audio_source_url":null,"author":"Redacci\u00f3n Mart\u00ed Noticias","available_dubs":[],"downloadable_assets":["https://gdb.martinoticias.com/16095a97-4b31-42f2-8399-984320979f11_cx11_cy6_cw88_w1600_r1_n_s.jpg"],"duration_display":"0:00","duration_seconds":null,"embed_url":null,"id":14068,"image_caption":"El expiloto de guerra cubano Luis Ra\u00fal Gonz\u00e1lez Pardo Rodr\u00edguez (izq.), acusado en en el caso del asesinato de cuatro pilotos de Hermanos al Rescate.","image_url":"https://gdb.martinoticias.com/16095a97-4b31-42f2-8399-984320979f11_cx11_cy6_cw88_w1600_r1_n_s.jpg","is_clip":false,"is_youtube_embed":false,"item_type":"article","item_type_label":"Article","language_label":"Espa\u00f1ol","media_credit":"Redacci\u00f3n Mart\u00ed Noticias","micro_label":"Photo","micro_label_kind":"gallery","network_label":"OCB","network_logo_url":"/static/uploads/direct_network_logos/ocb_0888427dcb1d.svg","published_at":"2026-09-03T14:46:58","published_at_display":"3 Sep 2026, 14:46 GMT","sequence_badge_label":null,"sequence_count":null,"sequence_count_label":null,"sequence_frames":[],"sequence_kind":null,"source_name":"radiotelevisionmarti_com_rss","source_name_label":"Radiotelevisionmarti","source_type":"rss","summary":"La Fiscal\u00eda Federal de EEUU confirm\u00f3 este mi\u00e9rcoles que no buscar\u00e1 la pena de muerte contra el expiloto de la Fuerza A\u00e9rea cubana Luis Ra\u00fal Gonz\u00e1lez Pardo Rodr\u00edguez, acusado junto a el exgobernante Ra\u00fal Castro y otros exmilitares de la isla en el caso del derribo de las avionetas de Hermanos al Rescate en 1996. Los fiscales ratificaron ante el tribunal que no solicitar\u00e1n la pena capital contra el acusado. Gonz\u00e1lez Pardo todav\u00eda enfrenta cargos por conspiraci\u00f3n para asesinar a ciudadanos estadounidenses, un delito por el cual podr\u00eda ser condenado a cadena perpetua si es declarado culpable, report\u00f3 la televisora hispana Telemundo 51. Durante la audiencia de seguimiento celebrada en la Corte Federal de Miami, el juez determin\u00f3 que el proceso continuar\u00e1 sin una fecha definitiva para el inicio del juicio debido a complicaciones con el manejo de informaci\u00f3n clasificada de seguridad nacional. Al final de la audiencia, el magistrado orden\u00f3 un receso y fij\u00f3 la pr\u00f3xima vista de seguimiento en un plazo de 60 d\u00edas. Seg\u00fan la acusaci\u00f3n federal, Gonz\u00e1lez-Pardo particip\u00f3 en la operaci\u00f3n militar cubana que culmin\u00f3 con el derribo de dos aeronaves civiles de la organizaci\u00f3n Hermanos al Rescate el 24 de febrero de 1996 sobre el Estrecho de la Florida. En el incidente murieron los ciudadanos estadounidenses Armando Alejandre Jr., Carlos Costa y Mario de la Pe\u00f1a, as\u00ed como Pablo Morales, residente permanente legal en EEUU. La acusaci\u00f3n presentada en el Distrito Sur de Florida en mayo pasado incluye a Ra\u00fal Modesto Castro Ruz, exgobernante cubano y exministro de las Fuerzas Armadas de Cuba, considerado el autor intelectual; Lorenzo Alberto P\u00e9rez P\u00e9rez, piloto del MiG-29 se\u00f1alado como quien derrib\u00f3 las dos avionetas, y los tambi\u00e9n pilotos de la Fuerza A\u00e9rea Cubana Emilio Jos\u00e9 Palacio Blanco, Jos\u00e9 Fidel Gual Barzaga, Ra\u00fal Simanca C\u00e1rdenas y Pardo Rodr\u00edguez. El expediente penal contiene una cantidad sustancial de material clasificado y confidencial del Gobierno estadounidense. La Fiscal\u00eda ya entreg\u00f3 un primer lote de pruebas sin restricciones de seguridad, pero se encuentra procesando un segundo paquete de documentos, precis\u00f3 Telemundo 51.","title":"Fiscal\u00eda descarta pena de muerte en juicio contra expiloto cubano por caso de Hermanos al Rescate","topic":null,"translation_language":"","url":"https://www.martinoticias.com/a/fiscal%c3%ada-descarta-pena-de-muerte-en-juicio-contra-expiloto-cubano-por-caso-de-hermanos-al-rescate/476882.html","video_url":null,"youtube_conversion_active":false,"youtube_conversion_error":"","youtube_conversion_status":""},{"article_body_paragraphs":[],"audio_source_url":"https://ocb-audio-ns.akamaized.net/cu/2026/09/03/20260903-140000-cu004-program.mp3","author":null,"available_dubs":[],"downloadable_assets":["https://ocb-audio-ns.akamaized.net/cu/2026/09/03/20260903-140000-cu004-program.mp3"],"duration_display":"0:00","duration_seconds":null,"embed_url":null,"id":14063,"image_caption":null,"image_url":"https://gdb.martinoticias.com/1d24f0db-a2ce-4972-643e-08de3c08cd61_w1200_h630.png","is_clip":false,"is_youtube_embed":false,"item_type":"audio","item_type_label":"Audio","language_label":"Espa\u00f1ol","media_credit":null,"micro_label":"Audio program","micro_label_kind":"audio","network_label":"OCB","network_logo_url":"/static/uploads/direct_network_logos/ocb_0888427dcb1d.svg","published_at":"2026-09-03T14:00:00","published_at_display":"3 Sep 2026, 14:00 GMT","sequence_badge_label":null,"sequence_count":null,"sequence_count_label":null,"sequence_frames":[],"sequence_kind":null,"source_name":"ocb_spanish_audio_html_scrape_1061","source_name_label":"OCB \u00b7 Foro abierto","source_type":"scrape","summary":"Noticias, an\u00e1lisis, opini\u00f3n y entrevistas. El pulso pol\u00edtico e informativo con Andr\u00e9s Reynaldo y Miguel Coss\u00edo.","title":"Foro abierto","topic":"Foro abierto","translation_language":"","url":"https://www.martinoticias.com/a/475817.html","video_url":null,"youtube_conversion_active":false,"youtube_conversion_error":"","youtube_conversion_status":""},{"article_body_paragraphs":[],"audio_source_url":null,"author":"Yolanda Huerga","available_dubs":[],"downloadable_assets":["https://gdb.martinoticias.com/277c1c47-018d-465a-0428-08decd63a0c8_w1600_r1_n_s.jpg"],"duration_display":"0:00","duration_seconds":null,"embed_url":null,"id":13973,"image_caption":"Protesta frente al Gran Teatro del Liceo de Barcelona.","image_url":"https://gdb.martinoticias.com/277c1c47-018d-465a-0428-08decd63a0c8_w1600_r1_n_s.jpg","is_clip":false,"is_youtube_embed":false,"item_type":"article","item_type_label":"Article","language_label":"Espa\u00f1ol","media_credit":"Yolanda Huerga","micro_label":"Photo","micro_label_kind":"gallery","network_label":"OCB","network_logo_url":"/static/uploads/direct_network_logos/ocb_0888427dcb1d.svg","published_at":"2026-09-03T12:54:04","published_at_display":"3 Sep 2026, 12:54 GMT","sequence_badge_label":null,"sequence_count":null,"sequence_count_label":null,"sequence_frames":[],"sequence_kind":null,"source_name":"radiotelevisionmarti_com_rss","source_name_label":"Radiotelevisionmarti","source_type":"rss","summary":"La llegada del cantautor cubano Silvio Rodr\u00edguez a Espa\u00f1a desencaden\u00f3 protestas de rechazo por parte de sectores del exilio de la isla. Alrededor de una decena de manifestantes se congregaron a las puertas del emblem\u00e1tico Gran Teatre del Liceu, en Las Ramblas de Barcelona, para protestar contra la presentaci\u00f3n del trovador, en el marco del inicio de su gira por ocho ciudades del pa\u00eds ib\u00e9rico. Idalmis Men\u00e9ndez, una de las participantes en la movilizaci\u00f3n, dijo a Mart\u00ed Noticias que ten\u00edan como \u201cobjetivo expresar el rechazo a la actuaci\u00f3n de Silvio Rodr\u00edguez, un artista estrechamente vinculado durante d\u00e9cadas al r\u00e9gimen cubano\u201d. Barcelona destaca por ser una de las provincias que alberga a una de las comunidades cubanas m\u00e1s numerosas del territorio espa\u00f1ol. Men\u00e9ndez explic\u00f3 que la baja concurrencia a la demostraci\u00f3n respondi\u00f3 a que coincidi\u00f3 con el inicio de la jornada laboral el 1 de septiembre y el fin del per\u00edodo vacacional de verano. A pesar del reducido grupo, los manifestantes buscaron concientizar a los transe\u00fantes y turistas recurriendo a paralelismos hist\u00f3ricos. Para explicar la significaci\u00f3n de Rodr\u00edguez para la oposici\u00f3n, compararon la situaci\u00f3n de Cuba con la dictadura de Francisco Franco en Espa\u00f1a, y citaron el caso del cantautor espa\u00f1ol V\u00edctor Manuel. Men\u00e9ndez se\u00f1al\u00f3 que el rechazo hacia el artista se debe a su apoyo hist\u00f3rico a las decisiones del gobierno cubano, recordando su firma en cartas abiertas a favor de los fusilamientos de 2003, la ola de arrestos de la Primavera Negra ese mismo a\u00f1o y la represi\u00f3n tras las masivas protestas del 11 de julio de 2021. Sin embargo, la postura del trovador respecto a estos \u00faltimos acontecimientos ha generado debate por su dualidad: D\u00edas despu\u00e9s de las manifestaciones de 2021, Rodr\u00edguez expres\u00f3 en su blog personal Segunda Cita que deb\u00edan revisarse los casos de los detenidos y otorgarse la libertad a quienes ejercieron su derecho sin recurrir a la violencia. Posteriormente, en marzo de 2022, el cantautor calific\u00f3 como injustas y excesivas varias de las condenas impuestas por los tribunales cubanos a los manifestantes. \u201cHay un elemento relevante para contextualizar el concierto: Silvio Rodr\u00edguez ha actuado hist\u00f3ricamente en estadios y anfiteatros con aforos cercanos a las 10 mil personas, mientras que en Barcelona se present\u00f3 en el Liceu, con 2.292 localidades\u201d, apunt\u00f3 Men\u00e9ndez. \u201cSeg\u00fan la informaci\u00f3n de la que disponemos, buena parte de las entradas habr\u00eda sido gestionada por organizaciones de la izquierda catalana y distribuida entre sus simpatizantes. Tambi\u00e9n fue llamativa la escasa presencia de p\u00fablico cubano\u201d, agreg\u00f3. Durante la jornada en las inmediaciones del Liceu se registraron momentos de tensi\u00f3n y descalificativos mutuos. Los activistas se enfrentaron verbalmente con un grupo de contramanifestantes vinculados al consulado cubano y a la organizaci\u00f3n de extrema izquierda Defensem Cuba , escenario que requiri\u00f3 la intervenci\u00f3n de agentes de la polic\u00eda para establecer un cord\u00f3n de seguridad. Las acciones contra la presencia del m\u00fasico no se limitar\u00e1n a la capital catalana. El activista L\u00e1zaro Mireles anunci\u00f3 que el exilio ha convocado m\u00e1s de una decena de protestas que acompa\u00f1ar\u00e1n las pr\u00f3ximas fechas del artista en suelo espa\u00f1ol. \"Hemos convocado m\u00e1s de 10 protestas durante los pr\u00f3ximos conciertos de Silvio Rodr\u00edguez aqu\u00ed en Espa\u00f1a y adem\u00e1s en Madrid hemos solicitado formalmente que se le declare ' persona non grata' \", afirm\u00f3 Mireles, subrayando que el objetivo es situar en el debate p\u00fablico el papel de los artistas cercanos al r\u00e9gimen y llamar a la movilizaci\u00f3n de la comunidad cubana en el exterior.","title":"Protestas en Barcelona marcan el inicio de la gira de Silvio Rodr\u00edguez por Espa\u00f1a","topic":null,"translation_language":"","url":"https://www.martinoticias.com/a/protestas-en-barcelona-marcan-el-inicio-de-la-gira-de-silvio-rodr%c3%adguez-por-espa%c3%b1a/476831.html","video_url":null,"youtube_conversion_active":false,"youtube_conversion_error":"","youtube_conversion_status":""},{"article_body_paragraphs":[],"audio_source_url":null,"author":"Jany Gonz\u00e1lez","available_dubs":[],"downloadable_assets":["https://gdb.martinoticias.com/bed47bd9-ac76-47b4-042a-08decd63a0c8_cx0_cy9_cw0_w1600_r1_n_s.jpg"],"duration_display":"0:00","duration_seconds":null,"embed_url":null,"id":13951,"image_caption":"Una raci\u00f3n diaria de pan en Cuba.","image_url":"https://gdb.martinoticias.com/bed47bd9-ac76-47b4-042a-08decd63a0c8_cx0_cy9_cw0_w1600_r1_n_s.jpg","is_clip":false,"is_youtube_embed":false,"item_type":"article","item_type_label":"Article","language_label":"Espa\u00f1ol","media_credit":"Jany Gonz\u00e1lez","micro_label":"Photo","micro_label_kind":"gallery","network_label":"OCB","network_logo_url":"/static/uploads/direct_network_logos/ocb_0888427dcb1d.svg","published_at":"2026-09-03T12:32:07","published_at_display":"3 Sep 2026, 12:32 GMT","sequence_badge_label":null,"sequence_count":null,"sequence_count_label":null,"sequence_frames":[],"sequence_kind":null,"source_name":"radiotelevisionmarti_com_rss","source_name_label":"Radiotelevisionmarti","source_type":"rss","summary":"Comer en Cuba se ha convertido en una lucha diaria: encontrar alimentos, reunir el dinero para pagarlos y cocinarlos antes del pr\u00f3ximo apag\u00f3n. En medio de una crisis que golpea con mayor fuerza a las familias vulnerables, varias madres aseguran que dejan de comer para poder alimentar a sus hijos. \u201cNo me alcanzaba media libra de arroz y la compart\u00ed entre ellos. Yo me acost\u00e9 simplemente con un vaso de agua. Muchas veces nos hemos acostado hasta con un vaso de agua con az\u00facar\u201d, relat\u00f3 una madre cubana a Mart\u00ed Noticias. Otra mujer describi\u00f3 el sacrificio en t\u00e9rminos similares: \u201cYo prefiero que mi hijo se acueste con la barriga llena, aunque yo me acueste con un vaso de agua. No importa\u201d. Los testimonios muestran una realidad que se repite en numerosos hogares de la isla: madres que reducen sus porciones, eliminan comidas o pasan la noche sin alimentarse para proteger a sus hijos. Las consecuencias ya se reflejan en su salud. \u201cPesaba 64 kilos y estoy pesando 49\u201d, cont\u00f3 una madre de cuatro hijos. Para algunas familias, sentarse ante un plato completo de comida se ha convertido en algo excepcional. Otra entrevistada explic\u00f3 que comparte en una misma bandeja lo poco que logra conseguir. \u201cEn una bandeja comemos los tres, nos unimos. Nunca he pensado comer as\u00ed un plato de comida, un manjar, no\u201d, afirm\u00f3. Organismos internacionales advierten sobre la alimentaci\u00f3n La situaci\u00f3n tambi\u00e9n aparece reflejada en evaluaciones de organismos internacionales. El nuevo Plan Estrat\u00e9gico para Cuba 2026-2030 del Programa Mundial de Alimentos reconoce que la dieta promedio de las familias cubanas es inadecuada. UNICEF, por su parte, ha advertido sobre una situaci\u00f3n de vulnerabilidad alimentaria y nutricional, con un aumento de la anemia y otras deficiencias que representan un riesgo mayor para los ni\u00f1os durante sus primeros a\u00f1os de vida. El arroz, base de la dieta del cubano, se ha convertido en un lujo en muchos hogares. A esas advertencias se suman los resultados de investigaciones independientes. La encuesta \u201cEn Cuba hay hambre 2025\u201d, realizada por Food Monitor Program y Cuido60 a partir de 2.513 entrevistados en todas las provincias, revel\u00f3 que el 33,9 % de los hogares consultados tuvo al menos una persona que se acost\u00f3 sin comer alguna vez durante los 30 d\u00edas anteriores. Otros estudios indican que ocho de cada diez cubanos se vieron obligados a eliminar alguna comida por falta de dinero o alimentos. La cifra incluye a personas que dejaron de desayunar, almorzar o comer ante la imposibilidad de cubrir el costo de los productos b\u00e1sicos. Los apagones tambi\u00e9n destruyen alimentos La crisis el\u00e9ctrica agrava todav\u00eda m\u00e1s el problema. Cerca de la mitad de los encuestados por estas organizaciones independientes afirm\u00f3 haber perdido alimentos por los apagones, mientras el 80,4 % report\u00f3 dificultades para preparar la comida debido a las interrupciones del servicio. Sin electricidad para refrigerar, algunas familias deben hervir o cocinar inmediatamente todo lo que consiguen para evitar que se descomponga. Cubanos cocinan con le\u00f1a en la calle en medio del apag\u00f3n. \u201cTuve que descuerar el pollo para sacarle la grasita, hervirlo todo para que no se echara a perder y com\u00e9rmelo todo\u201d, explic\u00f3 la madre de cuatro hijos. Los cortes el\u00e9ctricos obligan as\u00ed a consumir en pocas horas alimentos que deber\u00edan durar varios d\u00edas, lo que reduce a\u00fan m\u00e1s las reservas familiares y aumenta los gastos en hogares donde buena parte de los ingresos ya se destina a la comida. Pese a la gravedad de los testimonios y los resultados de las investigaciones, Naciones Unidas no ha declarado oficialmente una hambruna en Cuba. Para aplicar esa clasificaci\u00f3n deben comprobarse simult\u00e1neamente niveles extremos de falta de alimentos, desnutrici\u00f3n infantil aguda y mortalidad relacionada con el hambre. En Cuba no existen suficientes datos p\u00fablicos, actualizados y verificables para medir de forma independiente esos tres indicadores. Sin embargo, los testimonios muestran una emergencia cotidiana que no siempre aparece en las estad\u00edsticas: madres que pierden peso, familias que comparten una bandeja y hogares donde un vaso de agua sustituye la \u00faltima comida del d\u00eda.","title":"\u201cEn una bandeja comemos los tres\u201d: el hambre golpea a las familias cubanas (VIDEO)","topic":null,"translation_language":"","url":"https://www.martinoticias.com/a/en-una-bandeja-comemos-los-tres-el-hambre-golpea-a-las-familias-cubanas-video/476811.html","video_url":null,"youtube_conversion_active":false,"youtube_conversion_error":"","youtube_conversion_status":""},{"article_body_paragraphs":[],"audio_source_url":null,"author":"Mario J. Pent\u00f3n","available_dubs":[],"downloadable_assets":["https://gdb.martinoticias.com/702F4345-D549-415D-98F4-782754A5A65D_cx0_cy10_cw0_w1600_r1_n_s.jpg"],"duration_display":"0:00","duration_seconds":null,"embed_url":null,"id":13953,"image_caption":"Banderas de Cuba y EEUU cuelgan en un balc\u00f3n de La Habana.","image_url":"https://gdb.martinoticias.com/702F4345-D549-415D-98F4-782754A5A65D_cx0_cy10_cw0_w1600_r1_n_s.jpg","is_clip":false,"is_youtube_embed":false,"item_type":"article","item_type_label":"Article","language_label":"Espa\u00f1ol","media_credit":"Mario J. Pent\u00f3n","micro_label":"Photo","micro_label_kind":"gallery","network_label":"OCB","network_logo_url":"/static/uploads/direct_network_logos/ocb_0888427dcb1d.svg","published_at":"2026-09-03T12:07:25","published_at_display":"3 Sep 2026, 12:07 GMT","sequence_badge_label":null,"sequence_count":null,"sequence_count_label":null,"sequence_frames":[],"sequence_kind":null,"source_name":"radiotelevisionmarti_com_rss","source_name_label":"Radiotelevisionmarti","source_type":"rss","summary":"El Departamento de Estado asegur\u00f3 que las conversaciones entre Estados Unidos y Cuba contin\u00faan, contradiciendo la versi\u00f3n ofrecida por La Habana de que el di\u00e1logo bilateral est\u00e1 completamente paralizado y que actualmente no existen negociaciones entre ambos pa\u00edses. \u201cEn realidad, las conversaciones contin\u00faan y, hasta ahora, el r\u00e9gimen no ha estado dispuesto a aceptar nada que pueda ayudar al pueblo cubano y que, en \u00faltima instancia, amenace su control total\u201d, declar\u00f3 a Mart\u00ed Noticias un portavoz del Departamento de Estado. La reacci\u00f3n se produce despu\u00e9s de que Lianys Torres Rivera, m\u00e1xima representante diplom\u00e1tica de Cuba en Washington, afirmara en una entrevista con Bloomberg que el canal de di\u00e1logo estaba \u201ccompletamente estancado\u201d y que las partes ni siquiera hab\u00edan logrado acordar una agenda b\u00e1sica. Para el Departamento de Estado, esas declaraciones forman parte de la narrativa propagand\u00edstica de La Habana. \u201cNo nos sorprende que el r\u00e9gimen cubano est\u00e9 difundiendo esta propaganda\u201d, se\u00f1al\u00f3 el portavoz. La confirmaci\u00f3n de que existen conversaciones abiertas plantea nuevas interrogantes sobre el alcance, el nivel y los asuntos abordados en esos contactos. Washington no precis\u00f3 qui\u00e9nes participan en ellos, cu\u00e1ndo fue el encuentro m\u00e1s reciente ni si se trata de negociaciones formales o de comunicaciones discretas entre representantes de ambos gobiernos. Trump mantiene \u201cmuchas opciones\u201d sobre la mesa El portavoz se\u00f1al\u00f3 que el presidente Donald Trump dispone de diferentes alternativas para responder a la situaci\u00f3n cubana y presionar por transformaciones pol\u00edticas y econ\u00f3micas dentro de la Isla. \u201cComo ocurre con cualquier asunto de pol\u00edtica exterior, el presidente Trump tiene muchas opciones a su disposici\u00f3n\u201d, afirm\u00f3. \u201cEl Gobierno de Estados Unidos continuar\u00e1 utilizando todas las herramientas disponibles para enfrentar las amenazas a la seguridad nacional que representa el r\u00e9gimen comunista cubano y para impulsar las reformas econ\u00f3micas y pol\u00edticas que permitan a Cuba tener un futuro mejor\u201d, agreg\u00f3. Seg\u00fan el funcionario, la estrategia de la Casa Blanca no se limita a castigar al r\u00e9gimen cubano, sino que busca forzar cambios estructurales que permitan la expansi\u00f3n del sector privado y la recuperaci\u00f3n econ\u00f3mica del pa\u00eds. \u201cEl presidente Trump contin\u00faa ejerciendo presi\u00f3n para impulsar reformas econ\u00f3micas y pol\u00edticas mucho m\u00e1s profundas que hagan de Cuba un pa\u00eds donde sea posible invertir, permitan que las empresas privadas crezcan de una manera que ayude a la Isla a desarrollarse y recuperarse, y otorguen al pueblo cubano la libertad, la dignidad y las oportunidades que merece\u201d, sostuvo. Washington ofreci\u00f3 combustible si Cuba privatiza el sector energ\u00e9tico El Departamento de Estado revel\u00f3 adem\u00e1s que la Administraci\u00f3n Trump present\u00f3 al Gobierno cubano opciones para recibir ayuda humanitaria y combustible, condicionadas a una apertura del sector energ\u00e9tico a la gesti\u00f3n privada. \u201cLa Administraci\u00f3n Trump ha ofrecido al r\u00e9gimen opciones claras para recibir asistencia humanitaria, distribuida mediante canales apropiados, y combustible si privatiza la industria energ\u00e9tica\u201d, dijo el portavoz. \u201cPero, lamentablemente, contin\u00faa priorizando el control estatal sobre el bienestar del pueblo cubano\u201d, a\u00f1adi\u00f3. La propuesta adquiere especial relevancia en medio de la severa crisis energ\u00e9tica que atraviesa la Isla, marcada por apagones prolongados, centrales termoel\u00e9ctricas deterioradas y una grave escasez de combustible. La embajadora cubana dice lo contrario La representante cubana en Washington atribuy\u00f3 la crisis a la pol\u00edtica estadounidense de m\u00e1xima presi\u00f3n y asegur\u00f3 que Cuba hab\u00eda recibido apenas un cargamento de combustible en 200 d\u00edas. Torres calific\u00f3 las restricciones como un \u201ccastigo colectivo\u201d y una \u201cguerra sin bombas\u201d. El Departamento de Estado rechaz\u00f3 esa interpretaci\u00f3n y responsabiliz\u00f3 directamente a las autoridades cubanas. \u201cLa crisis energ\u00e9tica es el resultado directo de la incompetencia del r\u00e9gimen cubano\u201d, afirm\u00f3 el portavoz. \u201cLos cubanos de a pie han soportado apagones durante a\u00f1os, mientras el r\u00e9gimen ileg\u00edtimo se concentraba en almacenar combustible para sus \u00e9lites y revenderlo en Asia para obtener ganancias en efectivo\u201d. Ayuda humanitaria y l\u00e1mparas solares El portavoz tambi\u00e9n ofreci\u00f3 detalles sobre la ayuda humanitaria enviada a Cuba en julio. Seg\u00fan explic\u00f3, la entrega incluy\u00f3 paquetes de alimentos no perecederos, productos esenciales de higiene y l\u00e1mparas solares capaces de cargar tel\u00e9fonos celulares y otros dispositivos m\u00f3viles. \u201cLa Administraci\u00f3n Trump mantiene su compromiso de ayudar al pueblo cubano mientras contin\u00faa sobreviviendo bajo un r\u00e9gimen ileg\u00edtimo\u201d, declar\u00f3. El Departamento de Estado anunci\u00f3 p\u00fablicamente en julio el env\u00edo del primer vuelo de asistencia humanitaria a Cuba como parte de un compromiso de 100 millones de d\u00f3lares impulsado por el secretario de Estado Marco Rubio y ejecutado con la colaboraci\u00f3n de Catholic Relief Services. Washington insiste en que la asistencia debe distribuirse mediante organizaciones independientes y canales que eviten el control de las autoridades cubanas. Acusaciones de corrupci\u00f3n y \u201ccleptocracia\u201d El Departamento de Estado elev\u00f3 adem\u00e1s el tono contra la c\u00fapula gobernante, a la que responsabiliz\u00f3 por d\u00e9cadas de deterioro econ\u00f3mico y por destinar los recursos del pa\u00eds al aparato militar, de inteligencia y propaganda. \u201cEl fracasado r\u00e9gimen cubano contin\u00faa culpando a Estados Unidos y a todos los dem\u00e1s por su propia incompetencia y corrupci\u00f3n\u201d, manifest\u00f3 el portavoz. \u201cEl pueblo cubano est\u00e1 sufriendo, como lo ha hecho durante siete d\u00e9cadas, mientras los Castro viajan en su avi\u00f3n privado, exhiben sus art\u00edculos de lujo ante medios extranjeros complacientes y utilizan el escaso combustible y los recursos disponibles en sus aparatos de inteligencia, militares y propagand\u00edsticos, en lugar de destinarlos a los cubanos comunes\u201d, agreg\u00f3. La fuente sostuvo que la ra\u00edz de la crisis se encuentra en \u201cla evidente cleptocracia y la mala gesti\u00f3n econ\u00f3mica del r\u00e9gimen\u201d y acus\u00f3 a la \u00e9lite gobernante de mantener miles de millones de d\u00f3lares en cuentas bancarias fuera de Cuba. \u201cEsconden miles de millones en cuentas bancarias en el extranjero en vez de invertir en electricidad, infraestructura, mantenimiento responsable y las necesidades cotidianas de su pueblo\u201d, afirm\u00f3. El portavoz defendi\u00f3 las restricciones financieras de Washington al se\u00f1alar que est\u00e1n dirigidas contra entidades controladas por los servicios de seguridad cubanos. \u201cNuestra firme pol\u00edtica hacia Cuba restringe las transacciones financieras con entidades propiedad o bajo el control de los servicios de seguridad cubanos, con el objetivo de impedir que el r\u00e9gimen acceda a recursos utilizados para enriquecerse y reprimir violentamente al pueblo cubano\u201d, concluy\u00f3.","title":"EEUU desmiente a Cuba: el di\u00e1logo sigue, y acusa al r\u00e9gimen de bloquear acuerdos","topic":null,"translation_language":"","url":"https://www.martinoticias.com/a/eeuu-desmiente-a-cuba-el-di%c3%a1logo-sigue-y-acusa-al-r%c3%a9gimen-de-bloquear-acuerdos/476878.html","video_url":null,"youtube_conversion_active":false,"youtube_conversion_error":"","youtube_conversion_status":""},{"article_body_paragraphs":[],"audio_source_url":"https://ocb-audio-ns.akamaized.net/cu/2026/09/03/20260903-120000-cu004-program.mp3","author":null,"available_dubs":[],"downloadable_assets":["https://ocb-audio-ns.akamaized.net/cu/2026/09/03/20260903-120000-cu004-program.mp3"],"duration_display":"0:00","duration_seconds":null,"embed_url":null,"id":14017,"image_caption":null,"image_url":"https://gdb.martinoticias.com/01000000-0a00-0242-bdd1-08dbc11b65e6_w1200_h630.jpg","is_clip":false,"is_youtube_embed":false,"item_type":"audio","item_type_label":"Audio","language_label":"Espa\u00f1ol","media_credit":null,"micro_label":"Audio program","micro_label_kind":"audio","network_label":"OCB","network_logo_url":"/static/uploads/direct_network_logos/ocb_0888427dcb1d.svg","published_at":"2026-09-03T12:00:00","published_at_display":"3 Sep 2026, 12:00 GMT","sequence_badge_label":null,"sequence_count":null,"sequence_count_label":null,"sequence_frames":[],"sequence_kind":null,"source_name":"ocb_spanish_audio_html_scrape_668","source_name_label":"OCB \u00b7 Mart\u00ed Noticias A.M.","source_type":"scrape","summary":"Revista informativa con los \u00faltimos acontecimientos ocurridos en Cuba y el mundo. Con entrevistas y temas de actualidad relacionados a la pol\u00edtica, la econom\u00eda y de inter\u00e9s general.","title":"Martinoticias AM","topic":"Mart\u00ed Noticias A.M.","translation_language":"","url":"https://www.martinoticias.com/a/475816.html","video_url":null,"youtube_conversion_active":false,"youtube_conversion_error":"","youtube_conversion_status":""}],"next_num":3,"page":2,"pages":28,"per_page":20,"prev_num":1,"total":548}
