{"applied_filters":{"end_date":"","lang":"","language":"","network":"OCB","page":2,"per_page":20,"search":"","source":"radiotelevisionmarti_com_direct","start_date":"","topic":"","type":""},"available_filters":{"language_choices":[{"label":"Choose Language","value":""},{"label":"Espa\u00f1ol","value":"Espa\u00f1ol"}],"network_choices":[{"label":"All networks","value":""},{"label":"OCB","value":"OCB"}],"source_choices":[{"label":"All sources","value":""},{"label":"Manual Ocb Espanol","value":"manual_ocb_espanol"},{"label":"OCB \u00b7 Caf\u00e9 Digital","value":"ocb_spanish_audio_html_scrape"},{"label":"OCB \u00b7 Liberaci\u00f3n","value":"ocb_spanish_audio_html_scrape_1001"},{"label":"OCB \u00b7 Programas de Radio Nuestra Am\u00e9rica","value":"ocb_spanish_audio_html_scrape_1016"},{"label":"OCB \u00b7 Agenda hemisf\u00e9rica","value":"ocb_spanish_audio_html_scrape_1028"},{"label":"OCB \u00b7 El futuro es ya","value":"ocb_spanish_audio_html_scrape_1056"},{"label":"OCB \u00b7 Foro abierto","value":"ocb_spanish_audio_html_scrape_1061"},{"label":"OCB \u00b7 Nicaragua al d\u00eda","value":"ocb_spanish_audio_html_scrape_1077"},{"label":"OCB \u00b7 La bola nostra","value":"ocb_spanish_audio_html_scrape_1078"},{"label":"OCB \u00b7 Taller de prensa","value":"ocb_spanish_audio_html_scrape_1103"},{"label":"OCB \u00b7 Las noticias como son","value":"ocb_spanish_audio_html_scrape_142"},{"label":"OCB \u00b7 Abriendo Espacios","value":"ocb_spanish_audio_html_scrape_562"},{"label":"OCB \u00b7 Mart\u00ed Noticias A.M.","value":"ocb_spanish_audio_html_scrape_668"},{"label":"OCB Spanish Audio","value":"ocb_spanish_audio_scrape"},{"label":"OCB Spanish Video","value":"ocb_spanish_video_scrape"},{"label":"Radiotelevisionmarti","value":"radiotelevisionmarti_com_direct"},{"label":"Radiotelevisionmarti","value":"radiotelevisionmarti_com_rss"},{"label":"TV Mart\u00ed Noticias YouTube","value":"tv_marti_noticias_youtube_playlists"}],"sources":["manual_ocb_espanol","ocb_spanish_audio_html_scrape","ocb_spanish_audio_html_scrape_1001","ocb_spanish_audio_html_scrape_1016","ocb_spanish_audio_html_scrape_1028","ocb_spanish_audio_html_scrape_1056","ocb_spanish_audio_html_scrape_1061","ocb_spanish_audio_html_scrape_1077","ocb_spanish_audio_html_scrape_1078","ocb_spanish_audio_html_scrape_1103","ocb_spanish_audio_html_scrape_142","ocb_spanish_audio_html_scrape_562","ocb_spanish_audio_html_scrape_668","ocb_spanish_audio_scrape","ocb_spanish_video_scrape","radiotelevisionmarti_com_direct","radiotelevisionmarti_com_rss","tv_marti_noticias_youtube_playlists"],"topics":["Barrio Adentro","Cuba al D\u00eda","Cuba en la Memoria","De cara al sol","Hablando claro","La libertad es una librer\u00eda","Lawton Libre","Liberaci\u00f3n","Taller de prensa"],"types":[["","All types"],["audio","Audio"],["media","Media"]]},"has_next":true,"has_prev":true,"items":[{"article_body_paragraphs":[],"audio_source_url":"https://ocb-audio-ns.akamaized.net/cu/2026/08/15/714369da-2b6b-42cf-689a-08def2ff2efe_hq.mp3","author":"Pedro Corzo","available_dubs":[],"downloadable_assets":["https://ocb-audio-ns.akamaized.net/cu/2026/08/15/714369da-2b6b-42cf-689a-08def2ff2efe_hq.mp3"],"duration_display":"25:16","duration_seconds":1516.0,"embed_url":null,"id":5559,"image_caption":null,"image_url":"https://gdb.martinoticias.com/3f5ab296-2eb5-4fc1-f592-08ddb878a439_mw2048_mh2048_n.jpg","is_clip":false,"is_youtube_embed":false,"item_type":"audio","item_type_label":"Audio","language_label":"Espa\u00f1ol","media_credit":"OCB","micro_label":"Audio program","micro_label_kind":"audio","network_label":"OCB","network_logo_url":"/static/uploads/direct_network_logos/ocb_0888427dcb1d.svg","published_at":"2026-08-25T18:46:41.037000","published_at_display":"25 Aug 2026, 18:46 GMT","sequence_badge_label":null,"sequence_count":null,"sequence_count_label":null,"sequence_frames":[],"sequence_kind":null,"source_name":"radiotelevisionmarti_com_direct","source_name_label":"Radiotelevisionmarti","source_type":"direct_api","summary":"Una conversaci\u00f3n sobre la realidad cubana. La lucha, el presidio pol\u00edtico, la denuncia internacional, el activismo pac\u00edfico en las voces de sus protagonistas.","title":"Cuba en la Memoria con el expreso pol\u00edtico con Ernesto Diaz","topic":"Cuba en la Memoria","translation_language":"","url":"https://ocb-audio-ns.akamaized.net/cu/2026/08/15/714369da-2b6b-42cf-689a-08def2ff2efe_hq.mp3","video_url":null,"youtube_conversion_active":false,"youtube_conversion_error":"","youtube_conversion_status":""},{"article_body_paragraphs":[],"audio_source_url":"https://ocb-audio-ns.akamaized.net/cu/2026/08/25/20260825-180000-cu004-program_hq.mp3","author":"Mario J. Pent\u00f3n","available_dubs":[],"downloadable_assets":["https://ocb-audio-ns.akamaized.net/cu/2026/08/25/20260825-180000-cu004-program_hq.mp3"],"duration_display":"29:57","duration_seconds":1797.0,"embed_url":null,"id":8910,"image_caption":null,"image_url":"https://gdb.martinoticias.com/cb75a074-a814-4e7a-df7e-08de31a8b205_mw2048_mh2048_n.jpg","is_clip":false,"is_youtube_embed":false,"item_type":"audio","item_type_label":"Audio","language_label":"Espa\u00f1ol","media_credit":"OCB","micro_label":"Audio program","micro_label_kind":"audio","network_label":"OCB","network_logo_url":"/static/uploads/direct_network_logos/ocb_0888427dcb1d.svg","published_at":"2026-08-25T18:00:00","published_at_display":"25 Aug 2026, 18:00 GMT","sequence_badge_label":null,"sequence_count":null,"sequence_count_label":null,"sequence_frames":[],"sequence_kind":null,"source_name":"radiotelevisionmarti_com_direct","source_name_label":"Radiotelevisionmarti","source_type":"direct_api","summary":"Analizamos la entrevista realizada a Miguel D\u00edaz-Canel por la periodista Monica Bergamo del diario Folha de Sao Paulo","title":"Cuba al D\u00eda con Miguel Coss\u00edo y Sebastian Arcos","topic":"Cuba al D\u00eda","translation_language":"","url":"https://ocb-audio-ns.akamaized.net/cu/2026/08/25/20260825-180000-cu004-program_hq.mp3","video_url":null,"youtube_conversion_active":false,"youtube_conversion_error":"","youtube_conversion_status":""},{"article_body_paragraphs":[],"audio_source_url":"https://ocb-audio-ns.akamaized.net/cu/2026/08/25/20260825-153000-cu004-program_hq.mp3","author":"Janisset Rivero","available_dubs":[],"downloadable_assets":["https://ocb-audio-ns.akamaized.net/cu/2026/08/25/20260825-153000-cu004-program_hq.mp3"],"duration_display":"29:59","duration_seconds":1799.0,"embed_url":null,"id":8846,"image_caption":null,"image_url":"https://gdb.martinoticias.com/e4ea45fa-9d9b-4bf5-a3fc-20ab3cf12810_mw2048_mh2048_n.png","is_clip":false,"is_youtube_embed":false,"item_type":"audio","item_type_label":"Audio","language_label":"Espa\u00f1ol","media_credit":"OCB","micro_label":"Audio program","micro_label_kind":"audio","network_label":"OCB","network_logo_url":"/static/uploads/direct_network_logos/ocb_0888427dcb1d.svg","published_at":"2026-08-25T15:30:00","published_at_display":"25 Aug 2026, 15:30 GMT","sequence_badge_label":null,"sequence_count":null,"sequence_count_label":null,"sequence_frames":[],"sequence_kind":null,"source_name":"radiotelevisionmarti_com_direct","source_name_label":"Radiotelevisionmarti","source_type":"direct_api","summary":"La realidad de Cuba a trav\u00e9s del testimonio de residentes dentro de la isla, quienes actualizar\u00e1n el panorama interno de la mano de su conductora, la activista y escritora cubana Janisset Rivero.","title":"Barrio adentro","topic":"Barrio Adentro","translation_language":"","url":"https://ocb-audio-ns.akamaized.net/cu/2026/08/25/20260825-153000-cu004-program_hq.mp3","video_url":null,"youtube_conversion_active":false,"youtube_conversion_error":"","youtube_conversion_status":""},{"article_body_paragraphs":[],"audio_source_url":"https://ocb-audio-ns.akamaized.net/cu/2026/08/25/20260825-150000-cu004-program_hq.mp3","author":"Oscar El\u00edas Biscet","available_dubs":[],"downloadable_assets":["https://ocb-audio-ns.akamaized.net/cu/2026/08/25/20260825-150000-cu004-program_hq.mp3"],"duration_display":"29:59","duration_seconds":1799.0,"embed_url":null,"id":8807,"image_caption":null,"image_url":"https://gdb.martinoticias.com/01000000-0aff-0242-2f63-08dbcb434ef2_mw2048_mh2048_n.png","is_clip":false,"is_youtube_embed":false,"item_type":"audio","item_type_label":"Audio","language_label":"Espa\u00f1ol","media_credit":"OCB","micro_label":"Audio program","micro_label_kind":"audio","network_label":"OCB","network_logo_url":"/static/uploads/direct_network_logos/ocb_0888427dcb1d.svg","published_at":"2026-08-25T15:00:00","published_at_display":"25 Aug 2026, 15:00 GMT","sequence_badge_label":null,"sequence_count":null,"sequence_count_label":null,"sequence_frames":[],"sequence_kind":null,"source_name":"radiotelevisionmarti_com_direct","source_name_label":"Radiotelevisionmarti","source_type":"direct_api","summary":"El reconocido opositor cubano Dr. Oscar El\u00edas Biscet aborda la situaci\u00f3n de los derechos humanos en Cuba y la conquista de las libertades b\u00e1sicas de los cubanos, bajo el precepto de que \u201csi aprendes a ser libre, todos los seremos\u201d. Correo Electr\u00f3nico: lawtonlibremarti@gmail.com","title":"Lawton Libre","topic":"Lawton Libre","translation_language":"","url":"https://ocb-audio-ns.akamaized.net/cu/2026/08/25/20260825-150000-cu004-program_hq.mp3","video_url":null,"youtube_conversion_active":false,"youtube_conversion_error":"","youtube_conversion_status":""},{"article_body_paragraphs":[],"audio_source_url":"https://ocb-audio-ns.akamaized.net/cu/2026/08/24/20260824-180000-cu004-program_hq.mp3","author":"Mario J. Pent\u00f3n","available_dubs":[],"downloadable_assets":["https://ocb-audio-ns.akamaized.net/cu/2026/08/24/20260824-180000-cu004-program_hq.mp3"],"duration_display":"29:59","duration_seconds":1799.0,"embed_url":null,"id":8478,"image_caption":null,"image_url":"https://gdb.martinoticias.com/cb75a074-a814-4e7a-df7e-08de31a8b205_mw2048_mh2048_n.jpg","is_clip":false,"is_youtube_embed":false,"item_type":"audio","item_type_label":"Audio","language_label":"Espa\u00f1ol","media_credit":"OCB","micro_label":"Audio program","micro_label_kind":"audio","network_label":"OCB","network_logo_url":"/static/uploads/direct_network_logos/ocb_0888427dcb1d.svg","published_at":"2026-08-24T18:00:00","published_at_display":"24 Aug 2026, 18:00 GMT","sequence_badge_label":null,"sequence_count":null,"sequence_count_label":null,"sequence_frames":[],"sequence_kind":null,"source_name":"radiotelevisionmarti_com_direct","source_name_label":"Radiotelevisionmarti","source_type":"direct_api","summary":"\\","title":"Cuba al D\u00eda","topic":"Cuba al D\u00eda","translation_language":"","url":"https://ocb-audio-ns.akamaized.net/cu/2026/08/24/20260824-180000-cu004-program_hq.mp3","video_url":null,"youtube_conversion_active":false,"youtube_conversion_error":"","youtube_conversion_status":""},{"article_body_paragraphs":[],"audio_source_url":"https://ocb-audio-ns.akamaized.net/cu/2026/08/24/20260824-153000-cu004-program_hq.mp3","author":"Janisset Rivero","available_dubs":[],"downloadable_assets":["https://ocb-audio-ns.akamaized.net/cu/2026/08/24/20260824-153000-cu004-program_hq.mp3"],"duration_display":"29:59","duration_seconds":1799.0,"embed_url":null,"id":8429,"image_caption":null,"image_url":"https://gdb.martinoticias.com/e4ea45fa-9d9b-4bf5-a3fc-20ab3cf12810_mw2048_mh2048_n.png","is_clip":false,"is_youtube_embed":false,"item_type":"audio","item_type_label":"Audio","language_label":"Espa\u00f1ol","media_credit":"OCB","micro_label":"Audio program","micro_label_kind":"audio","network_label":"OCB","network_logo_url":"/static/uploads/direct_network_logos/ocb_0888427dcb1d.svg","published_at":"2026-08-24T15:30:00","published_at_display":"24 Aug 2026, 15:30 GMT","sequence_badge_label":null,"sequence_count":null,"sequence_count_label":null,"sequence_frames":[],"sequence_kind":null,"source_name":"radiotelevisionmarti_com_direct","source_name_label":"Radiotelevisionmarti","source_type":"direct_api","summary":"La realidad de Cuba a trav\u00e9s del testimonio de residentes dentro de la isla, quienes actualizar\u00e1n el panorama interno de la mano de su conductora, la activista y escritora cubana Janisset Rivero.","title":"Barrio adentro","topic":"Barrio Adentro","translation_language":"","url":"https://ocb-audio-ns.akamaized.net/cu/2026/08/24/20260824-153000-cu004-program_hq.mp3","video_url":null,"youtube_conversion_active":false,"youtube_conversion_error":"","youtube_conversion_status":""},{"article_body_paragraphs":[],"audio_source_url":"https://ocb-audio-ns.akamaized.net/cu/2026/08/22/0f58ec65-e1d7-4c41-03e8-08decd63a0c8_hq.mp3","author":"Rolando Cartaya","available_dubs":[],"downloadable_assets":["https://ocb-audio-ns.akamaized.net/cu/2026/08/22/0f58ec65-e1d7-4c41-03e8-08decd63a0c8_hq.mp3"],"duration_display":"22:28","duration_seconds":1348.0,"embed_url":null,"id":7949,"image_caption":null,"image_url":"https://gdb.martinoticias.com/b76d8c39-52a6-4ca4-d0f4-08debb53aba1_mw2048_mh2048_n.jpg","is_clip":false,"is_youtube_embed":false,"item_type":"audio","item_type_label":"Audio","language_label":"Espa\u00f1ol","media_credit":"OCB","micro_label":"Audio program","micro_label_kind":"audio","network_label":"OCB","network_logo_url":"/static/uploads/direct_network_logos/ocb_0888427dcb1d.svg","published_at":"2026-08-22T19:40:28.137000","published_at_display":"22 Aug 2026, 19:40 GMT","sequence_badge_label":null,"sequence_count":null,"sequence_count_label":null,"sequence_frames":[],"sequence_kind":null,"source_name":"radiotelevisionmarti_com_direct","source_name_label":"Radiotelevisionmarti","source_type":"direct_api","summary":"Este programa, conducido por el periodista Rolando Cartaya, recorre t\u00e9cnicas y principios de la comunicaci\u00f3n desde el periodismo cl\u00e1sico hasta las redes sociales. Ofrece herramientas para informar lo que ocurre en tu comunidad. \u201cNo odies a los medios: convi\u00e9rtete en ellos\u201d, invita Cartaya","title":"Taller de Prensa con el periodista Ricardo Gonz\u00e1lez Alfonso","topic":"Taller de prensa","translation_language":"","url":"https://ocb-audio-ns.akamaized.net/cu/2026/08/22/0f58ec65-e1d7-4c41-03e8-08decd63a0c8_hq.mp3","video_url":null,"youtube_conversion_active":false,"youtube_conversion_error":"","youtube_conversion_status":""},{"article_body_paragraphs":[],"audio_source_url":"https://ocb-audio-ns.akamaized.net/cu/2026/08/21/2c847bf7-6080-47f0-68c9-08def2ff2efe_hq.mp3","author":null,"available_dubs":[],"downloadable_assets":["https://ocb-audio-ns.akamaized.net/cu/2026/08/21/2c847bf7-6080-47f0-68c9-08def2ff2efe_hq.mp3"],"duration_display":"25:20","duration_seconds":1520.0,"embed_url":null,"id":7889,"image_caption":null,"image_url":"https://gdb.martinoticias.com/4b6947ab-3f34-42ef-38ec-08de2c294a0f_mw2048_mh2048_n.png","is_clip":false,"is_youtube_embed":false,"item_type":"audio","item_type_label":"Audio","language_label":"Espa\u00f1ol","media_credit":"OCB","micro_label":"Audio program","micro_label_kind":"audio","network_label":"OCB","network_logo_url":"/static/uploads/direct_network_logos/ocb_0888427dcb1d.svg","published_at":"2026-08-22T16:30:00","published_at_display":"22 Aug 2026, 16:30 GMT","sequence_badge_label":null,"sequence_count":null,"sequence_count_label":null,"sequence_frames":[],"sequence_kind":null,"source_name":"radiotelevisionmarti_com_direct","source_name_label":"Radiotelevisionmarti","source_type":"direct_api","summary":null,"title":"Elecciones en Democracia","topic":"De cara al sol","translation_language":"","url":"https://ocb-audio-ns.akamaized.net/cu/2026/08/21/2c847bf7-6080-47f0-68c9-08def2ff2efe_hq.mp3","video_url":null,"youtube_conversion_active":false,"youtube_conversion_error":"","youtube_conversion_status":""},{"article_body_paragraphs":[],"audio_source_url":"https://ocb-audio-ns.akamaized.net/cu/2026/08/21/20260821-180000-cu004-program_hq.mp3","author":"Mario J. Pent\u00f3n","available_dubs":[],"downloadable_assets":["https://ocb-audio-ns.akamaized.net/cu/2026/08/21/20260821-180000-cu004-program_hq.mp3"],"duration_display":"29:59","duration_seconds":1799.0,"embed_url":null,"id":7673,"image_caption":null,"image_url":"https://gdb.martinoticias.com/cb75a074-a814-4e7a-df7e-08de31a8b205_mw2048_mh2048_n.jpg","is_clip":false,"is_youtube_embed":false,"item_type":"audio","item_type_label":"Audio","language_label":"Espa\u00f1ol","media_credit":"OCB","micro_label":"Audio program","micro_label_kind":"audio","network_label":"OCB","network_logo_url":"/static/uploads/direct_network_logos/ocb_0888427dcb1d.svg","published_at":"2026-08-21T18:00:00","published_at_display":"21 Aug 2026, 18:00 GMT","sequence_badge_label":null,"sequence_count":null,"sequence_count_label":null,"sequence_frames":[],"sequence_kind":null,"source_name":"radiotelevisionmarti_com_direct","source_name_label":"Radiotelevisionmarti","source_type":"direct_api","summary":"Marco Rubio acusa al r\u00e9gimen cubano de espionaje y sanciona a tres actores clave del ICAP","title":"Cuba al D\u00eda con Luis Dom\u00ednguez y Elias Amor","topic":"Cuba al D\u00eda","translation_language":"","url":"https://ocb-audio-ns.akamaized.net/cu/2026/08/21/20260821-180000-cu004-program_hq.mp3","video_url":null,"youtube_conversion_active":false,"youtube_conversion_error":"","youtube_conversion_status":""},{"article_body_paragraphs":[],"audio_source_url":"https://ocb-audio-ns.akamaized.net/cu/2026/08/21/20260821-153000-cu004-program_hq.mp3","author":"Janisset Rivero","available_dubs":[],"downloadable_assets":["https://ocb-audio-ns.akamaized.net/cu/2026/08/21/20260821-153000-cu004-program_hq.mp3"],"duration_display":"29:59","duration_seconds":1799.0,"embed_url":null,"id":7635,"image_caption":null,"image_url":"https://gdb.martinoticias.com/e4ea45fa-9d9b-4bf5-a3fc-20ab3cf12810_mw2048_mh2048_n.png","is_clip":false,"is_youtube_embed":false,"item_type":"audio","item_type_label":"Audio","language_label":"Espa\u00f1ol","media_credit":"OCB","micro_label":"Audio program","micro_label_kind":"audio","network_label":"OCB","network_logo_url":"/static/uploads/direct_network_logos/ocb_0888427dcb1d.svg","published_at":"2026-08-21T15:30:00","published_at_display":"21 Aug 2026, 15:30 GMT","sequence_badge_label":null,"sequence_count":null,"sequence_count_label":null,"sequence_frames":[],"sequence_kind":null,"source_name":"radiotelevisionmarti_com_direct","source_name_label":"Radiotelevisionmarti","source_type":"direct_api","summary":"La realidad de Cuba a trav\u00e9s del testimonio de residentes dentro de la isla, quienes actualizar\u00e1n el panorama interno de la mano de su conductora, la activista y escritora cubana Janisset Rivero.","title":"Barrio adentro","topic":"Barrio Adentro","translation_language":"","url":"https://ocb-audio-ns.akamaized.net/cu/2026/08/21/20260821-153000-cu004-program_hq.mp3","video_url":null,"youtube_conversion_active":false,"youtube_conversion_error":"","youtube_conversion_status":""},{"article_body_paragraphs":[],"audio_source_url":"https://ocb-audio-ns.akamaized.net/cu/2026/08/20/20260820-223000-cu004-program_hq.mp3","author":"Regis Iglesias","available_dubs":[],"downloadable_assets":["https://ocb-audio-ns.akamaized.net/cu/2026/08/20/20260820-223000-cu004-program_hq.mp3"],"duration_display":"29:59","duration_seconds":1799.0,"embed_url":null,"id":7429,"image_caption":null,"image_url":"https://gdb.martinoticias.com/096178d6-ac3e-454d-263c-08de274e8135_mw2048_mh2048_n.jpg","is_clip":false,"is_youtube_embed":false,"item_type":"audio","item_type_label":"Audio","language_label":"Espa\u00f1ol","media_credit":"OCB","micro_label":"Audio program","micro_label_kind":"audio","network_label":"OCB","network_logo_url":"/static/uploads/direct_network_logos/ocb_0888427dcb1d.svg","published_at":"2026-08-20T22:30:00","published_at_display":"20 Aug 2026, 22:30 GMT","sequence_badge_label":null,"sequence_count":null,"sequence_count_label":null,"sequence_frames":[],"sequence_kind":null,"source_name":"radiotelevisionmarti_com_direct","source_name_label":"Radiotelevisionmarti","source_type":"direct_api","summary":"Liberaci\u00f3n es un espacio radial con Regis Iglesias, portavoz del Movimiento Cristiano Liberaci\u00f3n, para abordar temas de actualidad y fomentar las voces e iniciativas que buscan transformar positivamente la sociedad cubana.","title":"Liberaci\u00f3n con Santiago C\u00e1rdenas","topic":"Liberaci\u00f3n","translation_language":"","url":"https://ocb-audio-ns.akamaized.net/cu/2026/08/20/20260820-223000-cu004-program_hq.mp3","video_url":null,"youtube_conversion_active":false,"youtube_conversion_error":"","youtube_conversion_status":""},{"article_body_paragraphs":[],"audio_source_url":"https://ocb-audio-ns.akamaized.net/cu/2026/08/20/20260820-180000-cu004-program_hq.mp3","author":"Mario J. Pent\u00f3n","available_dubs":[],"downloadable_assets":["https://ocb-audio-ns.akamaized.net/cu/2026/08/20/20260820-180000-cu004-program_hq.mp3"],"duration_display":"29:59","duration_seconds":1799.0,"embed_url":null,"id":7318,"image_caption":null,"image_url":"https://gdb.martinoticias.com/cb75a074-a814-4e7a-df7e-08de31a8b205_mw2048_mh2048_n.jpg","is_clip":false,"is_youtube_embed":false,"item_type":"audio","item_type_label":"Audio","language_label":"Espa\u00f1ol","media_credit":"OCB","micro_label":"Audio program","micro_label_kind":"audio","network_label":"OCB","network_logo_url":"/static/uploads/direct_network_logos/ocb_0888427dcb1d.svg","published_at":"2026-08-20T18:00:00","published_at_display":"20 Aug 2026, 18:00 GMT","sequence_badge_label":null,"sequence_count":null,"sequence_count_label":null,"sequence_frames":[],"sequence_kind":null,"source_name":"radiotelevisionmarti_com_direct","source_name_label":"Radiotelevisionmarti","source_type":"direct_api","summary":"Una familia de Nueva Paz exige justicia por la muerte de Ferrer Ortiz, seg\u00fan denuncian sus allegados fue brutalmente golpeado tras sufrir un accidente de tr\u00e1nsito y permaneci\u00f3 bajo custodia policial largas horas antes de ser trasladado a un hospital, donde falleci\u00f3 posteriormente","title":"Cuba al D\u00eda con Erika Canet y Samir Estefan","topic":"Cuba al D\u00eda","translation_language":"","url":"https://ocb-audio-ns.akamaized.net/cu/2026/08/20/20260820-180000-cu004-program_hq.mp3","video_url":null,"youtube_conversion_active":false,"youtube_conversion_error":"","youtube_conversion_status":""},{"article_body_paragraphs":[],"audio_source_url":"https://ocb-audio-ns.akamaized.net/cu/2026/08/20/20260820-153000-cu004-program_hq.mp3","author":"Janisset Rivero","available_dubs":[],"downloadable_assets":["https://ocb-audio-ns.akamaized.net/cu/2026/08/20/20260820-153000-cu004-program_hq.mp3"],"duration_display":"29:59","duration_seconds":1799.0,"embed_url":null,"id":7261,"image_caption":null,"image_url":"https://gdb.martinoticias.com/e4ea45fa-9d9b-4bf5-a3fc-20ab3cf12810_mw2048_mh2048_n.png","is_clip":false,"is_youtube_embed":false,"item_type":"audio","item_type_label":"Audio","language_label":"Espa\u00f1ol","media_credit":"OCB","micro_label":"Audio program","micro_label_kind":"audio","network_label":"OCB","network_logo_url":"/static/uploads/direct_network_logos/ocb_0888427dcb1d.svg","published_at":"2026-08-20T15:30:00","published_at_display":"20 Aug 2026, 15:30 GMT","sequence_badge_label":null,"sequence_count":null,"sequence_count_label":null,"sequence_frames":[],"sequence_kind":null,"source_name":"radiotelevisionmarti_com_direct","source_name_label":"Radiotelevisionmarti","source_type":"direct_api","summary":"La realidad de Cuba a trav\u00e9s del testimonio de residentes dentro de la isla, quienes actualizar\u00e1n el panorama interno de la mano de su conductora, la activista y escritora cubana Janisset Rivero.","title":"Barrio adentro","topic":"Barrio Adentro","translation_language":"","url":"https://ocb-audio-ns.akamaized.net/cu/2026/08/20/20260820-153000-cu004-program_hq.mp3","video_url":null,"youtube_conversion_active":false,"youtube_conversion_error":"","youtube_conversion_status":""},{"article_body_paragraphs":[],"audio_source_url":"https://ocb-audio-ns.akamaized.net/cu/2026/08/20/20260820-150000-cu004-program_hq.mp3","author":"Oscar El\u00edas Biscet","available_dubs":[],"downloadable_assets":["https://ocb-audio-ns.akamaized.net/cu/2026/08/20/20260820-150000-cu004-program_hq.mp3"],"duration_display":"29:59","duration_seconds":1799.0,"embed_url":null,"id":7223,"image_caption":null,"image_url":"https://gdb.martinoticias.com/01000000-0aff-0242-2f63-08dbcb434ef2_mw2048_mh2048_n.png","is_clip":false,"is_youtube_embed":false,"item_type":"audio","item_type_label":"Audio","language_label":"Espa\u00f1ol","media_credit":"OCB","micro_label":"Audio program","micro_label_kind":"audio","network_label":"OCB","network_logo_url":"/static/uploads/direct_network_logos/ocb_0888427dcb1d.svg","published_at":"2026-08-20T15:00:00","published_at_display":"20 Aug 2026, 15:00 GMT","sequence_badge_label":null,"sequence_count":null,"sequence_count_label":null,"sequence_frames":[],"sequence_kind":null,"source_name":"radiotelevisionmarti_com_direct","source_name_label":"Radiotelevisionmarti","source_type":"direct_api","summary":"El reconocido opositor cubano Dr. Oscar El\u00edas Biscet aborda la situaci\u00f3n de los derechos humanos en Cuba y la conquista de las libertades b\u00e1sicas de los cubanos, bajo el precepto de que \u201csi aprendes a ser libre, todos los seremos\u201d. Correo Electr\u00f3nico: lawtonlibremarti@gmail.com","title":"Lawton Libre","topic":"Lawton Libre","translation_language":"","url":"https://ocb-audio-ns.akamaized.net/cu/2026/08/20/20260820-150000-cu004-program_hq.mp3","video_url":null,"youtube_conversion_active":false,"youtube_conversion_error":"","youtube_conversion_status":""},{"article_body_paragraphs":[],"audio_source_url":"https://ocb-audio-ns.akamaized.net/cu/2026/08/19/20260819-180000-cu004-program_hq.mp3","author":"Mario J. Pent\u00f3n","available_dubs":[],"downloadable_assets":["https://ocb-audio-ns.akamaized.net/cu/2026/08/19/20260819-180000-cu004-program_hq.mp3"],"duration_display":"29:59","duration_seconds":1799.0,"embed_url":null,"id":6944,"image_caption":null,"image_url":"https://gdb.martinoticias.com/cb75a074-a814-4e7a-df7e-08de31a8b205_mw2048_mh2048_n.jpg","is_clip":false,"is_youtube_embed":false,"item_type":"audio","item_type_label":"Audio","language_label":"Espa\u00f1ol","media_credit":"OCB","micro_label":"Audio program","micro_label_kind":"audio","network_label":"OCB","network_logo_url":"/static/uploads/direct_network_logos/ocb_0888427dcb1d.svg","published_at":"2026-08-19T18:00:00","published_at_display":"19 Aug 2026, 18:00 GMT","sequence_badge_label":null,"sequence_count":null,"sequence_count_label":null,"sequence_frames":[],"sequence_kind":null,"source_name":"radiotelevisionmarti_com_direct","source_name_label":"Radiotelevisionmarti","source_type":"direct_api","summary":"La influencer y activista Anna Sof\u00eda Ben\u00edtez y su madre, Caridad Silvente, ser\u00e1n juzgadas por grabar y publicar al polic\u00eda que llev\u00f3 la citaci\u00f3n de la SE a su vivienda. Cuba-Demanda denuncia al Tribunal Municipal de Alamar al ignorar la posibilidad de una conciliaci\u00f3n solicitada por el querellante","title":"Cuba al D\u00eda con Santiago Alp\u00edzar y Juan Manuel Gonz\u00e1lez","topic":"Cuba al D\u00eda","translation_language":"","url":"https://ocb-audio-ns.akamaized.net/cu/2026/08/19/20260819-180000-cu004-program_hq.mp3","video_url":null,"youtube_conversion_active":false,"youtube_conversion_error":"","youtube_conversion_status":""},{"article_body_paragraphs":[],"audio_source_url":"https://ocb-audio-ns.akamaized.net/cu/2026/08/19/20260819-153000-cu004-program_hq.mp3","author":"Janisset Rivero","available_dubs":[],"downloadable_assets":["https://ocb-audio-ns.akamaized.net/cu/2026/08/19/20260819-153000-cu004-program_hq.mp3"],"duration_display":"29:59","duration_seconds":1799.0,"embed_url":null,"id":6891,"image_caption":null,"image_url":"https://gdb.martinoticias.com/ac66f1a4-4d89-4b78-68de-08def2ff2efe_mw2048_mh2048_n.jpg","is_clip":false,"is_youtube_embed":false,"item_type":"audio","item_type_label":"Audio","language_label":"Espa\u00f1ol","media_credit":"OCB","micro_label":"Audio program","micro_label_kind":"audio","network_label":"OCB","network_logo_url":"/static/uploads/direct_network_logos/ocb_0888427dcb1d.svg","published_at":"2026-08-19T15:30:00","published_at_display":"19 Aug 2026, 15:30 GMT","sequence_badge_label":null,"sequence_count":null,"sequence_count_label":null,"sequence_frames":[],"sequence_kind":null,"source_name":"radiotelevisionmarti_com_direct","source_name_label":"Radiotelevisionmarti","source_type":"direct_api","summary":"La realidad de Cuba a trav\u00e9s del testimonio de residentes dentro de la isla, quienes actualizar\u00e1n el panorama interno de la mano de su conductora, la activista y escritora cubana Janisset Rivero.","title":"Fernando Boix, Veterano de las guerras de Africa","topic":"Barrio Adentro","translation_language":"","url":"https://ocb-audio-ns.akamaized.net/cu/2026/08/19/20260819-153000-cu004-program_hq.mp3","video_url":null,"youtube_conversion_active":false,"youtube_conversion_error":"","youtube_conversion_status":""},{"article_body_paragraphs":[],"audio_source_url":"https://ocb-audio-ns.akamaized.net/cu/2026/08/18/20260818-180000-cu004-program_hq.mp3","author":"Mario J. Pent\u00f3n","available_dubs":[],"downloadable_assets":["https://ocb-audio-ns.akamaized.net/cu/2026/08/18/20260818-180000-cu004-program_hq.mp3"],"duration_display":"29:59","duration_seconds":1799.0,"embed_url":null,"id":6546,"image_caption":null,"image_url":"https://gdb.martinoticias.com/cb75a074-a814-4e7a-df7e-08de31a8b205_mw2048_mh2048_n.jpg","is_clip":false,"is_youtube_embed":false,"item_type":"audio","item_type_label":"Audio","language_label":"Espa\u00f1ol","media_credit":"OCB","micro_label":"Audio program","micro_label_kind":"audio","network_label":"OCB","network_logo_url":"/static/uploads/direct_network_logos/ocb_0888427dcb1d.svg","published_at":"2026-08-18T18:00:00","published_at_display":"18 Aug 2026, 18:00 GMT","sequence_badge_label":null,"sequence_count":null,"sequence_count_label":null,"sequence_frames":[],"sequence_kind":null,"source_name":"radiotelevisionmarti_com_direct","source_name_label":"Radiotelevisionmarti","source_type":"direct_api","summary":"El gobierno de Rep\u00fablica Dominicana se ha mantenido en silencio luego que se diera a conocer la expulsi\u00f3n de nueve diplom\u00e1ticos cubanos y sus familiares de este pa\u00eds","title":"Cuba al D\u00eda con Juan Antonio Blanco","topic":"Cuba al D\u00eda","translation_language":"","url":"https://ocb-audio-ns.akamaized.net/cu/2026/08/18/20260818-180000-cu004-program_hq.mp3","video_url":null,"youtube_conversion_active":false,"youtube_conversion_error":"","youtube_conversion_status":""},{"article_body_paragraphs":[],"audio_source_url":"https://ocb-audio-ns.akamaized.net/cu/2026/08/18/20260818-153000-cu004-program_hq.mp3","author":"Janisset Rivero","available_dubs":[],"downloadable_assets":["https://ocb-audio-ns.akamaized.net/cu/2026/08/18/20260818-153000-cu004-program_hq.mp3"],"duration_display":"29:59","duration_seconds":1799.0,"embed_url":null,"id":6487,"image_caption":null,"image_url":"https://gdb.martinoticias.com/1e3cc342-7395-429c-cfbd-08decd5b38e4_mw2048_mh2048_n.jpg","is_clip":false,"is_youtube_embed":false,"item_type":"audio","item_type_label":"Audio","language_label":"Espa\u00f1ol","media_credit":"OCB","micro_label":"Audio program","micro_label_kind":"audio","network_label":"OCB","network_logo_url":"/static/uploads/direct_network_logos/ocb_0888427dcb1d.svg","published_at":"2026-08-18T15:30:00","published_at_display":"18 Aug 2026, 15:30 GMT","sequence_badge_label":null,"sequence_count":null,"sequence_count_label":null,"sequence_frames":[],"sequence_kind":null,"source_name":"radiotelevisionmarti_com_direct","source_name_label":"Radiotelevisionmarti","source_type":"direct_api","summary":"La realidad de Cuba a trav\u00e9s del testimonio de residentes dentro de la isla, quienes actualizar\u00e1n el panorama interno de la mano de su conductora, la activista y escritora cubana Janisset Rivero.","title":"Fernando Boix, Ex veterano de Africa","topic":"Barrio Adentro","translation_language":"","url":"https://ocb-audio-ns.akamaized.net/cu/2026/08/18/20260818-153000-cu004-program_hq.mp3","video_url":null,"youtube_conversion_active":false,"youtube_conversion_error":"","youtube_conversion_status":""},{"article_body_paragraphs":[],"audio_source_url":"https://ocb-audio-ns.akamaized.net/cu/2026/08/18/20260818-150000-cu004-program_hq.mp3","author":"Oscar El\u00edas Biscet","available_dubs":[],"downloadable_assets":["https://ocb-audio-ns.akamaized.net/cu/2026/08/18/20260818-150000-cu004-program_hq.mp3"],"duration_display":"29:59","duration_seconds":1799.0,"embed_url":null,"id":6451,"image_caption":null,"image_url":"https://gdb.martinoticias.com/01000000-0aff-0242-2f63-08dbcb434ef2_mw2048_mh2048_n.png","is_clip":false,"is_youtube_embed":false,"item_type":"audio","item_type_label":"Audio","language_label":"Espa\u00f1ol","media_credit":"OCB","micro_label":"Audio program","micro_label_kind":"audio","network_label":"OCB","network_logo_url":"/static/uploads/direct_network_logos/ocb_0888427dcb1d.svg","published_at":"2026-08-18T15:00:00","published_at_display":"18 Aug 2026, 15:00 GMT","sequence_badge_label":null,"sequence_count":null,"sequence_count_label":null,"sequence_frames":[],"sequence_kind":null,"source_name":"radiotelevisionmarti_com_direct","source_name_label":"Radiotelevisionmarti","source_type":"direct_api","summary":"El reconocido opositor cubano Dr. Oscar El\u00edas Biscet aborda la situaci\u00f3n de los derechos humanos en Cuba y la conquista de las libertades b\u00e1sicas de los cubanos, bajo el precepto de que \u201csi aprendes a ser libre, todos los seremos\u201d. Correo Electr\u00f3nico: lawtonlibremarti@gmail.com","title":"Lawton Libre","topic":"Lawton Libre","translation_language":"","url":"https://ocb-audio-ns.akamaized.net/cu/2026/08/18/20260818-150000-cu004-program_hq.mp3","video_url":null,"youtube_conversion_active":false,"youtube_conversion_error":"","youtube_conversion_status":""},{"article_body_paragraphs":[],"audio_source_url":"https://ocb-audio-ns.akamaized.net/cu/2026/08/17/20260817-180000-cu004-program_hq.mp3","author":"Mario J. Pent\u00f3n","available_dubs":[],"downloadable_assets":["https://ocb-audio-ns.akamaized.net/cu/2026/08/17/20260817-180000-cu004-program_hq.mp3"],"duration_display":"29:59","duration_seconds":1799.0,"embed_url":null,"id":6166,"image_caption":null,"image_url":"https://gdb.martinoticias.com/cb75a074-a814-4e7a-df7e-08de31a8b205_mw2048_mh2048_n.jpg","is_clip":false,"is_youtube_embed":false,"item_type":"audio","item_type_label":"Audio","language_label":"Espa\u00f1ol","media_credit":"OCB","micro_label":"Audio program","micro_label_kind":"audio","network_label":"OCB","network_logo_url":"/static/uploads/direct_network_logos/ocb_0888427dcb1d.svg","published_at":"2026-08-17T18:00:00","published_at_display":"17 Aug 2026, 18:00 GMT","sequence_badge_label":null,"sequence_count":null,"sequence_count_label":null,"sequence_frames":[],"sequence_kind":null,"source_name":"radiotelevisionmarti_com_direct","source_name_label":"Radiotelevisionmarti","source_type":"direct_api","summary":"Marco Rubio asegura que Cuba podr\u00eda encontrarse en una \u201csenda irreversible hacia un futuro diferente\u201d antes de que termine la Administraci\u00f3n Trump. Analizamos la posibilidad de una transici\u00f3n, el papel de la oposici\u00f3n y los riesgos de una nueva crisis migratoria","title":"Cuba al D\u00eda con Eloy Viera","topic":"Cuba al D\u00eda","translation_language":"","url":"https://ocb-audio-ns.akamaized.net/cu/2026/08/17/20260817-180000-cu004-program_hq.mp3","video_url":null,"youtube_conversion_active":false,"youtube_conversion_error":"","youtube_conversion_status":""}],"next_num":3,"page":2,"pages":6,"per_page":20,"prev_num":1,"total":118}
