{"applied_filters":{"end_date":"","lang":"","language":"","network":"OCB","page":2,"per_page":20,"search":"","source":"radiotelevisionmarti_com_rss","start_date":"","topic":"","type":""},"available_filters":{"language_choices":[{"label":"Choose Language","value":""},{"label":"English","value":"English"},{"label":"Espa\u00f1ol","value":"Espa\u00f1ol"}],"network_choices":[{"label":"All networks","value":""},{"label":"OCB","value":"OCB"}],"source_choices":[{"label":"All sources","value":""},{"label":"Manual Ocb Espanol","value":"manual_ocb_espanol"},{"label":"OCB \u00b7 Caf\u00e9 Digital","value":"ocb_spanish_audio_html_scrape"},{"label":"OCB \u00b7 Liberaci\u00f3n","value":"ocb_spanish_audio_html_scrape_1001"},{"label":"OCB \u00b7 Programas de Radio Nuestra Am\u00e9rica","value":"ocb_spanish_audio_html_scrape_1016"},{"label":"OCB \u00b7 Agenda hemisf\u00e9rica","value":"ocb_spanish_audio_html_scrape_1028"},{"label":"OCB \u00b7 El futuro es ya","value":"ocb_spanish_audio_html_scrape_1056"},{"label":"OCB \u00b7 Foro abierto","value":"ocb_spanish_audio_html_scrape_1061"},{"label":"OCB \u00b7 Nicaragua al d\u00eda","value":"ocb_spanish_audio_html_scrape_1077"},{"label":"OCB \u00b7 La bola nostra","value":"ocb_spanish_audio_html_scrape_1078"},{"label":"OCB \u00b7 Taller de prensa","value":"ocb_spanish_audio_html_scrape_1103"},{"label":"OCB \u00b7 Las noticias como son","value":"ocb_spanish_audio_html_scrape_142"},{"label":"OCB \u00b7 Abriendo Espacios","value":"ocb_spanish_audio_html_scrape_562"},{"label":"OCB \u00b7 Mart\u00ed Noticias A.M.","value":"ocb_spanish_audio_html_scrape_668"},{"label":"OCB Spanish Audio","value":"ocb_spanish_audio_scrape"},{"label":"OCB Spanish Video","value":"ocb_spanish_video_scrape"},{"label":"Radiotelevisionmarti","value":"radiotelevisionmarti_com_direct"},{"label":"Radiotelevisionmarti","value":"radiotelevisionmarti_com_rss"},{"label":"TV Mart\u00ed Noticias YouTube","value":"tv_marti_noticias_youtube_playlists"}],"sources":["manual_ocb_espanol","ocb_spanish_audio_html_scrape","ocb_spanish_audio_html_scrape_1001","ocb_spanish_audio_html_scrape_1016","ocb_spanish_audio_html_scrape_1028","ocb_spanish_audio_html_scrape_1056","ocb_spanish_audio_html_scrape_1061","ocb_spanish_audio_html_scrape_1077","ocb_spanish_audio_html_scrape_1078","ocb_spanish_audio_html_scrape_1103","ocb_spanish_audio_html_scrape_142","ocb_spanish_audio_html_scrape_562","ocb_spanish_audio_html_scrape_668","ocb_spanish_audio_scrape","ocb_spanish_video_scrape","radiotelevisionmarti_com_direct","radiotelevisionmarti_com_rss","tv_marti_noticias_youtube_playlists"],"topics":[],"types":[["","All types"],["article","Articles"],["audio","Audio"],["video","Videos"],["clips","Clips"],["media","Media"]]},"has_next":true,"has_prev":true,"items":[{"article_body_paragraphs":[],"audio_source_url":null,"author":"Jany Gonz\u00e1lez","available_dubs":[],"downloadable_assets":["https://gdb.martinoticias.com/bed47bd9-ac76-47b4-042a-08decd63a0c8_cx0_cy9_cw0_w1600_r1_n_s.jpg"],"duration_display":"0:00","duration_seconds":null,"embed_url":null,"id":13951,"image_caption":"Una raci\u00f3n diaria de pan en Cuba.","image_url":"https://gdb.martinoticias.com/bed47bd9-ac76-47b4-042a-08decd63a0c8_cx0_cy9_cw0_w1600_r1_n_s.jpg","is_clip":false,"is_youtube_embed":false,"item_type":"article","item_type_label":"Article","language_label":"Espa\u00f1ol","media_credit":"Jany Gonz\u00e1lez","micro_label":"Photo","micro_label_kind":"gallery","network_label":"OCB","network_logo_url":"/static/uploads/direct_network_logos/ocb_0888427dcb1d.svg","published_at":"2026-09-03T12:32:07","published_at_display":"3 Sep 2026, 12:32 GMT","sequence_badge_label":null,"sequence_count":null,"sequence_count_label":null,"sequence_frames":[],"sequence_kind":null,"source_name":"radiotelevisionmarti_com_rss","source_name_label":"Radiotelevisionmarti","source_type":"rss","summary":"Comer en Cuba se ha convertido en una lucha diaria: encontrar alimentos, reunir el dinero para pagarlos y cocinarlos antes del pr\u00f3ximo apag\u00f3n. En medio de una crisis que golpea con mayor fuerza a las familias vulnerables, varias madres aseguran que dejan de comer para poder alimentar a sus hijos. \u201cNo me alcanzaba media libra de arroz y la compart\u00ed entre ellos. Yo me acost\u00e9 simplemente con un vaso de agua. Muchas veces nos hemos acostado hasta con un vaso de agua con az\u00facar\u201d, relat\u00f3 una madre cubana a Mart\u00ed Noticias. Otra mujer describi\u00f3 el sacrificio en t\u00e9rminos similares: \u201cYo prefiero que mi hijo se acueste con la barriga llena, aunque yo me acueste con un vaso de agua. No importa\u201d. Los testimonios muestran una realidad que se repite en numerosos hogares de la isla: madres que reducen sus porciones, eliminan comidas o pasan la noche sin alimentarse para proteger a sus hijos. Las consecuencias ya se reflejan en su salud. \u201cPesaba 64 kilos y estoy pesando 49\u201d, cont\u00f3 una madre de cuatro hijos. Para algunas familias, sentarse ante un plato completo de comida se ha convertido en algo excepcional. Otra entrevistada explic\u00f3 que comparte en una misma bandeja lo poco que logra conseguir. \u201cEn una bandeja comemos los tres, nos unimos. Nunca he pensado comer as\u00ed un plato de comida, un manjar, no\u201d, afirm\u00f3. Organismos internacionales advierten sobre la alimentaci\u00f3n La situaci\u00f3n tambi\u00e9n aparece reflejada en evaluaciones de organismos internacionales. El nuevo Plan Estrat\u00e9gico para Cuba 2026-2030 del Programa Mundial de Alimentos reconoce que la dieta promedio de las familias cubanas es inadecuada. UNICEF, por su parte, ha advertido sobre una situaci\u00f3n de vulnerabilidad alimentaria y nutricional, con un aumento de la anemia y otras deficiencias que representan un riesgo mayor para los ni\u00f1os durante sus primeros a\u00f1os de vida. El arroz, base de la dieta del cubano, se ha convertido en un lujo en muchos hogares. A esas advertencias se suman los resultados de investigaciones independientes. La encuesta \u201cEn Cuba hay hambre 2025\u201d, realizada por Food Monitor Program y Cuido60 a partir de 2.513 entrevistados en todas las provincias, revel\u00f3 que el 33,9 % de los hogares consultados tuvo al menos una persona que se acost\u00f3 sin comer alguna vez durante los 30 d\u00edas anteriores. Otros estudios indican que ocho de cada diez cubanos se vieron obligados a eliminar alguna comida por falta de dinero o alimentos. La cifra incluye a personas que dejaron de desayunar, almorzar o comer ante la imposibilidad de cubrir el costo de los productos b\u00e1sicos. Los apagones tambi\u00e9n destruyen alimentos La crisis el\u00e9ctrica agrava todav\u00eda m\u00e1s el problema. Cerca de la mitad de los encuestados por estas organizaciones independientes afirm\u00f3 haber perdido alimentos por los apagones, mientras el 80,4 % report\u00f3 dificultades para preparar la comida debido a las interrupciones del servicio. Sin electricidad para refrigerar, algunas familias deben hervir o cocinar inmediatamente todo lo que consiguen para evitar que se descomponga. Cubanos cocinan con le\u00f1a en la calle en medio del apag\u00f3n. \u201cTuve que descuerar el pollo para sacarle la grasita, hervirlo todo para que no se echara a perder y com\u00e9rmelo todo\u201d, explic\u00f3 la madre de cuatro hijos. Los cortes el\u00e9ctricos obligan as\u00ed a consumir en pocas horas alimentos que deber\u00edan durar varios d\u00edas, lo que reduce a\u00fan m\u00e1s las reservas familiares y aumenta los gastos en hogares donde buena parte de los ingresos ya se destina a la comida. Pese a la gravedad de los testimonios y los resultados de las investigaciones, Naciones Unidas no ha declarado oficialmente una hambruna en Cuba. Para aplicar esa clasificaci\u00f3n deben comprobarse simult\u00e1neamente niveles extremos de falta de alimentos, desnutrici\u00f3n infantil aguda y mortalidad relacionada con el hambre. En Cuba no existen suficientes datos p\u00fablicos, actualizados y verificables para medir de forma independiente esos tres indicadores. Sin embargo, los testimonios muestran una emergencia cotidiana que no siempre aparece en las estad\u00edsticas: madres que pierden peso, familias que comparten una bandeja y hogares donde un vaso de agua sustituye la \u00faltima comida del d\u00eda.","title":"\u201cEn una bandeja comemos los tres\u201d: el hambre golpea a las familias cubanas (VIDEO)","topic":null,"translation_language":"","url":"https://www.martinoticias.com/a/en-una-bandeja-comemos-los-tres-el-hambre-golpea-a-las-familias-cubanas-video/476811.html","video_url":null,"youtube_conversion_active":false,"youtube_conversion_error":"","youtube_conversion_status":""},{"article_body_paragraphs":[],"audio_source_url":null,"author":"Mario J. Pent\u00f3n","available_dubs":[],"downloadable_assets":["https://gdb.martinoticias.com/702F4345-D549-415D-98F4-782754A5A65D_cx0_cy10_cw0_w1600_r1_n_s.jpg"],"duration_display":"0:00","duration_seconds":null,"embed_url":null,"id":13953,"image_caption":"Banderas de Cuba y EEUU cuelgan en un balc\u00f3n de La Habana.","image_url":"https://gdb.martinoticias.com/702F4345-D549-415D-98F4-782754A5A65D_cx0_cy10_cw0_w1600_r1_n_s.jpg","is_clip":false,"is_youtube_embed":false,"item_type":"article","item_type_label":"Article","language_label":"Espa\u00f1ol","media_credit":"Mario J. Pent\u00f3n","micro_label":"Photo","micro_label_kind":"gallery","network_label":"OCB","network_logo_url":"/static/uploads/direct_network_logos/ocb_0888427dcb1d.svg","published_at":"2026-09-03T12:07:25","published_at_display":"3 Sep 2026, 12:07 GMT","sequence_badge_label":null,"sequence_count":null,"sequence_count_label":null,"sequence_frames":[],"sequence_kind":null,"source_name":"radiotelevisionmarti_com_rss","source_name_label":"Radiotelevisionmarti","source_type":"rss","summary":"El Departamento de Estado asegur\u00f3 que las conversaciones entre Estados Unidos y Cuba contin\u00faan, contradiciendo la versi\u00f3n ofrecida por La Habana de que el di\u00e1logo bilateral est\u00e1 completamente paralizado y que actualmente no existen negociaciones entre ambos pa\u00edses. \u201cEn realidad, las conversaciones contin\u00faan y, hasta ahora, el r\u00e9gimen no ha estado dispuesto a aceptar nada que pueda ayudar al pueblo cubano y que, en \u00faltima instancia, amenace su control total\u201d, declar\u00f3 a Mart\u00ed Noticias un portavoz del Departamento de Estado. La reacci\u00f3n se produce despu\u00e9s de que Lianys Torres Rivera, m\u00e1xima representante diplom\u00e1tica de Cuba en Washington, afirmara en una entrevista con Bloomberg que el canal de di\u00e1logo estaba \u201ccompletamente estancado\u201d y que las partes ni siquiera hab\u00edan logrado acordar una agenda b\u00e1sica. Para el Departamento de Estado, esas declaraciones forman parte de la narrativa propagand\u00edstica de La Habana. \u201cNo nos sorprende que el r\u00e9gimen cubano est\u00e9 difundiendo esta propaganda\u201d, se\u00f1al\u00f3 el portavoz. La confirmaci\u00f3n de que existen conversaciones abiertas plantea nuevas interrogantes sobre el alcance, el nivel y los asuntos abordados en esos contactos. Washington no precis\u00f3 qui\u00e9nes participan en ellos, cu\u00e1ndo fue el encuentro m\u00e1s reciente ni si se trata de negociaciones formales o de comunicaciones discretas entre representantes de ambos gobiernos. Trump mantiene \u201cmuchas opciones\u201d sobre la mesa El portavoz se\u00f1al\u00f3 que el presidente Donald Trump dispone de diferentes alternativas para responder a la situaci\u00f3n cubana y presionar por transformaciones pol\u00edticas y econ\u00f3micas dentro de la Isla. \u201cComo ocurre con cualquier asunto de pol\u00edtica exterior, el presidente Trump tiene muchas opciones a su disposici\u00f3n\u201d, afirm\u00f3. \u201cEl Gobierno de Estados Unidos continuar\u00e1 utilizando todas las herramientas disponibles para enfrentar las amenazas a la seguridad nacional que representa el r\u00e9gimen comunista cubano y para impulsar las reformas econ\u00f3micas y pol\u00edticas que permitan a Cuba tener un futuro mejor\u201d, agreg\u00f3. Seg\u00fan el funcionario, la estrategia de la Casa Blanca no se limita a castigar al r\u00e9gimen cubano, sino que busca forzar cambios estructurales que permitan la expansi\u00f3n del sector privado y la recuperaci\u00f3n econ\u00f3mica del pa\u00eds. \u201cEl presidente Trump contin\u00faa ejerciendo presi\u00f3n para impulsar reformas econ\u00f3micas y pol\u00edticas mucho m\u00e1s profundas que hagan de Cuba un pa\u00eds donde sea posible invertir, permitan que las empresas privadas crezcan de una manera que ayude a la Isla a desarrollarse y recuperarse, y otorguen al pueblo cubano la libertad, la dignidad y las oportunidades que merece\u201d, sostuvo. Washington ofreci\u00f3 combustible si Cuba privatiza el sector energ\u00e9tico El Departamento de Estado revel\u00f3 adem\u00e1s que la Administraci\u00f3n Trump present\u00f3 al Gobierno cubano opciones para recibir ayuda humanitaria y combustible, condicionadas a una apertura del sector energ\u00e9tico a la gesti\u00f3n privada. \u201cLa Administraci\u00f3n Trump ha ofrecido al r\u00e9gimen opciones claras para recibir asistencia humanitaria, distribuida mediante canales apropiados, y combustible si privatiza la industria energ\u00e9tica\u201d, dijo el portavoz. \u201cPero, lamentablemente, contin\u00faa priorizando el control estatal sobre el bienestar del pueblo cubano\u201d, a\u00f1adi\u00f3. La propuesta adquiere especial relevancia en medio de la severa crisis energ\u00e9tica que atraviesa la Isla, marcada por apagones prolongados, centrales termoel\u00e9ctricas deterioradas y una grave escasez de combustible. La embajadora cubana dice lo contrario La representante cubana en Washington atribuy\u00f3 la crisis a la pol\u00edtica estadounidense de m\u00e1xima presi\u00f3n y asegur\u00f3 que Cuba hab\u00eda recibido apenas un cargamento de combustible en 200 d\u00edas. Torres calific\u00f3 las restricciones como un \u201ccastigo colectivo\u201d y una \u201cguerra sin bombas\u201d. El Departamento de Estado rechaz\u00f3 esa interpretaci\u00f3n y responsabiliz\u00f3 directamente a las autoridades cubanas. \u201cLa crisis energ\u00e9tica es el resultado directo de la incompetencia del r\u00e9gimen cubano\u201d, afirm\u00f3 el portavoz. \u201cLos cubanos de a pie han soportado apagones durante a\u00f1os, mientras el r\u00e9gimen ileg\u00edtimo se concentraba en almacenar combustible para sus \u00e9lites y revenderlo en Asia para obtener ganancias en efectivo\u201d. Ayuda humanitaria y l\u00e1mparas solares El portavoz tambi\u00e9n ofreci\u00f3 detalles sobre la ayuda humanitaria enviada a Cuba en julio. Seg\u00fan explic\u00f3, la entrega incluy\u00f3 paquetes de alimentos no perecederos, productos esenciales de higiene y l\u00e1mparas solares capaces de cargar tel\u00e9fonos celulares y otros dispositivos m\u00f3viles. \u201cLa Administraci\u00f3n Trump mantiene su compromiso de ayudar al pueblo cubano mientras contin\u00faa sobreviviendo bajo un r\u00e9gimen ileg\u00edtimo\u201d, declar\u00f3. El Departamento de Estado anunci\u00f3 p\u00fablicamente en julio el env\u00edo del primer vuelo de asistencia humanitaria a Cuba como parte de un compromiso de 100 millones de d\u00f3lares impulsado por el secretario de Estado Marco Rubio y ejecutado con la colaboraci\u00f3n de Catholic Relief Services. Washington insiste en que la asistencia debe distribuirse mediante organizaciones independientes y canales que eviten el control de las autoridades cubanas. Acusaciones de corrupci\u00f3n y \u201ccleptocracia\u201d El Departamento de Estado elev\u00f3 adem\u00e1s el tono contra la c\u00fapula gobernante, a la que responsabiliz\u00f3 por d\u00e9cadas de deterioro econ\u00f3mico y por destinar los recursos del pa\u00eds al aparato militar, de inteligencia y propaganda. \u201cEl fracasado r\u00e9gimen cubano contin\u00faa culpando a Estados Unidos y a todos los dem\u00e1s por su propia incompetencia y corrupci\u00f3n\u201d, manifest\u00f3 el portavoz. \u201cEl pueblo cubano est\u00e1 sufriendo, como lo ha hecho durante siete d\u00e9cadas, mientras los Castro viajan en su avi\u00f3n privado, exhiben sus art\u00edculos de lujo ante medios extranjeros complacientes y utilizan el escaso combustible y los recursos disponibles en sus aparatos de inteligencia, militares y propagand\u00edsticos, en lugar de destinarlos a los cubanos comunes\u201d, agreg\u00f3. La fuente sostuvo que la ra\u00edz de la crisis se encuentra en \u201cla evidente cleptocracia y la mala gesti\u00f3n econ\u00f3mica del r\u00e9gimen\u201d y acus\u00f3 a la \u00e9lite gobernante de mantener miles de millones de d\u00f3lares en cuentas bancarias fuera de Cuba. \u201cEsconden miles de millones en cuentas bancarias en el extranjero en vez de invertir en electricidad, infraestructura, mantenimiento responsable y las necesidades cotidianas de su pueblo\u201d, afirm\u00f3. El portavoz defendi\u00f3 las restricciones financieras de Washington al se\u00f1alar que est\u00e1n dirigidas contra entidades controladas por los servicios de seguridad cubanos. \u201cNuestra firme pol\u00edtica hacia Cuba restringe las transacciones financieras con entidades propiedad o bajo el control de los servicios de seguridad cubanos, con el objetivo de impedir que el r\u00e9gimen acceda a recursos utilizados para enriquecerse y reprimir violentamente al pueblo cubano\u201d, concluy\u00f3.","title":"EEUU desmiente a Cuba: el di\u00e1logo sigue, y acusa al r\u00e9gimen de bloquear acuerdos","topic":null,"translation_language":"","url":"https://www.martinoticias.com/a/eeuu-desmiente-a-cuba-el-di%c3%a1logo-sigue-y-acusa-al-r%c3%a9gimen-de-bloquear-acuerdos/476878.html","video_url":null,"youtube_conversion_active":false,"youtube_conversion_error":"","youtube_conversion_status":""},{"article_body_paragraphs":[],"audio_source_url":null,"author":"Redacci\u00f3n Mart\u00ed Noticias","available_dubs":[],"downloadable_assets":["https://gdb.martinoticias.com/564f085b-56ed-4b70-0429-08decd63a0c8_w1600_r1_n_s.png"],"duration_display":"0:00","duration_seconds":null,"embed_url":null,"id":13698,"image_caption":"EEUU intercepta embarcaci\u00f3n que operaba como estaci\u00f3n flotante de reabastecimiento de combustible en apoyo de operaciones de narcotr\u00e1fico","image_url":"https://gdb.martinoticias.com/564f085b-56ed-4b70-0429-08decd63a0c8_w1600_r1_n_s.png","is_clip":false,"is_youtube_embed":false,"item_type":"article","item_type_label":"Article","language_label":"Espa\u00f1ol","media_credit":"Redacci\u00f3n Mart\u00ed Noticias","micro_label":"Photo","micro_label_kind":"gallery","network_label":"OCB","network_logo_url":"/static/uploads/direct_network_logos/ocb_0888427dcb1d.svg","published_at":"2026-09-03T01:28:52","published_at_display":"3 Sep 2026, 01:28 GMT","sequence_badge_label":null,"sequence_count":null,"sequence_count_label":null,"sequence_frames":[],"sequence_kind":null,"source_name":"radiotelevisionmarti_com_rss","source_name_label":"Radiotelevisionmarti","source_type":"rss","summary":"Fuerzas estadounidenses interceptaron y posteriormente hundieron una embarcaci\u00f3n que funcionaba como punto flotante de abastecimiento de combustible para operaciones de narcotr\u00e1fico en aguas internacionales del Pac\u00edfico Oriental, inform\u00f3 el Comando Sur (SOUTHCOM). La operaci\u00f3n fue realizada el 2 de septiembre por la Fuerza de Tarea Conjunta del Hemisferio Occidental (JTF-WHEM), bajo la direcci\u00f3n del comandante de SOUTHCOM, general Francis L. Donovan, y en coordinaci\u00f3n con el Gobierno de Ecuador. SOUTHCOM asegur\u00f3 que informaci\u00f3n de inteligencia permiti\u00f3 determinar que la embarcaci\u00f3n prestaba apoyo a Los Choneros, organizaci\u00f3n criminal ecuatoriana a la que Estados Unidos identifica como una organizaci\u00f3n narcoterrorista. Infantes de Marina y marineros estadounidenses desplegados desde el USS San Antonio (LPD 17) interceptaron y abordaron la embarcaci\u00f3n, que posteriormente fue registrada y asegurada sin incidentes, de acuerdo con el comunicado. Las personas que se encontraban a bordo fueron rescatadas y est\u00e1n siendo entregadas a las autoridades ecuatorianas, indic\u00f3 SOUTHCOM. El Ministerio de Defensa Nacional de Ecuador confirm\u00f3 la operaci\u00f3n y se\u00f1al\u00f3 que el buque estaba vinculado al Grupo de Delincuencia Organizada Los Choneros. \u201cLa embarcaci\u00f3n, vinculada al Grupo de Delincuencia Organizada \u2018Los Choneros\u2019, serv\u00eda para sostener las operaciones criminales en el mar y fue neutralizada gracias a la acci\u00f3n de nuestro coaliado, Comando Sur de los Estados Unidos\u201d, se\u00f1al\u00f3 la instituci\u00f3n ecuatoriana. SOUTHCOM sostuvo que la interdicci\u00f3n permiti\u00f3 eliminar un punto de la cadena log\u00edstica utilizada por las redes de narcotr\u00e1fico y enmarc\u00f3 la operaci\u00f3n dentro de los objetivos de la Coalici\u00f3n Americana contra los C\u00e1rteles (A3C) y de la JTF-WHEM. \u201cEstamos tomando medidas decisivas para desmantelar y destruir las sofisticadas redes log\u00edsticas utilizadas por los narcoterroristas para traficar drogas y propagar la violencia en todo el hemisferio occidental\u201d, afirm\u00f3 Donovan.","title":"EEUU y Ecuador desmantelan punto flotante de combustible para narcotr\u00e1fico en el Pac\u00edfico Oriental","topic":null,"translation_language":"","url":"https://www.martinoticias.com/a/eeuu-y-ecuador-desmantelan-punto-flotante-de-combustible-para-narcotr%c3%a1fico-en-el-pac%c3%adfico-oriental/476877.html","video_url":null,"youtube_conversion_active":false,"youtube_conversion_error":"","youtube_conversion_status":""},{"article_body_paragraphs":[],"audio_source_url":"https://ocb-audio-ns.akamaized.net/cu/2026/09/02/6d3998f5-0542-4d77-bc81-08def2b1d8dc_hq.mp3","author":"Ivette Pacheco","available_dubs":[],"downloadable_assets":["https://ocb-audio-ns.akamaized.net/cu/2026/09/02/6d3998f5-0542-4d77-bc81-08def2b1d8dc_hq.mp3","https://gdb.martinoticias.com/80962E7F-2145-4DED-99F3-469F149994FA_cx0_cy9_cw0_w1600_r1_n_s.jpg"],"duration_display":"3:00","duration_seconds":180.0,"embed_url":null,"id":13701,"image_caption":"Tendido el\u00e9ctrico en Guant\u00e1namo, Cuba. Foto Archivo REUTERS/Carlos Barria/File Photo","image_url":"https://gdb.martinoticias.com/80962E7F-2145-4DED-99F3-469F149994FA_cx0_cy9_cw0_w1600_r1_n_s.jpg","is_clip":false,"is_youtube_embed":false,"item_type":"audio","item_type_label":"Audio","language_label":"Espa\u00f1ol","media_credit":"Ivette Pacheco","micro_label":"Audio program","micro_label_kind":"audio","network_label":"OCB","network_logo_url":"/static/uploads/direct_network_logos/ocb_0888427dcb1d.svg","published_at":"2026-09-03T01:08:58","published_at_display":"3 Sep 2026, 01:08 GMT","sequence_badge_label":null,"sequence_count":null,"sequence_count_label":null,"sequence_frames":[],"sequence_kind":null,"source_name":"radiotelevisionmarti_com_rss","source_name_label":"Radiotelevisionmarti","source_type":"rss","summary":"El mercado negro de infraestructura b\u00e1sica se expande en Cuba ante la escasez y los cortes de luz.","title":"La ola de robos a la infraestructura p\u00fablica y privada agrava la crisis en Cuba","topic":null,"translation_language":"","url":"https://www.martinoticias.com/a/la-crisis-y-los-largos-apagones-disparan-el-robo-de-infraestructura-p%c3%bablica-en-cuba/476830.html","video_url":null,"youtube_conversion_active":false,"youtube_conversion_error":"","youtube_conversion_status":""},{"article_body_paragraphs":[],"audio_source_url":null,"author":"Ivette Pacheco","available_dubs":[],"downloadable_assets":["https://gdb.martinoticias.com/80962E7F-2145-4DED-99F3-469F149994FA_cx0_cy9_cw0_w1600_r1_n_s.jpg"],"duration_display":"0:00","duration_seconds":null,"embed_url":null,"id":13700,"image_caption":"Tendido el\u00e9ctrico en Guant\u00e1namo, Cuba. Foto Archivo REUTERS/Carlos Barria/File Photo","image_url":"https://gdb.martinoticias.com/80962E7F-2145-4DED-99F3-469F149994FA_cx0_cy9_cw0_w1600_r1_n_s.jpg","is_clip":false,"is_youtube_embed":false,"item_type":"article","item_type_label":"Article","language_label":"Espa\u00f1ol","media_credit":"Ivette Pacheco","micro_label":"Photo","micro_label_kind":"gallery","network_label":"OCB","network_logo_url":"/static/uploads/direct_network_logos/ocb_0888427dcb1d.svg","published_at":"2026-09-03T01:08:58","published_at_display":"3 Sep 2026, 01:08 GMT","sequence_badge_label":null,"sequence_count":null,"sequence_count_label":null,"sequence_frames":[],"sequence_kind":null,"source_name":"radiotelevisionmarti_com_rss","source_name_label":"Radiotelevisionmarti","source_type":"rss","summary":"El robo de infraestructura el\u00e9ctrica, telef\u00f3nica y de agua potable se ha extendido por varias provincias de Cuba. Conductores de cobre, tramos de fibra, bombas de agua y componentes del mobiliario urbano son extra\u00eddos para abastecer un mercado informal marcado por precios inalcanzables para el salario medio del trabajador estatal. La falta de suministros en las tiendas estatales y la escasez generalizada han convertido el material de servicio p\u00fablico en una mercanc\u00eda cotizada. A esto se suman los prolongados apagones en que los vecindarios permanecen a oscuras. En la localidad de Anafe, en el municipio Bauta, los residentes reportan la interrupci\u00f3n de la red telef\u00f3nica fija tras el corte de los tendidos que van desde los postes hasta las viviendas. \"En casa de mi hermana se robaron el cable del tel\u00e9fono fijo, el que va del poste a la casa\", relata una residente de la zona. Un vecino del lugar explica que tambi\u00e9n se llevaron el cable telef\u00f3nico en un tramo que abarca dos postes del tendido. Situaciones similares ocurren en la provincia de Ciego de \u00c1vila, donde la poblaci\u00f3n enfrenta cortes del suministro el\u00e9ctrico de m\u00e1s de 20 horas continuas al d\u00eda. En estas circunstancias, se reporta la sustracci\u00f3n de las l\u00edneas de acometida que conectan las redes de distribuci\u00f3n con los contadores de los hogares. Oscar Cervantes, residente en Ciego de \u00c1vila, indica que en su cuadra se han registrado varios robos de l\u00edneas el\u00e9ctricas domiciliarias: \"A un chapista le llevaron los cables que alimentan del poste a la casa. Dan cuenta a la planta el\u00e9ctrica y no hacen presencia ah\u00ed, no asumen la responsabilidad hasta 10 o 15 d\u00edas, con las casas a oscuras\". Cervantes explica que el material sustra\u00eddo suele destinarse al mercado informal o a conexiones irregulares entre viviendas. \"La ferreter\u00eda aqu\u00ed no vende cables. Hay mucha gente que usa tendederas para asociarse a otra casa... van y lo pican en un lugar sin riesgo ninguno porque nunca hay corriente. En la calle lo venden a un precio: el ajeno tiene y el Estado no tiene nada\". El desmantelamiento de la infraestructura alcanza tambi\u00e9n a las instalaciones de salud y al mobiliario p\u00fablico. En Sancti Sp\u00edritus, el incremento del precio de los repuestos en el sector privado y las MiPymes ha elevado la demanda de suministros en la econom\u00eda subterr\u00e1nea. Adriano Casta\u00f1eda, activista de esa localidad, se\u00f1ala que el valor de una motobomba de agua supera los 30.000 pesos en moneda nacional, mientras que un metro de cable el\u00e9ctrico se cotiza sobre los 300 pesos. \"Estamos viendo constantemente el robo de cables el\u00e9ctricos, tuber\u00edas de agua y motobombas. En un parque de Sancti Sp\u00edritus se llevaron siete bancos de aluminio en lo que va de a\u00f1o para venderlos como materia prima\", afirma Casta\u00f1eda. \"En el Hospital Provincial se llevan lo que puedan vender en la calle. Tambi\u00e9n se han robado el aceite de los transformadores por el d\u00e9ficit de combustible que hay\", apunt\u00f3. Los testimonios indican que la falta de alumbrado durante las horas sin servicio el\u00e9ctrico coincide con la sustracci\u00f3n de estos insumos p\u00fablicos, en un contexto donde las empresas estatales demoran semanas en reponer los da\u00f1os en las redes de las viviendas afectadas. Esta misma semana la Embajada de Estados Unidos en La Habana emiti\u00f3 una alerta de seguridad ante el incremento de delitos relacionados con veh\u00edculos en la capital. \"El deterioro de las condiciones econ\u00f3micas ha provocado un aumento generalizado de la delincuencia en Cuba\", coment\u00f3 la sede diplom\u00e1tica.","title":"La crisis y los largos apagones disparan el robo de infraestructura p\u00fablica en Cuba","topic":null,"translation_language":"","url":"https://www.martinoticias.com/a/la-crisis-y-los-largos-apagones-disparan-el-robo-de-infraestructura-p%c3%bablica-en-cuba/476830.html","video_url":null,"youtube_conversion_active":false,"youtube_conversion_error":"","youtube_conversion_status":""},{"article_body_paragraphs":[],"audio_source_url":null,"author":"Edgardo Pinell Medina","available_dubs":[],"downloadable_assets":["https://gdb.martinoticias.com/d8ab0a6e-ab45-4cfc-a950-2c1821353f98_w1600_r1_n_s.jpg"],"duration_display":"0:00","duration_seconds":null,"embed_url":null,"id":13663,"image_caption":"Presidente de Nicaragua, Daniel Ortega","image_url":"https://gdb.martinoticias.com/d8ab0a6e-ab45-4cfc-a950-2c1821353f98_w1600_r1_n_s.jpg","is_clip":false,"is_youtube_embed":false,"item_type":"article","item_type_label":"Article","language_label":"Espa\u00f1ol","media_credit":"Edgardo Pinell Medina","micro_label":"Photo","micro_label_kind":"gallery","network_label":"OCB","network_logo_url":"/static/uploads/direct_network_logos/ocb_0888427dcb1d.svg","published_at":"2026-09-02T23:40:23","published_at_display":"2 Sep 2026, 23:40 GMT","sequence_badge_label":null,"sequence_count":null,"sequence_count_label":null,"sequence_frames":[],"sequence_kind":null,"source_name":"radiotelevisionmarti_com_rss","source_name_label":"Radiotelevisionmarti","source_type":"rss","summary":"La Asociaci\u00f3n Madres de Abril denunci\u00f3 que Thelma Montenegro, una de las integrantes del colectivo que permanece en Nicaragua, fue detenida de forma arbitraria tras acudir a una delegaci\u00f3n policial para renovar su licencia de conducir. Montenegro es hermana de Oliver y Edgard Montenegro y viuda de Francisco Bland\u00f3n, \"asesinados presuntamente por paramilitares afines al r\u00e9gimen\" de Nicaragua que dirigen Daniel Ortega y Rosario Murillo, en el municipio El Cu\u00e1 (norte), en 2019, se\u00f1al\u00f3 la asociaci\u00f3n en un comunicado. \"Thelma ha exigido procesos de verdad y justicia por sus familiares\", a\u00f1adi\u00f3 el texto que recuerda que otros miembros de la familia de Montenegro (Dorlin y Oliver Montenegro) estuvieron encarcelados de 2020 a 2023, y posteriormente desnacionalizados, desterrados y tildados de traidores a la patria. De acuerdo con la asociaci\u00f3n, que aglutina a familiares de v\u00edctimas mortales de la represi\u00f3n del r\u00e9gimen sandinista durante la rebeli\u00f3n de abril de 2018, Montenegro fue detenida inicialmente el mi\u00e9rcoles 19 de agosto cuando se present\u00f3 para realizar un tr\u00e1mite de renovaci\u00f3n de su licencia de conducir. Permaneci\u00f3 detenida en la jefatura Policial de la ciudad de Pantasma, en el departamento de Jinotega, hasta la tarde del s\u00e1bado 22 de agosto, cuando fue liberada. Al d\u00eda siguiente, una patrulla policial volvi\u00f3 a llegar para llev\u00e1rsela. Tras la insistencia y la b\u00fasqueda de informaci\u00f3n por parte de sus familiares, el 25 de agosto se les inform\u00f3 que Montenegro hab\u00eda sido trasladada a Managua y desde entonces no se conoce nada de ella. \"Esta nueva detenci\u00f3n constituye un grave motivo de preocupaci\u00f3n y se produce en un contexto de persecuci\u00f3n, hostigamiento y criminalizaci\u00f3n contra personas defensoras de derechos humanos, familiares de v\u00edctimas y personas vinculadas a la demanda de verdad y justicia en Nicaragua\", apunt\u00f3 la asociaci\u00f3n que tambi\u00e9n demand\u00f3 su liberaci\u00f3n inmediata. Josefa Meza, integrante de la Asociaci\u00f3n Madre de Abril que desde hace 8 a\u00f1os demanda verdad, justicia y reparaci\u00f3n para las v\u00edctimas de la represi\u00f3n del r\u00e9gimen Ortega Murillo, cree que quiz\u00e1s \u201cThelma nunca esper\u00f3 que el gobierno tomara represalias contra una persona que ha sido v\u00edctima, sobre todo, despu\u00e9s de que le mataron a su esposo y hermanos\u201d. \u201cAdem\u00e1s de ser una v\u00edctima siguen revictimizando a Thelma porque la tienen detenida\u201d, a\u00f1adi\u00f3. \u201cElla es una mujer que no representa un peligro para nadie. Ha luchado a la par de nosotros por el derecho a la libertad de pensamiento y por la demanda de justicia para nuestros hijos que fueron asesinados\u201d. Meza, quien perdi\u00f3 a su hijo Jonathan Eduardo Moraz\u00e1n Meza a manos de paramilitares del r\u00e9gimen el 30 de mayo de 2018 en Managua, no se mostr\u00f3 sorprendida por el ensa\u00f1amiento contra una v\u00edctima de los Ortega Murillo porque \u201cel gobierno nunca ha aceptado de que ellos han sido los asesinos de nuestros hijos\u201d. \u201cSon personas despiadadas a quienes lo que le interesa es mantenerse en el poder y no les importa si es a sangre y fuego y continuar matando. Esa es la realidad, as\u00ed son los sandinistas\u201d, indic\u00f3 Meza quien por demandar verdad y justicia vio en riesgo su seguridad y se vio obligada a exiliarse. El hijo de Meza ten\u00eda apenas 21 a\u00f1os y era estudiante de dise\u00f1o gr\u00e1fico al momento de su asesinato. \u201cNo era ning\u00fan delincuente como dice el gobierno, como dice el dictador\u201d, reclama. Visibilizar a las v\u00edctimas Meza agreg\u00f3 que a pesar de los obst\u00e1culos \u201cseguimos adelante en busca de esa justicia que necesitamos para que en Nicaragua nunca m\u00e1s vuelvan a ver asesinados por pensar diferente\u201d. Lament\u00f3 que, en medio del debate pol\u00edtico e internacional, \u201clas v\u00edctimas mortales son las menos visibilizadas, se han olvidado de ellas cuando es lo principal porque ning\u00fan derecho se puede reclamar si no hay el principal, el derecho a la vida\u201d. \"Las cosas van cambiando en el hemisferio y tenemos esperanza de que la dictadura sea eliminada de una vez por todas porque son una dictadura igual que la de Cuba que ha hecho mucho da\u00f1o a la gente y han empobrecido a la poblaci\u00f3n mientras se han enriquecido hasta la saciedad\u201d, indic\u00f3.","title":"Asociaci\u00f3n Madres de Abril exige la liberaci\u00f3n de Thelma Montenegro y denuncia persecuci\u00f3n en Nicaragua","topic":null,"translation_language":"","url":"https://www.martinoticias.com/a/asociaci%c3%b3n-madres-de-abril-exige-la-liberaci%c3%b3n-de-thelma-montenegro-y-denuncia-persecuci%c3%b3n-en-nicaragua/476821.html","video_url":null,"youtube_conversion_active":false,"youtube_conversion_error":"","youtube_conversion_status":""},{"article_body_paragraphs":[],"audio_source_url":null,"author":"Yolanda Huerga","available_dubs":[],"downloadable_assets":["https://gdb.martinoticias.com/01000000-0aff-0242-4a9e-08dc02347bb0_w1600_r1_n_s.jpg"],"duration_display":"0:00","duration_seconds":null,"embed_url":null,"id":13665,"image_caption":"Sede de una peque\u00f1a empresa (mipyme) que comercializa alimentos en La Habana.","image_url":"https://gdb.martinoticias.com/01000000-0aff-0242-4a9e-08dc02347bb0_w1600_r1_n_s.jpg","is_clip":false,"is_youtube_embed":false,"item_type":"article","item_type_label":"Article","language_label":"Espa\u00f1ol","media_credit":"Yolanda Huerga","micro_label":"Photo","micro_label_kind":"gallery","network_label":"OCB","network_logo_url":"/static/uploads/direct_network_logos/ocb_0888427dcb1d.svg","published_at":"2026-09-02T23:26:55","published_at_display":"2 Sep 2026, 23:26 GMT","sequence_badge_label":null,"sequence_count":null,"sequence_count_label":null,"sequence_frames":[],"sequence_kind":null,"source_name":"radiotelevisionmarti_com_rss","source_name_label":"Radiotelevisionmarti","source_type":"rss","summary":"En medio de una severa crisis que mantiene contra las cuerdas al aparato productivo nacional, el r\u00e9gimen cubano aprob\u00f3 el Decreto-Ley 133 de 2026, una normativa que elimina el l\u00edmite de contrataciones para las micro, peque\u00f1as y medianas empresas (MIPYMES). Con esta medida, englobada dentro del paquete de 176 \u201ctransformaciones econ\u00f3micas y sociales\u201d, el Gobierno dar\u00e1 paso a negocios privados con m\u00e1s de 100 trabajadores sin establecer un tope m\u00e1ximo de empleados. Economistas entrevistados por Mart\u00ed Noticias, han acogido el anuncio con marcado escepticismo, calific\u00e1ndolo como un ajuste est\u00e9ril para la magnitud del colapso financiero que atraviesa la isla. Emilio Morales se\u00f1al\u00f3 que las disposiciones no representan un avance sustancial ni otorgan un entorno de libre mercado aut\u00e9ntico: \"Lo que el gobierno cubano acaba de autorizar no es nada extraordinario, es lo que normalmente ocurre en cualquier pa\u00eds del mundo. Que tengan m\u00e1s de 100 trabajadores no significa absolutamente nada, no van a superar el problema de la econom\u00eda\", se\u00f1al\u00f3 Emilio Morales. La nueva regulaci\u00f3n tambi\u00e9n concede autorizaci\u00f3n a estas compa\u00f1\u00edas para establecer sucursales en cualquier provincia del pa\u00eds. Asimismo, contempla la realizaci\u00f3n de importaciones y exportaciones de forma directa, aunque supeditadas a la aprobaci\u00f3n del Ministerio del Comercio Exterior y la Inversi\u00f3n Extranjera (MINCEX). \u201cTienen que seguir con los permisos para poder importar y exportar; no tienen ninguna autonom\u00eda para eso, tienen que depender del Ministerio de Comercio Exterior. Tampoco pueden manejar los precios como ellos quieran, tienen que estar regidos por los topes de precio que el gobierno ponga\u201d, indic\u00f3 Morales. \u201cNo veo ninguna mejor\u00eda cuando lo que tenemos en el frente es una econom\u00eda que est\u00e1 derrumbada. Siguen limitadas porque solo van a abrir cuentas en la moneda nacional, la moneda que no sirve y est\u00e1 con tremenda inflaci\u00f3n\u201d, apunt\u00f3. En materia fiscal y bancaria, el Banco Central de Cuba (BCC) exigir\u00e1 a los socios el dep\u00f3sito de un capital inicial y la acreditaci\u00f3n formal de su procedencia previo a la aprobaci\u00f3n de la entidad. Entre los derechos y libertades anunciados destacan la autonom\u00eda para fijar salarios y precios dentro del sector privado. De forma paralela, el decreto legaliza la impartici\u00f3n de clases particulares privadas fuera de los horarios escolares y autoriza el aprendizaje privado de idiomas, sujeto a que los docentes certifiquen al menos un nivel B1 de dominio ling\u00fc\u00edstico. Por su parte, el economista El\u00edas Amor coincidi\u00f3 en que la medida responde a la din\u00e1mica elemental del crecimiento empresarial, pero advirti\u00f3 sobre un trasfondo de control pol\u00edtico tras el incentivo al gran tama\u00f1o corporativo: \"Lo que vienen es a plantear algo que es absolutamente normal en cualquier econom\u00eda: un negocio arranca de una dimensi\u00f3n chiquita y cuando las cosas le van bien va cogiendo tama\u00f1o. En Cuba, el sentimiento empresarial peque\u00f1o est\u00e1 arraigado a pesar de que el r\u00e9gimen comunista lo ha querido eliminar durante 67 a\u00f1os.\" \"Yo creo que es mucho m\u00e1s interesante para el futuro de la econom\u00eda cubana basarse en las medianas y peque\u00f1as empresas, en los trabajadores por cuenta propia y en los campesinos independientes, que promover el nacimiento de grandes empresas. El r\u00e9gimen lo que quiere es permitir que las empresas crezcan para luego dominarlas. Es m\u00e1s f\u00e1cil dominar a esas empresas grandes que viven del r\u00e9gimen que a las pymes libres. No le doy ninguna trascendencia econ\u00f3mica a este tipo de medidas\", puntualiz\u00f3 Amor. Aunque el Decreto-Ley 133 intenta proyectar una imagen de apertura estrat\u00e9gica hacia el sector privado, el an\u00e1lisis t\u00e9cnico sugiere que la burocracia centralizada y las distorsiones monetarias continuar\u00e1n limitando el despegue econ\u00f3mico real en la isla.","title":"Quieren que crezcan para dominarlas: economistas dudan de la apertura a MIPYMES en Cuba","topic":null,"translation_language":"","url":"https://www.martinoticias.com/a/quieren-que-crezcan-para-dominarlas-economistas-dudan-de-la-apertura-a-mipymes-en-cuba/476828.html","video_url":null,"youtube_conversion_active":false,"youtube_conversion_error":"","youtube_conversion_status":""},{"article_body_paragraphs":[],"audio_source_url":"https://ocb-audio-ns.akamaized.net/cu/2026/09/02/20260902-153000-cu004-program_hq.mp3","author":"Janisset Rivero","available_dubs":[],"downloadable_assets":["https://ocb-audio-ns.akamaized.net/cu/2026/09/02/20260902-153000-cu004-program_hq.mp3","https://gdb.martinoticias.com/a4187ccf-191b-4c2b-7c9e-08def2b1c8fe_w1600_r1_n_s.jpg"],"duration_display":"30:00","duration_seconds":1800.0,"embed_url":null,"id":13647,"image_caption":"El ministro de Comercio Exterior y la Inversi\u00f3n Extranjera de Cuba, Oscar P\u00e9rez-Oliva Fraga, observa un autom\u00f3vil de fabricaci\u00f3n china a la venta durante la 41.\u00aa Feria Internacional de La Habana, el 25 de noviembre de 2025. ADALBERTO ROQUE / AFP","image_url":"https://gdb.martinoticias.com/a4187ccf-191b-4c2b-7c9e-08def2b1c8fe_w1600_r1_n_s.jpg","is_clip":false,"is_youtube_embed":false,"item_type":"audio","item_type_label":"Audio","language_label":"Espa\u00f1ol","media_credit":"Janisset Rivero","micro_label":"Audio program","micro_label_kind":"audio","network_label":"OCB","network_logo_url":"/static/uploads/direct_network_logos/ocb_0888427dcb1d.svg","published_at":"2026-09-02T22:12:46","published_at_display":"2 Sep 2026, 22:12 GMT","sequence_badge_label":null,"sequence_count":null,"sequence_count_label":null,"sequence_frames":[],"sequence_kind":null,"source_name":"radiotelevisionmarti_com_rss","source_name_label":"Radiotelevisionmarti","source_type":"rss","summary":"La realidad de Cuba a trav\u00e9s del testimonio de residentes dentro de la isla, quienes actualizar\u00e1n el panorama interno de la mano de su conductora, la activista y escritora cubana Janisset Rivero.","title":"Pablo Morales March\u00e1n, Periodista independiente","topic":null,"translation_language":"","url":"https://www.martinoticias.com/a/van-apoder%c3%a1ndose-cada-vez-m%c3%a1s-de-la-habana-alertan-sobre-avance-de-comercios-chinos-en-cuba/476824.html","video_url":null,"youtube_conversion_active":false,"youtube_conversion_error":"","youtube_conversion_status":""},{"article_body_paragraphs":[],"audio_source_url":null,"author":"Janisset Rivero","available_dubs":[],"downloadable_assets":["https://gdb.martinoticias.com/a4187ccf-191b-4c2b-7c9e-08def2b1c8fe_w1600_r1_n_s.jpg"],"duration_display":"0:00","duration_seconds":null,"embed_url":null,"id":13646,"image_caption":"El ministro de Comercio Exterior y la Inversi\u00f3n Extranjera de Cuba, Oscar P\u00e9rez-Oliva Fraga, observa un autom\u00f3vil de fabricaci\u00f3n china a la venta durante la 41.\u00aa Feria Internacional de La Habana, el 25 de noviembre de 2025. ADALBERTO ROQUE / AFP","image_url":"https://gdb.martinoticias.com/a4187ccf-191b-4c2b-7c9e-08def2b1c8fe_w1600_r1_n_s.jpg","is_clip":false,"is_youtube_embed":false,"item_type":"article","item_type_label":"Article","language_label":"Espa\u00f1ol","media_credit":"Janisset Rivero","micro_label":"Photo","micro_label_kind":"gallery","network_label":"OCB","network_logo_url":"/static/uploads/direct_network_logos/ocb_0888427dcb1d.svg","published_at":"2026-09-02T22:12:46","published_at_display":"2 Sep 2026, 22:12 GMT","sequence_badge_label":null,"sequence_count":null,"sequence_count_label":null,"sequence_frames":[],"sequence_kind":null,"source_name":"radiotelevisionmarti_com_rss","source_name_label":"Radiotelevisionmarti","source_type":"rss","summary":"En la esquina de las calles 23 y 10, en el barrio habanero del Vedado, abri\u00f3 recientemente la tienda china Sumai (Sumni), una empresa estatal mixta con capital chino y cubano, que vende a los clientes en d\u00f3lares, mientras a la poblaci\u00f3n le pagan en el devaluado peso cubano. Esta tienda es parte de la creciente inversi\u00f3n del r\u00e9gimen chino en el espacio comercial de mayoristas en la Isla. \u201cLa penetraci\u00f3n china es m\u00e1s profunda de lo que la gente imagina, por ejemplo en el municipio Playa, en La Habana, he visto innumerables negocios que antes no exist\u00edan y la mayor\u00eda son de propietarios o inversionistas chinos\", dijo el periodista independiente Pablo Morales March\u00e1n en el espacio Barrio Adentro de Radio Mart\u00ed. El comunicador cit\u00f3 numerosos ejemplos, entre los que destaca a la estatal china Dongfeng Motor Corporation. \"Est\u00e1 la marca Dongfeng, que son de veh\u00edculos el\u00e9ctricos, tienen un showroom en 7ma y 20, donde tienen todos los sistemas de venta y de pago a trav\u00e9s efectivo y a trav\u00e9s de tarjetas. Tambi\u00e9n tienen solineras, que son lugares donde se recargan esos autos con paneles fotovoltaicos, a pesar de que haya apag\u00f3n para todo el resto de la comunidad. Ellos siempre tienen electricidad\". Morales March\u00e1n agreg\u00f3 que muchas de estas tiendas sirven a la \"c\u00fapula gobernante del r\u00e9gimen castro comunista\", que son los que tienen el poder adquisitivo para pagar en d\u00f3lares americanos. Negocios con capital estatal chino El periodista independiente inform\u00f3 sobre la proliferaci\u00f3n de los negocios con inversi\u00f3n del gobierno chino, fundamentalmente, de productos de energ\u00eda renovables como paneles solares, motos el\u00e9ctricas, y electrodom\u00e9sticos recargables, entre otros. \u201cLos chinos han invadido todos los mercados, especialmente Playa, que es el mercado natural donde vive la c\u00fapula gobernante y la direcci\u00f3n del pa\u00eds, y la clase media alta emergente en los barrios de Miramar, Flores, Atabey y Siboney. Ellos se han dedicado a buscar esos segmentos del mercado para satisfacer las necesidades de esas personas que son las \u00fanicas que tienen los d\u00f3lares y que tambi\u00e9n tienen ese poder adquisitivo. Estoy hablando, incluso, de gente del alto nivel de la direcci\u00f3n del pa\u00eds como Abel Gonz\u00e1lez Santamar\u00eda, un alto oficial de la Seguridad del Estado, Jefe del Museo de Historia de la polic\u00eda pol\u00edtica y que tambi\u00e9n es asesor del Consejo de Estado en materia de Seguridad\u201d, relat\u00f3. La apertura de almacenes chinos al estilo de un pulguero es un tema que desde fines del 2024 se ha estado comentando en redes y otras fuentes informales, y que, luego de las medidas econ\u00f3micas anunciadas por el primer ministro Manuel Marrero en la Asamblea Nacional del Poder Popular, se han materializado, como una soluci\u00f3n a la acuciante realidad econ\u00f3mica en la que el comunismo ha sumido a la Isla. Cubalex: R\u00e9gimen mantiene control estatal sobre la iniciativa privada en Cuba Otros lugares como Dong Te, que vende t\u00e9s de burbujas (buble) tambi\u00e9n ha abierto las puertas en el \u00faltimo a\u00f1o, con precios que son impagables para el cubano de a pie, que no percibe salarios competitivos, y carece de lo b\u00e1sico como la electricidad, los alimentos, y el agua para subsistir. \u201cAs\u00ed que la penetraci\u00f3n china econ\u00f3mica y militar y de inteligencia se va viendo cada vez m\u00e1s. Veo chinos trotando por el Malec\u00f3n habanero, haciendo yoga, participando en la vida nocturna en clubs de lujo [\u2026] y veo que los chinos van apoder\u00e1ndose cada vez m\u00e1s de los territorios en La Habana e, incluso, han abierto nuevos restaurantes como \u2018El pavo real\u2019, que est\u00e1 al lado del Puente de Hierro, en los l\u00edmites del municipio Playa con el municipio Plaza\u201d, constat\u00f3. Almacenes Sumai, un negocio mixto estatal del r\u00e9gimen de La Habana y el chino. Este fen\u00f3meno ocurre mientras la mayor\u00eda del pueblo cubano no tiene acceso a consumir bienes ni servicios ofrecidos por estos consorcios chinos, que indudablemente, de acuerdo al periodista, han venido a Cuba a fortalecer el poder de la c\u00fapula gobernante. En cuanto a los cuentapropistas cubanos, esos que no est\u00e1n conectados al poder, Morales March\u00e1n coment\u00f3 que est\u00e1n siendo afectados duramente por el control de precios, los impuestos excesivos y los apagones. \u201cCon motivo de evitar las excesivas ganancias lo que est\u00e1n es limitando la competencia y lo est\u00e1n haciendo de manera desleal, el grupo de poder, para ahogar las mypimes que no son de ellos y empoderar la mypimes que son del castrocomunismo\u201d, asever\u00f3. De esta manera el r\u00e9gimen, que quiere implementar medidas capitalistas para salvar al comunismo, vuelve a caer en contradicciones que ponen al descubierto la naturaleza intolerante y corrupta del sistema impuesto a los cubanos.","title":"\"Van apoder\u00e1ndose cada vez m\u00e1s de La Habana\", alertan sobre avance de comercios chinos en Cuba","topic":null,"translation_language":"","url":"https://www.martinoticias.com/a/van-apoder%c3%a1ndose-cada-vez-m%c3%a1s-de-la-habana-alertan-sobre-avance-de-comercios-chinos-en-cuba/476824.html","video_url":null,"youtube_conversion_active":false,"youtube_conversion_error":"","youtube_conversion_status":""},{"article_body_paragraphs":[],"audio_source_url":null,"author":"Redacci\u00f3n Mart\u00ed Noticias","available_dubs":[],"downloadable_assets":["https://gdb.martinoticias.com/9c328f80-2731-4e39-a4d7-ed670104e7ff_w1600_r1_n_s.jpg"],"duration_display":"0:00","duration_seconds":null,"embed_url":null,"id":13625,"image_caption":"Presidente Donald Trump","image_url":"https://gdb.martinoticias.com/9c328f80-2731-4e39-a4d7-ed670104e7ff_w1600_r1_n_s.jpg","is_clip":false,"is_youtube_embed":false,"item_type":"article","item_type_label":"Article","language_label":"Espa\u00f1ol","media_credit":"Redacci\u00f3n Mart\u00ed Noticias","micro_label":"Photo","micro_label_kind":"gallery","network_label":"OCB","network_logo_url":"/static/uploads/direct_network_logos/ocb_0888427dcb1d.svg","published_at":"2026-09-02T21:27:25","published_at_display":"2 Sep 2026, 21:27 GMT","sequence_badge_label":null,"sequence_count":null,"sequence_count_label":null,"sequence_frames":[],"sequence_kind":null,"source_name":"radiotelevisionmarti_com_rss","source_name_label":"Radiotelevisionmarti","source_type":"rss","summary":"El presidente de Estados Unidos, Donald Trump, afirm\u00f3 este mi\u00e9rcoles que Venezuela todav\u00eda no est\u00e1 preparada para celebrar elecciones, pero espera que puedan realizarse \u201cpronto\u201d. \u201cSimplemente no creo que est\u00e9n listos todav\u00eda\u201d, respondi\u00f3 Trump cuando fue consultado sobre una fecha para los comicios. El mandatario hizo las declaraciones en la Casa Blanca durante una reuni\u00f3n con ejecutivos de la industria de viajes de Estados Unidos. Trump resalt\u00f3 que Venezuela fue liberada de \u201cuna dictadura muy poderosa y despiadada\u201d, con un gran n\u00famero de presos pol\u00edticos de los cuales gran parte han sido liberados, y que la salida de Nicol\u00e1s Maduro del poder es demasiado reciente. \u201cSimplemente no est\u00e1n listos a\u00fan para eso, pero esperamos hacerlo pronto\u201d, resalt\u00f3. Trump tambi\u00e9n asegur\u00f3 que Washington mantiene una buena relaci\u00f3n con la presidenta interina Delcy Rodr\u00edguez y el actual gobierno venezolano. En una entrevista el mi\u00e9rcoles con el periodista Sergio Novelli, el secretario de Estado Marco Rubio sostuvo que convocar elecciones de inmediato bajo las estructuras actuales en Venezuela no ser\u00eda suficiente para garantizar un proceso adecuado. \u201cPara m\u00ed ser\u00eda lo m\u00e1s pronto posible. Obviamente las condiciones tienen que existir y hay que crear esas condiciones\u201d, coment\u00f3. El jefe de la diplomacia estadounidense defendi\u00f3 adem\u00e1s el reciente acuerdo petrolero entre ambos pa\u00edses como un componente de la recuperaci\u00f3n econ\u00f3mica y de la transici\u00f3n venezolana.","title":"Trump habla sobre elecciones en Venezuela","topic":null,"translation_language":"","url":"https://www.martinoticias.com/a/trump-habla-sobre-elecciones-en-venezuela/476827.html","video_url":null,"youtube_conversion_active":false,"youtube_conversion_error":"","youtube_conversion_status":""},{"article_body_paragraphs":[],"audio_source_url":null,"author":"Redacci\u00f3n Mart\u00ed Noticias","available_dubs":[],"downloadable_assets":["https://gdb.martinoticias.com/b92945e8-fd65-4756-691b-08def2ff2efe_cx0_cy19_cw0_w1600_r1_n_s.jpg"],"duration_display":"0:00","duration_seconds":null,"embed_url":null,"id":13591,"image_caption":"Integrantes del ministerio cristiano \"Las manos y los pies de Jesucristo\", entregan ayuda en Cuba.","image_url":"https://gdb.martinoticias.com/b92945e8-fd65-4756-691b-08def2ff2efe_cx0_cy19_cw0_w1600_r1_n_s.jpg","is_clip":false,"is_youtube_embed":false,"item_type":"article","item_type_label":"Article","language_label":"Espa\u00f1ol","media_credit":"Redacci\u00f3n Mart\u00ed Noticias","micro_label":"Photo","micro_label_kind":"gallery","network_label":"OCB","network_logo_url":"/static/uploads/direct_network_logos/ocb_0888427dcb1d.svg","published_at":"2026-09-02T20:34:02","published_at_display":"2 Sep 2026, 20:34 GMT","sequence_badge_label":null,"sequence_count":null,"sequence_count_label":null,"sequence_frames":[],"sequence_kind":null,"source_name":"radiotelevisionmarti_com_rss","source_name_label":"Radiotelevisionmarti","source_type":"rss","summary":"El Jefe de Misi\u00f3n Adjunto de la Embajada de Estados Unidos en Cuba, Roy Perrin, particip\u00f3 junto al ministerio cristiano Hands and Feet of Jesus y l\u00edderes religiosos cubanos en la entrega directa de alimentos y medicinas a familias de la isla. El Jefe de Misi\u00f3n Adjunto de la Embajada de Estados Unidos en Cuba, Roy Perrin, se uni\u00f3 con el fundador de Hands and Feet of Jesus, Steven Wissinger, y pastores locales en la isla para entregar ayuda humanitaria directamente a las familias cubanas. La sede diplom\u00e1tica dijo que esta \"acci\u00f3n conjunta lleva alimentos y medicinas sin intermediarios ni trabas estatales\". Steven Wissinger, al frente de \"Las manos y los pies de Jesucristo\", visit\u00f3 Cuba por primera vez en 2020 y desde entonces, ha regresado regularmente para servir junto a l\u00edderes de iglesias cubanas, apoyar iniciativas ministeriales locales, brindar ayuda humanitaria y ayudar a capacitar a los creyentes mediante el discipulado y la formaci\u00f3n pastoral, seg\u00fan refiere la p\u00e1gina de su ministerio cristiano. Hammer habla con Rubio sobre la situaci\u00f3n en Cuba Esta misma semana, el jefe de la misi\u00f3n diplom\u00e1tica de Estados Unidos en Cuba, Mike Hammer, se reuni\u00f3 con el secretario de Estado, Marco Rubio, para abordar la situaci\u00f3n en la isla y los esfuerzos de Washington por canalizar los 100 millones de d\u00f3lares en asistencia humanitaria. Washington ha se\u00f1alado que los recursos son distribuidos mediante organizaciones independientes y religiosas, entre ellas Catholic Relief Services y C\u00e1ritas Cuba, con el prop\u00f3sito de que la asistencia llegue directamente a la poblaci\u00f3n y no sea administrada por el r\u00e9gimen de La Habana. El Departamento de Estado ha indicado que los cargamentos forman parte de una operaci\u00f3n humanitaria m\u00e1s amplia financiada por Washington para atender a sectores vulnerables dentro de Cuba mediante canales ajenos al gobierno de La Habana.","title":"EEUU coordina con ministerio cristiano entrega de ayuda humanitaria en Cuba","topic":null,"translation_language":"","url":"https://www.martinoticias.com/a/eeuu-coordina-con-ministerio-cristiano-entrega-de-ayuda-humanitaria-en-cuba/476823.html","video_url":null,"youtube_conversion_active":false,"youtube_conversion_error":"","youtube_conversion_status":""},{"article_body_paragraphs":[],"audio_source_url":null,"author":"Jos\u00e9 Pernalete","available_dubs":[],"downloadable_assets":["https://ocb-video-ns.akamaized.net/pangeavideo/2026/09/5/5a/5aed3dd8-b62a-4064-bc7e-08def2b1d8dc_1080p.mp4?cb=ee22a67de","https://gdb.martinoticias.com/56bc04db-181c-4ea2-6919-08def2ff2efe_w1600_r1_n_s.jpg"],"duration_display":"0:00","duration_seconds":null,"embed_url":null,"id":13408,"image_caption":"El secretario de Energ\u00eda de EEUU, Chris Wright, junto a la presidenta interina de Venezuela, Delcy Rodr\u00edguez, en Caracas. (AFP)","image_url":"https://gdb.martinoticias.com/56bc04db-181c-4ea2-6919-08def2ff2efe_w1600_r1_n_s.jpg","is_clip":true,"is_youtube_embed":false,"item_type":"video","item_type_label":"Video","language_label":"Espa\u00f1ol","media_credit":"Jos\u00e9 Pernalete","micro_label":"Video report","micro_label_kind":"video","network_label":"OCB","network_logo_url":"/static/uploads/direct_network_logos/ocb_0888427dcb1d.svg","published_at":"2026-09-02T19:14:10","published_at_display":"2 Sep 2026, 19:14 GMT","sequence_badge_label":null,"sequence_count":null,"sequence_count_label":null,"sequence_frames":[],"sequence_kind":null,"source_name":"radiotelevisionmarti_com_rss","source_name_label":"Radiotelevisionmarti","source_type":"rss","summary":"Venezuela comenz\u00f3 este mi\u00e9rcoles la firma de nuevos acuerdos energ\u00e9ticos con empresas estadounidenses e internacionales durante una reuni\u00f3n en el Palacio de Miraflores encabezada por la gobernante encargada, Delcy Rodr\u00edguez, y el secretario de Energ\u00eda de Estados Unidos, Chris Wright.","title":"Empresas extrajeras firman acuerdos petroleros con Venezuela y EEUU para duplicar producci\u00f3n","topic":null,"translation_language":"","url":"https://www.martinoticias.com/a/eeuu-y-venezuela-firman-acuerdos-con-petroleras-extranjeras-para-duplicar-producci%c3%b3n/476819.html","video_url":"https://ocb-video-ns.akamaized.net/pangeavideo/2026/09/5/5a/5aed3dd8-b62a-4064-bc7e-08def2b1d8dc_1080p.mp4?cb=ee22a67de","youtube_conversion_active":false,"youtube_conversion_error":"","youtube_conversion_status":""},{"article_body_paragraphs":[],"audio_source_url":null,"author":"Jos\u00e9 Pernalete","available_dubs":[],"downloadable_assets":["https://gdb.martinoticias.com/56bc04db-181c-4ea2-6919-08def2ff2efe_w1600_r1_n_s.jpg"],"duration_display":"0:00","duration_seconds":null,"embed_url":null,"id":13407,"image_caption":"El secretario de Energ\u00eda de EEUU, Chris Wright, junto a la presidenta interina de Venezuela, Delcy Rodr\u00edguez, en Caracas. (AFP)","image_url":"https://gdb.martinoticias.com/56bc04db-181c-4ea2-6919-08def2ff2efe_w1600_r1_n_s.jpg","is_clip":false,"is_youtube_embed":false,"item_type":"article","item_type_label":"Article","language_label":"Espa\u00f1ol","media_credit":"Jos\u00e9 Pernalete","micro_label":"Photo","micro_label_kind":"gallery","network_label":"OCB","network_logo_url":"/static/uploads/direct_network_logos/ocb_0888427dcb1d.svg","published_at":"2026-09-02T19:14:10","published_at_display":"2 Sep 2026, 19:14 GMT","sequence_badge_label":null,"sequence_count":null,"sequence_count_label":null,"sequence_frames":[],"sequence_kind":null,"source_name":"radiotelevisionmarti_com_rss","source_name_label":"Radiotelevisionmarti","source_type":"rss","summary":"Estados Unidos y Venezuela firmaron este mi\u00e9rcoles nuevos acuerdos petroleros con empresas extranjeras durante una jornada en Caracas en la que participaron la gobernante encargada, Delcy Rodr\u00edguez, y el secretario de Energ\u00eda de EEUU, Chris Wright. Los acuerdos, que incluyen a la petrolera estadounidense Chevron y la italiana Eni, abren una nueva etapa de inversiones que Washington asegura podr\u00eda m\u00e1s que duplicar la producci\u00f3n de crudo venezolano durante los pr\u00f3ximos a\u00f1os. La jornada se produjo durante la visita de Wright a Venezuela, quien lleg\u00f3 al pa\u00eds en la noche del martes para impulsar nuevos proyectos energ\u00e9ticos y la llegada de capital privado. Empresas extrajeras firman acuerdos petroleros con Venezuela y EEUU para duplicar producci\u00f3n El secretario estadounidense calific\u00f3 esta nueva etapa como un paso transformador para la industria energ\u00e9tica venezolana y sostuvo que la intenci\u00f3n de Washington es facilitar la participaci\u00f3n de un mayor n\u00famero de empresas. \u201cLa inversi\u00f3n estadounidense en Venezuela busca aumentar el flujo de capital privado proveniente de un gran n\u00famero de empresas de Estados Unidos. Queremos ver mucha inversi\u00f3n llegando desde Estados Unidos a Venezuela para fomentar oportunidades y prosperidad para los venezolanos, para los estadounidenses y para los consumidores de energ\u00eda de todo el mundo\u201d, afirm\u00f3 Wright. Los nuevos convenios empresariales se producen pocos d\u00edas despu\u00e9s de que Washington anunciara un macroacuerdo petrolero que contempla el desarrollo de 17 campos venezolanos con aproximadamente 65 mil millones de barriles de reservas probadas. Ese proyecto involucra a North American Blue Energy Partners, NABEP, y contempla una concesi\u00f3n por 100 a\u00f1os para desarrollar campos petroleros venezolanos. Chevron anuncia inversi\u00f3n de m\u00e1s de $7.000 millones Uno de los principales anuncios de la jornada corresponde a Chevron, que confirm\u00f3 nuevos acuerdos con Venezuela que modifican las condiciones fiscales, comerciales y legales de sus empresas mixtas y ampl\u00edan las \u00e1reas disponibles para sus operaciones. La compa\u00f1\u00eda estadounidense anunci\u00f3 que sus empresas mixtas proyectan inversiones superiores a 7 mil millones de d\u00f3lares durante los pr\u00f3ximos cinco a\u00f1os. El objetivo es m\u00e1s que duplicar la producci\u00f3n de Chevron en Venezuela respecto de los niveles de 2026 hasta alcanzar aproximadamente 600 mil barriles diarios. La compa\u00f1\u00eda tambi\u00e9n recibi\u00f3 \u00e1reas adicionales en la Faja Petrol\u00edfera del Orinoco para respaldar su expansi\u00f3n y nuevos proyectos. Chevron, que mantiene presencia en Venezuela desde hace m\u00e1s de un siglo, considera que las nuevas condiciones permitir\u00e1n desarrollar proyectos competitivos a largo plazo. Wright proyecta crecimiento de m\u00e1s del doble de producci\u00f3n venezolana M\u00e1s all\u00e1 de la expansi\u00f3n espec\u00edfica de Chevron, Wright asegur\u00f3 que el conjunto de acuerdos con compa\u00f1\u00edas estadounidenses e internacionales podr\u00eda llevar a Venezuela a m\u00e1s que duplicar su producci\u00f3n total de petr\u00f3leo durante los pr\u00f3ximos a\u00f1os. El pa\u00eds produce actualmente entre 1,1 y 1,2 millones de barriles diarios, todav\u00eda muy por debajo de los m\u00e1s de tres millones de barriles diarios que lleg\u00f3 a producir a finales de la d\u00e9cada de 1990. Wright considera que la llegada de nuevas inversiones tambi\u00e9n puede tener un efecto multiplicador sobre la econom\u00eda venezolana. \u201cEsto supone retomar la alianza entre Estados Unidos y el pueblo de Venezuela. Creo que se avecinan tiempos muy buenos a medida que fluyan grandes inversiones hacia este pa\u00eds, lo que genera m\u00e1s empleos, impulsa al alza los salarios y crea oportunidades de prosperidad para los venezolanos\u201d, sostuvo. El secretario estadounidense de Energ\u00eda agreg\u00f3 que la confianza empresarial y las inversiones podr\u00edan generar nuevas oportunidades tanto de empleo como para emprendedores.","title":"EEUU y Venezuela firman acuerdos con petroleras extranjeras para incrementar producci\u00f3n","topic":null,"translation_language":"","url":"https://www.martinoticias.com/a/eeuu-y-venezuela-firman-acuerdos-con-petroleras-extranjeras-para-duplicar-producci%c3%b3n/476819.html","video_url":null,"youtube_conversion_active":false,"youtube_conversion_error":"","youtube_conversion_status":""},{"article_body_paragraphs":[],"audio_source_url":null,"author":"Yuri Perez","available_dubs":[],"downloadable_assets":["https://gdb.martinoticias.com/7eb068a8-d796-4909-8385-e667fb864df9_cx8_cy2_cw88_w1600_r1_n_s.jpg"],"duration_display":"0:00","duration_seconds":null,"embed_url":null,"id":13410,"image_caption":"El presidente de EEUU, Donald Trump, aborda el Air Force One junto al secretario de Estado, Marco Rubio","image_url":"https://gdb.martinoticias.com/7eb068a8-d796-4909-8385-e667fb864df9_cx8_cy2_cw88_w1600_r1_n_s.jpg","is_clip":false,"is_youtube_embed":false,"item_type":"article","item_type_label":"Article","language_label":"Espa\u00f1ol","media_credit":"Yuri Perez","micro_label":"Photo","micro_label_kind":"gallery","network_label":"OCB","network_logo_url":"/static/uploads/direct_network_logos/ocb_0888427dcb1d.svg","published_at":"2026-09-02T19:04:38","published_at_display":"2 Sep 2026, 19:04 GMT","sequence_badge_label":null,"sequence_count":null,"sequence_count_label":null,"sequence_frames":[],"sequence_kind":null,"source_name":"radiotelevisionmarti_com_rss","source_name_label":"Radiotelevisionmarti","source_type":"rss","summary":"Durante m\u00e1s de un cuarto de siglo, Venezuela no estuvo meramente mal gobernada. Fue colonizada por los servicios de inteligencia comunistas de Cuba. El armamento ruso afianz\u00f3 esa captura. Los pr\u00e9stamos chinos despojaron al pa\u00eds de soberan\u00eda mientras el r\u00e9gimen de Ch\u00e1vez y Maduro saqueaba Venezuela, destru\u00eda la moneda y llenaba las c\u00e1rceles. El resultado fue un estado fallido: exilio masivo, presos pol\u00edticos, apagones el\u00e9ctricos y una plataforma para los enemigos de Estados Unidos en el hemisferio occidental. Esta historia es la que los cr\u00edticos del nuevo acuerdo energ\u00e9tico entre Estados Unidos y Venezuela prefieren olvidar. La semana pasada, el presidente Trump anunci\u00f3 una asociaci\u00f3n petrolera hist\u00f3rica con el Estado venezolano. El secretario de Estado Marco Rubio y el secretario de Guerra Pete Hegseth la negociaron. La presidenta interina Delcy Rodr\u00edguez confirm\u00f3 los t\u00e9rminos centrales: 17 campos estrat\u00e9gicos con m\u00e1s de 65.000 millones de barriles, una meta de producci\u00f3n superior a 1,5 millones de barriles diarios, m\u00e1s de 100.000 millones de d\u00f3lares en inversi\u00f3n privada y grandes flujos fiscales para Venezuela. Ya sea que el plazo final sea de una generaci\u00f3n o una participaci\u00f3n estadounidense a escala de un siglo, el significado es el mismo. Estados Unidos ha asegurado un inter\u00e9s estrat\u00e9gico que antes financi\u00f3 el comunismo en Cuba y la subversi\u00f3n en toda Am\u00e9rica Latina. Antes, el petr\u00f3leo venezolano era \u201csoberano\u201d en el papel y esclavo en la pr\u00e1ctica: se usaba para pagar a los operadores cubanos, las armas rusas y la deuda china mientras los venezolanos hu\u00edan. La soberan\u00eda sin derechos de propiedad, tribunales honestos y un Estado que no pueda ser volteado por el r\u00e9gimen comunista cubano es una palabra vac\u00eda. Los cr\u00edticos de izquierda llaman colonialismo al acuerdo. Los chavistas lo llaman traici\u00f3n. Parte de la oposici\u00f3n lo llama ileg\u00edtimo porque lo firm\u00f3 un gobierno interino. Los socialistas democr\u00e1ticos que trataron a Maduro como una molestia diplom\u00e1tica descubrieron de pronto una piedad constitucional por los hidrocarburos. Comparten una fantas\u00eda: que una Venezuela d\u00e9bil, en bancarrota y con las instituciones destrozadas puede ser libre si Washington no se involucra. La historia dice otra cosa: el vac\u00edo en Venezuela no lo llenan los \u00e1ngeles. Lo llenan las inteligencias cubana, rusa y china, junto con las redes criminales \u2014como el Tren de Aragua\u2014 que crecieron bajo el r\u00e9gimen socialista venezolano y se extendieron por el hemisferio occidental. Ese eje produjo las c\u00e1maras de tortura, la crisis de refugiados y las prisiones pol\u00edticas. Una participaci\u00f3n comercial estadounidense de largo plazo \u2014respaldada por los intereses de seguridad de Estados Unidos\u2014 es un seguro. Encarece una segunda toma comunista. Hace m\u00e1s dif\u00edcil que un futuro r\u00e9gimen corrupto renacionalice la industria de la noche a la ma\u00f1ana y vuelva a enviar el crudo a Cuba a cambio de reconstruir el aparato represivo. Compa\u00f1\u00edas estadounidenses construyeron gran parte de esa industria en el siglo XX antes de que Ch\u00e1vez la confiscara. La decadencia que sigui\u00f3 fue un saqueo comunista. Reabrir los campos petroleros con capital estadounidense y supervisi\u00f3n estrat\u00e9gica es la forma de impedir el pr\u00f3ximo saqueo. El acuerdo no debe convertirse en un sustituto de la libertad. El petr\u00f3leo que meramente financia el mismo r\u00e9gimen represivo no es reconstrucci\u00f3n. Es una dictadura m\u00e1s rica. El secretario Rubio ha sido claro desde enero, despu\u00e9s de la captura de Nicol\u00e1s Maduro: Estados Unidos no ocupar\u00eda Venezuela, usar\u00eda palancas. El plan tiene tres fases que se superponen: estabilizaci\u00f3n, para que el pa\u00eds no colapse en una guerra; recuperaci\u00f3n, para que las empresas occidentales entren en t\u00e9rminos justos y se reconstruya la industria destruida; y transici\u00f3n, para que los venezolanos recuperen un gobierno representativo que ya no sea un puesto avanzado del r\u00e9gimen castrista. Esa es la Doctrina Donroe en la pr\u00e1ctica: la Doctrina Monroe actualizada para una era en la que la amenaza no es un monarca europeo, sino las potencias comunistas que trataron a Venezuela como una base de operaciones. Trump tuvo el valor de capturar al dictador. Rubio tiene ahora las palancas para impedir que el pa\u00eds retroceda. Veamos los resultados sobre el terreno. Maduro est\u00e1 preso. El petr\u00f3leo que se vend\u00eda con descuento para apoyar a enemigos de los Estados Unidos se est\u00e1 orientando hacia t\u00e9rminos de mercado. Cientos de presos pol\u00edticos han salido de sus celdas, algo que a\u00f1os de \u201cengagement\u201d no lograron. Existe un proceso de amnist\u00eda para reconstruir una naci\u00f3n fracturada por una dictadura socialista. Nada de esto est\u00e1 terminado, pero todo era impensable bajo las pol\u00edticas que ahora extra\u00f1an los cr\u00edticos. Esos cr\u00edticos se conformaban con el fracaso disfrazado de prudencia: sanciones tibias, di\u00e1logo con un r\u00e9gimen que se robaba las elecciones y gestos humanitarios que dejaron a la inteligencia cubana dirigir Venezuela. Se quejan, a los pocos meses, de que el progreso actual es imperfecto, pero habr\u00edan esperado otra d\u00e9cada por una transici\u00f3n \u201cperfecta\u201d que el r\u00e9gimen cubano jam\u00e1s habr\u00eda permitido. El acuerdo petrolero es un cimiento, no la meta final. Hay que liberar a todos los presos pol\u00edticos que quedan, incluso cuando los grupos de derechos humanos todav\u00eda cuentan cientos detr\u00e1s de las rejas. Venezuela tambi\u00e9n deber\u00eda completar la dolarizaci\u00f3n que sus ciudadanos piden a gritos. Los venezolanos abandonaron el bol\u00edvar porque el socialismo lo destruy\u00f3. Una dolarizaci\u00f3n formal consolidar\u00eda la estabilidad, invitar\u00eda a volver el capital de la di\u00e1spora y har\u00eda m\u00e1s dif\u00edcil que un gobierno futuro financie la represi\u00f3n. Los ingresos petroleros deben quedar aislados de la vieja maquinaria clientelar y ser auditados. Y la estabilizaci\u00f3n no puede convertirse en una excusa permanente. Los venezolanos necesitan un calendario electoral y tribunales que no est\u00e9n controlados por el partido socialista que dirige Diosdado Cabello. Seamos claros: el acuerdo es una apuesta estrat\u00e9gica y econ\u00f3mica de gran envergadura, pero su duraci\u00f3n precisa, su fundamento jur\u00eddico y su exigibilidad a largo plazo siguen sin resolverse del todo. A quienes gritan \u201csoberan\u00eda\u201d: una naci\u00f3n cuyo petr\u00f3leo financi\u00f3 la tutela cubana no era soberana. La asociaci\u00f3n con la \u00fanica superpotencia que tiene el capital, la tecnolog\u00eda y el inter\u00e9s en permitir que los venezolanos sean libres es la forma en que la soberan\u00eda se vuelve real. A quienes dicen que el gobierno interino carece de legitimidad para firmar contratos de largo plazo: tienen raz\u00f3n en que la legitimidad debe completarse en las urnas. Se equivocan al sostener que la alternativa son campos petroleros ociosos y una puerta abierta a Cuba, China y Rusia. Los contratos pueden ser ratificados por un congreso democr\u00e1tico futuro. El colapso, no. Los ataques contra Marco Rubio son ataques contra el \u00fanico secretario de Estado de Estados Unidos que ha logrado resultados concretos en Venezuela. Ahora es el momento de terminar el trabajo: vaciar las prisiones, dolarizar, auditar los ingresos y empujar hacia elecciones libres. Si se hace eso, este acuerdo no ser\u00e1 recordado como un pacto con un remanente del chavismo, sino como el momento en que Venezuela le cerr\u00f3 la puerta al comunismo. Yuri Perez es director para Latinoam\u00e9rica de la Fundaci\u00f3n Memorial V\u00edctimas del Comunismo. Este art\u00edculo se public\u00f3 originalmente en Fox News .","title":"El audaz pacto petrolero de Trump y Rubio con Venezuela podr\u00eda acabar por fin con el control comunista sobre Venezuela","topic":null,"translation_language":"","url":"https://www.martinoticias.com/a/el-audaz-pacto-petrolero-de-trump-y-rubio-con-venezuela-podr%c3%ada-acabar-por-fin-con-el-control-comunista-sobre-venezuela/476818.html","video_url":null,"youtube_conversion_active":false,"youtube_conversion_error":"","youtube_conversion_status":""},{"article_body_paragraphs":[],"audio_source_url":null,"author":"Mario J. Pent\u00f3n","available_dubs":[],"downloadable_assets":["https://gdb.martinoticias.com/ceacbf17-2fd7-4f43-5aac-08decd6ea425_cx0_cy10_cw0_w1600_r1_n_s.png"],"duration_display":"0:00","duration_seconds":null,"embed_url":null,"id":13288,"image_caption":"Fernando Armando Vald\u00e9s P\u00e9rez obtuvo fraudulentamente la residencia permanente despu\u00e9s de ocultar sus v\u00ednculos con la inteligencia cubana.","image_url":"https://gdb.martinoticias.com/ceacbf17-2fd7-4f43-5aac-08decd6ea425_cx0_cy10_cw0_w1600_r1_n_s.png","is_clip":false,"is_youtube_embed":false,"item_type":"article","item_type_label":"Article","language_label":"Espa\u00f1ol","media_credit":"Mario J. Pent\u00f3n","micro_label":"Photo","micro_label_kind":"gallery","network_label":"OCB","network_logo_url":"/static/uploads/direct_network_logos/ocb_0888427dcb1d.svg","published_at":"2026-09-02T18:33:40","published_at_display":"2 Sep 2026, 18:33 GMT","sequence_badge_label":null,"sequence_count":null,"sequence_count_label":null,"sequence_frames":[],"sequence_kind":null,"source_name":"radiotelevisionmarti_com_rss","source_name_label":"Radiotelevisionmarti","source_type":"rss","summary":"El Servicio de Inmigraci\u00f3n y Control de Aduanas de Estados Unidos (ICE) deport\u00f3 el pasado 7 de agosto a Fernando Armando Vald\u00e9s P\u00e9rez, un ciudadano cubano-guatemalteco se\u00f1alado por las autoridades estadounidenses como un activo de la inteligencia de La Habana, dijeron las autoridades en exclusiva a Mart\u00ed Noticias. Vald\u00e9s P\u00e9rez, de 61 a\u00f1os y residente de Kendall, fue detenido el 10 de julio en el Aeropuerto Internacional de Miami durante una operaci\u00f3n administrativa de inmigraci\u00f3n en la que participaron agentes de ICE, del Bur\u00f3 Federal de Investigaciones (FBI), y de la Oficina de Aduanas y Protecci\u00f3n Fronteriza (CBP). Seg\u00fan un comunicado de ICE enviado a esta redacci\u00f3n, una investigaci\u00f3n determin\u00f3 que Vald\u00e9s P\u00e9rez obtuvo fraudulentamente la residencia permanente en Estados Unidos al ocultar deliberadamente su verdadera relaci\u00f3n con el r\u00e9gimen cubano. La agencia asegur\u00f3 que Vald\u00e9s P\u00e9rez operaba como un activo de la inteligencia cubana y que, desde mediados de la d\u00e9cada de 1990, recibi\u00f3 la misi\u00f3n de infiltrarse y recopilar informaci\u00f3n sobre comunidades de exiliados y opositores cubanos en Am\u00e9rica Latina y Estados Unidos. De acuerdo con ICE, el hombre logr\u00f3 ganarse la confianza del fallecido opositor cubano Luis Posada Carriles y permaneci\u00f3 durante a\u00f1os cerca de otras figuras conocidas de la comunidad cubana y cubanoamericana en el sur de Florida. Las autoridades sostienen que Vald\u00e9s P\u00e9rez ocult\u00f3 de manera consciente su posici\u00f3n y afiliaci\u00f3n con el r\u00e9gimen cubano cuando solicit\u00f3 la residencia permanente, enga\u00f1ando a los funcionarios encargados de evaluar su solicitud migratoria. \u201cLas personas que ocultan v\u00ednculos con servicios de inteligencia extranjeros y explotan nuestro sistema migratorio representan una grave amenaza para la integridad de ese sistema y para nuestra seguridad nacional\u201d, declar\u00f3 Matthew Elliston, director de la oficina de Operaciones de Detenci\u00f3n y Deportaci\u00f3n de ICE en Miami. Elliston agreg\u00f3 que la agencia continuar\u00e1 trabajando con otras entidades federales para identificar, detener y deportar a quienes obtengan beneficios migratorios mediante fraude. Tras su arresto, Vald\u00e9s P\u00e9rez fue procesado por las autoridades migratorias y colocado en procedimientos de deportaci\u00f3n. ICE confirm\u00f3 que fue expulsado de Estados Unidos el 7 de agosto. El comunicado no precisa a qu\u00e9 pa\u00eds fue enviado, qu\u00e9 informaci\u00f3n habr\u00eda entregado a la inteligencia cubana ni cu\u00e1les fueron las personas o grupos sobre los que presuntamente report\u00f3. Tampoco menciona la presentaci\u00f3n de cargos penales en su contra. Las sospechas comenzaron en una prisi\u00f3n de Panam\u00e1 Orlando Gonz\u00e1lez, opositor cubano y colaborador de la Fundaci\u00f3n Rescate Jur\u00eddico, dijo a Mart\u00ed Noticias que conoci\u00f3 a Vald\u00e9s P\u00e9rez durante el encarcelamiento de Posada Carriles y otros tres exiliados cubanos en Panam\u00e1. Posada Carriles, Gaspar Jim\u00e9nez Escobedo, Pedro Rem\u00f3n y Guillermo Novo Sampol fueron arrestados en el a\u00f1o 2000 y permanecieron encarcelados hasta que la entonces presidenta paname\u00f1a Mireya Moscoso los indult\u00f3 en agosto de 2004. El registro hist\u00f3rico del caso confirma ese per\u00edodo. Gonz\u00e1lez explic\u00f3 que viajaba a Panam\u00e1 para visitar a los detenidos, entregarles ayuda y realizar gestiones con sus abogados. Durante uno de esos viajes conoci\u00f3 a Vald\u00e9s P\u00e9rez, quien tambi\u00e9n acud\u00eda a la prisi\u00f3n y se presentaba como alguien cercano al grupo. \u201cMe pareci\u00f3 una persona maravillosa. Convers\u00e1bamos, habl\u00e1bamos, todo muy bien\u201d, record\u00f3 Gonz\u00e1lez. Sin embargo, su presencia reiterada comenz\u00f3 a despertar sus sospechas. Gonz\u00e1lez asegur\u00f3 que, pocas semanas despu\u00e9s, volvi\u00f3 a encontrar a Vald\u00e9s P\u00e9rez alojado en el mismo hotel Holiday Inn de Ciudad de Panam\u00e1 y que ambos coincidieron nuevamente durante las visitas a los prisioneros. El opositor dijo que le llam\u00f3 especialmente la atenci\u00f3n la facilidad con que Vald\u00e9s P\u00e9rez consegu\u00eda autorizaciones y acced\u00eda a contactos entre las autoridades de seguridad paname\u00f1as. Seg\u00fan su relato, en una ocasi\u00f3n realiz\u00f3 una llamada telef\u00f3nica y obtuvo una visita extraordinaria a la prisi\u00f3n mediante un alto funcionario policial. \u201cEste hombre aparece de la nada, viene todas las semanas, se gasta un dineral y consigue una visita con el jefe de la Polic\u00eda. '\u00bfA ustedes no les llama la atenci\u00f3n?'\u201d, record\u00f3 Gonz\u00e1lez haber preguntado a los detenidos. Las fotograf\u00edas del malet\u00edn Las sospechas aumentaron despu\u00e9s de que Gonz\u00e1lez entr\u00f3 en la habitaci\u00f3n de hotel de Vald\u00e9s P\u00e9rez. Seg\u00fan su testimonio, pidi\u00f3 utilizar el ba\u00f1o de la habitaci\u00f3n y aprovech\u00f3 el momento para fotografiar con una c\u00e1mara desechable documentos que, asegur\u00f3, encontr\u00f3 dentro de un malet\u00edn. Gonz\u00e1lez afirm\u00f3 que entre los objetos encontr\u00f3 una tarjeta comercial relacionada con negocios en Cuba e Italia, algo que consider\u00f3 incompatible con el supuesto perfil anticastrista que Vald\u00e9s proyectaba ante los prisioneros. \u201c\u00bfC\u00f3mo es posible que un hombre que viene a visitarlos a una prisi\u00f3n en Panam\u00e1 tenga negocios dentro de Cuba?\u201d, record\u00f3 haberles advertido. Seg\u00fan Gonz\u00e1lez, Guillermo Novo fue uno de los integrantes del grupo que prest\u00f3 atenci\u00f3n a sus sospechas, mientras otros continuaron confiando en Vald\u00e9s P\u00e9rez. El opositor tambi\u00e9n asegur\u00f3 que, en otro momento, Vald\u00e9s P\u00e9rez le dijo que hab\u00eda cortado parte de una cerca de la prisi\u00f3n como preparaci\u00f3n ante una posible fuga de Posada Carriles. Mart\u00ed Noticias no pudo verificar de manera independiente esa afirmaci\u00f3n. Gonz\u00e1lez se\u00f1al\u00f3 que posteriormente fue contactado por agentes del FBI y afirm\u00f3 que estos le hicieron preguntas sobre sus reuniones y viajes a Panam\u00e1. El opositor dijo haber entregado informaci\u00f3n sobre Vald\u00e9s P\u00e9rez y sus sospechas acerca de sus posibles v\u00ednculos con la inteligencia cubana. La relaci\u00f3n con Posada Carriles en Miami El investigador Luis Dom\u00ednguez, de la Fundaci\u00f3n para los Derechos Humanos en Cuba, dijo que otras personas cercanas a Posada Carriles le ofrecieron relatos similares sobre la presencia de Vald\u00e9s P\u00e9rez en Panam\u00e1 y su posterior relaci\u00f3n con el exilio de Miami. \u201cDesde Panam\u00e1 estaba muy ligado a Posada Carriles y a las visitas a la prisi\u00f3n. Lo mismo que cuenta Orlando me lo hab\u00edan contado otras personas\u201d, afirm\u00f3 Dom\u00ednguez. Seg\u00fan las fuentes consultadas, Vald\u00e9s P\u00e9rez acompa\u00f1aba frecuentemente a Posada Carriles, lo transportaba a diferentes lugares y lleg\u00f3 a organizar celebraciones en su casa. Una de ellas habr\u00eda sido el \u00faltimo cumplea\u00f1os el \u00faltimo cumplea\u00f1os de Posada Carriles antes de su muerte en Miami en 2018. Dom\u00ednguez asegur\u00f3 que varias personas del exilio desconfiaban de \u00e9l y se retiraban de reuniones cuando lo ve\u00edan llegar. Algunas, a\u00f1adi\u00f3, advirtieron directamente a Posada Carriles, pero este hab\u00eda desarrollado una relaci\u00f3n de confianza y afecto con el hombre que ahora las autoridades estadounidenses identifican como agente del r\u00e9gimen cubano. Fuentes cercanas a la investigaci\u00f3n dijeron a Mart\u00ed Noticias que Vald\u00e9s P\u00e9rez enviaba a La Habana informaci\u00f3n sobre las actividades, contactos y planes discutidos en el entorno de Posada Carriles y otros grupos del exilio. Mart\u00ed Noticias no ha podido determinar qu\u00e9 informaci\u00f3n concreta entreg\u00f3, qui\u00e9nes fueron sus oficiales de contacto ni cu\u00e1nto recibi\u00f3 por sus actividades. Un expediente de tr\u00e1nsito documenta su presencia en Florida antes del arresto Documentos del Tribunal del Condado de Lee revisados por Mart\u00ed Noticias confirman que Vald\u00e9s P\u00e9rez continuaba residiendo en Kendall y se desplazaba por Florida apenas cuatro meses antes de ser detenido. El 1 de marzo de 2026, un agente de la Oficina del Sheriff del Condado de Lee intercept\u00f3 el veh\u00edculo que conduc\u00eda, un Cadillac negro de 2024, en Estero Boulevard, cerca de Albatross Street, en Fort Myers Beach. El oficial le impuso una citaci\u00f3n por incumplir una se\u00f1al o dispositivo de control del tr\u00e1nsito. La documentaci\u00f3n registra su nombre completo, una fecha de nacimiento de enero de 1965 y un domicilio en Kendall, datos consistentes con la identidad y la edad divulgadas posteriormente por ICE. Vald\u00e9s P\u00e9rez contrat\u00f3 a un abogado de The Ticket Clinic, quien present\u00f3 inicialmente una declaraci\u00f3n de no culpabilidad. Durante una audiencia celebrada por Zoom el 15 de abril, el abogado cambi\u00f3 la respuesta a nolo contendere . El tribunal retuvo la adjudicaci\u00f3n y orden\u00f3 el pago de 161 d\u00f3lares. El expediente contiene adem\u00e1s comunicaciones judiciales sobre dos intentos fallidos de pago de la multa en mayo y junio. Los documentos entregados a Mart\u00ed Noticias no permiten determinar si la multa fue pagada posteriormente. El n\u00famero de caso es 26-TR-011882 y la citaci\u00f3n AN3INCE. El expediente de tr\u00e1nsito no aporta evidencia sobre las actividades de inteligencia atribuidas a Vald\u00e9s P\u00e9rez, pero confirma su residencia en el \u00e1rea de Miami y su presencia en Florida poco antes de la operaci\u00f3n federal.","title":"EEUU deporta a agente del r\u00e9gimen cubano que se infiltr\u00f3 en c\u00edrculo de Luis Posada Carriles","topic":null,"translation_language":"","url":"https://www.martinoticias.com/a/eeuu-deporta-a-agente-del-r%c3%a9gimen-cubano-que-se-infiltr%c3%b3-en-c%c3%adrculo-de-luis-posada-carriles/476813.html","video_url":null,"youtube_conversion_active":false,"youtube_conversion_error":"","youtube_conversion_status":""},{"article_body_paragraphs":[],"audio_source_url":null,"author":"Redacci\u00f3n Mart\u00ed Noticias","available_dubs":[],"downloadable_assets":["https://gdb.martinoticias.com/f9f428d1-aeaa-40f6-fbda-08de3bfab561_w1600_r1_n_s.jpg"],"duration_display":"0:00","duration_seconds":null,"embed_url":null,"id":13290,"image_caption":"Subsecretario de Estado, Christopher Landau","image_url":"https://gdb.martinoticias.com/f9f428d1-aeaa-40f6-fbda-08de3bfab561_w1600_r1_n_s.jpg","is_clip":false,"is_youtube_embed":false,"item_type":"article","item_type_label":"Article","language_label":"Espa\u00f1ol","media_credit":"Redacci\u00f3n Mart\u00ed Noticias","micro_label":"Photo","micro_label_kind":"gallery","network_label":"OCB","network_logo_url":"/static/uploads/direct_network_logos/ocb_0888427dcb1d.svg","published_at":"2026-09-02T17:47:03","published_at_display":"2 Sep 2026, 17:47 GMT","sequence_badge_label":null,"sequence_count":null,"sequence_count_label":null,"sequence_frames":[],"sequence_kind":null,"source_name":"radiotelevisionmarti_com_rss","source_name_label":"Radiotelevisionmarti","source_type":"rss","summary":"El subsecretario de Estado de Estados Unidos, Christopher Landau, afirm\u00f3 que la administraci\u00f3n del presidente Donald Trump ha convertido al hemisferio occidental en una prioridad de su pol\u00edtica exterior, despu\u00e9s de d\u00e9cadas en las que Washington concentr\u00f3 su atenci\u00f3n en otras regiones del mundo. \u201cNo hab\u00eda habido mucha atenci\u00f3n al hemisferio occidental, y creo que el presidente Trump y el secretario [Marco] Rubio est\u00e1n decididos a cambiar eso\u201d, declar\u00f3 Landau durante una entrevista en el podcast Moment of Truth publicada este lunes. El alto funcionario sostuvo que durante los \u00faltimos 30 a\u00f1os la pol\u00edtica exterior estadounidense estuvo tan enfocada en Europa y el Medio Oriente que perdi\u00f3 de vista una regi\u00f3n hist\u00f3ricamente central para la seguridad y la prosperidad del pa\u00eds. Landau se\u00f1al\u00f3 que esa falta de atenci\u00f3n le result\u00f3 particularmente evidente durante su etapa como embajador de Estados Unidos en M\u00e9xico, entre 2019 y 2021. \u201cSi hay un pa\u00eds que impacta directamente la seguridad y la prosperidad del pueblo estadounidense, es M\u00e9xico\u201d, dijo al mencionar la migraci\u00f3n, el narcotr\u00e1fico, la seguridad y el comercio bilateral. El subsecretario asegur\u00f3 que la administraci\u00f3n Trump intenta modificar ese enfoque mediante una mayor presencia diplom\u00e1tica en Am\u00e9rica Latina y nuevas iniciativas regionales contra el crimen organizado. Entre ellas, mencion\u00f3 el Escudo de las Am\u00e9ricas (Shield of the Americas) y una coalici\u00f3n contra los carteles, concebidas para reforzar la cooperaci\u00f3n en seguridad desde M\u00e9xico hasta el extremo sur del continente. Landau dijo que ha viajado a casi todos los pa\u00edses del hemisferio desde que asumi\u00f3 el cargo y afirm\u00f3 que Washington trabaja con sus socios para frenar la delincuencia organizada. La creciente presencia de China en el hemisferio occidental Landau identific\u00f3 la expansi\u00f3n econ\u00f3mica de China como otro de los principales desaf\u00edos para Estados Unidos en Am\u00e9rica Latina. \u201cChina, en particular, ha logrado enormes avances econ\u00f3micos en el hemisferio\u201d, advirti\u00f3. El funcionario se\u00f1al\u00f3 que las empresas chinas suelen presentar ofertas m\u00e1s baratas y muestran una mayor disposici\u00f3n a operar en pa\u00edses con mercados complejos o condiciones inciertas. En contraste, consider\u00f3 que parte del sector privado estadounidense ha sido m\u00e1s reacio a asumir esos riesgos, favorecido por el tama\u00f1o de su propio mercado nacional. Landau dijo que el Departamento de Estado busca acercar oportunidades comerciales latinoamericanas a compa\u00f1\u00edas estadounidenses y cit\u00f3 como ejemplos recientes conversaciones en Guyana sobre proyectos de viviendas prefabricadas. \u201cMuchos pa\u00edses est\u00e1n interesados en que empresas estadounidenses trabajen all\u00ed en lugar de compa\u00f1\u00edas chinas\u201d, afirm\u00f3. La administraci\u00f3n pretende impulsar las relaciones comerciales y las inversiones estadounidenses como una forma de generar empleos dentro del pa\u00eds y, al mismo tiempo, contrarrestar la influencia de Beijing en la regi\u00f3n. Ese enfoque coincide con la Estrategia de Seguridad Nacional de la administraci\u00f3n Trump, que propone recuperar la preeminencia estadounidense en el hemisferio occidental e impedir que competidores externos controlen infraestructura, recursos o instalaciones consideradas estrat\u00e9gicas. El documento plantea fortalecer las alianzas regionales para controlar la migraci\u00f3n, frenar el narcotr\u00e1fico y reducir la dependencia econ\u00f3mica de potencias ajenas al continente. Rubio dice que Cuba necesita un camino irreversible hacia la democracia En junio pasado, Landau se refiri\u00f3 al r\u00e9gimen de Cuba como uno de los propiciadores de la inestabilidad en el hemisferio. \u201cCuba es un Estado fallido, aliado de nuestros adversarios y situado a 90 millas de Estados Unidos, con una larga trayectoria de socavar las instituciones democr\u00e1ticas y fomentar el malestar social en todo nuestro hemisferio\", dijo durante su presentaci\u00f3n en la Asamblea General de la OEA en Panam\u00e1. La conversaci\u00f3n del subsecretario en Moment of Truth tambi\u00e9n abord\u00f3 temas como el uso de las visas como instrumento de pol\u00edtica exterior, la reorganizaci\u00f3n del Servicio Exterior y la integraci\u00f3n de los programas de asistencia internacional dentro del Departamento de Estado.","title":"Landau: EEUU busca recuperar su atenci\u00f3n sobre el hemisferio occidental tras d\u00e9cadas de \u201cabandono\u201d","topic":null,"translation_language":"","url":"https://www.martinoticias.com/a/landau-eeuu-busca-recuperar-su-atenci%c3%b3n-sobre-el-hemisferio-occidental-tras-d%c3%a9cadas-de-abandono/476806.html","video_url":null,"youtube_conversion_active":false,"youtube_conversion_error":"","youtube_conversion_status":""},{"article_body_paragraphs":[],"audio_source_url":null,"author":"Laura Artal","available_dubs":[],"downloadable_assets":["https://ocb-video-ns.akamaized.net/pangeavideo/2026/09/3/38/389f6911-2cc2-4181-691a-08def2ff2efe_1080p.mp4?cb=ee22a67b2","https://gdb.martinoticias.com/8b47270c-7174-4fa4-82ec-2267883c0915_w1600_r1_n_s.jpg"],"duration_display":"0:00","duration_seconds":null,"embed_url":null,"id":13363,"image_caption":"El exgobernante venezolano Nicol\u00e1s Maduro y su esposa, Cilia Flores, comparecen ante una corte federal en EEUU para enfrentar cargos de narcoterrorismo.","image_url":"https://gdb.martinoticias.com/8b47270c-7174-4fa4-82ec-2267883c0915_w1600_r1_n_s.jpg","is_clip":true,"is_youtube_embed":false,"item_type":"video","item_type_label":"Video","language_label":"Espa\u00f1ol","media_credit":"Laura Artal","micro_label":"Video report","micro_label_kind":"video","network_label":"OCB","network_logo_url":"/static/uploads/direct_network_logos/ocb_0888427dcb1d.svg","published_at":"2026-09-02T17:43:39","published_at_display":"2 Sep 2026, 17:43 GMT","sequence_badge_label":null,"sequence_count":null,"sequence_count_label":null,"sequence_frames":[],"sequence_kind":null,"source_name":"radiotelevisionmarti_com_rss","source_name_label":"Radiotelevisionmarti","source_type":"rss","summary":"LA DEFENSA DE NICOL\u00c1S MADURO Y CILIA FLORES SE PREPARA PARA PRESENTAR SUS PRIMERAS MOCIONES ANTE LA CORTE FEDERAL DE NUEVA YORK PARA INTENTAR QUE SE DESESTIME EL CASO, ALEGANDO INMUNIDAD Y FALTA DE JURISDICCI\u00d3N.","title":"Defensa de Maduro y Cilia alegar\u00e1 inmunidad y falta de jurisdicci\u00f3n ante corte de Nueva York","topic":null,"translation_language":"","url":"https://www.martinoticias.com/a/defensa-de-maduro-y-cilia-alegar%c3%a1-inmunidad-y-falta-de-jurisdicci%c3%b3n-ante-corte-de-new-york/476809.html","video_url":"https://ocb-video-ns.akamaized.net/pangeavideo/2026/09/3/38/389f6911-2cc2-4181-691a-08def2ff2efe_1080p.mp4?cb=ee22a67b2","youtube_conversion_active":false,"youtube_conversion_error":"","youtube_conversion_status":""},{"article_body_paragraphs":[],"audio_source_url":null,"author":"Laura Artal","available_dubs":[],"downloadable_assets":["https://gdb.martinoticias.com/8b47270c-7174-4fa4-82ec-2267883c0915_w1600_r1_n_s.jpg"],"duration_display":"0:00","duration_seconds":null,"embed_url":null,"id":13248,"image_caption":"El exgobernante venezolano Nicol\u00e1s Maduro y su esposa, Cilia Flores, comparecen ante una corte federal en EEUU para enfrentar cargos de narcoterrorismo.","image_url":"https://gdb.martinoticias.com/8b47270c-7174-4fa4-82ec-2267883c0915_w1600_r1_n_s.jpg","is_clip":false,"is_youtube_embed":false,"item_type":"article","item_type_label":"Article","language_label":"Espa\u00f1ol","media_credit":"Laura Artal","micro_label":"Photo","micro_label_kind":"gallery","network_label":"OCB","network_logo_url":"/static/uploads/direct_network_logos/ocb_0888427dcb1d.svg","published_at":"2026-09-02T17:43:39","published_at_display":"2 Sep 2026, 17:43 GMT","sequence_badge_label":null,"sequence_count":null,"sequence_count_label":null,"sequence_frames":[],"sequence_kind":null,"source_name":"radiotelevisionmarti_com_rss","source_name_label":"Radiotelevisionmarti","source_type":"rss","summary":"La defensa de Nicol\u00e1s Maduro y Cilia Flores se prepara para presentar ante la Corte Federal del Distrito Sur de Nueva York sus primeras mociones para intentar que se desestime el proceso penal en su contra, bajo dos argumentos principales: inmunidad y falta de jurisdicci\u00f3n del tribunal estadounidense. La presentaci\u00f3n abrir\u00e1 una nueva etapa del proceso. Una vez formalizadas las mociones, la Fiscal\u00eda tendr\u00e1 oportunidad de responder y posteriormente corresponder\u00e1 al juez analizar los argumentos de ambas partes antes de emitir una decisi\u00f3n. Defensa de Maduro y Cilia alegar\u00e1 inmunidad y falta de jurisdicci\u00f3n ante corte de Nueva York El abogado Nizar El Fakih, Senior Fellow del Strategic Litigation Project del Atlantic Council, explic\u00f3 a Mart\u00ed Noticias que uno de los principales puntos de discusi\u00f3n ser\u00e1 determinar qu\u00e9 estatus ten\u00eda Nicol\u00e1s Maduro a efectos legales en Estados Unidos al momento de su captura. \u201cBajo ese argumento, seg\u00fan la jurisprudencia estadounidense y el derecho com\u00fan, si una persona es reconocida como presidente de un gobierno extranjero, en principio goza de inmunidad absoluta frente a los tribunales de este pa\u00eds\u201d, detall\u00f3. Seg\u00fan El Fakih, para que ese argumento pueda avanzar, la defensa tendr\u00e1 que demostrar no solamente que Maduro ejerc\u00eda como presidente en Venezuela, sino un elemento particularmente relevante para el tribunal estadounidense. \u201cPara ello habr\u00eda que demostrar entonces que Maduro estaba ejerciendo como presidente en Venezuela y que, m\u00e1s importante a\u00fan, que ese cargo era un cargo reconocido a efectos legales en los Estados Unidos como un cargo que efectivamente Nicol\u00e1s Maduro estaba ostentando al momento de su captura\u201d, se\u00f1al\u00f3 el abogado. La acusaci\u00f3n de 2020 tambi\u00e9n podr\u00eda entrar en la discusi\u00f3n El Fakih explic\u00f3 que la defensa tambi\u00e9n podr\u00eda analizar qu\u00e9 reconocimiento ten\u00eda Maduro cuando un gran jurado aprob\u00f3 la acusaci\u00f3n en su contra en 2020 y en qu\u00e9 momento fueron obtenidas las pruebas utilizadas para sustentarla. \u201cEllos van a explorar con mayor profundidad, por ejemplo, cu\u00e1ndo se produce la acusaci\u00f3n fiscal que aprob\u00f3 un gran jurado en el a\u00f1o 2020, si para los efectos de esa acusaci\u00f3n Maduro gozaba o no de inmunidad, el tema probatorio. Cu\u00e1ndo fueron recogidas las pruebas que soportan la acusaci\u00f3n, si esas pruebas fueron recogidas en un lapso de tiempo en el que, por ejemplo, esta inmunidad de Maduro era reconocida, y si eso entonces puede afectar o no la validez en materia de probatorio\u201d, indic\u00f3. Cilia Flores enfrenta una situaci\u00f3n diferente Aunque la defensa de Cilia Flores tambi\u00e9n plantear\u00e1 argumentos relacionados con inmunidad, su situaci\u00f3n jur\u00eddica no es id\u00e9ntica a la de Maduro. El Fakih explic\u00f3 que el derecho com\u00fan estadounidense reconoce determinadas protecciones a jefes de Estado y otros cargos espec\u00edficos, pero se\u00f1al\u00f3 que no existe un precedente equivalente para una primera dama. \u201cEn el caso de Cilia es un poco m\u00e1s complejo, porque Cilia no ostenta el cargo, un cargo que, seg\u00fan el derecho com\u00fan, sea objeto de inmunidad absoluta\u201d, sostuvo. La defensa podr\u00eda recurrir adem\u00e1s al alegado cargo de Flores como diputada de la Asamblea Nacional venezolana. Sin embargo, El Fakih se\u00f1al\u00f3 que esa condici\u00f3n tampoco le conceder\u00eda autom\u00e1ticamente inmunidad frente a un tribunal extranjero. \u201cElla tambi\u00e9n ostenta un cargo alegado de diputada de la Asamblea Nacional, que tampoco, seg\u00fan el derecho com\u00fan, le da inmunidad a esa persona en un pa\u00eds extranjero, pero que en cualquier caso va a ser un argumento que ellos van a desarrollar\u201d, afirm\u00f3. La defensa tambi\u00e9n cuestionar\u00e1 la jurisdicci\u00f3n El segundo frente de las mociones ser\u00e1 la jurisdicci\u00f3n de la Corte Federal de Nueva York. De acuerdo con El Fakih, la defensa pretende argumentar que la operaci\u00f3n a trav\u00e9s de la cual Maduro y Flores fueron capturados habr\u00eda violado el derecho internacional y que, por esa raz\u00f3n, el tribunal no deber\u00eda continuar con el proceso. \u201cEl tema de la jurisdicci\u00f3n ellos lo est\u00e1n planteando principalmente en torno al hecho de que la operaci\u00f3n de captura habr\u00eda violado el derecho internacional y, en tanto ello ser\u00eda as\u00ed, entonces ellos consideran que esa detenci\u00f3n hace ilegal la continuaci\u00f3n del proceso\u201d, explic\u00f3. El abogado advirti\u00f3, sin embargo, que ese planteamiento enfrenta antecedentes judiciales en Estados Unidos. \u201cEse es un argumento que tiene muchos problemas. Ya ha habido bastante jurisprudencia en los Estados Unidos de personas que han sido tra\u00eddas a territorio estadounidense previa acusaci\u00f3n federal y los argumentos relacionados a c\u00f3mo fue la captura normalmente no son argumentos que prosperan en este tipo de procesos\u201d, se\u00f1al\u00f3. \u00bfPor qu\u00e9 esperar ocho meses? El momento elegido para presentar las mociones es otro de los elementos que genera interrogantes. Maduro y Flores fueron llevados ante la justicia federal en enero de 2026 y, seg\u00fan El Fakih, la defensa ten\u00eda la posibilidad procesal de presentar estos recursos desde ese mismo mes. \u201cLos plazos son elegidos cuidadosamente por la defensa. S\u00ed. Ellos han elegido este momento y lo han elegido por razones estrat\u00e9gicas\u201d, asegur\u00f3. El abogado se\u00f1al\u00f3 que, aunque es habitual que las defensas necesiten tiempo para revisar el material probatorio antes de definir su estrategia, esa explicaci\u00f3n no necesariamente se aplica de la misma manera a recursos de car\u00e1cter procedimental. \u201cNormalmente en estos casos que tienen esta connotaci\u00f3n los abogados tienden a tomar un tiempo para analizar el material probatorio y con base en esa revisi\u00f3n del material probatorio preparar la defensa sobre ese material probatorio, pero no para ejercer recursos de \u00edndole procedimental. Eso llama bastante la atenci\u00f3n\u201d, afirm\u00f3. Entre las posibles lecturas, El Fakih mencion\u00f3 que la defensa pudo haber esperado acontecimientos externos al proceso judicial que colocaran a sus representados en una posici\u00f3n diferente. \u201cLo que aqu\u00ed pudiera ocurrir es que han esperado, han tenido la expectativa de que algunos acontecimientos fuera de la corte, extrajur\u00eddicos, me refiero a acontecimientos pol\u00edticos, puedan, por ejemplo, poner a sus defendidos en una mejor posici\u00f3n\u201d, dijo. No obstante, consider\u00f3 dif\u00edcil llegar a esa conclusi\u00f3n y se\u00f1al\u00f3 que las actuaciones de los fiscales durante los \u00faltimos meses no muestran, hasta ahora, un retroceso en los procesos penales. El debate podr\u00eda tomar varias semanas La presentaci\u00f3n de las mociones no implica una decisi\u00f3n inmediata sobre el futuro del caso. La Fiscal\u00eda deber\u00e1 responder a los planteamientos de las defensas y posteriormente la Corte tendr\u00e1 que estudiar los argumentos antes de pronunciarse. \u201cEn esta etapa en la que se encuentra el proceso, sin duda va a ser una moci\u00f3n que va a dilatar varias semanas el proceso y va a consumir bastante tiempo no solamente de los abogados de la defensa, sino tambi\u00e9n de los fiscales y, por supuesto luego, de la Corte, que va a tener que entrar a escuchar el debate sobre este asunto y analizar cada uno de los argumentos\u201d, explic\u00f3 El Fakih. El abogado anticip\u00f3 que la respuesta de la Fiscal\u00eda ser\u00e1 uno de los elementos determinantes para conocer c\u00f3mo avanzar\u00e1 esta nueva batalla procesal.","title":"Defensa de Maduro y Cilia alegar\u00e1 inmunidad y falta de jurisdicci\u00f3n ante corte de New York (VIDEO)","topic":null,"translation_language":"","url":"https://www.martinoticias.com/a/defensa-de-maduro-y-cilia-alegar%c3%a1-inmunidad-y-falta-de-jurisdicci%c3%b3n-ante-corte-de-new-york/476809.html","video_url":null,"youtube_conversion_active":false,"youtube_conversion_error":"","youtube_conversion_status":""},{"article_body_paragraphs":[],"audio_source_url":null,"author":"Redacci\u00f3n Mart\u00ed Noticias","available_dubs":[],"downloadable_assets":["https://gdb.martinoticias.com/6b0fd5af-c63a-4635-8cc4-34361570efea_w1600_r1_n_s.jpg"],"duration_display":"0:00","duration_seconds":null,"embed_url":"https://www.youtube.com/embed/WoJ7RMmdEf4","id":13251,"image_caption":"U.S. Secretary of State Marco Rubio visits New Delhi","image_url":"https://gdb.martinoticias.com/6b0fd5af-c63a-4635-8cc4-34361570efea_w1600_r1_n_s.jpg","is_clip":true,"is_youtube_embed":true,"item_type":"video","item_type_label":"Video","language_label":"Espa\u00f1ol","media_credit":"Redacci\u00f3n Mart\u00ed Noticias","micro_label":"Video report","micro_label_kind":"video","network_label":"OCB","network_logo_url":"/static/uploads/direct_network_logos/ocb_0888427dcb1d.svg","published_at":"2026-09-02T17:27:07","published_at_display":"2 Sep 2026, 17:27 GMT","sequence_badge_label":null,"sequence_count":null,"sequence_count_label":null,"sequence_frames":[],"sequence_kind":null,"source_name":"radiotelevisionmarti_com_rss","source_name_label":"Radiotelevisionmarti","source_type":"rss","summary":"El secretario de Estado de Estados Unidos, Marco Rubio, reiter\u00f3 este mi\u00e9rcoles que Cuba es un \"Estado fallido\u201d y sostuvo que una normalizaci\u00f3n plena de las relaciones con Washington est\u00e1 condicionada por la legislaci\u00f3n estadounidense a avances democr\u00e1ticos en la isla. Rubio abord\u00f3 la situaci\u00f3n de Cuba y Venezuela durante una amplia entrevista con Brian Kilmeade en la que tambi\u00e9n se refiri\u00f3 a los ataques estadounidenses contra objetivos iran\u00edes cerca del estrecho de Ormuz, la guerra en Ucrania, las relaciones con Rusia y las tensiones comerciales con Canad\u00e1. \u201cCuba es un Estado fallido ahora mismo. Y no es por culpa nuestra\u201d, dijo Rubio al ser preguntado cu\u00e1nto tiempo podr\u00eda permanecer en el poder el r\u00e9gimen cubano y qu\u00e9 importancia tendr\u00eda para Estados Unidos una transici\u00f3n democr\u00e1tica en la isla. El secretario de Estado atribuy\u00f3 parte de la actual situaci\u00f3n energ\u00e9tica de Cuba al fin del suministro gratuito de petr\u00f3leo venezolano que recib\u00eda durante el gobierno de Nicol\u00e1s Maduro. \u201cMaduro literalmente estaba robando el petr\u00f3leo del pueblo de Venezuela y se lo daba gratis a Cuba\u201d, afirm\u00f3 Rubio y explic\u00f3 que La Habana no utilizaba ese crudo para beneficiar a la poblaci\u00f3n, sino que vend\u00eda la mayor parte para obtener efectivo que, asegur\u00f3, \u201ciba a sus bolsillos\u201d. \u201cEso ya no est\u00e1 ocurriendo\u201d, agreg\u00f3. El jefe de la diplomacia estadounidense sostuvo que los cubanos \"llevan teniendo apagones hace cinco o siete a\u00f1os\u201d. \u201cSu sistema no funciona. No sirve\u201d, dijo. Rubio record\u00f3 adem\u00e1s que Cuba dispone de equipos de las d\u00e9cadas de 1940 y 1950 y atribuy\u00f3 la falta de renovaci\u00f3n e inversiones al modelo econ\u00f3mico de la isla. Washington est\u00e1 dispuesto a desempe\u00f1ar \u201cun papel productivo\u201d en un eventual proceso de transformaci\u00f3n cubano, aclar\u00f3. \u201cLa \u00fanica soluci\u00f3n y respuesta para Cuba [\u2026] es colocarse en un camino irreversible hacia convertirse en un Estado normal y funcional que eventualmente, por supuesto, tambi\u00e9n sea democr\u00e1tico\u201d, afirm\u00f3. El secretario de Estado subray\u00f3 adem\u00e1s que la pol\u00edtica estadounidense hacia La Habana, a diferencia de la aplicada a Venezuela u otros pa\u00edses, est\u00e1 determinada en parte por una legislaci\u00f3n aprobada por el Congreso. \u201cLa pol\u00edtica de EEUU hacia Cuba [\u2026] est\u00e1 codificada, est\u00e1 en estatuto, hay una ley y esa ley regula lo que podemos y no podemos hacer con Cuba\u201d, se\u00f1al\u00f3. Bajo esa legislaci\u00f3n la normalizaci\u00f3n plena entre ambos pa\u00edses no puede producirse sin \u201cuna democracia funcional o al menos pasos hacia una democracia funcional\u201d.","title":"Rubio dice que Cuba necesita un camino irreversible hacia la democracia","topic":null,"translation_language":"","url":"https://www.martinoticias.com/a/rubio-dice-que-cuba-necesita-un-camino-irreversible-hacia-la-democracia/476807.html","video_url":null,"youtube_conversion_active":false,"youtube_conversion_error":"","youtube_conversion_status":""},{"article_body_paragraphs":[],"audio_source_url":null,"author":"Redacci\u00f3n Mart\u00ed Noticias","available_dubs":[],"downloadable_assets":["https://gdb.martinoticias.com/6b0fd5af-c63a-4635-8cc4-34361570efea_w1600_r1_n_s.jpg"],"duration_display":"0:00","duration_seconds":null,"embed_url":null,"id":13250,"image_caption":"U.S. Secretary of State Marco Rubio visits New Delhi","image_url":"https://gdb.martinoticias.com/6b0fd5af-c63a-4635-8cc4-34361570efea_w1600_r1_n_s.jpg","is_clip":false,"is_youtube_embed":false,"item_type":"article","item_type_label":"Article","language_label":"Espa\u00f1ol","media_credit":"Redacci\u00f3n Mart\u00ed Noticias","micro_label":"Photo","micro_label_kind":"gallery","network_label":"OCB","network_logo_url":"/static/uploads/direct_network_logos/ocb_0888427dcb1d.svg","published_at":"2026-09-02T17:27:07","published_at_display":"2 Sep 2026, 17:27 GMT","sequence_badge_label":null,"sequence_count":null,"sequence_count_label":null,"sequence_frames":[],"sequence_kind":null,"source_name":"radiotelevisionmarti_com_rss","source_name_label":"Radiotelevisionmarti","source_type":"rss","summary":"El secretario de Estado de Estados Unidos, Marco Rubio, reiter\u00f3 este mi\u00e9rcoles que Cuba es un \"Estado fallido\u201d y sostuvo que una normalizaci\u00f3n plena de las relaciones con Washington est\u00e1 condicionada por la legislaci\u00f3n estadounidense a avances democr\u00e1ticos en la isla. Rubio abord\u00f3 la situaci\u00f3n de Cuba y Venezuela durante una amplia entrevista con Brian Kilmeade en la que tambi\u00e9n se refiri\u00f3 a los ataques estadounidenses contra objetivos iran\u00edes cerca del estrecho de Ormuz, la guerra en Ucrania, las relaciones con Rusia y las tensiones comerciales con Canad\u00e1. \u201cCuba es un Estado fallido ahora mismo. Y no es por culpa nuestra\u201d, dijo Rubio al ser preguntado cu\u00e1nto tiempo podr\u00eda permanecer en el poder el r\u00e9gimen cubano y qu\u00e9 importancia tendr\u00eda para Estados Unidos una transici\u00f3n democr\u00e1tica en la isla. El secretario de Estado atribuy\u00f3 parte de la actual situaci\u00f3n energ\u00e9tica de Cuba al fin del suministro gratuito de petr\u00f3leo venezolano que recib\u00eda durante el gobierno de Nicol\u00e1s Maduro. \u201cMaduro literalmente estaba robando el petr\u00f3leo del pueblo de Venezuela y se lo daba gratis a Cuba\u201d, afirm\u00f3 Rubio y explic\u00f3 que La Habana no utilizaba ese crudo para beneficiar a la poblaci\u00f3n, sino que vend\u00eda la mayor parte para obtener efectivo que, asegur\u00f3, \u201ciba a sus bolsillos\u201d. \u201cEso ya no est\u00e1 ocurriendo\u201d, agreg\u00f3. El jefe de la diplomacia estadounidense sostuvo que los cubanos \"llevan teniendo apagones hace cinco o siete a\u00f1os\u201d. \u201cSu sistema no funciona. No sirve\u201d, dijo. Rubio record\u00f3 adem\u00e1s que Cuba dispone de equipos de las d\u00e9cadas de 1940 y 1950 y atribuy\u00f3 la falta de renovaci\u00f3n e inversiones al modelo econ\u00f3mico de la isla. Washington est\u00e1 dispuesto a desempe\u00f1ar \u201cun papel productivo\u201d en un eventual proceso de transformaci\u00f3n cubano, aclar\u00f3. \u201cLa \u00fanica soluci\u00f3n y respuesta para Cuba [\u2026] es colocarse en un camino irreversible hacia convertirse en un Estado normal y funcional que eventualmente, por supuesto, tambi\u00e9n sea democr\u00e1tico\u201d, afirm\u00f3. El secretario de Estado subray\u00f3 adem\u00e1s que la pol\u00edtica estadounidense hacia La Habana, a diferencia de la aplicada a Venezuela u otros pa\u00edses, est\u00e1 determinada en parte por una legislaci\u00f3n aprobada por el Congreso. \u201cLa pol\u00edtica de EEUU hacia Cuba [\u2026] est\u00e1 codificada, est\u00e1 en estatuto, hay una ley y esa ley regula lo que podemos y no podemos hacer con Cuba\u201d, se\u00f1al\u00f3. Bajo esa legislaci\u00f3n la normalizaci\u00f3n plena entre ambos pa\u00edses no puede producirse sin \u201cuna democracia funcional o al menos pasos hacia una democracia funcional\u201d.","title":"Rubio dice que Cuba necesita un camino irreversible hacia la democracia","topic":null,"translation_language":"","url":"https://www.martinoticias.com/a/rubio-dice-que-cuba-necesita-un-camino-irreversible-hacia-la-democracia/476807.html","video_url":null,"youtube_conversion_active":false,"youtube_conversion_error":"","youtube_conversion_status":""}],"next_num":3,"page":2,"pages":4,"per_page":20,"prev_num":1,"total":77}
