{"applied_filters":{"end_date":"","lang":"","language":"","network":"OCB","page":3,"per_page":20,"search":"","source":"","start_date":"","topic":"","type":""},"available_filters":{"language_choices":[{"label":"Choose Language","value":""},{"label":"English","value":"English"},{"label":"Espa\u00f1ol","value":"Espa\u00f1ol"}],"network_choices":[{"label":"All networks","value":""},{"label":"OCB","value":"OCB"}],"source_choices":[{"label":"All sources","value":""},{"label":"Manual Ocb Espanol","value":"manual_ocb_espanol"},{"label":"OCB \u00b7 Caf\u00e9 Digital","value":"ocb_spanish_audio_html_scrape"},{"label":"OCB \u00b7 Liberaci\u00f3n","value":"ocb_spanish_audio_html_scrape_1001"},{"label":"OCB \u00b7 Programas de Radio Nuestra Am\u00e9rica","value":"ocb_spanish_audio_html_scrape_1016"},{"label":"OCB \u00b7 Agenda hemisf\u00e9rica","value":"ocb_spanish_audio_html_scrape_1028"},{"label":"OCB \u00b7 El futuro es ya","value":"ocb_spanish_audio_html_scrape_1056"},{"label":"OCB \u00b7 Foro abierto","value":"ocb_spanish_audio_html_scrape_1061"},{"label":"OCB \u00b7 Nicaragua al d\u00eda","value":"ocb_spanish_audio_html_scrape_1077"},{"label":"OCB \u00b7 La bola nostra","value":"ocb_spanish_audio_html_scrape_1078"},{"label":"OCB \u00b7 Taller de prensa","value":"ocb_spanish_audio_html_scrape_1103"},{"label":"OCB \u00b7 Las noticias como son","value":"ocb_spanish_audio_html_scrape_142"},{"label":"OCB \u00b7 Abriendo Espacios","value":"ocb_spanish_audio_html_scrape_562"},{"label":"OCB \u00b7 Mart\u00ed Noticias A.M.","value":"ocb_spanish_audio_html_scrape_668"},{"label":"OCB Spanish Audio","value":"ocb_spanish_audio_scrape"},{"label":"OCB Spanish Video","value":"ocb_spanish_video_scrape"},{"label":"Radiotelevisionmarti","value":"radiotelevisionmarti_com_direct"},{"label":"Radiotelevisionmarti","value":"radiotelevisionmarti_com_rss"},{"label":"TV Mart\u00ed Noticias YouTube","value":"tv_marti_noticias_youtube_playlists"}],"sources":["manual_ocb_espanol","ocb_spanish_audio_html_scrape","ocb_spanish_audio_html_scrape_1001","ocb_spanish_audio_html_scrape_1016","ocb_spanish_audio_html_scrape_1028","ocb_spanish_audio_html_scrape_1056","ocb_spanish_audio_html_scrape_1061","ocb_spanish_audio_html_scrape_1077","ocb_spanish_audio_html_scrape_1078","ocb_spanish_audio_html_scrape_1103","ocb_spanish_audio_html_scrape_142","ocb_spanish_audio_html_scrape_562","ocb_spanish_audio_html_scrape_668","ocb_spanish_audio_scrape","ocb_spanish_video_scrape","radiotelevisionmarti_com_direct","radiotelevisionmarti_com_rss","tv_marti_noticias_youtube_playlists"],"topics":["Abriendo Espacios","Agenda hemisf\u00e9rica","Am\u00e9rica Latina, VENEZUELA, Maiquetia","Asuntos de Estado","Audiovisuales Mart\u00ed","Audiovisuales Mart\u00ed, Cuba turismo, crisis del turismo en Cuba","Audiovisuales Mart\u00ed, VENEZUELA, apagones","Barrio Adentro","Caf\u00e9 Digital","Como Come Cuba, cuba, Como Come Cuba","Cuba Habla","Cuba Habla, Cuba","Cuba al D\u00eda","Cuba al D\u00eda, Cuba","Cuba en la Memoria","De cara al sol","Derechos Humanos, cuba, exilio, c\u00e1ncer, Ram\u00f3n Sa\u00fal S\u00e1nchez","El futuro es ya","Especiales, Exilio cubano, Freedom tower, \"Libertad\", Torre de la Libertad de Miami, Exilio cubano en Miami","Especiales, jos\u00e9 mart\u00ed, Exilio cubano","Esperando un techo, cuba, crisis, vivienda, derrumbes, techo, paredes, EsperandounTecho","Foro abierto","Hablando claro","Info Mart\u00ed","Info Mart\u00ed , Brigada 2506","Info Mart\u00ed , Cuba","Info Mart\u00ed , Estados Unidos, Colombia","Info Mart\u00ed , Estados Unidos, VENEZUELA","Info Mart\u00ed , estados unidos, Venezuela","Info Mart\u00ed , presos politicos, torturas, VENEZUELA","Kentu-Cubano, cuba, cubanos, Kentucky, migrantes, KentoCubano","La libertad es una librer\u00eda","Las Noticias Como Son, Cuba","Las noticias como son","Lawton Libre","Liberaci\u00f3n","Mart\u00ed Noticias A.M.","Mart\u00ed Noticias AM","Mart\u00ed en el Mundial 2026","Nicaragua al d\u00eda","Noticiero Mart\u00ed Noticias","Noticiero Mart\u00ed Noticias, Cuba","Programas de Radio Nuestra Am\u00e9rica","Radio Mart\u00ed","Ser Madre en cuba, cuba, hambre, r\u00e9gimen, madre, negligencia, Testimonios, Crisis Econ\u00f3mica, madre cubana, Crisis Alimentaria","Ser viejo en Cuba, cuba, cubanos, crisis, alimentos, ancianos, viejos, vejez","Taller de prensa","adri%C3%A1n del sol mi padre est%C3%A1 muy d%C3%A9bil","atienden a mas de 50 personas en santiago de cuba por presunta intoxicacion alimentaria","auge en contagios de dengue en cuba","aumenta a 379 la cifra de desaparecidos por terremoto en colombia hay 285 fallecidos","banco mundial desembolsa millonaria ayuda para afectados por terremoto en colombia","casi 300 fallecidos almenos 4 000 heridos y 140 desaparecidos a 7 dias del terremoto en colombia","cifra de muertos por el terremoto en colombia supera las 200 personas seg%C3%BAn reporte","colombia declara estado de emergencia durante 30 dias por grave calamidad","colombia ingresa formalmente al escudo de las am%C3%A9ricas liderado por washington","convocan marcha pac%C3%ADfica por la libertad de todos los presos pol%C3%ADticos en venezuela","crece reclutamiento de ni%C3%B1os y ni%C3%B1as en colombia por parte de grupos ilegales seg%C3%BAn hrw","creo que el presidente trump ir%C3%A1 a la habana antes de que termine su mandato","eeuu cierra acuerdo petrolero que le dar%C3%A1 importante control de reservas venezolanas","eeuu ecuador y colombia se reunen para acordar lucha contra mafias del narcotr%C3%A1fico","eeuu sostiene operaciones militares junto a ecuador cerca de la frontera con colombia","el papel peri%C3%B3dico de la habana autores sociedad patri%C3%B3tica de la habana y sociedad econ%C3%B3mica de amigos del pa%C3","gobierno de colombia da por terminada conversaciones con otros tres grupos armados ilegales","informe pide mayor presencia militar en cuba","jeffrey bartos en la onu","joven con vih permanece encarcelado tras protesta por apagones en guanabacoa","la bola nostra","la ola de robos a la infraestructura publica y privada agrava la crisis en cuba","la periodista independiente yoanni limonta reporta una protesta frente al gobierno provincial de cienfuegos tras apagones de mas","las farmacias privadas abren en cuba entre criticas por sus altos precios y dudas medicas sobre sus controles","m%C3%A1s hoteles menos hospitales","oea aprueba convocatoria urgente de cancilleres para condenar a la dictadura de nicaragua","padre castor %C3%A1lvarez devesa","rechazo en cuba a los festejos estatales durante el colapso de los servicios basicos","sismo de 7 4 en colombia deja m%C3%A1s de 100 muertos 87 heridos y 61 edificios colapsados","trump asegura que eeuu y venezuela est%C3%A1n haciendo una fortuna con acuerdo petrolero","venezuela todav%C3%ADa no est%C3%A1 preparada para celebrar elecciones reafirma donaldtrump","y solo estamos en verano autora grethel delgado %C3%A1lvarez"],"types":[["","All types"],["article","Articles"],["audio","Audio"],["video","Videos"],["clips","Clips"],["media","Media"]]},"has_next":true,"has_prev":true,"items":[{"article_body_paragraphs":[],"audio_source_url":"https://ocb-audio-ns.akamaized.net/cu/2026/09/03/20260903-120000-cu004-program.mp3","author":null,"available_dubs":[],"downloadable_assets":["https://ocb-audio-ns.akamaized.net/cu/2026/09/03/20260903-120000-cu004-program.mp3"],"duration_display":"0:00","duration_seconds":null,"embed_url":null,"id":14017,"image_caption":null,"image_url":"https://gdb.martinoticias.com/01000000-0a00-0242-bdd1-08dbc11b65e6_w1200_h630.jpg","is_clip":false,"is_youtube_embed":false,"item_type":"audio","item_type_label":"Audio","language_label":"Espa\u00f1ol","media_credit":null,"micro_label":"Audio program","micro_label_kind":"audio","network_label":"OCB","network_logo_url":"/static/uploads/direct_network_logos/ocb_0888427dcb1d.svg","published_at":"2026-09-03T12:00:00","published_at_display":"3 Sep 2026, 12:00 GMT","sequence_badge_label":null,"sequence_count":null,"sequence_count_label":null,"sequence_frames":[],"sequence_kind":null,"source_name":"ocb_spanish_audio_html_scrape_668","source_name_label":"OCB \u00b7 Mart\u00ed Noticias A.M.","source_type":"scrape","summary":"Revista informativa con los \u00faltimos acontecimientos ocurridos en Cuba y el mundo. Con entrevistas y temas de actualidad relacionados a la pol\u00edtica, la econom\u00eda y de inter\u00e9s general.","title":"Martinoticias AM","topic":"Mart\u00ed Noticias A.M.","translation_language":"","url":"https://www.martinoticias.com/a/475816.html","video_url":null,"youtube_conversion_active":false,"youtube_conversion_error":"","youtube_conversion_status":""},{"article_body_paragraphs":[],"audio_source_url":null,"author":"Mart\u00ed Noticias","available_dubs":[{"dubbed_video_url":"/static/video/direct_dubs/direct_dub_73_e7ba329a2a41.mp4","id":73,"label":"English","target_language":"en","target_language_label":"English","voice":"sage"}],"downloadable_assets":["https://ocb-video-ns.akamaized.net/pangeavideo/2026/08/9/9b/9bb3bc0b-5f8a-4e50-5a98-08decd6ea425_1080p.mp4?cb=ee2229f10"],"duration_display":"1:36","duration_seconds":96.0,"embed_url":null,"id":13935,"image_caption":null,"image_url":"https://gdb.martinoticias.com/9bb3bc0b-5f8a-4e50-5a98-08decd6ea425_tv_w1080_h608.jpg","is_clip":true,"is_youtube_embed":false,"item_type":"video","item_type_label":"Video","language_label":"Espa\u00f1ol","media_credit":"Mart\u00ed Noticias","micro_label":"Video report","micro_label_kind":"video","network_label":"OCB","network_logo_url":"/static/uploads/direct_network_logos/ocb_0888427dcb1d.svg","published_at":"2026-09-03T11:00:00","published_at_display":"3 Sep 2026, 11:00 GMT","sequence_badge_label":null,"sequence_count":null,"sequence_count_label":null,"sequence_frames":[],"sequence_kind":null,"source_name":"ocb_spanish_video_scrape","source_name_label":"OCB Spanish Video","source_type":"scrape","summary":"\"Muy mal\" as\u00ed califica desde Bayamo joven embarazada el servicio m\u00e9dico que recibe.","title":"Cuba Habla: \"Aqu\u00ed no hay nada en la farmancia, no hay nada\u201d","topic":"Cuba Habla, Cuba","translation_language":"","url":"https://www.martinoticias.com/a/cuba-habla-aqu%C3%AD-no-hay-nada-en-la-farmancia-no-hay-nada/476424.html","video_url":"https://ocb-video-ns.akamaized.net/pangeavideo/2026/08/9/9b/9bb3bc0b-5f8a-4e50-5a98-08decd6ea425_1080p.mp4?cb=ee2229f10","youtube_conversion_active":false,"youtube_conversion_error":"","youtube_conversion_status":""},{"article_body_paragraphs":[],"audio_source_url":"https://ocb-audio-ns.akamaized.net/cu/2026/09/03/d080752d-3a6e-447a-cff0-08decd5b38e4.mp3","author":null,"available_dubs":[],"downloadable_assets":["https://ocb-audio-ns.akamaized.net/cu/2026/09/03/d080752d-3a6e-447a-cff0-08decd5b38e4.mp3"],"duration_display":"0:00","duration_seconds":null,"embed_url":null,"id":13744,"image_caption":null,"image_url":"https://gdb.martinoticias.com/a76043c8-19cf-4ee8-2c38-08de3c04d4d2_w1200_h630.png","is_clip":false,"is_youtube_embed":false,"item_type":"audio","item_type_label":"Audio","language_label":"Espa\u00f1ol","media_credit":null,"micro_label":"Audio program","micro_label_kind":"audio","network_label":"OCB","network_logo_url":"/static/uploads/direct_network_logos/ocb_0888427dcb1d.svg","published_at":"2026-09-03T03:26:26","published_at_display":"3 Sep 2026, 03:26 GMT","sequence_badge_label":null,"sequence_count":null,"sequence_count_label":null,"sequence_frames":[],"sequence_kind":null,"source_name":"ocb_spanish_audio_scrape","source_name_label":"OCB Spanish Audio","source_type":"scrape","summary":"Develando al Castrismo.","title":"Jeffrey Bartos en la ONU","topic":"jeffrey bartos en la onu","translation_language":"","url":"https://www.martinoticias.com/a/jeffrey-bartos-en-la-onu/476879.html","video_url":null,"youtube_conversion_active":false,"youtube_conversion_error":"","youtube_conversion_status":""},{"article_body_paragraphs":[],"audio_source_url":null,"author":"Redacci\u00f3n Mart\u00ed Noticias","available_dubs":[],"downloadable_assets":["https://gdb.martinoticias.com/564f085b-56ed-4b70-0429-08decd63a0c8_w1600_r1_n_s.png"],"duration_display":"0:00","duration_seconds":null,"embed_url":null,"id":13698,"image_caption":"EEUU intercepta embarcaci\u00f3n que operaba como estaci\u00f3n flotante de reabastecimiento de combustible en apoyo de operaciones de narcotr\u00e1fico","image_url":"https://gdb.martinoticias.com/564f085b-56ed-4b70-0429-08decd63a0c8_w1600_r1_n_s.png","is_clip":false,"is_youtube_embed":false,"item_type":"article","item_type_label":"Article","language_label":"Espa\u00f1ol","media_credit":"Redacci\u00f3n Mart\u00ed Noticias","micro_label":"Photo","micro_label_kind":"gallery","network_label":"OCB","network_logo_url":"/static/uploads/direct_network_logos/ocb_0888427dcb1d.svg","published_at":"2026-09-03T01:28:52","published_at_display":"3 Sep 2026, 01:28 GMT","sequence_badge_label":null,"sequence_count":null,"sequence_count_label":null,"sequence_frames":[],"sequence_kind":null,"source_name":"radiotelevisionmarti_com_rss","source_name_label":"Radiotelevisionmarti","source_type":"rss","summary":"Fuerzas estadounidenses interceptaron y posteriormente hundieron una embarcaci\u00f3n que funcionaba como punto flotante de abastecimiento de combustible para operaciones de narcotr\u00e1fico en aguas internacionales del Pac\u00edfico Oriental, inform\u00f3 el Comando Sur (SOUTHCOM). La operaci\u00f3n fue realizada el 2 de septiembre por la Fuerza de Tarea Conjunta del Hemisferio Occidental (JTF-WHEM), bajo la direcci\u00f3n del comandante de SOUTHCOM, general Francis L. Donovan, y en coordinaci\u00f3n con el Gobierno de Ecuador. SOUTHCOM asegur\u00f3 que informaci\u00f3n de inteligencia permiti\u00f3 determinar que la embarcaci\u00f3n prestaba apoyo a Los Choneros, organizaci\u00f3n criminal ecuatoriana a la que Estados Unidos identifica como una organizaci\u00f3n narcoterrorista. Infantes de Marina y marineros estadounidenses desplegados desde el USS San Antonio (LPD 17) interceptaron y abordaron la embarcaci\u00f3n, que posteriormente fue registrada y asegurada sin incidentes, de acuerdo con el comunicado. Las personas que se encontraban a bordo fueron rescatadas y est\u00e1n siendo entregadas a las autoridades ecuatorianas, indic\u00f3 SOUTHCOM. El Ministerio de Defensa Nacional de Ecuador confirm\u00f3 la operaci\u00f3n y se\u00f1al\u00f3 que el buque estaba vinculado al Grupo de Delincuencia Organizada Los Choneros. \u201cLa embarcaci\u00f3n, vinculada al Grupo de Delincuencia Organizada \u2018Los Choneros\u2019, serv\u00eda para sostener las operaciones criminales en el mar y fue neutralizada gracias a la acci\u00f3n de nuestro coaliado, Comando Sur de los Estados Unidos\u201d, se\u00f1al\u00f3 la instituci\u00f3n ecuatoriana. SOUTHCOM sostuvo que la interdicci\u00f3n permiti\u00f3 eliminar un punto de la cadena log\u00edstica utilizada por las redes de narcotr\u00e1fico y enmarc\u00f3 la operaci\u00f3n dentro de los objetivos de la Coalici\u00f3n Americana contra los C\u00e1rteles (A3C) y de la JTF-WHEM. \u201cEstamos tomando medidas decisivas para desmantelar y destruir las sofisticadas redes log\u00edsticas utilizadas por los narcoterroristas para traficar drogas y propagar la violencia en todo el hemisferio occidental\u201d, afirm\u00f3 Donovan.","title":"EEUU y Ecuador desmantelan punto flotante de combustible para narcotr\u00e1fico en el Pac\u00edfico Oriental","topic":null,"translation_language":"","url":"https://www.martinoticias.com/a/eeuu-y-ecuador-desmantelan-punto-flotante-de-combustible-para-narcotr%c3%a1fico-en-el-pac%c3%adfico-oriental/476877.html","video_url":null,"youtube_conversion_active":false,"youtube_conversion_error":"","youtube_conversion_status":""},{"article_body_paragraphs":[],"audio_source_url":"https://ocb-audio-ns.akamaized.net/cu/2026/09/02/6d3998f5-0542-4d77-bc81-08def2b1d8dc_hq.mp3","author":"Ivette Pacheco","available_dubs":[],"downloadable_assets":["https://ocb-audio-ns.akamaized.net/cu/2026/09/02/6d3998f5-0542-4d77-bc81-08def2b1d8dc_hq.mp3","https://gdb.martinoticias.com/80962E7F-2145-4DED-99F3-469F149994FA_cx0_cy9_cw0_w1600_r1_n_s.jpg"],"duration_display":"3:00","duration_seconds":180.0,"embed_url":null,"id":13701,"image_caption":"Tendido el\u00e9ctrico en Guant\u00e1namo, Cuba. Foto Archivo REUTERS/Carlos Barria/File Photo","image_url":"https://gdb.martinoticias.com/80962E7F-2145-4DED-99F3-469F149994FA_cx0_cy9_cw0_w1600_r1_n_s.jpg","is_clip":false,"is_youtube_embed":false,"item_type":"audio","item_type_label":"Audio","language_label":"Espa\u00f1ol","media_credit":"Ivette Pacheco","micro_label":"Audio program","micro_label_kind":"audio","network_label":"OCB","network_logo_url":"/static/uploads/direct_network_logos/ocb_0888427dcb1d.svg","published_at":"2026-09-03T01:08:58","published_at_display":"3 Sep 2026, 01:08 GMT","sequence_badge_label":null,"sequence_count":null,"sequence_count_label":null,"sequence_frames":[],"sequence_kind":null,"source_name":"radiotelevisionmarti_com_rss","source_name_label":"Radiotelevisionmarti","source_type":"rss","summary":"El mercado negro de infraestructura b\u00e1sica se expande en Cuba ante la escasez y los cortes de luz.","title":"La ola de robos a la infraestructura p\u00fablica y privada agrava la crisis en Cuba","topic":null,"translation_language":"","url":"https://www.martinoticias.com/a/la-crisis-y-los-largos-apagones-disparan-el-robo-de-infraestructura-p%c3%bablica-en-cuba/476830.html","video_url":null,"youtube_conversion_active":false,"youtube_conversion_error":"","youtube_conversion_status":""},{"article_body_paragraphs":[],"audio_source_url":null,"author":"Ivette Pacheco","available_dubs":[],"downloadable_assets":["https://gdb.martinoticias.com/80962E7F-2145-4DED-99F3-469F149994FA_cx0_cy9_cw0_w1600_r1_n_s.jpg"],"duration_display":"0:00","duration_seconds":null,"embed_url":null,"id":13700,"image_caption":"Tendido el\u00e9ctrico en Guant\u00e1namo, Cuba. Foto Archivo REUTERS/Carlos Barria/File Photo","image_url":"https://gdb.martinoticias.com/80962E7F-2145-4DED-99F3-469F149994FA_cx0_cy9_cw0_w1600_r1_n_s.jpg","is_clip":false,"is_youtube_embed":false,"item_type":"article","item_type_label":"Article","language_label":"Espa\u00f1ol","media_credit":"Ivette Pacheco","micro_label":"Photo","micro_label_kind":"gallery","network_label":"OCB","network_logo_url":"/static/uploads/direct_network_logos/ocb_0888427dcb1d.svg","published_at":"2026-09-03T01:08:58","published_at_display":"3 Sep 2026, 01:08 GMT","sequence_badge_label":null,"sequence_count":null,"sequence_count_label":null,"sequence_frames":[],"sequence_kind":null,"source_name":"radiotelevisionmarti_com_rss","source_name_label":"Radiotelevisionmarti","source_type":"rss","summary":"El robo de infraestructura el\u00e9ctrica, telef\u00f3nica y de agua potable se ha extendido por varias provincias de Cuba. Conductores de cobre, tramos de fibra, bombas de agua y componentes del mobiliario urbano son extra\u00eddos para abastecer un mercado informal marcado por precios inalcanzables para el salario medio del trabajador estatal. La falta de suministros en las tiendas estatales y la escasez generalizada han convertido el material de servicio p\u00fablico en una mercanc\u00eda cotizada. A esto se suman los prolongados apagones en que los vecindarios permanecen a oscuras. En la localidad de Anafe, en el municipio Bauta, los residentes reportan la interrupci\u00f3n de la red telef\u00f3nica fija tras el corte de los tendidos que van desde los postes hasta las viviendas. \"En casa de mi hermana se robaron el cable del tel\u00e9fono fijo, el que va del poste a la casa\", relata una residente de la zona. Un vecino del lugar explica que tambi\u00e9n se llevaron el cable telef\u00f3nico en un tramo que abarca dos postes del tendido. Situaciones similares ocurren en la provincia de Ciego de \u00c1vila, donde la poblaci\u00f3n enfrenta cortes del suministro el\u00e9ctrico de m\u00e1s de 20 horas continuas al d\u00eda. En estas circunstancias, se reporta la sustracci\u00f3n de las l\u00edneas de acometida que conectan las redes de distribuci\u00f3n con los contadores de los hogares. Oscar Cervantes, residente en Ciego de \u00c1vila, indica que en su cuadra se han registrado varios robos de l\u00edneas el\u00e9ctricas domiciliarias: \"A un chapista le llevaron los cables que alimentan del poste a la casa. Dan cuenta a la planta el\u00e9ctrica y no hacen presencia ah\u00ed, no asumen la responsabilidad hasta 10 o 15 d\u00edas, con las casas a oscuras\". Cervantes explica que el material sustra\u00eddo suele destinarse al mercado informal o a conexiones irregulares entre viviendas. \"La ferreter\u00eda aqu\u00ed no vende cables. Hay mucha gente que usa tendederas para asociarse a otra casa... van y lo pican en un lugar sin riesgo ninguno porque nunca hay corriente. En la calle lo venden a un precio: el ajeno tiene y el Estado no tiene nada\". El desmantelamiento de la infraestructura alcanza tambi\u00e9n a las instalaciones de salud y al mobiliario p\u00fablico. En Sancti Sp\u00edritus, el incremento del precio de los repuestos en el sector privado y las MiPymes ha elevado la demanda de suministros en la econom\u00eda subterr\u00e1nea. Adriano Casta\u00f1eda, activista de esa localidad, se\u00f1ala que el valor de una motobomba de agua supera los 30.000 pesos en moneda nacional, mientras que un metro de cable el\u00e9ctrico se cotiza sobre los 300 pesos. \"Estamos viendo constantemente el robo de cables el\u00e9ctricos, tuber\u00edas de agua y motobombas. En un parque de Sancti Sp\u00edritus se llevaron siete bancos de aluminio en lo que va de a\u00f1o para venderlos como materia prima\", afirma Casta\u00f1eda. \"En el Hospital Provincial se llevan lo que puedan vender en la calle. Tambi\u00e9n se han robado el aceite de los transformadores por el d\u00e9ficit de combustible que hay\", apunt\u00f3. Los testimonios indican que la falta de alumbrado durante las horas sin servicio el\u00e9ctrico coincide con la sustracci\u00f3n de estos insumos p\u00fablicos, en un contexto donde las empresas estatales demoran semanas en reponer los da\u00f1os en las redes de las viviendas afectadas. Esta misma semana la Embajada de Estados Unidos en La Habana emiti\u00f3 una alerta de seguridad ante el incremento de delitos relacionados con veh\u00edculos en la capital. \"El deterioro de las condiciones econ\u00f3micas ha provocado un aumento generalizado de la delincuencia en Cuba\", coment\u00f3 la sede diplom\u00e1tica.","title":"La crisis y los largos apagones disparan el robo de infraestructura p\u00fablica en Cuba","topic":null,"translation_language":"","url":"https://www.martinoticias.com/a/la-crisis-y-los-largos-apagones-disparan-el-robo-de-infraestructura-p%c3%bablica-en-cuba/476830.html","video_url":null,"youtube_conversion_active":false,"youtube_conversion_error":"","youtube_conversion_status":""},{"article_body_paragraphs":[],"audio_source_url":"https://ocb-audio-ns.akamaized.net/cu/2026/09/03/20260903-000000-cu004-program.mp3","author":null,"available_dubs":[],"downloadable_assets":["https://ocb-audio-ns.akamaized.net/cu/2026/09/03/20260903-000000-cu004-program.mp3"],"duration_display":"0:00","duration_seconds":null,"embed_url":null,"id":13688,"image_caption":null,"image_url":"https://gdb.martinoticias.com/a960ff74-708e-4671-c10e-08de3cb98067_w1200_h630.png","is_clip":false,"is_youtube_embed":false,"item_type":"audio","item_type_label":"Audio","language_label":"Espa\u00f1ol","media_credit":null,"micro_label":"Audio program","micro_label_kind":"audio","network_label":"OCB","network_logo_url":"/static/uploads/direct_network_logos/ocb_0888427dcb1d.svg","published_at":"2026-09-03T00:00:00","published_at_display":"3 Sep 2026, 00:00 GMT","sequence_badge_label":null,"sequence_count":null,"sequence_count_label":null,"sequence_frames":[],"sequence_kind":null,"source_name":"ocb_spanish_audio_scrape","source_name_label":"OCB Spanish Audio","source_type":"scrape","summary":"Un resumen de las noticias m\u00e1s importantes de Cuba y el mundo.","title":"Noticiero de Radio Mart\u00ed 8:00 PM","topic":"Radio Mart\u00ed","translation_language":"","url":"https://www.martinoticias.com/a/475768.html","video_url":null,"youtube_conversion_active":false,"youtube_conversion_error":"","youtube_conversion_status":""},{"article_body_paragraphs":[],"audio_source_url":null,"author":"Edgardo Pinell Medina","available_dubs":[],"downloadable_assets":["https://gdb.martinoticias.com/d8ab0a6e-ab45-4cfc-a950-2c1821353f98_w1600_r1_n_s.jpg"],"duration_display":"0:00","duration_seconds":null,"embed_url":null,"id":13663,"image_caption":"Presidente de Nicaragua, Daniel Ortega","image_url":"https://gdb.martinoticias.com/d8ab0a6e-ab45-4cfc-a950-2c1821353f98_w1600_r1_n_s.jpg","is_clip":false,"is_youtube_embed":false,"item_type":"article","item_type_label":"Article","language_label":"Espa\u00f1ol","media_credit":"Edgardo Pinell Medina","micro_label":"Photo","micro_label_kind":"gallery","network_label":"OCB","network_logo_url":"/static/uploads/direct_network_logos/ocb_0888427dcb1d.svg","published_at":"2026-09-02T23:40:23","published_at_display":"2 Sep 2026, 23:40 GMT","sequence_badge_label":null,"sequence_count":null,"sequence_count_label":null,"sequence_frames":[],"sequence_kind":null,"source_name":"radiotelevisionmarti_com_rss","source_name_label":"Radiotelevisionmarti","source_type":"rss","summary":"La Asociaci\u00f3n Madres de Abril denunci\u00f3 que Thelma Montenegro, una de las integrantes del colectivo que permanece en Nicaragua, fue detenida de forma arbitraria tras acudir a una delegaci\u00f3n policial para renovar su licencia de conducir. Montenegro es hermana de Oliver y Edgard Montenegro y viuda de Francisco Bland\u00f3n, \"asesinados presuntamente por paramilitares afines al r\u00e9gimen\" de Nicaragua que dirigen Daniel Ortega y Rosario Murillo, en el municipio El Cu\u00e1 (norte), en 2019, se\u00f1al\u00f3 la asociaci\u00f3n en un comunicado. \"Thelma ha exigido procesos de verdad y justicia por sus familiares\", a\u00f1adi\u00f3 el texto que recuerda que otros miembros de la familia de Montenegro (Dorlin y Oliver Montenegro) estuvieron encarcelados de 2020 a 2023, y posteriormente desnacionalizados, desterrados y tildados de traidores a la patria. De acuerdo con la asociaci\u00f3n, que aglutina a familiares de v\u00edctimas mortales de la represi\u00f3n del r\u00e9gimen sandinista durante la rebeli\u00f3n de abril de 2018, Montenegro fue detenida inicialmente el mi\u00e9rcoles 19 de agosto cuando se present\u00f3 para realizar un tr\u00e1mite de renovaci\u00f3n de su licencia de conducir. Permaneci\u00f3 detenida en la jefatura Policial de la ciudad de Pantasma, en el departamento de Jinotega, hasta la tarde del s\u00e1bado 22 de agosto, cuando fue liberada. Al d\u00eda siguiente, una patrulla policial volvi\u00f3 a llegar para llev\u00e1rsela. Tras la insistencia y la b\u00fasqueda de informaci\u00f3n por parte de sus familiares, el 25 de agosto se les inform\u00f3 que Montenegro hab\u00eda sido trasladada a Managua y desde entonces no se conoce nada de ella. \"Esta nueva detenci\u00f3n constituye un grave motivo de preocupaci\u00f3n y se produce en un contexto de persecuci\u00f3n, hostigamiento y criminalizaci\u00f3n contra personas defensoras de derechos humanos, familiares de v\u00edctimas y personas vinculadas a la demanda de verdad y justicia en Nicaragua\", apunt\u00f3 la asociaci\u00f3n que tambi\u00e9n demand\u00f3 su liberaci\u00f3n inmediata. Josefa Meza, integrante de la Asociaci\u00f3n Madre de Abril que desde hace 8 a\u00f1os demanda verdad, justicia y reparaci\u00f3n para las v\u00edctimas de la represi\u00f3n del r\u00e9gimen Ortega Murillo, cree que quiz\u00e1s \u201cThelma nunca esper\u00f3 que el gobierno tomara represalias contra una persona que ha sido v\u00edctima, sobre todo, despu\u00e9s de que le mataron a su esposo y hermanos\u201d. \u201cAdem\u00e1s de ser una v\u00edctima siguen revictimizando a Thelma porque la tienen detenida\u201d, a\u00f1adi\u00f3. \u201cElla es una mujer que no representa un peligro para nadie. Ha luchado a la par de nosotros por el derecho a la libertad de pensamiento y por la demanda de justicia para nuestros hijos que fueron asesinados\u201d. Meza, quien perdi\u00f3 a su hijo Jonathan Eduardo Moraz\u00e1n Meza a manos de paramilitares del r\u00e9gimen el 30 de mayo de 2018 en Managua, no se mostr\u00f3 sorprendida por el ensa\u00f1amiento contra una v\u00edctima de los Ortega Murillo porque \u201cel gobierno nunca ha aceptado de que ellos han sido los asesinos de nuestros hijos\u201d. \u201cSon personas despiadadas a quienes lo que le interesa es mantenerse en el poder y no les importa si es a sangre y fuego y continuar matando. Esa es la realidad, as\u00ed son los sandinistas\u201d, indic\u00f3 Meza quien por demandar verdad y justicia vio en riesgo su seguridad y se vio obligada a exiliarse. El hijo de Meza ten\u00eda apenas 21 a\u00f1os y era estudiante de dise\u00f1o gr\u00e1fico al momento de su asesinato. \u201cNo era ning\u00fan delincuente como dice el gobierno, como dice el dictador\u201d, reclama. Visibilizar a las v\u00edctimas Meza agreg\u00f3 que a pesar de los obst\u00e1culos \u201cseguimos adelante en busca de esa justicia que necesitamos para que en Nicaragua nunca m\u00e1s vuelvan a ver asesinados por pensar diferente\u201d. Lament\u00f3 que, en medio del debate pol\u00edtico e internacional, \u201clas v\u00edctimas mortales son las menos visibilizadas, se han olvidado de ellas cuando es lo principal porque ning\u00fan derecho se puede reclamar si no hay el principal, el derecho a la vida\u201d. \"Las cosas van cambiando en el hemisferio y tenemos esperanza de que la dictadura sea eliminada de una vez por todas porque son una dictadura igual que la de Cuba que ha hecho mucho da\u00f1o a la gente y han empobrecido a la poblaci\u00f3n mientras se han enriquecido hasta la saciedad\u201d, indic\u00f3.","title":"Asociaci\u00f3n Madres de Abril exige la liberaci\u00f3n de Thelma Montenegro y denuncia persecuci\u00f3n en Nicaragua","topic":null,"translation_language":"","url":"https://www.martinoticias.com/a/asociaci%c3%b3n-madres-de-abril-exige-la-liberaci%c3%b3n-de-thelma-montenegro-y-denuncia-persecuci%c3%b3n-en-nicaragua/476821.html","video_url":null,"youtube_conversion_active":false,"youtube_conversion_error":"","youtube_conversion_status":""},{"article_body_paragraphs":[],"audio_source_url":null,"author":"Yolanda Huerga","available_dubs":[],"downloadable_assets":["https://gdb.martinoticias.com/01000000-0aff-0242-4a9e-08dc02347bb0_w1600_r1_n_s.jpg"],"duration_display":"0:00","duration_seconds":null,"embed_url":null,"id":13665,"image_caption":"Sede de una peque\u00f1a empresa (mipyme) que comercializa alimentos en La Habana.","image_url":"https://gdb.martinoticias.com/01000000-0aff-0242-4a9e-08dc02347bb0_w1600_r1_n_s.jpg","is_clip":false,"is_youtube_embed":false,"item_type":"article","item_type_label":"Article","language_label":"Espa\u00f1ol","media_credit":"Yolanda Huerga","micro_label":"Photo","micro_label_kind":"gallery","network_label":"OCB","network_logo_url":"/static/uploads/direct_network_logos/ocb_0888427dcb1d.svg","published_at":"2026-09-02T23:26:55","published_at_display":"2 Sep 2026, 23:26 GMT","sequence_badge_label":null,"sequence_count":null,"sequence_count_label":null,"sequence_frames":[],"sequence_kind":null,"source_name":"radiotelevisionmarti_com_rss","source_name_label":"Radiotelevisionmarti","source_type":"rss","summary":"En medio de una severa crisis que mantiene contra las cuerdas al aparato productivo nacional, el r\u00e9gimen cubano aprob\u00f3 el Decreto-Ley 133 de 2026, una normativa que elimina el l\u00edmite de contrataciones para las micro, peque\u00f1as y medianas empresas (MIPYMES). Con esta medida, englobada dentro del paquete de 176 \u201ctransformaciones econ\u00f3micas y sociales\u201d, el Gobierno dar\u00e1 paso a negocios privados con m\u00e1s de 100 trabajadores sin establecer un tope m\u00e1ximo de empleados. Economistas entrevistados por Mart\u00ed Noticias, han acogido el anuncio con marcado escepticismo, calific\u00e1ndolo como un ajuste est\u00e9ril para la magnitud del colapso financiero que atraviesa la isla. Emilio Morales se\u00f1al\u00f3 que las disposiciones no representan un avance sustancial ni otorgan un entorno de libre mercado aut\u00e9ntico: \"Lo que el gobierno cubano acaba de autorizar no es nada extraordinario, es lo que normalmente ocurre en cualquier pa\u00eds del mundo. Que tengan m\u00e1s de 100 trabajadores no significa absolutamente nada, no van a superar el problema de la econom\u00eda\", se\u00f1al\u00f3 Emilio Morales. La nueva regulaci\u00f3n tambi\u00e9n concede autorizaci\u00f3n a estas compa\u00f1\u00edas para establecer sucursales en cualquier provincia del pa\u00eds. Asimismo, contempla la realizaci\u00f3n de importaciones y exportaciones de forma directa, aunque supeditadas a la aprobaci\u00f3n del Ministerio del Comercio Exterior y la Inversi\u00f3n Extranjera (MINCEX). \u201cTienen que seguir con los permisos para poder importar y exportar; no tienen ninguna autonom\u00eda para eso, tienen que depender del Ministerio de Comercio Exterior. Tampoco pueden manejar los precios como ellos quieran, tienen que estar regidos por los topes de precio que el gobierno ponga\u201d, indic\u00f3 Morales. \u201cNo veo ninguna mejor\u00eda cuando lo que tenemos en el frente es una econom\u00eda que est\u00e1 derrumbada. Siguen limitadas porque solo van a abrir cuentas en la moneda nacional, la moneda que no sirve y est\u00e1 con tremenda inflaci\u00f3n\u201d, apunt\u00f3. En materia fiscal y bancaria, el Banco Central de Cuba (BCC) exigir\u00e1 a los socios el dep\u00f3sito de un capital inicial y la acreditaci\u00f3n formal de su procedencia previo a la aprobaci\u00f3n de la entidad. Entre los derechos y libertades anunciados destacan la autonom\u00eda para fijar salarios y precios dentro del sector privado. De forma paralela, el decreto legaliza la impartici\u00f3n de clases particulares privadas fuera de los horarios escolares y autoriza el aprendizaje privado de idiomas, sujeto a que los docentes certifiquen al menos un nivel B1 de dominio ling\u00fc\u00edstico. Por su parte, el economista El\u00edas Amor coincidi\u00f3 en que la medida responde a la din\u00e1mica elemental del crecimiento empresarial, pero advirti\u00f3 sobre un trasfondo de control pol\u00edtico tras el incentivo al gran tama\u00f1o corporativo: \"Lo que vienen es a plantear algo que es absolutamente normal en cualquier econom\u00eda: un negocio arranca de una dimensi\u00f3n chiquita y cuando las cosas le van bien va cogiendo tama\u00f1o. En Cuba, el sentimiento empresarial peque\u00f1o est\u00e1 arraigado a pesar de que el r\u00e9gimen comunista lo ha querido eliminar durante 67 a\u00f1os.\" \"Yo creo que es mucho m\u00e1s interesante para el futuro de la econom\u00eda cubana basarse en las medianas y peque\u00f1as empresas, en los trabajadores por cuenta propia y en los campesinos independientes, que promover el nacimiento de grandes empresas. El r\u00e9gimen lo que quiere es permitir que las empresas crezcan para luego dominarlas. Es m\u00e1s f\u00e1cil dominar a esas empresas grandes que viven del r\u00e9gimen que a las pymes libres. No le doy ninguna trascendencia econ\u00f3mica a este tipo de medidas\", puntualiz\u00f3 Amor. Aunque el Decreto-Ley 133 intenta proyectar una imagen de apertura estrat\u00e9gica hacia el sector privado, el an\u00e1lisis t\u00e9cnico sugiere que la burocracia centralizada y las distorsiones monetarias continuar\u00e1n limitando el despegue econ\u00f3mico real en la isla.","title":"Quieren que crezcan para dominarlas: economistas dudan de la apertura a MIPYMES en Cuba","topic":null,"translation_language":"","url":"https://www.martinoticias.com/a/quieren-que-crezcan-para-dominarlas-economistas-dudan-de-la-apertura-a-mipymes-en-cuba/476828.html","video_url":null,"youtube_conversion_active":false,"youtube_conversion_error":"","youtube_conversion_status":""},{"article_body_paragraphs":[],"audio_source_url":"https://ocb-audio-ns.akamaized.net/cu/2026/09/02/20260902-153000-cu004-program_hq.mp3","author":"Janisset Rivero","available_dubs":[],"downloadable_assets":["https://ocb-audio-ns.akamaized.net/cu/2026/09/02/20260902-153000-cu004-program_hq.mp3","https://gdb.martinoticias.com/a4187ccf-191b-4c2b-7c9e-08def2b1c8fe_w1600_r1_n_s.jpg"],"duration_display":"30:00","duration_seconds":1800.0,"embed_url":null,"id":13647,"image_caption":"El ministro de Comercio Exterior y la Inversi\u00f3n Extranjera de Cuba, Oscar P\u00e9rez-Oliva Fraga, observa un autom\u00f3vil de fabricaci\u00f3n china a la venta durante la 41.\u00aa Feria Internacional de La Habana, el 25 de noviembre de 2025. ADALBERTO ROQUE / AFP","image_url":"https://gdb.martinoticias.com/a4187ccf-191b-4c2b-7c9e-08def2b1c8fe_w1600_r1_n_s.jpg","is_clip":false,"is_youtube_embed":false,"item_type":"audio","item_type_label":"Audio","language_label":"Espa\u00f1ol","media_credit":"Janisset Rivero","micro_label":"Audio program","micro_label_kind":"audio","network_label":"OCB","network_logo_url":"/static/uploads/direct_network_logos/ocb_0888427dcb1d.svg","published_at":"2026-09-02T22:12:46","published_at_display":"2 Sep 2026, 22:12 GMT","sequence_badge_label":null,"sequence_count":null,"sequence_count_label":null,"sequence_frames":[],"sequence_kind":null,"source_name":"radiotelevisionmarti_com_rss","source_name_label":"Radiotelevisionmarti","source_type":"rss","summary":"La realidad de Cuba a trav\u00e9s del testimonio de residentes dentro de la isla, quienes actualizar\u00e1n el panorama interno de la mano de su conductora, la activista y escritora cubana Janisset Rivero.","title":"Pablo Morales March\u00e1n, Periodista independiente","topic":null,"translation_language":"","url":"https://www.martinoticias.com/a/van-apoder%c3%a1ndose-cada-vez-m%c3%a1s-de-la-habana-alertan-sobre-avance-de-comercios-chinos-en-cuba/476824.html","video_url":null,"youtube_conversion_active":false,"youtube_conversion_error":"","youtube_conversion_status":""},{"article_body_paragraphs":[],"audio_source_url":null,"author":"Janisset Rivero","available_dubs":[],"downloadable_assets":["https://gdb.martinoticias.com/a4187ccf-191b-4c2b-7c9e-08def2b1c8fe_w1600_r1_n_s.jpg"],"duration_display":"0:00","duration_seconds":null,"embed_url":null,"id":13646,"image_caption":"El ministro de Comercio Exterior y la Inversi\u00f3n Extranjera de Cuba, Oscar P\u00e9rez-Oliva Fraga, observa un autom\u00f3vil de fabricaci\u00f3n china a la venta durante la 41.\u00aa Feria Internacional de La Habana, el 25 de noviembre de 2025. ADALBERTO ROQUE / AFP","image_url":"https://gdb.martinoticias.com/a4187ccf-191b-4c2b-7c9e-08def2b1c8fe_w1600_r1_n_s.jpg","is_clip":false,"is_youtube_embed":false,"item_type":"article","item_type_label":"Article","language_label":"Espa\u00f1ol","media_credit":"Janisset Rivero","micro_label":"Photo","micro_label_kind":"gallery","network_label":"OCB","network_logo_url":"/static/uploads/direct_network_logos/ocb_0888427dcb1d.svg","published_at":"2026-09-02T22:12:46","published_at_display":"2 Sep 2026, 22:12 GMT","sequence_badge_label":null,"sequence_count":null,"sequence_count_label":null,"sequence_frames":[],"sequence_kind":null,"source_name":"radiotelevisionmarti_com_rss","source_name_label":"Radiotelevisionmarti","source_type":"rss","summary":"En la esquina de las calles 23 y 10, en el barrio habanero del Vedado, abri\u00f3 recientemente la tienda china Sumai (Sumni), una empresa estatal mixta con capital chino y cubano, que vende a los clientes en d\u00f3lares, mientras a la poblaci\u00f3n le pagan en el devaluado peso cubano. Esta tienda es parte de la creciente inversi\u00f3n del r\u00e9gimen chino en el espacio comercial de mayoristas en la Isla. \u201cLa penetraci\u00f3n china es m\u00e1s profunda de lo que la gente imagina, por ejemplo en el municipio Playa, en La Habana, he visto innumerables negocios que antes no exist\u00edan y la mayor\u00eda son de propietarios o inversionistas chinos\", dijo el periodista independiente Pablo Morales March\u00e1n en el espacio Barrio Adentro de Radio Mart\u00ed. El comunicador cit\u00f3 numerosos ejemplos, entre los que destaca a la estatal china Dongfeng Motor Corporation. \"Est\u00e1 la marca Dongfeng, que son de veh\u00edculos el\u00e9ctricos, tienen un showroom en 7ma y 20, donde tienen todos los sistemas de venta y de pago a trav\u00e9s efectivo y a trav\u00e9s de tarjetas. Tambi\u00e9n tienen solineras, que son lugares donde se recargan esos autos con paneles fotovoltaicos, a pesar de que haya apag\u00f3n para todo el resto de la comunidad. Ellos siempre tienen electricidad\". Morales March\u00e1n agreg\u00f3 que muchas de estas tiendas sirven a la \"c\u00fapula gobernante del r\u00e9gimen castro comunista\", que son los que tienen el poder adquisitivo para pagar en d\u00f3lares americanos. Negocios con capital estatal chino El periodista independiente inform\u00f3 sobre la proliferaci\u00f3n de los negocios con inversi\u00f3n del gobierno chino, fundamentalmente, de productos de energ\u00eda renovables como paneles solares, motos el\u00e9ctricas, y electrodom\u00e9sticos recargables, entre otros. \u201cLos chinos han invadido todos los mercados, especialmente Playa, que es el mercado natural donde vive la c\u00fapula gobernante y la direcci\u00f3n del pa\u00eds, y la clase media alta emergente en los barrios de Miramar, Flores, Atabey y Siboney. Ellos se han dedicado a buscar esos segmentos del mercado para satisfacer las necesidades de esas personas que son las \u00fanicas que tienen los d\u00f3lares y que tambi\u00e9n tienen ese poder adquisitivo. Estoy hablando, incluso, de gente del alto nivel de la direcci\u00f3n del pa\u00eds como Abel Gonz\u00e1lez Santamar\u00eda, un alto oficial de la Seguridad del Estado, Jefe del Museo de Historia de la polic\u00eda pol\u00edtica y que tambi\u00e9n es asesor del Consejo de Estado en materia de Seguridad\u201d, relat\u00f3. La apertura de almacenes chinos al estilo de un pulguero es un tema que desde fines del 2024 se ha estado comentando en redes y otras fuentes informales, y que, luego de las medidas econ\u00f3micas anunciadas por el primer ministro Manuel Marrero en la Asamblea Nacional del Poder Popular, se han materializado, como una soluci\u00f3n a la acuciante realidad econ\u00f3mica en la que el comunismo ha sumido a la Isla. Cubalex: R\u00e9gimen mantiene control estatal sobre la iniciativa privada en Cuba Otros lugares como Dong Te, que vende t\u00e9s de burbujas (buble) tambi\u00e9n ha abierto las puertas en el \u00faltimo a\u00f1o, con precios que son impagables para el cubano de a pie, que no percibe salarios competitivos, y carece de lo b\u00e1sico como la electricidad, los alimentos, y el agua para subsistir. \u201cAs\u00ed que la penetraci\u00f3n china econ\u00f3mica y militar y de inteligencia se va viendo cada vez m\u00e1s. Veo chinos trotando por el Malec\u00f3n habanero, haciendo yoga, participando en la vida nocturna en clubs de lujo [\u2026] y veo que los chinos van apoder\u00e1ndose cada vez m\u00e1s de los territorios en La Habana e, incluso, han abierto nuevos restaurantes como \u2018El pavo real\u2019, que est\u00e1 al lado del Puente de Hierro, en los l\u00edmites del municipio Playa con el municipio Plaza\u201d, constat\u00f3. Almacenes Sumai, un negocio mixto estatal del r\u00e9gimen de La Habana y el chino. Este fen\u00f3meno ocurre mientras la mayor\u00eda del pueblo cubano no tiene acceso a consumir bienes ni servicios ofrecidos por estos consorcios chinos, que indudablemente, de acuerdo al periodista, han venido a Cuba a fortalecer el poder de la c\u00fapula gobernante. En cuanto a los cuentapropistas cubanos, esos que no est\u00e1n conectados al poder, Morales March\u00e1n coment\u00f3 que est\u00e1n siendo afectados duramente por el control de precios, los impuestos excesivos y los apagones. \u201cCon motivo de evitar las excesivas ganancias lo que est\u00e1n es limitando la competencia y lo est\u00e1n haciendo de manera desleal, el grupo de poder, para ahogar las mypimes que no son de ellos y empoderar la mypimes que son del castrocomunismo\u201d, asever\u00f3. De esta manera el r\u00e9gimen, que quiere implementar medidas capitalistas para salvar al comunismo, vuelve a caer en contradicciones que ponen al descubierto la naturaleza intolerante y corrupta del sistema impuesto a los cubanos.","title":"\"Van apoder\u00e1ndose cada vez m\u00e1s de La Habana\", alertan sobre avance de comercios chinos en Cuba","topic":null,"translation_language":"","url":"https://www.martinoticias.com/a/van-apoder%c3%a1ndose-cada-vez-m%c3%a1s-de-la-habana-alertan-sobre-avance-de-comercios-chinos-en-cuba/476824.html","video_url":null,"youtube_conversion_active":false,"youtube_conversion_error":"","youtube_conversion_status":""},{"article_body_paragraphs":[],"audio_source_url":null,"author":"Redacci\u00f3n Mart\u00ed Noticias","available_dubs":[],"downloadable_assets":["https://gdb.martinoticias.com/9c328f80-2731-4e39-a4d7-ed670104e7ff_w1600_r1_n_s.jpg"],"duration_display":"0:00","duration_seconds":null,"embed_url":null,"id":13625,"image_caption":"Presidente Donald Trump","image_url":"https://gdb.martinoticias.com/9c328f80-2731-4e39-a4d7-ed670104e7ff_w1600_r1_n_s.jpg","is_clip":false,"is_youtube_embed":false,"item_type":"article","item_type_label":"Article","language_label":"Espa\u00f1ol","media_credit":"Redacci\u00f3n Mart\u00ed Noticias","micro_label":"Photo","micro_label_kind":"gallery","network_label":"OCB","network_logo_url":"/static/uploads/direct_network_logos/ocb_0888427dcb1d.svg","published_at":"2026-09-02T21:27:25","published_at_display":"2 Sep 2026, 21:27 GMT","sequence_badge_label":null,"sequence_count":null,"sequence_count_label":null,"sequence_frames":[],"sequence_kind":null,"source_name":"radiotelevisionmarti_com_rss","source_name_label":"Radiotelevisionmarti","source_type":"rss","summary":"El presidente de Estados Unidos, Donald Trump, afirm\u00f3 este mi\u00e9rcoles que Venezuela todav\u00eda no est\u00e1 preparada para celebrar elecciones, pero espera que puedan realizarse \u201cpronto\u201d. \u201cSimplemente no creo que est\u00e9n listos todav\u00eda\u201d, respondi\u00f3 Trump cuando fue consultado sobre una fecha para los comicios. El mandatario hizo las declaraciones en la Casa Blanca durante una reuni\u00f3n con ejecutivos de la industria de viajes de Estados Unidos. Trump resalt\u00f3 que Venezuela fue liberada de \u201cuna dictadura muy poderosa y despiadada\u201d, con un gran n\u00famero de presos pol\u00edticos de los cuales gran parte han sido liberados, y que la salida de Nicol\u00e1s Maduro del poder es demasiado reciente. \u201cSimplemente no est\u00e1n listos a\u00fan para eso, pero esperamos hacerlo pronto\u201d, resalt\u00f3. Trump tambi\u00e9n asegur\u00f3 que Washington mantiene una buena relaci\u00f3n con la presidenta interina Delcy Rodr\u00edguez y el actual gobierno venezolano. En una entrevista el mi\u00e9rcoles con el periodista Sergio Novelli, el secretario de Estado Marco Rubio sostuvo que convocar elecciones de inmediato bajo las estructuras actuales en Venezuela no ser\u00eda suficiente para garantizar un proceso adecuado. \u201cPara m\u00ed ser\u00eda lo m\u00e1s pronto posible. Obviamente las condiciones tienen que existir y hay que crear esas condiciones\u201d, coment\u00f3. El jefe de la diplomacia estadounidense defendi\u00f3 adem\u00e1s el reciente acuerdo petrolero entre ambos pa\u00edses como un componente de la recuperaci\u00f3n econ\u00f3mica y de la transici\u00f3n venezolana.","title":"Trump habla sobre elecciones en Venezuela","topic":null,"translation_language":"","url":"https://www.martinoticias.com/a/trump-habla-sobre-elecciones-en-venezuela/476827.html","video_url":null,"youtube_conversion_active":false,"youtube_conversion_error":"","youtube_conversion_status":""},{"article_body_paragraphs":[],"audio_source_url":"https://ocb-audio-ns.akamaized.net/cu/2026/09/02/6d3998f5-0542-4d77-bc81-08def2b1d8dc.mp3","author":null,"available_dubs":[],"downloadable_assets":["https://ocb-audio-ns.akamaized.net/cu/2026/09/02/6d3998f5-0542-4d77-bc81-08def2b1d8dc.mp3"],"duration_display":"0:00","duration_seconds":null,"embed_url":null,"id":13632,"image_caption":null,"image_url":"https://gdb.martinoticias.com/2510cac4-c36f-4ed6-3bb4-08de274e76b0_w1200_h630.jpg","is_clip":false,"is_youtube_embed":false,"item_type":"audio","item_type_label":"Audio","language_label":"Espa\u00f1ol","media_credit":null,"micro_label":"Audio program","micro_label_kind":"audio","network_label":"OCB","network_logo_url":"/static/uploads/direct_network_logos/ocb_0888427dcb1d.svg","published_at":"2026-09-02T21:24:36","published_at_display":"2 Sep 2026, 21:24 GMT","sequence_badge_label":null,"sequence_count":null,"sequence_count_label":null,"sequence_frames":[],"sequence_kind":null,"source_name":"ocb_spanish_audio_scrape","source_name_label":"OCB Spanish Audio","source_type":"scrape","summary":"El mercado negro de infraestructura b\u00e1sica se expande en Cuba ante la escasez y los cortes de luz.","title":"La ola de robos a la infraestructura p\u00fablica y privada agrava la crisis en Cuba","topic":"la ola de robos a la infraestructura publica y privada agrava la crisis en cuba","translation_language":"","url":"https://www.martinoticias.com/a/la-ola-de-robos-a-la-infraestructura-publica-y-privada-agrava-la-crisis-en-cuba/476829.html","video_url":null,"youtube_conversion_active":false,"youtube_conversion_error":"","youtube_conversion_status":""},{"article_body_paragraphs":[],"audio_source_url":"https://ocb-audio-ns.akamaized.net/cu/2026/09/02/20260902-210030-cu004-program.mp3","author":null,"available_dubs":[],"downloadable_assets":["https://ocb-audio-ns.akamaized.net/cu/2026/09/02/20260902-210030-cu004-program.mp3"],"duration_display":"0:00","duration_seconds":null,"embed_url":null,"id":13631,"image_caption":null,"image_url":"https://gdb.martinoticias.com/04370000-0aff-0242-9b67-08daa64028f2_w1200_h630.jpg","is_clip":false,"is_youtube_embed":false,"item_type":"audio","item_type_label":"Audio","language_label":"Espa\u00f1ol","media_credit":null,"micro_label":"Audio program","micro_label_kind":"audio","network_label":"OCB","network_logo_url":"/static/uploads/direct_network_logos/ocb_0888427dcb1d.svg","published_at":"2026-09-02T21:00:30","published_at_display":"2 Sep 2026, 21:00 GMT","sequence_badge_label":null,"sequence_count":null,"sequence_count_label":null,"sequence_frames":[],"sequence_kind":null,"source_name":"ocb_spanish_audio_scrape","source_name_label":"OCB Spanish Audio","source_type":"scrape","summary":"Noticiero Radio Mart\u00ed presenta los hechos que hacen noticia en Cuba y el mundo.","title":"Noticiero de Radio Mart\u00ed 5:00 PM","topic":"Radio Mart\u00ed","translation_language":"","url":"https://www.martinoticias.com/a/475762.html","video_url":null,"youtube_conversion_active":false,"youtube_conversion_error":"","youtube_conversion_status":""},{"article_body_paragraphs":[],"audio_source_url":null,"author":"Redacci\u00f3n Mart\u00ed Noticias","available_dubs":[],"downloadable_assets":["https://gdb.martinoticias.com/b92945e8-fd65-4756-691b-08def2ff2efe_cx0_cy19_cw0_w1600_r1_n_s.jpg"],"duration_display":"0:00","duration_seconds":null,"embed_url":null,"id":13591,"image_caption":"Integrantes del ministerio cristiano \"Las manos y los pies de Jesucristo\", entregan ayuda en Cuba.","image_url":"https://gdb.martinoticias.com/b92945e8-fd65-4756-691b-08def2ff2efe_cx0_cy19_cw0_w1600_r1_n_s.jpg","is_clip":false,"is_youtube_embed":false,"item_type":"article","item_type_label":"Article","language_label":"Espa\u00f1ol","media_credit":"Redacci\u00f3n Mart\u00ed Noticias","micro_label":"Photo","micro_label_kind":"gallery","network_label":"OCB","network_logo_url":"/static/uploads/direct_network_logos/ocb_0888427dcb1d.svg","published_at":"2026-09-02T20:34:02","published_at_display":"2 Sep 2026, 20:34 GMT","sequence_badge_label":null,"sequence_count":null,"sequence_count_label":null,"sequence_frames":[],"sequence_kind":null,"source_name":"radiotelevisionmarti_com_rss","source_name_label":"Radiotelevisionmarti","source_type":"rss","summary":"El Jefe de Misi\u00f3n Adjunto de la Embajada de Estados Unidos en Cuba, Roy Perrin, particip\u00f3 junto al ministerio cristiano Hands and Feet of Jesus y l\u00edderes religiosos cubanos en la entrega directa de alimentos y medicinas a familias de la isla. El Jefe de Misi\u00f3n Adjunto de la Embajada de Estados Unidos en Cuba, Roy Perrin, se uni\u00f3 con el fundador de Hands and Feet of Jesus, Steven Wissinger, y pastores locales en la isla para entregar ayuda humanitaria directamente a las familias cubanas. La sede diplom\u00e1tica dijo que esta \"acci\u00f3n conjunta lleva alimentos y medicinas sin intermediarios ni trabas estatales\". Steven Wissinger, al frente de \"Las manos y los pies de Jesucristo\", visit\u00f3 Cuba por primera vez en 2020 y desde entonces, ha regresado regularmente para servir junto a l\u00edderes de iglesias cubanas, apoyar iniciativas ministeriales locales, brindar ayuda humanitaria y ayudar a capacitar a los creyentes mediante el discipulado y la formaci\u00f3n pastoral, seg\u00fan refiere la p\u00e1gina de su ministerio cristiano. Hammer habla con Rubio sobre la situaci\u00f3n en Cuba Esta misma semana, el jefe de la misi\u00f3n diplom\u00e1tica de Estados Unidos en Cuba, Mike Hammer, se reuni\u00f3 con el secretario de Estado, Marco Rubio, para abordar la situaci\u00f3n en la isla y los esfuerzos de Washington por canalizar los 100 millones de d\u00f3lares en asistencia humanitaria. Washington ha se\u00f1alado que los recursos son distribuidos mediante organizaciones independientes y religiosas, entre ellas Catholic Relief Services y C\u00e1ritas Cuba, con el prop\u00f3sito de que la asistencia llegue directamente a la poblaci\u00f3n y no sea administrada por el r\u00e9gimen de La Habana. El Departamento de Estado ha indicado que los cargamentos forman parte de una operaci\u00f3n humanitaria m\u00e1s amplia financiada por Washington para atender a sectores vulnerables dentro de Cuba mediante canales ajenos al gobierno de La Habana.","title":"EEUU coordina con ministerio cristiano entrega de ayuda humanitaria en Cuba","topic":null,"translation_language":"","url":"https://www.martinoticias.com/a/eeuu-coordina-con-ministerio-cristiano-entrega-de-ayuda-humanitaria-en-cuba/476823.html","video_url":null,"youtube_conversion_active":false,"youtube_conversion_error":"","youtube_conversion_status":""},{"article_body_paragraphs":[],"audio_source_url":null,"author":"Jos\u00e9 L Ramos/Amado Gil","available_dubs":[],"downloadable_assets":["https://ocb-video-ns.akamaized.net/pangeavideo/2026/09/d/d7/d7b809c0-c5a8-4f09-cfee-08decd5b38e4_720p.mp4?cb=ee22a7cf9"],"duration_display":"28:40","duration_seconds":1720.0,"embed_url":null,"id":13607,"image_caption":null,"image_url":"https://gdb.martinoticias.com/d7b809c0-c5a8-4f09-cfee-08decd5b38e4_tv_w1080_h608.jpg","is_clip":false,"is_youtube_embed":false,"item_type":"video","item_type_label":"Video","language_label":"Espa\u00f1ol","media_credit":"Jos\u00e9 L Ramos/Amado Gil","micro_label":"Video report","micro_label_kind":"video","network_label":"OCB","network_logo_url":"/static/uploads/direct_network_logos/ocb_0888427dcb1d.svg","published_at":"2026-09-02T20:24:25","published_at_display":"2 Sep 2026, 20:24 GMT","sequence_badge_label":null,"sequence_count":null,"sequence_count_label":null,"sequence_frames":[],"sequence_kind":null,"source_name":"ocb_spanish_video_scrape","source_name_label":"OCB Spanish Video","source_type":"scrape","summary":"Amado Gil y Jos\u00e9 Luis Ramos, en Tertulia con Reinaldo Escobar y Boris Gonz\u00e1lez Arena, comentan los nuevos datos sobre ca\u00edda del turismo en Cuba. Las MIPYMES ya pueden tener m\u00e1s de 100 empleados, y empresa rusa demanda a Cubana de Aviaci\u00f3n.","title":"Las noticias como son","topic":"Las Noticias Como Son, Cuba","translation_language":"","url":"https://www.martinoticias.com/a/las-noticias-como-son/476822.html","video_url":"https://ocb-video-ns.akamaized.net/pangeavideo/2026/09/d/d7/d7b809c0-c5a8-4f09-cfee-08decd5b38e4_720p.mp4?cb=ee22a7cf9","youtube_conversion_active":false,"youtube_conversion_error":"","youtube_conversion_status":""},{"article_body_paragraphs":[],"audio_source_url":null,"author":"Ariane Gonz\u00e1lez","available_dubs":[],"downloadable_assets":["https://ocb-video-ns.akamaized.net/pangeavideo/2026/09/7/70/704c74e7-0ca2-4b9f-8539-11511d8b4187_1080p.mp4?cb=ee22a7857"],"duration_display":"29:59","duration_seconds":1799.0,"embed_url":null,"id":13606,"image_caption":null,"image_url":"https://gdb.martinoticias.com/704c74e7-0ca2-4b9f-8539-11511d8b4187_tv_w1080_h608.jpg","is_clip":false,"is_youtube_embed":false,"item_type":"video","item_type_label":"Video","language_label":"Espa\u00f1ol","media_credit":"Ariane Gonz\u00e1lez","micro_label":"Video report","micro_label_kind":"video","network_label":"OCB","network_logo_url":"/static/uploads/direct_network_logos/ocb_0888427dcb1d.svg","published_at":"2026-09-02T20:04:39","published_at_display":"2 Sep 2026, 20:04 GMT","sequence_badge_label":null,"sequence_count":null,"sequence_count_label":null,"sequence_frames":[],"sequence_kind":null,"source_name":"ocb_spanish_video_scrape","source_name_label":"OCB Spanish Video","source_type":"scrape","summary":"Noticiero de Mart\u00ed Noticias presenta un resumen de las noticias m\u00e1s importantes de Cuba y el mundo.","title":"Noticiero Mart\u00ed Noticias","topic":"Noticiero Mart\u00ed Noticias, Cuba","translation_language":"","url":"https://www.martinoticias.com/a/476805.html","video_url":"https://ocb-video-ns.akamaized.net/pangeavideo/2026/09/7/70/704c74e7-0ca2-4b9f-8539-11511d8b4187_1080p.mp4?cb=ee22a7857","youtube_conversion_active":false,"youtube_conversion_error":"","youtube_conversion_status":""},{"article_body_paragraphs":[],"audio_source_url":"https://ocb-audio-ns.akamaized.net/cu/2026/08/15/4a3461ab-5ca4-4f86-bc26-08def2b1d8dc.mp3","author":null,"available_dubs":[],"downloadable_assets":["https://ocb-audio-ns.akamaized.net/cu/2026/08/15/4a3461ab-5ca4-4f86-bc26-08def2b1d8dc.mp3"],"duration_display":"0:00","duration_seconds":null,"embed_url":null,"id":13576,"image_caption":null,"image_url":"https://gdb.martinoticias.com/b76d8c39-52a6-4ca4-d0f4-08debb53aba1_w1200_h630.jpg","is_clip":false,"is_youtube_embed":false,"item_type":"audio","item_type_label":"Audio","language_label":"Espa\u00f1ol","media_credit":null,"micro_label":"Audio program","micro_label_kind":"audio","network_label":"OCB","network_logo_url":"/static/uploads/direct_network_logos/ocb_0888427dcb1d.svg","published_at":"2026-09-02T20:00:00","published_at_display":"2 Sep 2026, 20:00 GMT","sequence_badge_label":null,"sequence_count":null,"sequence_count_label":null,"sequence_frames":[],"sequence_kind":null,"source_name":"ocb_spanish_audio_html_scrape_1103","source_name_label":"OCB \u00b7 Taller de prensa","source_type":"scrape","summary":"Este programa, conducido por el periodista Rolando Cartaya, recorre t\u00e9cnicas y principios de la comunicaci\u00f3n desde el periodismo cl\u00e1sico hasta las redes sociales. Ofrece herramientas para informar lo que ocurre en tu comunidad. \u201cNo odies a los medios: convi\u00e9rtete en ellos\u201d, invita Cartaya","title":"Taller de Prensa con el periodista L\u00e1zaro Yuri Valle Roca","topic":"Taller de prensa","translation_language":"","url":"https://www.martinoticias.com/a/475565.html","video_url":null,"youtube_conversion_active":false,"youtube_conversion_error":"","youtube_conversion_status":""},{"article_body_paragraphs":[],"audio_source_url":null,"author":"Jos\u00e9 Pernalete","available_dubs":[],"downloadable_assets":["https://ocb-video-ns.akamaized.net/pangeavideo/2026/09/5/5a/5aed3dd8-b62a-4064-bc7e-08def2b1d8dc_1080p.mp4?cb=ee22a67de","https://gdb.martinoticias.com/56bc04db-181c-4ea2-6919-08def2ff2efe_w1600_r1_n_s.jpg"],"duration_display":"0:00","duration_seconds":null,"embed_url":null,"id":13408,"image_caption":"El secretario de Energ\u00eda de EEUU, Chris Wright, junto a la presidenta interina de Venezuela, Delcy Rodr\u00edguez, en Caracas. (AFP)","image_url":"https://gdb.martinoticias.com/56bc04db-181c-4ea2-6919-08def2ff2efe_w1600_r1_n_s.jpg","is_clip":true,"is_youtube_embed":false,"item_type":"video","item_type_label":"Video","language_label":"Espa\u00f1ol","media_credit":"Jos\u00e9 Pernalete","micro_label":"Video report","micro_label_kind":"video","network_label":"OCB","network_logo_url":"/static/uploads/direct_network_logos/ocb_0888427dcb1d.svg","published_at":"2026-09-02T19:14:10","published_at_display":"2 Sep 2026, 19:14 GMT","sequence_badge_label":null,"sequence_count":null,"sequence_count_label":null,"sequence_frames":[],"sequence_kind":null,"source_name":"radiotelevisionmarti_com_rss","source_name_label":"Radiotelevisionmarti","source_type":"rss","summary":"Venezuela comenz\u00f3 este mi\u00e9rcoles la firma de nuevos acuerdos energ\u00e9ticos con empresas estadounidenses e internacionales durante una reuni\u00f3n en el Palacio de Miraflores encabezada por la gobernante encargada, Delcy Rodr\u00edguez, y el secretario de Energ\u00eda de Estados Unidos, Chris Wright.","title":"Empresas extrajeras firman acuerdos petroleros con Venezuela y EEUU para duplicar producci\u00f3n","topic":null,"translation_language":"","url":"https://www.martinoticias.com/a/eeuu-y-venezuela-firman-acuerdos-con-petroleras-extranjeras-para-duplicar-producci%c3%b3n/476819.html","video_url":"https://ocb-video-ns.akamaized.net/pangeavideo/2026/09/5/5a/5aed3dd8-b62a-4064-bc7e-08def2b1d8dc_1080p.mp4?cb=ee22a67de","youtube_conversion_active":false,"youtube_conversion_error":"","youtube_conversion_status":""},{"article_body_paragraphs":[],"audio_source_url":null,"author":"Jos\u00e9 Pernalete","available_dubs":[],"downloadable_assets":["https://gdb.martinoticias.com/56bc04db-181c-4ea2-6919-08def2ff2efe_w1600_r1_n_s.jpg"],"duration_display":"0:00","duration_seconds":null,"embed_url":null,"id":13407,"image_caption":"El secretario de Energ\u00eda de EEUU, Chris Wright, junto a la presidenta interina de Venezuela, Delcy Rodr\u00edguez, en Caracas. (AFP)","image_url":"https://gdb.martinoticias.com/56bc04db-181c-4ea2-6919-08def2ff2efe_w1600_r1_n_s.jpg","is_clip":false,"is_youtube_embed":false,"item_type":"article","item_type_label":"Article","language_label":"Espa\u00f1ol","media_credit":"Jos\u00e9 Pernalete","micro_label":"Photo","micro_label_kind":"gallery","network_label":"OCB","network_logo_url":"/static/uploads/direct_network_logos/ocb_0888427dcb1d.svg","published_at":"2026-09-02T19:14:10","published_at_display":"2 Sep 2026, 19:14 GMT","sequence_badge_label":null,"sequence_count":null,"sequence_count_label":null,"sequence_frames":[],"sequence_kind":null,"source_name":"radiotelevisionmarti_com_rss","source_name_label":"Radiotelevisionmarti","source_type":"rss","summary":"Estados Unidos y Venezuela firmaron este mi\u00e9rcoles nuevos acuerdos petroleros con empresas extranjeras durante una jornada en Caracas en la que participaron la gobernante encargada, Delcy Rodr\u00edguez, y el secretario de Energ\u00eda de EEUU, Chris Wright. Los acuerdos, que incluyen a la petrolera estadounidense Chevron y la italiana Eni, abren una nueva etapa de inversiones que Washington asegura podr\u00eda m\u00e1s que duplicar la producci\u00f3n de crudo venezolano durante los pr\u00f3ximos a\u00f1os. La jornada se produjo durante la visita de Wright a Venezuela, quien lleg\u00f3 al pa\u00eds en la noche del martes para impulsar nuevos proyectos energ\u00e9ticos y la llegada de capital privado. Empresas extrajeras firman acuerdos petroleros con Venezuela y EEUU para duplicar producci\u00f3n El secretario estadounidense calific\u00f3 esta nueva etapa como un paso transformador para la industria energ\u00e9tica venezolana y sostuvo que la intenci\u00f3n de Washington es facilitar la participaci\u00f3n de un mayor n\u00famero de empresas. \u201cLa inversi\u00f3n estadounidense en Venezuela busca aumentar el flujo de capital privado proveniente de un gran n\u00famero de empresas de Estados Unidos. Queremos ver mucha inversi\u00f3n llegando desde Estados Unidos a Venezuela para fomentar oportunidades y prosperidad para los venezolanos, para los estadounidenses y para los consumidores de energ\u00eda de todo el mundo\u201d, afirm\u00f3 Wright. Los nuevos convenios empresariales se producen pocos d\u00edas despu\u00e9s de que Washington anunciara un macroacuerdo petrolero que contempla el desarrollo de 17 campos venezolanos con aproximadamente 65 mil millones de barriles de reservas probadas. Ese proyecto involucra a North American Blue Energy Partners, NABEP, y contempla una concesi\u00f3n por 100 a\u00f1os para desarrollar campos petroleros venezolanos. Chevron anuncia inversi\u00f3n de m\u00e1s de $7.000 millones Uno de los principales anuncios de la jornada corresponde a Chevron, que confirm\u00f3 nuevos acuerdos con Venezuela que modifican las condiciones fiscales, comerciales y legales de sus empresas mixtas y ampl\u00edan las \u00e1reas disponibles para sus operaciones. La compa\u00f1\u00eda estadounidense anunci\u00f3 que sus empresas mixtas proyectan inversiones superiores a 7 mil millones de d\u00f3lares durante los pr\u00f3ximos cinco a\u00f1os. El objetivo es m\u00e1s que duplicar la producci\u00f3n de Chevron en Venezuela respecto de los niveles de 2026 hasta alcanzar aproximadamente 600 mil barriles diarios. La compa\u00f1\u00eda tambi\u00e9n recibi\u00f3 \u00e1reas adicionales en la Faja Petrol\u00edfera del Orinoco para respaldar su expansi\u00f3n y nuevos proyectos. Chevron, que mantiene presencia en Venezuela desde hace m\u00e1s de un siglo, considera que las nuevas condiciones permitir\u00e1n desarrollar proyectos competitivos a largo plazo. Wright proyecta crecimiento de m\u00e1s del doble de producci\u00f3n venezolana M\u00e1s all\u00e1 de la expansi\u00f3n espec\u00edfica de Chevron, Wright asegur\u00f3 que el conjunto de acuerdos con compa\u00f1\u00edas estadounidenses e internacionales podr\u00eda llevar a Venezuela a m\u00e1s que duplicar su producci\u00f3n total de petr\u00f3leo durante los pr\u00f3ximos a\u00f1os. El pa\u00eds produce actualmente entre 1,1 y 1,2 millones de barriles diarios, todav\u00eda muy por debajo de los m\u00e1s de tres millones de barriles diarios que lleg\u00f3 a producir a finales de la d\u00e9cada de 1990. Wright considera que la llegada de nuevas inversiones tambi\u00e9n puede tener un efecto multiplicador sobre la econom\u00eda venezolana. \u201cEsto supone retomar la alianza entre Estados Unidos y el pueblo de Venezuela. Creo que se avecinan tiempos muy buenos a medida que fluyan grandes inversiones hacia este pa\u00eds, lo que genera m\u00e1s empleos, impulsa al alza los salarios y crea oportunidades de prosperidad para los venezolanos\u201d, sostuvo. El secretario estadounidense de Energ\u00eda agreg\u00f3 que la confianza empresarial y las inversiones podr\u00edan generar nuevas oportunidades tanto de empleo como para emprendedores.","title":"EEUU y Venezuela firman acuerdos con petroleras extranjeras para incrementar producci\u00f3n","topic":null,"translation_language":"","url":"https://www.martinoticias.com/a/eeuu-y-venezuela-firman-acuerdos-con-petroleras-extranjeras-para-duplicar-producci%c3%b3n/476819.html","video_url":null,"youtube_conversion_active":false,"youtube_conversion_error":"","youtube_conversion_status":""}],"next_num":4,"page":3,"pages":28,"per_page":20,"prev_num":2,"total":548}
