{"applied_filters":{"end_date":"","lang":"","language":"","network":"OCB","page":3,"per_page":20,"search":"","source":"ocb_spanish_audio_scrape","start_date":"","topic":"","type":""},"available_filters":{"language_choices":[{"label":"Choose Language","value":""},{"label":"Espa\u00f1ol","value":"Espa\u00f1ol"}],"network_choices":[{"label":"All networks","value":""},{"label":"OCB","value":"OCB"}],"source_choices":[{"label":"All sources","value":""},{"label":"Manual Ocb Espanol","value":"manual_ocb_espanol"},{"label":"OCB \u00b7 Caf\u00e9 Digital","value":"ocb_spanish_audio_html_scrape"},{"label":"OCB \u00b7 Liberaci\u00f3n","value":"ocb_spanish_audio_html_scrape_1001"},{"label":"OCB \u00b7 Programas de Radio Nuestra Am\u00e9rica","value":"ocb_spanish_audio_html_scrape_1016"},{"label":"OCB \u00b7 Agenda hemisf\u00e9rica","value":"ocb_spanish_audio_html_scrape_1028"},{"label":"OCB \u00b7 El futuro es ya","value":"ocb_spanish_audio_html_scrape_1056"},{"label":"OCB \u00b7 Foro abierto","value":"ocb_spanish_audio_html_scrape_1061"},{"label":"OCB \u00b7 Nicaragua al d\u00eda","value":"ocb_spanish_audio_html_scrape_1077"},{"label":"OCB \u00b7 La bola nostra","value":"ocb_spanish_audio_html_scrape_1078"},{"label":"OCB \u00b7 Taller de prensa","value":"ocb_spanish_audio_html_scrape_1103"},{"label":"OCB \u00b7 Las noticias como son","value":"ocb_spanish_audio_html_scrape_142"},{"label":"OCB \u00b7 Abriendo Espacios","value":"ocb_spanish_audio_html_scrape_562"},{"label":"OCB \u00b7 Mart\u00ed Noticias A.M.","value":"ocb_spanish_audio_html_scrape_668"},{"label":"OCB Spanish Audio","value":"ocb_spanish_audio_scrape"},{"label":"OCB Spanish Video","value":"ocb_spanish_video_scrape"},{"label":"Radiotelevisionmarti","value":"radiotelevisionmarti_com_direct"},{"label":"Radiotelevisionmarti","value":"radiotelevisionmarti_com_rss"},{"label":"TV Mart\u00ed Noticias YouTube","value":"tv_marti_noticias_youtube_playlists"}],"sources":["manual_ocb_espanol","ocb_spanish_audio_html_scrape","ocb_spanish_audio_html_scrape_1001","ocb_spanish_audio_html_scrape_1016","ocb_spanish_audio_html_scrape_1028","ocb_spanish_audio_html_scrape_1056","ocb_spanish_audio_html_scrape_1061","ocb_spanish_audio_html_scrape_1077","ocb_spanish_audio_html_scrape_1078","ocb_spanish_audio_html_scrape_1103","ocb_spanish_audio_html_scrape_142","ocb_spanish_audio_html_scrape_562","ocb_spanish_audio_html_scrape_668","ocb_spanish_audio_scrape","ocb_spanish_video_scrape","radiotelevisionmarti_com_direct","radiotelevisionmarti_com_rss","tv_marti_noticias_youtube_playlists"],"topics":["Radio Mart\u00ed","adri%C3%A1n del sol mi padre est%C3%A1 muy d%C3%A9bil","atienden a mas de 50 personas en santiago de cuba por presunta intoxicacion alimentaria","auge en contagios de dengue en cuba","aumenta a 379 la cifra de desaparecidos por terremoto en colombia hay 285 fallecidos","banco mundial desembolsa millonaria ayuda para afectados por terremoto en colombia","casi 300 fallecidos almenos 4 000 heridos y 140 desaparecidos a 7 dias del terremoto en colombia","cifra de muertos por el terremoto en colombia supera las 200 personas seg%C3%BAn reporte","colombia declara estado de emergencia durante 30 dias por grave calamidad","colombia ingresa formalmente al escudo de las am%C3%A9ricas liderado por washington","convocan marcha pac%C3%ADfica por la libertad de todos los presos pol%C3%ADticos en venezuela","crece reclutamiento de ni%C3%B1os y ni%C3%B1as en colombia por parte de grupos ilegales seg%C3%BAn hrw","creo que el presidente trump ir%C3%A1 a la habana antes de que termine su mandato","eeuu cierra acuerdo petrolero que le dar%C3%A1 importante control de reservas venezolanas","eeuu ecuador y colombia se reunen para acordar lucha contra mafias del narcotr%C3%A1fico","eeuu sostiene operaciones militares junto a ecuador cerca de la frontera con colombia","el papel peri%C3%B3dico de la habana autores sociedad patri%C3%B3tica de la habana y sociedad econ%C3%B3mica de amigos del pa%C3","gobierno de colombia da por terminada conversaciones con otros tres grupos armados ilegales","informe pide mayor presencia militar en cuba","jeffrey bartos en la onu","joven con vih permanece encarcelado tras protesta por apagones en guanabacoa","la ola de robos a la infraestructura publica y privada agrava la crisis en cuba","la periodista independiente yoanni limonta reporta una protesta frente al gobierno provincial de cienfuegos tras apagones de mas","las farmacias privadas abren en cuba entre criticas por sus altos precios y dudas medicas sobre sus controles","m%C3%A1s hoteles menos hospitales","oea aprueba convocatoria urgente de cancilleres para condenar a la dictadura de nicaragua","padre castor %C3%A1lvarez devesa","rechazo en cuba a los festejos estatales durante el colapso de los servicios basicos","sismo de 7 4 en colombia deja m%C3%A1s de 100 muertos 87 heridos y 61 edificios colapsados","trump asegura que eeuu y venezuela est%C3%A1n haciendo una fortuna con acuerdo petrolero","venezuela todav%C3%ADa no est%C3%A1 preparada para celebrar elecciones reafirma donaldtrump","y solo estamos en verano autora grethel delgado %C3%A1lvarez"],"types":[["","All types"],["audio","Audio"],["media","Media"]]},"has_next":false,"has_prev":true,"items":[{"article_body_paragraphs":[],"audio_source_url":"https://ocb-audio-ns.akamaized.net/cu/2026/08/19/7af9f664-9bce-42cc-bc39-08def2b1d8dc.mp3","author":null,"available_dubs":[],"downloadable_assets":["https://ocb-audio-ns.akamaized.net/cu/2026/08/19/7af9f664-9bce-42cc-bc39-08def2b1d8dc.mp3"],"duration_display":"0:00","duration_seconds":null,"embed_url":null,"id":13352,"image_caption":null,"image_url":"https://gdb.martinoticias.com/1c84d6c5-841a-46ac-01cb-08debb4c862b_w1200_h630.jpg","is_clip":false,"is_youtube_embed":false,"item_type":"audio","item_type_label":"Audio","language_label":"Espa\u00f1ol","media_credit":null,"micro_label":"Audio program","micro_label_kind":"audio","network_label":"OCB","network_logo_url":"/static/uploads/direct_network_logos/ocb_0888427dcb1d.svg","published_at":"2026-08-19T18:50:20","published_at_display":"19 Aug 2026, 18:50 GMT","sequence_badge_label":null,"sequence_count":null,"sequence_count_label":null,"sequence_frames":[],"sequence_kind":null,"source_name":"ocb_spanish_audio_scrape","source_name_label":"OCB Spanish Audio","source_type":"scrape","summary":"El America First Policy Institute, un centro de estudios de pol\u00edticas p\u00fablicas alineado con la visi\u00f3n \u201cAmerica First\u201d y cercano al entorno del presidente Donald Trump, dio a conocer hoy el informe La dictadura de al lado: Cuba y la lucha por el hemisferio occidental.","title":"Informe pide mayor presencia militar de EEUU en el Caribe","topic":"informe pide mayor presencia militar en cuba","translation_language":"","url":"https://www.martinoticias.com/a/informe-pide-mayor-presencia-militar-en-cuba/475801.html","video_url":null,"youtube_conversion_active":false,"youtube_conversion_error":"","youtube_conversion_status":""},{"article_body_paragraphs":[],"audio_source_url":"https://ocb-audio-ns.akamaized.net/cu/2026/08/19/80751d99-4158-44d1-cf9a-08decd5b38e4.mp3","author":null,"available_dubs":[],"downloadable_assets":["https://ocb-audio-ns.akamaized.net/cu/2026/08/19/80751d99-4158-44d1-cf9a-08decd5b38e4.mp3"],"duration_display":"0:00","duration_seconds":null,"embed_url":null,"id":13339,"image_caption":null,"image_url":"https://gdb.martinoticias.com/01000000-c0a8-0242-8244-08dcb1b56a8f_cx5_cy0_cw88_w1200_h630.png","is_clip":false,"is_youtube_embed":false,"item_type":"audio","item_type_label":"Audio","language_label":"Espa\u00f1ol","media_credit":null,"micro_label":"Audio program","micro_label_kind":"audio","network_label":"OCB","network_logo_url":"/static/uploads/direct_network_logos/ocb_0888427dcb1d.svg","published_at":"2026-08-19T18:27:23","published_at_display":"19 Aug 2026, 18:27 GMT","sequence_badge_label":null,"sequence_count":null,"sequence_count_label":null,"sequence_frames":[],"sequence_kind":null,"source_name":"ocb_spanish_audio_scrape","source_name_label":"OCB Spanish Audio","source_type":"scrape","summary":"La OEA aprueba convocatoria urgente de cancilleres de toda la regi\u00f3n para condenar a la dictadura de Nicaragua, que desde septiembre planea eliminar las elecciones presidenciales y legislativas. La decisi\u00f3n fue aprobada por 29 pa\u00edses, Brasil vot\u00f3 en contra y M\u00e9xico se abstuvo.","title":"OEA aprueba convocatoria urgente de cancilleres para tratar cr\u00edsis en Nicaragua","topic":"oea aprueba convocatoria urgente de cancilleres para condenar a la dictadura de nicaragua","translation_language":"","url":"https://www.martinoticias.com/a/oea-aprueba-convocatoria-urgente-de-cancilleres-para-condenar-a-la-dictadura-de-nicaragua/475796.html","video_url":null,"youtube_conversion_active":false,"youtube_conversion_error":"","youtube_conversion_status":""},{"article_body_paragraphs":[],"audio_source_url":"https://ocb-audio-ns.akamaized.net/cu/2026/08/18/28f368b8-d53f-45c7-7c4b-08def2b1c8fe.mp3","author":null,"available_dubs":[],"downloadable_assets":["https://ocb-audio-ns.akamaized.net/cu/2026/08/18/28f368b8-d53f-45c7-7c4b-08def2b1c8fe.mp3"],"duration_display":"0:00","duration_seconds":null,"embed_url":null,"id":13353,"image_caption":null,"image_url":"https://gdb.martinoticias.com/391a9e86-784a-4894-fa8c-08debb0491f6_w1200_h630.jpg","is_clip":false,"is_youtube_embed":false,"item_type":"audio","item_type_label":"Audio","language_label":"Espa\u00f1ol","media_credit":null,"micro_label":"Audio program","micro_label_kind":"audio","network_label":"OCB","network_logo_url":"/static/uploads/direct_network_logos/ocb_0888427dcb1d.svg","published_at":"2026-08-18T18:57:15","published_at_display":"18 Aug 2026, 18:57 GMT","sequence_badge_label":null,"sequence_count":null,"sequence_count_label":null,"sequence_frames":[],"sequence_kind":null,"source_name":"ocb_spanish_audio_scrape","source_name_label":"OCB Spanish Audio","source_type":"scrape","summary":"Denuncian golpiza policial, denegaci\u00f3n de fianza y desnutrici\u00f3n de joven preso tras manifestaci\u00f3n en Guanabacoa.","title":"Joven con VIH permanece encarcelado tras protesta por apagones en Guanabacoa","topic":"joven con vih permanece encarcelado tras protesta por apagones en guanabacoa","translation_language":"","url":"https://www.martinoticias.com/a/joven-con-vih-permanece-encarcelado-tras-protesta-por-apagones-en-guanabacoa/475721.html","video_url":null,"youtube_conversion_active":false,"youtube_conversion_error":"","youtube_conversion_status":""},{"article_body_paragraphs":[],"audio_source_url":"https://ocb-audio-ns.akamaized.net/cu/2026/08/18/70a68ece-5807-4e12-5a53-08decd6ea425.mp3","author":null,"available_dubs":[],"downloadable_assets":["https://ocb-audio-ns.akamaized.net/cu/2026/08/18/70a68ece-5807-4e12-5a53-08decd6ea425.mp3"],"duration_display":"0:00","duration_seconds":null,"embed_url":null,"id":13340,"image_caption":null,"image_url":"https://gdb.martinoticias.com/16e6dfde-5058-4ed0-8c25-384c8d26011e_cx0_cy1_cw100_w1200_h630.jpg","is_clip":false,"is_youtube_embed":false,"item_type":"audio","item_type_label":"Audio","language_label":"Espa\u00f1ol","media_credit":null,"micro_label":"Audio program","micro_label_kind":"audio","network_label":"OCB","network_logo_url":"/static/uploads/direct_network_logos/ocb_0888427dcb1d.svg","published_at":"2026-08-18T18:18:15","published_at_display":"18 Aug 2026, 18:18 GMT","sequence_badge_label":null,"sequence_count":null,"sequence_count_label":null,"sequence_frames":[],"sequence_kind":null,"source_name":"ocb_spanish_audio_scrape","source_name_label":"OCB Spanish Audio","source_type":"scrape","summary":"El Presidente de Colombia, Abelardo de la Espriella, agradece al Banco Mundial por su r\u00e1pida gesti\u00f3n para desembolso de un cr\u00e9dito por US$200 millones con destino a las ayudas parar damnificados del terremoto de 7,4 del pasado 10 de agosto en el occidente del pa\u00eds.","title":"Banco Mundial aprueba cr\u00e9dito para afectados por terremoto en Colombia","topic":"banco mundial desembolsa millonaria ayuda para afectados por terremoto en colombia","translation_language":"","url":"https://www.martinoticias.com/a/banco-mundial-desembolsa-millonaria-ayuda-para-afectados-por-terremoto-en-colombia/475717.html","video_url":null,"youtube_conversion_active":false,"youtube_conversion_error":"","youtube_conversion_status":""},{"article_body_paragraphs":[],"audio_source_url":"https://ocb-audio-ns.akamaized.net/cu/2026/08/17/441e0b39-c803-4411-5a4f-08decd6ea425.mp3","author":null,"available_dubs":[],"downloadable_assets":["https://ocb-audio-ns.akamaized.net/cu/2026/08/17/441e0b39-c803-4411-5a4f-08decd6ea425.mp3"],"duration_display":"0:00","duration_seconds":null,"embed_url":null,"id":13341,"image_caption":null,"image_url":"https://gdb.martinoticias.com/1e801293-dfbc-483e-9aae-b8f5e7642263_cx0_cy5_cw100_w1200_h630.jpg","is_clip":false,"is_youtube_embed":false,"item_type":"audio","item_type_label":"Audio","language_label":"Espa\u00f1ol","media_credit":null,"micro_label":"Audio program","micro_label_kind":"audio","network_label":"OCB","network_logo_url":"/static/uploads/direct_network_logos/ocb_0888427dcb1d.svg","published_at":"2026-08-17T17:15:14","published_at_display":"17 Aug 2026, 17:15 GMT","sequence_badge_label":null,"sequence_count":null,"sequence_count_label":null,"sequence_frames":[],"sequence_kind":null,"source_name":"ocb_spanish_audio_scrape","source_name_label":"OCB Spanish Audio","source_type":"scrape","summary":"Casi 300 personas han muerto, m\u00e1s de 4.000 heridas y almenos 140 desaparecidos es la cifra parcial a una semana del terremoto de 7,4 en Colombia. El Departamento de Estado anunci\u00f3 una asistencia humanitaria adicional por 11 millones de d\u00f3lares, elevando la cifra total de ayuda a 26,5 millones","title":"Casi 300 fallecidos y 140 desaparecidos a 7 d\u00edas del terremoto en Colombia","topic":"casi 300 fallecidos almenos 4 000 heridos y 140 desaparecidos a 7 dias del terremoto en colombia","translation_language":"","url":"https://www.martinoticias.com/a/casi-300-fallecidos-almenos-4-000-heridos-y-140-desaparecidos-a-7-dias-del-terremoto-en-colombia/475641.html","video_url":null,"youtube_conversion_active":false,"youtube_conversion_error":"","youtube_conversion_status":""},{"article_body_paragraphs":[],"audio_source_url":"https://ocb-audio-ns.akamaized.net/cu/2026/08/16/ae9b4db3-18b6-4141-bc27-08def2b1d8dc.mp3","author":null,"available_dubs":[],"downloadable_assets":["https://ocb-audio-ns.akamaized.net/cu/2026/08/16/ae9b4db3-18b6-4141-bc27-08def2b1d8dc.mp3"],"duration_display":"0:00","duration_seconds":null,"embed_url":null,"id":13354,"image_caption":null,"image_url":"https://gdb.martinoticias.com/472304d0-fbd1-4cc7-e4a6-08decd478c11_w1200_h630.jpg","is_clip":false,"is_youtube_embed":false,"item_type":"audio","item_type_label":"Audio","language_label":"Espa\u00f1ol","media_credit":null,"micro_label":"Audio program","micro_label_kind":"audio","network_label":"OCB","network_logo_url":"/static/uploads/direct_network_logos/ocb_0888427dcb1d.svg","published_at":"2026-08-16T13:44:46","published_at_display":"16 Aug 2026, 13:44 GMT","sequence_badge_label":null,"sequence_count":null,"sequence_count_label":null,"sequence_frames":[],"sequence_kind":null,"source_name":"ocb_spanish_audio_scrape","source_name_label":"OCB Spanish Audio","source_type":"scrape","summary":"Guillermo del Sol, quien cumple este domingo 60 d\u00edas en huelga de hambre, mantenida \u00fanicamente con ingesta de agua, contin\u00faa la protesta en su vivienda de Santa Clara. Su hijo, Adri\u00e1n del Sol, dijo que la salud del activista se ha deteriorado y necesitar\u00e1 hospitalizaci\u00f3n.","title":"Adri\u00e1n del Sol: Mi padre est\u00e1 \"muy d\u00e9bil\"","topic":"adri%C3%A1n del sol mi padre est%C3%A1 muy d%C3%A9bil","translation_language":"","url":"https://www.martinoticias.com/a/adri%C3%A1n-del-sol-mi-padre-est%C3%A1-muy-d%C3%A9bil/475579.html","video_url":null,"youtube_conversion_active":false,"youtube_conversion_error":"","youtube_conversion_status":""},{"article_body_paragraphs":[],"audio_source_url":"https://ocb-audio-ns.akamaized.net/cu/2026/08/15/88cfd236-ff30-4295-03c1-08decd63a0c8.mp3","author":null,"available_dubs":[],"downloadable_assets":["https://ocb-audio-ns.akamaized.net/cu/2026/08/15/88cfd236-ff30-4295-03c1-08decd63a0c8.mp3"],"duration_display":"0:00","duration_seconds":null,"embed_url":null,"id":13355,"image_caption":null,"image_url":"https://gdb.martinoticias.com/01000000-0aff-0242-01f7-08dc108e8c56_w1200_h630.jpg","is_clip":false,"is_youtube_embed":false,"item_type":"audio","item_type_label":"Audio","language_label":"Espa\u00f1ol","media_credit":null,"micro_label":"Audio program","micro_label_kind":"audio","network_label":"OCB","network_logo_url":"/static/uploads/direct_network_logos/ocb_0888427dcb1d.svg","published_at":"2026-08-15T18:53:57","published_at_display":"15 Aug 2026, 18:53 GMT","sequence_badge_label":null,"sequence_count":null,"sequence_count_label":null,"sequence_frames":[],"sequence_kind":null,"source_name":"ocb_spanish_audio_scrape","source_name_label":"OCB Spanish Audio","source_type":"scrape","summary":"Activistas y vecinos de La Habana critican los actos oficiales por el natalicio de Fidel Castro en medio de apagones y escasez de agua","title":"Rechazo en Cuba a los festejos estatales durante el colapso de los servicios b\u00e1sicos","topic":"rechazo en cuba a los festejos estatales durante el colapso de los servicios basicos","translation_language":"","url":"https://www.martinoticias.com/a/rechazo-en-cuba-a-los-festejos-estatales-durante-el-colapso-de-los-servicios-basicos/475566.html","video_url":null,"youtube_conversion_active":false,"youtube_conversion_error":"","youtube_conversion_status":""},{"article_body_paragraphs":[],"audio_source_url":"https://ocb-audio-ns.akamaized.net/cu/2026/08/14/95a7201e-a0be-4b1c-6895-08def2ff2efe.mp3","author":null,"available_dubs":[],"downloadable_assets":["https://ocb-audio-ns.akamaized.net/cu/2026/08/14/95a7201e-a0be-4b1c-6895-08def2ff2efe.mp3"],"duration_display":"0:00","duration_seconds":null,"embed_url":null,"id":13342,"image_caption":null,"image_url":"https://gdb.martinoticias.com/de14d516-7196-45fb-8b15-cf73dae783e5_cx0_cy2_cw100_w1200_h630.jpg","is_clip":false,"is_youtube_embed":false,"item_type":"audio","item_type_label":"Audio","language_label":"Espa\u00f1ol","media_credit":null,"micro_label":"Audio program","micro_label_kind":"audio","network_label":"OCB","network_logo_url":"/static/uploads/direct_network_logos/ocb_0888427dcb1d.svg","published_at":"2026-08-14T16:12:45","published_at_display":"14 Aug 2026, 16:12 GMT","sequence_badge_label":null,"sequence_count":null,"sequence_count_label":null,"sequence_frames":[],"sequence_kind":null,"source_name":"ocb_spanish_audio_scrape","source_name_label":"OCB Spanish Audio","source_type":"scrape","summary":"La Unidad Nacional para la Gesti\u00f3n del Riesgo de Desastres (UNGRD) de Colombia registra hasta la ma\u00f1ana del viernes 285 personas fallecidas y 3.975 heridas, tras el terremoto de 7,4 que sacudi\u00f3 el lunes pasado el oeste del pais, el n\u00famero de desaparecidos aument\u00f3 a 379 personas.","title":"Aumenta a 379 cifra de desaparecidos por terremoto en Colombia, hay 285 fallecidos","topic":"aumenta a 379 la cifra de desaparecidos por terremoto en colombia hay 285 fallecidos","translation_language":"","url":"https://www.martinoticias.com/a/aumenta-a-379-la-cifra-de-desaparecidos-por-terremoto-en-colombia-hay-285-fallecidos/475458.html","video_url":null,"youtube_conversion_active":false,"youtube_conversion_error":"","youtube_conversion_status":""},{"article_body_paragraphs":[],"audio_source_url":"https://ocb-audio-ns.akamaized.net/cu/2026/08/13/4ad065f9-6b80-4fad-7c2f-08def2b1c8fe.mp3","author":null,"available_dubs":[],"downloadable_assets":["https://ocb-audio-ns.akamaized.net/cu/2026/08/13/4ad065f9-6b80-4fad-7c2f-08def2b1c8fe.mp3"],"duration_display":"0:00","duration_seconds":null,"embed_url":null,"id":13343,"image_caption":null,"image_url":"https://gdb.martinoticias.com/b85cc943-66a5-4cd6-97bc-e90504717044_w1200_h630.jpg","is_clip":false,"is_youtube_embed":false,"item_type":"audio","item_type_label":"Audio","language_label":"Espa\u00f1ol","media_credit":null,"micro_label":"Audio program","micro_label_kind":"audio","network_label":"OCB","network_logo_url":"/static/uploads/direct_network_logos/ocb_0888427dcb1d.svg","published_at":"2026-08-13T18:09:12","published_at_display":"13 Aug 2026, 18:09 GMT","sequence_badge_label":null,"sequence_count":null,"sequence_count_label":null,"sequence_frames":[],"sequence_kind":null,"source_name":"ocb_spanish_audio_scrape","source_name_label":"OCB Spanish Audio","source_type":"scrape","summary":"El Secretario de Guerra de EEUU, Pete Hegseth, desde Panam\u00e1 anuncia ingreso formal de Colombia a la iniciativa liderada por Washington del \"Escudo de las Am\u00e9ricas\" y subraya la solicitud de Bogot\u00e1 para adelantar operaciones conjuntas contra el narcoterrorismo.","title":"Colombia ingresa formalmente al \"Escudo de las Am\u00e9ricas\" liderado por Washington","topic":"colombia ingresa formalmente al escudo de las am%C3%A9ricas liderado por washington","translation_language":"","url":"https://www.martinoticias.com/a/colombia-ingresa-formalmente-al-escudo-de-las-am%C3%A9ricas-liderado-por-washington/475041.html","video_url":null,"youtube_conversion_active":false,"youtube_conversion_error":"","youtube_conversion_status":""},{"article_body_paragraphs":[],"audio_source_url":"https://ocb-audio-ns.akamaized.net/cu/2026/08/11/1aab0f2b-e67c-432c-bc0b-08def2b1d8dc.mp3","author":null,"available_dubs":[],"downloadable_assets":["https://ocb-audio-ns.akamaized.net/cu/2026/08/11/1aab0f2b-e67c-432c-bc0b-08def2b1d8dc.mp3"],"duration_display":"0:00","duration_seconds":null,"embed_url":null,"id":13344,"image_caption":null,"image_url":"https://gdb.martinoticias.com/a2359b8a-8b30-40d9-ba74-84cc0cc3d784_w1200_h630.jpg","is_clip":false,"is_youtube_embed":false,"item_type":"audio","item_type_label":"Audio","language_label":"Espa\u00f1ol","media_credit":null,"micro_label":"Audio program","micro_label_kind":"audio","network_label":"OCB","network_logo_url":"/static/uploads/direct_network_logos/ocb_0888427dcb1d.svg","published_at":"2026-08-11T18:57:31","published_at_display":"11 Aug 2026, 18:57 GMT","sequence_badge_label":null,"sequence_count":null,"sequence_count_label":null,"sequence_frames":[],"sequence_kind":null,"source_name":"ocb_spanish_audio_scrape","source_name_label":"OCB Spanish Audio","source_type":"scrape","summary":"Por lo menos 234 personas han fallecido en Colombia tras el terremoto ocurrido el lunes por la ma\u00f1ana, seg\u00fan el informe #12 de la Asociaci\u00f3n de Ciudades Capitales, Asocapitales. De las v\u00edctimas, 181 corresponden a ciudades capitales, siendo Cali y Pereira las m\u00e1s afectadas.","title":"Cifra de muertos por el terremoto en Colombia supera las 200 personas, seg\u00fan reporte","topic":"cifra de muertos por el terremoto en colombia supera las 200 personas seg%C3%BAn reporte","translation_language":"","url":"https://www.martinoticias.com/a/cifra-de-muertos-por-el-terremoto-en-colombia-supera-las-200-personas-seg%C3%BAn-reporte/474874.html","video_url":null,"youtube_conversion_active":false,"youtube_conversion_error":"","youtube_conversion_status":""},{"article_body_paragraphs":[],"audio_source_url":"https://ocb-audio-ns.akamaized.net/cu/2026/08/10/3c92711c-ba02-4928-6879-08def2ff2efe.mp3","author":null,"available_dubs":[],"downloadable_assets":["https://ocb-audio-ns.akamaized.net/cu/2026/08/10/3c92711c-ba02-4928-6879-08def2ff2efe.mp3"],"duration_display":"0:00","duration_seconds":null,"embed_url":null,"id":13345,"image_caption":null,"image_url":"https://gdb.martinoticias.com/486cfdee-c211-4613-8f3c-ef0b4670095d_w1200_h630.jpg","is_clip":false,"is_youtube_embed":false,"item_type":"audio","item_type_label":"Audio","language_label":"Espa\u00f1ol","media_credit":null,"micro_label":"Audio program","micro_label_kind":"audio","network_label":"OCB","network_logo_url":"/static/uploads/direct_network_logos/ocb_0888427dcb1d.svg","published_at":"2026-08-10T19:22:19","published_at_display":"10 Aug 2026, 19:22 GMT","sequence_badge_label":null,"sequence_count":null,"sequence_count_label":null,"sequence_frames":[],"sequence_kind":null,"source_name":"ocb_spanish_audio_scrape","source_name_label":"OCB Spanish Audio","source_type":"scrape","summary":"Un fuerte terremoto de magnitud 7,4 ocurrido este lunes en Colombia deja al menos 111 personas muertas y 87 heridos, 1.575 viviendas afectadas y 61 edificios colapsados, seg\u00fan el balance preliminar entregado por el presidente Abelardo de la Espriella. Seis aeropuertos est\u00e1n fuera de operaci\u00f3n,","title":"Sismo de 7,4 en Colombia deja m\u00e1s de 100 muertos, 87 heridos y 61 edificios colapsados","topic":"sismo de 7 4 en colombia deja m%C3%A1s de 100 muertos 87 heridos y 61 edificios colapsados","translation_language":"","url":"https://www.martinoticias.com/a/sismo-de-7-4-en-colombia-deja-m%C3%A1s-de-100-muertos-87-heridos-y-61-edificios-colapsados/474139.html","video_url":null,"youtube_conversion_active":false,"youtube_conversion_error":"","youtube_conversion_status":""},{"article_body_paragraphs":[],"audio_source_url":"https://ocb-audio-ns.akamaized.net/cu/2026/04/14/25c3a92b-99fb-4bee-2edd-08de3c04d4d2.mp3","author":null,"available_dubs":[],"downloadable_assets":["https://ocb-audio-ns.akamaized.net/cu/2026/04/14/25c3a92b-99fb-4bee-2edd-08de3c04d4d2.mp3"],"duration_display":"0:00","duration_seconds":null,"embed_url":null,"id":13330,"image_caption":null,"image_url":"https://gdb.martinoticias.com/abe1572a-f5fa-4ca3-6374-08de3c08cd61_w1200_h630.jpg","is_clip":false,"is_youtube_embed":false,"item_type":"audio","item_type_label":"Audio","language_label":"Espa\u00f1ol","media_credit":null,"micro_label":"Audio program","micro_label_kind":"audio","network_label":"OCB","network_logo_url":"/static/uploads/direct_network_logos/ocb_0888427dcb1d.svg","published_at":"2026-04-14T23:00:00","published_at_display":"14 Apr 2026, 23:00 GMT","sequence_badge_label":null,"sequence_count":null,"sequence_count_label":null,"sequence_frames":[],"sequence_kind":null,"source_name":"ocb_spanish_audio_scrape","source_name_label":"OCB Spanish Audio","source_type":"scrape","summary":"Padre Castor \u00c1lvarez Devesa reflexiona sobre la resurrecci\u00f3n de Cristo y su misericordia, en medio de un mundo donde el dolor parece prolongarse m\u00e1s de lo debido.","title":"Padre Castor \u00c1lvarez Devesa","topic":"padre castor %C3%A1lvarez devesa","translation_language":"","url":"https://www.martinoticias.com/a/padre-castor-%C3%A1lvarez-devesa/456901.html","video_url":null,"youtube_conversion_active":false,"youtube_conversion_error":"","youtube_conversion_status":""}],"next_num":null,"page":3,"pages":3,"per_page":20,"prev_num":2,"total":52}
