{"applied_filters":{"end_date":"","lang":"","language":"","network":"OCB","page":3,"per_page":20,"search":"","source":"ocb_spanish_video_scrape","start_date":"","topic":"","type":""},"available_filters":{"language_choices":[{"label":"Choose Language","value":""},{"label":"English","value":"English"},{"label":"Espa\u00f1ol","value":"Espa\u00f1ol"}],"network_choices":[{"label":"All networks","value":""},{"label":"OCB","value":"OCB"}],"source_choices":[{"label":"All sources","value":""},{"label":"Manual Ocb Espanol","value":"manual_ocb_espanol"},{"label":"OCB \u00b7 Caf\u00e9 Digital","value":"ocb_spanish_audio_html_scrape"},{"label":"OCB \u00b7 Liberaci\u00f3n","value":"ocb_spanish_audio_html_scrape_1001"},{"label":"OCB \u00b7 Programas de Radio Nuestra Am\u00e9rica","value":"ocb_spanish_audio_html_scrape_1016"},{"label":"OCB \u00b7 Agenda hemisf\u00e9rica","value":"ocb_spanish_audio_html_scrape_1028"},{"label":"OCB \u00b7 El futuro es ya","value":"ocb_spanish_audio_html_scrape_1056"},{"label":"OCB \u00b7 Foro abierto","value":"ocb_spanish_audio_html_scrape_1061"},{"label":"OCB \u00b7 Nicaragua al d\u00eda","value":"ocb_spanish_audio_html_scrape_1077"},{"label":"OCB \u00b7 La bola nostra","value":"ocb_spanish_audio_html_scrape_1078"},{"label":"OCB \u00b7 Taller de prensa","value":"ocb_spanish_audio_html_scrape_1103"},{"label":"OCB \u00b7 Las noticias como son","value":"ocb_spanish_audio_html_scrape_142"},{"label":"OCB \u00b7 Abriendo Espacios","value":"ocb_spanish_audio_html_scrape_562"},{"label":"OCB \u00b7 Mart\u00ed Noticias A.M.","value":"ocb_spanish_audio_html_scrape_668"},{"label":"OCB Spanish Audio","value":"ocb_spanish_audio_scrape"},{"label":"OCB Spanish Video","value":"ocb_spanish_video_scrape"},{"label":"Radiotelevisionmarti","value":"radiotelevisionmarti_com_direct"},{"label":"Radiotelevisionmarti","value":"radiotelevisionmarti_com_rss"},{"label":"TV Mart\u00ed Noticias YouTube","value":"tv_marti_noticias_youtube_playlists"}],"sources":["manual_ocb_espanol","ocb_spanish_audio_html_scrape","ocb_spanish_audio_html_scrape_1001","ocb_spanish_audio_html_scrape_1016","ocb_spanish_audio_html_scrape_1028","ocb_spanish_audio_html_scrape_1056","ocb_spanish_audio_html_scrape_1061","ocb_spanish_audio_html_scrape_1077","ocb_spanish_audio_html_scrape_1078","ocb_spanish_audio_html_scrape_1103","ocb_spanish_audio_html_scrape_142","ocb_spanish_audio_html_scrape_562","ocb_spanish_audio_html_scrape_668","ocb_spanish_audio_scrape","ocb_spanish_video_scrape","radiotelevisionmarti_com_direct","radiotelevisionmarti_com_rss","tv_marti_noticias_youtube_playlists"],"topics":["Am\u00e9rica Latina, VENEZUELA, Maiquetia","Asuntos de Estado","Audiovisuales Mart\u00ed","Audiovisuales Mart\u00ed, Cuba turismo, crisis del turismo en Cuba","Audiovisuales Mart\u00ed, VENEZUELA, apagones","Como Come Cuba, cuba, Como Come Cuba","Cuba Habla","Cuba Habla, Cuba","Cuba al D\u00eda, Cuba","Derechos Humanos, cuba, exilio, c\u00e1ncer, Ram\u00f3n Sa\u00fal S\u00e1nchez","Especiales, Exilio cubano, Freedom tower, \"Libertad\", Torre de la Libertad de Miami, Exilio cubano en Miami","Especiales, jos\u00e9 mart\u00ed, Exilio cubano","Esperando un techo, cuba, crisis, vivienda, derrumbes, techo, paredes, EsperandounTecho","Info Mart\u00ed","Info Mart\u00ed , Brigada 2506","Info Mart\u00ed , Cuba","Info Mart\u00ed , Estados Unidos, Colombia","Info Mart\u00ed , Estados Unidos, VENEZUELA","Info Mart\u00ed , estados unidos, Venezuela","Info Mart\u00ed , presos politicos, torturas, VENEZUELA","Kentu-Cubano, cuba, cubanos, Kentucky, migrantes, KentoCubano","Las Noticias Como Son, Cuba","Noticiero Mart\u00ed Noticias","Noticiero Mart\u00ed Noticias, Cuba","Ser Madre en cuba, cuba, hambre, r\u00e9gimen, madre, negligencia, Testimonios, Crisis Econ\u00f3mica, madre cubana, Crisis Alimentaria","Ser viejo en Cuba, cuba, cubanos, crisis, alimentos, ancianos, viejos, vejez"],"types":[["","All types"],["video","Videos"],["clips","Clips"],["media","Media"]]},"has_next":true,"has_prev":true,"items":[{"article_body_paragraphs":[],"audio_source_url":null,"author":"Rolando N\u00e1poles","available_dubs":[],"downloadable_assets":["https://ocb-video-ns.akamaized.net/pangeavideo/2026/08/d/d1/d1ebbcd5-cb7a-45bc-5a81-08decd6ea425_1080p.mp4?cb=ee21ea46f"],"duration_display":"3:21","duration_seconds":201.0,"embed_url":null,"id":12710,"image_caption":null,"image_url":"https://gdb.martinoticias.com/d1ebbcd5-cb7a-45bc-5a81-08decd6ea425_tv_w1080_h608.jpg","is_clip":true,"is_youtube_embed":false,"item_type":"video","item_type_label":"Video","language_label":"Espa\u00f1ol","media_credit":"Rolando N\u00e1poles","micro_label":"Video report","micro_label_kind":"video","network_label":"OCB","network_logo_url":"/static/uploads/direct_network_logos/ocb_0888427dcb1d.svg","published_at":"2026-08-24T20:45:35","published_at_display":"24 Aug 2026, 20:45 GMT","sequence_badge_label":null,"sequence_count":null,"sequence_count_label":null,"sequence_frames":[],"sequence_kind":null,"source_name":"ocb_spanish_video_scrape","source_name_label":"OCB Spanish Video","source_type":"scrape","summary":"La caida de casi el 50% del turismo en Cuba est\u00e1 dejando sin empleo a m\u00e1s cubanos que viven de este sector.","title":"Desplome del turismo est\u00e1 dejando sin empleo a m\u00e1s cubanos en la isla","topic":"Audiovisuales Mart\u00ed, Cuba turismo, crisis del turismo en Cuba","translation_language":"","url":"https://www.martinoticias.com/a/desplome-del-turismo-est%C3%A1-dejando-sin-empleo-a-m%C3%A1s-cubanos-en-la-isla/476167.html","video_url":"https://ocb-video-ns.akamaized.net/pangeavideo/2026/08/d/d1/d1ebbcd5-cb7a-45bc-5a81-08decd6ea425_1080p.mp4?cb=ee21ea46f","youtube_conversion_active":false,"youtube_conversion_error":"","youtube_conversion_status":""},{"article_body_paragraphs":[],"audio_source_url":null,"author":"Mart\u00ed Noticias","available_dubs":[],"downloadable_assets":["https://ocb-video-ns.akamaized.net/pangeavideo/2026/08/c/c2/c2aea2f6-e6a4-4b8a-03e0-08decd63a0c8_1080p.mp4?cb=ee2199125"],"duration_display":"1:20","duration_seconds":80.0,"embed_url":null,"id":12718,"image_caption":null,"image_url":"https://gdb.martinoticias.com/c2aea2f6-e6a4-4b8a-03e0-08decd63a0c8_tv_w1080_h608.jpg","is_clip":true,"is_youtube_embed":false,"item_type":"video","item_type_label":"Video","language_label":"Espa\u00f1ol","media_credit":"Mart\u00ed Noticias","micro_label":"Video report","micro_label_kind":"video","network_label":"OCB","network_logo_url":"/static/uploads/direct_network_logos/ocb_0888427dcb1d.svg","published_at":"2026-08-24T11:00:00","published_at_display":"24 Aug 2026, 11:00 GMT","sequence_badge_label":null,"sequence_count":null,"sequence_count_label":null,"sequence_frames":[],"sequence_kind":null,"source_name":"ocb_spanish_video_scrape","source_name_label":"OCB Spanish Video","source_type":"scrape","summary":"\"Todo el mundo tiene derecho a protestar por sus derechos\", asegura joven cubana desde La Habana.","title":"Cuba Habla: \u201cLas personas protestan porque no pueden m\u00e1s\u201d","topic":"Cuba Habla, Cuba","translation_language":"","url":"https://www.martinoticias.com/a/cuba-habla-las-personas-protestan-porque-no-pueden-m%C3%A1s/475955.html","video_url":"https://ocb-video-ns.akamaized.net/pangeavideo/2026/08/c/c2/c2aea2f6-e6a4-4b8a-03e0-08decd63a0c8_1080p.mp4?cb=ee2199125","youtube_conversion_active":false,"youtube_conversion_error":"","youtube_conversion_status":""},{"article_body_paragraphs":[],"audio_source_url":null,"author":"Mart\u00ed Noticias","available_dubs":[],"downloadable_assets":["https://ocb-video-ns.akamaized.net/pangeavideo/2026/08/9/92/9272aebf-dbf0-40ca-03de-08decd63a0c8_1080p.mp4?cb=ee2198235"],"duration_display":"0:51","duration_seconds":51.0,"embed_url":null,"id":12719,"image_caption":null,"image_url":"https://gdb.martinoticias.com/9272aebf-dbf0-40ca-03de-08decd63a0c8_tv_w1080_h608.jpg","is_clip":true,"is_youtube_embed":false,"item_type":"video","item_type_label":"Video","language_label":"Espa\u00f1ol","media_credit":"Mart\u00ed Noticias","micro_label":"Video report","micro_label_kind":"video","network_label":"OCB","network_logo_url":"/static/uploads/direct_network_logos/ocb_0888427dcb1d.svg","published_at":"2026-08-23T11:00:00","published_at_display":"23 Aug 2026, 11:00 GMT","sequence_badge_label":null,"sequence_count":null,"sequence_count_label":null,"sequence_frames":[],"sequence_kind":null,"source_name":"ocb_spanish_video_scrape","source_name_label":"OCB Spanish Video","source_type":"scrape","summary":"\"\u00bfQu\u00e9 gritan la gente? Libertad, hambre\" refiere habanero acerca de las protestas en Cuba.","title":"Cuba Habla: \u201cHay muchas protestas porque aqu\u00ed en el pa\u00eds hay muchas dificultades\u201d","topic":"Cuba Habla, Cuba","translation_language":"","url":"https://www.martinoticias.com/a/cuba-habla-hay-muchas-protestas-porque-aqu%C3%AD-en-el-pa%C3%ADs-hay-muchas-dificultades/475904.html","video_url":"https://ocb-video-ns.akamaized.net/pangeavideo/2026/08/9/92/9272aebf-dbf0-40ca-03de-08decd63a0c8_1080p.mp4?cb=ee2198235","youtube_conversion_active":false,"youtube_conversion_error":"","youtube_conversion_status":""},{"article_body_paragraphs":[],"audio_source_url":null,"author":"Mart\u00ed Noticias","available_dubs":[],"downloadable_assets":["https://ocb-video-ns.akamaized.net/pangeavideo/2026/08/c/cf/cff770d5-133f-4dc8-68c5-08def2ff2efe_1080p.mp4?cb=ee2197b11"],"duration_display":"1:04","duration_seconds":64.0,"embed_url":null,"id":12720,"image_caption":null,"image_url":"https://gdb.martinoticias.com/cff770d5-133f-4dc8-68c5-08def2ff2efe_tv_w1080_h608.jpg","is_clip":true,"is_youtube_embed":false,"item_type":"video","item_type_label":"Video","language_label":"Espa\u00f1ol","media_credit":"Mart\u00ed Noticias","micro_label":"Video report","micro_label_kind":"video","network_label":"OCB","network_logo_url":"/static/uploads/direct_network_logos/ocb_0888427dcb1d.svg","published_at":"2026-08-21T11:00:00","published_at_display":"21 Aug 2026, 11:00 GMT","sequence_badge_label":null,"sequence_count":null,"sequence_count_label":null,"sequence_frames":[],"sequence_kind":null,"source_name":"ocb_spanish_video_scrape","source_name_label":"OCB Spanish Video","source_type":"scrape","summary":"Habanero habla de los reclamos de los ciudadanos que protestan publicamente en la isla.","title":"Cuba Habla: \u201cLa necesidad de la comida\u201d","topic":"Cuba Habla, Cuba","translation_language":"","url":"https://www.martinoticias.com/a/cuba-habla-la-necesidad-de-la-comida/475899.html","video_url":"https://ocb-video-ns.akamaized.net/pangeavideo/2026/08/c/cf/cff770d5-133f-4dc8-68c5-08def2ff2efe_1080p.mp4?cb=ee2197b11","youtube_conversion_active":false,"youtube_conversion_error":"","youtube_conversion_status":""},{"article_body_paragraphs":[],"audio_source_url":null,"author":"Mart\u00ed Noticias","available_dubs":[],"downloadable_assets":["https://ocb-video-ns.akamaized.net/pangeavideo/2026/08/1/11/11f5f8a3-4167-42ce-5a52-08decd6ea425_1080p.mp4?cb=ee215997d"],"duration_display":"0:56","duration_seconds":56.0,"embed_url":null,"id":12721,"image_caption":null,"image_url":"https://gdb.martinoticias.com/11f5f8a3-4167-42ce-5a52-08decd6ea425_tv_w1080_h608.jpg","is_clip":true,"is_youtube_embed":false,"item_type":"video","item_type_label":"Video","language_label":"Espa\u00f1ol","media_credit":"Mart\u00ed Noticias","micro_label":"Video report","micro_label_kind":"video","network_label":"OCB","network_logo_url":"/static/uploads/direct_network_logos/ocb_0888427dcb1d.svg","published_at":"2026-08-20T11:00:00","published_at_display":"20 Aug 2026, 11:00 GMT","sequence_badge_label":null,"sequence_count":null,"sequence_count_label":null,"sequence_frames":[],"sequence_kind":null,"source_name":"ocb_spanish_video_scrape","source_name_label":"OCB Spanish Video","source_type":"scrape","summary":"Joven capitalino asegura que \"el gobierno\" es culpable de lo que est\u00e1 pasando el pueblo.","title":"Cuba Habla: \u201cLas personas protestan con su raz\u00f3n\u201d","topic":"Cuba Habla, Cuba","translation_language":"","url":"https://www.martinoticias.com/a/cuba-habla-las-personas-protestan-con-su-raz%C3%B3n/475705.html","video_url":"https://ocb-video-ns.akamaized.net/pangeavideo/2026/08/1/11/11f5f8a3-4167-42ce-5a52-08decd6ea425_1080p.mp4?cb=ee215997d","youtube_conversion_active":false,"youtube_conversion_error":"","youtube_conversion_status":""},{"article_body_paragraphs":[],"audio_source_url":null,"author":"Mart\u00ed Noticias","available_dubs":[],"downloadable_assets":["https://ocb-video-ns.akamaized.net/pangeavideo/2026/08/4/40/4025d0e0-2d96-4557-cf8e-08decd5b38e4_1080p.mp4?cb=ee215965c"],"duration_display":"1:47","duration_seconds":107.0,"embed_url":null,"id":12722,"image_caption":null,"image_url":"https://gdb.martinoticias.com/4025d0e0-2d96-4557-cf8e-08decd5b38e4_tv_w1080_h608.jpg","is_clip":true,"is_youtube_embed":false,"item_type":"video","item_type_label":"Video","language_label":"Espa\u00f1ol","media_credit":"Mart\u00ed Noticias","micro_label":"Video report","micro_label_kind":"video","network_label":"OCB","network_logo_url":"/static/uploads/direct_network_logos/ocb_0888427dcb1d.svg","published_at":"2026-08-19T11:00:00","published_at_display":"19 Aug 2026, 11:00 GMT","sequence_badge_label":null,"sequence_count":null,"sequence_count_label":null,"sequence_frames":[],"sequence_kind":null,"source_name":"ocb_spanish_video_scrape","source_name_label":"OCB Spanish Video","source_type":"scrape","summary":"\"Van a venir momentos m\u00e1s dif\u00edciles\" asegura anciana cubana desde la capital del pa\u00eds.","title":"Cuba Habla: \u201cSon momentos dif\u00edciles\u201d","topic":"Cuba Habla","translation_language":"","url":"https://www.martinoticias.com/a/cuba-habla-son-momentos-dif%C3%ADciles/475660.html","video_url":"https://ocb-video-ns.akamaized.net/pangeavideo/2026/08/4/40/4025d0e0-2d96-4557-cf8e-08decd5b38e4_1080p.mp4?cb=ee215965c","youtube_conversion_active":false,"youtube_conversion_error":"","youtube_conversion_status":""},{"article_body_paragraphs":[],"audio_source_url":null,"author":"Mart\u00ed Noticias","available_dubs":[],"downloadable_assets":["https://ocb-video-ns.akamaized.net/pangeavideo/2026/08/4/42/42d1a03c-a596-4fae-7c48-08def2b1c8fe_1080p.mp4?cb=ee215940a"],"duration_display":"1:07","duration_seconds":67.0,"embed_url":null,"id":12723,"image_caption":null,"image_url":"https://gdb.martinoticias.com/42d1a03c-a596-4fae-7c48-08def2b1c8fe_tv_w1080_h608.jpg","is_clip":true,"is_youtube_embed":false,"item_type":"video","item_type_label":"Video","language_label":"Espa\u00f1ol","media_credit":"Mart\u00ed Noticias","micro_label":"Video report","micro_label_kind":"video","network_label":"OCB","network_logo_url":"/static/uploads/direct_network_logos/ocb_0888427dcb1d.svg","published_at":"2026-08-18T11:00:00","published_at_display":"18 Aug 2026, 11:00 GMT","sequence_badge_label":null,"sequence_count":null,"sequence_count_label":null,"sequence_frames":[],"sequence_kind":null,"source_name":"ocb_spanish_video_scrape","source_name_label":"OCB Spanish Video","source_type":"scrape","summary":"Desde la capital, joven cubano explica el impacto de la escasez de agua en la poblaci\u00f3n.","title":"Cuba Habla: \u201cDemasiado desfavorable el tema del agua en el pa\u00eds\u201d.","topic":"Cuba Habla, Cuba","translation_language":"","url":"https://www.martinoticias.com/a/cuba-habla-demasiado-desfavorable-el-tema-del-agua-en-el-pa%C3%ADs/475659.html","video_url":"https://ocb-video-ns.akamaized.net/pangeavideo/2026/08/4/42/42d1a03c-a596-4fae-7c48-08def2b1c8fe_1080p.mp4?cb=ee215940a","youtube_conversion_active":false,"youtube_conversion_error":"","youtube_conversion_status":""},{"article_body_paragraphs":[],"audio_source_url":null,"author":"Mart\u00ed Noticias","available_dubs":[],"downloadable_assets":["https://ocb-video-ns.akamaized.net/pangeavideo/2026/08/2/2b/2ba3498f-9587-4043-5a4c-08decd6ea425_1080p.mp4?cb=ee21180f7"],"duration_display":"1:20","duration_seconds":80.0,"embed_url":null,"id":12724,"image_caption":null,"image_url":"https://gdb.martinoticias.com/2ba3498f-9587-4043-5a4c-08decd6ea425_tv_w1080_h608.jpg","is_clip":true,"is_youtube_embed":false,"item_type":"video","item_type_label":"Video","language_label":"Espa\u00f1ol","media_credit":"Mart\u00ed Noticias","micro_label":"Video report","micro_label_kind":"video","network_label":"OCB","network_logo_url":"/static/uploads/direct_network_logos/ocb_0888427dcb1d.svg","published_at":"2026-08-17T11:00:00","published_at_display":"17 Aug 2026, 11:00 GMT","sequence_badge_label":null,"sequence_count":null,"sequence_count_label":null,"sequence_frames":[],"sequence_kind":null,"source_name":"ocb_spanish_video_scrape","source_name_label":"OCB Spanish Video","source_type":"scrape","summary":"Habanera refiere falta de conectividad a internet en Cuba y el impacto que esto tiene para la comunicaci\u00f3n con la familia.","title":"Cuba Habla: \"No entra la conexi\u00f3n por ning\u00fan lado\u201d","topic":"Cuba Habla, Cuba","translation_language":"","url":"https://www.martinoticias.com/a/cuba-habla-no-entra-la-conexi%C3%B3n-por-ning%C3%BAn-lado/475484.html","video_url":"https://ocb-video-ns.akamaized.net/pangeavideo/2026/08/2/2b/2ba3498f-9587-4043-5a4c-08decd6ea425_1080p.mp4?cb=ee21180f7","youtube_conversion_active":false,"youtube_conversion_error":"","youtube_conversion_status":""},{"article_body_paragraphs":[],"audio_source_url":null,"author":"Mart\u00ed Noticias","available_dubs":[],"downloadable_assets":["https://ocb-video-ns.akamaized.net/pangeavideo/2026/08/9/9b/9bf8831c-6fc2-45fb-6897-08def2ff2efe_1080p.mp4?cb=ee21169b4"],"duration_display":"1:46","duration_seconds":106.0,"embed_url":null,"id":12725,"image_caption":null,"image_url":"https://gdb.martinoticias.com/9bf8831c-6fc2-45fb-6897-08def2ff2efe_tv_w1080_h608.jpg","is_clip":true,"is_youtube_embed":false,"item_type":"video","item_type_label":"Video","language_label":"Espa\u00f1ol","media_credit":"Mart\u00ed Noticias","micro_label":"Video report","micro_label_kind":"video","network_label":"OCB","network_logo_url":"/static/uploads/direct_network_logos/ocb_0888427dcb1d.svg","published_at":"2026-08-16T11:00:00","published_at_display":"16 Aug 2026, 11:00 GMT","sequence_badge_label":null,"sequence_count":null,"sequence_count_label":null,"sequence_frames":[],"sequence_kind":null,"source_name":"ocb_spanish_video_scrape","source_name_label":"OCB Spanish Video","source_type":"scrape","summary":"Desde La Habana, joven habla de la falta de conectividad en la isla y exhorta a una \"protesta pac\u00edfica\".","title":"Cuba Habla: \" Exigiendo nuestros derechos\u201d","topic":"Cuba Habla, Cuba","translation_language":"","url":"https://www.martinoticias.com/a/cuba-habla-exigiendo-nuestros-derechos/475479.html","video_url":"https://ocb-video-ns.akamaized.net/pangeavideo/2026/08/9/9b/9bf8831c-6fc2-45fb-6897-08def2ff2efe_1080p.mp4?cb=ee21169b4","youtube_conversion_active":false,"youtube_conversion_error":"","youtube_conversion_status":""},{"article_body_paragraphs":[],"audio_source_url":null,"author":"Mart\u00ed Noticias","available_dubs":[],"downloadable_assets":["https://ocb-video-ns.akamaized.net/pangeavideo/2026/08/9/9e/9e0d0d44-35ba-4137-687c-08def2ff2efe_1080p.mp4?cb=ee20c6452"],"duration_display":"1:24","duration_seconds":84.0,"embed_url":null,"id":12726,"image_caption":null,"image_url":"https://gdb.martinoticias.com/9e0d0d44-35ba-4137-687c-08def2ff2efe_tv_w1080_h608.jpg","is_clip":true,"is_youtube_embed":false,"item_type":"video","item_type_label":"Video","language_label":"Espa\u00f1ol","media_credit":"Mart\u00ed Noticias","micro_label":"Video report","micro_label_kind":"video","network_label":"OCB","network_logo_url":"/static/uploads/direct_network_logos/ocb_0888427dcb1d.svg","published_at":"2026-08-14T11:00:00","published_at_display":"14 Aug 2026, 11:00 GMT","sequence_badge_label":null,"sequence_count":null,"sequence_count_label":null,"sequence_frames":[],"sequence_kind":null,"source_name":"ocb_spanish_video_scrape","source_name_label":"OCB Spanish Video","source_type":"scrape","summary":"De \u201cp\u00e9sima\" califica habanera la crisis por falta de suministro de agua en Cuba.","title":"Cuba Habla: \"Cuando no tengo ni agua ni luz, es a volverme loca\u201d","topic":"Cuba Habla, Cuba","translation_language":"","url":"https://www.martinoticias.com/a/cuba-habla-cuando-no-tengo-ni-agua-ni-luz-es-a-volverme-loca/474530.html","video_url":"https://ocb-video-ns.akamaized.net/pangeavideo/2026/08/9/9e/9e0d0d44-35ba-4137-687c-08def2ff2efe_1080p.mp4?cb=ee20c6452","youtube_conversion_active":false,"youtube_conversion_error":"","youtube_conversion_status":""},{"article_body_paragraphs":[],"audio_source_url":null,"author":"Mart\u00ed Noticias","available_dubs":[],"downloadable_assets":["https://ocb-video-ns.akamaized.net/pangeavideo/2026/08/2/2b/2bb33164-ebfd-49c8-7c1e-08def2b1c8fe_1080p.mp4?cb=ee20c5fba"],"duration_display":"1:40","duration_seconds":100.0,"embed_url":null,"id":12727,"image_caption":null,"image_url":"https://gdb.martinoticias.com/2bb33164-ebfd-49c8-7c1e-08def2b1c8fe_tv_w1080_h608.jpg","is_clip":true,"is_youtube_embed":false,"item_type":"video","item_type_label":"Video","language_label":"Espa\u00f1ol","media_credit":"Mart\u00ed Noticias","micro_label":"Video report","micro_label_kind":"video","network_label":"OCB","network_logo_url":"/static/uploads/direct_network_logos/ocb_0888427dcb1d.svg","published_at":"2026-08-13T11:00:00","published_at_display":"13 Aug 2026, 11:00 GMT","sequence_badge_label":null,"sequence_count":null,"sequence_count_label":null,"sequence_frames":[],"sequence_kind":null,"source_name":"ocb_spanish_video_scrape","source_name_label":"OCB Spanish Video","source_type":"scrape","summary":"Habanera da detalles de la falta de agua en Cuba y dice que cree que la situaci\u00f3n se resolver\u00e1 \"cuando esto se caiga\".","title":"Cuba Habla: \"Que venga otro gobernante\u201d","topic":"Cuba Habla, Cuba","translation_language":"","url":"https://www.martinoticias.com/a/cuba-habla-que-venga-otro-gobernante/474529.html","video_url":"https://ocb-video-ns.akamaized.net/pangeavideo/2026/08/2/2b/2bb33164-ebfd-49c8-7c1e-08def2b1c8fe_1080p.mp4?cb=ee20c5fba","youtube_conversion_active":false,"youtube_conversion_error":"","youtube_conversion_status":""},{"article_body_paragraphs":[],"audio_source_url":null,"author":"Mart\u00ed Noticias","available_dubs":[],"downloadable_assets":["https://ocb-video-ns.akamaized.net/pangeavideo/2026/08/f/f3/f307e319-47a1-4f6b-bc07-08def2b1d8dc_1080p.mp4?cb=ee20c5d34"],"duration_display":"1:00","duration_seconds":60.0,"embed_url":null,"id":12728,"image_caption":null,"image_url":"https://gdb.martinoticias.com/f307e319-47a1-4f6b-bc07-08def2b1d8dc_tv_w1080_h608.jpg","is_clip":true,"is_youtube_embed":false,"item_type":"video","item_type_label":"Video","language_label":"Espa\u00f1ol","media_credit":"Mart\u00ed Noticias","micro_label":"Video report","micro_label_kind":"video","network_label":"OCB","network_logo_url":"/static/uploads/direct_network_logos/ocb_0888427dcb1d.svg","published_at":"2026-08-12T11:00:00","published_at_display":"12 Aug 2026, 11:00 GMT","sequence_badge_label":null,"sequence_count":null,"sequence_count_label":null,"sequence_frames":[],"sequence_kind":null,"source_name":"ocb_spanish_video_scrape","source_name_label":"OCB Spanish Video","source_type":"scrape","summary":"Ciudadana desde La Habana habla de la crisis por falta de agua en Cuba.","title":"Cuba Habla: \"\u00bfTu crees que se puede hacer algo sin agua?\u201d","topic":"Cuba Habla, Cuba","translation_language":"","url":"https://www.martinoticias.com/a/cuba-habla-tu-crees-que-se-puede-hacer-algo-sin-agua/474484.html","video_url":"https://ocb-video-ns.akamaized.net/pangeavideo/2026/08/f/f3/f307e319-47a1-4f6b-bc07-08def2b1d8dc_1080p.mp4?cb=ee20c5d34","youtube_conversion_active":false,"youtube_conversion_error":"","youtube_conversion_status":""},{"article_body_paragraphs":[],"audio_source_url":null,"author":"Mart\u00ed Noticias","available_dubs":[],"downloadable_assets":["https://ocb-video-ns.akamaized.net/pangeavideo/2026/08/8/81/8152b060-1f7f-4e5c-5a32-08decd6ea425_1080p.mp4?cb=ee20c5ae8"],"duration_display":"0:38","duration_seconds":38.0,"embed_url":null,"id":12729,"image_caption":null,"image_url":"https://gdb.martinoticias.com/8152b060-1f7f-4e5c-5a32-08decd6ea425_tv_w1080_h608.jpg","is_clip":true,"is_youtube_embed":false,"item_type":"video","item_type_label":"Video","language_label":"Espa\u00f1ol","media_credit":"Mart\u00ed Noticias","micro_label":"Video report","micro_label_kind":"video","network_label":"OCB","network_logo_url":"/static/uploads/direct_network_logos/ocb_0888427dcb1d.svg","published_at":"2026-08-11T11:00:00","published_at_display":"11 Aug 2026, 11:00 GMT","sequence_badge_label":null,"sequence_count":null,"sequence_count_label":null,"sequence_frames":[],"sequence_kind":null,"source_name":"ocb_spanish_video_scrape","source_name_label":"OCB Spanish Video","source_type":"scrape","summary":"\u201cToda la culpa de todo la tiene el gobierno\u201d asevera habanero desde la isla.","title":"Cuba Habla: \"Quince d\u00edas\u201d","topic":"Cuba Habla, Cuba","translation_language":"","url":"https://www.martinoticias.com/a/cuba-habla-quince-d%C3%ADas/474483.html","video_url":"https://ocb-video-ns.akamaized.net/pangeavideo/2026/08/8/81/8152b060-1f7f-4e5c-5a32-08decd6ea425_1080p.mp4?cb=ee20c5ae8","youtube_conversion_active":false,"youtube_conversion_error":"","youtube_conversion_status":""},{"article_body_paragraphs":[],"audio_source_url":null,"author":"Mart\u00ed Noticias","available_dubs":[],"downloadable_assets":["https://ocb-video-ns.akamaized.net/pangeavideo/2026/08/2/2d/2df2ff2a-39d1-4e7c-5a10-08decd6ea425_1080p.mp4?cb=ee2045e37"],"duration_display":"1:21","duration_seconds":81.0,"embed_url":null,"id":12730,"image_caption":null,"image_url":"https://gdb.martinoticias.com/2df2ff2a-39d1-4e7c-5a10-08decd6ea425_tv_w1080_h608.jpg","is_clip":true,"is_youtube_embed":false,"item_type":"video","item_type_label":"Video","language_label":"Espa\u00f1ol","media_credit":"Mart\u00ed Noticias","micro_label":"Video report","micro_label_kind":"video","network_label":"OCB","network_logo_url":"/static/uploads/direct_network_logos/ocb_0888427dcb1d.svg","published_at":"2026-08-10T11:00:00","published_at_display":"10 Aug 2026, 11:00 GMT","sequence_badge_label":null,"sequence_count":null,"sequence_count_label":null,"sequence_frames":[],"sequence_kind":null,"source_name":"ocb_spanish_video_scrape","source_name_label":"OCB Spanish Video","source_type":"scrape","summary":"\"Es bestial\" asegura residente en la capital sobre la falta de agua.","title":"Cuba Habla: \"Uno se siente mal\"","topic":"Cuba Habla, Cuba","translation_language":"","url":"https://www.martinoticias.com/a/cuba-habla-uno-se-siente-mal/473667.html","video_url":"https://ocb-video-ns.akamaized.net/pangeavideo/2026/08/2/2d/2df2ff2a-39d1-4e7c-5a10-08decd6ea425_1080p.mp4?cb=ee2045e37","youtube_conversion_active":false,"youtube_conversion_error":"","youtube_conversion_status":""},{"article_body_paragraphs":[],"audio_source_url":null,"author":"Jany Gonz\u00e1lez","available_dubs":[],"downloadable_assets":["https://ocb-video-ns.akamaized.net/pangeavideo/2026/06/4/4a/4ac2c504-c984-4315-02b2-08decd63a0c8_1080p.mp4?cb=ee1d61e6b"],"duration_display":"17:29","duration_seconds":1049.0,"embed_url":null,"id":12736,"image_caption":null,"image_url":"https://gdb.martinoticias.com/4ac2c504-c984-4315-02b2-08decd63a0c8_tv_w1080_h608.jpg","is_clip":false,"is_youtube_embed":false,"item_type":"video","item_type_label":"Video","language_label":"Espa\u00f1ol","media_credit":"Jany Gonz\u00e1lez","micro_label":"Video report","micro_label_kind":"video","network_label":"OCB","network_logo_url":"/static/uploads/direct_network_logos/ocb_0888427dcb1d.svg","published_at":"2026-06-30T20:30:20","published_at_display":"30 Jun 2026, 20:30 GMT","sequence_badge_label":null,"sequence_count":null,"sequence_count_label":null,"sequence_frames":[],"sequence_kind":null,"source_name":"ocb_spanish_video_scrape","source_name_label":"OCB Spanish Video","source_type":"scrape","summary":"Jos\u00e9 Daniel Ferrer es mucho m\u00e1s que un l\u00edder opositor. Es un padre, un esposo y un hombre que ha pagado un alto precio por mantenerse firme en sus convicciones. Esta es la historia de su lucha y resistencia.","title":"\u201cMe humillaron pero no me doblegaron\u201d: La historia de Jos\u00e9 Daniel Ferrer","topic":"Audiovisuales Mart\u00ed","translation_language":"","url":"https://www.martinoticias.com/a/me-humillaron-pero-no-me-doblegaron-la-historia-de-jos%C3%A9-daniel-ferrer/469805.html","video_url":"https://ocb-video-ns.akamaized.net/pangeavideo/2026/06/4/4a/4ac2c504-c984-4315-02b2-08decd63a0c8_1080p.mp4?cb=ee1d61e6b","youtube_conversion_active":false,"youtube_conversion_error":"","youtube_conversion_status":""},{"article_body_paragraphs":[],"audio_source_url":null,"author":"Mart\u00ed Noticias","available_dubs":[],"downloadable_assets":["https://ocb-video-ns.akamaized.net/pangeavideo/2026/06/8/87/87953cd7-c533-4db5-abec-08decd4f1c2d_1080p.mp4?cb=ee1d61dcc"],"duration_display":"24:35","duration_seconds":1475.0,"embed_url":null,"id":12740,"image_caption":null,"image_url":"https://gdb.martinoticias.com/87953cd7-c533-4db5-abec-08decd4f1c2d_tv_w1080_h608.jpg","is_clip":false,"is_youtube_embed":false,"item_type":"video","item_type_label":"Video","language_label":"Espa\u00f1ol","media_credit":"Mart\u00ed Noticias","micro_label":"Video report","micro_label_kind":"video","network_label":"OCB","network_logo_url":"/static/uploads/direct_network_logos/ocb_0888427dcb1d.svg","published_at":"2026-06-30T20:27:56","published_at_display":"30 Jun 2026, 20:27 GMT","sequence_badge_label":null,"sequence_count":null,"sequence_count_label":null,"sequence_frames":[],"sequence_kind":null,"source_name":"ocb_spanish_video_scrape","source_name_label":"OCB Spanish Video","source_type":"scrape","summary":"Especial que sigue la trayectoria hist\u00f3rica de los 15 a\u00f1os de Jos\u00e9 Mart\u00ed en el exilio","title":"El Exilio de Mart\u00ed","topic":"Especiales, jos\u00e9 mart\u00ed, Exilio cubano","translation_language":"","url":"https://www.martinoticias.com/a/el-exilio-de-mart%C3%AD/469803.html","video_url":"https://ocb-video-ns.akamaized.net/pangeavideo/2026/06/8/87/87953cd7-c533-4db5-abec-08decd4f1c2d_1080p.mp4?cb=ee1d61dcc","youtube_conversion_active":false,"youtube_conversion_error":"","youtube_conversion_status":""},{"article_body_paragraphs":[],"audio_source_url":null,"author":"Mario J. Pent\u00f3n","available_dubs":[],"downloadable_assets":["https://ocb-video-ns.akamaized.net/pangeavideo/2026/06/e/eb/eb97d38d-cc14-49f4-593d-08decd6ea425_1080p.mp4?cb=ee1d4e212"],"duration_display":"9:38","duration_seconds":578.0,"embed_url":null,"id":12739,"image_caption":null,"image_url":"https://gdb.martinoticias.com/eb97d38d-cc14-49f4-593d-08decd6ea425_tv_w1080_h608.jpg","is_clip":false,"is_youtube_embed":false,"item_type":"video","item_type_label":"Video","language_label":"Espa\u00f1ol","media_credit":"Mario J. Pent\u00f3n","micro_label":"Video report","micro_label_kind":"video","network_label":"OCB","network_logo_url":"/static/uploads/direct_network_logos/ocb_0888427dcb1d.svg","published_at":"2026-06-29T21:54:51","published_at_display":"29 Jun 2026, 21:54 GMT","sequence_badge_label":null,"sequence_count":null,"sequence_count_label":null,"sequence_frames":[],"sequence_kind":null,"source_name":"ocb_spanish_video_scrape","source_name_label":"OCB Spanish Video","source_type":"scrape","summary":"Libertad: una palabra breve, pero inmensa. Para quienes han vivido bajo el autoritarismo, como en Cuba es una necesidad vital. En Miami, esa palabra tiene forma, silueta y memoria: la Torre de la Libertad, que acaba de cumplir 100 a\u00f1os de historia.","title":"Los 100 de la Torre","topic":"Especiales, Exilio cubano, Freedom tower, \"Libertad\", Torre de la Libertad de Miami, Exilio cubano en Miami","translation_language":"","url":"https://www.martinoticias.com/a/los-100-de-la-torre/469723.html","video_url":"https://ocb-video-ns.akamaized.net/pangeavideo/2026/06/e/eb/eb97d38d-cc14-49f4-593d-08decd6ea425_1080p.mp4?cb=ee1d4e212","youtube_conversion_active":false,"youtube_conversion_error":"","youtube_conversion_status":""},{"article_body_paragraphs":[],"audio_source_url":null,"author":"Rolando N\u00e1poles","available_dubs":[],"downloadable_assets":["https://ocb-video-ns.akamaized.net/pangeavideo/2026/06/5/5e/5e6451c6-27a2-44bd-fb57-08decd3a80a4_1080p.mp4?cb=ee1d48a19"],"duration_display":"9:42","duration_seconds":582.0,"embed_url":null,"id":12734,"image_caption":null,"image_url":"https://gdb.martinoticias.com/5e6451c6-27a2-44bd-fb57-08decd3a80a4_tv_w1080_h608.jpg","is_clip":false,"is_youtube_embed":false,"item_type":"video","item_type_label":"Video","language_label":"Espa\u00f1ol","media_credit":"Rolando N\u00e1poles","micro_label":"Video report","micro_label_kind":"video","network_label":"OCB","network_logo_url":"/static/uploads/direct_network_logos/ocb_0888427dcb1d.svg","published_at":"2026-06-29T15:45:29","published_at_display":"29 Jun 2026, 15:45 GMT","sequence_badge_label":null,"sequence_count":null,"sequence_count_label":null,"sequence_frames":[],"sequence_kind":null,"source_name":"ocb_spanish_video_scrape","source_name_label":"OCB Spanish Video","source_type":"scrape","summary":"Legado 2506: el nuevo museo que mantiene viva la gesta que pudo cambiar el destino de Cuba.","title":"El museo en Miami que mantiene vivo el Legado 2506","topic":"Info Mart\u00ed , Brigada 2506","translation_language":"","url":"https://www.martinoticias.com/a/el-museo-en-miami-que-mantiene-vivo-el-legado-2506/469706.html","video_url":"https://ocb-video-ns.akamaized.net/pangeavideo/2026/06/5/5e/5e6451c6-27a2-44bd-fb57-08decd3a80a4_1080p.mp4?cb=ee1d48a19","youtube_conversion_active":false,"youtube_conversion_error":"","youtube_conversion_status":""},{"article_body_paragraphs":[],"audio_source_url":null,"author":"Mart\u00ed Noticias","available_dubs":[],"downloadable_assets":["https://ocb-video-ns.akamaized.net/pangeavideo/2026/06/e/e7/e788bf4e-a46c-42de-abcb-08decd4f1c2d_1080p.mp4?cb=ee1e0a1bd"],"duration_display":"8:59","duration_seconds":539.0,"embed_url":null,"id":12735,"image_caption":null,"image_url":"https://gdb.martinoticias.com/e788bf4e-a46c-42de-abcb-08decd4f1c2d_tv_w1080_h608.jpg","is_clip":false,"is_youtube_embed":false,"item_type":"video","item_type_label":"Video","language_label":"Espa\u00f1ol","media_credit":"Mart\u00ed Noticias","micro_label":"Video report","micro_label_kind":"video","network_label":"OCB","network_logo_url":"/static/uploads/direct_network_logos/ocb_0888427dcb1d.svg","published_at":"2026-06-26T19:54:26","published_at_display":"26 Jun 2026, 19:54 GMT","sequence_badge_label":null,"sequence_count":null,"sequence_count_label":null,"sequence_frames":[],"sequence_kind":null,"source_name":"ocb_spanish_video_scrape","source_name_label":"OCB Spanish Video","source_type":"scrape","summary":"En este reportaje especial, el periodista Jos\u00e9 Pernalete nos sumerge en las historias de los \"Caza-Huracanes\": cient\u00edficos y tripulantes que desaf\u00edan turbulencias brutales y vientos de 250 km/h, arriesg\u00e1ndolo todo en el cielo para proteger a millones de vidas en tierra.","title":"Cazadores de huracanes: Los cient\u00edficos que vuelan al coraz\u00f3n del infierno.","topic":"Audiovisuales Mart\u00ed","translation_language":"","url":"https://www.martinoticias.com/a/cazadores-de-tormentas-los-cient%C3%ADficos-que-vuelan-al-coraz%C3%B3n-del-infierno/469528.html","video_url":"https://ocb-video-ns.akamaized.net/pangeavideo/2026/06/e/e7/e788bf4e-a46c-42de-abcb-08decd4f1c2d_1080p.mp4?cb=ee1e0a1bd","youtube_conversion_active":false,"youtube_conversion_error":"","youtube_conversion_status":""},{"article_body_paragraphs":[],"audio_source_url":null,"author":"Jany Gonz\u00e1lez","available_dubs":[],"downloadable_assets":["https://ocb-video-ns.akamaized.net/pangeavideo/2026/06/5/59/597d071d-a3c8-442a-e43d-08decd478c11_1080p.mp4?cb=ee1ec46b0"],"duration_display":"12:24","duration_seconds":744.0,"embed_url":null,"id":12731,"image_caption":null,"image_url":"https://gdb.martinoticias.com/597d071d-a3c8-442a-e43d-08decd478c11_tv_w1080_h608.jpg","is_clip":false,"is_youtube_embed":false,"item_type":"video","item_type_label":"Video","language_label":"Espa\u00f1ol","media_credit":"Jany Gonz\u00e1lez","micro_label":"Video report","micro_label_kind":"video","network_label":"OCB","network_logo_url":"/static/uploads/direct_network_logos/ocb_0888427dcb1d.svg","published_at":"2026-06-24T21:05:30","published_at_display":"24 Jun 2026, 21:05 GMT","sequence_badge_label":null,"sequence_count":null,"sequence_count_label":null,"sequence_frames":[],"sequence_kind":null,"source_name":"ocb_spanish_video_scrape","source_name_label":"OCB Spanish Video","source_type":"scrape","summary":"En un reportaje desde el Centro Espacial Kennedy, un equipo de Mart\u00ed Noticias documenta la huella, el talento y la pasi\u00f3n de los profesionales hispanos de la NASA que lideran el hist\u00f3rico regreso a la Luna con la misi\u00f3n Artemis II.","title":"Hispanos en la NASA: Regreso a la Luna con el Artemis II","topic":"Info Mart\u00ed","translation_language":"","url":"https://www.martinoticias.com/a/hispanos-en-la-nasa-regreso-a-la-luna-con-el-artemis-ii/469367.html","video_url":"https://ocb-video-ns.akamaized.net/pangeavideo/2026/06/5/59/597d071d-a3c8-442a-e43d-08decd478c11_1080p.mp4?cb=ee1ec46b0","youtube_conversion_active":false,"youtube_conversion_error":"","youtube_conversion_status":""}],"next_num":4,"page":3,"pages":4,"per_page":20,"prev_num":2,"total":70}
