{"applied_filters":{"end_date":"","lang":"","language":"","network":"OCB","page":4,"per_page":20,"search":"","source":"ocb_spanish_video_scrape","start_date":"","topic":"","type":""},"available_filters":{"language_choices":[{"label":"Choose Language","value":""},{"label":"English","value":"English"},{"label":"Espa\u00f1ol","value":"Espa\u00f1ol"}],"network_choices":[{"label":"All networks","value":""},{"label":"OCB","value":"OCB"}],"source_choices":[{"label":"All sources","value":""},{"label":"Manual Ocb Espanol","value":"manual_ocb_espanol"},{"label":"OCB \u00b7 Caf\u00e9 Digital","value":"ocb_spanish_audio_html_scrape"},{"label":"OCB \u00b7 Liberaci\u00f3n","value":"ocb_spanish_audio_html_scrape_1001"},{"label":"OCB \u00b7 Programas de Radio Nuestra Am\u00e9rica","value":"ocb_spanish_audio_html_scrape_1016"},{"label":"OCB \u00b7 Agenda hemisf\u00e9rica","value":"ocb_spanish_audio_html_scrape_1028"},{"label":"OCB \u00b7 El futuro es ya","value":"ocb_spanish_audio_html_scrape_1056"},{"label":"OCB \u00b7 Foro abierto","value":"ocb_spanish_audio_html_scrape_1061"},{"label":"OCB \u00b7 Nicaragua al d\u00eda","value":"ocb_spanish_audio_html_scrape_1077"},{"label":"OCB \u00b7 La bola nostra","value":"ocb_spanish_audio_html_scrape_1078"},{"label":"OCB \u00b7 Taller de prensa","value":"ocb_spanish_audio_html_scrape_1103"},{"label":"OCB \u00b7 Las noticias como son","value":"ocb_spanish_audio_html_scrape_142"},{"label":"OCB \u00b7 Abriendo Espacios","value":"ocb_spanish_audio_html_scrape_562"},{"label":"OCB \u00b7 Mart\u00ed Noticias A.M.","value":"ocb_spanish_audio_html_scrape_668"},{"label":"OCB Spanish Audio","value":"ocb_spanish_audio_scrape"},{"label":"OCB Spanish Video","value":"ocb_spanish_video_scrape"},{"label":"Radiotelevisionmarti","value":"radiotelevisionmarti_com_direct"},{"label":"Radiotelevisionmarti","value":"radiotelevisionmarti_com_rss"},{"label":"TV Mart\u00ed Noticias YouTube","value":"tv_marti_noticias_youtube_playlists"}],"sources":["manual_ocb_espanol","ocb_spanish_audio_html_scrape","ocb_spanish_audio_html_scrape_1001","ocb_spanish_audio_html_scrape_1016","ocb_spanish_audio_html_scrape_1028","ocb_spanish_audio_html_scrape_1056","ocb_spanish_audio_html_scrape_1061","ocb_spanish_audio_html_scrape_1077","ocb_spanish_audio_html_scrape_1078","ocb_spanish_audio_html_scrape_1103","ocb_spanish_audio_html_scrape_142","ocb_spanish_audio_html_scrape_562","ocb_spanish_audio_html_scrape_668","ocb_spanish_audio_scrape","ocb_spanish_video_scrape","radiotelevisionmarti_com_direct","radiotelevisionmarti_com_rss","tv_marti_noticias_youtube_playlists"],"topics":["Am\u00e9rica Latina, VENEZUELA, Maiquetia","Asuntos de Estado","Audiovisuales Mart\u00ed","Audiovisuales Mart\u00ed, Cuba turismo, crisis del turismo en Cuba","Audiovisuales Mart\u00ed, VENEZUELA, apagones","Como Come Cuba, cuba, Como Come Cuba","Cuba Habla","Cuba Habla, Cuba","Cuba al D\u00eda, Cuba","Derechos Humanos, cuba, exilio, c\u00e1ncer, Ram\u00f3n Sa\u00fal S\u00e1nchez","Especiales, Exilio cubano, Freedom tower, \"Libertad\", Torre de la Libertad de Miami, Exilio cubano en Miami","Especiales, jos\u00e9 mart\u00ed, Exilio cubano","Esperando un techo, cuba, crisis, vivienda, derrumbes, techo, paredes, EsperandounTecho","Info Mart\u00ed","Info Mart\u00ed , Brigada 2506","Info Mart\u00ed , Cuba","Info Mart\u00ed , Estados Unidos, Colombia","Info Mart\u00ed , Estados Unidos, VENEZUELA","Info Mart\u00ed , estados unidos, Venezuela","Info Mart\u00ed , presos politicos, torturas, VENEZUELA","Kentu-Cubano, cuba, cubanos, Kentucky, migrantes, KentoCubano","Las Noticias Como Son, Cuba","Noticiero Mart\u00ed Noticias","Noticiero Mart\u00ed Noticias, Cuba","Ser Madre en cuba, cuba, hambre, r\u00e9gimen, madre, negligencia, Testimonios, Crisis Econ\u00f3mica, madre cubana, Crisis Alimentaria","Ser viejo en Cuba, cuba, cubanos, crisis, alimentos, ancianos, viejos, vejez"],"types":[["","All types"],["video","Videos"],["clips","Clips"],["media","Media"]]},"has_next":false,"has_prev":true,"items":[{"article_body_paragraphs":[],"audio_source_url":null,"author":"Mart\u00ed Noticias","available_dubs":[],"downloadable_assets":["https://ocb-video-ns.akamaized.net/pangeavideo/2026/06/d/de/de56b006-6f97-4769-5908-08decd6ea425_1080p.mp4?cb=ee1ca4806"],"duration_display":"13:33","duration_seconds":813.0,"embed_url":null,"id":12732,"image_caption":null,"image_url":"https://gdb.martinoticias.com/de56b006-6f97-4769-5908-08decd6ea425_tv_w1080_h608.jpg","is_clip":false,"is_youtube_embed":false,"item_type":"video","item_type_label":"Video","language_label":"Espa\u00f1ol","media_credit":"Mart\u00ed Noticias","micro_label":"Video report","micro_label_kind":"video","network_label":"OCB","network_logo_url":"/static/uploads/direct_network_logos/ocb_0888427dcb1d.svg","published_at":"2026-06-21T21:00:54","published_at_display":"21 Jun 2026, 21:00 GMT","sequence_badge_label":null,"sequence_count":null,"sequence_count_label":null,"sequence_frames":[],"sequence_kind":null,"source_name":"ocb_spanish_video_scrape","source_name_label":"OCB Spanish Video","source_type":"scrape","summary":"Desde los campos de Mount Vernon hasta el Capitolio y el Cementerio Nacional de Arlington, este reportaje explora los momentos, l\u00edderes pol\u00edticos y desaf\u00edos que han marcado a los Estados Unidos en sus 250 a\u00f1os de Independencia, una naci\u00f3n construida sobre las bases de la libertad.","title":"Estampas de Libertad: 250 a\u00f1os de Independencia","topic":"Audiovisuales Mart\u00ed","translation_language":"","url":"https://www.martinoticias.com/a/estampas-de-libertad-250-a%C3%B1os-de-independencia/469115.html","video_url":"https://ocb-video-ns.akamaized.net/pangeavideo/2026/06/d/de/de56b006-6f97-4769-5908-08decd6ea425_1080p.mp4?cb=ee1ca4806","youtube_conversion_active":false,"youtube_conversion_error":"","youtube_conversion_status":""},{"article_body_paragraphs":[],"audio_source_url":null,"author":"Mart\u00ed Noticias","available_dubs":[],"downloadable_assets":["https://ocb-video-ns.akamaized.net/pangeavideo/2026/06/b/b0/b0fcc9ab-62b3-4514-88b2-08decaf582f0_1080p.mp4?cb=ee1c3d96e"],"duration_display":"8:26","duration_seconds":506.0,"embed_url":null,"id":12737,"image_caption":null,"image_url":"https://gdb.martinoticias.com/b0fcc9ab-62b3-4514-88b2-08decaf582f0_tv_w1080_h608.jpg","is_clip":false,"is_youtube_embed":false,"item_type":"video","item_type_label":"Video","language_label":"Espa\u00f1ol","media_credit":"Mart\u00ed Noticias","micro_label":"Video report","micro_label_kind":"video","network_label":"OCB","network_logo_url":"/static/uploads/direct_network_logos/ocb_0888427dcb1d.svg","published_at":"2026-06-16T22:52:18","published_at_display":"16 Jun 2026, 22:52 GMT","sequence_badge_label":null,"sequence_count":null,"sequence_count_label":null,"sequence_frames":[],"sequence_kind":null,"source_name":"ocb_spanish_video_scrape","source_name_label":"OCB Spanish Video","source_type":"scrape","summary":"Hija del l\u00edder opositor Oswaldo Pay\u00e1, Rosa Mar\u00eda Pay\u00e1 ha dedicado su vida a la defensa de la libertad, los derechos humanos y la democracia en Cuba. En medio de la profunda crisis en la isla, conversa sobre los desaf\u00edos del cambio pol\u00edtico y la responsabilidad de construir un futuro democr\u00e1tico.","title":"Rosa Mar\u00eda Pay\u00e1: La libertad de Cuba como legado","topic":"Audiovisuales Mart\u00ed","translation_language":"","url":"https://www.martinoticias.com/a/rosa-mar%C3%ADa-pay%C3%A1-la-libertad-de-cuba-como-legado/468766.html","video_url":"https://ocb-video-ns.akamaized.net/pangeavideo/2026/06/b/b0/b0fcc9ab-62b3-4514-88b2-08decaf582f0_1080p.mp4?cb=ee1c3d96e","youtube_conversion_active":false,"youtube_conversion_error":"","youtube_conversion_status":""},{"article_body_paragraphs":[],"audio_source_url":null,"author":"Mart\u00ed Noticias","available_dubs":[],"downloadable_assets":["https://ocb-video-ns.akamaized.net/pangeavideo/2026/06/f/f7/f7aaf61b-2987-485c-2713-08decaf7ed85_1080p.mp4?cb=ee1c3ab36"],"duration_display":"12:29","duration_seconds":749.0,"embed_url":null,"id":12733,"image_caption":null,"image_url":"https://gdb.martinoticias.com/f7aaf61b-2987-485c-2713-08decaf7ed85_tv_w1080_h608.jpg","is_clip":false,"is_youtube_embed":false,"item_type":"video","item_type_label":"Video","language_label":"Espa\u00f1ol","media_credit":"Mart\u00ed Noticias","micro_label":"Video report","micro_label_kind":"video","network_label":"OCB","network_logo_url":"/static/uploads/direct_network_logos/ocb_0888427dcb1d.svg","published_at":"2026-06-16T20:38:14","published_at_display":"16 Jun 2026, 20:38 GMT","sequence_badge_label":null,"sequence_count":null,"sequence_count_label":null,"sequence_frames":[],"sequence_kind":null,"source_name":"ocb_spanish_video_scrape","source_name_label":"OCB Spanish Video","source_type":"scrape","summary":"En una democracia, la libertad tambi\u00e9n se construye en las aulas. El trabajo de Silvina Macho en Mater Academy refleja el poder de la educaci\u00f3n, el pensamiento libre y el compromiso con las nuevas generaciones. M\u00e1s que una consejera, es una gu\u00eda que ayuda a convertir el potencial en \u00e9xito.","title":"Estampas de Libertad: Silvina, la consejera","topic":"Info Mart\u00ed","translation_language":"","url":"https://www.martinoticias.com/a/estampas-de-libertad-silvina-la-consejera/468747.html","video_url":"https://ocb-video-ns.akamaized.net/pangeavideo/2026/06/f/f7/f7aaf61b-2987-485c-2713-08decaf7ed85_1080p.mp4?cb=ee1c3ab36","youtube_conversion_active":false,"youtube_conversion_error":"","youtube_conversion_status":""},{"article_body_paragraphs":[],"audio_source_url":null,"author":"Jos\u00e9 Pernalete","available_dubs":[],"downloadable_assets":["https://ocb-video-ns.akamaized.net/pangeavideo/2026/05/6/67/67647f67-7e7c-4c3f-6686-08de3c08cd61_1080p.mp4?cb=ee199dbef"],"duration_display":"13:48","duration_seconds":828.0,"embed_url":null,"id":12738,"image_caption":null,"image_url":"https://gdb.martinoticias.com/67647f67-7e7c-4c3f-6686-08de3c08cd61_tv_w1080_h608.jpg","is_clip":false,"is_youtube_embed":false,"item_type":"video","item_type_label":"Video","language_label":"Espa\u00f1ol","media_credit":"Jos\u00e9 Pernalete","micro_label":"Video report","micro_label_kind":"video","network_label":"OCB","network_logo_url":"/static/uploads/direct_network_logos/ocb_0888427dcb1d.svg","published_at":"2026-05-16T14:00:00","published_at_display":"16 May 2026, 14:00 GMT","sequence_badge_label":null,"sequence_count":null,"sequence_count_label":null,"sequence_frames":[],"sequence_kind":null,"source_name":"ocb_spanish_video_scrape","source_name_label":"OCB Spanish Video","source_type":"scrape","summary":"La producci\u00f3n de Mart\u00ed Noticias, conducida por la periodista Laura Artal, revela c\u00f3mo presos pol\u00edticos son trasladados a centros clandestinos como \u201cLa Tumba\u201d en Venezuela, donde enfrentan aislamiento extremo, tortura psicol\u00f3gica y un sistema dise\u00f1ado para quebrarlos y utilizarlos como rehenes.","title":"\u201cLa Tumba: muertos en vida\u201d, el documental que revela denuncias de tortura y represi\u00f3n en Venezuela","topic":"Info Mart\u00ed , presos politicos, torturas, VENEZUELA","translation_language":"","url":"https://www.martinoticias.com/a/la-tumba-muertos-en-vida-el-documental-que-revela-denuncias-de-tortura-y-represi%C3%B3n-en-venezuela/464018.html","video_url":"https://ocb-video-ns.akamaized.net/pangeavideo/2026/05/6/67/67647f67-7e7c-4c3f-6686-08de3c08cd61_1080p.mp4?cb=ee199dbef","youtube_conversion_active":false,"youtube_conversion_error":"","youtube_conversion_status":""},{"article_body_paragraphs":[],"audio_source_url":null,"author":"Mart\u00ed Noticias","available_dubs":[],"downloadable_assets":["https://ocb-video-ns.akamaized.net/pangeavideo/2025/06/c/c8/c80b2a9d-0f12-46da-eeef-08dda7eb04e4_1080p.mp4?cb=edfde8a08"],"duration_display":"12:45","duration_seconds":765.0,"embed_url":null,"id":12746,"image_caption":null,"image_url":"https://gdb.martinoticias.com/c80b2a9d-0f12-46da-eeef-08dda7eb04e4_tv_w1080_h608.jpg","is_clip":false,"is_youtube_embed":false,"item_type":"video","item_type_label":"Video","language_label":"Espa\u00f1ol","media_credit":"Mart\u00ed Noticias","micro_label":"Video report","micro_label_kind":"video","network_label":"OCB","network_logo_url":"/static/uploads/direct_network_logos/ocb_0888427dcb1d.svg","published_at":"2025-06-14T16:00:00","published_at_display":"14 Jun 2025, 16:00 GMT","sequence_badge_label":null,"sequence_count":null,"sequence_count_label":null,"sequence_frames":[],"sequence_kind":null,"source_name":"ocb_spanish_video_scrape","source_name_label":"OCB Spanish Video","source_type":"scrape","summary":"Mart\u00ed Noticias ofrece un acercamiento a la vida de Ram\u00f3n Sa\u00fal S\u00e1nchez, una de las figuras m\u00e1s sobresalientes del exilio cubano.","title":"Ram\u00f3n Sa\u00fal y su lucha","topic":"Derechos Humanos, cuba, exilio, c\u00e1ncer, Ram\u00f3n Sa\u00fal S\u00e1nchez","translation_language":"","url":"https://www.martinoticias.com/a/ramon-saul-y-su-lucha/419137.html","video_url":"https://ocb-video-ns.akamaized.net/pangeavideo/2025/06/c/c8/c80b2a9d-0f12-46da-eeef-08dda7eb04e4_1080p.mp4?cb=edfde8a08","youtube_conversion_active":false,"youtube_conversion_error":"","youtube_conversion_status":""},{"article_body_paragraphs":[],"audio_source_url":null,"author":"Mart\u00ed Noticias","available_dubs":[],"downloadable_assets":["https://ocb-video-ns.akamaized.net/pangeavideo/2024/08/0/01/01000000-c0a8-0242-0249-08dcb3349249_1080p.mp4?cb=ede3f41d5"],"duration_display":"2:34","duration_seconds":154.0,"embed_url":null,"id":12745,"image_caption":null,"image_url":"https://gdb.martinoticias.com/01000000-c0a8-0242-0249-08dcb3349249_tv_w1080_h608.jpg","is_clip":true,"is_youtube_embed":false,"item_type":"video","item_type_label":"Video","language_label":"Espa\u00f1ol","media_credit":"Mart\u00ed Noticias","micro_label":"Video report","micro_label_kind":"video","network_label":"OCB","network_logo_url":"/static/uploads/direct_network_logos/ocb_0888427dcb1d.svg","published_at":"2024-08-04T14:00:00","published_at_display":"4 Aug 2024, 14:00 GMT","sequence_badge_label":null,"sequence_count":null,"sequence_count_label":null,"sequence_frames":[],"sequence_kind":null,"source_name":"ocb_spanish_video_scrape","source_name_label":"OCB Spanish Video","source_type":"scrape","summary":"En esta primera entrega de la serie audiovisual \u201cComo come Cuba\u201d una joven youtuber habla de la oferta, precios y abastecimiento de los comestibles en la isla y de la \u201clibreta\u201d.","title":"Como Come Cuba, Cap\u00edtulo #1","topic":"Como Come Cuba, cuba, Como Come Cuba","translation_language":"","url":"https://www.martinoticias.com/a/como-come-cuba-cap%C3%ADtulo-1/396632.html","video_url":"https://ocb-video-ns.akamaized.net/pangeavideo/2024/08/0/01/01000000-c0a8-0242-0249-08dcb3349249_1080p.mp4?cb=ede3f41d5","youtube_conversion_active":false,"youtube_conversion_error":"","youtube_conversion_status":""},{"article_body_paragraphs":[],"audio_source_url":null,"author":"Ricardo Quintana","available_dubs":[],"downloadable_assets":["https://ocb-video-ns.akamaized.net/pangeavideo/2024/04/0/01/01000000-0aff-0242-b229-08dc65495ac8_1080p.mp4?cb=edddea054"],"duration_display":"11:27","duration_seconds":687.0,"embed_url":null,"id":12744,"image_caption":null,"image_url":"https://gdb.martinoticias.com/01000000-0aff-0242-b229-08dc65495ac8_tv_w1080_h608.jpg","is_clip":false,"is_youtube_embed":false,"item_type":"video","item_type_label":"Video","language_label":"Espa\u00f1ol","media_credit":"Ricardo Quintana","micro_label":"Video report","micro_label_kind":"video","network_label":"OCB","network_logo_url":"/static/uploads/direct_network_logos/ocb_0888427dcb1d.svg","published_at":"2024-04-25T18:58:43","published_at_display":"25 Apr 2024, 18:58 GMT","sequence_badge_label":null,"sequence_count":null,"sequence_count_label":null,"sequence_frames":[],"sequence_kind":null,"source_name":"ocb_spanish_video_scrape","source_name_label":"OCB Spanish Video","source_type":"scrape","summary":"Dos jovencitas cubanas demuestran que la mec\u00e1nica no tiene g\u00e9nero y abuelos nacidos en Cuba perviven con intensidad en Louisville, Kentucky.","title":"Kentu-Cubano: Cap\u00edtulo Final","topic":"Kentu-Cubano, cuba, cubanos, Kentucky, migrantes, KentoCubano","translation_language":"","url":"https://www.martinoticias.com/a/kentu-cubanos-cap%C3%ADtulo-final/389184.html","video_url":"https://ocb-video-ns.akamaized.net/pangeavideo/2024/04/0/01/01000000-0aff-0242-b229-08dc65495ac8_1080p.mp4?cb=edddea054","youtube_conversion_active":false,"youtube_conversion_error":"","youtube_conversion_status":""},{"article_body_paragraphs":[],"audio_source_url":null,"author":"Mart\u00ed Noticias","available_dubs":[],"downloadable_assets":["https://ocb-video-ns.akamaized.net/pangeavideo/2024/01/0/01/01000000-0aff-0242-c3a3-08dc1e91ee5e_1080p.mp4?cb=ede068939"],"duration_display":"10:43","duration_seconds":643.0,"embed_url":null,"id":12743,"image_caption":null,"image_url":"https://gdb.martinoticias.com/01000000-0aff-0242-c3a3-08dc1e91ee5e_tv_w1080_h608.jpg","is_clip":false,"is_youtube_embed":false,"item_type":"video","item_type_label":"Video","language_label":"Espa\u00f1ol","media_credit":"Mart\u00ed Noticias","micro_label":"Video report","micro_label_kind":"video","network_label":"OCB","network_logo_url":"/static/uploads/direct_network_logos/ocb_0888427dcb1d.svg","published_at":"2024-01-26T18:28:43","published_at_display":"26 Jan 2024, 18:28 GMT","sequence_badge_label":null,"sequence_count":null,"sequence_count_label":null,"sequence_frames":[],"sequence_kind":null,"source_name":"ocb_spanish_video_scrape","source_name_label":"OCB Spanish Video","source_type":"scrape","summary":"El gobierno de Cuba implant\u00f3 hace d\u00e9cadas un sistema de viviendas p\u00fablicas conocidas popularmente como \u201calbergues\u201d, donde residen familias a la espera de una vivienda. La serie audiovisual \u201cEsperando un techo\u201d aborda el tema con im\u00e1genes y testimonios grabados en la isla.","title":"Esperando un techo: Damas y Desamparados | Cap\u00edtulo 1","topic":"Esperando un techo, cuba, crisis, vivienda, derrumbes, techo, paredes, EsperandounTecho","translation_language":"","url":"https://www.martinoticias.com/a/esperando-un-techo-damas-y-desamparados---cap%C3%ADtulo-1/382192.html","video_url":"https://ocb-video-ns.akamaized.net/pangeavideo/2024/01/0/01/01000000-0aff-0242-c3a3-08dc1e91ee5e_1080p.mp4?cb=ede068939","youtube_conversion_active":false,"youtube_conversion_error":"","youtube_conversion_status":""},{"article_body_paragraphs":[],"audio_source_url":null,"author":"Mart\u00ed Noticias","available_dubs":[],"downloadable_assets":["https://ocb-video-ns.akamaized.net/pangeavideo/2023/11/0/01/01000000-0aff-0242-f466-08dbdf11e0b5_1080p.mp4?cb=ede209679"],"duration_display":"4:33","duration_seconds":273.0,"embed_url":null,"id":12741,"image_caption":null,"image_url":"https://gdb.martinoticias.com/01000000-0aff-0242-f466-08dbdf11e0b5_tv_w1080_h608.jpg","is_clip":true,"is_youtube_embed":false,"item_type":"video","item_type_label":"Video","language_label":"Espa\u00f1ol","media_credit":"Mart\u00ed Noticias","micro_label":"Video report","micro_label_kind":"video","network_label":"OCB","network_logo_url":"/static/uploads/direct_network_logos/ocb_0888427dcb1d.svg","published_at":"2023-11-06T22:13:12","published_at_display":"6 Nov 2023, 22:13 GMT","sequence_badge_label":null,"sequence_count":null,"sequence_count_label":null,"sequence_frames":[],"sequence_kind":null,"source_name":"ocb_spanish_video_scrape","source_name_label":"OCB Spanish Video","source_type":"scrape","summary":"\u201cSer madre en Cuba\u201d una serie con testimonios grabados en la isla. En esta entrega una joven madre que vive en el campo cuenta las dificultades que enfrenta para criar a sus hijas en medio de precarias condiciones de vida","title":"\u201cSer madre en Cuba\u201d, episodio 4","topic":"Ser Madre en cuba, cuba, hambre, r\u00e9gimen, madre, negligencia, Testimonios, Crisis Econ\u00f3mica, madre cubana, Crisis Alimentaria","translation_language":"","url":"https://www.martinoticias.com/a/ser-madre-en-cuba-/376612.html","video_url":"https://ocb-video-ns.akamaized.net/pangeavideo/2023/11/0/01/01000000-0aff-0242-f466-08dbdf11e0b5_1080p.mp4?cb=ede209679","youtube_conversion_active":false,"youtube_conversion_error":"","youtube_conversion_status":""},{"article_body_paragraphs":[],"audio_source_url":null,"author":"Janet Lomba/ Especial para martinoticias.com","available_dubs":[],"downloadable_assets":["https://ocb-video-ns.akamaized.net/pangeavideo/2023/08/0/01/01000000-0aff-0242-d915-08db9f54cbee_1080p.mp4?cb=edc829411"],"duration_display":"3:54","duration_seconds":234.0,"embed_url":null,"id":12742,"image_caption":null,"image_url":"https://gdb.martinoticias.com/01000000-0aff-0242-d915-08db9f54cbee_tv_w1080_h608.jpg","is_clip":true,"is_youtube_embed":false,"item_type":"video","item_type_label":"Video","language_label":"Espa\u00f1ol","media_credit":"Janet Lomba/ Especial para martinoticias.com","micro_label":"Video report","micro_label_kind":"video","network_label":"OCB","network_logo_url":"/static/uploads/direct_network_logos/ocb_0888427dcb1d.svg","published_at":"2023-08-18T14:42:15","published_at_display":"18 Aug 2023, 14:42 GMT","sequence_badge_label":null,"sequence_count":null,"sequence_count_label":null,"sequence_frames":[],"sequence_kind":null,"source_name":"ocb_spanish_video_scrape","source_name_label":"OCB Spanish Video","source_type":"scrape","summary":"Im\u00e1genes grabadas en Cuba de las condiciones de vida de personas de la tercera edad, protagonizan la serie de Mart\u00ed Noticias \u201cSer viejo en Cuba\u201d. En la primera entrega, el testimonio del jubilado cubano Jes\u00fas Mar\u00eda y declaraciones de analistas sobre el tema.","title":"\u201cSer viejo en Cuba\u201d una serie audiovisual de Mart\u00ed Noticias","topic":"Ser viejo en Cuba, cuba, cubanos, crisis, alimentos, ancianos, viejos, vejez","translation_language":"","url":"https://www.martinoticias.com/a/ser-viejo-en-cuba-una-serie-audiovisual-de-mart%C3%AD-noticias/367321.html","video_url":"https://ocb-video-ns.akamaized.net/pangeavideo/2023/08/0/01/01000000-0aff-0242-d915-08db9f54cbee_1080p.mp4?cb=edc829411","youtube_conversion_active":false,"youtube_conversion_error":"","youtube_conversion_status":""}],"next_num":null,"page":4,"pages":4,"per_page":20,"prev_num":3,"total":70}
