{"applied_filters":{"end_date":"","lang":"","language":"","network":"OCB","page":4,"per_page":20,"search":"","source":"radiotelevisionmarti_com_rss","start_date":"","topic":"","type":""},"available_filters":{"language_choices":[{"label":"Choose Language","value":""},{"label":"English","value":"English"},{"label":"Espa\u00f1ol","value":"Espa\u00f1ol"}],"network_choices":[{"label":"All networks","value":""},{"label":"OCB","value":"OCB"}],"source_choices":[{"label":"All sources","value":""},{"label":"Manual Ocb Espanol","value":"manual_ocb_espanol"},{"label":"OCB \u00b7 Caf\u00e9 Digital","value":"ocb_spanish_audio_html_scrape"},{"label":"OCB \u00b7 Liberaci\u00f3n","value":"ocb_spanish_audio_html_scrape_1001"},{"label":"OCB \u00b7 Programas de Radio Nuestra Am\u00e9rica","value":"ocb_spanish_audio_html_scrape_1016"},{"label":"OCB \u00b7 Agenda hemisf\u00e9rica","value":"ocb_spanish_audio_html_scrape_1028"},{"label":"OCB \u00b7 El futuro es ya","value":"ocb_spanish_audio_html_scrape_1056"},{"label":"OCB \u00b7 Foro abierto","value":"ocb_spanish_audio_html_scrape_1061"},{"label":"OCB \u00b7 Nicaragua al d\u00eda","value":"ocb_spanish_audio_html_scrape_1077"},{"label":"OCB \u00b7 La bola nostra","value":"ocb_spanish_audio_html_scrape_1078"},{"label":"OCB \u00b7 Taller de prensa","value":"ocb_spanish_audio_html_scrape_1103"},{"label":"OCB \u00b7 Las noticias como son","value":"ocb_spanish_audio_html_scrape_142"},{"label":"OCB \u00b7 Abriendo Espacios","value":"ocb_spanish_audio_html_scrape_562"},{"label":"OCB \u00b7 Mart\u00ed Noticias A.M.","value":"ocb_spanish_audio_html_scrape_668"},{"label":"OCB Spanish Audio","value":"ocb_spanish_audio_scrape"},{"label":"OCB Spanish Video","value":"ocb_spanish_video_scrape"},{"label":"Radiotelevisionmarti","value":"radiotelevisionmarti_com_direct"},{"label":"Radiotelevisionmarti","value":"radiotelevisionmarti_com_rss"},{"label":"TV Mart\u00ed Noticias YouTube","value":"tv_marti_noticias_youtube_playlists"}],"sources":["manual_ocb_espanol","ocb_spanish_audio_html_scrape","ocb_spanish_audio_html_scrape_1001","ocb_spanish_audio_html_scrape_1016","ocb_spanish_audio_html_scrape_1028","ocb_spanish_audio_html_scrape_1056","ocb_spanish_audio_html_scrape_1061","ocb_spanish_audio_html_scrape_1077","ocb_spanish_audio_html_scrape_1078","ocb_spanish_audio_html_scrape_1103","ocb_spanish_audio_html_scrape_142","ocb_spanish_audio_html_scrape_562","ocb_spanish_audio_html_scrape_668","ocb_spanish_audio_scrape","ocb_spanish_video_scrape","radiotelevisionmarti_com_direct","radiotelevisionmarti_com_rss","tv_marti_noticias_youtube_playlists"],"topics":[],"types":[["","All types"],["article","Articles"],["audio","Audio"],["video","Videos"],["clips","Clips"],["media","Media"]]},"has_next":false,"has_prev":true,"items":[{"article_body_paragraphs":[],"audio_source_url":null,"author":"Oficina de Pol\u00edticas","available_dubs":[],"downloadable_assets":["https://gdb.martinoticias.com/0221efdb-9b23-460c-b1ee-830b946a0f23_cx0_cy10_cw0_w1600_r1_n_s.jpg"],"duration_display":"0:00","duration_seconds":null,"embed_url":null,"id":12364,"image_caption":"Un comerciante en su puesto de ventas de cosm\u00e9ticos y productos para el hogar, frente a un edificio destruido en la ciudad de Gaza, el 31 de agosto de 2026.","image_url":"https://gdb.martinoticias.com/0221efdb-9b23-460c-b1ee-830b946a0f23_cx0_cy10_cw0_w1600_r1_n_s.jpg","is_clip":false,"is_youtube_embed":false,"item_type":"article","item_type_label":"Article","language_label":"Espa\u00f1ol","media_credit":"Oficina de Pol\u00edticas","micro_label":"Photo","micro_label_kind":"gallery","network_label":"OCB","network_logo_url":"/static/uploads/direct_network_logos/ocb_0888427dcb1d.svg","published_at":"2026-09-01T16:59:47","published_at_display":"1 Sep 2026, 16:59 GMT","sequence_badge_label":null,"sequence_count":null,"sequence_count_label":null,"sequence_frames":[],"sequence_kind":null,"source_name":"radiotelevisionmarti_com_rss","source_name_label":"Radiotelevisionmarti","source_type":"rss","summary":"A continuaci\u00f3n, un editorial que refleja la postura del Gobierno de los Estados Unidos: En un informe publicado en junio, UNICEF revel\u00f3 que la desnutrici\u00f3n aguda entre los ni\u00f1os menores de cinco a\u00f1os en las zonas accesibles de Gaza ha disminuido un sorprendente 82 por ciento en menos de un a\u00f1o. Claramente, la ayuda humanitaria est\u00e1 llegando a los sectores m\u00e1s vulnerables de Gaza. \"No deber\u00eda sorprender\", declar\u00f3 el embajador de Estados Unidos ante las Naciones Unidas, Mike Waltz, \"que cuando los grupos terroristas dejan de acaparar y utilizar la ayuda como un cruel instrumento de control, la vida de las personas mejore\". \"Y, por primera vez en la historia moderna, un nuevo futuro para Gaza est\u00e1 al alcance de la mano de manera cre\u00edble: un futuro sin guerra, sin se\u00f1ores de la guerra terroristas, sin t\u00faneles, sin rehenes y sin sufrimiento\". Pero esto requiere mantener la presi\u00f3n sobre Ham\u00e1s para que cumpla los t\u00e9rminos del Plan Integral del presidente Donald Trump para poner fin al conflicto de Gaza, el cual fue respaldado por el Consejo de Seguridad de la ONU. En virtud de dicho plan, se ha establecido una Fuerza Internacional de Estabilizaci\u00f3n (ISF, por sus siglas en ingl\u00e9s) mediante la Resoluci\u00f3n 2803. Ahora, por primera vez, est\u00e1 prevista la llegada de tropas y personal de naciones aliadas para mantener la paz. Ya hay veh\u00edculos t\u00e1cticos en la base log\u00edstica de la ISF. Pa\u00edses tan diversos como Uganda, Marruecos y Kazajist\u00e1n han ofrecido miles de efectivos. Aunque el proceso no avanza tan r\u00e1pido como desear\u00edamos, est\u00e1 en marcha, afirm\u00f3 el embajador Waltz. El desarme de Ham\u00e1s ser\u00e1 objeto de un escrutinio riguroso. Debe ser verificado por partes imparciales. Nada se aceptar\u00e1 bas\u00e1ndose \u00fanicamente en la confianza, se\u00f1al\u00f3 el embajador Waltz. \"Mediante un proceso verificado, tenemos la posibilidad de abrir un futuro para el pueblo de Gaza libre de Ham\u00e1s, libre del sufrimiento causado por terroristas que los violaron y saquearon durante toda una generaci\u00f3n\". Y, una vez que Ham\u00e1s demuestre el cumplimiento total de sus compromisos, Israel iniciar\u00e1 su retirada gradual \u2014y finalmente completa\u2014 de la Franja de Gaza. Gaza no puede reconstruirse mientras Ham\u00e1s conserve la capacidad de sumirla nuevamente en la guerra, subray\u00f3 el embajador Waltz. \"Nos veremos atrapados en un ciclo de ayuda humanitaria en lugar de avanzar hacia la reconstrucci\u00f3n, hasta que Ham\u00e1s se desarme y se desmilitarice\". El oto\u00f1o pasado a\u00fan hab\u00eda guerra, rehenes y sufrimiento. Ahora, menos de un a\u00f1o despu\u00e9s de la aprobaci\u00f3n de la resoluci\u00f3n 2803, ya no quedan rehenes en Gaza. La ayuda est\u00e1 empezando a llegar a quienes la necesitan. Ham\u00e1s ha aceptado desarmarse por completo. Las FDI se est\u00e1n retirando. Y el Comit\u00e9 Nacional para la Administraci\u00f3n de Gaza cuenta con autorizaci\u00f3n para asumir sus funciones. Claramente, el Plan de Paz del presidente Trump \u2014ahora convertido en una hoja de ruta de 15 puntos\u2014 representa la mejor esperanza para la paz en Gaza. \"Dejemos de lado la pol\u00edtica y las agendas particulares y apoyemos este nuevo camino\".","title":"EEUU conf\u00eda en el Plan de Paz del presidente Trump para Gaza","topic":null,"translation_language":"","url":"https://www.martinoticias.com/a/eeuu-conf%c3%ada-en-el-plan-de-paz-del-presidente-trump-para-gaza/476740.html","video_url":null,"youtube_conversion_active":false,"youtube_conversion_error":"","youtube_conversion_status":""},{"article_body_paragraphs":[],"audio_source_url":null,"author":"Oficina de Pol\u00edticas","available_dubs":[],"downloadable_assets":["https://gdb.martinoticias.com/c2160ca2-a3cb-49a9-7c95-08def2b1c8fe_w1600_r1_n_s.jpg"],"duration_display":"0:00","duration_seconds":null,"embed_url":null,"id":12304,"image_caption":"El presidente estadounidense Donald Trump se re\u00fane con el presidente sirio Ahmed al-Sharaa (izquierda) en el marco de la Cumbre de la OTAN en el Complejo Presidencial de Bestepe en Ankara, el 8 de julio de 2026.","image_url":"https://gdb.martinoticias.com/c2160ca2-a3cb-49a9-7c95-08def2b1c8fe_w1600_r1_n_s.jpg","is_clip":false,"is_youtube_embed":false,"item_type":"article","item_type_label":"Article","language_label":"Espa\u00f1ol","media_credit":"Oficina de Pol\u00edticas","micro_label":"Photo","micro_label_kind":"gallery","network_label":"OCB","network_logo_url":"/static/uploads/direct_network_logos/ocb_0888427dcb1d.svg","published_at":"2026-09-01T15:51:59","published_at_display":"1 Sep 2026, 15:51 GMT","sequence_badge_label":null,"sequence_count":null,"sequence_count_label":null,"sequence_frames":[],"sequence_kind":null,"source_name":"radiotelevisionmarti_com_rss","source_name_label":"Radiotelevisionmarti","source_type":"rss","summary":"A continuaci\u00f3n, un editorial que refleja los puntos de vista del Gobierno de los Estados Unidos: El secretario de Estado estadounidense, Marco Rubio, revoc\u00f3 formalmente la designaci\u00f3n de Siria como Estado Patrocinador del Terrorismo (SST), tras la conclusi\u00f3n del periodo obligatorio de notificaci\u00f3n al Congreso de 45 d\u00edas. En una acci\u00f3n tomada el 24 de agosto, el secretario Rubio tambi\u00e9n retir\u00f3 la designaci\u00f3n de Hay'at Tahrir al-Sham (HTS) como Terrorista Global Especialmente Designado (SDGT). \"Estas acciones\", dijo el Secretario, \"representan otro paso hist\u00f3rico del presidente Trump para dar al pueblo sirio un camino hacia la prosperidad.\" Todas estas acciones se tomaron en reconocimiento a las acciones positivas emprendidas y a los compromisos adicionales del gobierno sirio bajo el presidente Ahmed al-Sharaa para distanciar completamente a Siria de actos de terrorismo internacional. En el \u00faltimo a\u00f1o, el Gobierno de Siria ha tomado medidas significativas para combatir el terrorismo, incluyendo la incorporaci\u00f3n formal a la Coalici\u00f3n Global para Derrotar al ISIS en noviembre y la realizaci\u00f3n de operaciones para desarticular las redes terroristas de ISIS, Al Qaeda, Hizbul\u00e1 y grupos alineados con Ir\u00e1n. Revocar la designaci\u00f3n de Siria como SST y de HTS como SDGT elimina las \u00faltimas grandes barreras para la inversi\u00f3n del sector privado en Siria y promueve la recuperaci\u00f3n econ\u00f3mica y la reintegraci\u00f3n de Siria en la econom\u00eda global. Un aviso publicado por los Departamentos de Comercio, Tesoro y Estado de EEUU afirma que \"Estados Unidos est\u00e1 comprometido a apoyar una Siria estable, unificada y pac\u00edfica que ahora pueda contribuir a la seguridad e integraci\u00f3n regional. La eliminaci\u00f3n integral de sanciones estadounidenses ha impulsado los esfuerzos de Siria para reconstruir su econom\u00eda, proporcionar prosperidad a todos sus ciudadanos, incluidos miembros de minor\u00edas \u00e9tnicas y religiosas, y combatir el terrorismo\". El aviso se\u00f1ala que, el 13 de mayo de 2025, el presidente Donald Trump anunci\u00f3 el levantamiento de las sanciones estadounidenses contra Siria para dar al pa\u00eds una oportunidad de paz y prosperidad. En junio de 2025, el presidente emiti\u00f3 la Orden Ejecutiva 14312, que elimin\u00f3 formalmente las sanciones estadounidenses y orden\u00f3 a las agencias que tomaran medidas adicionales para fomentar la reimplicaci\u00f3n del sector privado estadounidense y de sus socios extranjeros en Siria. Estados Unidos ya no impone sanciones integrales a Siria y las instituciones sirias, y las sanciones estadounidenses ya no act\u00faan como barrera para la mayor\u00eda de los negocios en Siria. El Congreso derog\u00f3 la Ley C\u00e9sar, que pretend\u00eda responsabilizar al gobierno de Assad por abusos de derechos humanos, en 2025. Siguen vigentes sanciones contra Bashar al-Assad y sus asociados, violadores de derechos humanos, narcotraficantes de Captagon y otros actores regionales desestabilizadores que permanecen en la Lista de Nacionales y Personas Bloqueadas Especialmente Designadas (SDN) del Departamento del Tesoro. El presidente Trump y su Administraci\u00f3n est\u00e1n comprometidos a ayudar a traer paz y prosperidad al pueblo sirio.","title":"Siria ya no est\u00e1 designada como patrocinadora estatal del terrorismo","topic":null,"translation_language":"","url":"https://www.martinoticias.com/a/siria-ya-no-est%c3%a1-designada-como-patrocinadora-estatal-del-terrorismo/476736.html","video_url":null,"youtube_conversion_active":false,"youtube_conversion_error":"","youtube_conversion_status":""},{"article_body_paragraphs":[],"audio_source_url":"https://ocb-audio-ns.akamaized.net/cu/2026/09/01/ed20c314-93b0-4e28-5aa8-08decd6ea425_hq.mp3","author":"Ariane Gonz\u00e1lez","available_dubs":[],"downloadable_assets":["https://ocb-audio-ns.akamaized.net/cu/2026/09/01/ed20c314-93b0-4e28-5aa8-08decd6ea425_hq.mp3","https://gdb.martinoticias.com/9e5d78cb-4f8a-4445-5aa9-08decd6ea425_cx0_cy23_cw0_w1600_r1_n_s.jpg"],"duration_display":"1:26","duration_seconds":86.0,"embed_url":null,"id":12031,"image_caption":"Boinas Negras acordonan la calle durante una protesta por los apagones en el barrio habanero El Fanguito, en El Vedado, el 30 de agosto de 2026.","image_url":"https://gdb.martinoticias.com/9e5d78cb-4f8a-4445-5aa9-08decd6ea425_cx0_cy23_cw0_w1600_r1_n_s.jpg","is_clip":false,"is_youtube_embed":false,"item_type":"audio","item_type_label":"Audio","language_label":"Espa\u00f1ol","media_credit":"Ariane Gonz\u00e1lez","micro_label":"Audio program","micro_label_kind":"audio","network_label":"OCB","network_logo_url":"/static/uploads/direct_network_logos/ocb_0888427dcb1d.svg","published_at":"2026-09-01T15:19:59","published_at_display":"1 Sep 2026, 15:19 GMT","sequence_badge_label":null,"sequence_count":null,"sequence_count_label":null,"sequence_frames":[],"sequence_kind":null,"source_name":"radiotelevisionmarti_com_rss","source_name_label":"Radiotelevisionmarti","source_type":"rss","summary":"Las protestas presenciales disminuyeron en Cuba durante agosto, pese a que la crisis energ\u00e9tica registr\u00f3 niveles r\u00e9cord de d\u00e9ficit de generaci\u00f3n.Rolando Cartaya, investigador principal del Observatorio Cubano de Conflictos explica a Mart\u00ed Noticias las causas de este descenso.","title":"Apagones, hambre y falta de agua provocan protestas en Cuba, pero cae la movilizaci\u00f3n en las calles","topic":null,"translation_language":"","url":"https://www.martinoticias.com/a/agotamiento-y-crisis-econ%c3%b3mica-frenan-las-protestas-callejeras-en-cuba-en-agosto-seg%c3%ban-informe/476731.html","video_url":null,"youtube_conversion_active":false,"youtube_conversion_error":"","youtube_conversion_status":""},{"article_body_paragraphs":[],"audio_source_url":null,"author":"Ariane Gonz\u00e1lez","available_dubs":[],"downloadable_assets":["https://gdb.martinoticias.com/9e5d78cb-4f8a-4445-5aa9-08decd6ea425_cx0_cy23_cw0_w1600_r1_n_s.jpg"],"duration_display":"0:00","duration_seconds":null,"embed_url":null,"id":12030,"image_caption":"Boinas Negras acordonan la calle durante una protesta por los apagones en el barrio habanero El Fanguito, en El Vedado, el 30 de agosto de 2026.","image_url":"https://gdb.martinoticias.com/9e5d78cb-4f8a-4445-5aa9-08decd6ea425_cx0_cy23_cw0_w1600_r1_n_s.jpg","is_clip":false,"is_youtube_embed":false,"item_type":"article","item_type_label":"Article","language_label":"Espa\u00f1ol","media_credit":"Ariane Gonz\u00e1lez","micro_label":"Photo","micro_label_kind":"gallery","network_label":"OCB","network_logo_url":"/static/uploads/direct_network_logos/ocb_0888427dcb1d.svg","published_at":"2026-09-01T15:19:59","published_at_display":"1 Sep 2026, 15:19 GMT","sequence_badge_label":null,"sequence_count":null,"sequence_count_label":null,"sequence_frames":[],"sequence_kind":null,"source_name":"radiotelevisionmarti_com_rss","source_name_label":"Radiotelevisionmarti","source_type":"rss","summary":"Las protestas presenciales disminuyeron en Cuba durante agosto pese a que la crisis energ\u00e9tica alcanz\u00f3 niveles r\u00e9cord de d\u00e9ficit de generaci\u00f3n, seg\u00fan un informe del Observatorio Cubano de Conflictos (OCC). La organizaci\u00f3n document\u00f3 34 protestas en las calles durante el mes, frente a 72 en julio y 107 en junio. En total, contabiliz\u00f3 1.185 protestas, denuncias y expresiones cr\u00edticas, de las cuales 291 fueron consideradas desaf\u00edos directos al Estado policial. Rolando Cartaya, investigador principal del OCC y director de proyectos de la Fundaci\u00f3n para los Derechos Humanos en Cuba, explic\u00f3 a Mart\u00ed Noticias que la disminuci\u00f3n se produjo en medio del deterioro de las condiciones de vida en la isla. \u201cA pesar de que hubo esfuerzos en las calles por parte de los cubanos, protestas contra los apagones, la falta de agua y la falta de comida, hubo en el mes de agosto una baja bastante sensible: 34 protestas, comparadas con 72 en julio y 107 en junio\u201d, se\u00f1al\u00f3. Los 291 desaf\u00edos al Estado policial registrados en agosto representan una ca\u00edda frente a los 520 documentados en julio y los 406 de junio. \u201cEstas reducciones, del 54,2 % y el 44 %, respectivamente, se explican tanto por el agotamiento que provoca una agudizaci\u00f3n de la crisis socioecon\u00f3mica como por la disipaci\u00f3n del \u2018efecto Trump\u2019\u201d, afirm\u00f3 Cartaya. Seg\u00fan el investigador, las expectativas de un posible cambio pol\u00edtico aumentaron entre algunos cubanos despu\u00e9s de la operaci\u00f3n estadounidense que culmin\u00f3 con la captura de Nicol\u00e1s Maduro en Venezuela y las posteriores declaraciones del presidente Donald Trump y miembros de su administraci\u00f3n sobre Cuba. El informe se\u00f1ala que la crisis socioecon\u00f3mica concentr\u00f3 m\u00e1s del 67 % de las expresiones contestatarias registradas durante agosto. El OCC document\u00f3 adem\u00e1s nueve grafitis antigubernamentales, incendios de instalaciones policiales y la huelga de hambre del opositor Guillermo del Sol, quien abandon\u00f3 la protesta despu\u00e9s de 72 d\u00edas. La huelga buscaba llamar la atenci\u00f3n sobre la situaci\u00f3n de los presos pol\u00edticos en la isla. Los servicios p\u00fablicos encabezaron las denuncias, con 236 registros, principalmente relacionados con los prolongados cortes el\u00e9ctricos. En Lawton, municipio Diez de Octubre, residentes acumularon 137 horas sin electricidad en una semana. \u201cLos cortes de 20, 30 o m\u00e1s de 50 horas detuvieron el bombeo de agua, pudrieron los alimentos e inutilizaron los medicamentos\u201d, explic\u00f3 Cartaya. La Habana concentr\u00f3 25 protestas callejeras en las que hubo presencia de fuerzas antidisturbios conocidas como Boinas Negras. Otras siete ocurrieron en diferentes provincias, indica el reporte. Las protestas y denuncias relacionadas con la alimentaci\u00f3n, la inflaci\u00f3n y la agricultura aumentaron de 131 en julio a 218 en agosto. El OCC atribuy\u00f3 el incremento, entre otros factores, a la decisi\u00f3n del Gobierno de retirar los topes de precios, lo que habr\u00eda encarecido productos b\u00e1sicos como el aceite y los huevos. El informe recoge el testimonio de Mary Yllas, quien describi\u00f3 la b\u00fasqueda de comida en la isla como una experiencia de \u201ctemor, estr\u00e9s, angustia, desesperaci\u00f3n y llanto, hasta encontrar algo\u201d. Otra cubana, Mayol\u00edn Joaqu\u00edn Coy, dijo que ella, su pareja y sus tres hijos subsisten con los pocos alimentos que pueden pagar, entre ellos un hueso de pollo de 50 pesos cubanos y un boniato. Las denuncias por inseguridad ciudadana pasaron de 131 en julio a 177 en agosto, un incremento del 30 %. El OCC registr\u00f3 38 muertes relacionadas con la violencia criminal, social, de g\u00e9nero e intrafamiliar. \u201cCualquier objeto, un tel\u00e9fono, unos pesos, una bicicleta o una motorina, puede ser motivo suficiente para matar\u201d, advirti\u00f3 Cartaya. El investigador se\u00f1al\u00f3 que la oscuridad provocada por los apagones y la escasa presencia policial facilitan la actuaci\u00f3n de los delincuentes. El Observatorio document\u00f3 19 robos de motorinas, triciclos y otros veh\u00edculos durante agosto, frente a siete en julio. El apartado dedicado a otros problemas sociales acumul\u00f3 110 registros. Entre las principales preocupaciones aparecieron la incertidumbre sobre el futuro, la disminuci\u00f3n de la poblaci\u00f3n en edad laboral debido a la emigraci\u00f3n y la ca\u00edda de la natalidad, adem\u00e1s de los problemas econ\u00f3micos que enfrentan las familias ante el comienzo del curso escolar y el d\u00e9ficit de maestros. El OCC document\u00f3 100 actos represivos durante agosto. Entre ellos mencion\u00f3 un incidente durante un cacerolazo en Jaimanitas, donde un autom\u00f3vil habr\u00eda sido utilizado para intimidar y embestir a los manifestantes. El Observatorio dijo que un episodio similar hab\u00eda ocurrido en Lawton a finales de julio. El reporte tambi\u00e9n menciona una nueva legislaci\u00f3n que autoriza al Ministerio del Interior a recopilar datos biom\u00e9tricos como la voz, el iris, el rostro y la firma digital. Seg\u00fan el OCC, la medida facilita la vigilancia de la actividad en internet sin un control judicial independiente. En el \u00e1rea de salud p\u00fablica se contabilizaron 42 protestas y denuncias, muchas relacionadas con la propagaci\u00f3n del dengue, la falta de fumigaci\u00f3n y las deficiencias en la atenci\u00f3n de menores con fiebre en hospitales pedi\u00e1tricos. El informe tambi\u00e9n registr\u00f3 15 protestas y denuncias vinculadas con la vivienda, entre ellas derrumbes, deterioro estructural, desalojos sin alternativas, largas esperas por asistencia estatal y casos en los que la sociedad civil tuvo que ayudar a las familias afectadas. Para el OCC, las expresiones cr\u00edticas surgidas durante las celebraciones oficiales por el centenario de Fidel Castro evidenciaron adem\u00e1s un cambio en la percepci\u00f3n de una parte de la ciudadan\u00eda. \u201cHoy quienes se expresan en redes y en cacerolazos ya no separan al hombre de la obra. Ven los apagones, el hambre, la censura, los privilegios en la c\u00fapula y la ausencia de alternativas como parte de la obra de Castro\u201d, concluy\u00f3 Cartaya.","title":"Agotamiento y crisis econ\u00f3mica frenan las protestas callejeras en Cuba en agosto, seg\u00fan informe","topic":null,"translation_language":"","url":"https://www.martinoticias.com/a/agotamiento-y-crisis-econ%c3%b3mica-frenan-las-protestas-callejeras-en-cuba-en-agosto-seg%c3%ban-informe/476731.html","video_url":null,"youtube_conversion_active":false,"youtube_conversion_error":"","youtube_conversion_status":""},{"article_body_paragraphs":[],"audio_source_url":null,"author":"Comunicado Oficial Casa Blanca","available_dubs":[],"downloadable_assets":["https://gdb.martinoticias.com/b97f6946-d250-4181-a403-08de3cb86449_w1600_r1_n_s.jpg"],"duration_display":"0:00","duration_seconds":null,"embed_url":null,"id":11922,"image_caption":"El presidente Donald Trump y la mandataria interina de Venezuela, Delcy Rodr\u00edguez.","image_url":"https://gdb.martinoticias.com/b97f6946-d250-4181-a403-08de3cb86449_w1600_r1_n_s.jpg","is_clip":false,"is_youtube_embed":false,"item_type":"article","item_type_label":"Article","language_label":"Espa\u00f1ol","media_credit":"Comunicado Oficial Casa Blanca","micro_label":"Photo","micro_label_kind":"gallery","network_label":"OCB","network_logo_url":"/static/uploads/direct_network_logos/ocb_0888427dcb1d.svg","published_at":"2026-09-01T14:35:22","published_at_display":"1 Sep 2026, 14:35 GMT","sequence_badge_label":null,"sequence_count":null,"sequence_count_label":null,"sequence_frames":[],"sequence_kind":null,"source_name":"radiotelevisionmarti_com_rss","source_name_label":"Radiotelevisionmarti","source_type":"rss","summary":"LA CASA BLANCA HOJA INFORMATIVA 31 DE AGOSTO DE 2026 ASEGURAR UN SUMINISTRO DE PETR\u00d3LEO ESTABLE Y A BAJO COSTO EN NUESTRO HEMISFERIO: En el mayor acuerdo petrolero de la historia mundial, el presidente Donald J. Trump ha conseguido el control mayoritario estadounidense de m\u00e1s de 65.000 millones de barriles de reservas petroleras comprobadas en Venezuela, lo que expandi\u00f3 sustancialmente las actuales reservas territoriales comprobadas de Estados Unidos, de aproximadamente 46.000 millones de barriles. Este acuerdo asegura nuestro dominio energ\u00e9tico para el pr\u00f3ximo siglo, sin costo alguno para Estados Unidos. El acuerdo, firmado por el secretario de Estado Marco Rubio y el secretario de Guerra Pete Hegseth, otorga al gobierno de Estados Unidos poderosos derechos de gobernanza, propiedad econ\u00f3mica y un convenio de compra garantizada a bajo costo a un nuevo actor petrolero privado de Venezuela, que ser\u00e1 la segunda compa\u00f1\u00eda petrolera privada m\u00e1s grande del mundo en t\u00e9rminos de reservas: En relaci\u00f3n con este acuerdo, las autoridades interinas venezolanas han otorgado a North American Blue Energy Partners (NABEP), una compa\u00f1\u00eda petrolera de capital privado que es la segunda mayor productora privada venezolana y una operadora probada, concesiones por 100 a\u00f1os para 17 yacimientos petrol\u00edferos con reservas confirmadas de aproximadamente 65 mil millones de barriles. Sin costo alguno para el contribuyente estadounidense, NABEP ha otorgado a la Oficina de Capital Estrat\u00e9gico del Departamento de Guerra de Estados Unidos una participaci\u00f3n accionaria del 35 % en su sociedad matriz, lo que representa un valor y dividendos de hasta cientos de miles de millones para Estados Unidos. NABEP le ha otorgado al Departamento de Estado de Estados Unidos el derecho de comprar, al costo de producci\u00f3n, un 20 % garantizado de la producci\u00f3n de todos los yacimientos actuales y futuros operados por NABEP. Esto asegura un suministro estable de petr\u00f3leo a bajo costo que puede facilitar el reabastecimiento de la Reserva Estrat\u00e9gica de Petr\u00f3leo ( Strategic Petroleum Reserve , SPR), la cual Joe Biden redujo a m\u00ednimos hist\u00f3ricos, y abastecer usos militares y otros usos sensibles. NABEP tambi\u00e9n otorg\u00f3 al Departamento de Estado de Estados Unidos el derecho de adquisici\u00f3n preferente del 80 % restante de su producci\u00f3n, lo que proporciona una fuente garantizada de energ\u00eda en nuestro hemisferio en situaciones de emergencia. El Gobierno de Estados Unidos tiene poder de veto sobre el nombramiento de cualquier miembro de la junta directiva, y la mayor\u00eda de quienes integren la junta de NABEP deben ser ciudadanos estadounidenses. NABEP contar\u00e1 con auditores, abogados y asesores estadounidenses de renombre y el acuerdo del Gobierno de Estados Unidos con NABEP se rige por el derecho estadounidense y est\u00e1 sujeto a la jurisdicci\u00f3n de los tribunales de Estados Unidos. Millones de barriles de nueva producci\u00f3n venezolana ser\u00e1n procesados a trav\u00e9s de refiner\u00edas estadounidenses y extra\u00eddos con equipos de perforaci\u00f3n e infraestructura estadounidenses, lo que favorecer\u00e1 inversiones por miles de millones en Estados Unidos y miles de puestos de trabajo aqu\u00ed en nuestro pa\u00eds. IMPULSAR LA RECUPERACI\u00d3N ECON\u00d3MICA Y LA RECONSTRUCCI\u00d3N DEL SECTOR PETROLERO DE VENEZUELA: Esta privatizaci\u00f3n e inversi\u00f3n sin precedentes en el sector energ\u00e9tico venezolano es un paso clave en el plan tripartito de estabilizaci\u00f3n, reconstrucci\u00f3n y transici\u00f3n democr\u00e1tica de la Administraci\u00f3n Trump. El crecimiento impulsado por el sector privado en la producci\u00f3n, el volumen de extracci\u00f3n y la inversi\u00f3n en Venezuela es una condici\u00f3n previa clave para impulsar la reforma continua y la transici\u00f3n democr\u00e1tica despu\u00e9s del \u00e9xito rotundo de la operaci\u00f3n \u201c Absolute Resolve \u201d: NABEP ha desarrollado un plan ambicioso para llevar r\u00e1pidamente a mayor escala la producci\u00f3n invirtiendo hasta 100.000 millones de d\u00f3lares en nueva infraestructura petrolera en Venezuela. Esto ayudar\u00e1 a impulsar el crecimiento econ\u00f3mico, contribuir\u00e1 a crear miles de puestos de trabajo bien remunerados en Venezuela y generar\u00e1 decenas de miles de millones en la actividad econ\u00f3mica en general. Las concesiones de NABEP se rigen por la nueva ley de hidrocarburos de Venezuela, adoptada con el apoyo de Estados Unidos, que prev\u00e9 la modernizaci\u00f3n, la privatizaci\u00f3n y el desarrollo hist\u00f3ricos del sector petrolero en declive de Venezuela. En este marco, y a medida que se incremente la escala de la producci\u00f3n, se prev\u00e9 que NABEP pague 200.000 millones de d\u00f3lares en regal\u00edas e impuestos durante los primeros 25 a\u00f1os, lo que representa una fuente de ingresos y apoyo fiscal cr\u00edticos para los gobiernos venezolanos actual y futuros con el objetivo de financiar la reconstrucci\u00f3n y el desarrollo social. Tras a\u00f1os de mala gesti\u00f3n e inversi\u00f3n insuficiente, la mayor\u00eda de los yacimientos petrol\u00edferos de Venezuela no est\u00e1n produciendo o tienen una producci\u00f3n sumamente baja. Al invertir en un operador privado probado con antecedentes de escalamiento de la producci\u00f3n en el pa\u00eds, que podr\u00e1 atraer fondos privados estadounidenses para costear gastos de capital, Venezuela tiene una oportunidad hist\u00f3rica para revitalizar su sector clave, favorecer el crecimiento de la producci\u00f3n petrolera y lograr que crezca su econom\u00eda. Las disposiciones s\u00f3lidas sobre gobernanza y auditor\u00eda del Gobierno de Estados Unidos, junto con la reforma bancaria, la fiscalizaci\u00f3n de pagos y la supervisi\u00f3n financiera de la Administraci\u00f3n Trump, asegurar\u00e1n que los pagos de impuestos y regal\u00edas se usen en beneficio del pueblo venezolano. Estados Unidos est\u00e1 auspiciando di\u00e1logos de reconciliaci\u00f3n entre la Asamblea Nacional de 2015 y las autoridades interinas, un proceso que ya ha dado lugar a reformas significativas en el poder judicial venezolano, la liberaci\u00f3n de cientos de presos pol\u00edticos y esfuerzos de cooperaci\u00f3n para financiar la reconstrucci\u00f3n tras los terremotos devastadores de junio. El proceso seguir\u00e1 adelante y habr\u00e1 reuniones adicionales en septiembre. REAFIRMAR LA DOCTRINA MONROE Y EXPULSAR A ADVERSARIOS EXTRANJEROS DE NUESTRO HEMISFERIO: La mayor\u00eda de los yacimientos petrol\u00edferos incrementales operados por NABEP estuvieron anteriormente bajo el control o la operaci\u00f3n de empresas rusas y chinas, o de c\u00f3mplices corruptos de Maduro y Ch\u00e1vez. Estos actores extranjeros maliciosos saquearon los recursos de Venezuela para beneficiar a adversarios estadounidenses como Cuba, Rusia y China, y no invirtieron en la infraestructura ni el desarrollo de Venezuela. El presidente Trump ha restablecido la Doctrina Monroe, purgando la influencia maligna extranjera de nuestra propia regi\u00f3n y asegurando que nunca m\u00e1s se cuestione el dominio estadounidense en nuestro hemisferio. Mediante el trabajo con socios nuevos y existentes, la Administraci\u00f3n del presidente Trump est\u00e1 creando nuevas cadenas de suministro robustas, estrat\u00e9gicas y defendibles en nuestro hemisferio para contribuir a la revitalizaci\u00f3n de nuestros sectores manufacturero y energ\u00e9tico tras a\u00f1os de decadencia globalista. Para ver el texto original, ir a: https://www.whitehouse.gov/fact-sheets/2026/08/fact-sheet-president-donald-j-trump-announces-historic-oil-agreement-to-secure-american-energy-dominance-and-drive-venezuelas-economic-recovery/ Esta traducci\u00f3n se proporciona como una cortes\u00eda y \u00fanicamente debe considerarse fidedigna la fuente original en ingl\u00e9s.","title":"Hoja informativa: El presidente Donald J. Trump anuncia acuerdo petrolero hist\u00f3rico para asegurar el dominio energ\u00e9tico estadounidense e impulsar la recuperaci\u00f3n econ\u00f3mica de Venezuela","topic":null,"translation_language":"","url":"https://www.martinoticias.com/a/hoja-informativa-el-presidente-donald-j-trump-anuncia-acuerdo-petrolero-hist%c3%b3rico-venezuela/476732.html","video_url":null,"youtube_conversion_active":false,"youtube_conversion_error":"","youtube_conversion_status":""},{"article_body_paragraphs":[],"audio_source_url":null,"author":"Julieta Pelcastre /Di\u00e1logo Am\u00e9ricas","available_dubs":[],"downloadable_assets":["https://gdb.martinoticias.com/a11174a9-e0d8-4b0b-bc77-08def2b1d8dc_w1600_r1_n_s.jpg"],"duration_display":"0:00","duration_seconds":null,"embed_url":null,"id":11288,"image_caption":"La expansi\u00f3n de proveedores tecnol\u00f3gicos chinos en sectores como las telecomunicaciones y la inteligencia artificial ha intensificado el debate regional sobre ciberseguridad, infraestructura cr\u00edtica y protecci\u00f3n de datos sensibles.","image_url":"https://gdb.martinoticias.com/a11174a9-e0d8-4b0b-bc77-08def2b1d8dc_w1600_r1_n_s.jpg","is_clip":false,"is_youtube_embed":false,"item_type":"article","item_type_label":"Article","language_label":"Espa\u00f1ol","media_credit":"Julieta Pelcastre /Di\u00e1logo Am\u00e9ricas","micro_label":"Photo","micro_label_kind":"gallery","network_label":"OCB","network_logo_url":"/static/uploads/direct_network_logos/ocb_0888427dcb1d.svg","published_at":"2026-09-01T13:20:18","published_at_display":"1 Sep 2026, 13:20 GMT","sequence_badge_label":null,"sequence_count":null,"sequence_count_label":null,"sequence_frames":[],"sequence_kind":null,"source_name":"radiotelevisionmarti_com_rss","source_name_label":"Radiotelevisionmarti","source_type":"rss","summary":"En Latinoam\u00e9rica y el Caribe, la tecnolog\u00eda china est\u00e1 cada vez m\u00e1s integrada en los sistemas que sustentan la vida cotidiana y las operaciones gubernamentales. Desde redes de telecomunicaciones y sistemas de videovigilancia hasta servicios en la nube y aplicaciones emergentes de inteligencia artificial (IA), la creciente presencia de Pek\u00edn en el \u00e1mbito digital est\u00e1 alimentando un debate regional sobre soberan\u00eda digital, ciberseguridad y dependencia tecnol\u00f3gica. A medida que los gobiernos modernizan infraestructura cr\u00edtica y ampl\u00edan los servicios digitales, las preguntas van m\u00e1s all\u00e1 de la tecnolog\u00eda en s\u00ed para centrarse en qui\u00e9n controla las redes, las plataformas y los datos que respaldan funciones esenciales. Pek\u00edn ha buscado ampliar su participaci\u00f3n en sectores vinculados a la conectividad, la gesti\u00f3n de datos y la infraestructura digital como parte de estrategias nacionales m\u00e1s amplias enfocadas en la innovaci\u00f3n tecnol\u00f3gica y la competitividad global. Esta expansi\u00f3n no ocurre de forma aislada. Refleja prioridades m\u00e1s amplias del gobierno chino plasmadas en el XV Plan Quinquenal y en la estrategia de las \u201cNuevas Fuerzas Productivas de Calidad\u201d, que buscan situar a China a la vanguardia de las tecnolog\u00edas llamadas a moldear la econom\u00eda global y el entorno digital. Seg\u00fan la Brookings Institution, Pek\u00edn est\u00e1 invirtiendo fuertemente en sectores como los semiconductores, la inteligencia artificial, la computaci\u00f3n cu\u00e1ntica, la rob\u00f3tica, la biotecnolog\u00eda y la biofabricaci\u00f3n, como parte de su transici\u00f3n hacia industrias de mayor valor agregado. A medida que gobiernos y empresas de Latinoam\u00e9rica adoptan tecnolog\u00edas digitales, la regi\u00f3n depende cada vez m\u00e1s de plataformas, infraestructura y cadenas de suministro desarrolladas y gestionadas por empresas chinas. An\u00e1lisis estrat\u00e9gico y t\u00e9cnico La apuesta china no se limita a vender equipos de telecomunicaciones. El Consejo de Relaciones Exteriores de los Estados Unidos (CFR) sostiene que la Ruta de la Seda Digital busca posicionar a China en sectores estrat\u00e9gicos mediante redes 5G, centros de datos, servicios en la nube, IA y plataformas conectadas a infraestructura cr\u00edtica. El debate ha evolucionado m\u00e1s all\u00e1 de la pregunta sobre qui\u00e9n construye las redes de telecomunicaciones. Cada vez m\u00e1s, responsables de pol\u00edticas p\u00fablicas y especialistas se preguntan qui\u00e9n controla los datos, el software y las plataformas digitales que respaldan funciones gubernamentales sensibles, infraestructura cr\u00edtica y servicios p\u00fablicos. V\u00edctor Ruiz, fundador del centro de ciberseguridad SILIKN en M\u00e9xico, resume la l\u00f3gica del avance: \u201cChina ha mantenido una estrategia tecnol\u00f3gica de largo plazo orientada a ampliar su presencia internacional mediante infraestructura digital y acuerdos tecnol\u00f3gicos\u201d. Y a\u00f1ade por qu\u00e9 resulta tan dif\u00edcil de rechazar: \u201cestas ofertas suelen resultar atractivas por sus menores costos, aumentando la dependencia de plataformas y servicios controlados por proveedores chinos\u201d. El CFR advierte que la expansi\u00f3n de la Ruta de la Seda Digital ha generado preocupaciones relacionadas con la vigilancia digital, la gobernanza de los datos y el control estatal de los sistemas de informaci\u00f3n, y se\u00f1ala que empresas chinas han colaborado en capacidades de monitoreo en terceros pa\u00edses, donde autoridades de Pek\u00edn han ofrecido capacitaci\u00f3n sobre vigilancia y censura de Internet en tiempo real. Otro elemento importante es el marco jur\u00eddico que regula a las empresas chinas. Las leyes chinas en materia de seguridad nacional, inteligencia y gesti\u00f3n de datos han generado preocupaci\u00f3n entre gobiernos y analistas sobre el alcance de la cooperaci\u00f3n que las empresas podr\u00edan verse obligadas a prestar a las autoridades estatales. Las vulnerabilidades ya no se reducen al hardware . Un an\u00e1lisis del Centro de Estudios Estrat\u00e9gicos e Internacionales (CSIS) se\u00f1ala que la exposici\u00f3n abarca la nube, el software , la IA y la interoperabilidad administrada por proveedores externos, dependencias dif\u00edciles de sustituir durante una crisis o una tensi\u00f3n geopol\u00edtica. \u201cEsta situaci\u00f3n ampl\u00eda riesgos relacionados con control tecnol\u00f3gico y acceso a informaci\u00f3n estrat\u00e9gica\u201d, apunta Ruiz. En la misma l\u00ednea, la Agencia de Seguridad de Infraestructura y Ciberseguridad de los Estados Unidos (CISA) alerta sobre los riesgos de las cadenas globales de suministro, el acceso remoto y los servicios digitales centralizados ligados a infraestructura cr\u00edtica, donde la resiliencia digital se ha vuelto clave para proteger operaciones esenciales y datos sensibles. Las preocupaciones van m\u00e1s all\u00e1 de la ciberseguridad. Las redes de comunicaciones, las plataformas de videovigilancia, los servicios en la nube y los sistemas de gesti\u00f3n de datos respaldan cada vez m\u00e1s las labores de las fuerzas del orden, la seguridad fronteriza, la respuesta a emergencias y la protecci\u00f3n de infraestructura cr\u00edtica. A medida que estos sistemas se vuelven m\u00e1s interconectados, las cuestiones de resiliencia y control adquieren una importancia creciente para la planificaci\u00f3n de la seguridad nacional. Dimensi\u00f3n industrial y program\u00e1tica Varias empresas chinas desempe\u00f1an un papel central en esta expansi\u00f3n. Un reporte del laboratorio de ideas Atlantic Council se\u00f1ala que compa\u00f1\u00edas como Huawei, ZTE y SenseTime han ampliado su participaci\u00f3n en proyectos de telecomunicaciones, fibra \u00f3ptica, videovigilancia y aplicaciones de IA vinculadas a la digitalizaci\u00f3n gubernamental. En varios pa\u00edses latinoamericanos firmas chinas han crecido en telecomunicaciones, videovigilancia y proyectos de ciudades inteligentes, integr\u00e1ndose en la infraestructura digital que sostiene servicios de uso diario. El CFR observa, adem\u00e1s, que Pek\u00edn ha impulsado con fuerza la cooperaci\u00f3n tecnol\u00f3gica mientras las discusiones sobre gobernanza digital y protecci\u00f3n de datos han recibido mucha menos atenci\u00f3n. Cooperaci\u00f3n y proyecci\u00f3n regional Las implicaciones ya se traducen en decisiones concretas. En Costa Rica, el Ejecutivo excluy\u00f3 a Huawei del desarrollo de las redes 5G mediante regulaciones de ciberseguridad que restringen la participaci\u00f3n de proveedores proveniente de pa\u00edses que no forman parte del Convenio de Budapest sobre Ciberdelincuencia. Las autoridades sostuvieron que las medidas buscaban reducir los riesgos asociados al acceso estatal a datos sensibles y a infraestructura cr\u00edtica de comunicaciones. Panam\u00e1, por su parte, avanz\u00f3 en el reemplazo de equipos Huawei instalados en varios sitios estrat\u00e9gicos de telecomunicaciones, en medio de preocupaciones por la seguridad de redes y la dependencia tecnol\u00f3gica. Ambos casos reflejan una tendencia regional: un creciente escrutinio del papel de los proveedores tecnol\u00f3gicos chinos en infraestructuras consideradas estrat\u00e9gicas para las comunicaciones, la seguridad nacional y la gesti\u00f3n de datos. Para Latinoam\u00e9rica y el Caribe, el debate ya no gira \u00fanicamente en torno a equipos de telecomunicaciones o inversi\u00f3n extranjera. Cada vez m\u00e1s, se trata de resiliencia, gobernanza y control sobre los sistemas digitales que sustentan los servicios p\u00fablicos, la infraestructura cr\u00edtica y la seguridad nacional. Las redes, centros de datos, plataformas en la nube y sistemas de videovigilancia que se adoptan hoy ayudar\u00e1n a definir c\u00f3mo los gobiernos gestionan la informaci\u00f3n, responden a las crisis y protegen datos sensibles en el futuro. A medida que los pa\u00edses contin\u00faan modernizando su infraestructura digital, las decisiones sobre diversificaci\u00f3n de proveedores, est\u00e1ndares de ciberseguridad y gobernanza de datos desempe\u00f1ar\u00e1n un papel cada vez m\u00e1s importante para preservar la flexibilidad operativa y reducir vulnerabilidades estrat\u00e9gicas. Como se\u00f1ala Ruiz, \u201cFortalecer capacidades nacionales y diversificar proveedores tecnol\u00f3gicos ser\u00e1 clave para reducir vulnerabilidades y preservar mayores m\u00e1rgenes de autonom\u00eda digital\u201d. Para los gobiernos de la regi\u00f3n, el desaf\u00edo no es si adoptar tecnolog\u00eda extranjera, sino c\u00f3mo hacerlo preservando la resiliencia, manteniendo la flexibilidad operativa y evitando dependencias que puedan limitar sus opciones futuras. A medida que las empresas chinas ampl\u00edan su presencia en sectores como las telecomunicaciones, los servicios en la nube, la inteligencia artificial y la infraestructura digital, las decisiones que adopten hoy los gobiernos de la regi\u00f3n tendr\u00e1n un impacto cada vez mayor en la forma en que se configurar\u00e1 su futuro digital. [Este art\u00edculo fue publicado originalmente en Di\u00e1logo Am\u00e9ricas ]","title":"Tecnolog\u00eda, datos y soberan\u00eda digital: la creciente presencia china en Latinoam\u00e9rica","topic":null,"translation_language":"","url":"https://www.martinoticias.com/a/tecnolog%c3%ada-datos-y-soberan%c3%ada-digital-la-creciente-presencia-china-en-latinoam%c3%a9rica/476728.html","video_url":null,"youtube_conversion_active":false,"youtube_conversion_error":"","youtube_conversion_status":""},{"article_body_paragraphs":[],"audio_source_url":"https://ocb-audio-ns.akamaized.net/cu/2026/09/01/057cf2a7-87b9-4ab3-690c-08def2ff2efe_hq.mp3","author":"Ariane Gonz\u00e1lez","available_dubs":[],"downloadable_assets":["https://ocb-audio-ns.akamaized.net/cu/2026/09/01/057cf2a7-87b9-4ab3-690c-08def2ff2efe_hq.mp3","https://gdb.martinoticias.com/b2c607fa-e327-4369-041f-08decd63a0c8_w1600_r1_n_s.jpeg"],"duration_display":"0:56","duration_seconds":56.0,"embed_url":null,"id":11925,"image_caption":"Citaci\u00f3n policial entregada a la periodista independiente Yunia Figueredo. Cortes\u00eda de Yunia Figueredo","image_url":"https://gdb.martinoticias.com/b2c607fa-e327-4369-041f-08decd63a0c8_w1600_r1_n_s.jpeg","is_clip":false,"is_youtube_embed":false,"item_type":"audio","item_type_label":"Audio","language_label":"Espa\u00f1ol","media_credit":"Ariane Gonz\u00e1lez","micro_label":"Audio program","micro_label_kind":"audio","network_label":"OCB","network_logo_url":"/static/uploads/direct_network_logos/ocb_0888427dcb1d.svg","published_at":"2026-09-01T11:55:20","published_at_display":"1 Sep 2026, 11:55 GMT","sequence_badge_label":null,"sequence_count":null,"sequence_count_label":null,"sequence_frames":[],"sequence_kind":null,"source_name":"radiotelevisionmarti_com_rss","source_name_label":"Radiotelevisionmarti","source_type":"rss","summary":"La periodista independiente Yunia Figueredo fue citada por la polic\u00eda para comparecer este martes, a las dos de la tarde, en una unidad de La Habana. Figueredo dijo a Mart\u00ed Noticias que las autoridades le abrieron un proceso judicial relacionado con las recientes protestas en Jaimanitas.","title":"Yunia Figueredo enfrenta nueva citaci\u00f3n policial tras protestas en Jaimanitas","topic":null,"translation_language":"","url":"https://www.martinoticias.com/a/periodista-independiente-denuncia-amenazas-y-una-nueva-citaci%c3%b3n-policial-en-la-habana/476725.html","video_url":null,"youtube_conversion_active":false,"youtube_conversion_error":"","youtube_conversion_status":""},{"article_body_paragraphs":[],"audio_source_url":null,"author":"Ariane Gonz\u00e1lez","available_dubs":[],"downloadable_assets":["https://gdb.martinoticias.com/b2c607fa-e327-4369-041f-08decd63a0c8_w1600_r1_n_s.jpeg"],"duration_display":"0:00","duration_seconds":null,"embed_url":null,"id":11258,"image_caption":"Citaci\u00f3n policial entregada a la periodista independiente Yunia Figueredo. Cortes\u00eda de Yunia Figueredo","image_url":"https://gdb.martinoticias.com/b2c607fa-e327-4369-041f-08decd63a0c8_w1600_r1_n_s.jpeg","is_clip":false,"is_youtube_embed":false,"item_type":"article","item_type_label":"Article","language_label":"Espa\u00f1ol","media_credit":"Ariane Gonz\u00e1lez","micro_label":"Photo","micro_label_kind":"gallery","network_label":"OCB","network_logo_url":"/static/uploads/direct_network_logos/ocb_0888427dcb1d.svg","published_at":"2026-09-01T11:55:20","published_at_display":"1 Sep 2026, 11:55 GMT","sequence_badge_label":null,"sequence_count":null,"sequence_count_label":null,"sequence_frames":[],"sequence_kind":null,"source_name":"radiotelevisionmarti_com_rss","source_name_label":"Radiotelevisionmarti","source_type":"rss","summary":"La periodista independiente y activista de derechos humanos Yunia Figueredo fue citada por la Polic\u00eda Nacional Revolucionaria para comparecer este martes, 1 de septiembre, a las 2:00 de la tarde, en una unidad policial de La Habana, seg\u00fan declar\u00f3 a Mart\u00ed Noticias. La citaci\u00f3n fue entregada el lunes en su vivienda por el jefe de sector de la zona, explic\u00f3 Figueredo, quien asegur\u00f3 que otras personas residentes en Jaimanitas tambi\u00e9n habr\u00edan sido convocadas por las autoridades debido a las recientes protestas ocurridas en esa comunidad habanera. \u201cHoy me volvi\u00f3 a venir el jefe de sector aqu\u00ed a la casa con una citaci\u00f3n para ma\u00f1ana a las dos de la tarde. Seg\u00fan veo, tambi\u00e9n varias personas aqu\u00ed en Jaimanitas fueron citadas para ma\u00f1ana debido a las recientes protestas que hubo aqu\u00ed\u201d, dijo la periodista. Figueredo se\u00f1al\u00f3 que el pasado 20 de julio ya hab\u00eda sido interrogada por agentes de la Seguridad del Estado, quienes le informaron sobre la apertura de un proceso judicial en su contra por las manifestaciones ocurridas en Jaimanitas. \u201cEl d\u00eda 20 de julio fui citada por la Seguridad del Estado para informarme que me hab\u00edan abierto un proceso judicial por las recientes protestas que comenzaron aqu\u00ed el d\u00eda 8\u201d, relat\u00f3. Seg\u00fan la periodista, las manifestaciones estuvieron motivadas por el deterioro de las condiciones de vida en la comunidad, incluidos los prolongados apagones, la falta de agua y la escasez de alimentos. \u201cLas protestas se hicieron muy seguidas por la extensi\u00f3n de los apagones, la falta de agua, los problemas de alimentaci\u00f3n y la comida echada a perder\u201d, afirm\u00f3 Figueredo. El Instituto Cubano por la Libertad de Expresi\u00f3n y Prensa (ICLEP) inform\u00f3 que la periodista deber\u00e1 presentarse en la unidad policial ubicada en 198, entre 13 y 15. Otra residente, identificada como Melba Su\u00e1rez Ram\u00edrez, habr\u00eda recibido una citaci\u00f3n para la misma fecha y hora, de acuerdo con una publicaci\u00f3n de la organizaci\u00f3n. El Observatorio Cubano de Libertad de Expresi\u00f3n (OCLE), proyecto del ICLEP, considera que las convocatorias podr\u00edan formar parte de una acci\u00f3n coordinada contra personas que han expresado opiniones cr\u00edticas sobre la situaci\u00f3n del pa\u00eds. La organizaci\u00f3n record\u00f3 que, durante la comparecencia del 20 de julio, las autoridades responsabilizaron a Figueredo de presuntamente liderar las protestas de Jaimanitas en reclamo del restablecimiento del servicio el\u00e9ctrico. El ICLEP tambi\u00e9n denunci\u00f3 que dos agentes de la Seguridad del Estado visitaron la vivienda de la periodista el 18 de agosto y la amenazaron por haber participado en una actividad organizada por la Embajada de Estados Unidos en La Habana. De acuerdo con la organizaci\u00f3n, los agentes habr\u00edan utilizado como mecanismo de presi\u00f3n los estudios de la hija mayor de Figueredo, quien debe comenzar la universidad en septiembre. El OCLE clasific\u00f3 el caso como un ataque, amenaza o agresi\u00f3n psicol\u00f3gica, debido a que la nueva citaci\u00f3n ocurre en medio de un proceso penal y despu\u00e9s de las presiones denunciadas contra la periodista y su familia. La organizaci\u00f3n exigi\u00f3 a las autoridades cubanas que cesen el hostigamiento contra Figueredo y garanticen que la comparecencia policial no derive en nuevas represalias. Hasta el momento, las autoridades cubanas no se han pronunciado p\u00fablicamente sobre las denuncias.","title":"Periodista independiente denuncia amenazas y una nueva citaci\u00f3n policial en La Habana","topic":null,"translation_language":"","url":"https://www.martinoticias.com/a/periodista-independiente-denuncia-amenazas-y-una-nueva-citaci%c3%b3n-policial-en-la-habana/476725.html","video_url":null,"youtube_conversion_active":false,"youtube_conversion_error":"","youtube_conversion_status":""},{"article_body_paragraphs":[],"audio_source_url":null,"author":"Rolando N\u00e1poles","available_dubs":[],"downloadable_assets":["https://gdb.martinoticias.com/bde0e9e1-f3fe-4c9b-7c92-08def2b1c8fe_w1600_r1_n_s.jpg"],"duration_display":"0:00","duration_seconds":null,"embed_url":null,"id":11121,"image_caption":"Turistas en La Habana Vieja. Foto: REUTERS/Norlys P\u00e9rez","image_url":"https://gdb.martinoticias.com/bde0e9e1-f3fe-4c9b-7c92-08def2b1c8fe_w1600_r1_n_s.jpg","is_clip":false,"is_youtube_embed":false,"item_type":"article","item_type_label":"Article","language_label":"Espa\u00f1ol","media_credit":"Rolando N\u00e1poles","micro_label":"Photo","micro_label_kind":"gallery","network_label":"OCB","network_logo_url":"/static/uploads/direct_network_logos/ocb_0888427dcb1d.svg","published_at":"2026-09-01T00:30:51","published_at_display":"1 Sep 2026, 00:30 GMT","sequence_badge_label":null,"sequence_count":null,"sequence_count_label":null,"sequence_frames":[],"sequence_kind":null,"source_name":"radiotelevisionmarti_com_rss","source_name_label":"Radiotelevisionmarti","source_type":"rss","summary":"La nueva cartera de inversiones extranjeras en Cuba, presentada por La Habana en noviembre de 2025, mostr\u00f3 el verdadero inter\u00e9s de la \u00e9lite militar gobernante en la isla: mientras m\u00e1s el 62 % de los fondos que buscaba eran para el sector tur\u00edstico, solo un 7 % estaban destinados a producir alimentos para los cubanos. As\u00ed lo revel\u00f3 \u201cPrioridades de papel\u201d, una investigaci\u00f3n de CubaChequea, la unidad de verificaci\u00f3n de \u00c1rbol Invertido y miembro de LatamChequea, sobre la cartera oficial cubana de inversi\u00f3n extranjera. \u201cEl resultado de nuestra investigaci\u00f3n arroja una contradicci\u00f3n enorme. Mientras el gobierno cubano proclama como prioridades la producci\u00f3n de alimentos, la recuperaci\u00f3n del sistema el\u00e9ctrico, las energ\u00edas renovables, la infraestructura y el desarrollo del pa\u00eds, o sea, todas esas necesidades b\u00e1sicas de la poblaci\u00f3n, su propia cartera dirige el grueso de la b\u00fasqueda hacia otro lugar muy diferente\u201d, explic\u00f3 Francis S\u00e1nchez, director ejecutivo de \u00c1rbol Invertido y autor del informe junto al periodista principal de la investigaci\u00f3n, Julio Gerardo Hun Longchong. El reporte de CubaChequea detalla que la nueva cartera de inversiones del r\u00e9gimen cubano, que prioriza sobre todo el turismo, sumaba para ese sector en su conjunto unos 10.669 millones de d\u00f3lares: casi nueve d\u00f3lares por cada d\u00f3lar que buscaba captar para producir alimentos, ir\u00f3nicamente en un pa\u00eds cuya poblaci\u00f3n sufre la m\u00e1s grave escasez de comida y productos b\u00e1sicos. \u201cHay proyectos tur\u00edsticos que buscan alrededor de mil millones de d\u00f3lares. Mientras que el 89,2 por ciento de los proyectos para producir alimentos no superan los 10 millones de d\u00f3lares\u201d, afirm\u00f3 S\u00e1nchez en un video publicado por \u00c1rbol Invertido, junto a los detalles de la investigaci\u00f3n. Gr\u00e1fica de resultado de investigaci\u00f3n sobre cartera de inversiones extranjeras en Cuba de CubaChequea La publicaci\u00f3n de esta investigaci\u00f3n se hizo posible despu\u00e9s que el equipo de CubaChequea recuper\u00f3, reconstruy\u00f3 y analiz\u00f3 308 proyectos oficiales que a\u00fan la plataforma oficial del r\u00e9gimen Invierta en Cuba manten\u00eda en internet. La Habana hab\u00eda presentado su nueva cartera de inversiones extranjeras el 25 de noviembre de 2025 con 426 proyectos, entre ellos 124 proyectos energ\u00e9ticos. Pero como detall\u00f3 en su video el director ejecutivo de CubaChequea, s\u00f3lo 15 d\u00edas despu\u00e9s, 118 de los proyectos de esa cartera, todos del sector energ\u00e9tico, hab\u00edan desaparecido del sitio oficial en internet. De esos 118, s\u00f3lo quedaron en la plataforma, seis proyectos, todos sobre la exploraci\u00f3n petrolera. Ninguno sobre el uso de energ\u00eda renovable. \u201cMeses despu\u00e9s ocurri\u00f3 algo todav\u00eda m\u00e1s grave: desapareci\u00f3 de internet toda la plataforma llamada Invierta en Cuba donde el gobierno publicaba su cartera de negocios para captar inversi\u00f3n extranjera\u201d, asegur\u00f3 S\u00e1nchez en su publicaci\u00f3n donde dijo adem\u00e1s que hasta hoy el gobierno cubano no hab\u00eda dado ninguna explicaci\u00f3n p\u00fablica sobre estas desapariciones. \u201cPero antes de que desapareciera, desde CubaChequea logramos presentar y reservar los 308 proyectos que todav\u00eda permanec\u00edan publicados\u201d, destac\u00f3 S\u00e1nchez. Gr\u00e1fica de resultado de investigaci\u00f3n sobre cartera de inversiones extranjeras en Cuba de CubaChequea Esta investigaci\u00f3n mostr\u00f3 tambi\u00e9n como en el cao de tema Infraestructura, el 91,4 % del capital incluido en esa rama, era igualmente para el turismo en Cuba. S\u00f3lo un proyecto hotelero en la pen\u00ednsula de Anc\u00f3n, Sancti Sp\u00edritus, ped\u00eda 1.094 millones de d\u00f3lares, el 82,9 % de del capital solicitado en ese t\u00f3pico. \u201cEstamos comparando lo que el gobierno cubano dice prioriza con los mismos negocios que el gobierno cubano ofrece a los inversionistas extranjeros. Y resulta que cuando seguimos ese rastro de dinero y negocios, descubrimos que los intereses reales del gobierno cubano no coinciden ni con sus propias declaraciones ni con las necesidades mayores de la poblaci\u00f3n cubana\u201d, asever\u00f3 el directivo de CubaChequea. De acuerdo con S\u00e1nchez, los intereses del r\u00e9gimen, con su nueva cartera de inversiones extranjeras muestran que \u201cno priorizan ni la alimentaci\u00f3n ni el desarrollo territorial ni la energ\u00eda y mucho menos la energ\u00eda renovable.\u201d El subsecretario de Estado para Asuntos del Hemisferio Occidental de EEUU, Juan Pablo Segura, record\u00f3 la semana pasada en una publicaci\u00f3n en la red social X que el emporio militar cubano GAESA, que tiene bajo su control, entre otros sectores en la isla, el turismo, ha operado por a\u00f1os fuera del del alcance de los mecanismos de fiscalizaci\u00f3n del Estado, lo que, se\u00f1al\u00f3, facilit\u00f3 el desv\u00edo de miles de millones de d\u00f3lares de recursos p\u00fablicos. Adem\u00e1s del turismo, GAESA controla amplios sectores de la econom\u00eda cubana, como el comercio minorista, los bienes ra\u00edces, los puertos y otros servicios estrat\u00e9gicos. En una publicaci\u00f3n anterior Segura, hab\u00eda advertido a las empresas extranjeras si hac\u00edan negocios con ese conglomerado militar cubano que ha estado en el foco de varias de las m\u00e1s recientes sanciones de Estados Unidos al r\u00e9gimen de La Habana. \u201cGAESA no es solo una empresa. Se trata de una amplia red corrupta que controla hoteles, tiendas, sector inmobiliario, transporte, finanzas y otros \u00e1mbitos del r\u00e9gimen\u201d, explic\u00f3.","title":"Investigaci\u00f3n revela c\u00f3mo el r\u00e9gimen prioriz\u00f3 la inversi\u00f3n extranjera en el turismo antes de producir alimentos","topic":null,"translation_language":"","url":"https://www.martinoticias.com/a/investigaci%c3%b3n-revela-c%c3%b3mo-el-r%c3%a9gimen-prioriz%c3%b3-la-inversi%c3%b3n-extranjera-en-el-turismo-antes-de-producir-alimentos/476676.html","video_url":null,"youtube_conversion_active":false,"youtube_conversion_error":"","youtube_conversion_status":""},{"article_body_paragraphs":[],"audio_source_url":null,"author":"Jos\u00e9 Pernalete","available_dubs":[],"downloadable_assets":["https://ocb-video-ns.akamaized.net/pangeavideo/2026/08/e/e5/e50b7384-5f37-47d9-7c91-08def2b1c8fe_1080p.mp4?cb=ee227dcec","https://gdb.martinoticias.com/80226a29-3f62-48c4-7c90-08def2b1c8fe_w1600_r1_n_s.png"],"duration_display":"0:00","duration_seconds":null,"embed_url":null,"id":11928,"image_caption":"Alcalde de Medell\u00edn, Federico Guti\u00e9rrez, durante rueda de prensa en Miami este lunes. (OCB)","image_url":"https://gdb.martinoticias.com/80226a29-3f62-48c4-7c90-08def2b1c8fe_w1600_r1_n_s.png","is_clip":true,"is_youtube_embed":false,"item_type":"video","item_type_label":"Video","language_label":"Espa\u00f1ol","media_credit":"Jos\u00e9 Pernalete","micro_label":"Video report","micro_label_kind":"video","network_label":"OCB","network_logo_url":"/static/uploads/direct_network_logos/ocb_0888427dcb1d.svg","published_at":"2026-09-01T00:17:05","published_at_display":"1 Sep 2026, 00:17 GMT","sequence_badge_label":null,"sequence_count":null,"sequence_count_label":null,"sequence_frames":[],"sequence_kind":null,"source_name":"radiotelevisionmarti_com_rss","source_name_label":"Radiotelevisionmarti","source_type":"rss","summary":"El alcalde de Medell\u00edn, Federico Guti\u00e9rrez, destac\u00f3 en Miami la importancia de la cooperaci\u00f3n con Estados Unidos para enfrentar a organizaciones criminales vinculadas al narcotr\u00e1fico y al terrorismo.","title":"Alcalde de Medell\u00edn: apoyo de EEUU es clave contra redes criminales hemisf\u00e9ricas","topic":null,"translation_language":"","url":"https://www.martinoticias.com/a/alcalde-de-medell%c3%adn-cuba-se-ha-prestado-para-el-terrorismo-y-el-narcotr%c3%a1fico/476674.html","video_url":"https://ocb-video-ns.akamaized.net/pangeavideo/2026/08/e/e5/e50b7384-5f37-47d9-7c91-08def2b1c8fe_1080p.mp4?cb=ee227dcec","youtube_conversion_active":false,"youtube_conversion_error":"","youtube_conversion_status":""},{"article_body_paragraphs":[],"audio_source_url":null,"author":"Jos\u00e9 Pernalete","available_dubs":[],"downloadable_assets":["https://gdb.martinoticias.com/80226a29-3f62-48c4-7c90-08def2b1c8fe_w1600_r1_n_s.png"],"duration_display":"0:00","duration_seconds":null,"embed_url":null,"id":11122,"image_caption":"Alcalde de Medell\u00edn, Federico Guti\u00e9rrez, durante rueda de prensa en Miami este lunes. (OCB)","image_url":"https://gdb.martinoticias.com/80226a29-3f62-48c4-7c90-08def2b1c8fe_w1600_r1_n_s.png","is_clip":false,"is_youtube_embed":false,"item_type":"article","item_type_label":"Article","language_label":"Espa\u00f1ol","media_credit":"Jos\u00e9 Pernalete","micro_label":"Photo","micro_label_kind":"gallery","network_label":"OCB","network_logo_url":"/static/uploads/direct_network_logos/ocb_0888427dcb1d.svg","published_at":"2026-09-01T00:17:05","published_at_display":"1 Sep 2026, 00:17 GMT","sequence_badge_label":null,"sequence_count":null,"sequence_count_label":null,"sequence_frames":[],"sequence_kind":null,"source_name":"radiotelevisionmarti_com_rss","source_name_label":"Radiotelevisionmarti","source_type":"rss","summary":"El alcalde de Medell\u00edn, Federico Guti\u00e9rrez, cuestion\u00f3 en Miami el papel de Cuba y asegur\u00f3 que el r\u00e9gimen de La Habana \u201cse ha prestado para el terrorismo, para los peores delitos y para el narcotr\u00e1fico\u201d. Durante su visita al sur de Florida, Guti\u00e9rrez insisti\u00f3 en que el Ej\u00e9rcito de Liberaci\u00f3n Nacional (ELN) y las disidencias de las Fuerzas Armadas Revolucionarias de Colombia (FARC) no son guerrillas, sino estructuras criminales, y dijo que la colaboraci\u00f3n con Estados Unidos es fundamental para enfrentarlas. El alcalde destac\u00f3 la importancia de fortalecer la cooperaci\u00f3n con Estados Unidos para combatir organizaciones vinculadas al narcotr\u00e1fico, el terrorismo y otras actividades criminales que operan en Colombia y otros pa\u00edses de la regi\u00f3n. \u201cEn Colombia no hay guerrilla. En Colombia hay estructuras criminales dedicadas al terrorismo, al narcotr\u00e1fico, al oro ilegal, a acabar con el medio ambiente, a secuestrar, a la extorsi\u00f3n. No son guerrillas... Simplemente hay que combatirlos\u201d, declar\u00f3. Asimismo, sostuvo que la colaboraci\u00f3n de Estados Unidos resulta fundamental para enfrentar organizaciones que, seg\u00fan denunci\u00f3, mantienen operaciones que trascienden las fronteras colombianas. \u201cLa colaboraci\u00f3n con el gobierno de Estados Unidos para Colombia es fundamental y se tiene que notar cada vez m\u00e1s\u201d, afirm\u00f3. Alcalde de Medell\u00edn: apoyo de EEUU es clave contra redes criminales hemisf\u00e9ricas Guti\u00e9rrez pide una Cuba libre Durante sus declaraciones en Miami, Guti\u00e9rrez cuestion\u00f3 el papel del r\u00e9gimen de La Habana frente a organizaciones armadas y actividades il\u00edcitas en la regi\u00f3n. \u201cPues ojal\u00e1 Cuba sea liberada. Yo creo que todas esas dictaduras se tienen que caer de una vez por todas. Se han prestado para el terrorismo, se han prestado para los peores delitos, se han prestado para el narcotr\u00e1fico, para proteger a todos estos criminales\u201d, expres\u00f3. Cuba ha sido durante a\u00f1os un punto central en las relaciones con Colombia por la presencia en la isla de integrantes del ELN, organizaci\u00f3n que particip\u00f3 en procesos de negociaci\u00f3n con distintos gobiernos colombianos. Guti\u00e9rrez insisti\u00f3 en que, desde su perspectiva, la actuaci\u00f3n actual de estos grupos responde fundamentalmente a intereses criminales y econ\u00f3micos y no a motivaciones ideol\u00f3gicas. Venezuela y el impacto regional de la captura de Maduro El alcalde de Medell\u00edn tambi\u00e9n vincul\u00f3 la situaci\u00f3n de seguridad de Colombia con Venezuela y sostuvo que la captura de Nicol\u00e1s Maduro por parte de Estados Unidos tuvo repercusiones m\u00e1s all\u00e1 de las fronteras venezolanas. Guti\u00e9rrez plante\u00f3 que, de no haberse producido la detenci\u00f3n de Maduro, este habr\u00eda podido intentar influir en las elecciones colombianas. El alcalde present\u00f3 esa posibilidad como un escenario hipot\u00e9tico y destac\u00f3 el estrecho margen con el que se defini\u00f3 la contienda presidencial. \u201cCuando uno mira el impacto de la captura de Nicol\u00e1s Maduro, no solo es un impacto en Venezuela, es un impacto en la regi\u00f3n\u201d, se\u00f1al\u00f3. Guti\u00e9rrez asegur\u00f3 que un cambio en Venezuela es tambi\u00e9n determinante para la seguridad colombiana debido a la hist\u00f3rica presencia denunciada por autoridades de Colombia de integrantes de grupos armados al otro lado de la frontera. \u201cPara nosotros poder acabar con las FARC, el ELN y esas organizaciones criminales necesitamos que cambie todo en Venezuela, porque de lo contrario es lo de siempre: cometen los actos terroristas en Colombia y se escudan al otro lado de la frontera, donde han estado escondi\u00e9ndose durante a\u00f1os y los protegieron tanto. Son unos criminales y tienen que responder\u201d, afirm\u00f3. El alcalde expres\u00f3 adem\u00e1s su solidaridad con los venezolanos y asegur\u00f3 que la crisis que atraves\u00f3 ese pa\u00eds debe servir como advertencia para Colombia sobre la importancia de preservar sus instituciones democr\u00e1ticas. Reuni\u00f3n con autoridades federales en Miami La visita de Federico Guti\u00e9rrez a Miami incluy\u00f3 encuentros con autoridades federales estadounidenses, entre ellas funcionarios del FBI, a quienes acudi\u00f3 para proporcionar informaci\u00f3n relacionada con presuntos hechos il\u00edcitos que, seg\u00fan sus denuncias, podr\u00edan tener conexiones en Estados Unidos. Guti\u00e9rrez ha se\u00f1alado que busca que las autoridades estadounidenses investiguen posibles movimientos de recursos y redes que habr\u00edan operado fuera de Colombia, adem\u00e1s de fortalecer la cooperaci\u00f3n internacional frente al narcotr\u00e1fico, el terrorismo y el crimen organizado. El alcalde enmarc\u00f3 esos encuentros en una estrategia para conseguir mayor colaboraci\u00f3n de Estados Unidos frente a organizaciones criminales con capacidad de operar a trav\u00e9s de diferentes pa\u00edses del hemisferio.","title":"Alcalde de Medell\u00edn: Cuba se ha prestado para el terrorismo y el narcotr\u00e1fico","topic":null,"translation_language":"","url":"https://www.martinoticias.com/a/alcalde-de-medell%c3%adn-cuba-se-ha-prestado-para-el-terrorismo-y-el-narcotr%c3%a1fico/476674.html","video_url":null,"youtube_conversion_active":false,"youtube_conversion_error":"","youtube_conversion_status":""},{"article_body_paragraphs":[],"audio_source_url":null,"author":"Redacci\u00f3n Mart\u00ed Noticias","available_dubs":[],"downloadable_assets":["https://gdb.martinoticias.com/f3773d0c-cc43-41aa-fa69-08debb0491f6_w1600_r1_n_s.png"],"duration_display":"0:00","duration_seconds":null,"embed_url":null,"id":11116,"image_caption":"L\u00edder ind\u00edgena Brooklyn Rivera","image_url":"https://gdb.martinoticias.com/f3773d0c-cc43-41aa-fa69-08debb0491f6_w1600_r1_n_s.png","is_clip":false,"is_youtube_embed":false,"item_type":"article","item_type_label":"Article","language_label":"Espa\u00f1ol","media_credit":"Redacci\u00f3n Mart\u00ed Noticias","micro_label":"Photo","micro_label_kind":"gallery","network_label":"OCB","network_logo_url":"/static/uploads/direct_network_logos/ocb_0888427dcb1d.svg","published_at":"2026-08-31T23:33:05","published_at_display":"31 Aug 2026, 23:33 GMT","sequence_badge_label":null,"sequence_count":null,"sequence_count_label":null,"sequence_frames":[],"sequence_kind":null,"source_name":"radiotelevisionmarti_com_rss","source_name_label":"Radiotelevisionmarti","source_type":"rss","summary":"Estados Unidos denunci\u00f3 que familiares y miembros de la comunidad del fallecido l\u00edder ind\u00edgena nicarag\u00fcense Brooklyn Rivera permanecen desaparecidos tres meses despu\u00e9s de haber sido detenidos cuando reclamaban la entrega de sus restos. Juan Pablo Segura, secretario adjunto de Estado para Asuntos del Hemisferio Occidental, denunci\u00f3 que las autoridades nicarag\u00fcenses hicieron desaparecer a Rivera mientras permanec\u00eda encarcelado y que posteriormente actuaron contra personas de su entorno que intentaron recuperar sus restos. \u201cLas autoridades de Murillo y Ortega desaparecieron a Brooklyn Rivera en las c\u00e1rceles de la dictadura, donde muri\u00f3 tr\u00e1gicamente. Posteriormente, la dictadura hizo desaparecer a los familiares y miembros de la comunidad de Rivera cuando estos solicitaron sus restos\u201d, escribi\u00f3 Segura. El funcionario identific\u00f3 entre los detenidos a Alda, Kurney, Jorbis, Jorge, Florencia y Glenis, y asegur\u00f3 que, tres meses despu\u00e9s, contin\u00faa sin conocerse su paradero. \u201cEsto es tiran\u00eda en su forma m\u00e1s cruel y cobarde\u201d, afirm\u00f3. \u201cLiberen incondicionalmente a la familia de Brooklyn y a todos los presos pol\u00edticos\u201d, indic\u00f3. Segura ya hab\u00eda denunciado el caso en julio, cuando se\u00f1al\u00f3 que ocho personas permanec\u00edan detenidas por reclamar la devoluci\u00f3n de los restos de Rivera a su familia y su comunidad. Rivera fue fundador de la organizaci\u00f3n ind\u00edgena YATAMA y una de las figuras pol\u00edticas m\u00e1s conocidas de la Costa Caribe de Nicaragua. Hab\u00eda sido detenido en septiembre de 2023 y durante un prolongado per\u00edodo permaneci\u00f3 incomunicado, mientras familiares, organizaciones internacionales y gobiernos extranjeros reclamaban informaci\u00f3n y pruebas de vida. Tras conocerse su muerte, el subsecretario de Estado estadounidense Christopher Landau responsabiliz\u00f3 directamente al gobierno nicarag\u00fcense. \u201cLa dictadura de Ortega y Murillo en Nicaragua es responsable de la muerte de Brooklyn Rivera, l\u00edder del partido pol\u00edtico YATAMA, alineado con los pueblos ind\u00edgenas\u201d, afirm\u00f3 Landau en ese momento. Amnist\u00eda Internacional pidi\u00f3 una investigaci\u00f3n independiente sobre las circunstancias de su muerte. Ana Piquer, directora para las Am\u00e9ricas de la organizaci\u00f3n, sostuvo que \u201cBrooklyn Rivera no deber\u00eda haber muerto bajo custodia del Estado nicarag\u00fcense\u201d y record\u00f3 que el dirigente permanec\u00eda \u201cdetenido arbitrariamente\u201d antes de su fallecimiento.","title":"EEUU denuncia desaparici\u00f3n de familiares de Brooklyn Rivera en Nicaragua","topic":null,"translation_language":"","url":"https://www.martinoticias.com/a/eeuu-denuncia-desaparici%c3%b3n-de-familiares-de-brooklyn-rivera-en-nicaragua/476679.html","video_url":null,"youtube_conversion_active":false,"youtube_conversion_error":"","youtube_conversion_status":""},{"article_body_paragraphs":[],"audio_source_url":null,"author":"Redacci\u00f3n Mart\u00ed Noticias","available_dubs":[],"downloadable_assets":["https://gdb.martinoticias.com/49d8c240-8fb1-4461-bc76-08def2b1d8dc_cx0_cy5_cw0_w1600_r1_n_s.png"],"duration_display":"0:00","duration_seconds":null,"embed_url":null,"id":11117,"image_caption":"El jefe de misi\u00f3n Mike Hammer se reuni\u00f3 con el secretario de Estado, Marco Rubio","image_url":"https://gdb.martinoticias.com/49d8c240-8fb1-4461-bc76-08def2b1d8dc_cx0_cy5_cw0_w1600_r1_n_s.png","is_clip":false,"is_youtube_embed":false,"item_type":"article","item_type_label":"Article","language_label":"Espa\u00f1ol","media_credit":"Redacci\u00f3n Mart\u00ed Noticias","micro_label":"Photo","micro_label_kind":"gallery","network_label":"OCB","network_logo_url":"/static/uploads/direct_network_logos/ocb_0888427dcb1d.svg","published_at":"2026-08-31T23:01:41","published_at_display":"31 Aug 2026, 23:01 GMT","sequence_badge_label":null,"sequence_count":null,"sequence_count_label":null,"sequence_frames":[],"sequence_kind":null,"source_name":"radiotelevisionmarti_com_rss","source_name_label":"Radiotelevisionmarti","source_type":"rss","summary":"El jefe de la misi\u00f3n diplom\u00e1tica de Estados Unidos en Cuba, Mike Hammer, se reuni\u00f3 con el secretario de Estado, Marco Rubio, para abordar la situaci\u00f3n en la isla y los esfuerzos de Washington por canalizar los 100 millones de d\u00f3lares en asistencia humanitaria, inform\u00f3 este lunes la Embajada estadounidense en La Habana. \u201cEl jefe de misi\u00f3n Mike Hammer se reuni\u00f3 con el secretario de Estado, Marco Rubio, y ofreci\u00f3 una actualizaci\u00f3n sobre la situaci\u00f3n actual en Cuba, as\u00ed como sobre nuestros esfuerzos para canalizar 100 millones de d\u00f3lares en ayuda humanitaria a trav\u00e9s de C\u00e1ritas y nuestro continuo apoyo a las aspiraciones del pueblo cubano de vivir con libertad y dignidad\u201d, se\u00f1al\u00f3 la sede diplom\u00e1tica en una publicaci\u00f3n. Estados Unidos avanza en la distribuci\u00f3n de la asistencia anunciada en mayo por Rubio y destinada a sectores vulnerables de la poblaci\u00f3n cubana. Como parte de ese programa, Washington envi\u00f3 en julio un nuevo cargamento que incluy\u00f3 700 kits de higiene y 700 paquetes de alimentos. Las autoridades estadounidenses han se\u00f1alado que la ayuda se distribuye mediante organizaciones independientes y religiosas, entre ellas Catholic Relief Services y C\u00e1ritas Cuba, con la intenci\u00f3n de hacerla llegar directamente a los beneficiarios y evitar que sea administrada por el gobierno cubano. El jefe de la misi\u00f3n diplom\u00e1tica de Estados Unidos en Cuba, Mike Hammer, se reuni\u00f3 con el secretario de Estado, Marco Rubio. La Embajada estadounidense ha difundido en las \u00faltimas semanas varios videos de Hammer durante recorridos por la isla para constatar el proceso de entrega de la asistencia y conversar con sus beneficiarios.","title":"Hammer habla con Rubio sobre la situaci\u00f3n en Cuba","topic":null,"translation_language":"","url":"https://www.martinoticias.com/a/hammer-se-re%c3%bane-con-rubio-sobre-situaci%c3%b3n-en-cuba-y-distribuci%c3%b3n-de-ayuda-humanitaria-de-eeuu/476677.html","video_url":null,"youtube_conversion_active":false,"youtube_conversion_error":"","youtube_conversion_status":""},{"article_body_paragraphs":[],"audio_source_url":"https://ocb-audio-ns.akamaized.net/cu/2026/08/31/20260831-153000-cu004-program_hq.mp3","author":"Janisset Rivero","available_dubs":[],"downloadable_assets":["https://ocb-audio-ns.akamaized.net/cu/2026/08/31/20260831-153000-cu004-program_hq.mp3","https://gdb.martinoticias.com/173e2a06-9b5a-4d10-bc73-08def2b1d8dc_w1600_r1_n_s.jpg"],"duration_display":"30:00","duration_seconds":1800.0,"embed_url":null,"id":11932,"image_caption":"Pen\u00e9lope N\u00fa\u00f1ez, estudiante cubana que iniciar\u00e1 el doceno grado ma\u00f1ana, sue\u00f1a con sus talentos cient\u00edficos en un pa\u00eds con libertad y oportunidades","image_url":"https://gdb.martinoticias.com/173e2a06-9b5a-4d10-bc73-08def2b1d8dc_w1600_r1_n_s.jpg","is_clip":false,"is_youtube_embed":false,"item_type":"audio","item_type_label":"Audio","language_label":"Espa\u00f1ol","media_credit":"Janisset Rivero","micro_label":"Audio program","micro_label_kind":"audio","network_label":"OCB","network_logo_url":"/static/uploads/direct_network_logos/ocb_0888427dcb1d.svg","published_at":"2026-08-31T21:20:00","published_at_display":"31 Aug 2026, 21:20 GMT","sequence_badge_label":null,"sequence_count":null,"sequence_count_label":null,"sequence_frames":[],"sequence_kind":null,"source_name":"radiotelevisionmarti_com_rss","source_name_label":"Radiotelevisionmarti","source_type":"rss","summary":"La realidad de Cuba a trav\u00e9s del testimonio de residentes dentro de la isla, quienes actualizar\u00e1n el panorama interno de la mano de su conductora, la activista y escritora cubana Janisset Rivero.","title":"Barrio adentro","topic":null,"translation_language":"","url":"https://www.martinoticias.com/a/joven-estudiante-cubana-hace-falta-un-cambio-para-que-se-abran-nuevas-oportunidades/476667.html","video_url":null,"youtube_conversion_active":false,"youtube_conversion_error":"","youtube_conversion_status":""},{"article_body_paragraphs":[],"audio_source_url":null,"author":"Janisset Rivero","available_dubs":[],"downloadable_assets":["https://gdb.martinoticias.com/173e2a06-9b5a-4d10-bc73-08def2b1d8dc_w1600_r1_n_s.jpg"],"duration_display":"0:00","duration_seconds":null,"embed_url":null,"id":11096,"image_caption":"Pen\u00e9lope N\u00fa\u00f1ez, estudiante cubana que iniciar\u00e1 el doceno grado ma\u00f1ana, sue\u00f1a con sus talentos cient\u00edficos en un pa\u00eds con libertad y oportunidades","image_url":"https://gdb.martinoticias.com/173e2a06-9b5a-4d10-bc73-08def2b1d8dc_w1600_r1_n_s.jpg","is_clip":false,"is_youtube_embed":false,"item_type":"article","item_type_label":"Article","language_label":"Espa\u00f1ol","media_credit":"Janisset Rivero","micro_label":"Photo","micro_label_kind":"gallery","network_label":"OCB","network_logo_url":"/static/uploads/direct_network_logos/ocb_0888427dcb1d.svg","published_at":"2026-08-31T21:20:00","published_at_display":"31 Aug 2026, 21:20 GMT","sequence_badge_label":null,"sequence_count":null,"sequence_count_label":null,"sequence_frames":[],"sequence_kind":null,"source_name":"radiotelevisionmarti_com_rss","source_name_label":"Radiotelevisionmarti","source_type":"rss","summary":"Pen\u00e9lope N\u00fa\u00f1ez tiene 18 a\u00f1os y vive en un barrio muy pobre de Boyeros, La Habana. Ama la F\u00edsica desde que es muy peque\u00f1a, y se ha dedicado a investigar las ciencias de forma autodidacta. Ha ideado el modelo aerodin\u00e1mico de una moto, estudiando el m\u00e9todo de Nikolas Tesla, aunque carece de las condiciones materiales para poner a prueba su experimento. Sue\u00f1a con estudiar F\u00edsica Cl\u00e1sica y Biotecnolog\u00eda pero sabe que se enfrenta a una realidad: los profesionales en Cuba no ganan suficiente como para poder pagar el costo de vida y, adem\u00e1s, existe un sistema que impide el desarrollo individual de los talentos. \u201cEl socialismo, el comunismo, esas cosas que plantea son ideas de pobreza. T\u00fa no puedes querer que todas las personas sean iguales y que tengan lo mismo porque es imposible. [\u2026] no hay igualdad. T\u00fa no puedes comparar a una persona con otra persona, no son iguales, son dos cerebros distintos, con ideales distintos, con morales distintas, con objetivos distintos, es decir, no somos iguales\u201d, afirm\u00f3 durante una entrevista en el programa \u201cBarrio Adentro\u201d de Radio Mart\u00ed. Este martes, al iniciar el curso escolar en Cuba, Pen\u00e9lope comenzar\u00e1 el \u00faltimo a\u00f1o del preuniversitario. La joven, quien considera que el pa\u00eds no est\u00e1 preparado para iniciar las clases, cuenta que la escuela a la que regresar\u00e1 tiene deficiencias en el servicio de agua, los ba\u00f1os y la estructura en general. \u201cAqu\u00ed hay talento y hay personas que se esfuerzan, pero no se dejan ver por la igualdad esa que quisieron imponer. Aqu\u00ed hay personas que se destacan porque se esfuerzan en lo que hacen y se preparan\u201d, asever\u00f3 la joven quien dijo adem\u00e1s que \u201cpara que haya sociedad tiene que haber diversidad\u201d. La falta de incentivos para que los j\u00f3venes estudien ha creado la visi\u00f3n de que es mejor no estudiar, lo cual genera mayores problemas para el presente y el futuro de Cuba. Para Pen\u00e9lope, crea una \u201cvaga moralidad\u201d y ayuda a la destrucci\u00f3n de la poblaci\u00f3n. De acuerdo a la joven estudiante, es necesario un cambio en la Isla para que se abran las oportunidades. \u201cLes quiero decir a todos que se preparen porque hoy Cuba es un pa\u00eds reprimido pero no saben ma\u00f1ana c\u00f3mo va a ser el pa\u00eds, ni las oportunidades que van a tener. Prep\u00e1rense siempre e intenten construir, descubran su pasi\u00f3n, que cada quien tiene una [\u2026] no se dejen llevar por la mala moral y por el declive de la sociedad, tengan una preparaci\u00f3n y la a\u00f1oranza de que alg\u00fan d\u00eda vamos a cambiar\u201d, concluy\u00f3.","title":"Joven estudiante cubana: Hace falta un cambio para que se abran nuevas oportunidades","topic":null,"translation_language":"","url":"https://www.martinoticias.com/a/joven-estudiante-cubana-hace-falta-un-cambio-para-que-se-abran-nuevas-oportunidades/476667.html","video_url":null,"youtube_conversion_active":false,"youtube_conversion_error":"","youtube_conversion_status":""},{"article_body_paragraphs":[],"audio_source_url":null,"author":"Jorge Morej\u00f3n","available_dubs":[],"downloadable_assets":["https://gdb.martinoticias.com/ed614afd-e431-42a5-b11c-1fdfc41534dc_w1600_r1_n_s.jpg"],"duration_display":"0:00","duration_seconds":null,"embed_url":null,"id":11073,"image_caption":"El cubano Luis Robert Jr. tiene una nueva oportunidad con los Orioles de Baltimore.","image_url":"https://gdb.martinoticias.com/ed614afd-e431-42a5-b11c-1fdfc41534dc_w1600_r1_n_s.jpg","is_clip":false,"is_youtube_embed":false,"item_type":"article","item_type_label":"Article","language_label":"Espa\u00f1ol","media_credit":"Jorge Morej\u00f3n","micro_label":"Photo","micro_label_kind":"gallery","network_label":"OCB","network_logo_url":"/static/uploads/direct_network_logos/ocb_0888427dcb1d.svg","published_at":"2026-08-31T20:39:50","published_at_display":"31 Aug 2026, 20:39 GMT","sequence_badge_label":null,"sequence_count":null,"sequence_count_label":null,"sequence_frames":[],"sequence_kind":null,"source_name":"radiotelevisionmarti_com_rss","source_name_label":"Radiotelevisionmarti","source_type":"rss","summary":"Los Orioles de Baltimore reclamaron al jardinero cubano Luis Robert Jr de la lista de waivers de los Mets de Nueva York. Robert fue puesto en la lista de transferibles por los Mets, equipo que ya no tiene posibilidades de llegar a la postemporada. La decisi\u00f3n de los Mets es una movida destinada a ahorrar dinero, luego de que el due\u00f1o Steve Cohen manifestara su disposici\u00f3n de ir tras el zurdo Tarik Skubal cuando abra la agencia libre, en una operaci\u00f3n que costar\u00eda alrededor de 400 millones de d\u00f3lares. Al cubano a\u00fan le corresponden aproximadamente tres millones de salario de esta temporada, que asumir\u00edan los Orioles. Adem\u00e1s, el jugador tiene una opci\u00f3n de equipo de 20 millones para la pr\u00f3xima campa\u00f1a, con una cl\u00e1usula de rescisi\u00f3n de dos millones. Si Robert se incorpora a la plantilla activa antes del martes 1 de septiembre, podr\u00e1 jugar en la postemporada, en caso de que Baltimore clasifique a los playoffs. Antes de los partidos de este lunes, los Orioles se encuentran a solo un juego de los Guardianes de Cleveland d por el tercer puesto de comod\u00edn en la Liga Americana. Robert fue firmado como agente libre por los Mets el pasado invierno, pero tuvo dificultades para encontrar su ritmo ofensivo a lo largo de la campa\u00f1a y perdi\u00f3 considerable tiempo de juego en la lista de lesionados. Sin embargo, mostr\u00f3 destellos de su considerable poder en las \u00faltimas semanas, al conectar cuatro jonrones en un lapso de seis juegos a mediados de agosto y Nueva York aprovech\u00f3 ese repunte para ponerlo en el mercado. Robert, de 29 a\u00f1os, tuvo su mejor temporada en el 2023, con los Medias Blancas de Chicago, cuando incluso fue al Juego de las Estrellas. Pero desde entonces no ha alcanzado su m\u00e1ximo potencial, debido a constantes lesiones. Con \u00e9l, los Orioles incorporan un bateador de poder a su alineaci\u00f3n para proteger a Pete Alonso y Gunnar Henderson.","title":"Los Orioles reclaman al cubano Luis Robert Jr. de la lista de waivers","topic":null,"translation_language":"","url":"https://www.martinoticias.com/a/los-orioles-reclaman-al-cubano-luis-robert-de-la-lista-de-waivers/476672.html","video_url":null,"youtube_conversion_active":false,"youtube_conversion_error":"","youtube_conversion_status":""},{"article_body_paragraphs":[],"audio_source_url":null,"author":"Redacci\u00f3n Mart\u00ed Noticias","available_dubs":[],"downloadable_assets":["https://gdb.martinoticias.com/782b30d8-b041-4a33-0417-08decd63a0c8_w1600_r1_n_s.png"],"duration_display":"0:00","duration_seconds":null,"embed_url":null,"id":11055,"image_caption":"Vecinos de Omaja protestan por falta de agua y apagones","image_url":"https://gdb.martinoticias.com/782b30d8-b041-4a33-0417-08decd63a0c8_w1600_r1_n_s.png","is_clip":false,"is_youtube_embed":false,"item_type":"article","item_type_label":"Article","language_label":"Espa\u00f1ol","media_credit":"Redacci\u00f3n Mart\u00ed Noticias","micro_label":"Photo","micro_label_kind":"gallery","network_label":"OCB","network_logo_url":"/static/uploads/direct_network_logos/ocb_0888427dcb1d.svg","published_at":"2026-08-31T19:44:05","published_at_display":"31 Aug 2026, 19:44 GMT","sequence_badge_label":null,"sequence_count":null,"sequence_count_label":null,"sequence_frames":[],"sequence_kind":null,"source_name":"radiotelevisionmarti_com_rss","source_name_label":"Radiotelevisionmarti","source_type":"rss","summary":"Vecinos del poblado de Omaja, en el municipio Majibacoa, provincia de Las Tunas, salieron a las calles para reclamar el restablecimiento del servicio de agua despu\u00e9s de meses sin suministro regular y prolongados apagones. Videos e im\u00e1genes difundidos en redes sociales muestran a residentes reunidos en las inmediaciones del parque, sonando cubos, tanques y otros recipientes utilizados habitualmente para almacenar agua. Un vecino del lugar confirm\u00f3 a Mart\u00ed Noticias que el domingo la protesta se extendi\u00f3 durante buena parte del d\u00eda y que en horas de la tarde, las autoridades enviaron pipas con agua a algunas zonas. \u201cNos estamos muriendo de sed, no tenemos agua, ya este pueblo no aguanta m\u00e1s\u201d, escribi\u00f3 en Facebook otro residente del poblado. Blas Gonz\u00e1lez, vecino de Omaja, dijo que los manifestantes se concentraron frente al parque. \u201cYa salimos hoy a reclamar un derecho y una necesidad de la vida del ser humano. Reclamamos agua\u201d, coment\u00f3 y asegur\u00f3 que en la localidad \u201cno hay agua ni para tomar ni para nada\u201d. A la escasez de agua se sumaron los apagones. Residentes dijeron que al momento de la protesta acumulaban m\u00e1s de 24 horas sin electricidad. Durante el fin de semana vecinos El Fanguito, ubicado a orillas del r\u00edo Almendares, y de la calle N, en El Vedado, salieron a protestaron tambi\u00e9n por los prolongados apagones. El mes pasado, el Observatorio Cubano de Conflictos (OCC) de la Fundaci\u00f3n para los Derechos Humanos en Cuba, registr\u00f3 1.415 protestas, denuncias y expresiones cr\u00edticas, la cifra m\u00e1s alta documentada por la organizaci\u00f3n hasta el momento. Seg\u00fan el informe, el calor extremo unido a los apagones, la falta de agua y los problemas de salud p\u00fablica y alimentaci\u00f3n, junto con el creciente malestar ciudadano, han impulsado el mayor nivel de conflictividad social registrado hasta la fecha.","title":"\"Este pueblo no aguanta m\u00e1s\": Vecinos de Omaja protestan por falta de agua y apagones","topic":null,"translation_language":"","url":"https://www.martinoticias.com/a/vecinos-de-omaja-protestan-por-falta-de-agua-y-apagones-tras-meses-sin-servicios/476664.html","video_url":null,"youtube_conversion_active":false,"youtube_conversion_error":"","youtube_conversion_status":""}],"next_num":null,"page":4,"pages":4,"per_page":20,"prev_num":3,"total":77}
