{"applied_filters":{"end_date":"","lang":"","language":"","network":"OCB","page":4,"per_page":20,"search":"","source":"","start_date":"","topic":"","type":"article"},"available_filters":{"language_choices":[{"label":"Choose Language","value":""},{"label":"English","value":"English"},{"label":"Espa\u00f1ol","value":"Espa\u00f1ol"}],"network_choices":[{"label":"All networks","value":""},{"label":"OCB","value":"OCB"}],"source_choices":[{"label":"All sources","value":""},{"label":"Radiotelevisionmarti","value":"radiotelevisionmarti_com_rss"}],"sources":["radiotelevisionmarti_com_rss"],"topics":[],"types":[["","All types"],["article","Articles"],["audio","Audio"],["video","Videos"],["clips","Clips"],["media","Media"]]},"has_next":false,"has_prev":true,"items":[{"article_body_paragraphs":[],"audio_source_url":null,"author":"Jorge Morej\u00f3n","available_dubs":[],"downloadable_assets":["https://gdb.martinoticias.com/ed614afd-e431-42a5-b11c-1fdfc41534dc_w1600_r1_n_s.jpg"],"duration_display":"0:00","duration_seconds":null,"embed_url":null,"id":11073,"image_caption":"El cubano Luis Robert Jr. tiene una nueva oportunidad con los Orioles de Baltimore.","image_url":"https://gdb.martinoticias.com/ed614afd-e431-42a5-b11c-1fdfc41534dc_w1600_r1_n_s.jpg","is_clip":false,"is_youtube_embed":false,"item_type":"article","item_type_label":"Article","language_label":"Espa\u00f1ol","media_credit":"Jorge Morej\u00f3n","micro_label":"Photo","micro_label_kind":"gallery","network_label":"OCB","network_logo_url":"/static/uploads/direct_network_logos/ocb_0888427dcb1d.svg","published_at":"2026-08-31T20:39:50","published_at_display":"31 Aug 2026, 20:39 GMT","sequence_badge_label":null,"sequence_count":null,"sequence_count_label":null,"sequence_frames":[],"sequence_kind":null,"source_name":"radiotelevisionmarti_com_rss","source_name_label":"Radiotelevisionmarti","source_type":"rss","summary":"Los Orioles de Baltimore reclamaron al jardinero cubano Luis Robert Jr de la lista de waivers de los Mets de Nueva York. Robert fue puesto en la lista de transferibles por los Mets, equipo que ya no tiene posibilidades de llegar a la postemporada. La decisi\u00f3n de los Mets es una movida destinada a ahorrar dinero, luego de que el due\u00f1o Steve Cohen manifestara su disposici\u00f3n de ir tras el zurdo Tarik Skubal cuando abra la agencia libre, en una operaci\u00f3n que costar\u00eda alrededor de 400 millones de d\u00f3lares. Al cubano a\u00fan le corresponden aproximadamente tres millones de salario de esta temporada, que asumir\u00edan los Orioles. Adem\u00e1s, el jugador tiene una opci\u00f3n de equipo de 20 millones para la pr\u00f3xima campa\u00f1a, con una cl\u00e1usula de rescisi\u00f3n de dos millones. Si Robert se incorpora a la plantilla activa antes del martes 1 de septiembre, podr\u00e1 jugar en la postemporada, en caso de que Baltimore clasifique a los playoffs. Antes de los partidos de este lunes, los Orioles se encuentran a solo un juego de los Guardianes de Cleveland d por el tercer puesto de comod\u00edn en la Liga Americana. Robert fue firmado como agente libre por los Mets el pasado invierno, pero tuvo dificultades para encontrar su ritmo ofensivo a lo largo de la campa\u00f1a y perdi\u00f3 considerable tiempo de juego en la lista de lesionados. Sin embargo, mostr\u00f3 destellos de su considerable poder en las \u00faltimas semanas, al conectar cuatro jonrones en un lapso de seis juegos a mediados de agosto y Nueva York aprovech\u00f3 ese repunte para ponerlo en el mercado. Robert, de 29 a\u00f1os, tuvo su mejor temporada en el 2023, con los Medias Blancas de Chicago, cuando incluso fue al Juego de las Estrellas. Pero desde entonces no ha alcanzado su m\u00e1ximo potencial, debido a constantes lesiones. Con \u00e9l, los Orioles incorporan un bateador de poder a su alineaci\u00f3n para proteger a Pete Alonso y Gunnar Henderson.","title":"Los Orioles reclaman al cubano Luis Robert Jr. de la lista de waivers","topic":null,"translation_language":"","url":"https://www.martinoticias.com/a/los-orioles-reclaman-al-cubano-luis-robert-de-la-lista-de-waivers/476672.html","video_url":null,"youtube_conversion_active":false,"youtube_conversion_error":"","youtube_conversion_status":""},{"article_body_paragraphs":[],"audio_source_url":null,"author":"Redacci\u00f3n Mart\u00ed Noticias","available_dubs":[],"downloadable_assets":["https://gdb.martinoticias.com/782b30d8-b041-4a33-0417-08decd63a0c8_w1600_r1_n_s.png"],"duration_display":"0:00","duration_seconds":null,"embed_url":null,"id":11055,"image_caption":"Vecinos de Omaja protestan por falta de agua y apagones","image_url":"https://gdb.martinoticias.com/782b30d8-b041-4a33-0417-08decd63a0c8_w1600_r1_n_s.png","is_clip":false,"is_youtube_embed":false,"item_type":"article","item_type_label":"Article","language_label":"Espa\u00f1ol","media_credit":"Redacci\u00f3n Mart\u00ed Noticias","micro_label":"Photo","micro_label_kind":"gallery","network_label":"OCB","network_logo_url":"/static/uploads/direct_network_logos/ocb_0888427dcb1d.svg","published_at":"2026-08-31T19:44:05","published_at_display":"31 Aug 2026, 19:44 GMT","sequence_badge_label":null,"sequence_count":null,"sequence_count_label":null,"sequence_frames":[],"sequence_kind":null,"source_name":"radiotelevisionmarti_com_rss","source_name_label":"Radiotelevisionmarti","source_type":"rss","summary":"Vecinos del poblado de Omaja, en el municipio Majibacoa, provincia de Las Tunas, salieron a las calles para reclamar el restablecimiento del servicio de agua despu\u00e9s de meses sin suministro regular y prolongados apagones. Videos e im\u00e1genes difundidos en redes sociales muestran a residentes reunidos en las inmediaciones del parque, sonando cubos, tanques y otros recipientes utilizados habitualmente para almacenar agua. Un vecino del lugar confirm\u00f3 a Mart\u00ed Noticias que el domingo la protesta se extendi\u00f3 durante buena parte del d\u00eda y que en horas de la tarde, las autoridades enviaron pipas con agua a algunas zonas. \u201cNos estamos muriendo de sed, no tenemos agua, ya este pueblo no aguanta m\u00e1s\u201d, escribi\u00f3 en Facebook otro residente del poblado. Blas Gonz\u00e1lez, vecino de Omaja, dijo que los manifestantes se concentraron frente al parque. \u201cYa salimos hoy a reclamar un derecho y una necesidad de la vida del ser humano. Reclamamos agua\u201d, coment\u00f3 y asegur\u00f3 que en la localidad \u201cno hay agua ni para tomar ni para nada\u201d. A la escasez de agua se sumaron los apagones. Residentes dijeron que al momento de la protesta acumulaban m\u00e1s de 24 horas sin electricidad. Durante el fin de semana vecinos El Fanguito, ubicado a orillas del r\u00edo Almendares, y de la calle N, en El Vedado, salieron a protestaron tambi\u00e9n por los prolongados apagones. El mes pasado, el Observatorio Cubano de Conflictos (OCC) de la Fundaci\u00f3n para los Derechos Humanos en Cuba, registr\u00f3 1.415 protestas, denuncias y expresiones cr\u00edticas, la cifra m\u00e1s alta documentada por la organizaci\u00f3n hasta el momento. Seg\u00fan el informe, el calor extremo unido a los apagones, la falta de agua y los problemas de salud p\u00fablica y alimentaci\u00f3n, junto con el creciente malestar ciudadano, han impulsado el mayor nivel de conflictividad social registrado hasta la fecha.","title":"\"Este pueblo no aguanta m\u00e1s\": Vecinos de Omaja protestan por falta de agua y apagones","topic":null,"translation_language":"","url":"https://www.martinoticias.com/a/vecinos-de-omaja-protestan-por-falta-de-agua-y-apagones-tras-meses-sin-servicios/476664.html","video_url":null,"youtube_conversion_active":false,"youtube_conversion_error":"","youtube_conversion_status":""}],"next_num":null,"page":4,"pages":4,"per_page":20,"prev_num":3,"total":62}
