{"applied_filters":{"end_date":"","lang":"","language":"","network":"OCB","page":5,"per_page":20,"search":"","source":"","start_date":"","topic":"","type":""},"available_filters":{"language_choices":[{"label":"Choose Language","value":""},{"label":"English","value":"English"},{"label":"Espa\u00f1ol","value":"Espa\u00f1ol"}],"network_choices":[{"label":"All networks","value":""},{"label":"OCB","value":"OCB"}],"source_choices":[{"label":"All sources","value":""},{"label":"Manual Ocb Espanol","value":"manual_ocb_espanol"},{"label":"OCB \u00b7 Caf\u00e9 Digital","value":"ocb_spanish_audio_html_scrape"},{"label":"OCB \u00b7 Liberaci\u00f3n","value":"ocb_spanish_audio_html_scrape_1001"},{"label":"OCB \u00b7 Programas de Radio Nuestra Am\u00e9rica","value":"ocb_spanish_audio_html_scrape_1016"},{"label":"OCB \u00b7 Agenda hemisf\u00e9rica","value":"ocb_spanish_audio_html_scrape_1028"},{"label":"OCB \u00b7 El futuro es ya","value":"ocb_spanish_audio_html_scrape_1056"},{"label":"OCB \u00b7 Foro abierto","value":"ocb_spanish_audio_html_scrape_1061"},{"label":"OCB \u00b7 Nicaragua al d\u00eda","value":"ocb_spanish_audio_html_scrape_1077"},{"label":"OCB \u00b7 La bola nostra","value":"ocb_spanish_audio_html_scrape_1078"},{"label":"OCB \u00b7 Taller de prensa","value":"ocb_spanish_audio_html_scrape_1103"},{"label":"OCB \u00b7 Las noticias como son","value":"ocb_spanish_audio_html_scrape_142"},{"label":"OCB \u00b7 Abriendo Espacios","value":"ocb_spanish_audio_html_scrape_562"},{"label":"OCB \u00b7 Mart\u00ed Noticias A.M.","value":"ocb_spanish_audio_html_scrape_668"},{"label":"OCB Spanish Audio","value":"ocb_spanish_audio_scrape"},{"label":"OCB Spanish Video","value":"ocb_spanish_video_scrape"},{"label":"Radiotelevisionmarti","value":"radiotelevisionmarti_com_direct"},{"label":"Radiotelevisionmarti","value":"radiotelevisionmarti_com_rss"},{"label":"TV Mart\u00ed Noticias YouTube","value":"tv_marti_noticias_youtube_playlists"}],"sources":["manual_ocb_espanol","ocb_spanish_audio_html_scrape","ocb_spanish_audio_html_scrape_1001","ocb_spanish_audio_html_scrape_1016","ocb_spanish_audio_html_scrape_1028","ocb_spanish_audio_html_scrape_1056","ocb_spanish_audio_html_scrape_1061","ocb_spanish_audio_html_scrape_1077","ocb_spanish_audio_html_scrape_1078","ocb_spanish_audio_html_scrape_1103","ocb_spanish_audio_html_scrape_142","ocb_spanish_audio_html_scrape_562","ocb_spanish_audio_html_scrape_668","ocb_spanish_audio_scrape","ocb_spanish_video_scrape","radiotelevisionmarti_com_direct","radiotelevisionmarti_com_rss","tv_marti_noticias_youtube_playlists"],"topics":["Abriendo Espacios","Agenda hemisf\u00e9rica","Am\u00e9rica Latina, VENEZUELA, Maiquetia","Asuntos de Estado","Audiovisuales Mart\u00ed","Audiovisuales Mart\u00ed, Cuba turismo, crisis del turismo en Cuba","Audiovisuales Mart\u00ed, VENEZUELA, apagones","Barrio Adentro","Caf\u00e9 Digital","Como Come Cuba, cuba, Como Come Cuba","Cuba Habla","Cuba Habla, Cuba","Cuba al D\u00eda","Cuba al D\u00eda, Cuba","Cuba en la Memoria","De cara al sol","Derechos Humanos, cuba, exilio, c\u00e1ncer, Ram\u00f3n Sa\u00fal S\u00e1nchez","El futuro es ya","Especiales, Exilio cubano, Freedom tower, \"Libertad\", Torre de la Libertad de Miami, Exilio cubano en Miami","Especiales, jos\u00e9 mart\u00ed, Exilio cubano","Esperando un techo, cuba, crisis, vivienda, derrumbes, techo, paredes, EsperandounTecho","Foro abierto","Hablando claro","Info Mart\u00ed","Info Mart\u00ed , Brigada 2506","Info Mart\u00ed , Cuba","Info Mart\u00ed , Estados Unidos, Colombia","Info Mart\u00ed , Estados Unidos, VENEZUELA","Info Mart\u00ed , estados unidos, Venezuela","Info Mart\u00ed , presos politicos, torturas, VENEZUELA","Kentu-Cubano, cuba, cubanos, Kentucky, migrantes, KentoCubano","La libertad es una librer\u00eda","Las Noticias Como Son, Cuba","Las noticias como son","Lawton Libre","Liberaci\u00f3n","Mart\u00ed Noticias A.M.","Mart\u00ed Noticias AM","Mart\u00ed en el Mundial 2026","Nicaragua al d\u00eda","Noticiero Mart\u00ed Noticias","Noticiero Mart\u00ed Noticias, Cuba","Programas de Radio Nuestra Am\u00e9rica","Radio Mart\u00ed","Ser Madre en cuba, cuba, hambre, r\u00e9gimen, madre, negligencia, Testimonios, Crisis Econ\u00f3mica, madre cubana, Crisis Alimentaria","Ser viejo en Cuba, cuba, cubanos, crisis, alimentos, ancianos, viejos, vejez","Taller de prensa","adri%C3%A1n del sol mi padre est%C3%A1 muy d%C3%A9bil","atienden a mas de 50 personas en santiago de cuba por presunta intoxicacion alimentaria","auge en contagios de dengue en cuba","aumenta a 379 la cifra de desaparecidos por terremoto en colombia hay 285 fallecidos","banco mundial desembolsa millonaria ayuda para afectados por terremoto en colombia","casi 300 fallecidos almenos 4 000 heridos y 140 desaparecidos a 7 dias del terremoto en colombia","cifra de muertos por el terremoto en colombia supera las 200 personas seg%C3%BAn reporte","colombia declara estado de emergencia durante 30 dias por grave calamidad","colombia ingresa formalmente al escudo de las am%C3%A9ricas liderado por washington","convocan marcha pac%C3%ADfica por la libertad de todos los presos pol%C3%ADticos en venezuela","crece reclutamiento de ni%C3%B1os y ni%C3%B1as en colombia por parte de grupos ilegales seg%C3%BAn hrw","creo que el presidente trump ir%C3%A1 a la habana antes de que termine su mandato","eeuu cierra acuerdo petrolero que le dar%C3%A1 importante control de reservas venezolanas","eeuu ecuador y colombia se reunen para acordar lucha contra mafias del narcotr%C3%A1fico","eeuu sostiene operaciones militares junto a ecuador cerca de la frontera con colombia","el papel peri%C3%B3dico de la habana autores sociedad patri%C3%B3tica de la habana y sociedad econ%C3%B3mica de amigos del pa%C3","gobierno de colombia da por terminada conversaciones con otros tres grupos armados ilegales","informe pide mayor presencia militar en cuba","jeffrey bartos en la onu","joven con vih permanece encarcelado tras protesta por apagones en guanabacoa","la bola nostra","la ola de robos a la infraestructura publica y privada agrava la crisis en cuba","la periodista independiente yoanni limonta reporta una protesta frente al gobierno provincial de cienfuegos tras apagones de mas","las farmacias privadas abren en cuba entre criticas por sus altos precios y dudas medicas sobre sus controles","m%C3%A1s hoteles menos hospitales","oea aprueba convocatoria urgente de cancilleres para condenar a la dictadura de nicaragua","padre castor %C3%A1lvarez devesa","rechazo en cuba a los festejos estatales durante el colapso de los servicios basicos","sismo de 7 4 en colombia deja m%C3%A1s de 100 muertos 87 heridos y 61 edificios colapsados","trump asegura que eeuu y venezuela est%C3%A1n haciendo una fortuna con acuerdo petrolero","venezuela todav%C3%ADa no est%C3%A1 preparada para celebrar elecciones reafirma donaldtrump","y solo estamos en verano autora grethel delgado %C3%A1lvarez"],"types":[["","All types"],["article","Articles"],["audio","Audio"],["video","Videos"],["clips","Clips"],["media","Media"]]},"has_next":true,"has_prev":true,"items":[{"article_body_paragraphs":[],"audio_source_url":"https://ocb-audio-ns.akamaized.net/cu/2026/09/02/20260902-120000-cu004-program.mp3","author":null,"available_dubs":[],"downloadable_assets":["https://ocb-audio-ns.akamaized.net/cu/2026/09/02/20260902-120000-cu004-program.mp3"],"duration_display":"0:00","duration_seconds":null,"embed_url":null,"id":13458,"image_caption":null,"image_url":"https://gdb.martinoticias.com/01000000-0a00-0242-bdd1-08dbc11b65e6_w1200_h630.jpg","is_clip":false,"is_youtube_embed":false,"item_type":"audio","item_type_label":"Audio","language_label":"Espa\u00f1ol","media_credit":null,"micro_label":"Audio program","micro_label_kind":"audio","network_label":"OCB","network_logo_url":"/static/uploads/direct_network_logos/ocb_0888427dcb1d.svg","published_at":"2026-09-02T12:00:00","published_at_display":"2 Sep 2026, 12:00 GMT","sequence_badge_label":null,"sequence_count":null,"sequence_count_label":null,"sequence_frames":[],"sequence_kind":null,"source_name":"ocb_spanish_audio_html_scrape_668","source_name_label":"OCB \u00b7 Mart\u00ed Noticias A.M.","source_type":"scrape","summary":"Revista informativa con los \u00faltimos acontecimientos ocurridos en Cuba y el mundo. Con entrevistas y temas de actualidad relacionados a la pol\u00edtica, la econom\u00eda y de inter\u00e9s general.","title":"Martinoticias AM","topic":"Mart\u00ed Noticias A.M.","translation_language":"","url":"https://www.martinoticias.com/a/475741.html","video_url":null,"youtube_conversion_active":false,"youtube_conversion_error":"","youtube_conversion_status":""},{"article_body_paragraphs":[],"audio_source_url":null,"author":"Mart\u00ed Noticias","available_dubs":[],"downloadable_assets":["https://ocb-video-ns.akamaized.net/pangeavideo/2026/08/e/e3/e3e5358f-c7bf-475b-040a-08decd63a0c8_1080p.mp4?cb=ee2229b09"],"duration_display":"1:19","duration_seconds":79.0,"embed_url":null,"id":12938,"image_caption":null,"image_url":"https://gdb.martinoticias.com/e3e5358f-c7bf-475b-040a-08decd63a0c8_tv_w1080_h608.jpg","is_clip":true,"is_youtube_embed":false,"item_type":"video","item_type_label":"Video","language_label":"Espa\u00f1ol","media_credit":"Mart\u00ed Noticias","micro_label":"Video report","micro_label_kind":"video","network_label":"OCB","network_logo_url":"/static/uploads/direct_network_logos/ocb_0888427dcb1d.svg","published_at":"2026-09-02T11:00:00","published_at_display":"2 Sep 2026, 11:00 GMT","sequence_badge_label":null,"sequence_count":null,"sequence_count_label":null,"sequence_frames":[],"sequence_kind":null,"source_name":"ocb_spanish_video_scrape","source_name_label":"OCB Spanish Video","source_type":"scrape","summary":"Desde La Habana, joven cubano habla de la crisis por falta de electricidad y comunicaci\u00f3n digital en la isla.","title":"Cuba Habla: \"El pueblo no tiene la culpa\u201d","topic":"Cuba Habla","translation_language":"","url":"https://www.martinoticias.com/a/cuba-habla-el-pueblo-no-tiene-la-culpa/476421.html","video_url":"https://ocb-video-ns.akamaized.net/pangeavideo/2026/08/e/e3/e3e5358f-c7bf-475b-040a-08decd63a0c8_1080p.mp4?cb=ee2229b09","youtube_conversion_active":false,"youtube_conversion_error":"","youtube_conversion_status":""},{"article_body_paragraphs":[],"audio_source_url":"https://ocb-audio-ns.akamaized.net/cu/2026/08/22/058be89d-f0f4-4773-cfb6-08decd5b38e4.mp3","author":null,"available_dubs":[],"downloadable_assets":["https://ocb-audio-ns.akamaized.net/cu/2026/08/22/058be89d-f0f4-4773-cfb6-08decd5b38e4.mp3"],"duration_display":"0:00","duration_seconds":null,"embed_url":null,"id":13530,"image_caption":null,"image_url":"https://gdb.martinoticias.com/b76d8c39-52a6-4ca4-d0f4-08debb53aba1_w1200_h630.jpg","is_clip":false,"is_youtube_embed":false,"item_type":"audio","item_type_label":"Audio","language_label":"Espa\u00f1ol","media_credit":null,"micro_label":"Audio program","micro_label_kind":"audio","network_label":"OCB","network_logo_url":"/static/uploads/direct_network_logos/ocb_0888427dcb1d.svg","published_at":"2026-09-02T04:00:00","published_at_display":"2 Sep 2026, 04:00 GMT","sequence_badge_label":null,"sequence_count":null,"sequence_count_label":null,"sequence_frames":[],"sequence_kind":null,"source_name":"ocb_spanish_audio_html_scrape_1103","source_name_label":"OCB \u00b7 Taller de prensa","source_type":"scrape","summary":"Este programa, conducido por el periodista Rolando Cartaya, recorre t\u00e9cnicas y principios de la comunicaci\u00f3n desde el periodismo cl\u00e1sico hasta las redes sociales. Ofrece herramientas para informar lo que ocurre en tu comunidad. \u201cNo odies a los medios: convi\u00e9rtete en ellos\u201d, invita Cartaya.","title":"Taller de Prensa con el periodista L\u00e1zaro Yuri Valle Roca","topic":"Taller de prensa","translation_language":"","url":"https://www.martinoticias.com/a/476074.html","video_url":null,"youtube_conversion_active":false,"youtube_conversion_error":"","youtube_conversion_status":""},{"article_body_paragraphs":[],"audio_source_url":null,"author":"Redacci\u00f3n Mart\u00ed Noticias","available_dubs":[],"downloadable_assets":["https://gdb.martinoticias.com/36ed012f-4369-49c6-87e4-81fcdf3a4719_cx0_cy7_cw0_w1600_r1_n_s.jpg"],"duration_display":"0:00","duration_seconds":null,"embed_url":"https://www.youtube.com/embed/86vLL1J82Z8","id":12679,"image_caption":"Secretario de Estado de Estados Unidos, Marco Rubio","image_url":"https://gdb.martinoticias.com/36ed012f-4369-49c6-87e4-81fcdf3a4719_cx0_cy7_cw0_w1600_r1_n_s.jpg","is_clip":true,"is_youtube_embed":true,"item_type":"video","item_type_label":"Video","language_label":"Espa\u00f1ol","media_credit":"Redacci\u00f3n Mart\u00ed Noticias","micro_label":"Video report","micro_label_kind":"video","network_label":"OCB","network_logo_url":"/static/uploads/direct_network_logos/ocb_0888427dcb1d.svg","published_at":"2026-09-02T01:15:19","published_at_display":"2 Sep 2026, 01:15 GMT","sequence_badge_label":null,"sequence_count":null,"sequence_count_label":null,"sequence_frames":[],"sequence_kind":null,"source_name":"radiotelevisionmarti_com_rss","source_name_label":"Radiotelevisionmarti","source_type":"rss","summary":"Marco Rubio defendi\u00f3 el acuerdo petrolero vinculado con Venezuela como parte clave de la recuperaci\u00f3n econ\u00f3mica y la transici\u00f3n pol\u00edtica.","title":"Rubio habla sobre el hist\u00f3rico acuerdo petrolero de EEUU y Venezuela","topic":null,"translation_language":"","url":"https://www.martinoticias.com/a/rubio-habla-sobre-el-hist%c3%b3rico-acuerdo-petrolero-de-eeuu-y-venezuela/476799.html","video_url":null,"youtube_conversion_active":false,"youtube_conversion_error":"","youtube_conversion_status":""},{"article_body_paragraphs":[],"audio_source_url":null,"author":"Redacci\u00f3n Mart\u00ed Noticias","available_dubs":[],"downloadable_assets":["https://gdb.martinoticias.com/36ed012f-4369-49c6-87e4-81fcdf3a4719_cx0_cy7_cw0_w1600_r1_n_s.jpg"],"duration_display":"0:00","duration_seconds":null,"embed_url":null,"id":12678,"image_caption":"Secretario de Estado de Estados Unidos, Marco Rubio","image_url":"https://gdb.martinoticias.com/36ed012f-4369-49c6-87e4-81fcdf3a4719_cx0_cy7_cw0_w1600_r1_n_s.jpg","is_clip":false,"is_youtube_embed":false,"item_type":"article","item_type_label":"Article","language_label":"Espa\u00f1ol","media_credit":"Redacci\u00f3n Mart\u00ed Noticias","micro_label":"Photo","micro_label_kind":"gallery","network_label":"OCB","network_logo_url":"/static/uploads/direct_network_logos/ocb_0888427dcb1d.svg","published_at":"2026-09-02T01:15:19","published_at_display":"2 Sep 2026, 01:15 GMT","sequence_badge_label":null,"sequence_count":null,"sequence_count_label":null,"sequence_frames":[],"sequence_kind":null,"source_name":"radiotelevisionmarti_com_rss","source_name_label":"Radiotelevisionmarti","source_type":"rss","summary":"El secretario de Estado de Estados Unidos, Marco Rubio, defendi\u00f3 el acuerdo petrolero relacionado con Venezuela como una pieza importante de la recuperaci\u00f3n econ\u00f3mica del pa\u00eds y afirm\u00f3 que el nuevo esquema busca aumentar la producci\u00f3n, atraer inversiones privadas y establecer controles sobre los recursos generados. \u201cObviamente yo particip\u00e9 y es una parte importante de la transici\u00f3n y de la recuperaci\u00f3n\u201d, dijo Rubio durante una entrevista con el periodista Sergio Novelli en la que tambi\u00e9n habl\u00f3 sobre la celebraci\u00f3n de elecciones, el posible regreso de Mar\u00eda Corina Machado y la situaci\u00f3n de los migrantes venezolanos en EEUU. El jefe de la diplomacia estadounidense explic\u00f3 que el entendimiento no es directamente con el gobierno interino venezolano, sino con una compa\u00f1\u00eda privada, North American Blue Energy Partners (NABEP), con participaci\u00f3n de Estados Unidos. \u201cNuestra esperanza es que esto crea un modelo para otras inversiones que al final del d\u00eda empiecen a normalizar la manera en la cual funciona la econom\u00eda venezolana\u201d, afirm\u00f3. Rubio sostuvo que Venezuela necesita no solo avanzar hacia un sistema democr\u00e1tico, sino tambi\u00e9n recuperar el funcionamiento de su econom\u00eda despu\u00e9s de a\u00f1os en los que los recursos del pa\u00eds fueron utilizados para beneficiar a individuos vinculados al poder y a otros pa\u00edses. El secretario record\u00f3 que, en el pasado, Cuba recibi\u00f3 petr\u00f3leo venezolano valorado en miles de millones de d\u00f3lares, mientras que China lo obten\u00eda con descuento y Rusia lo recib\u00eda como pago de deuda. Al ser preguntado por los 17 campos petroleros incluidos en el acuerdo y por qu\u00e9 NABEP fue seleccionada para desempe\u00f1ar un papel central, Rubio afirm\u00f3 que la empresa cuenta con experiencia y capacidad de producci\u00f3n en Venezuela. \u201cLa mayor\u00eda de estos campos eran en manos de los chinos y los rusos y muchos de ellos ni eran utilizados\u201d, dijo. Seg\u00fan Rubio, el nuevo esquema permitir\u00e1 que NABEP incremente la producci\u00f3n y pueda atraer inversi\u00f3n privada para ampliar la capacidad productiva de esos campos. El secretario dijo que los ingresos que genere la actividad petrolera deber\u00e1n contribuir eventualmente a financiar las funciones de un gobierno democr\u00e1ticamente elegido. Rubio fue interrogado adem\u00e1s sobre los v\u00ednculos de NABEP con el empresario Alejandro Betancourt. El secretario asegur\u00f3 que las autoridades estadounidenses realizaron verificaciones sobre el empresario antes de avanzar con el acuerdo. Asimismo, agreg\u00f3 que Betancourt hab\u00eda apoyado a sectores de la oposici\u00f3n venezolana en el pasadp. El funcionario afirm\u00f3 que existen leyes y regulaciones destinadas a controlar el funcionamiento de la operaci\u00f3n y evitar que los recursos sean utilizados de manera inapropiada. Elecciones \u201clo m\u00e1s pronto posible\u201d Rubio insisti\u00f3 en que el futuro de Venezuela pasa por un gobierno democr\u00e1ticamente elegido, aunque no estableci\u00f3 una fecha l\u00edmite para la celebraci\u00f3n de elecciones. \u201cPara m\u00ed ser\u00eda lo m\u00e1s pronto posible. Obviamente las condiciones tienen que existir y hay que crear esas condiciones\u201d, afirm\u00f3. El secretario sostuvo que convocar inmediatamente a elecciones utilizando las estructuras actuales no garantizar\u00eda por s\u00ed solo un proceso adecuado. Entre las condiciones que mencion\u00f3 est\u00e1n que los partidos opositores dispongan de espacio, tiempo y recursos para organizarse pol\u00edticamente, as\u00ed como la existencia de una prensa libre, un Consejo Nacional Electoral que genere confianza, garant\u00edas sobre la maquinaria de votaci\u00f3n y supervisi\u00f3n internacional. \u201cTenemos que tener una prensa libre, abierta para que todos los candidatos se puedan expresar\u201d, dijo. Rubio afirm\u00f3 que Washington no busca convertir el actual gobierno interino en un sistema permanente y se\u00f1al\u00f3 que Estados Unidos trabaja con las autoridades existentes durante la transici\u00f3n para evitar inestabilidad, violencia o nuevos flujos migratorios. Tambi\u00e9n anunci\u00f3 que el pr\u00f3ximo mes volver\u00e1n a reunirse representantes de la Asamblea Nacional de 2015. \u201cNosotros vamos a hacer todo lo posible para seguir facilitando esa negociaci\u00f3n\u201d, dijo. Mar\u00eda Corina Machado y su regreso a Venezuela Sobre la posibilidad de que Mar\u00eda Corina Machado regrese a Venezuela, Rubio asegur\u00f3 que la dirigente opositora no necesita autorizaci\u00f3n de Estados Unidos para hacerlo. \u201cMar\u00eda Corina Machado es una ciudadana venezolana que tiene todo el derecho a entrar a su pa\u00eds cuando ella quiere regresar\u201d, afirm\u00f3. Rubio dijo que Washington ha expresado preocupaci\u00f3n por su seguridad y se\u00f1al\u00f3 que esa preocupaci\u00f3n continuar\u00e1, pero insisti\u00f3 en que la decisi\u00f3n sobre un eventual regreso corresponde a Machado. \u201cElla tiene todo el derecho a regresar\u201d, agreg\u00f3. El secretario extendi\u00f3 esa posici\u00f3n a otros dirigentes pol\u00edticos venezolanos que han salido del pa\u00eds y sostuvo que deben poder regresar, si as\u00ed lo desean, y participar en la pol\u00edtica sin ponerse en peligro. Rubio destac\u00f3 tambi\u00e9n el papel de los millones de venezolanos que viven fuera del pa\u00eds y mencion\u00f3 la posibilidad de que puedan participar en el futuro pol\u00edtico de Venezuela, incluido el voto desde el extranjero.","title":"Rubio habla sobre el hist\u00f3rico acuerdo petrolero de EEUU y Venezuela","topic":null,"translation_language":"","url":"https://www.martinoticias.com/a/rubio-habla-sobre-el-hist%c3%b3rico-acuerdo-petrolero-de-eeuu-y-venezuela/476799.html","video_url":null,"youtube_conversion_active":false,"youtube_conversion_error":"","youtube_conversion_status":""},{"article_body_paragraphs":[],"audio_source_url":null,"author":"Yolanda Huerga","available_dubs":[],"downloadable_assets":["https://gdb.martinoticias.com/a75116c4-68b0-4885-cf9c-08decd5b38e4_w1600_r1_n_s.png"],"duration_display":"0:00","duration_seconds":null,"embed_url":null,"id":12669,"image_caption":"Yunia Figueredo y Frank Correa junto a im\u00e1genes de las protestas de Jaimanitas por los prolongados apagones.","image_url":"https://gdb.martinoticias.com/a75116c4-68b0-4885-cf9c-08decd5b38e4_w1600_r1_n_s.png","is_clip":false,"is_youtube_embed":false,"item_type":"article","item_type_label":"Article","language_label":"Espa\u00f1ol","media_credit":"Yolanda Huerga","micro_label":"Photo","micro_label_kind":"gallery","network_label":"OCB","network_logo_url":"/static/uploads/direct_network_logos/ocb_0888427dcb1d.svg","published_at":"2026-09-02T00:40:59","published_at_display":"2 Sep 2026, 00:40 GMT","sequence_badge_label":null,"sequence_count":null,"sequence_count_label":null,"sequence_frames":[],"sequence_kind":null,"source_name":"radiotelevisionmarti_com_rss","source_name_label":"Radiotelevisionmarti","source_type":"rss","summary":"La Seguridad del Estado de Cuba ha escalado el acoso contra la activista Yunia Figueredo tras la ola de manifestaciones populares en Jaimanitas, una localidad costera del municipio Playa, en La Habana. Las protestas se desencadenaron por el malestar social ante prolongados apagones, la falta de agua corriente y el desabastecimiento de alimentos. Este martes a las 2:00 p.m., Figueredo y su esposo, el periodista independiente Frank Correa, acudieron a una citaci\u00f3n en la estaci\u00f3n policial de Siboney. Seg\u00fan declar\u00f3 la propia activista a Mart\u00ed Noticias, ambos fueron sometidos a interrogatorios separados en los que las autoridades recurrieron a la intimidaci\u00f3n y a acusaciones infundadas. \u201cNos pasaron para oficinas por separado a cada uno, acus\u00e1ndonos de que les hab\u00edan informado que nosotros hab\u00edamos participado en las \u00faltimas protestas de aqu\u00ed que fueron el 29 y 30 de agosto, lo que no hicimos\u201d, afirm\u00f3 Figueredo. \u201cNosotros no salimos de la casa en esa fecha, pero hay gente que nos quiere perjudicar y ellos alegan de que s\u00ed estuvimos ah\u00ed\u201d. Durante el interrogatorio, los oficiales redactaron cartas de advertencia contra la pareja. Ante la negativa de ambos a firmarlas, las autoridades las archivaron en sus expedientes. Adem\u00e1s, la polic\u00eda pol\u00edtica impuso medidas restrictivas severas contra la activista. \u201cMe pusieron restricci\u00f3n de movimiento con prisi\u00f3n domiciliaria y prohibici\u00f3n de salir del municipio. Ya me tienen cercada. Aseguraron que en la pr\u00f3xima citaci\u00f3n no regresar\u00eda m\u00e1s a la casa\u201d, denunci\u00f3 Figueredo. Las medidas punitivas contra la activista se enmarcan en una campa\u00f1a represiva continua. Previamente, el 19 de agosto, agentes amenazaron a Figueredo por haber asistido junto a su familia a una actividad en la Embajada de Estados Unidos advirti\u00e9ndole que su activismo pondr\u00eda en riesgo los estudios universitarios de su hija. Ese mismo d\u00eda, su esposo fue arrestado en la v\u00eda p\u00fablica y retenido en paradero desconocido durante varias horas. La citaci\u00f3n de Figueredo coincide con la de varios vecinos que presenciaron o participaron en las movilizaciones de la comunidad ocurridas en agosto. Estas acciones policiales buscan disuadir la creciente ola de descontento popular provocada por el colapso de los servicios b\u00e1sicos en La Habana.","title":"Seguridad del Estado intensifica la represi\u00f3n contra la activista Yunia Figueredo y su esposo","topic":null,"translation_language":"","url":"https://www.martinoticias.com/a/seguridad-del-estado-intensifica-la-represi%c3%b3n-contra-la-activista-yunia-figueredo-y-su-esposo/476759.html","video_url":null,"youtube_conversion_active":false,"youtube_conversion_error":"","youtube_conversion_status":""},{"article_body_paragraphs":[],"audio_source_url":null,"author":"Redacci\u00f3n Mart\u00ed Noticias","available_dubs":[],"downloadable_assets":["https://gdb.martinoticias.com/b9fbab15-858b-4bfa-9f35-0f1a756ed409_w1600_r1_n_s.jpg"],"duration_display":"0:00","duration_seconds":null,"embed_url":null,"id":12671,"image_caption":"Exterior del Capitolio de Estados Unidos","image_url":"https://gdb.martinoticias.com/b9fbab15-858b-4bfa-9f35-0f1a756ed409_w1600_r1_n_s.jpg","is_clip":false,"is_youtube_embed":false,"item_type":"article","item_type_label":"Article","language_label":"Espa\u00f1ol","media_credit":"Redacci\u00f3n Mart\u00ed Noticias","micro_label":"Photo","micro_label_kind":"gallery","network_label":"OCB","network_logo_url":"/static/uploads/direct_network_logos/ocb_0888427dcb1d.svg","published_at":"2026-09-02T00:35:04","published_at_display":"2 Sep 2026, 00:35 GMT","sequence_badge_label":null,"sequence_count":null,"sequence_count_label":null,"sequence_frames":[],"sequence_kind":null,"source_name":"radiotelevisionmarti_com_rss","source_name_label":"Radiotelevisionmarti","source_type":"rss","summary":"La C\u00e1mara de Representantes de Estados Unidos aprob\u00f3 este martes una resoluci\u00f3n que condena y denuncia el socialismo \u201cen todas sus formas\u201d. La H.Res. 1490 fue aprobada por 220 votos a favor y 192 en contra. La resoluci\u00f3n fue presentada el 27 de agosto por el representante republicano Jeff Crank, de Colorado. \u201cNo solo denunciamos el socialismo, sino tambi\u00e9n la idea de que personas que no son ciudadanos estadounidenses voten en nuestras elecciones, porque eso forma parte de su programa pol\u00edtico\u201d, dijo el martes el l\u00edder de la mayor\u00eda republicana de la C\u00e1mara, Steve Scalise. El texto \u201ccondena y denuncia el socialismo en todas sus formas\u201d y expresa la oposici\u00f3n de la C\u00e1mara a la implementaci\u00f3n de pol\u00edticas socialistas en Estados Unidos. Tambi\u00e9n reafirma el respaldo a elecciones \u201clibres, justas y seguras\u201d, reitera que las elecciones estadounidenses son exclusivamente para ciudadanos del pa\u00eds, renueva el compromiso de la C\u00e1mara con la Constituci\u00f3n y pide la aprobaci\u00f3n de la SAVE America Act, una iniciativa republicana sobre seguridad e integridad electoral. Los republicanos presentaron la medida como una respuesta al crecimiento de candidatos identificados con el socialismo democr\u00e1tico en Estados Unidos y vincularon el debate con sus esfuerzos para reforzar los requisitos electorales. La resoluci\u00f3n sostiene que la ideolog\u00eda socialista ha llevado hist\u00f3ricamente a una concentraci\u00f3n del poder y derivado en reg\u00edmenes comunistas, gobiernos totalitarios y dictaduras. Tambi\u00e9n atribuye al socialismo hambrunas, asesinatos masivos y millones de muertes en el mundo. La inclusi\u00f3n de la SAVE America Act gener\u00f3 objeciones entre los dem\u00f3cratas. Legisladores de ese partido intentaron impulsar una alternativa que condenara el socialismo sin incluir el respaldo a esa iniciativa electoral, pero la propuesta no prosper\u00f3. El congresista republicano Carlos Gim\u00e9nez celebr\u00f3 en X los resultados de la votaci\u00f3n. \"\u00a1192 congresistas dem\u00f3cratas votaron en contra de denunciar el socialismo! Como \u00fanico congresista nacido en Cuba, me enorgulleci\u00f3 copatrocinar esta resoluci\u00f3n para condenar esta ideolog\u00eda atroz\", coment\u00f3. La cubanoamericana, Mar\u00eda Elvira Salazar, asegur\u00f3 por su parte que siempre votar\u00e1 para condenar el socialismo, \"en todas sus formas y bajo cualquier denominaci\u00f3n\". \"Condenar el socialismo tambi\u00e9n significa confrontar sus consecuencias en nuestro propio hemisferio. Continuar\u00e9 liderando esa lucha con toda la verdad, incluyendo Cuba y Venezuela\", precis\u00f3.","title":"C\u00e1mara de Representantes aprueba resoluci\u00f3n que condena el socialismo \"en todas sus formas\"","topic":null,"translation_language":"","url":"https://www.martinoticias.com/a/c%c3%a1mara-de-representantes-aprueba-resoluci%c3%b3n-que-condena-el-socialismo-en-todas-sus-formas/476760.html","video_url":null,"youtube_conversion_active":false,"youtube_conversion_error":"","youtube_conversion_status":""},{"article_body_paragraphs":[],"audio_source_url":null,"author":"Mario J. Pent\u00f3n","available_dubs":[],"downloadable_assets":["https://ocb-video-ns.akamaized.net/pangeavideo/2026/09/f/fa/fa27e4d0-c992-4300-7c99-08def2b1c8fe_1080p.mp4?cb=ee229670d"],"duration_display":"29:47","duration_seconds":1787.0,"embed_url":null,"id":12749,"image_caption":null,"image_url":"https://gdb.martinoticias.com/fa27e4d0-c992-4300-7c99-08def2b1c8fe_tv_w1080_h608.jpg","is_clip":false,"is_youtube_embed":false,"item_type":"video","item_type_label":"Video","language_label":"Espa\u00f1ol","media_credit":"Mario J. Pent\u00f3n","micro_label":"Video report","micro_label_kind":"video","network_label":"OCB","network_logo_url":"/static/uploads/direct_network_logos/ocb_0888427dcb1d.svg","published_at":"2026-09-02T00:33:01","published_at_display":"2 Sep 2026, 00:33 GMT","sequence_badge_label":null,"sequence_count":null,"sequence_count_label":null,"sequence_frames":[],"sequence_kind":null,"source_name":"ocb_spanish_video_scrape","source_name_label":"OCB Spanish Video","source_type":"scrape","summary":"Cuba se apaga y las protestas caen: \u00bfmiedo, cansancio o resignaci\u00f3n?","title":"Cuba al d\u00eda","topic":"Cuba al D\u00eda, Cuba","translation_language":"","url":"https://www.martinoticias.com/a/cuba-al-d%C3%ADa/476797.html","video_url":"https://ocb-video-ns.akamaized.net/pangeavideo/2026/09/f/fa/fa27e4d0-c992-4300-7c99-08def2b1c8fe_1080p.mp4?cb=ee229670d","youtube_conversion_active":false,"youtube_conversion_error":"","youtube_conversion_status":""},{"article_body_paragraphs":[],"audio_source_url":"https://ocb-audio-ns.akamaized.net/cu/2026/09/02/20260902-000000-cu004-program.mp3","author":null,"available_dubs":[],"downloadable_assets":["https://ocb-audio-ns.akamaized.net/cu/2026/09/02/20260902-000000-cu004-program.mp3"],"duration_display":"0:00","duration_seconds":null,"embed_url":null,"id":13314,"image_caption":null,"image_url":"https://gdb.martinoticias.com/a960ff74-708e-4671-c10e-08de3cb98067_w1200_h630.png","is_clip":false,"is_youtube_embed":false,"item_type":"audio","item_type_label":"Audio","language_label":"Espa\u00f1ol","media_credit":null,"micro_label":"Audio program","micro_label_kind":"audio","network_label":"OCB","network_logo_url":"/static/uploads/direct_network_logos/ocb_0888427dcb1d.svg","published_at":"2026-09-02T00:00:00","published_at_display":"2 Sep 2026, 00:00 GMT","sequence_badge_label":null,"sequence_count":null,"sequence_count_label":null,"sequence_frames":[],"sequence_kind":null,"source_name":"ocb_spanish_audio_scrape","source_name_label":"OCB Spanish Audio","source_type":"scrape","summary":"Un resumen de las noticias m\u00e1s importantes de Cuba y el mundo.","title":"Noticiero de Radio Mart\u00ed 8:00 PM","topic":"Radio Mart\u00ed","translation_language":"","url":"https://www.martinoticias.com/a/475704.html","video_url":null,"youtube_conversion_active":false,"youtube_conversion_error":"","youtube_conversion_status":""},{"article_body_paragraphs":[],"audio_source_url":null,"author":"Yolanda Huerga","available_dubs":[],"downloadable_assets":["https://gdb.martinoticias.com/542a6e2e-a1a5-4113-a141-997a2793ac8e_cx0_cy6_cw0_w1600_r1_n_s.jpg"],"duration_display":"0:00","duration_seconds":null,"embed_url":null,"id":12623,"image_caption":"Un autom\u00f3vil cl\u00e1sico circula por una calle en La Habana, Cuba, el 15 de julio de 2026. REUTERS/Norlys Perez","image_url":"https://gdb.martinoticias.com/542a6e2e-a1a5-4113-a141-997a2793ac8e_cx0_cy6_cw0_w1600_r1_n_s.jpg","is_clip":false,"is_youtube_embed":false,"item_type":"article","item_type_label":"Article","language_label":"Espa\u00f1ol","media_credit":"Yolanda Huerga","micro_label":"Photo","micro_label_kind":"gallery","network_label":"OCB","network_logo_url":"/static/uploads/direct_network_logos/ocb_0888427dcb1d.svg","published_at":"2026-09-01T22:16:24","published_at_display":"1 Sep 2026, 22:16 GMT","sequence_badge_label":null,"sequence_count":null,"sequence_count_label":null,"sequence_frames":[],"sequence_kind":null,"source_name":"radiotelevisionmarti_com_rss","source_name_label":"Radiotelevisionmarti","source_type":"rss","summary":"Una creciente ola de asaltos a veh\u00edculos detenidos en los sem\u00e1foros mantiene en alerta a los conductores en La Habana. Bandas de j\u00f3venes aprovechan las luces rojas y la falta de vigilancia policial para saquear autom\u00f3viles particulares y transportes de mercanc\u00eda a plena luz del d\u00eda. La organizaci\u00f3n de bandas compuestas por adolescentes y j\u00f3venes para asaltar veh\u00edculos detenidos en las intersecciones con sem\u00e1foros es un fen\u00f3meno en avance en la capital cubana. El modus operandi se repite con precisi\u00f3n: los asaltantes aguardan a que la luz roja obligue al conductor a detenerse por completo para intentar abrir simult\u00e1neamente la puerta del ch\u00f3fer y las traseras, buscando neutralizar cualquier reacci\u00f3n y arrebatar bolsos o mochilas. En el caso de camiones, camionetas o buses, los delincuentes fuerzan los maleteros con herramientas o se trepan directamente a las zonas de carga para lanzar el equipaje al asfalto antes de emprender la huida. \u201cPor ah\u00ed mismo yo estaba por esa zona y hab\u00eda grupos de muchachos que en los sem\u00e1foros, cuando los carros paraban, se le sub\u00edan arriba a bajar la mercanc\u00eda. Eso s\u00ed lo vi, en V\u00eda Blanca y Calzada de Diez de Octubre\u201d, relat\u00f3 a Mart\u00ed Noticias Orlando Doimeadi\u00f3s, lamentando que en el lugar \u201cno apareci\u00f3 un polic\u00eda, una patrulla, nada\u201d. En las redes sociales, el malestar y la alarma son generalizados. El perfil N\u00edo reportando un crimen narr\u00f3 el caso de una familia que vivi\u00f3 momentos de terror al ser asaltada en el sem\u00e1foro de la V\u00eda Blanca a la entrada de la ciudad, perdiendo casi la totalidad de los recursos que sus hijas trasladaban para iniciar sus estudios universitarios. Los usuarios denuncian que la delincuencia en la v\u00eda p\u00fablica ha alcanzado niveles sin precedentes, se\u00f1alando la inacci\u00f3n policial y comparando la situaci\u00f3n actual con el deterioro hist\u00f3rico de la seguridad en otros pa\u00edses de la regi\u00f3n. El descontento ciudadano apunta a que las autoridades concentran sus recursos en la fiscalizaci\u00f3n o en la represi\u00f3n pol\u00edtica, dejando desprotegida a la poblaci\u00f3n y forzando a los propios conductores a considerar la autodefensa ante la falta de amparo institucional. La peligrosa modalidad afecta tanto a autom\u00f3viles particulares como al transporte de mercanc\u00edas, concentr\u00e1ndose los incidentes m\u00e1s recientes en la V\u00eda Blanca, en puntos cr\u00edticos como la Calzada de Diez de Octubre, en la zona de Puentes Grandes en direcci\u00f3n a la Ciudad Deportiva y otras rutas clave de acceso a la capital. Esta escalada de violencia en la v\u00eda p\u00fablica coincide con las alertas emitidas por embajadas destacadas en La Habana sobre el paulatino deterioro de la seguridad ciudadana y el incremento de robos a veh\u00edculos impulsados por la precaria situaci\u00f3n econ\u00f3mica. Asimismo, los recurrentes apagones que dejan a la ciudad a oscuras generan un entorno propicio para el delito durante la noche, aunque los ataques tambi\u00e9n ocurren a plena luz del d\u00eda. Para observadores de la realidad cubana, la problem\u00e1tica responde a una profunda descomposici\u00f3n social y estructural. El periodista independiente Rudy Cabrera vincula el fen\u00f3meno a factores de marginalidad, p\u00e9rdida de autoridad familiar y falta de perspectivas en los j\u00f3venes: \u201cTambi\u00e9n es de formaci\u00f3n. Tiene que ver mucho el territorio. Aqu\u00ed mismo [en el Cerro] yo tengo cerca un plante de abaku\u00e1s y la mayor\u00eda de los muchachos de esa zona su aspiraci\u00f3n no es hacerse ingeniero, hacerse m\u00e9dico. Es hacerse abaku\u00e1\u201d. Seg\u00fan Cabrera, \u201ctiene que ver la edad, la marginalidad\u201d, e incluso la b\u00fasqueda de entretenimiento, de aventura, la rebeld\u00eda ante un entorno que les es hostil. \u201cAlgunos que apedrean carros, \u00bfqu\u00e9 beneficios obtienen? Muchos hacen da\u00f1o por el disfrute del da\u00f1o. Se ha perdido, sobre todo por parte de los padres, la exigencia, la responsabilidad de los muchachos, Cuando ya el sistema pierde el prestigio, la autoridad, suceden estas cosas\u201d, se\u00f1al\u00f3 Cabrera. Por su parte, el tambi\u00e9n periodista independiente Jorge Enrique Rodr\u00edguez advirti\u00f3 sobre la extrema vulnerabilidad del ciudadano com\u00fan: \u201cEstamos hablando de una ciudad totalmente a oscuras, sin transporte p\u00fablico, donde la gente tiene que salir obligadamente a la calle todos los d\u00edas porque la econom\u00eda no permite acumular comida por los apagones. No hay patrullaje policial; en fin, estamos hablando de un contexto donde todo est\u00e1 conllevando a que los cubanos sean cada d\u00eda m\u00e1s vulnerables\u201d.","title":"Aumento de asaltos en sem\u00e1foros de La Habana revela la creciente ola de inseguridad ciudadana","topic":null,"translation_language":"","url":"https://www.martinoticias.com/a/aumento-de-asaltos-en-sem%c3%a1foros-de-la-habana-revela-la-creciente-ola-de-inseguridad-ciudadana/476753.html","video_url":null,"youtube_conversion_active":false,"youtube_conversion_error":"","youtube_conversion_status":""},{"article_body_paragraphs":[],"audio_source_url":null,"author":"Jos\u00e9 Pernalete","available_dubs":[{"dubbed_video_url":"/static/video/direct_dubs/direct_dub_59_7fe44e432a54.mp4","id":59,"label":"English","target_language":"en","target_language_label":"English","voice":"alloy"}],"downloadable_assets":["https://ocb-video-ns.akamaized.net/pangeavideo/2026/09/0/07/07bfa549-6b27-4d2b-6915-08def2ff2efe_1080p.mp4?cb=ee22934b1","https://gdb.martinoticias.com/b9886e60-771c-4c96-5aab-08decd6ea425_w1600_r1_n_s.jpg"],"duration_display":"0:00","duration_seconds":null,"embed_url":null,"id":12626,"image_caption":"Una bomba de extracci\u00f3n de petr\u00f3leo en el lago de Maracaibo, en Cabimas, Venezuela.(REUTERS)","image_url":"https://gdb.martinoticias.com/b9886e60-771c-4c96-5aab-08decd6ea425_w1600_r1_n_s.jpg","is_clip":true,"is_youtube_embed":false,"item_type":"video","item_type_label":"Video","language_label":"Espa\u00f1ol","media_credit":"Jos\u00e9 Pernalete","micro_label":"Video report","micro_label_kind":"video","network_label":"OCB","network_logo_url":"/static/uploads/direct_network_logos/ocb_0888427dcb1d.svg","published_at":"2026-09-01T21:54:06","published_at_display":"1 Sep 2026, 21:54 GMT","sequence_badge_label":null,"sequence_count":null,"sequence_count_label":null,"sequence_frames":[],"sequence_kind":null,"source_name":"radiotelevisionmarti_com_rss","source_name_label":"Radiotelevisionmarti","source_type":"rss","summary":"El economista y experto petrolero Jos\u00e9 Toro Hardy advierte que el acuerdo energ\u00e9tico entre Estados Unidos y Venezuela enfrenta importantes interrogantes sobre la capacidad de las empresas involucradas para ejecutar inversiones de hasta 100 mil millones de d\u00f3lares.","title":"Acuerdo petrolero con EEUU abre camino a inversiones en Venezuela, pero persisten desaf\u00edos","topic":null,"translation_language":"","url":"https://www.martinoticias.com/a/acuerdo-petrolero-entre-eeuu-y-venezuela-podr%c3%ada-atraer-inversiones-por-100-000-millones-de-d%c3%b3lares/476756.html","video_url":"https://ocb-video-ns.akamaized.net/pangeavideo/2026/09/0/07/07bfa549-6b27-4d2b-6915-08def2ff2efe_1080p.mp4?cb=ee22934b1","youtube_conversion_active":false,"youtube_conversion_error":"","youtube_conversion_status":""},{"article_body_paragraphs":[],"audio_source_url":null,"author":"Jos\u00e9 Pernalete","available_dubs":[],"downloadable_assets":["https://gdb.martinoticias.com/b9886e60-771c-4c96-5aab-08decd6ea425_w1600_r1_n_s.jpg"],"duration_display":"0:00","duration_seconds":null,"embed_url":null,"id":12625,"image_caption":"Una bomba de extracci\u00f3n de petr\u00f3leo en el lago de Maracaibo, en Cabimas, Venezuela.(REUTERS)","image_url":"https://gdb.martinoticias.com/b9886e60-771c-4c96-5aab-08decd6ea425_w1600_r1_n_s.jpg","is_clip":false,"is_youtube_embed":false,"item_type":"article","item_type_label":"Article","language_label":"Espa\u00f1ol","media_credit":"Jos\u00e9 Pernalete","micro_label":"Photo","micro_label_kind":"gallery","network_label":"OCB","network_logo_url":"/static/uploads/direct_network_logos/ocb_0888427dcb1d.svg","published_at":"2026-09-01T21:54:06","published_at_display":"1 Sep 2026, 21:54 GMT","sequence_badge_label":null,"sequence_count":null,"sequence_count_label":null,"sequence_frames":[],"sequence_kind":null,"source_name":"radiotelevisionmarti_com_rss","source_name_label":"Radiotelevisionmarti","source_type":"rss","summary":"El acuerdo petrolero entre Estados Unidos y Venezuela abre la posibilidad de movilizar inversiones de hasta 100.000 millones de d\u00f3lares para recuperar parte de la deteriorada infraestructura energ\u00e9tica venezolana, aunque expertos advierten que su ejecuci\u00f3n depender\u00e1 de la capacidad de atraer capital privado y ofrecer garant\u00edas jur\u00eddicas e institucionales a los inversionistas. La Casa Blanca inform\u00f3 que el proyecto contempla el desarrollo de 17 campos petroleros, que en conjunto albergan cerca de 65.000 millones de barriles de reservas probadas, como parte de una estrategia dirigida a incrementar la producci\u00f3n venezolana y fortalecer el suministro energ\u00e9tico hacia Estados Unidos. Acuerdo petrolero con EEUU abre camino a inversiones en Venezuela, pero persisten desaf\u00edos El economista y experto petrolero venezolano Jos\u00e9 Toro Hardy considera que uno de los principales elementos que deber\u00e1n tomar en cuenta los inversionistas es la situaci\u00f3n institucional venezolana. \u201cTenemos que tomar en consideraci\u00f3n la legitimidad que pueda tener tanto esa Asamblea como la presidenta que est\u00e1 a cargo. Recordemos que ella (Delcy Rodr\u00edguez) nunca fue electa, ella simplemente fue designada por un presidente, el presidente Maduro, cuya legitimidad nunca fue reconocida por Estados Unidos\u201d, afirm\u00f3. Toro Hardy sostiene que Venezuela no dispone actualmente de los recursos necesarios para financiar por s\u00ed sola la recuperaci\u00f3n de una industria que requiere inversiones multimillonarias, por lo que considera indispensable la participaci\u00f3n del sector privado. El especialista se\u00f1al\u00f3 adem\u00e1s que la celebraci\u00f3n de elecciones y el establecimiento de instituciones con legitimidad permitir\u00edan reducir la incertidumbre para los inversionistas. Asimismo, destac\u00f3 que la recuperaci\u00f3n no tendr\u00eda el mismo costo ni tomar\u00eda el mismo tiempo en todas las regiones petroleras del pa\u00eds. En el estado Zulia y particularmente en el Lago de Maracaibo existen pozos previamente explotados cuya producci\u00f3n podr\u00eda incrementarse con inversiones relativamente menores destinadas a rehabilitaci\u00f3n y mantenimiento. El escenario es diferente en la Faja Petrol\u00edfera del Orinoco, advirti\u00f3, donde existen \u00e1reas greenfield que requieren nuevas perforaciones, infraestructura y desembolsos considerablemente mayores antes de comenzar a producir. Tambi\u00e9n existen campos en Monagas que necesitar\u00edan fuertes inversiones. Este martes el presidente Donald Trump sostuvo en la Casa Blanca una reuni\u00f3n con ejecutivos de importantes refiner\u00edas y compa\u00f1\u00edas del sector energ\u00e9tico estadounidense, en momentos en que su administraci\u00f3n busca fortalecer la capacidad de refinaci\u00f3n y el suministro de crudo. El Departamento de Estado asegur\u00f3 que la operaci\u00f3n relacionada con Venezuela permitir\u00e1 impulsar el crecimiento energ\u00e9tico y generar beneficios tanto para estadounidenses como para venezolanos. Washington tambi\u00e9n ha destacado que una compa\u00f1\u00eda petrolera estadounidense asumir\u00e1 campos anteriormente operados por empresas chinas y rusas. El congresista republicano Carlos Gim\u00e9nez sostuvo que el acuerdo debe estar acompa\u00f1ado por el plan de tres fases planteado por el secretario de Estado, Marco Rubio, destinado a avanzar hacia un proceso de transici\u00f3n y democratizaci\u00f3n en Venezuela.","title":"Acuerdo petrolero entre EEUU y Venezuela podr\u00eda atraer inversiones por 100.000 millones de d\u00f3lares","topic":null,"translation_language":"","url":"https://www.martinoticias.com/a/acuerdo-petrolero-entre-eeuu-y-venezuela-podr%c3%ada-atraer-inversiones-por-100-000-millones-de-d%c3%b3lares/476756.html","video_url":null,"youtube_conversion_active":false,"youtube_conversion_error":"","youtube_conversion_status":""},{"article_body_paragraphs":[],"audio_source_url":null,"author":"Redacci\u00f3n Mart\u00ed Noticias","available_dubs":[],"downloadable_assets":["https://gdb.martinoticias.com/4ba2522d-1ec9-4a09-8d68-3acdc98fd6ed_cx0_cy3_cw0_w1600_r1_n_s.jpg"],"duration_display":"0:00","duration_seconds":null,"embed_url":null,"id":12590,"image_caption":"Presidente de Estados Unidos, Donald Trump","image_url":"https://gdb.martinoticias.com/4ba2522d-1ec9-4a09-8d68-3acdc98fd6ed_cx0_cy3_cw0_w1600_r1_n_s.jpg","is_clip":false,"is_youtube_embed":false,"item_type":"article","item_type_label":"Article","language_label":"Espa\u00f1ol","media_credit":"Redacci\u00f3n Mart\u00ed Noticias","micro_label":"Photo","micro_label_kind":"gallery","network_label":"OCB","network_logo_url":"/static/uploads/direct_network_logos/ocb_0888427dcb1d.svg","published_at":"2026-09-01T21:11:31","published_at_display":"1 Sep 2026, 21:11 GMT","sequence_badge_label":null,"sequence_count":null,"sequence_count_label":null,"sequence_frames":[],"sequence_kind":null,"source_name":"radiotelevisionmarti_com_rss","source_name_label":"Radiotelevisionmarti","source_type":"rss","summary":"El presidente Donald Trump anunci\u00f3 este martes que Estados Unidos est\u00e1 llevando a cabo ataques \"de gran envergadura y gran potencia\" contra objetivos iran\u00edes cerca del estrecho de Ormuz. Los ataques se realizaron en respuesta a los intentos de la Rep\u00fablica Isl\u00e1mica de colocar minas navales en el estrecho de Ormuz y de disparar ocho misiles contra una base militar estadounidense en Jordania, afirm\u00f3 Trump. En su publicaci\u00f3n en Truth Social, el presidente advirti\u00f3 que, si el gobierno iran\u00ed toma represalias, Estados Unidos llevar\u00e1 a cabo ataques mucho m\u00e1s severos. \"Si la naci\u00f3n fracasada de Ir\u00e1n responde a este ataque plenamente justificado, recibir\u00e1 un nuevo golpe con mucha mayor dureza e intensidad; pero ese no ser\u00e1 el mayor de los ataques: hay otro aguardando su momento y, cuando concluya, \u00a1quedar\u00e1 muy poco de la Rep\u00fablica Isl\u00e1mica de Ir\u00e1n!\", escribi\u00f3. Este lunes, Trump afirm\u00f3 que \"Ir\u00e1n est\u00e1 muerta\" y que es una \"naci\u00f3n oficialmente fracasada\" que atraviesa una profunda crisis pol\u00edtica, econ\u00f3mica y militar. Las tropas estadounidenses atacaron el domingo dos plataformas de lanzamiento en Larak, en el estrecho de Ormuz, en los primeros ataques estadounidenses conocidos contra Ir\u00e1n desde finales de julio. En respuesta, la naci\u00f3n isl\u00e1mica atac\u00f3 dos bases a\u00e9reas estadounidenses en Jordania, seg\u00fan informaron el lunes los medios iran\u00edes, citando a la Guardia Revolucionaria iran\u00ed.","title":"Trump anuncia ataques de gran escala contra objetivos iran\u00edes cerca del estrecho de Ormuz","topic":null,"translation_language":"","url":"https://www.martinoticias.com/a/trump-anuncia-ataques-de-gran-escala-contra-objetivos-iran%c3%ades-cerca-del-estrecho-de-ormuz/476754.html","video_url":null,"youtube_conversion_active":false,"youtube_conversion_error":"","youtube_conversion_status":""},{"article_body_paragraphs":[],"audio_source_url":null,"author":"Jos\u00e9 Pernalete","available_dubs":[],"downloadable_assets":["https://ocb-video-ns.akamaized.net/pangeavideo/2026/09/0/07/07bfa549-6b27-4d2b-6915-08def2ff2efe_1080p.mp4?cb=ee22934b1"],"duration_display":"2:21","duration_seconds":141.0,"embed_url":null,"id":12691,"image_caption":null,"image_url":"https://gdb.martinoticias.com/07bfa549-6b27-4d2b-6915-08def2ff2efe_tv_w1080_h608.jpg","is_clip":true,"is_youtube_embed":false,"item_type":"video","item_type_label":"Video","language_label":"Espa\u00f1ol","media_credit":"Jos\u00e9 Pernalete","micro_label":"Video report","micro_label_kind":"video","network_label":"OCB","network_logo_url":"/static/uploads/direct_network_logos/ocb_0888427dcb1d.svg","published_at":"2026-09-01T21:03:45","published_at_display":"1 Sep 2026, 21:03 GMT","sequence_badge_label":null,"sequence_count":null,"sequence_count_label":null,"sequence_frames":[],"sequence_kind":null,"source_name":"ocb_spanish_video_scrape","source_name_label":"OCB Spanish Video","source_type":"scrape","summary":"El economista y experto petrolero Jos\u00e9 Toro Hardy advierte que el acuerdo energ\u00e9tico entre Estados Unidos y Venezuela enfrenta importantes interrogantes sobre la capacidad de las empresas involucradas para ejecutar inversiones de hasta 100 mil millones de d\u00f3lares.","title":"Acuerdo petrolero con EEUU abre camino a inversiones en Venezuela, pero persisten desaf\u00edos","topic":"Info Mart\u00ed , Estados Unidos, VENEZUELA","translation_language":"","url":"https://www.martinoticias.com/a/acuerdo-petrolero-con-eeuu-abre-camino-a-inversiones-en-venezuela-pero-persisten-desaf%C3%ADos/476755.html","video_url":"https://ocb-video-ns.akamaized.net/pangeavideo/2026/09/0/07/07bfa549-6b27-4d2b-6915-08def2ff2efe_1080p.mp4?cb=ee22934b1","youtube_conversion_active":false,"youtube_conversion_error":"","youtube_conversion_status":""},{"article_body_paragraphs":[],"audio_source_url":"https://ocb-audio-ns.akamaized.net/cu/2026/09/01/20260901-210030-cu004-program.mp3","author":null,"available_dubs":[],"downloadable_assets":["https://ocb-audio-ns.akamaized.net/cu/2026/09/01/20260901-210030-cu004-program.mp3"],"duration_display":"0:00","duration_seconds":null,"embed_url":null,"id":13315,"image_caption":null,"image_url":"https://gdb.martinoticias.com/04370000-0aff-0242-9b67-08daa64028f2_w1200_h630.jpg","is_clip":false,"is_youtube_embed":false,"item_type":"audio","item_type_label":"Audio","language_label":"Espa\u00f1ol","media_credit":null,"micro_label":"Audio program","micro_label_kind":"audio","network_label":"OCB","network_logo_url":"/static/uploads/direct_network_logos/ocb_0888427dcb1d.svg","published_at":"2026-09-01T21:00:30","published_at_display":"1 Sep 2026, 21:00 GMT","sequence_badge_label":null,"sequence_count":null,"sequence_count_label":null,"sequence_frames":[],"sequence_kind":null,"source_name":"ocb_spanish_audio_scrape","source_name_label":"OCB Spanish Audio","source_type":"scrape","summary":"Noticiero Radio Mart\u00ed presenta los hechos que hacen noticia en Cuba y el mundo.","title":"Noticiero de Radio Mart\u00ed 5:00 PM","topic":"Radio Mart\u00ed","translation_language":"","url":"https://www.martinoticias.com/a/475696.html","video_url":null,"youtube_conversion_active":false,"youtube_conversion_error":"","youtube_conversion_status":""},{"article_body_paragraphs":[],"audio_source_url":null,"author":"Jany Gonz\u00e1lez","available_dubs":[],"downloadable_assets":["https://ocb-video-ns.akamaized.net/pangeavideo/2026/09/3/3e/3ec08f3f-80ac-4a02-7c97-08def2b1c8fe_1080p.mp4?cb=ee2292622"],"duration_display":"3:00","duration_seconds":180.0,"embed_url":null,"id":12692,"image_caption":null,"image_url":"https://gdb.martinoticias.com/3ec08f3f-80ac-4a02-7c97-08def2b1c8fe_tv_w1080_h608.jpg","is_clip":true,"is_youtube_embed":false,"item_type":"video","item_type_label":"Video","language_label":"Espa\u00f1ol","media_credit":"Jany Gonz\u00e1lez","micro_label":"Video report","micro_label_kind":"video","network_label":"OCB","network_logo_url":"/static/uploads/direct_network_logos/ocb_0888427dcb1d.svg","published_at":"2026-09-01T20:01:38","published_at_display":"1 Sep 2026, 20:01 GMT","sequence_badge_label":null,"sequence_count":null,"sequence_count_label":null,"sequence_frames":[],"sequence_kind":null,"source_name":"ocb_spanish_video_scrape","source_name_label":"OCB Spanish Video","source_type":"scrape","summary":"\u201cNo est\u00e1 preparado este pa\u00eds para que empiece el curso escolar\u201d. Madres cubanas denuncian falta de alimentos, uniformes y \u00fatiles, adem\u00e1s de apagones y jornadas reducidas. Algunas aseguran que no enviar\u00e1n a sus hijos a la escuela.","title":"Comienza el curso escolar en Cuba entre carencias y jornadas reducidas.","topic":"Info Mart\u00ed","translation_language":"","url":"https://www.martinoticias.com/a/476749.html","video_url":"https://ocb-video-ns.akamaized.net/pangeavideo/2026/09/3/3e/3ec08f3f-80ac-4a02-7c97-08def2b1c8fe_1080p.mp4?cb=ee2292622","youtube_conversion_active":false,"youtube_conversion_error":"","youtube_conversion_status":""},{"article_body_paragraphs":[],"audio_source_url":null,"author":"Jos\u00e9 L Ramos/Amado Gil","available_dubs":[],"downloadable_assets":["https://ocb-video-ns.akamaized.net/pangeavideo/2026/09/8/88/88d1fee7-efff-4ecb-bc7a-08def2b1d8dc_720p.mp4?cb=ee229238d"],"duration_display":"28:55","duration_seconds":1735.0,"embed_url":null,"id":12748,"image_caption":null,"image_url":"https://gdb.martinoticias.com/88d1fee7-efff-4ecb-bc7a-08def2b1d8dc_tv_w1080_h608.jpg","is_clip":false,"is_youtube_embed":false,"item_type":"video","item_type_label":"Video","language_label":"Espa\u00f1ol","media_credit":"Jos\u00e9 L Ramos/Amado Gil","micro_label":"Video report","micro_label_kind":"video","network_label":"OCB","network_logo_url":"/static/uploads/direct_network_logos/ocb_0888427dcb1d.svg","published_at":"2026-09-01T19:50:37","published_at_display":"1 Sep 2026, 19:50 GMT","sequence_badge_label":null,"sequence_count":null,"sequence_count_label":null,"sequence_frames":[],"sequence_kind":null,"source_name":"ocb_spanish_video_scrape","source_name_label":"OCB Spanish Video","source_type":"scrape","summary":"Amado Gil y Jos\u00e9 Luis Ramos, en Tertulia con Luz Escobar e Hildebrando Chaviano, comentan la disminuci\u00f3n de protestas en Cuba en agosto. Una investigaci\u00f3n arroja la poca importancia que el r\u00e9gimen le ha dado a la alimentaci\u00f3n, y cu\u00e1les eran las ganancias de Meli\u00e1 antes y ahora.","title":"Las noticias como son","topic":"Las Noticias Como Son, Cuba","translation_language":"","url":"https://www.martinoticias.com/a/las-noticias-como-son/476750.html","video_url":"https://ocb-video-ns.akamaized.net/pangeavideo/2026/09/8/88/88d1fee7-efff-4ecb-bc7a-08def2b1d8dc_720p.mp4?cb=ee229238d","youtube_conversion_active":false,"youtube_conversion_error":"","youtube_conversion_status":""},{"article_body_paragraphs":[],"audio_source_url":null,"author":"Ivette Pacheco","available_dubs":[],"downloadable_assets":["https://gdb.martinoticias.com/c03058f4-6912-4a15-6912-08def2ff2efe_w1600_r1_n_s.png"],"duration_display":"0:00","duration_seconds":null,"embed_url":null,"id":12508,"image_caption":"Expreso pol\u00edtico cubano Andy Garc\u00eda Lorenzo","image_url":"https://gdb.martinoticias.com/c03058f4-6912-4a15-6912-08def2ff2efe_w1600_r1_n_s.png","is_clip":false,"is_youtube_embed":false,"item_type":"article","item_type_label":"Article","language_label":"Espa\u00f1ol","media_credit":"Ivette Pacheco","micro_label":"Photo","micro_label_kind":"gallery","network_label":"OCB","network_logo_url":"/static/uploads/direct_network_logos/ocb_0888427dcb1d.svg","published_at":"2026-09-01T19:42:32","published_at_display":"1 Sep 2026, 19:42 GMT","sequence_badge_label":null,"sequence_count":null,"sequence_count_label":null,"sequence_frames":[],"sequence_kind":null,"source_name":"radiotelevisionmarti_com_rss","source_name_label":"Radiotelevisionmarti","source_type":"rss","summary":"El expreso pol\u00edtico cubano Andy Garc\u00eda Lorenzo denunci\u00f3 que agentes de la Seguridad del Estado lo amenazaron con acusarlo de espionaje si se aproxima a sedes diplom\u00e1ticas en Cuba, incluida la Embajada de Estados Unidos en La Habana. \u201cMe dijeron que, si estoy cerca de una embajada, de la que sea, por ejemplo, en las inmediaciones de la Embajada de Estados Unidos o en las inmediaciones de cualquier embajada, puedo ser acusado de espionaje\u201d, relat\u00f3 en declaraciones a Radio Mart\u00ed tras ser liberado de una detenci\u00f3n de m\u00e1s de 20 horas. El joven dijo que cuestion\u00f3 a los agentes sobre la necesidad de demostrar una acusaci\u00f3n de ese tipo, pero estos le respondieron que tambi\u00e9n podr\u00edan procesarlo por desobediencia si incumpl\u00eda las restricciones recogidas en un acta de advertencia. Garc\u00eda Lorenzo fue detenido el domingo en Santa Clara, donde reside, despu\u00e9s de tomar fotograf\u00edas en una zona en la que vecinos protestaban por los cortes de electricidad y donde se encontraba un funcionario del Ministerio del Interior. Tras su arresto, permaneci\u00f3 en la Tercera Unidad de la Polic\u00eda Nacional Revolucionaria de esa ciudad, donde le entregaron una tercera acta de advertencia y le comunicaron que sus publicaciones y denuncias en redes sociales podr\u00edan ser consideradas \u201cpropaganda enemiga\u201d. \u201cLo que uno hace normalmente a diario, que es denunciar lo que est\u00e1 mal hecho, las manifestaciones o cuando no solucionan el tema de la corriente (\u2026) ellos lo toman como propaganda enemiga\u201d, afirm\u00f3. Los agentes tambi\u00e9n le advirtieron sobre una posible acusaci\u00f3n de desobediencia si incumple alguna de las restricciones que le fueron comunicadas. \u201cLo que hacen es amenazarte o advertirte con esta tercera acta de advertencia. Claro que no lo voy a firmar\u201d, se\u00f1al\u00f3. Seg\u00fan su relato, el acta fue firmada como testigos por un polic\u00eda y un detenido, en presencia de un teniente coronel y un agente de la Seguridad del Estado. Garc\u00eda Lorenzo hab\u00eda sido excarcelado a mediados de 2025 tras cumplir una condena de cuatro a\u00f1os relacionada con su participaci\u00f3n en las protestas antigubernamentales del 11 de julio de 2021. En la etapa final, su sanci\u00f3n de privaci\u00f3n de libertad fue sustituida por trabajo correccional con internamiento. Tras completar la sanci\u00f3n, Garc\u00eda Lorenzo ha denunciado que contin\u00faa bajo vigilancia de la Seguridad del Estado.","title":"Puedo ser acusado de espionaje: R\u00e9gimen amenaza a expreso pol\u00edtico cubano","topic":null,"translation_language":"","url":"https://www.martinoticias.com/a/puedo-ser-acusado-de-espionaje-r%c3%a9gimen-amenaza-a-expreso-pol%c3%adtico-cubano/476751.html","video_url":null,"youtube_conversion_active":false,"youtube_conversion_error":"","youtube_conversion_status":""},{"article_body_paragraphs":[],"audio_source_url":null,"author":"Mart\u00ed Noticias","available_dubs":[],"downloadable_assets":["https://ocb-video-ns.akamaized.net/pangeavideo/2026/09/9/92/925a2952-e1cf-453f-b7af-6c60457b8331_1080p.mp4?cb=ee22923e5"],"duration_display":"29:14","duration_seconds":1754.0,"embed_url":null,"id":12747,"image_caption":null,"image_url":"https://gdb.martinoticias.com/925a2952-e1cf-453f-b7af-6c60457b8331_tv_w1080_h608.jpg","is_clip":false,"is_youtube_embed":false,"item_type":"video","item_type_label":"Video","language_label":"Espa\u00f1ol","media_credit":"Mart\u00ed Noticias","micro_label":"Video report","micro_label_kind":"video","network_label":"OCB","network_logo_url":"/static/uploads/direct_network_logos/ocb_0888427dcb1d.svg","published_at":"2026-09-01T19:37:58","published_at_display":"1 Sep 2026, 19:37 GMT","sequence_badge_label":null,"sequence_count":null,"sequence_count_label":null,"sequence_frames":[],"sequence_kind":null,"source_name":"ocb_spanish_video_scrape","source_name_label":"OCB Spanish Video","source_type":"scrape","summary":"Inicia el curso escolar en Cuba con falta de uniformes y d\u00e9ficit de maestros. -El Observatorio Cubano de Conflictos registra una sensible reducci\u00f3n de las protestas en Cuba durante agosto.","title":"Noticiero Mart\u00ed Noticias","topic":"Noticiero Mart\u00ed Noticias","translation_language":"","url":"https://www.martinoticias.com/a/noticiero-mart%C3%AD-noticias/476737.html","video_url":"https://ocb-video-ns.akamaized.net/pangeavideo/2026/09/9/92/925a2952-e1cf-453f-b7af-6c60457b8331_1080p.mp4?cb=ee22923e5","youtube_conversion_active":false,"youtube_conversion_error":"","youtube_conversion_status":""},{"article_body_paragraphs":[],"audio_source_url":"https://ocb-audio-ns.akamaized.net/cu/2026/09/01/04fd66b4-9515-456b-0425-08decd63a0c8.mp3","author":null,"available_dubs":[],"downloadable_assets":["https://ocb-audio-ns.akamaized.net/cu/2026/09/01/04fd66b4-9515-456b-0425-08decd63a0c8.mp3"],"duration_display":"0:00","duration_seconds":null,"embed_url":null,"id":13415,"image_caption":null,"image_url":"https://gdb.martinoticias.com/6702a027-5762-41c7-0422-08decd63a0c8_w1200_h630.jpg","is_clip":false,"is_youtube_embed":false,"item_type":"audio","item_type_label":"Audio","language_label":"Espa\u00f1ol","media_credit":null,"micro_label":"Audio program","micro_label_kind":"audio","network_label":"OCB","network_logo_url":"/static/uploads/direct_network_logos/ocb_0888427dcb1d.svg","published_at":"2026-09-01T19:25:29","published_at_display":"1 Sep 2026, 19:25 GMT","sequence_badge_label":null,"sequence_count":null,"sequence_count_label":null,"sequence_frames":[],"sequence_kind":null,"source_name":"ocb_spanish_audio_html_scrape_142","source_name_label":"OCB \u00b7 Las noticias como son","source_type":"scrape","summary":"Amado Gil y Jos\u00e9 Luis Ramos, en Tertulia con Luz Escobar e Hildebrando Chaviano, comentan la disminuci\u00f3n de protestas en Cuba en agosto. Una investigaci\u00f3n arroja la poca importancia que el r\u00e9gimen le ha dado a la alimentaci\u00f3n, y cu\u00e1les eran las ganancias de Meli\u00e1 antes y ahora.","title":"Las noticias como son","topic":"Las noticias como son","translation_language":"","url":"https://www.martinoticias.com/a/476748.html","video_url":null,"youtube_conversion_active":false,"youtube_conversion_error":"","youtube_conversion_status":""}],"next_num":6,"page":5,"pages":28,"per_page":20,"prev_num":4,"total":548}
